{"id":324328,"date":"2026-02-10T15:56:56","date_gmt":"2026-02-10T12:56:56","guid":{"rendered":"https:\/\/vof-news.eu\/sanidad-impulsa-una-ley-para-frenar-la-privatizacion-de-hospitales\/"},"modified":"2026-02-10T15:57:25","modified_gmt":"2026-02-10T12:57:25","slug":"sanidad-impulsa-una-ley-para-frenar-la-privatizacion-de-hospitales","status":"publish","type":"post","link":"https:\/\/vof-news.eu\/es\/sanidad-impulsa-una-ley-para-frenar-la-privatizacion-de-hospitales\/","title":{"rendered":"Sanidad impulsa una ley para frenar la privatizaci\u00f3n de hospitales"},"content":{"rendered":"<div>\n<p>\n        El Ministerio de Sanidad ha aprobado este martes en el Consejo de Ministros un anteproyecto de ley que sustituir\u00e1 a la norma de 1997, puesta en marcha durante el Gobierno de Jos\u00e9 Mar\u00eda Aznar, y que abri\u00f3 la puerta a la privatizaci\u00f3n sanitaria. La nueva ley busca <a href=\"https:\/\/www.eldiario.es\/sociedad\/monica-garcia-norma-frena-privatizacion-sanitaria-proteger-sistema-garras-especuladoras_1_12977703.html\" rel=\"nofollow\">poner freno a la privatizaci\u00f3n sanitaria<\/a> poniendo requisitos extra para externalizar la gesti\u00f3n de hospitales p\u00fablicos y estableciendo mecanismos extra de control.\n    <\/p>\n<p>\n        El Anteproyecto de Ley de Gesti\u00f3n P\u00fablica e Integridad del Sistema Nacional de Salud (SNS), adelantado por la Cadena Ser, incluye la obligaci\u00f3n de que las comunidades aut\u00f3nomas que quieran externalizar la gesti\u00f3n de un hospital tengan que someter ese proyecto a una evaluaci\u00f3n previa, y deber\u00e1n justificar con un informe la necesidad de esa privatizaci\u00f3n. Esa propuesta pasar\u00e1 el examen de un comit\u00e9 de expertos y t\u00e9cnicos.\n    <\/p>\n<p>\n        Con la nueva norma, la externalizaci\u00f3n sanitaria solo podr\u00e1 ponerse en marcha cuando no sea posible la prestaci\u00f3n directa, siempre que se garantice la sostenibilidad financiera y cuando se cumplan los requisitos de calidad, continuidad, accesibilidad y asequibilidad del servicio. El informe de las comunidades aut\u00f3nomas que recoja estos puntos tend\u00e1 que ser p\u00fablico.\n    <\/p>\n<p>\n        Adem\u00e1s, la norma incluye que se prioricen los conciertos con entidades sin \u00e1nimo de lucro, en lugar de con empresas que buscan hacer negocio. En la pr\u00e1ctica, la ley busca limitar el modelo de grupos como <a href=\"https:\/\/www.eldiario.es\/temas\/quironsalud\/\" rel=\"nofollow\">Quir\u00f3n<\/a> o <a href=\"https:\/\/www.eldiario.es\/temas\/ribera-salud\/\" rel=\"nofollow\">Ribera Salud<\/a>, especialidados en la gesti\u00f3n privada de hospitales p\u00fablicos.\n    <\/p>\n<p>\n        Hay otro punto clave en el anteproyecto, que ha permitido la construcci\u00f3n y privatizaci\u00f2n de multitud de hospitales especialmente en Madrid y Valecia: hasta ahora, las empresas cerraban un acuerdo global con las administraciones por el que levantaban el centro hospitalario y se quedaban con la gesti\u00f3n, a cambio de un contrato blindado que le asguraba un canon anual por parte de la comunidad aut\u00f3noma. La nueva norma impedir\u00e1 esto: no se podr\u00e1n hacer contratos que incluyan la parte de la obra del hospital y luego la gesti\u00f3n del mismo.\n    <\/p>\n<h2>\u201cVamos a proteger la sanidad de las garras especuladoras\u201d<\/h2>\n<p>\n        La ministra de Sanidad, M\u00f3nica Garc\u00eda, ha se\u00f1alado en la rueda de prensa posterior al Consejo de Ministros que en los \u00faltimos a\u00f1os \u201chemos estado escuchando y hemos asistido a casos absolutamente obscenos que no deber\u00edan formar parte de el la vida cotidiana de nuestro sistema sanitario p\u00fablico\u201d y ha descrito la ley como una respuesta a un lema: \u201cLa sanidad no se vende, la sanidad se defiende\u201d.\n    <\/p>\n<p>\n        Para ejemplificarlo, Garc\u00eda ha recordado varias declaraciones de empresarios del sector de la sanidad privada de los \u00faltimos a\u00f1os: \u201c<a href=\"https:\/\/www.eldiario.es\/politica\/ebitda-madrid-ayuso-sanidad-ribera-salud_129_12818190.html\" rel=\"nofollow\">Todos sab\u00e9is que la elasticidad de la cuenta de resultados a la lista de espera es directa<\/a>&#8216;. CEO de Ribera Salud. &#8216;Seguro que sois capaces de identificar procesos que no son contributivos, o sea, que no son rentables. Hablo de la c\u00e1pita&#8217;. CEO de Ribera Salud. &#8216;<a href=\"https:\/\/www.eldiario.es\/economia\/capio-sanidad-privada-conciertos-quironsalud_1_3843969.html\" rel=\"nofollow\">Probablemente les sorprenda, pero los ingresos del lado p\u00fablico son m\u00e1s rentables que los del lado privado<\/a>&#8216;. Consejero delegado de Fresenius, nada m\u00e1s comprar el grupo Quir\u00f3n con una plusval\u00eda de 2.600 millones que defini\u00f3 como que el fil\u00f3n estaba en las contratas y en las concesiones que ten\u00eda en concreto la Comunidad de Madrid\u201d. \u201cEsto es a lo que lo venimos a poner hoy coto\u201d, ha se\u00f1alado.\n    <\/p>\n<p>\n        La responsable de Sanidad ha dicho que se han conocido \u201caudios internos\u201d en los que responsables empresariales hablaban \u201csin tapujos\u201d de <a href=\"https:\/\/www.eldiario.es\/madrid\/ordenes-escritas-datos-lista-espera-muestran-hospital-torrejon-priorizaba-operaciones-pacientes-rentables_1_12840154.html\" rel=\"nofollow\">inflar listas de espera para tener mayor rentabilidad<\/a>, \u201cc\u00f3mo se dan citas a las cuatro de la ma\u00f1ana para hacer pruebas diagn\u00f3sticas, para hacer caja con las listas de espera\u201d o \u201c<a href=\"https:\/\/www.eldiario.es\/sociedad\/plan-ribera-salud-ahorrar-reutilizar-cateteres-derivar-pacientes-no-recuperados-operar-rentables_1_12927205.html\" rel=\"nofollow\">reutilizar material para as\u00ed poder reducir costes<\/a>, poniendo en riesgo la seguridad y la calidad de la asistencia sanitaria\u201d.\n    <\/p>\n<p>\n        M\u00f3nica Garc\u00eda tambi\u00e9n ha recordado el caso de Quir\u00f3n y c\u00f3mo \u201cha multiplicado por seis\u201d <a href=\"https:\/\/www.eldiario.es\/sociedad\/quiron-ribera-salud-lograron-captar-250-000-pacientes-sanidad-publica-madrid-gracias-libre-eleccion_1_12881020.html\" rel=\"nofollow\">el n\u00famero de pacientes que capta de la sanidad p\u00fablica en la Comunidad de Madrid<\/a> \u201cy ha multiplicado por seis tambi\u00e9n sus ingresos\u201d o c\u00f3mo \u201cen algunos territorios esta externalizaci\u00f3n de algunas de las pruebas o alguno de los procedimientos como pueden ser los cribados del c\u00e1ncer de mama han puesto en riesgo la prevenci\u00f3n y han puesto en riesgo el control precisamente en una de las funciones esenciales de nuestra sanidad\u201d, en referencia al <a href=\"https:\/\/www.eldiario.es\/andalucia\/amama-rechaza-enviar-junta-datos-afectadas-vincula-tres-muertes-fallos-cribados-cancer_1_12786468.html\" rel=\"nofollow\">caso de los cribados de c\u00e1ncer de Andaluc\u00eda<\/a>.\n    <\/p>\n<p>\n        \u201cEstos son algunos ejemplos. Me podr\u00eda estar aqu\u00ed todo el d\u00eda y toda la ma\u00f1ana. Y lo que demuestran estos ejemplos es que no son casos aislados, que es un problema estructural que se basa en un marco normativo que permite, durante demasiado tiempo ha permitido, que la gesti\u00f3n de la sanidad p\u00fablica pueda tener una una orientaci\u00f3n hacia el beneficio econ\u00f3mico, en vez de una orientaci\u00f3n hacia el cuidado de nuestra\u201d, ha concluido la ministra.\n    <\/p>\n<h2>El gasto en este tipo de centros ha subido un 84,6%<\/h2>\n<p>\n        En la \u00faltima d\u00e9cada, el n\u00famero de hospitales privados que acaban integrados en la red p\u00fablica ha subido un 36,8%, lo que implica que ya el 30,7% de los hospitales del Sistema Nacional de Salud tienen \u201cdependencia funcional privada\u201d. O lo que es lo mismo: uno de cada tres hospitales de la sanidad p\u00fablica est\u00e1 gestionado por una empresa privada. Adem\u00e1s, el gasto en este tipo de centros ha subido un 84,6% entre 2011 y 2023.\n    <\/p>\n<p>\n        Un informe elaborado por el Ministerio en diciembre se\u00f1ala que el Sistema Nacional de Salud ha pasado de tener 106 hospitales privados integrados en 2011 a 145 en 2023. \u201cLa proporci\u00f3n de camas operativas que pertenece a los centros privados dentro del SNS ha pasado del 13,7 % en 2011 al 17,8 % en 2023 y la proporci\u00f3n de quir\u00f3fanos que pertenece a estos centros ha crecido del 8% al 10,7%\u201d, apunta el documento.\n    <\/p>\n<p>\n        Adem\u00e1s de que haya empresas privadas gestionando hospitales p\u00fablicos, en muchos territorios se derivan buena parte de las pruebas y tratamientos a centros privados. En 2023, el 34,6% de las estancias hospitalarias y el 17,6 % de las altas registradas en centros de gesti\u00f3n privada que no forman parte del sistema p\u00fablico fueron financiadas con fondos p\u00fablicos.\n    <\/p>\n<\/div>\n","protected":false},"excerpt":{"rendered":"<p>El Ministerio de Sanidad ha aprobado este martes en el Consejo de Ministros un anteproyecto de ley que sustituir\u00e1 a la norma de 1997, puesta en marcha durante el Gobierno de Jos\u00e9 Mar\u00eda Aznar, y que abri\u00f3 la puerta a la privatizaci\u00f3n sanitaria. La nueva ley busca poner freno a la privatizaci\u00f3n sanitaria poniendo requisitos<\/p>\n","protected":false},"author":1,"featured_media":324321,"comment_status":"open","ping_status":"open","sticky":false,"template":"","format":"standard","meta":{"footnotes":""},"categories":[47],"tags":[],"class_list":["post-324328","post","type-post","status-publish","format-standard","has-post-thumbnail","hentry","category-interview-es"],"acf":[],"yoast_head":"<!-- This site is optimized with the Yoast SEO plugin v22.9 - https:\/\/yoast.com\/wordpress\/plugins\/seo\/ -->\n<title>Sanidad impulsa una ley para frenar la privatizaci\u00f3n de hospitales - vof-news.eu<\/title>\n<meta name=\"description\" content=\"El Ministerio de Sanidad ha aprobado este martes en el Consejo de Ministros un anteproyecto de ley que sustituir\u00e1 a la norma de 1997, puesta en marcha durante el Gobierno de Jos\u00e9 Mar\u00eda Aznar, y que abri\u00f3 la puerta a la privatizaci\u00f3n sanitaria. La nueva ley busca poner freno a la privatizaci\u00f3n sanitaria poniendo requisitos extra para externalizar la gesti\u00f3n de hospitales p\u00fablicos y estableciendo mecanismos extra de control.\" \/>\n<meta name=\"robots\" content=\"noindex, follow, max-snippet:-1, max-image-preview:large, max-video-preview:-1\" \/>\n<meta property=\"og:locale\" content=\"es_ES\" \/>\n<meta property=\"og:type\" content=\"article\" \/>\n<meta property=\"og:title\" content=\"Sanidad impulsa una ley para frenar la privatizaci\u00f3n de hospitales - vof-news.eu\" \/>\n<meta property=\"og:description\" content=\"El Ministerio de Sanidad ha aprobado este martes en el Consejo de Ministros un anteproyecto de ley que sustituir\u00e1 a la norma de 1997, puesta en marcha durante el Gobierno de Jos\u00e9 Mar\u00eda Aznar, y que abri\u00f3 la puerta a la privatizaci\u00f3n sanitaria. La nueva ley busca poner freno a la privatizaci\u00f3n sanitaria poniendo requisitos extra para externalizar la gesti\u00f3n de hospitales p\u00fablicos y estableciendo mecanismos extra de control.\" \/>\n<meta property=\"og:url\" content=\"https:\/\/vof-news.eu\/es\/sanidad-impulsa-una-ley-para-frenar-la-privatizacion-de-hospitales\/\" \/>\n<meta property=\"og:site_name\" content=\"vof-news.eu\" \/>\n<meta property=\"article:published_time\" content=\"2026-02-10T12:56:56+00:00\" \/>\n<meta property=\"article:modified_time\" content=\"2026-02-10T12:57:25+00:00\" \/>\n<meta property=\"og:image\" content=\"https:\/\/vof-news.eu\/wp-content\/uploads\/2026\/02\/a199ff40-e7d0-453e-b419-a45f01a8840c_16-9-discover-aspect-ratio_default_0_x989y355.jpg\" \/>\n\t<meta property=\"og:image:width\" content=\"1200\" \/>\n\t<meta property=\"og:image:height\" content=\"675\" \/>\n\t<meta property=\"og:image:type\" content=\"image\/jpeg\" \/>\n<meta name=\"author\" content=\"Author\" \/>\n<meta name=\"twitter:card\" content=\"summary_large_image\" \/>\n<meta name=\"twitter:label1\" content=\"Escrito por\" \/>\n\t<meta name=\"twitter:data1\" content=\"Author\" \/>\n\t<meta name=\"twitter:label2\" content=\"Tiempo de lectura\" \/>\n\t<meta name=\"twitter:data2\" content=\"5 minutos\" \/>\n<script type=\"application\/ld+json\" class=\"yoast-schema-graph\">{\"@context\":\"https:\/\/schema.org\",\"@graph\":[{\"@type\":\"WebPage\",\"@id\":\"https:\/\/vof-news.eu\/es\/sanidad-impulsa-una-ley-para-frenar-la-privatizacion-de-hospitales\/\",\"url\":\"https:\/\/vof-news.eu\/es\/sanidad-impulsa-una-ley-para-frenar-la-privatizacion-de-hospitales\/\",\"name\":\"Sanidad impulsa una ley para frenar la privatizaci\u00f3n de hospitales - vof-news.eu\",\"isPartOf\":{\"@id\":\"https:\/\/vof-news.eu\/es\/#website\"},\"primaryImageOfPage\":{\"@id\":\"https:\/\/vof-news.eu\/es\/sanidad-impulsa-una-ley-para-frenar-la-privatizacion-de-hospitales\/#primaryimage\"},\"image\":{\"@id\":\"https:\/\/vof-news.eu\/es\/sanidad-impulsa-una-ley-para-frenar-la-privatizacion-de-hospitales\/#primaryimage\"},\"thumbnailUrl\":\"https:\/\/vof-news.eu\/wp-content\/uploads\/2026\/02\/a199ff40-e7d0-453e-b419-a45f01a8840c_16-9-discover-aspect-ratio_default_0_x989y355.jpg\",\"datePublished\":\"2026-02-10T12:56:56+00:00\",\"dateModified\":\"2026-02-10T12:57:25+00:00\",\"author\":{\"@id\":\"https:\/\/vof-news.eu\/es\/#\/schema\/person\/f6a2a4309f0561835797fd8c19b333ed\"},\"description\":\"El Ministerio de Sanidad ha aprobado este martes en el Consejo de Ministros un anteproyecto de ley que sustituir\u00e1 a la norma de 1997, puesta en marcha durante el Gobierno de Jos\u00e9 Mar\u00eda Aznar, y que abri\u00f3 la puerta a la privatizaci\u00f3n sanitaria. La nueva ley busca poner freno a la privatizaci\u00f3n sanitaria poniendo requisitos extra para externalizar la gesti\u00f3n de hospitales p\u00fablicos y estableciendo mecanismos extra de control.\",\"breadcrumb\":{\"@id\":\"https:\/\/vof-news.eu\/es\/sanidad-impulsa-una-ley-para-frenar-la-privatizacion-de-hospitales\/#breadcrumb\"},\"inLanguage\":\"es\",\"potentialAction\":[{\"@type\":\"ReadAction\",\"target\":[\"https:\/\/vof-news.eu\/es\/sanidad-impulsa-una-ley-para-frenar-la-privatizacion-de-hospitales\/\"]}]},{\"@type\":\"ImageObject\",\"inLanguage\":\"es\",\"@id\":\"https:\/\/vof-news.eu\/es\/sanidad-impulsa-una-ley-para-frenar-la-privatizacion-de-hospitales\/#primaryimage\",\"url\":\"https:\/\/vof-news.eu\/wp-content\/uploads\/2026\/02\/a199ff40-e7d0-453e-b419-a45f01a8840c_16-9-discover-aspect-ratio_default_0_x989y355.jpg\",\"contentUrl\":\"https:\/\/vof-news.eu\/wp-content\/uploads\/2026\/02\/a199ff40-e7d0-453e-b419-a45f01a8840c_16-9-discover-aspect-ratio_default_0_x989y355.jpg\",\"width\":1200,\"height\":675,\"caption\":\"MADRID, 09\/12\/2025.- La ministra de Sanidad, M\u00f3nica Garc\u00eda, durante su intervenci\u00f3n en la rueda de prensa posterior a la reuni\u00f3n del Consejo de Ministros este martes en Moncloa. EFE\/ J.J.Guill\u00e9n\"},{\"@type\":\"BreadcrumbList\",\"@id\":\"https:\/\/vof-news.eu\/es\/sanidad-impulsa-una-ley-para-frenar-la-privatizacion-de-hospitales\/#breadcrumb\",\"itemListElement\":[{\"@type\":\"ListItem\",\"position\":1,\"name\":\"Home\",\"item\":\"https:\/\/vof-news.eu\/es\/\"},{\"@type\":\"ListItem\",\"position\":2,\"name\":\"Sanidad impulsa una ley para frenar la privatizaci\u00f3n de hospitales\"}]},{\"@type\":\"WebSite\",\"@id\":\"https:\/\/vof-news.eu\/es\/#website\",\"url\":\"https:\/\/vof-news.eu\/es\/\",\"name\":\"vof-news.eu\",\"description\":\"\",\"potentialAction\":[{\"@type\":\"SearchAction\",\"target\":{\"@type\":\"EntryPoint\",\"urlTemplate\":\"https:\/\/vof-news.eu\/es\/?s={search_term_string}\"},\"query-input\":\"required name=search_term_string\"}],\"inLanguage\":\"es\"},{\"@type\":\"Person\",\"@id\":\"https:\/\/vof-news.eu\/es\/#\/schema\/person\/f6a2a4309f0561835797fd8c19b333ed\",\"name\":\"Author\",\"image\":{\"@type\":\"ImageObject\",\"inLanguage\":\"es\",\"@id\":\"https:\/\/vof-news.eu\/es\/#\/schema\/person\/image\/\",\"url\":\"https:\/\/secure.gravatar.com\/avatar\/b67e614b1b25b3e9c0c239efdd2fde5ab015b5affd6f1c3c85911ca4b384e790?s=96&d=mm&r=g\",\"contentUrl\":\"https:\/\/secure.gravatar.com\/avatar\/b67e614b1b25b3e9c0c239efdd2fde5ab015b5affd6f1c3c85911ca4b384e790?s=96&d=mm&r=g\",\"caption\":\"Author\"},\"sameAs\":[\"http:\/\/vof-news.eu\"],\"url\":\"https:\/\/vof-news.eu\/es\/author\/zwt6qxnjulxbnyg\/\"}]}<\/script>\n<!-- \/ Yoast SEO plugin. -->","yoast_head_json":{"title":"Sanidad impulsa una ley para frenar la privatizaci\u00f3n de hospitales - vof-news.eu","description":"El Ministerio de Sanidad ha aprobado este martes en el Consejo de Ministros un anteproyecto de ley que sustituir\u00e1 a la norma de 1997, puesta en marcha durante el Gobierno de Jos\u00e9 Mar\u00eda Aznar, y que abri\u00f3 la puerta a la privatizaci\u00f3n sanitaria. La nueva ley busca poner freno a la privatizaci\u00f3n sanitaria poniendo requisitos extra para externalizar la gesti\u00f3n de hospitales p\u00fablicos y estableciendo mecanismos extra de control.","robots":{"index":"noindex","follow":"follow","max-snippet":"max-snippet:-1","max-image-preview":"max-image-preview:large","max-video-preview":"max-video-preview:-1"},"og_locale":"es_ES","og_type":"article","og_title":"Sanidad impulsa una ley para frenar la privatizaci\u00f3n de hospitales - vof-news.eu","og_description":"El Ministerio de Sanidad ha aprobado este martes en el Consejo de Ministros un anteproyecto de ley que sustituir\u00e1 a la norma de 1997, puesta en marcha durante el Gobierno de Jos\u00e9 Mar\u00eda Aznar, y que abri\u00f3 la puerta a la privatizaci\u00f3n sanitaria. La nueva ley busca poner freno a la privatizaci\u00f3n sanitaria poniendo requisitos extra para externalizar la gesti\u00f3n de hospitales p\u00fablicos y estableciendo mecanismos extra de control.","og_url":"https:\/\/vof-news.eu\/es\/sanidad-impulsa-una-ley-para-frenar-la-privatizacion-de-hospitales\/","og_site_name":"vof-news.eu","article_published_time":"2026-02-10T12:56:56+00:00","article_modified_time":"2026-02-10T12:57:25+00:00","og_image":[{"width":1200,"height":675,"url":"https:\/\/vof-news.eu\/wp-content\/uploads\/2026\/02\/a199ff40-e7d0-453e-b419-a45f01a8840c_16-9-discover-aspect-ratio_default_0_x989y355.jpg","type":"image\/jpeg"}],"author":"Author","twitter_card":"summary_large_image","twitter_misc":{"Escrito por":"Author","Tiempo de lectura":"5 minutos"},"schema":{"@context":"https:\/\/schema.org","@graph":[{"@type":"WebPage","@id":"https:\/\/vof-news.eu\/es\/sanidad-impulsa-una-ley-para-frenar-la-privatizacion-de-hospitales\/","url":"https:\/\/vof-news.eu\/es\/sanidad-impulsa-una-ley-para-frenar-la-privatizacion-de-hospitales\/","name":"Sanidad impulsa una ley para frenar la privatizaci\u00f3n de hospitales - vof-news.eu","isPartOf":{"@id":"https:\/\/vof-news.eu\/es\/#website"},"primaryImageOfPage":{"@id":"https:\/\/vof-news.eu\/es\/sanidad-impulsa-una-ley-para-frenar-la-privatizacion-de-hospitales\/#primaryimage"},"image":{"@id":"https:\/\/vof-news.eu\/es\/sanidad-impulsa-una-ley-para-frenar-la-privatizacion-de-hospitales\/#primaryimage"},"thumbnailUrl":"https:\/\/vof-news.eu\/wp-content\/uploads\/2026\/02\/a199ff40-e7d0-453e-b419-a45f01a8840c_16-9-discover-aspect-ratio_default_0_x989y355.jpg","datePublished":"2026-02-10T12:56:56+00:00","dateModified":"2026-02-10T12:57:25+00:00","author":{"@id":"https:\/\/vof-news.eu\/es\/#\/schema\/person\/f6a2a4309f0561835797fd8c19b333ed"},"description":"El Ministerio de Sanidad ha aprobado este martes en el Consejo de Ministros un anteproyecto de ley que sustituir\u00e1 a la norma de 1997, puesta en marcha durante el Gobierno de Jos\u00e9 Mar\u00eda Aznar, y que abri\u00f3 la puerta a la privatizaci\u00f3n sanitaria. La nueva ley busca poner freno a la privatizaci\u00f3n sanitaria poniendo requisitos extra para externalizar la gesti\u00f3n de hospitales p\u00fablicos y estableciendo mecanismos extra de control.","breadcrumb":{"@id":"https:\/\/vof-news.eu\/es\/sanidad-impulsa-una-ley-para-frenar-la-privatizacion-de-hospitales\/#breadcrumb"},"inLanguage":"es","potentialAction":[{"@type":"ReadAction","target":["https:\/\/vof-news.eu\/es\/sanidad-impulsa-una-ley-para-frenar-la-privatizacion-de-hospitales\/"]}]},{"@type":"ImageObject","inLanguage":"es","@id":"https:\/\/vof-news.eu\/es\/sanidad-impulsa-una-ley-para-frenar-la-privatizacion-de-hospitales\/#primaryimage","url":"https:\/\/vof-news.eu\/wp-content\/uploads\/2026\/02\/a199ff40-e7d0-453e-b419-a45f01a8840c_16-9-discover-aspect-ratio_default_0_x989y355.jpg","contentUrl":"https:\/\/vof-news.eu\/wp-content\/uploads\/2026\/02\/a199ff40-e7d0-453e-b419-a45f01a8840c_16-9-discover-aspect-ratio_default_0_x989y355.jpg","width":1200,"height":675,"caption":"MADRID, 09\/12\/2025.- La ministra de Sanidad, M\u00f3nica Garc\u00eda, durante su intervenci\u00f3n en la rueda de prensa posterior a la reuni\u00f3n del Consejo de Ministros este martes en Moncloa. EFE\/ J.J.Guill\u00e9n"},{"@type":"BreadcrumbList","@id":"https:\/\/vof-news.eu\/es\/sanidad-impulsa-una-ley-para-frenar-la-privatizacion-de-hospitales\/#breadcrumb","itemListElement":[{"@type":"ListItem","position":1,"name":"Home","item":"https:\/\/vof-news.eu\/es\/"},{"@type":"ListItem","position":2,"name":"Sanidad impulsa una ley para frenar la privatizaci\u00f3n de hospitales"}]},{"@type":"WebSite","@id":"https:\/\/vof-news.eu\/es\/#website","url":"https:\/\/vof-news.eu\/es\/","name":"vof-news.eu","description":"","potentialAction":[{"@type":"SearchAction","target":{"@type":"EntryPoint","urlTemplate":"https:\/\/vof-news.eu\/es\/?s={search_term_string}"},"query-input":"required name=search_term_string"}],"inLanguage":"es"},{"@type":"Person","@id":"https:\/\/vof-news.eu\/es\/#\/schema\/person\/f6a2a4309f0561835797fd8c19b333ed","name":"Author","image":{"@type":"ImageObject","inLanguage":"es","@id":"https:\/\/vof-news.eu\/es\/#\/schema\/person\/image\/","url":"https:\/\/secure.gravatar.com\/avatar\/b67e614b1b25b3e9c0c239efdd2fde5ab015b5affd6f1c3c85911ca4b384e790?s=96&d=mm&r=g","contentUrl":"https:\/\/secure.gravatar.com\/avatar\/b67e614b1b25b3e9c0c239efdd2fde5ab015b5affd6f1c3c85911ca4b384e790?s=96&d=mm&r=g","caption":"Author"},"sameAs":["http:\/\/vof-news.eu"],"url":"https:\/\/vof-news.eu\/es\/author\/zwt6qxnjulxbnyg\/"}]}},"yoast_meta":{"yoast_wpseo_title":"","yoast_wpseo_metadesc":"","yoast_wpseo_canonical":""},"_links":{"self":[{"href":"https:\/\/vof-news.eu\/es\/wp-json\/wp\/v2\/posts\/324328","targetHints":{"allow":["GET"]}}],"collection":[{"href":"https:\/\/vof-news.eu\/es\/wp-json\/wp\/v2\/posts"}],"about":[{"href":"https:\/\/vof-news.eu\/es\/wp-json\/wp\/v2\/types\/post"}],"author":[{"embeddable":true,"href":"https:\/\/vof-news.eu\/es\/wp-json\/wp\/v2\/users\/1"}],"replies":[{"embeddable":true,"href":"https:\/\/vof-news.eu\/es\/wp-json\/wp\/v2\/comments?post=324328"}],"version-history":[{"count":1,"href":"https:\/\/vof-news.eu\/es\/wp-json\/wp\/v2\/posts\/324328\/revisions"}],"predecessor-version":[{"id":324330,"href":"https:\/\/vof-news.eu\/es\/wp-json\/wp\/v2\/posts\/324328\/revisions\/324330"}],"wp:featuredmedia":[{"embeddable":true,"href":"https:\/\/vof-news.eu\/es\/wp-json\/wp\/v2\/media\/324321"}],"wp:attachment":[{"href":"https:\/\/vof-news.eu\/es\/wp-json\/wp\/v2\/media?parent=324328"}],"wp:term":[{"taxonomy":"category","embeddable":true,"href":"https:\/\/vof-news.eu\/es\/wp-json\/wp\/v2\/categories?post=324328"},{"taxonomy":"post_tag","embeddable":true,"href":"https:\/\/vof-news.eu\/es\/wp-json\/wp\/v2\/tags?post=324328"}],"curies":[{"name":"wp","href":"https:\/\/api.w.org\/{rel}","templated":true}]}}