{"id":324273,"date":"2026-02-10T11:17:32","date_gmt":"2026-02-10T08:17:32","guid":{"rendered":"https:\/\/vof-news.eu\/iu-comuns-mas-madrid-y-movimiento-sumar-celebraran-el-21-de-febrero-un-acto-de-lanzamiento-de-la-nueva-coalicion\/"},"modified":"2026-02-10T11:17:41","modified_gmt":"2026-02-10T08:17:41","slug":"iu-comuns-mas-madrid-y-movimiento-sumar-celebraran-el-21-de-febrero-un-acto-de-lanzamiento-de-la-nueva-coalicion","status":"publish","type":"post","link":"https:\/\/vof-news.eu\/es\/iu-comuns-mas-madrid-y-movimiento-sumar-celebraran-el-21-de-febrero-un-acto-de-lanzamiento-de-la-nueva-coalicion\/","title":{"rendered":"IU, Comuns, M\u00e1s Madrid y Movimiento Sumar celebrar\u00e1n el 21 de febrero un acto de lanzamiento de la nueva coalici\u00f3n"},"content":{"rendered":"<div>\n<p>\n        Izquierda Unida, Comuns, M\u00e1s Madrid y Movimiento Sumar, los partidos que ahora integran la coalici\u00f3n Sumar en el Gobierno, han convocado un acto el pr\u00f3ximo 21 de febrero para el lanzamiento de la nueva coalici\u00f3n de cara a las elecciones generales.\n    <\/p>\n<p>\n        \u201cEl pr\u00f3ximo d\u00eda 21 de febrero en el C\u00edrculo de Bellas Artes De Madrid, Comuns, M\u00e1s Madrid, Movimiento Sumar e Izquierda Unida iniciaremos p\u00fablicamente el proceso para construir una alianza com\u00fan, compartida y abierta de cara a las pr\u00f3ximas elecciones generales. Queremos construir un espacio s\u00f3lido y confiable a lo largo del tiempo que permita a las izquierdas transformadoras y plurinacionales del Estado encontrarse\u201d, han trasladado fuentes de los cuatro partidos.\n    <\/p>\n<p>\n        Y a\u00f1aden: \u201cNuestra voluntad es fortalecer la alianza que ya hemos desarrollado en estos a\u00f1os de gobierno. Aprender de los errores y potenciar los aciertos. Partiendo del reconocimiento de las diferencias, pero trabajando fraternalmente por un horizonte com\u00fan que, por supuesto, queremos abrir al conjunto de fuerzas pol\u00edticas y sociales que est\u00e1n hoy preocupadas por el futuro de nuestro pa\u00eds y que, sobre todo, quieren seguir conquistando derechos y llevando lo m\u00e1s lejos posible pol\u00edticas que mejoren la vida de la mayor\u00eda\u201d.\n    <\/p>\n<p>\n        Los partidos aseguran que llevan trabajando \u201ccon discreci\u00f3n\u201d desde hace varios meses, con un \u00f3rgano de \u201ccoordinaci\u00f3n pol\u00edtica\u201d y grupos de trabajo \u201ccon el objetivo de avanzar en una propuesta conjunta\u201d. El 21 de febrero ser\u00e1 \u201cel primer paso p\u00fablico\u201d con un acto conjunto, explican esas fuentes \u201cque ser\u00e1 a la vez una puesta de largo, una invitaci\u00f3n y una llamada\u201d. E\u201cs el momento de la apertura, de la generosidad, de la pluralidad, del acuerdo y de la fuerza compartida. Es el principio, es el primer paso. Vamos a ir mucho m\u00e1s all\u00e1\u201d, sostienen.\n    <\/p>\n<\/div>\n","protected":false},"excerpt":{"rendered":"<p>Izquierda Unida, Comuns, M\u00e1s Madrid y Movimiento Sumar, los partidos que ahora integran la coalici\u00f3n Sumar en el Gobierno, han convocado un acto el pr\u00f3ximo 21 de febrero para el lanzamiento de la nueva coalici\u00f3n de cara a las elecciones generales. \u201cEl pr\u00f3ximo d\u00eda 21 de febrero en el C\u00edrculo de Bellas Artes De Madrid,<\/p>\n","protected":false},"author":1,"featured_media":324267,"comment_status":"open","ping_status":"open","sticky":false,"template":"","format":"standard","meta":{"footnotes":""},"categories":[47],"tags":[],"class_list":["post-324273","post","type-post","status-publish","format-standard","has-post-thumbnail","hentry","category-interview-es"],"acf":[],"yoast_head":"<!-- This site is optimized with the Yoast SEO plugin v22.9 - https:\/\/yoast.com\/wordpress\/plugins\/seo\/ -->\n<title>IU, Comuns, M\u00e1s Madrid y Movimiento Sumar celebrar\u00e1n el 21 de febrero un acto de lanzamiento de la nueva coalici\u00f3n - vof-news.eu<\/title>\n<meta name=\"description\" content=\"Izquierda Unida, Comuns, M\u00e1s Madrid y Movimiento Sumar, los partidos que ahora integran la coalici\u00f3n Sumar en el Gobierno, han convocado un acto el pr\u00f3ximo 21 de febrero para el lanzamiento de la nueva coalici\u00f3n de cara a las elecciones generales.\" \/>\n<meta name=\"robots\" content=\"noindex, follow, max-snippet:-1, max-image-preview:large, max-video-preview:-1\" \/>\n<meta property=\"og:locale\" content=\"es_ES\" \/>\n<meta property=\"og:type\" content=\"article\" \/>\n<meta property=\"og:title\" content=\"IU, Comuns, M\u00e1s Madrid y Movimiento Sumar celebrar\u00e1n el 21 de febrero un acto de lanzamiento de la nueva coalici\u00f3n - vof-news.eu\" \/>\n<meta property=\"og:description\" content=\"Izquierda Unida, Comuns, M\u00e1s Madrid y Movimiento Sumar, los partidos que ahora integran la coalici\u00f3n Sumar en el Gobierno, han convocado un acto el pr\u00f3ximo 21 de febrero para el lanzamiento de la nueva coalici\u00f3n de cara a las elecciones generales.\" \/>\n<meta property=\"og:url\" content=\"https:\/\/vof-news.eu\/es\/iu-comuns-mas-madrid-y-movimiento-sumar-celebraran-el-21-de-febrero-un-acto-de-lanzamiento-de-la-nueva-coalicion\/\" \/>\n<meta property=\"og:site_name\" content=\"vof-news.eu\" \/>\n<meta property=\"article:published_time\" content=\"2026-02-10T08:17:32+00:00\" \/>\n<meta property=\"article:modified_time\" content=\"2026-02-10T08:17:41+00:00\" \/>\n<meta property=\"og:image\" content=\"https:\/\/vof-news.eu\/wp-content\/uploads\/2026\/02\/75c1d354-e1c5-4330-9a1a-df0f783ba79e_16-9-discover-aspect-ratio_default_0.jpg\" \/>\n\t<meta property=\"og:image:width\" content=\"1200\" \/>\n\t<meta property=\"og:image:height\" content=\"675\" \/>\n\t<meta property=\"og:image:type\" content=\"image\/jpeg\" \/>\n<meta name=\"author\" content=\"Author\" \/>\n<meta name=\"twitter:card\" content=\"summary_large_image\" \/>\n<meta name=\"twitter:label1\" content=\"Escrito por\" \/>\n\t<meta name=\"twitter:data1\" content=\"Author\" \/>\n\t<meta name=\"twitter:label2\" content=\"Tiempo de lectura\" \/>\n\t<meta name=\"twitter:data2\" content=\"2 minutos\" \/>\n<script type=\"application\/ld+json\" class=\"yoast-schema-graph\">{\"@context\":\"https:\/\/schema.org\",\"@graph\":[{\"@type\":\"WebPage\",\"@id\":\"https:\/\/vof-news.eu\/es\/iu-comuns-mas-madrid-y-movimiento-sumar-celebraran-el-21-de-febrero-un-acto-de-lanzamiento-de-la-nueva-coalicion\/\",\"url\":\"https:\/\/vof-news.eu\/es\/iu-comuns-mas-madrid-y-movimiento-sumar-celebraran-el-21-de-febrero-un-acto-de-lanzamiento-de-la-nueva-coalicion\/\",\"name\":\"IU, Comuns, M\u00e1s Madrid y Movimiento Sumar celebrar\u00e1n el 21 de febrero un acto de lanzamiento de la nueva coalici\u00f3n - vof-news.eu\",\"isPartOf\":{\"@id\":\"https:\/\/vof-news.eu\/es\/#website\"},\"primaryImageOfPage\":{\"@id\":\"https:\/\/vof-news.eu\/es\/iu-comuns-mas-madrid-y-movimiento-sumar-celebraran-el-21-de-febrero-un-acto-de-lanzamiento-de-la-nueva-coalicion\/#primaryimage\"},\"image\":{\"@id\":\"https:\/\/vof-news.eu\/es\/iu-comuns-mas-madrid-y-movimiento-sumar-celebraran-el-21-de-febrero-un-acto-de-lanzamiento-de-la-nueva-coalicion\/#primaryimage\"},\"thumbnailUrl\":\"https:\/\/vof-news.eu\/wp-content\/uploads\/2026\/02\/75c1d354-e1c5-4330-9a1a-df0f783ba79e_16-9-discover-aspect-ratio_default_0.jpg\",\"datePublished\":\"2026-02-10T08:17:32+00:00\",\"dateModified\":\"2026-02-10T08:17:41+00:00\",\"author\":{\"@id\":\"https:\/\/vof-news.eu\/es\/#\/schema\/person\/f6a2a4309f0561835797fd8c19b333ed\"},\"description\":\"Izquierda Unida, Comuns, M\u00e1s Madrid y Movimiento Sumar, los partidos que ahora integran la coalici\u00f3n Sumar en el Gobierno, han convocado un acto el pr\u00f3ximo 21 de febrero para el lanzamiento de la nueva coalici\u00f3n de cara a las elecciones generales.\",\"breadcrumb\":{\"@id\":\"https:\/\/vof-news.eu\/es\/iu-comuns-mas-madrid-y-movimiento-sumar-celebraran-el-21-de-febrero-un-acto-de-lanzamiento-de-la-nueva-coalicion\/#breadcrumb\"},\"inLanguage\":\"es\",\"potentialAction\":[{\"@type\":\"ReadAction\",\"target\":[\"https:\/\/vof-news.eu\/es\/iu-comuns-mas-madrid-y-movimiento-sumar-celebraran-el-21-de-febrero-un-acto-de-lanzamiento-de-la-nueva-coalicion\/\"]}]},{\"@type\":\"ImageObject\",\"inLanguage\":\"es\",\"@id\":\"https:\/\/vof-news.eu\/es\/iu-comuns-mas-madrid-y-movimiento-sumar-celebraran-el-21-de-febrero-un-acto-de-lanzamiento-de-la-nueva-coalicion\/#primaryimage\",\"url\":\"https:\/\/vof-news.eu\/wp-content\/uploads\/2026\/02\/75c1d354-e1c5-4330-9a1a-df0f783ba79e_16-9-discover-aspect-ratio_default_0.jpg\",\"contentUrl\":\"https:\/\/vof-news.eu\/wp-content\/uploads\/2026\/02\/75c1d354-e1c5-4330-9a1a-df0f783ba79e_16-9-discover-aspect-ratio_default_0.jpg\",\"width\":1200,\"height\":675,\"caption\":\"(Foto de ARCHIVO) Cumbre de Sumar junto a ministros y diferentes portavoces que integran la coalici\u00f3n para reivindicar la reducci\u00f3n de la jornada laboral, a 17 de enero de 2025, en Madrid (Espa\u00f1a). En esta cumbre reivindican los avances que han impulsado en el Gobierno y su empuje para conseguir la reducci\u00f3n de jornada laboral este a\u00f1o. Se trata del segundo encuentro de alto nivel del espacio pol\u00edtico tras el encuentro entre los cinco ministros de Sumar, en el que se conjugaron para elevar la presi\u00f3n al PSOE para la aprobaci\u00f3n de la jornada laboral de 37,5 horas cuanto antes en el Consejo de Ministros, con vistas a su tramitaci\u00f3n por v\u00eda de urgencia en el Congreso. Alberto Ortega \/ Europa Press 17 ENERO 2025;SUMAR;CUMBRE;MINISTROS;PARTIDOS;COALICI\u00d3N;REIVINDICAR;REDUCCI\u00d3N;JORNADA 17\/1\/2025\"},{\"@type\":\"BreadcrumbList\",\"@id\":\"https:\/\/vof-news.eu\/es\/iu-comuns-mas-madrid-y-movimiento-sumar-celebraran-el-21-de-febrero-un-acto-de-lanzamiento-de-la-nueva-coalicion\/#breadcrumb\",\"itemListElement\":[{\"@type\":\"ListItem\",\"position\":1,\"name\":\"Home\",\"item\":\"https:\/\/vof-news.eu\/es\/\"},{\"@type\":\"ListItem\",\"position\":2,\"name\":\"IU, Comuns, M\u00e1s Madrid y Movimiento Sumar celebrar\u00e1n el 21 de febrero un acto de lanzamiento de la nueva coalici\u00f3n\"}]},{\"@type\":\"WebSite\",\"@id\":\"https:\/\/vof-news.eu\/es\/#website\",\"url\":\"https:\/\/vof-news.eu\/es\/\",\"name\":\"vof-news.eu\",\"description\":\"\",\"potentialAction\":[{\"@type\":\"SearchAction\",\"target\":{\"@type\":\"EntryPoint\",\"urlTemplate\":\"https:\/\/vof-news.eu\/es\/?s={search_term_string}\"},\"query-input\":\"required name=search_term_string\"}],\"inLanguage\":\"es\"},{\"@type\":\"Person\",\"@id\":\"https:\/\/vof-news.eu\/es\/#\/schema\/person\/f6a2a4309f0561835797fd8c19b333ed\",\"name\":\"Author\",\"image\":{\"@type\":\"ImageObject\",\"inLanguage\":\"es\",\"@id\":\"https:\/\/vof-news.eu\/es\/#\/schema\/person\/image\/\",\"url\":\"https:\/\/secure.gravatar.com\/avatar\/b67e614b1b25b3e9c0c239efdd2fde5ab015b5affd6f1c3c85911ca4b384e790?s=96&d=mm&r=g\",\"contentUrl\":\"https:\/\/secure.gravatar.com\/avatar\/b67e614b1b25b3e9c0c239efdd2fde5ab015b5affd6f1c3c85911ca4b384e790?s=96&d=mm&r=g\",\"caption\":\"Author\"},\"sameAs\":[\"http:\/\/vof-news.eu\"],\"url\":\"https:\/\/vof-news.eu\/es\/author\/zwt6qxnjulxbnyg\/\"}]}<\/script>\n<!-- \/ Yoast SEO plugin. -->","yoast_head_json":{"title":"IU, Comuns, M\u00e1s Madrid y Movimiento Sumar celebrar\u00e1n el 21 de febrero un acto de lanzamiento de la nueva coalici\u00f3n - vof-news.eu","description":"Izquierda Unida, Comuns, M\u00e1s Madrid y Movimiento Sumar, los partidos que ahora integran la coalici\u00f3n Sumar en el Gobierno, han convocado un acto el pr\u00f3ximo 21 de febrero para el lanzamiento de la nueva coalici\u00f3n de cara a las elecciones generales.","robots":{"index":"noindex","follow":"follow","max-snippet":"max-snippet:-1","max-image-preview":"max-image-preview:large","max-video-preview":"max-video-preview:-1"},"og_locale":"es_ES","og_type":"article","og_title":"IU, Comuns, M\u00e1s Madrid y Movimiento Sumar celebrar\u00e1n el 21 de febrero un acto de lanzamiento de la nueva coalici\u00f3n - vof-news.eu","og_description":"Izquierda Unida, Comuns, M\u00e1s Madrid y Movimiento Sumar, los partidos que ahora integran la coalici\u00f3n Sumar en el Gobierno, han convocado un acto el pr\u00f3ximo 21 de febrero para el lanzamiento de la nueva coalici\u00f3n de cara a las elecciones generales.","og_url":"https:\/\/vof-news.eu\/es\/iu-comuns-mas-madrid-y-movimiento-sumar-celebraran-el-21-de-febrero-un-acto-de-lanzamiento-de-la-nueva-coalicion\/","og_site_name":"vof-news.eu","article_published_time":"2026-02-10T08:17:32+00:00","article_modified_time":"2026-02-10T08:17:41+00:00","og_image":[{"width":1200,"height":675,"url":"https:\/\/vof-news.eu\/wp-content\/uploads\/2026\/02\/75c1d354-e1c5-4330-9a1a-df0f783ba79e_16-9-discover-aspect-ratio_default_0.jpg","type":"image\/jpeg"}],"author":"Author","twitter_card":"summary_large_image","twitter_misc":{"Escrito por":"Author","Tiempo de lectura":"2 minutos"},"schema":{"@context":"https:\/\/schema.org","@graph":[{"@type":"WebPage","@id":"https:\/\/vof-news.eu\/es\/iu-comuns-mas-madrid-y-movimiento-sumar-celebraran-el-21-de-febrero-un-acto-de-lanzamiento-de-la-nueva-coalicion\/","url":"https:\/\/vof-news.eu\/es\/iu-comuns-mas-madrid-y-movimiento-sumar-celebraran-el-21-de-febrero-un-acto-de-lanzamiento-de-la-nueva-coalicion\/","name":"IU, Comuns, M\u00e1s Madrid y Movimiento Sumar celebrar\u00e1n el 21 de febrero un acto de lanzamiento de la nueva coalici\u00f3n - vof-news.eu","isPartOf":{"@id":"https:\/\/vof-news.eu\/es\/#website"},"primaryImageOfPage":{"@id":"https:\/\/vof-news.eu\/es\/iu-comuns-mas-madrid-y-movimiento-sumar-celebraran-el-21-de-febrero-un-acto-de-lanzamiento-de-la-nueva-coalicion\/#primaryimage"},"image":{"@id":"https:\/\/vof-news.eu\/es\/iu-comuns-mas-madrid-y-movimiento-sumar-celebraran-el-21-de-febrero-un-acto-de-lanzamiento-de-la-nueva-coalicion\/#primaryimage"},"thumbnailUrl":"https:\/\/vof-news.eu\/wp-content\/uploads\/2026\/02\/75c1d354-e1c5-4330-9a1a-df0f783ba79e_16-9-discover-aspect-ratio_default_0.jpg","datePublished":"2026-02-10T08:17:32+00:00","dateModified":"2026-02-10T08:17:41+00:00","author":{"@id":"https:\/\/vof-news.eu\/es\/#\/schema\/person\/f6a2a4309f0561835797fd8c19b333ed"},"description":"Izquierda Unida, Comuns, M\u00e1s Madrid y Movimiento Sumar, los partidos que ahora integran la coalici\u00f3n Sumar en el Gobierno, han convocado un acto el pr\u00f3ximo 21 de febrero para el lanzamiento de la nueva coalici\u00f3n de cara a las elecciones generales.","breadcrumb":{"@id":"https:\/\/vof-news.eu\/es\/iu-comuns-mas-madrid-y-movimiento-sumar-celebraran-el-21-de-febrero-un-acto-de-lanzamiento-de-la-nueva-coalicion\/#breadcrumb"},"inLanguage":"es","potentialAction":[{"@type":"ReadAction","target":["https:\/\/vof-news.eu\/es\/iu-comuns-mas-madrid-y-movimiento-sumar-celebraran-el-21-de-febrero-un-acto-de-lanzamiento-de-la-nueva-coalicion\/"]}]},{"@type":"ImageObject","inLanguage":"es","@id":"https:\/\/vof-news.eu\/es\/iu-comuns-mas-madrid-y-movimiento-sumar-celebraran-el-21-de-febrero-un-acto-de-lanzamiento-de-la-nueva-coalicion\/#primaryimage","url":"https:\/\/vof-news.eu\/wp-content\/uploads\/2026\/02\/75c1d354-e1c5-4330-9a1a-df0f783ba79e_16-9-discover-aspect-ratio_default_0.jpg","contentUrl":"https:\/\/vof-news.eu\/wp-content\/uploads\/2026\/02\/75c1d354-e1c5-4330-9a1a-df0f783ba79e_16-9-discover-aspect-ratio_default_0.jpg","width":1200,"height":675,"caption":"(Foto de ARCHIVO) Cumbre de Sumar junto a ministros y diferentes portavoces que integran la coalici\u00f3n para reivindicar la reducci\u00f3n de la jornada laboral, a 17 de enero de 2025, en Madrid (Espa\u00f1a). En esta cumbre reivindican los avances que han impulsado en el Gobierno y su empuje para conseguir la reducci\u00f3n de jornada laboral este a\u00f1o. Se trata del segundo encuentro de alto nivel del espacio pol\u00edtico tras el encuentro entre los cinco ministros de Sumar, en el que se conjugaron para elevar la presi\u00f3n al PSOE para la aprobaci\u00f3n de la jornada laboral de 37,5 horas cuanto antes en el Consejo de Ministros, con vistas a su tramitaci\u00f3n por v\u00eda de urgencia en el Congreso. Alberto Ortega \/ Europa Press 17 ENERO 2025;SUMAR;CUMBRE;MINISTROS;PARTIDOS;COALICI\u00d3N;REIVINDICAR;REDUCCI\u00d3N;JORNADA 17\/1\/2025"},{"@type":"BreadcrumbList","@id":"https:\/\/vof-news.eu\/es\/iu-comuns-mas-madrid-y-movimiento-sumar-celebraran-el-21-de-febrero-un-acto-de-lanzamiento-de-la-nueva-coalicion\/#breadcrumb","itemListElement":[{"@type":"ListItem","position":1,"name":"Home","item":"https:\/\/vof-news.eu\/es\/"},{"@type":"ListItem","position":2,"name":"IU, Comuns, M\u00e1s Madrid y Movimiento Sumar celebrar\u00e1n el 21 de febrero un acto de lanzamiento de la nueva coalici\u00f3n"}]},{"@type":"WebSite","@id":"https:\/\/vof-news.eu\/es\/#website","url":"https:\/\/vof-news.eu\/es\/","name":"vof-news.eu","description":"","potentialAction":[{"@type":"SearchAction","target":{"@type":"EntryPoint","urlTemplate":"https:\/\/vof-news.eu\/es\/?s={search_term_string}"},"query-input":"required name=search_term_string"}],"inLanguage":"es"},{"@type":"Person","@id":"https:\/\/vof-news.eu\/es\/#\/schema\/person\/f6a2a4309f0561835797fd8c19b333ed","name":"Author","image":{"@type":"ImageObject","inLanguage":"es","@id":"https:\/\/vof-news.eu\/es\/#\/schema\/person\/image\/","url":"https:\/\/secure.gravatar.com\/avatar\/b67e614b1b25b3e9c0c239efdd2fde5ab015b5affd6f1c3c85911ca4b384e790?s=96&d=mm&r=g","contentUrl":"https:\/\/secure.gravatar.com\/avatar\/b67e614b1b25b3e9c0c239efdd2fde5ab015b5affd6f1c3c85911ca4b384e790?s=96&d=mm&r=g","caption":"Author"},"sameAs":["http:\/\/vof-news.eu"],"url":"https:\/\/vof-news.eu\/es\/author\/zwt6qxnjulxbnyg\/"}]}},"yoast_meta":{"yoast_wpseo_title":"","yoast_wpseo_metadesc":"","yoast_wpseo_canonical":""},"_links":{"self":[{"href":"https:\/\/vof-news.eu\/es\/wp-json\/wp\/v2\/posts\/324273","targetHints":{"allow":["GET"]}}],"collection":[{"href":"https:\/\/vof-news.eu\/es\/wp-json\/wp\/v2\/posts"}],"about":[{"href":"https:\/\/vof-news.eu\/es\/wp-json\/wp\/v2\/types\/post"}],"author":[{"embeddable":true,"href":"https:\/\/vof-news.eu\/es\/wp-json\/wp\/v2\/users\/1"}],"replies":[{"embeddable":true,"href":"https:\/\/vof-news.eu\/es\/wp-json\/wp\/v2\/comments?post=324273"}],"version-history":[{"count":1,"href":"https:\/\/vof-news.eu\/es\/wp-json\/wp\/v2\/posts\/324273\/revisions"}],"predecessor-version":[{"id":324274,"href":"https:\/\/vof-news.eu\/es\/wp-json\/wp\/v2\/posts\/324273\/revisions\/324274"}],"wp:featuredmedia":[{"embeddable":true,"href":"https:\/\/vof-news.eu\/es\/wp-json\/wp\/v2\/media\/324267"}],"wp:attachment":[{"href":"https:\/\/vof-news.eu\/es\/wp-json\/wp\/v2\/media?parent=324273"}],"wp:term":[{"taxonomy":"category","embeddable":true,"href":"https:\/\/vof-news.eu\/es\/wp-json\/wp\/v2\/categories?post=324273"},{"taxonomy":"post_tag","embeddable":true,"href":"https:\/\/vof-news.eu\/es\/wp-json\/wp\/v2\/tags?post=324273"}],"curies":[{"name":"wp","href":"https:\/\/api.w.org\/{rel}","templated":true}]}}