{"id":323869,"date":"2026-02-08T20:32:23","date_gmt":"2026-02-08T17:32:23","guid":{"rendered":"https:\/\/vof-news.eu\/mapa-consulta-los-datos-de-participacion-en-aragon-a-las-18-00-horas-municipio-a-municipio\/"},"modified":"2026-02-08T20:32:41","modified_gmt":"2026-02-08T17:32:41","slug":"mapa-consulta-los-datos-de-participacion-en-aragon-a-las-18-00-horas-municipio-a-municipio","status":"publish","type":"post","link":"https:\/\/vof-news.eu\/es\/mapa-consulta-los-datos-de-participacion-en-aragon-a-las-18-00-horas-municipio-a-municipio\/","title":{"rendered":"MAPA | Consulta los datos de participaci\u00f3n en Arag\u00f3n a las 18.00 horas, municipio a municipio"},"content":{"rendered":"<div>\n<p>\n<a href=\"https:\/\/www.eldiario.es\/aragon\/participacion-elecciones-aragon-sube-56-3-18-00-horas-punto-medio-2023_1_12973191.html\" rel=\"nofollow\">La participaci\u00f3n en las elecciones de Arag\u00f3n<\/a> para las 18.00 ha subido m\u00e1s de un punto respecto a lo que se registr\u00f3 a la misma hora en 2023: el porcentaje ha aumentado hasta el 56,34%. En el anterior avance de las 14.00, este dato se manten\u00eda pr\u00e1cticamente igual a los anteriores comicios.\n    <\/p>\n<p>\n        Por provincias, la \u00fanica que registra un aumento de la participaci\u00f3n es Zaragoza.\n    <\/p>\n<p>\n        Mientras que en Zaragoza el porcentaje de participaci\u00f3n ha aumentado en casi tres puntos hasta el 57,13%, en Huesca hay un ligero descenso con un 52,84% de participaci\u00f3n, y en Teruel se ha registrado el mayor descenso, de hasta un 55,47%.\n    <\/p>\n<\/div>\n","protected":false},"excerpt":{"rendered":"<p>La participaci\u00f3n en las elecciones de Arag\u00f3n para las 18.00 ha subido m\u00e1s de un punto respecto a lo que se registr\u00f3 a la misma hora en 2023: el porcentaje ha aumentado hasta el 56,34%. En el anterior avance de las 14.00, este dato se manten\u00eda pr\u00e1cticamente igual a los anteriores comicios. Por provincias, la<\/p>\n","protected":false},"author":1,"featured_media":0,"comment_status":"open","ping_status":"open","sticky":false,"template":"","format":"standard","meta":{"footnotes":""},"categories":[47],"tags":[],"class_list":["post-323869","post","type-post","status-publish","format-standard","hentry","category-interview-es"],"acf":[],"yoast_head":"<!-- This site is optimized with the Yoast SEO plugin v22.9 - https:\/\/yoast.com\/wordpress\/plugins\/seo\/ -->\n<title>MAPA | Consulta los datos de participaci\u00f3n en Arag\u00f3n a las 18.00 horas, municipio a municipio - vof-news.eu<\/title>\n<meta name=\"description\" content=\"La participaci\u00f3n en las elecciones de Arag\u00f3n para las 18.00 ha subido m\u00e1s de un punto respecto a lo que se registr\u00f3 a la misma hora en 2023: el porcentaje ha aumentado hasta el 56,34%. En el anterior avance de las 14.00, este dato se manten\u00eda pr\u00e1cticamente igual a los anteriores comicios.\" \/>\n<meta name=\"robots\" content=\"noindex, follow, max-snippet:-1, max-image-preview:large, max-video-preview:-1\" \/>\n<meta property=\"og:locale\" content=\"es_ES\" \/>\n<meta property=\"og:type\" content=\"article\" \/>\n<meta property=\"og:title\" content=\"MAPA | Consulta los datos de participaci\u00f3n en Arag\u00f3n a las 18.00 horas, municipio a municipio - vof-news.eu\" \/>\n<meta property=\"og:description\" content=\"La participaci\u00f3n en las elecciones de Arag\u00f3n para las 18.00 ha subido m\u00e1s de un punto respecto a lo que se registr\u00f3 a la misma hora en 2023: el porcentaje ha aumentado hasta el 56,34%. En el anterior avance de las 14.00, este dato se manten\u00eda pr\u00e1cticamente igual a los anteriores comicios.\" \/>\n<meta property=\"og:url\" content=\"https:\/\/vof-news.eu\/es\/mapa-consulta-los-datos-de-participacion-en-aragon-a-las-18-00-horas-municipio-a-municipio\/\" \/>\n<meta property=\"og:site_name\" content=\"vof-news.eu\" \/>\n<meta property=\"article:published_time\" content=\"2026-02-08T17:32:23+00:00\" \/>\n<meta property=\"article:modified_time\" content=\"2026-02-08T17:32:41+00:00\" \/>\n<meta name=\"author\" content=\"Author\" \/>\n<meta name=\"twitter:card\" content=\"summary_large_image\" \/>\n<meta name=\"twitter:label1\" content=\"Escrito por\" \/>\n\t<meta name=\"twitter:data1\" content=\"Author\" \/>\n\t<meta name=\"twitter:label2\" content=\"Tiempo de lectura\" \/>\n\t<meta name=\"twitter:data2\" content=\"1 minuto\" \/>\n<script type=\"application\/ld+json\" class=\"yoast-schema-graph\">{\"@context\":\"https:\/\/schema.org\",\"@graph\":[{\"@type\":\"WebPage\",\"@id\":\"https:\/\/vof-news.eu\/es\/mapa-consulta-los-datos-de-participacion-en-aragon-a-las-18-00-horas-municipio-a-municipio\/\",\"url\":\"https:\/\/vof-news.eu\/es\/mapa-consulta-los-datos-de-participacion-en-aragon-a-las-18-00-horas-municipio-a-municipio\/\",\"name\":\"MAPA | Consulta los datos de participaci\u00f3n en Arag\u00f3n a las 18.00 horas, municipio a municipio - vof-news.eu\",\"isPartOf\":{\"@id\":\"https:\/\/vof-news.eu\/es\/#website\"},\"datePublished\":\"2026-02-08T17:32:23+00:00\",\"dateModified\":\"2026-02-08T17:32:41+00:00\",\"author\":{\"@id\":\"https:\/\/vof-news.eu\/es\/#\/schema\/person\/f6a2a4309f0561835797fd8c19b333ed\"},\"description\":\"La participaci\u00f3n en las elecciones de Arag\u00f3n para las 18.00 ha subido m\u00e1s de un punto respecto a lo que se registr\u00f3 a la misma hora en 2023: el porcentaje ha aumentado hasta el 56,34%. En el anterior avance de las 14.00, este dato se manten\u00eda pr\u00e1cticamente igual a los anteriores comicios.\",\"breadcrumb\":{\"@id\":\"https:\/\/vof-news.eu\/es\/mapa-consulta-los-datos-de-participacion-en-aragon-a-las-18-00-horas-municipio-a-municipio\/#breadcrumb\"},\"inLanguage\":\"es\",\"potentialAction\":[{\"@type\":\"ReadAction\",\"target\":[\"https:\/\/vof-news.eu\/es\/mapa-consulta-los-datos-de-participacion-en-aragon-a-las-18-00-horas-municipio-a-municipio\/\"]}]},{\"@type\":\"BreadcrumbList\",\"@id\":\"https:\/\/vof-news.eu\/es\/mapa-consulta-los-datos-de-participacion-en-aragon-a-las-18-00-horas-municipio-a-municipio\/#breadcrumb\",\"itemListElement\":[{\"@type\":\"ListItem\",\"position\":1,\"name\":\"Home\",\"item\":\"https:\/\/vof-news.eu\/es\/\"},{\"@type\":\"ListItem\",\"position\":2,\"name\":\"MAPA | Consulta los datos de participaci\u00f3n en Arag\u00f3n a las 18.00 horas, municipio a municipio\"}]},{\"@type\":\"WebSite\",\"@id\":\"https:\/\/vof-news.eu\/es\/#website\",\"url\":\"https:\/\/vof-news.eu\/es\/\",\"name\":\"vof-news.eu\",\"description\":\"\",\"potentialAction\":[{\"@type\":\"SearchAction\",\"target\":{\"@type\":\"EntryPoint\",\"urlTemplate\":\"https:\/\/vof-news.eu\/es\/?s={search_term_string}\"},\"query-input\":\"required name=search_term_string\"}],\"inLanguage\":\"es\"},{\"@type\":\"Person\",\"@id\":\"https:\/\/vof-news.eu\/es\/#\/schema\/person\/f6a2a4309f0561835797fd8c19b333ed\",\"name\":\"Author\",\"image\":{\"@type\":\"ImageObject\",\"inLanguage\":\"es\",\"@id\":\"https:\/\/vof-news.eu\/es\/#\/schema\/person\/image\/\",\"url\":\"https:\/\/secure.gravatar.com\/avatar\/b67e614b1b25b3e9c0c239efdd2fde5ab015b5affd6f1c3c85911ca4b384e790?s=96&d=mm&r=g\",\"contentUrl\":\"https:\/\/secure.gravatar.com\/avatar\/b67e614b1b25b3e9c0c239efdd2fde5ab015b5affd6f1c3c85911ca4b384e790?s=96&d=mm&r=g\",\"caption\":\"Author\"},\"sameAs\":[\"http:\/\/vof-news.eu\"],\"url\":\"https:\/\/vof-news.eu\/es\/author\/zwt6qxnjulxbnyg\/\"}]}<\/script>\n<!-- \/ Yoast SEO plugin. -->","yoast_head_json":{"title":"MAPA | Consulta los datos de participaci\u00f3n en Arag\u00f3n a las 18.00 horas, municipio a municipio - vof-news.eu","description":"La participaci\u00f3n en las elecciones de Arag\u00f3n para las 18.00 ha subido m\u00e1s de un punto respecto a lo que se registr\u00f3 a la misma hora en 2023: el porcentaje ha aumentado hasta el 56,34%. En el anterior avance de las 14.00, este dato se manten\u00eda pr\u00e1cticamente igual a los anteriores comicios.","robots":{"index":"noindex","follow":"follow","max-snippet":"max-snippet:-1","max-image-preview":"max-image-preview:large","max-video-preview":"max-video-preview:-1"},"og_locale":"es_ES","og_type":"article","og_title":"MAPA | Consulta los datos de participaci\u00f3n en Arag\u00f3n a las 18.00 horas, municipio a municipio - vof-news.eu","og_description":"La participaci\u00f3n en las elecciones de Arag\u00f3n para las 18.00 ha subido m\u00e1s de un punto respecto a lo que se registr\u00f3 a la misma hora en 2023: el porcentaje ha aumentado hasta el 56,34%. En el anterior avance de las 14.00, este dato se manten\u00eda pr\u00e1cticamente igual a los anteriores comicios.","og_url":"https:\/\/vof-news.eu\/es\/mapa-consulta-los-datos-de-participacion-en-aragon-a-las-18-00-horas-municipio-a-municipio\/","og_site_name":"vof-news.eu","article_published_time":"2026-02-08T17:32:23+00:00","article_modified_time":"2026-02-08T17:32:41+00:00","author":"Author","twitter_card":"summary_large_image","twitter_misc":{"Escrito por":"Author","Tiempo de lectura":"1 minuto"},"schema":{"@context":"https:\/\/schema.org","@graph":[{"@type":"WebPage","@id":"https:\/\/vof-news.eu\/es\/mapa-consulta-los-datos-de-participacion-en-aragon-a-las-18-00-horas-municipio-a-municipio\/","url":"https:\/\/vof-news.eu\/es\/mapa-consulta-los-datos-de-participacion-en-aragon-a-las-18-00-horas-municipio-a-municipio\/","name":"MAPA | Consulta los datos de participaci\u00f3n en Arag\u00f3n a las 18.00 horas, municipio a municipio - vof-news.eu","isPartOf":{"@id":"https:\/\/vof-news.eu\/es\/#website"},"datePublished":"2026-02-08T17:32:23+00:00","dateModified":"2026-02-08T17:32:41+00:00","author":{"@id":"https:\/\/vof-news.eu\/es\/#\/schema\/person\/f6a2a4309f0561835797fd8c19b333ed"},"description":"La participaci\u00f3n en las elecciones de Arag\u00f3n para las 18.00 ha subido m\u00e1s de un punto respecto a lo que se registr\u00f3 a la misma hora en 2023: el porcentaje ha aumentado hasta el 56,34%. En el anterior avance de las 14.00, este dato se manten\u00eda pr\u00e1cticamente igual a los anteriores comicios.","breadcrumb":{"@id":"https:\/\/vof-news.eu\/es\/mapa-consulta-los-datos-de-participacion-en-aragon-a-las-18-00-horas-municipio-a-municipio\/#breadcrumb"},"inLanguage":"es","potentialAction":[{"@type":"ReadAction","target":["https:\/\/vof-news.eu\/es\/mapa-consulta-los-datos-de-participacion-en-aragon-a-las-18-00-horas-municipio-a-municipio\/"]}]},{"@type":"BreadcrumbList","@id":"https:\/\/vof-news.eu\/es\/mapa-consulta-los-datos-de-participacion-en-aragon-a-las-18-00-horas-municipio-a-municipio\/#breadcrumb","itemListElement":[{"@type":"ListItem","position":1,"name":"Home","item":"https:\/\/vof-news.eu\/es\/"},{"@type":"ListItem","position":2,"name":"MAPA | Consulta los datos de participaci\u00f3n en Arag\u00f3n a las 18.00 horas, municipio a municipio"}]},{"@type":"WebSite","@id":"https:\/\/vof-news.eu\/es\/#website","url":"https:\/\/vof-news.eu\/es\/","name":"vof-news.eu","description":"","potentialAction":[{"@type":"SearchAction","target":{"@type":"EntryPoint","urlTemplate":"https:\/\/vof-news.eu\/es\/?s={search_term_string}"},"query-input":"required name=search_term_string"}],"inLanguage":"es"},{"@type":"Person","@id":"https:\/\/vof-news.eu\/es\/#\/schema\/person\/f6a2a4309f0561835797fd8c19b333ed","name":"Author","image":{"@type":"ImageObject","inLanguage":"es","@id":"https:\/\/vof-news.eu\/es\/#\/schema\/person\/image\/","url":"https:\/\/secure.gravatar.com\/avatar\/b67e614b1b25b3e9c0c239efdd2fde5ab015b5affd6f1c3c85911ca4b384e790?s=96&d=mm&r=g","contentUrl":"https:\/\/secure.gravatar.com\/avatar\/b67e614b1b25b3e9c0c239efdd2fde5ab015b5affd6f1c3c85911ca4b384e790?s=96&d=mm&r=g","caption":"Author"},"sameAs":["http:\/\/vof-news.eu"],"url":"https:\/\/vof-news.eu\/es\/author\/zwt6qxnjulxbnyg\/"}]}},"yoast_meta":{"yoast_wpseo_title":"","yoast_wpseo_metadesc":"","yoast_wpseo_canonical":""},"_links":{"self":[{"href":"https:\/\/vof-news.eu\/es\/wp-json\/wp\/v2\/posts\/323869","targetHints":{"allow":["GET"]}}],"collection":[{"href":"https:\/\/vof-news.eu\/es\/wp-json\/wp\/v2\/posts"}],"about":[{"href":"https:\/\/vof-news.eu\/es\/wp-json\/wp\/v2\/types\/post"}],"author":[{"embeddable":true,"href":"https:\/\/vof-news.eu\/es\/wp-json\/wp\/v2\/users\/1"}],"replies":[{"embeddable":true,"href":"https:\/\/vof-news.eu\/es\/wp-json\/wp\/v2\/comments?post=323869"}],"version-history":[{"count":1,"href":"https:\/\/vof-news.eu\/es\/wp-json\/wp\/v2\/posts\/323869\/revisions"}],"predecessor-version":[{"id":323877,"href":"https:\/\/vof-news.eu\/es\/wp-json\/wp\/v2\/posts\/323869\/revisions\/323877"}],"wp:attachment":[{"href":"https:\/\/vof-news.eu\/es\/wp-json\/wp\/v2\/media?parent=323869"}],"wp:term":[{"taxonomy":"category","embeddable":true,"href":"https:\/\/vof-news.eu\/es\/wp-json\/wp\/v2\/categories?post=323869"},{"taxonomy":"post_tag","embeddable":true,"href":"https:\/\/vof-news.eu\/es\/wp-json\/wp\/v2\/tags?post=323869"}],"curies":[{"name":"wp","href":"https:\/\/api.w.org\/{rel}","templated":true}]}}