{"id":323836,"date":"2026-02-08T16:27:18","date_gmt":"2026-02-08T13:27:18","guid":{"rendered":"https:\/\/vof-news.eu\/elecciones-aragon-2026-en-directo-la-participacion-en-las-elecciones-de-aragon-se-situa-en-un-409-a-las-1400-horas-practicamente-igual-que-la-de-2023\/"},"modified":"2026-02-08T16:27:22","modified_gmt":"2026-02-08T13:27:22","slug":"elecciones-aragon-2026-en-directo-la-participacion-en-las-elecciones-de-aragon-se-situa-en-un-409-a-las-1400-horas-practicamente-igual-que-la-de-2023","status":"publish","type":"post","link":"https:\/\/vof-news.eu\/es\/elecciones-aragon-2026-en-directo-la-participacion-en-las-elecciones-de-aragon-se-situa-en-un-409-a-las-1400-horas-practicamente-igual-que-la-de-2023\/","title":{"rendered":"Elecciones Arag\u00f3n 2026, en directo:\u00a0La participaci\u00f3n en las Elecciones de Arag\u00f3n se sit\u00faa en un 40,9% a las 14:00 horas, practicamente igual que la de 2023"},"content":{"rendered":"<div>\n<p>Ya est\u00e1n aqu\u00ed las <strong>Elecciones de Arag\u00f3n 2026<\/strong>. Los aragoneses est\u00e1n votando este domingo en las primeras elecciones anticipadas de su historia, convocadas despu\u00e9s de que el presidente <strong>Jorge Azc\u00f3n (PP)<\/strong> no lograra un acuerdo para aprobar los presupuestos, y tras las que, seg\u00fan las encuestas, ser\u00e1n necesarios pactos para conformar gobiernos.<\/p>\n<p>Dos a\u00f1os y medio despu\u00e9s de la \u00faltima cita electoral, 1.036.325 ciudadanos tienen derecho a <strong>votar en estos comicios<\/strong> para elegir a sus 67 representantes en el Parlamento regional, 35 por la provincia de <strong>Zaragoza<\/strong>, 18 por la de <strong>Huesca<\/strong> y 14 por la de <strong>Teruel<\/strong>.<\/p>\n<p>En la actualidad hay ocho fuerzas con representaci\u00f3n en las Cortes de Arag\u00f3n. Sus candidatos son <strong>Jorge Azc\u00f3n (PP)<\/strong>, la exministra de <strong>Pilar Alegr\u00eda (PSOE)<\/strong>, Alejandro Nolasco (Vox), Jorge Pueyo (CHA), Tom\u00e1s Guitarte (Arag\u00f3n-Teruel Existe), Mar\u00eda Goikoetxea (Podemos), Marta Abengochea (IU-Movimiento Sumar) y Alberto Izquierdo (PAR). Alegr\u00eda, Pueyo, Goikoetxea y Abengochea se estrenan como candidatos.<\/p>\n<\/div>\n","protected":false},"excerpt":{"rendered":"<p>Ya est\u00e1n aqu\u00ed las Elecciones de Arag\u00f3n 2026. Los aragoneses est\u00e1n votando este domingo en las primeras elecciones anticipadas de su historia, convocadas despu\u00e9s de que el presidente Jorge Azc\u00f3n (PP) no lograra un acuerdo para aprobar los presupuestos, y tras las que, seg\u00fan las encuestas, ser\u00e1n necesarios pactos para conformar gobiernos. Dos a\u00f1os y<\/p>\n","protected":false},"author":1,"featured_media":323830,"comment_status":"open","ping_status":"open","sticky":false,"template":"","format":"standard","meta":{"footnotes":""},"categories":[47],"tags":[],"class_list":["post-323836","post","type-post","status-publish","format-standard","has-post-thumbnail","hentry","category-interview-es"],"acf":[],"yoast_head":"<!-- This site is optimized with the Yoast SEO plugin v22.9 - https:\/\/yoast.com\/wordpress\/plugins\/seo\/ -->\n<title>Elecciones Arag\u00f3n 2026, en directo:\u00a0La participaci\u00f3n en las Elecciones de Arag\u00f3n se sit\u00faa en un 40,9% a las 14:00 horas, practicamente igual que la de 2023 - vof-news.eu<\/title>\n<meta name=\"description\" content=\"Ya est\u00e1n aqu\u00ed las Elecciones de Arag\u00f3n 2026. Los aragoneses est\u00e1n votando este domingo en las primeras elecciones anticipadas de su historia, convocadas despu\u00e9s de que el presidente Jorge Azc\u00f3n (PP) no lograra un acuerdo para aprobar los presupuestos, y tras las que, seg\u00fan las encuestas, ser\u00e1n necesarios pactos para conformar gobiernos.Dos a\u00f1os y medio despu\u00e9s de la \u00faltima cita electoral, 1.036.325 ciudadanos tienen derecho a votar en estos comicios para elegir a sus 67 representantes en el Parlamento regional, 35 por la provincia de Zaragoza, 18 por la de Huesca y 14 por la de Teruel.En la actualidad hay ocho fuerzas con representaci\u00f3n en las Cortes de Arag\u00f3n. Sus candidatos son Jorge Azc\u00f3n (PP), la exministra de Pilar Alegr\u00eda (PSOE), Alejandro Nolasco (Vox), Jorge Pueyo (CHA), Tom\u00e1s Guitarte (Arag\u00f3n-Teruel Existe), Mar\u00eda Goikoetxea (Podemos), Marta Abengochea (IU-Movimiento Sumar) y Alberto Izquierdo (PAR). Alegr\u00eda, Pueyo, Goikoetxea y Abengochea se estrenan como candidatos.\" \/>\n<meta name=\"robots\" content=\"noindex, follow, max-snippet:-1, max-image-preview:large, max-video-preview:-1\" \/>\n<meta property=\"og:locale\" content=\"es_ES\" \/>\n<meta property=\"og:type\" content=\"article\" \/>\n<meta property=\"og:title\" content=\"Elecciones Arag\u00f3n 2026, en directo:\u00a0La participaci\u00f3n en las Elecciones de Arag\u00f3n se sit\u00faa en un 40,9% a las 14:00 horas, practicamente igual que la de 2023 - vof-news.eu\" \/>\n<meta property=\"og:description\" content=\"Ya est\u00e1n aqu\u00ed las Elecciones de Arag\u00f3n 2026. Los aragoneses est\u00e1n votando este domingo en las primeras elecciones anticipadas de su historia, convocadas despu\u00e9s de que el presidente Jorge Azc\u00f3n (PP) no lograra un acuerdo para aprobar los presupuestos, y tras las que, seg\u00fan las encuestas, ser\u00e1n necesarios pactos para conformar gobiernos.Dos a\u00f1os y medio despu\u00e9s de la \u00faltima cita electoral, 1.036.325 ciudadanos tienen derecho a votar en estos comicios para elegir a sus 67 representantes en el Parlamento regional, 35 por la provincia de Zaragoza, 18 por la de Huesca y 14 por la de Teruel.En la actualidad hay ocho fuerzas con representaci\u00f3n en las Cortes de Arag\u00f3n. Sus candidatos son Jorge Azc\u00f3n (PP), la exministra de Pilar Alegr\u00eda (PSOE), Alejandro Nolasco (Vox), Jorge Pueyo (CHA), Tom\u00e1s Guitarte (Arag\u00f3n-Teruel Existe), Mar\u00eda Goikoetxea (Podemos), Marta Abengochea (IU-Movimiento Sumar) y Alberto Izquierdo (PAR). Alegr\u00eda, Pueyo, Goikoetxea y Abengochea se estrenan como candidatos.\" \/>\n<meta property=\"og:url\" content=\"https:\/\/vof-news.eu\/es\/elecciones-aragon-2026-en-directo-la-participacion-en-las-elecciones-de-aragon-se-situa-en-un-409-a-las-1400-horas-practicamente-igual-que-la-de-2023\/\" \/>\n<meta property=\"og:site_name\" content=\"vof-news.eu\" \/>\n<meta property=\"article:published_time\" content=\"2026-02-08T13:27:18+00:00\" \/>\n<meta property=\"article:modified_time\" content=\"2026-02-08T13:27:22+00:00\" \/>\n<meta property=\"og:image\" content=\"https:\/\/vof-news.eu\/wp-content\/uploads\/2026\/02\/17705424645868.jpg\" \/>\n\t<meta property=\"og:image:width\" content=\"600\" \/>\n\t<meta property=\"og:image:height\" content=\"400\" \/>\n\t<meta property=\"og:image:type\" content=\"image\/jpeg\" \/>\n<meta name=\"author\" content=\"Author\" \/>\n<meta name=\"twitter:card\" content=\"summary_large_image\" \/>\n<meta name=\"twitter:label1\" content=\"Escrito por\" \/>\n\t<meta name=\"twitter:data1\" content=\"Author\" \/>\n\t<meta name=\"twitter:label2\" content=\"Tiempo de lectura\" \/>\n\t<meta name=\"twitter:data2\" content=\"1 minuto\" \/>\n<script type=\"application\/ld+json\" class=\"yoast-schema-graph\">{\"@context\":\"https:\/\/schema.org\",\"@graph\":[{\"@type\":\"WebPage\",\"@id\":\"https:\/\/vof-news.eu\/es\/elecciones-aragon-2026-en-directo-la-participacion-en-las-elecciones-de-aragon-se-situa-en-un-409-a-las-1400-horas-practicamente-igual-que-la-de-2023\/\",\"url\":\"https:\/\/vof-news.eu\/es\/elecciones-aragon-2026-en-directo-la-participacion-en-las-elecciones-de-aragon-se-situa-en-un-409-a-las-1400-horas-practicamente-igual-que-la-de-2023\/\",\"name\":\"Elecciones Arag\u00f3n 2026, en directo:\u00a0La participaci\u00f3n en las Elecciones de Arag\u00f3n se sit\u00faa en un 40,9% a las 14:00 horas, practicamente igual que la de 2023 - vof-news.eu\",\"isPartOf\":{\"@id\":\"https:\/\/vof-news.eu\/es\/#website\"},\"primaryImageOfPage\":{\"@id\":\"https:\/\/vof-news.eu\/es\/elecciones-aragon-2026-en-directo-la-participacion-en-las-elecciones-de-aragon-se-situa-en-un-409-a-las-1400-horas-practicamente-igual-que-la-de-2023\/#primaryimage\"},\"image\":{\"@id\":\"https:\/\/vof-news.eu\/es\/elecciones-aragon-2026-en-directo-la-participacion-en-las-elecciones-de-aragon-se-situa-en-un-409-a-las-1400-horas-practicamente-igual-que-la-de-2023\/#primaryimage\"},\"thumbnailUrl\":\"https:\/\/vof-news.eu\/wp-content\/uploads\/2026\/02\/17705424645868.jpg\",\"datePublished\":\"2026-02-08T13:27:18+00:00\",\"dateModified\":\"2026-02-08T13:27:22+00:00\",\"author\":{\"@id\":\"https:\/\/vof-news.eu\/es\/#\/schema\/person\/f6a2a4309f0561835797fd8c19b333ed\"},\"description\":\"Ya est\u00e1n aqu\u00ed las Elecciones de Arag\u00f3n 2026. Los aragoneses est\u00e1n votando este domingo en las primeras elecciones anticipadas de su historia, convocadas despu\u00e9s de que el presidente Jorge Azc\u00f3n (PP) no lograra un acuerdo para aprobar los presupuestos, y tras las que, seg\u00fan las encuestas, ser\u00e1n necesarios pactos para conformar gobiernos.Dos a\u00f1os y medio despu\u00e9s de la \u00faltima cita electoral, 1.036.325 ciudadanos tienen derecho a votar en estos comicios para elegir a sus 67 representantes en el Parlamento regional, 35 por la provincia de Zaragoza, 18 por la de Huesca y 14 por la de Teruel.En la actualidad hay ocho fuerzas con representaci\u00f3n en las Cortes de Arag\u00f3n. Sus candidatos son Jorge Azc\u00f3n (PP), la exministra de Pilar Alegr\u00eda (PSOE), Alejandro Nolasco (Vox), Jorge Pueyo (CHA), Tom\u00e1s Guitarte (Arag\u00f3n-Teruel Existe), Mar\u00eda Goikoetxea (Podemos), Marta Abengochea (IU-Movimiento Sumar) y Alberto Izquierdo (PAR). Alegr\u00eda, Pueyo, Goikoetxea y Abengochea se estrenan como candidatos.\",\"breadcrumb\":{\"@id\":\"https:\/\/vof-news.eu\/es\/elecciones-aragon-2026-en-directo-la-participacion-en-las-elecciones-de-aragon-se-situa-en-un-409-a-las-1400-horas-practicamente-igual-que-la-de-2023\/#breadcrumb\"},\"inLanguage\":\"es\",\"potentialAction\":[{\"@type\":\"ReadAction\",\"target\":[\"https:\/\/vof-news.eu\/es\/elecciones-aragon-2026-en-directo-la-participacion-en-las-elecciones-de-aragon-se-situa-en-un-409-a-las-1400-horas-practicamente-igual-que-la-de-2023\/\"]}]},{\"@type\":\"ImageObject\",\"inLanguage\":\"es\",\"@id\":\"https:\/\/vof-news.eu\/es\/elecciones-aragon-2026-en-directo-la-participacion-en-las-elecciones-de-aragon-se-situa-en-un-409-a-las-1400-horas-practicamente-igual-que-la-de-2023\/#primaryimage\",\"url\":\"https:\/\/vof-news.eu\/wp-content\/uploads\/2026\/02\/17705424645868.jpg\",\"contentUrl\":\"https:\/\/vof-news.eu\/wp-content\/uploads\/2026\/02\/17705424645868.jpg\",\"width\":600,\"height\":400},{\"@type\":\"BreadcrumbList\",\"@id\":\"https:\/\/vof-news.eu\/es\/elecciones-aragon-2026-en-directo-la-participacion-en-las-elecciones-de-aragon-se-situa-en-un-409-a-las-1400-horas-practicamente-igual-que-la-de-2023\/#breadcrumb\",\"itemListElement\":[{\"@type\":\"ListItem\",\"position\":1,\"name\":\"Home\",\"item\":\"https:\/\/vof-news.eu\/es\/\"},{\"@type\":\"ListItem\",\"position\":2,\"name\":\"Elecciones Arag\u00f3n 2026, en directo:\u00a0La participaci\u00f3n en las Elecciones de Arag\u00f3n se sit\u00faa en un 40,9% a las 14:00 horas, practicamente igual que la de 2023\"}]},{\"@type\":\"WebSite\",\"@id\":\"https:\/\/vof-news.eu\/es\/#website\",\"url\":\"https:\/\/vof-news.eu\/es\/\",\"name\":\"vof-news.eu\",\"description\":\"\",\"potentialAction\":[{\"@type\":\"SearchAction\",\"target\":{\"@type\":\"EntryPoint\",\"urlTemplate\":\"https:\/\/vof-news.eu\/es\/?s={search_term_string}\"},\"query-input\":\"required name=search_term_string\"}],\"inLanguage\":\"es\"},{\"@type\":\"Person\",\"@id\":\"https:\/\/vof-news.eu\/es\/#\/schema\/person\/f6a2a4309f0561835797fd8c19b333ed\",\"name\":\"Author\",\"image\":{\"@type\":\"ImageObject\",\"inLanguage\":\"es\",\"@id\":\"https:\/\/vof-news.eu\/es\/#\/schema\/person\/image\/\",\"url\":\"https:\/\/secure.gravatar.com\/avatar\/b67e614b1b25b3e9c0c239efdd2fde5ab015b5affd6f1c3c85911ca4b384e790?s=96&d=mm&r=g\",\"contentUrl\":\"https:\/\/secure.gravatar.com\/avatar\/b67e614b1b25b3e9c0c239efdd2fde5ab015b5affd6f1c3c85911ca4b384e790?s=96&d=mm&r=g\",\"caption\":\"Author\"},\"sameAs\":[\"http:\/\/vof-news.eu\"],\"url\":\"https:\/\/vof-news.eu\/es\/author\/zwt6qxnjulxbnyg\/\"}]}<\/script>\n<!-- \/ Yoast SEO plugin. -->","yoast_head_json":{"title":"Elecciones Arag\u00f3n 2026, en directo:\u00a0La participaci\u00f3n en las Elecciones de Arag\u00f3n se sit\u00faa en un 40,9% a las 14:00 horas, practicamente igual que la de 2023 - vof-news.eu","description":"Ya est\u00e1n aqu\u00ed las Elecciones de Arag\u00f3n 2026. Los aragoneses est\u00e1n votando este domingo en las primeras elecciones anticipadas de su historia, convocadas despu\u00e9s de que el presidente Jorge Azc\u00f3n (PP) no lograra un acuerdo para aprobar los presupuestos, y tras las que, seg\u00fan las encuestas, ser\u00e1n necesarios pactos para conformar gobiernos.Dos a\u00f1os y medio despu\u00e9s de la \u00faltima cita electoral, 1.036.325 ciudadanos tienen derecho a votar en estos comicios para elegir a sus 67 representantes en el Parlamento regional, 35 por la provincia de Zaragoza, 18 por la de Huesca y 14 por la de Teruel.En la actualidad hay ocho fuerzas con representaci\u00f3n en las Cortes de Arag\u00f3n. Sus candidatos son Jorge Azc\u00f3n (PP), la exministra de Pilar Alegr\u00eda (PSOE), Alejandro Nolasco (Vox), Jorge Pueyo (CHA), Tom\u00e1s Guitarte (Arag\u00f3n-Teruel Existe), Mar\u00eda Goikoetxea (Podemos), Marta Abengochea (IU-Movimiento Sumar) y Alberto Izquierdo (PAR). Alegr\u00eda, Pueyo, Goikoetxea y Abengochea se estrenan como candidatos.","robots":{"index":"noindex","follow":"follow","max-snippet":"max-snippet:-1","max-image-preview":"max-image-preview:large","max-video-preview":"max-video-preview:-1"},"og_locale":"es_ES","og_type":"article","og_title":"Elecciones Arag\u00f3n 2026, en directo:\u00a0La participaci\u00f3n en las Elecciones de Arag\u00f3n se sit\u00faa en un 40,9% a las 14:00 horas, practicamente igual que la de 2023 - vof-news.eu","og_description":"Ya est\u00e1n aqu\u00ed las Elecciones de Arag\u00f3n 2026. Los aragoneses est\u00e1n votando este domingo en las primeras elecciones anticipadas de su historia, convocadas despu\u00e9s de que el presidente Jorge Azc\u00f3n (PP) no lograra un acuerdo para aprobar los presupuestos, y tras las que, seg\u00fan las encuestas, ser\u00e1n necesarios pactos para conformar gobiernos.Dos a\u00f1os y medio despu\u00e9s de la \u00faltima cita electoral, 1.036.325 ciudadanos tienen derecho a votar en estos comicios para elegir a sus 67 representantes en el Parlamento regional, 35 por la provincia de Zaragoza, 18 por la de Huesca y 14 por la de Teruel.En la actualidad hay ocho fuerzas con representaci\u00f3n en las Cortes de Arag\u00f3n. Sus candidatos son Jorge Azc\u00f3n (PP), la exministra de Pilar Alegr\u00eda (PSOE), Alejandro Nolasco (Vox), Jorge Pueyo (CHA), Tom\u00e1s Guitarte (Arag\u00f3n-Teruel Existe), Mar\u00eda Goikoetxea (Podemos), Marta Abengochea (IU-Movimiento Sumar) y Alberto Izquierdo (PAR). Alegr\u00eda, Pueyo, Goikoetxea y Abengochea se estrenan como candidatos.","og_url":"https:\/\/vof-news.eu\/es\/elecciones-aragon-2026-en-directo-la-participacion-en-las-elecciones-de-aragon-se-situa-en-un-409-a-las-1400-horas-practicamente-igual-que-la-de-2023\/","og_site_name":"vof-news.eu","article_published_time":"2026-02-08T13:27:18+00:00","article_modified_time":"2026-02-08T13:27:22+00:00","og_image":[{"width":600,"height":400,"url":"https:\/\/vof-news.eu\/wp-content\/uploads\/2026\/02\/17705424645868.jpg","type":"image\/jpeg"}],"author":"Author","twitter_card":"summary_large_image","twitter_misc":{"Escrito por":"Author","Tiempo de lectura":"1 minuto"},"schema":{"@context":"https:\/\/schema.org","@graph":[{"@type":"WebPage","@id":"https:\/\/vof-news.eu\/es\/elecciones-aragon-2026-en-directo-la-participacion-en-las-elecciones-de-aragon-se-situa-en-un-409-a-las-1400-horas-practicamente-igual-que-la-de-2023\/","url":"https:\/\/vof-news.eu\/es\/elecciones-aragon-2026-en-directo-la-participacion-en-las-elecciones-de-aragon-se-situa-en-un-409-a-las-1400-horas-practicamente-igual-que-la-de-2023\/","name":"Elecciones Arag\u00f3n 2026, en directo:\u00a0La participaci\u00f3n en las Elecciones de Arag\u00f3n se sit\u00faa en un 40,9% a las 14:00 horas, practicamente igual que la de 2023 - vof-news.eu","isPartOf":{"@id":"https:\/\/vof-news.eu\/es\/#website"},"primaryImageOfPage":{"@id":"https:\/\/vof-news.eu\/es\/elecciones-aragon-2026-en-directo-la-participacion-en-las-elecciones-de-aragon-se-situa-en-un-409-a-las-1400-horas-practicamente-igual-que-la-de-2023\/#primaryimage"},"image":{"@id":"https:\/\/vof-news.eu\/es\/elecciones-aragon-2026-en-directo-la-participacion-en-las-elecciones-de-aragon-se-situa-en-un-409-a-las-1400-horas-practicamente-igual-que-la-de-2023\/#primaryimage"},"thumbnailUrl":"https:\/\/vof-news.eu\/wp-content\/uploads\/2026\/02\/17705424645868.jpg","datePublished":"2026-02-08T13:27:18+00:00","dateModified":"2026-02-08T13:27:22+00:00","author":{"@id":"https:\/\/vof-news.eu\/es\/#\/schema\/person\/f6a2a4309f0561835797fd8c19b333ed"},"description":"Ya est\u00e1n aqu\u00ed las Elecciones de Arag\u00f3n 2026. Los aragoneses est\u00e1n votando este domingo en las primeras elecciones anticipadas de su historia, convocadas despu\u00e9s de que el presidente Jorge Azc\u00f3n (PP) no lograra un acuerdo para aprobar los presupuestos, y tras las que, seg\u00fan las encuestas, ser\u00e1n necesarios pactos para conformar gobiernos.Dos a\u00f1os y medio despu\u00e9s de la \u00faltima cita electoral, 1.036.325 ciudadanos tienen derecho a votar en estos comicios para elegir a sus 67 representantes en el Parlamento regional, 35 por la provincia de Zaragoza, 18 por la de Huesca y 14 por la de Teruel.En la actualidad hay ocho fuerzas con representaci\u00f3n en las Cortes de Arag\u00f3n. Sus candidatos son Jorge Azc\u00f3n (PP), la exministra de Pilar Alegr\u00eda (PSOE), Alejandro Nolasco (Vox), Jorge Pueyo (CHA), Tom\u00e1s Guitarte (Arag\u00f3n-Teruel Existe), Mar\u00eda Goikoetxea (Podemos), Marta Abengochea (IU-Movimiento Sumar) y Alberto Izquierdo (PAR). Alegr\u00eda, Pueyo, Goikoetxea y Abengochea se estrenan como candidatos.","breadcrumb":{"@id":"https:\/\/vof-news.eu\/es\/elecciones-aragon-2026-en-directo-la-participacion-en-las-elecciones-de-aragon-se-situa-en-un-409-a-las-1400-horas-practicamente-igual-que-la-de-2023\/#breadcrumb"},"inLanguage":"es","potentialAction":[{"@type":"ReadAction","target":["https:\/\/vof-news.eu\/es\/elecciones-aragon-2026-en-directo-la-participacion-en-las-elecciones-de-aragon-se-situa-en-un-409-a-las-1400-horas-practicamente-igual-que-la-de-2023\/"]}]},{"@type":"ImageObject","inLanguage":"es","@id":"https:\/\/vof-news.eu\/es\/elecciones-aragon-2026-en-directo-la-participacion-en-las-elecciones-de-aragon-se-situa-en-un-409-a-las-1400-horas-practicamente-igual-que-la-de-2023\/#primaryimage","url":"https:\/\/vof-news.eu\/wp-content\/uploads\/2026\/02\/17705424645868.jpg","contentUrl":"https:\/\/vof-news.eu\/wp-content\/uploads\/2026\/02\/17705424645868.jpg","width":600,"height":400},{"@type":"BreadcrumbList","@id":"https:\/\/vof-news.eu\/es\/elecciones-aragon-2026-en-directo-la-participacion-en-las-elecciones-de-aragon-se-situa-en-un-409-a-las-1400-horas-practicamente-igual-que-la-de-2023\/#breadcrumb","itemListElement":[{"@type":"ListItem","position":1,"name":"Home","item":"https:\/\/vof-news.eu\/es\/"},{"@type":"ListItem","position":2,"name":"Elecciones Arag\u00f3n 2026, en directo:\u00a0La participaci\u00f3n en las Elecciones de Arag\u00f3n se sit\u00faa en un 40,9% a las 14:00 horas, practicamente igual que la de 2023"}]},{"@type":"WebSite","@id":"https:\/\/vof-news.eu\/es\/#website","url":"https:\/\/vof-news.eu\/es\/","name":"vof-news.eu","description":"","potentialAction":[{"@type":"SearchAction","target":{"@type":"EntryPoint","urlTemplate":"https:\/\/vof-news.eu\/es\/?s={search_term_string}"},"query-input":"required name=search_term_string"}],"inLanguage":"es"},{"@type":"Person","@id":"https:\/\/vof-news.eu\/es\/#\/schema\/person\/f6a2a4309f0561835797fd8c19b333ed","name":"Author","image":{"@type":"ImageObject","inLanguage":"es","@id":"https:\/\/vof-news.eu\/es\/#\/schema\/person\/image\/","url":"https:\/\/secure.gravatar.com\/avatar\/b67e614b1b25b3e9c0c239efdd2fde5ab015b5affd6f1c3c85911ca4b384e790?s=96&d=mm&r=g","contentUrl":"https:\/\/secure.gravatar.com\/avatar\/b67e614b1b25b3e9c0c239efdd2fde5ab015b5affd6f1c3c85911ca4b384e790?s=96&d=mm&r=g","caption":"Author"},"sameAs":["http:\/\/vof-news.eu"],"url":"https:\/\/vof-news.eu\/es\/author\/zwt6qxnjulxbnyg\/"}]}},"yoast_meta":{"yoast_wpseo_title":"","yoast_wpseo_metadesc":"","yoast_wpseo_canonical":""},"_links":{"self":[{"href":"https:\/\/vof-news.eu\/es\/wp-json\/wp\/v2\/posts\/323836","targetHints":{"allow":["GET"]}}],"collection":[{"href":"https:\/\/vof-news.eu\/es\/wp-json\/wp\/v2\/posts"}],"about":[{"href":"https:\/\/vof-news.eu\/es\/wp-json\/wp\/v2\/types\/post"}],"author":[{"embeddable":true,"href":"https:\/\/vof-news.eu\/es\/wp-json\/wp\/v2\/users\/1"}],"replies":[{"embeddable":true,"href":"https:\/\/vof-news.eu\/es\/wp-json\/wp\/v2\/comments?post=323836"}],"version-history":[{"count":1,"href":"https:\/\/vof-news.eu\/es\/wp-json\/wp\/v2\/posts\/323836\/revisions"}],"predecessor-version":[{"id":323837,"href":"https:\/\/vof-news.eu\/es\/wp-json\/wp\/v2\/posts\/323836\/revisions\/323837"}],"wp:featuredmedia":[{"embeddable":true,"href":"https:\/\/vof-news.eu\/es\/wp-json\/wp\/v2\/media\/323830"}],"wp:attachment":[{"href":"https:\/\/vof-news.eu\/es\/wp-json\/wp\/v2\/media?parent=323836"}],"wp:term":[{"taxonomy":"category","embeddable":true,"href":"https:\/\/vof-news.eu\/es\/wp-json\/wp\/v2\/categories?post=323836"},{"taxonomy":"post_tag","embeddable":true,"href":"https:\/\/vof-news.eu\/es\/wp-json\/wp\/v2\/tags?post=323836"}],"curies":[{"name":"wp","href":"https:\/\/api.w.org\/{rel}","templated":true}]}}