{"id":323828,"date":"2026-02-08T16:24:17","date_gmt":"2026-02-08T13:24:17","guid":{"rendered":"https:\/\/vof-news.eu\/la-participacion-en-las-elecciones-de-aragon-se-mantiene-cerca-del-41-a-las-14-00-horas-similar-a-la-de-2023\/"},"modified":"2026-02-08T16:24:34","modified_gmt":"2026-02-08T13:24:34","slug":"la-participacion-en-las-elecciones-de-aragon-se-mantiene-cerca-del-41-a-las-14-00-horas-similar-a-la-de-2023","status":"publish","type":"post","link":"https:\/\/vof-news.eu\/es\/la-participacion-en-las-elecciones-de-aragon-se-mantiene-cerca-del-41-a-las-14-00-horas-similar-a-la-de-2023\/","title":{"rendered":"La participaci\u00f3n en las elecciones de Arag\u00f3n se mantiene cerca del 41% a las 14.00 horas, similar a la de 2023"},"content":{"rendered":"<div>\n<p>\n        La participaci\u00f3n en las elecciones de Arag\u00f3n se mantiene cerca del 41% a las 14.00 horas, similar a la que se registr\u00f3 en 2023, con tan solo una diferencia de 0,03 puntos. Se trata del segundo avance desde que se abrieron los colegios electorales a las 9.00 de la ma\u00f1ana este domingo 8 de febrero. Aunque el <a href=\"https:\/\/www.eldiario.es\/aragon\/primer-dato-participacion-elecciones-aragon-11-manana-votado-10-7_1_12972388.html\" rel=\"nofollow\">primer dato de participaci\u00f3n realmente fue a las 11.00<\/a>, no hab\u00eda datos de a\u00f1os anteriores con el que comparar el porcentaje.\n    <\/p>\n<p>\n        En total,\u00a01.036.300 aragoneses y aragonesas est\u00e1n llamados a las urnas en esta jornada electoral, cuyo \u00faltimo avance de participaci\u00f3n conoceremos a las 18.00 horas, dos horas antes de que cierren los colegios electorales. Para 2023, este \u00faltimo dato se situ\u00f3 en el 54,73%.\n    <\/p>\n<p>\n        En cuanto a las provincias, la participaci\u00f3n aumenta ligeramente en Zaragoaza, que pasa del 40,99% en 2023 al 41,8%. En Huesca, baja ligeramente del 39,6% al 37,72%, y en Teruel la bajada en m\u00e1s pronunciada: del 42,89% al 39,86%.\n    <\/p>\n<p>\n        Una de las claves de este domingo, que por primera vez se celebran de forma anticipada, ser\u00e1 la fragmentaci\u00f3n de voto: el PP y el PSOE parten como fuerzas mayoritarias, pero con Vox y los regionalistas como decisivos para formar gobierno. De hecho, una de las grandes inc\u00f3gnitas ser\u00e1 el ver hasta qu\u00e9 punto crece la extrema derecha en la comunidad aut\u00f3noma.\n    <\/p>\n<p>\n<a href=\"https:\/\/www.eldiario.es\/aragon\/politica\/encuestas-aragon-anticipan-8f-atara-azcon-extrema-derecha-dibujan-psoe-baja_1_12956118.html\" rel=\"nofollow\">Seg\u00fan las encuestas<\/a>, el PP apenas sube, los socialistas se hunden, Vox puede llegar a doblar su n\u00famero de esca\u00f1os, y por la izquierda, solo CHA crece.\n    <\/p>\n<p>\n        El <a href=\"https:\/\/www.eldiario.es\/aragon\/politica\/guia-seguir-elecciones-aragon-encuestas-pactos-parlamento-fragmentado_1_12968427.html\" rel=\"nofollow\">porcentaje de participaci\u00f3n<\/a> en Arag\u00f3n en 2023 fue del 68,89%. A lo largo de las d\u00e9cadas, la participaci\u00f3n se ha mantenido relativamente estable, situ\u00e1ndose normalmente en torno al 65-70% del electorado.\n    <\/p>\n<\/div>\n","protected":false},"excerpt":{"rendered":"<p>La participaci\u00f3n en las elecciones de Arag\u00f3n se mantiene cerca del 41% a las 14.00 horas, similar a la que se registr\u00f3 en 2023, con tan solo una diferencia de 0,03 puntos. Se trata del segundo avance desde que se abrieron los colegios electorales a las 9.00 de la ma\u00f1ana este domingo 8 de febrero.<\/p>\n","protected":false},"author":1,"featured_media":323822,"comment_status":"open","ping_status":"open","sticky":false,"template":"","format":"standard","meta":{"footnotes":""},"categories":[47],"tags":[],"class_list":["post-323828","post","type-post","status-publish","format-standard","has-post-thumbnail","hentry","category-interview-es"],"acf":[],"yoast_head":"<!-- This site is optimized with the Yoast SEO plugin v22.9 - https:\/\/yoast.com\/wordpress\/plugins\/seo\/ -->\n<title>La participaci\u00f3n en las elecciones de Arag\u00f3n se mantiene cerca del 41% a las 14.00 horas, similar a la de 2023 - vof-news.eu<\/title>\n<meta name=\"description\" content=\"La participaci\u00f3n en las elecciones de Arag\u00f3n se mantiene cerca del 41% a las 14.00 horas, similar a la que se registr\u00f3 en 2023, con tan solo una diferencia de 0,03 puntos. Se trata del segundo avance desde que se abrieron los colegios electorales a las 9.00 de la ma\u00f1ana este domingo 8 de febrero. Aunque el primer dato de participaci\u00f3n realmente fue a las 11.00, no hab\u00eda datos de a\u00f1os anteriores con el que comparar el porcentaje.\" \/>\n<meta name=\"robots\" content=\"noindex, follow, max-snippet:-1, max-image-preview:large, max-video-preview:-1\" \/>\n<meta property=\"og:locale\" content=\"es_ES\" \/>\n<meta property=\"og:type\" content=\"article\" \/>\n<meta property=\"og:title\" content=\"La participaci\u00f3n en las elecciones de Arag\u00f3n se mantiene cerca del 41% a las 14.00 horas, similar a la de 2023 - vof-news.eu\" \/>\n<meta property=\"og:description\" content=\"La participaci\u00f3n en las elecciones de Arag\u00f3n se mantiene cerca del 41% a las 14.00 horas, similar a la que se registr\u00f3 en 2023, con tan solo una diferencia de 0,03 puntos. Se trata del segundo avance desde que se abrieron los colegios electorales a las 9.00 de la ma\u00f1ana este domingo 8 de febrero. Aunque el primer dato de participaci\u00f3n realmente fue a las 11.00, no hab\u00eda datos de a\u00f1os anteriores con el que comparar el porcentaje.\" \/>\n<meta property=\"og:url\" content=\"https:\/\/vof-news.eu\/es\/la-participacion-en-las-elecciones-de-aragon-se-mantiene-cerca-del-41-a-las-14-00-horas-similar-a-la-de-2023\/\" \/>\n<meta property=\"og:site_name\" content=\"vof-news.eu\" \/>\n<meta property=\"article:published_time\" content=\"2026-02-08T13:24:17+00:00\" \/>\n<meta property=\"article:modified_time\" content=\"2026-02-08T13:24:34+00:00\" \/>\n<meta property=\"og:image\" content=\"https:\/\/vof-news.eu\/wp-content\/uploads\/2026\/02\/7e5e03d4-3978-4eb0-aecc-b413b05d88c8_16-9-discover-aspect-ratio_default_0.jpg\" \/>\n\t<meta property=\"og:image:width\" content=\"1200\" \/>\n\t<meta property=\"og:image:height\" content=\"675\" \/>\n\t<meta property=\"og:image:type\" content=\"image\/jpeg\" \/>\n<meta name=\"author\" content=\"Author\" \/>\n<meta name=\"twitter:card\" content=\"summary_large_image\" \/>\n<meta name=\"twitter:label1\" content=\"Escrito por\" \/>\n\t<meta name=\"twitter:data1\" content=\"Author\" \/>\n\t<meta name=\"twitter:label2\" content=\"Tiempo de lectura\" \/>\n\t<meta name=\"twitter:data2\" content=\"1 minuto\" \/>\n<script type=\"application\/ld+json\" class=\"yoast-schema-graph\">{\"@context\":\"https:\/\/schema.org\",\"@graph\":[{\"@type\":\"WebPage\",\"@id\":\"https:\/\/vof-news.eu\/es\/la-participacion-en-las-elecciones-de-aragon-se-mantiene-cerca-del-41-a-las-14-00-horas-similar-a-la-de-2023\/\",\"url\":\"https:\/\/vof-news.eu\/es\/la-participacion-en-las-elecciones-de-aragon-se-mantiene-cerca-del-41-a-las-14-00-horas-similar-a-la-de-2023\/\",\"name\":\"La participaci\u00f3n en las elecciones de Arag\u00f3n se mantiene cerca del 41% a las 14.00 horas, similar a la de 2023 - vof-news.eu\",\"isPartOf\":{\"@id\":\"https:\/\/vof-news.eu\/es\/#website\"},\"primaryImageOfPage\":{\"@id\":\"https:\/\/vof-news.eu\/es\/la-participacion-en-las-elecciones-de-aragon-se-mantiene-cerca-del-41-a-las-14-00-horas-similar-a-la-de-2023\/#primaryimage\"},\"image\":{\"@id\":\"https:\/\/vof-news.eu\/es\/la-participacion-en-las-elecciones-de-aragon-se-mantiene-cerca-del-41-a-las-14-00-horas-similar-a-la-de-2023\/#primaryimage\"},\"thumbnailUrl\":\"https:\/\/vof-news.eu\/wp-content\/uploads\/2026\/02\/7e5e03d4-3978-4eb0-aecc-b413b05d88c8_16-9-discover-aspect-ratio_default_0.jpg\",\"datePublished\":\"2026-02-08T13:24:17+00:00\",\"dateModified\":\"2026-02-08T13:24:34+00:00\",\"author\":{\"@id\":\"https:\/\/vof-news.eu\/es\/#\/schema\/person\/f6a2a4309f0561835797fd8c19b333ed\"},\"description\":\"La participaci\u00f3n en las elecciones de Arag\u00f3n se mantiene cerca del 41% a las 14.00 horas, similar a la que se registr\u00f3 en 2023, con tan solo una diferencia de 0,03 puntos. Se trata del segundo avance desde que se abrieron los colegios electorales a las 9.00 de la ma\u00f1ana este domingo 8 de febrero. Aunque el primer dato de participaci\u00f3n realmente fue a las 11.00, no hab\u00eda datos de a\u00f1os anteriores con el que comparar el porcentaje.\",\"breadcrumb\":{\"@id\":\"https:\/\/vof-news.eu\/es\/la-participacion-en-las-elecciones-de-aragon-se-mantiene-cerca-del-41-a-las-14-00-horas-similar-a-la-de-2023\/#breadcrumb\"},\"inLanguage\":\"es\",\"potentialAction\":[{\"@type\":\"ReadAction\",\"target\":[\"https:\/\/vof-news.eu\/es\/la-participacion-en-las-elecciones-de-aragon-se-mantiene-cerca-del-41-a-las-14-00-horas-similar-a-la-de-2023\/\"]}]},{\"@type\":\"ImageObject\",\"inLanguage\":\"es\",\"@id\":\"https:\/\/vof-news.eu\/es\/la-participacion-en-las-elecciones-de-aragon-se-mantiene-cerca-del-41-a-las-14-00-horas-similar-a-la-de-2023\/#primaryimage\",\"url\":\"https:\/\/vof-news.eu\/wp-content\/uploads\/2026\/02\/7e5e03d4-3978-4eb0-aecc-b413b05d88c8_16-9-discover-aspect-ratio_default_0.jpg\",\"contentUrl\":\"https:\/\/vof-news.eu\/wp-content\/uploads\/2026\/02\/7e5e03d4-3978-4eb0-aecc-b413b05d88c8_16-9-discover-aspect-ratio_default_0.jpg\",\"width\":1200,\"height\":675},{\"@type\":\"BreadcrumbList\",\"@id\":\"https:\/\/vof-news.eu\/es\/la-participacion-en-las-elecciones-de-aragon-se-mantiene-cerca-del-41-a-las-14-00-horas-similar-a-la-de-2023\/#breadcrumb\",\"itemListElement\":[{\"@type\":\"ListItem\",\"position\":1,\"name\":\"Home\",\"item\":\"https:\/\/vof-news.eu\/es\/\"},{\"@type\":\"ListItem\",\"position\":2,\"name\":\"La participaci\u00f3n en las elecciones de Arag\u00f3n se mantiene cerca del 41% a las 14.00 horas, similar a la de 2023\"}]},{\"@type\":\"WebSite\",\"@id\":\"https:\/\/vof-news.eu\/es\/#website\",\"url\":\"https:\/\/vof-news.eu\/es\/\",\"name\":\"vof-news.eu\",\"description\":\"\",\"potentialAction\":[{\"@type\":\"SearchAction\",\"target\":{\"@type\":\"EntryPoint\",\"urlTemplate\":\"https:\/\/vof-news.eu\/es\/?s={search_term_string}\"},\"query-input\":\"required name=search_term_string\"}],\"inLanguage\":\"es\"},{\"@type\":\"Person\",\"@id\":\"https:\/\/vof-news.eu\/es\/#\/schema\/person\/f6a2a4309f0561835797fd8c19b333ed\",\"name\":\"Author\",\"image\":{\"@type\":\"ImageObject\",\"inLanguage\":\"es\",\"@id\":\"https:\/\/vof-news.eu\/es\/#\/schema\/person\/image\/\",\"url\":\"https:\/\/secure.gravatar.com\/avatar\/b67e614b1b25b3e9c0c239efdd2fde5ab015b5affd6f1c3c85911ca4b384e790?s=96&d=mm&r=g\",\"contentUrl\":\"https:\/\/secure.gravatar.com\/avatar\/b67e614b1b25b3e9c0c239efdd2fde5ab015b5affd6f1c3c85911ca4b384e790?s=96&d=mm&r=g\",\"caption\":\"Author\"},\"sameAs\":[\"http:\/\/vof-news.eu\"],\"url\":\"https:\/\/vof-news.eu\/es\/author\/zwt6qxnjulxbnyg\/\"}]}<\/script>\n<!-- \/ Yoast SEO plugin. -->","yoast_head_json":{"title":"La participaci\u00f3n en las elecciones de Arag\u00f3n se mantiene cerca del 41% a las 14.00 horas, similar a la de 2023 - vof-news.eu","description":"La participaci\u00f3n en las elecciones de Arag\u00f3n se mantiene cerca del 41% a las 14.00 horas, similar a la que se registr\u00f3 en 2023, con tan solo una diferencia de 0,03 puntos. Se trata del segundo avance desde que se abrieron los colegios electorales a las 9.00 de la ma\u00f1ana este domingo 8 de febrero. Aunque el primer dato de participaci\u00f3n realmente fue a las 11.00, no hab\u00eda datos de a\u00f1os anteriores con el que comparar el porcentaje.","robots":{"index":"noindex","follow":"follow","max-snippet":"max-snippet:-1","max-image-preview":"max-image-preview:large","max-video-preview":"max-video-preview:-1"},"og_locale":"es_ES","og_type":"article","og_title":"La participaci\u00f3n en las elecciones de Arag\u00f3n se mantiene cerca del 41% a las 14.00 horas, similar a la de 2023 - vof-news.eu","og_description":"La participaci\u00f3n en las elecciones de Arag\u00f3n se mantiene cerca del 41% a las 14.00 horas, similar a la que se registr\u00f3 en 2023, con tan solo una diferencia de 0,03 puntos. Se trata del segundo avance desde que se abrieron los colegios electorales a las 9.00 de la ma\u00f1ana este domingo 8 de febrero. Aunque el primer dato de participaci\u00f3n realmente fue a las 11.00, no hab\u00eda datos de a\u00f1os anteriores con el que comparar el porcentaje.","og_url":"https:\/\/vof-news.eu\/es\/la-participacion-en-las-elecciones-de-aragon-se-mantiene-cerca-del-41-a-las-14-00-horas-similar-a-la-de-2023\/","og_site_name":"vof-news.eu","article_published_time":"2026-02-08T13:24:17+00:00","article_modified_time":"2026-02-08T13:24:34+00:00","og_image":[{"width":1200,"height":675,"url":"https:\/\/vof-news.eu\/wp-content\/uploads\/2026\/02\/7e5e03d4-3978-4eb0-aecc-b413b05d88c8_16-9-discover-aspect-ratio_default_0.jpg","type":"image\/jpeg"}],"author":"Author","twitter_card":"summary_large_image","twitter_misc":{"Escrito por":"Author","Tiempo de lectura":"1 minuto"},"schema":{"@context":"https:\/\/schema.org","@graph":[{"@type":"WebPage","@id":"https:\/\/vof-news.eu\/es\/la-participacion-en-las-elecciones-de-aragon-se-mantiene-cerca-del-41-a-las-14-00-horas-similar-a-la-de-2023\/","url":"https:\/\/vof-news.eu\/es\/la-participacion-en-las-elecciones-de-aragon-se-mantiene-cerca-del-41-a-las-14-00-horas-similar-a-la-de-2023\/","name":"La participaci\u00f3n en las elecciones de Arag\u00f3n se mantiene cerca del 41% a las 14.00 horas, similar a la de 2023 - vof-news.eu","isPartOf":{"@id":"https:\/\/vof-news.eu\/es\/#website"},"primaryImageOfPage":{"@id":"https:\/\/vof-news.eu\/es\/la-participacion-en-las-elecciones-de-aragon-se-mantiene-cerca-del-41-a-las-14-00-horas-similar-a-la-de-2023\/#primaryimage"},"image":{"@id":"https:\/\/vof-news.eu\/es\/la-participacion-en-las-elecciones-de-aragon-se-mantiene-cerca-del-41-a-las-14-00-horas-similar-a-la-de-2023\/#primaryimage"},"thumbnailUrl":"https:\/\/vof-news.eu\/wp-content\/uploads\/2026\/02\/7e5e03d4-3978-4eb0-aecc-b413b05d88c8_16-9-discover-aspect-ratio_default_0.jpg","datePublished":"2026-02-08T13:24:17+00:00","dateModified":"2026-02-08T13:24:34+00:00","author":{"@id":"https:\/\/vof-news.eu\/es\/#\/schema\/person\/f6a2a4309f0561835797fd8c19b333ed"},"description":"La participaci\u00f3n en las elecciones de Arag\u00f3n se mantiene cerca del 41% a las 14.00 horas, similar a la que se registr\u00f3 en 2023, con tan solo una diferencia de 0,03 puntos. Se trata del segundo avance desde que se abrieron los colegios electorales a las 9.00 de la ma\u00f1ana este domingo 8 de febrero. Aunque el primer dato de participaci\u00f3n realmente fue a las 11.00, no hab\u00eda datos de a\u00f1os anteriores con el que comparar el porcentaje.","breadcrumb":{"@id":"https:\/\/vof-news.eu\/es\/la-participacion-en-las-elecciones-de-aragon-se-mantiene-cerca-del-41-a-las-14-00-horas-similar-a-la-de-2023\/#breadcrumb"},"inLanguage":"es","potentialAction":[{"@type":"ReadAction","target":["https:\/\/vof-news.eu\/es\/la-participacion-en-las-elecciones-de-aragon-se-mantiene-cerca-del-41-a-las-14-00-horas-similar-a-la-de-2023\/"]}]},{"@type":"ImageObject","inLanguage":"es","@id":"https:\/\/vof-news.eu\/es\/la-participacion-en-las-elecciones-de-aragon-se-mantiene-cerca-del-41-a-las-14-00-horas-similar-a-la-de-2023\/#primaryimage","url":"https:\/\/vof-news.eu\/wp-content\/uploads\/2026\/02\/7e5e03d4-3978-4eb0-aecc-b413b05d88c8_16-9-discover-aspect-ratio_default_0.jpg","contentUrl":"https:\/\/vof-news.eu\/wp-content\/uploads\/2026\/02\/7e5e03d4-3978-4eb0-aecc-b413b05d88c8_16-9-discover-aspect-ratio_default_0.jpg","width":1200,"height":675},{"@type":"BreadcrumbList","@id":"https:\/\/vof-news.eu\/es\/la-participacion-en-las-elecciones-de-aragon-se-mantiene-cerca-del-41-a-las-14-00-horas-similar-a-la-de-2023\/#breadcrumb","itemListElement":[{"@type":"ListItem","position":1,"name":"Home","item":"https:\/\/vof-news.eu\/es\/"},{"@type":"ListItem","position":2,"name":"La participaci\u00f3n en las elecciones de Arag\u00f3n se mantiene cerca del 41% a las 14.00 horas, similar a la de 2023"}]},{"@type":"WebSite","@id":"https:\/\/vof-news.eu\/es\/#website","url":"https:\/\/vof-news.eu\/es\/","name":"vof-news.eu","description":"","potentialAction":[{"@type":"SearchAction","target":{"@type":"EntryPoint","urlTemplate":"https:\/\/vof-news.eu\/es\/?s={search_term_string}"},"query-input":"required name=search_term_string"}],"inLanguage":"es"},{"@type":"Person","@id":"https:\/\/vof-news.eu\/es\/#\/schema\/person\/f6a2a4309f0561835797fd8c19b333ed","name":"Author","image":{"@type":"ImageObject","inLanguage":"es","@id":"https:\/\/vof-news.eu\/es\/#\/schema\/person\/image\/","url":"https:\/\/secure.gravatar.com\/avatar\/b67e614b1b25b3e9c0c239efdd2fde5ab015b5affd6f1c3c85911ca4b384e790?s=96&d=mm&r=g","contentUrl":"https:\/\/secure.gravatar.com\/avatar\/b67e614b1b25b3e9c0c239efdd2fde5ab015b5affd6f1c3c85911ca4b384e790?s=96&d=mm&r=g","caption":"Author"},"sameAs":["http:\/\/vof-news.eu"],"url":"https:\/\/vof-news.eu\/es\/author\/zwt6qxnjulxbnyg\/"}]}},"yoast_meta":{"yoast_wpseo_title":"","yoast_wpseo_metadesc":"","yoast_wpseo_canonical":""},"_links":{"self":[{"href":"https:\/\/vof-news.eu\/es\/wp-json\/wp\/v2\/posts\/323828","targetHints":{"allow":["GET"]}}],"collection":[{"href":"https:\/\/vof-news.eu\/es\/wp-json\/wp\/v2\/posts"}],"about":[{"href":"https:\/\/vof-news.eu\/es\/wp-json\/wp\/v2\/types\/post"}],"author":[{"embeddable":true,"href":"https:\/\/vof-news.eu\/es\/wp-json\/wp\/v2\/users\/1"}],"replies":[{"embeddable":true,"href":"https:\/\/vof-news.eu\/es\/wp-json\/wp\/v2\/comments?post=323828"}],"version-history":[{"count":1,"href":"https:\/\/vof-news.eu\/es\/wp-json\/wp\/v2\/posts\/323828\/revisions"}],"predecessor-version":[{"id":323829,"href":"https:\/\/vof-news.eu\/es\/wp-json\/wp\/v2\/posts\/323828\/revisions\/323829"}],"wp:featuredmedia":[{"embeddable":true,"href":"https:\/\/vof-news.eu\/es\/wp-json\/wp\/v2\/media\/323822"}],"wp:attachment":[{"href":"https:\/\/vof-news.eu\/es\/wp-json\/wp\/v2\/media?parent=323828"}],"wp:term":[{"taxonomy":"category","embeddable":true,"href":"https:\/\/vof-news.eu\/es\/wp-json\/wp\/v2\/categories?post=323828"},{"taxonomy":"post_tag","embeddable":true,"href":"https:\/\/vof-news.eu\/es\/wp-json\/wp\/v2\/tags?post=323828"}],"curies":[{"name":"wp","href":"https:\/\/api.w.org\/{rel}","templated":true}]}}