{"id":323791,"date":"2026-02-08T13:18:24","date_gmt":"2026-02-08T10:18:24","guid":{"rendered":"https:\/\/vof-news.eu\/primer-dato-de-participacion-de-las-elecciones-en-aragon-a-las-11-de-la-manana-ha-votado-el-108\/"},"modified":"2026-02-08T13:18:41","modified_gmt":"2026-02-08T10:18:41","slug":"primer-dato-de-participacion-de-las-elecciones-en-aragon-a-las-11-de-la-manana-ha-votado-el-108","status":"publish","type":"post","link":"https:\/\/vof-news.eu\/es\/primer-dato-de-participacion-de-las-elecciones-en-aragon-a-las-11-de-la-manana-ha-votado-el-108\/","title":{"rendered":"Primer dato de participaci\u00f3n de las elecciones en Arag\u00f3n: a las 11 de la ma\u00f1ana ha votado el 10,8%"},"content":{"rendered":"<div>\n<p>\n        Se acaba de publicar el primer dato de participaci\u00f3n en las elecciones auton\u00f3micas de Arag\u00f3n de este domingo 8 de febrero. A las 11 de la ma\u00f1ana ha votado el 10,81% de los 1.036.300 aragoneses y aragonesas que est\u00e1n llamados a las urnas en esta jornada. El porcentaje no se puede comparar con el de otros a\u00f1os, ya que no hay datos disnpobles.\n    <\/p>\n<p>\n        Sin embargo, los pr\u00f3ximos avances de las 14.00 y de las 18:00 s\u00ed se podr\u00e1 comparar con el de otros a\u00f1os. En 2023, la participaci\u00f3n en el avande de las 14.00 fue del 40,96%, que subi\u00f3 hasta el 54,73% a las 18.00.\n    <\/p>\n<p>\n        Por primera vez en la regi\u00f3n, estos comicios llegan de forma anticipada y la clave de este domingo ser\u00e1 la fragmentaci\u00f3n de voto, con PP y PSOE como fuerzas mayoritarias, pero con Vox y los regionalistas como decisivos para formar gobierno.\n    <\/p>\n<p>\n        Una de las grandes inc\u00f3gnitas de este 8F ser\u00e1 el ver hasta qu\u00e9 punto crece la extrema derecha. <a href=\"https:\/\/www.eldiario.es\/aragon\/politica\/encuestas-aragon-anticipan-8f-atara-azcon-extrema-derecha-dibujan-psoe-baja_1_12956118.html\" rel=\"nofollow\">Seg\u00fan las encuestas<\/a>, el PP apenas sube, los socialistas se hunden, Vox puede llegar a doblar su n\u00famero de esca\u00f1os, y por la izquierda, solo CHA crece.\n    <\/p>\n<p>\n        En total se eligen son 67 los esca\u00f1os que se reparten estos comicios: 35 para Zaragoza, 18 para Huesca y 14 para Teruel. El reparto tiene en cuenta la poblaci\u00f3n, <a href=\"https:\/\/www.eldiario.es\/aragon\/politica\/nueve-partidos-14-escanos-beneficia-fragmentacion-electoral-aragon-pp-psoe_1_12943928.html\" rel=\"nofollow\">pero la ley fija un m\u00ednimo<\/a> de 14 esca\u00f1os por provincia, con lo que Huesca y Teruel est\u00e1n sobrerrepresentadas y Zaragoza, con casi un 73% de la poblaci\u00f3n, elige solo a algo m\u00e1s de la mitad de los parlamentarios.\n    <\/p>\n<\/div>\n","protected":false},"excerpt":{"rendered":"<p>Se acaba de publicar el primer dato de participaci\u00f3n en las elecciones auton\u00f3micas de Arag\u00f3n de este domingo 8 de febrero. A las 11 de la ma\u00f1ana ha votado el 10,81% de los 1.036.300 aragoneses y aragonesas que est\u00e1n llamados a las urnas en esta jornada. El porcentaje no se puede comparar con el de<\/p>\n","protected":false},"author":1,"featured_media":323785,"comment_status":"open","ping_status":"open","sticky":false,"template":"","format":"standard","meta":{"footnotes":""},"categories":[47],"tags":[],"class_list":["post-323791","post","type-post","status-publish","format-standard","has-post-thumbnail","hentry","category-interview-es"],"acf":[],"yoast_head":"<!-- This site is optimized with the Yoast SEO plugin v22.9 - https:\/\/yoast.com\/wordpress\/plugins\/seo\/ -->\n<title>Primer dato de participaci\u00f3n de las elecciones en Arag\u00f3n: a las 11 de la ma\u00f1ana ha votado el 10,8% - vof-news.eu<\/title>\n<meta name=\"description\" content=\"Se acaba de publicar el primer dato de participaci\u00f3n en las elecciones auton\u00f3micas de Arag\u00f3n de este domingo 8 de febrero. A las 11 de la ma\u00f1ana ha votado el 10,81% de los 1.036.300 aragoneses y aragonesas que est\u00e1n llamados a las urnas en esta jornada. El porcentaje no se puede comparar con el de otros a\u00f1os, ya que no hay datos disnpobles.\" \/>\n<meta name=\"robots\" content=\"noindex, follow, max-snippet:-1, max-image-preview:large, max-video-preview:-1\" \/>\n<meta property=\"og:locale\" content=\"es_ES\" \/>\n<meta property=\"og:type\" content=\"article\" \/>\n<meta property=\"og:title\" content=\"Primer dato de participaci\u00f3n de las elecciones en Arag\u00f3n: a las 11 de la ma\u00f1ana ha votado el 10,8% - vof-news.eu\" \/>\n<meta property=\"og:description\" content=\"Se acaba de publicar el primer dato de participaci\u00f3n en las elecciones auton\u00f3micas de Arag\u00f3n de este domingo 8 de febrero. A las 11 de la ma\u00f1ana ha votado el 10,81% de los 1.036.300 aragoneses y aragonesas que est\u00e1n llamados a las urnas en esta jornada. El porcentaje no se puede comparar con el de otros a\u00f1os, ya que no hay datos disnpobles.\" \/>\n<meta property=\"og:url\" content=\"https:\/\/vof-news.eu\/es\/primer-dato-de-participacion-de-las-elecciones-en-aragon-a-las-11-de-la-manana-ha-votado-el-108\/\" \/>\n<meta property=\"og:site_name\" content=\"vof-news.eu\" \/>\n<meta property=\"article:published_time\" content=\"2026-02-08T10:18:24+00:00\" \/>\n<meta property=\"article:modified_time\" content=\"2026-02-08T10:18:41+00:00\" \/>\n<meta property=\"og:image\" content=\"https:\/\/vof-news.eu\/wp-content\/uploads\/2026\/02\/f6144ff0-60de-4472-a46f-e448ccafde05_16-9-discover-aspect-ratio_default_0_x1482y643.jpg\" \/>\n\t<meta property=\"og:image:width\" content=\"1200\" \/>\n\t<meta property=\"og:image:height\" content=\"675\" \/>\n\t<meta property=\"og:image:type\" content=\"image\/jpeg\" \/>\n<meta name=\"author\" content=\"Author\" \/>\n<meta name=\"twitter:card\" content=\"summary_large_image\" \/>\n<meta name=\"twitter:label1\" content=\"Escrito por\" \/>\n\t<meta name=\"twitter:data1\" content=\"Author\" \/>\n\t<meta name=\"twitter:label2\" content=\"Tiempo de lectura\" \/>\n\t<meta name=\"twitter:data2\" content=\"1 minuto\" \/>\n<script type=\"application\/ld+json\" class=\"yoast-schema-graph\">{\"@context\":\"https:\/\/schema.org\",\"@graph\":[{\"@type\":\"WebPage\",\"@id\":\"https:\/\/vof-news.eu\/es\/primer-dato-de-participacion-de-las-elecciones-en-aragon-a-las-11-de-la-manana-ha-votado-el-108\/\",\"url\":\"https:\/\/vof-news.eu\/es\/primer-dato-de-participacion-de-las-elecciones-en-aragon-a-las-11-de-la-manana-ha-votado-el-108\/\",\"name\":\"Primer dato de participaci\u00f3n de las elecciones en Arag\u00f3n: a las 11 de la ma\u00f1ana ha votado el 10,8% - vof-news.eu\",\"isPartOf\":{\"@id\":\"https:\/\/vof-news.eu\/es\/#website\"},\"primaryImageOfPage\":{\"@id\":\"https:\/\/vof-news.eu\/es\/primer-dato-de-participacion-de-las-elecciones-en-aragon-a-las-11-de-la-manana-ha-votado-el-108\/#primaryimage\"},\"image\":{\"@id\":\"https:\/\/vof-news.eu\/es\/primer-dato-de-participacion-de-las-elecciones-en-aragon-a-las-11-de-la-manana-ha-votado-el-108\/#primaryimage\"},\"thumbnailUrl\":\"https:\/\/vof-news.eu\/wp-content\/uploads\/2026\/02\/f6144ff0-60de-4472-a46f-e448ccafde05_16-9-discover-aspect-ratio_default_0_x1482y643.jpg\",\"datePublished\":\"2026-02-08T10:18:24+00:00\",\"dateModified\":\"2026-02-08T10:18:41+00:00\",\"author\":{\"@id\":\"https:\/\/vof-news.eu\/es\/#\/schema\/person\/f6a2a4309f0561835797fd8c19b333ed\"},\"description\":\"Se acaba de publicar el primer dato de participaci\u00f3n en las elecciones auton\u00f3micas de Arag\u00f3n de este domingo 8 de febrero. A las 11 de la ma\u00f1ana ha votado el 10,81% de los 1.036.300 aragoneses y aragonesas que est\u00e1n llamados a las urnas en esta jornada. El porcentaje no se puede comparar con el de otros a\u00f1os, ya que no hay datos disnpobles.\",\"breadcrumb\":{\"@id\":\"https:\/\/vof-news.eu\/es\/primer-dato-de-participacion-de-las-elecciones-en-aragon-a-las-11-de-la-manana-ha-votado-el-108\/#breadcrumb\"},\"inLanguage\":\"es\",\"potentialAction\":[{\"@type\":\"ReadAction\",\"target\":[\"https:\/\/vof-news.eu\/es\/primer-dato-de-participacion-de-las-elecciones-en-aragon-a-las-11-de-la-manana-ha-votado-el-108\/\"]}]},{\"@type\":\"ImageObject\",\"inLanguage\":\"es\",\"@id\":\"https:\/\/vof-news.eu\/es\/primer-dato-de-participacion-de-las-elecciones-en-aragon-a-las-11-de-la-manana-ha-votado-el-108\/#primaryimage\",\"url\":\"https:\/\/vof-news.eu\/wp-content\/uploads\/2026\/02\/f6144ff0-60de-4472-a46f-e448ccafde05_16-9-discover-aspect-ratio_default_0_x1482y643.jpg\",\"contentUrl\":\"https:\/\/vof-news.eu\/wp-content\/uploads\/2026\/02\/f6144ff0-60de-4472-a46f-e448ccafde05_16-9-discover-aspect-ratio_default_0_x1482y643.jpg\",\"width\":1200,\"height\":675},{\"@type\":\"BreadcrumbList\",\"@id\":\"https:\/\/vof-news.eu\/es\/primer-dato-de-participacion-de-las-elecciones-en-aragon-a-las-11-de-la-manana-ha-votado-el-108\/#breadcrumb\",\"itemListElement\":[{\"@type\":\"ListItem\",\"position\":1,\"name\":\"Home\",\"item\":\"https:\/\/vof-news.eu\/es\/\"},{\"@type\":\"ListItem\",\"position\":2,\"name\":\"Primer dato de participaci\u00f3n de las elecciones en Arag\u00f3n: a las 11 de la ma\u00f1ana ha votado el 10,8%\"}]},{\"@type\":\"WebSite\",\"@id\":\"https:\/\/vof-news.eu\/es\/#website\",\"url\":\"https:\/\/vof-news.eu\/es\/\",\"name\":\"vof-news.eu\",\"description\":\"\",\"potentialAction\":[{\"@type\":\"SearchAction\",\"target\":{\"@type\":\"EntryPoint\",\"urlTemplate\":\"https:\/\/vof-news.eu\/es\/?s={search_term_string}\"},\"query-input\":\"required name=search_term_string\"}],\"inLanguage\":\"es\"},{\"@type\":\"Person\",\"@id\":\"https:\/\/vof-news.eu\/es\/#\/schema\/person\/f6a2a4309f0561835797fd8c19b333ed\",\"name\":\"Author\",\"image\":{\"@type\":\"ImageObject\",\"inLanguage\":\"es\",\"@id\":\"https:\/\/vof-news.eu\/es\/#\/schema\/person\/image\/\",\"url\":\"https:\/\/secure.gravatar.com\/avatar\/b67e614b1b25b3e9c0c239efdd2fde5ab015b5affd6f1c3c85911ca4b384e790?s=96&d=mm&r=g\",\"contentUrl\":\"https:\/\/secure.gravatar.com\/avatar\/b67e614b1b25b3e9c0c239efdd2fde5ab015b5affd6f1c3c85911ca4b384e790?s=96&d=mm&r=g\",\"caption\":\"Author\"},\"sameAs\":[\"http:\/\/vof-news.eu\"],\"url\":\"https:\/\/vof-news.eu\/es\/author\/zwt6qxnjulxbnyg\/\"}]}<\/script>\n<!-- \/ Yoast SEO plugin. -->","yoast_head_json":{"title":"Primer dato de participaci\u00f3n de las elecciones en Arag\u00f3n: a las 11 de la ma\u00f1ana ha votado el 10,8% - vof-news.eu","description":"Se acaba de publicar el primer dato de participaci\u00f3n en las elecciones auton\u00f3micas de Arag\u00f3n de este domingo 8 de febrero. A las 11 de la ma\u00f1ana ha votado el 10,81% de los 1.036.300 aragoneses y aragonesas que est\u00e1n llamados a las urnas en esta jornada. El porcentaje no se puede comparar con el de otros a\u00f1os, ya que no hay datos disnpobles.","robots":{"index":"noindex","follow":"follow","max-snippet":"max-snippet:-1","max-image-preview":"max-image-preview:large","max-video-preview":"max-video-preview:-1"},"og_locale":"es_ES","og_type":"article","og_title":"Primer dato de participaci\u00f3n de las elecciones en Arag\u00f3n: a las 11 de la ma\u00f1ana ha votado el 10,8% - vof-news.eu","og_description":"Se acaba de publicar el primer dato de participaci\u00f3n en las elecciones auton\u00f3micas de Arag\u00f3n de este domingo 8 de febrero. A las 11 de la ma\u00f1ana ha votado el 10,81% de los 1.036.300 aragoneses y aragonesas que est\u00e1n llamados a las urnas en esta jornada. El porcentaje no se puede comparar con el de otros a\u00f1os, ya que no hay datos disnpobles.","og_url":"https:\/\/vof-news.eu\/es\/primer-dato-de-participacion-de-las-elecciones-en-aragon-a-las-11-de-la-manana-ha-votado-el-108\/","og_site_name":"vof-news.eu","article_published_time":"2026-02-08T10:18:24+00:00","article_modified_time":"2026-02-08T10:18:41+00:00","og_image":[{"width":1200,"height":675,"url":"https:\/\/vof-news.eu\/wp-content\/uploads\/2026\/02\/f6144ff0-60de-4472-a46f-e448ccafde05_16-9-discover-aspect-ratio_default_0_x1482y643.jpg","type":"image\/jpeg"}],"author":"Author","twitter_card":"summary_large_image","twitter_misc":{"Escrito por":"Author","Tiempo de lectura":"1 minuto"},"schema":{"@context":"https:\/\/schema.org","@graph":[{"@type":"WebPage","@id":"https:\/\/vof-news.eu\/es\/primer-dato-de-participacion-de-las-elecciones-en-aragon-a-las-11-de-la-manana-ha-votado-el-108\/","url":"https:\/\/vof-news.eu\/es\/primer-dato-de-participacion-de-las-elecciones-en-aragon-a-las-11-de-la-manana-ha-votado-el-108\/","name":"Primer dato de participaci\u00f3n de las elecciones en Arag\u00f3n: a las 11 de la ma\u00f1ana ha votado el 10,8% - vof-news.eu","isPartOf":{"@id":"https:\/\/vof-news.eu\/es\/#website"},"primaryImageOfPage":{"@id":"https:\/\/vof-news.eu\/es\/primer-dato-de-participacion-de-las-elecciones-en-aragon-a-las-11-de-la-manana-ha-votado-el-108\/#primaryimage"},"image":{"@id":"https:\/\/vof-news.eu\/es\/primer-dato-de-participacion-de-las-elecciones-en-aragon-a-las-11-de-la-manana-ha-votado-el-108\/#primaryimage"},"thumbnailUrl":"https:\/\/vof-news.eu\/wp-content\/uploads\/2026\/02\/f6144ff0-60de-4472-a46f-e448ccafde05_16-9-discover-aspect-ratio_default_0_x1482y643.jpg","datePublished":"2026-02-08T10:18:24+00:00","dateModified":"2026-02-08T10:18:41+00:00","author":{"@id":"https:\/\/vof-news.eu\/es\/#\/schema\/person\/f6a2a4309f0561835797fd8c19b333ed"},"description":"Se acaba de publicar el primer dato de participaci\u00f3n en las elecciones auton\u00f3micas de Arag\u00f3n de este domingo 8 de febrero. A las 11 de la ma\u00f1ana ha votado el 10,81% de los 1.036.300 aragoneses y aragonesas que est\u00e1n llamados a las urnas en esta jornada. El porcentaje no se puede comparar con el de otros a\u00f1os, ya que no hay datos disnpobles.","breadcrumb":{"@id":"https:\/\/vof-news.eu\/es\/primer-dato-de-participacion-de-las-elecciones-en-aragon-a-las-11-de-la-manana-ha-votado-el-108\/#breadcrumb"},"inLanguage":"es","potentialAction":[{"@type":"ReadAction","target":["https:\/\/vof-news.eu\/es\/primer-dato-de-participacion-de-las-elecciones-en-aragon-a-las-11-de-la-manana-ha-votado-el-108\/"]}]},{"@type":"ImageObject","inLanguage":"es","@id":"https:\/\/vof-news.eu\/es\/primer-dato-de-participacion-de-las-elecciones-en-aragon-a-las-11-de-la-manana-ha-votado-el-108\/#primaryimage","url":"https:\/\/vof-news.eu\/wp-content\/uploads\/2026\/02\/f6144ff0-60de-4472-a46f-e448ccafde05_16-9-discover-aspect-ratio_default_0_x1482y643.jpg","contentUrl":"https:\/\/vof-news.eu\/wp-content\/uploads\/2026\/02\/f6144ff0-60de-4472-a46f-e448ccafde05_16-9-discover-aspect-ratio_default_0_x1482y643.jpg","width":1200,"height":675},{"@type":"BreadcrumbList","@id":"https:\/\/vof-news.eu\/es\/primer-dato-de-participacion-de-las-elecciones-en-aragon-a-las-11-de-la-manana-ha-votado-el-108\/#breadcrumb","itemListElement":[{"@type":"ListItem","position":1,"name":"Home","item":"https:\/\/vof-news.eu\/es\/"},{"@type":"ListItem","position":2,"name":"Primer dato de participaci\u00f3n de las elecciones en Arag\u00f3n: a las 11 de la ma\u00f1ana ha votado el 10,8%"}]},{"@type":"WebSite","@id":"https:\/\/vof-news.eu\/es\/#website","url":"https:\/\/vof-news.eu\/es\/","name":"vof-news.eu","description":"","potentialAction":[{"@type":"SearchAction","target":{"@type":"EntryPoint","urlTemplate":"https:\/\/vof-news.eu\/es\/?s={search_term_string}"},"query-input":"required name=search_term_string"}],"inLanguage":"es"},{"@type":"Person","@id":"https:\/\/vof-news.eu\/es\/#\/schema\/person\/f6a2a4309f0561835797fd8c19b333ed","name":"Author","image":{"@type":"ImageObject","inLanguage":"es","@id":"https:\/\/vof-news.eu\/es\/#\/schema\/person\/image\/","url":"https:\/\/secure.gravatar.com\/avatar\/b67e614b1b25b3e9c0c239efdd2fde5ab015b5affd6f1c3c85911ca4b384e790?s=96&d=mm&r=g","contentUrl":"https:\/\/secure.gravatar.com\/avatar\/b67e614b1b25b3e9c0c239efdd2fde5ab015b5affd6f1c3c85911ca4b384e790?s=96&d=mm&r=g","caption":"Author"},"sameAs":["http:\/\/vof-news.eu"],"url":"https:\/\/vof-news.eu\/es\/author\/zwt6qxnjulxbnyg\/"}]}},"yoast_meta":{"yoast_wpseo_title":"","yoast_wpseo_metadesc":"","yoast_wpseo_canonical":""},"_links":{"self":[{"href":"https:\/\/vof-news.eu\/es\/wp-json\/wp\/v2\/posts\/323791","targetHints":{"allow":["GET"]}}],"collection":[{"href":"https:\/\/vof-news.eu\/es\/wp-json\/wp\/v2\/posts"}],"about":[{"href":"https:\/\/vof-news.eu\/es\/wp-json\/wp\/v2\/types\/post"}],"author":[{"embeddable":true,"href":"https:\/\/vof-news.eu\/es\/wp-json\/wp\/v2\/users\/1"}],"replies":[{"embeddable":true,"href":"https:\/\/vof-news.eu\/es\/wp-json\/wp\/v2\/comments?post=323791"}],"version-history":[{"count":1,"href":"https:\/\/vof-news.eu\/es\/wp-json\/wp\/v2\/posts\/323791\/revisions"}],"predecessor-version":[{"id":323792,"href":"https:\/\/vof-news.eu\/es\/wp-json\/wp\/v2\/posts\/323791\/revisions\/323792"}],"wp:featuredmedia":[{"embeddable":true,"href":"https:\/\/vof-news.eu\/es\/wp-json\/wp\/v2\/media\/323785"}],"wp:attachment":[{"href":"https:\/\/vof-news.eu\/es\/wp-json\/wp\/v2\/media?parent=323791"}],"wp:term":[{"taxonomy":"category","embeddable":true,"href":"https:\/\/vof-news.eu\/es\/wp-json\/wp\/v2\/categories?post=323791"},{"taxonomy":"post_tag","embeddable":true,"href":"https:\/\/vof-news.eu\/es\/wp-json\/wp\/v2\/tags?post=323791"}],"curies":[{"name":"wp","href":"https:\/\/api.w.org\/{rel}","templated":true}]}}