{"id":323769,"date":"2026-02-08T08:08:22","date_gmt":"2026-02-08T05:08:22","guid":{"rendered":"https:\/\/vof-news.eu\/aragon-mide-el-avance-ultra-y-pone-a-prueba-la-apuesta-del-pp-por-adelantar-elecciones\/"},"modified":"2026-02-08T08:08:48","modified_gmt":"2026-02-08T05:08:48","slug":"aragon-mide-el-avance-ultra-y-pone-a-prueba-la-apuesta-del-pp-por-adelantar-elecciones","status":"publish","type":"post","link":"https:\/\/vof-news.eu\/es\/aragon-mide-el-avance-ultra-y-pone-a-prueba-la-apuesta-del-pp-por-adelantar-elecciones\/","title":{"rendered":"Arag\u00f3n mide el avance ultra y pone a prueba la apuesta del PP por adelantar elecciones"},"content":{"rendered":"<div>\n<p>\n        El 15 de diciembre, el presidente auton\u00f3mico, Jorge Azc\u00f3n, anunci\u00f3 con solemnidad que <a href=\"https:\/\/www.eldiario.es\/aragon\/politica\/elecciones-aragon-8-febrero-azcon-firma-disolucion-cortes-bloqueo-oposicion_1_12846059.html\" rel=\"nofollow\">convocaba elecciones anticipadas \u201cpara que Arag\u00f3n no se detenga\u201d<\/a>. Casi dos meses despu\u00e9s, los aragoneses miden en las urnas la apuesta del PP por tratar de hundir al PSOE de Pilar Alegr\u00eda, que \u2014al igual que el resto de los partidos de izquierda\u2014 apela a la movilizaci\u00f3n para revertir los vaticinios de las encuestas. Con una extrema derecha desatada, el precio de la gobernabilidad amenaza con dispararse, lo que bloquear\u00eda la comunidad.\n    <\/p>\n<p>\n        Todo esto se juegan los m\u00e1s de un mill\u00f3n de aragoneses llamados este domingo a las urnas. <a href=\"https:\/\/www.eldiario.es\/aragon\/politica\/encuestas-aragon-anticipan-8f-atara-azcon-extrema-derecha-dibujan-psoe-baja_1_12956118.html\" rel=\"nofollow\">Las encuestas coinciden en el patr\u00f3n<\/a>: el PP apenas sube, los socialistas se hunden, Vox puede llegar a doblar su n\u00famero de esca\u00f1os y, por la izquierda, solo CHA crece. Ahora son los votantes los que deber\u00e1n hablar en las primeras elecciones anticipadas que vive Arag\u00f3n.\n    <\/p>\n<p>\n        En una versi\u00f3n dom\u00e9stica de dilema del prisionero, Azc\u00f3n opt\u00f3 en diciembre por adelantar comicios con un desenlace en mente: aunque el PP pudiera resultar malparado, el da\u00f1o causado a los socialistas, liderados por Pilar Alegr\u00eda, compensar\u00eda el riesgo. El temor para los populares es que se les haya ido de las manos. Eso es lo que pareci\u00f3 traslucirse el viernes, donde el PP dio un giro a su estrategia previa, m\u00e1s dirigida a captar todo el voto transversal posible. En el \u00faltimo d\u00eda de campa\u00f1a, tanto Azc\u00f3n como Feij\u00f3o cargaron contra la extrema derecha: \u201cCada voto a Vox permite que el populismo sea quien tenga algo que decir en Arag\u00f3n\u201d. Y, al mismo tiempo, dieron un claro toque ultra a su acto final, con Los Meconios cantando a la \u201cvuelta al 36\u201d y <a href=\"https:\/\/www.eldiario.es\/aragon\/politica\/azcon-echa-mano-agitador-ultra-vito-quiles-captar-voto-extrema-derecha-canas-simpatizantes-pp_1_12970864.html\" rel=\"nofollow\">Vito Quiles llamando \u201csimio\u201d al ministro \u00d3scar Puente<\/a> entre j\u00f3venes de Nuevas Generaciones.\n    <\/p>\n<p>\n        El PP de Azc\u00f3n, que tiene 28 diputados en las Cortes de Arag\u00f3n, sabe que dif\u00edcilmente podr\u00e1 subir m\u00e1s de uno o dos esca\u00f1os, con lo que toda opci\u00f3n aritm\u00e9tica pasar\u00eda por Vox, dado que la Coalici\u00f3n Existe \u2014con <a href=\"https:\/\/www.eldiario.es\/aragon\/politica\/tomas-guitarte-mojaremos-evitar-extrema-derecha-gobierne-aragon_1_12912610.html\" rel=\"nofollow\">Tom\u00e1s Guitarte<\/a> como candidato\u2014 se ha ido diluyendo con el paso de las semanas. Si el fracaso con los presupuestos de 2026 fue la justificaci\u00f3n de Azc\u00f3n para adelantar los comicios, la perspectiva de una nueva negociaci\u00f3n con la extrema derecha ser\u00eda as\u00ed mucho m\u00e1s compleja.\n    <\/p>\n<p>\n        Porque Vox va a subir con fuerza. Al igual que en Extremadura, el l\u00edder de la extrema derecha, Santiago Abascal, se ha convertido en candidato de facto de la formaci\u00f3n ultra en este 8F, con el aspirante de iure, Alejandro Nolasco, en un continuo segundo plano. Abascal ha recorrido decenas de municipios aragoneses con actos abiertos y multitudinarios. Desde los siete esca\u00f1os actuales, los sondeos vaticinan que Vox puede llegar a duplicar su presencia en la C\u00e1mara. La ola populista, de car\u00e1cter global, tambi\u00e9n se ha desplegado en Arag\u00f3n.\n    <\/p>\n<h2>Control de da\u00f1os en el PSOE<\/h2>\n<p>\n        En el otro lado, el PSOE aragon\u00e9s intenta apelar a la movilizaci\u00f3n para tratar de mitigar los da\u00f1os. Pilar Alegr\u00eda abre la veda de exministros y exministras convertidos en candidatos de sus comunidades aut\u00f3nomas, dentro de la planificaci\u00f3n trazada desde Ferraz, por lo que los resultados de los socialistas en estas elecciones pueden tener unas consecuencias dif\u00edciles de calibrar. A nivel interno, la renovaci\u00f3n en el partido, tras la derrota del fallecido Javier Lamb\u00e1n en mayo de 2023, ha dejado cabos sueltos y en funci\u00f3n del n\u00famero de diputados que obtenga Alegr\u00eda surgir\u00e1n voces cr\u00edticas.\n    <\/p>\n<p>\n        La candidata socialista, que este s\u00e1bado ha vuelto a llamar a la participaci\u00f3n ante la \u201ccompetici\u00f3n\u201d de \u201cdifamaciones\u201d de PP y Vox contra ella, ha protagonizado una campa\u00f1a distinta, centrada en actos peque\u00f1os, solo con simpatizantes y afiliados, y muy ligada a las redes sociales. El hecho de que haya sido dise\u00f1ada desde Madrid ha causado mucho malestar en el partido, aunque por ahora estas voces prefieren guardar silencio a la espera de la noche electoral. El \u00faltimo mitin, eso s\u00ed, ha servido para insuflar \u00e1nimos: la <a href=\"https:\/\/www.eldiario.es\/politica\/pedro-sanchez-acusacion-acoso-alcalde-mostoles-pp-dan-verguenza-apoyar-acosador-no-victima_1_12969717.html\" rel=\"nofollow\">entrada de Pedro S\u00e1nchez al acto en Zaragoza<\/a>, con una sala llena y cientos de personas sin poder acceder, y la arenga del l\u00edder socialista ha dado esperanzas a los cuadros de la formaci\u00f3n. El sanchismo sigue teniendo tir\u00f3n.\n    <\/p>\n<p>\n        Ante la quimera de repetir los 23 esca\u00f1os de Lamb\u00e1n hace tres a\u00f1os, los socialistas se asoman al precipicio: alcanzar o superar los 20 diputados ser\u00eda un gran resultado; quedarse en los 18 del exdirigente ejeano en 2015 puede servir para armar el relato, pero dif\u00edcilmente satisfar\u00e1 a los descontentos; y debajo de eso, el abismo.\n    <\/p>\n<h2>El lastre de la falta de unidad en la izquierda<\/h2>\n<p>\n        Buena parte de la fuga de voto socialista puede acabar en Chunta Aragonesista, cuyo candidato, Jorge Pueyo, ha ofrecido un rendimiento notable, especialmente en los dos debates a ocho en televisi\u00f3n: a ratos, \u00e9l mismo parec\u00eda m\u00e1s l\u00edder de la oposici\u00f3n que la propia Alegr\u00eda. Los tres diputados de la formaci\u00f3n en la actualidad se pueden quedar cortos, y el objetivo es aumentar uno en Zaragoza (hasta tres) y otro en Huesca (hasta dos). Insuficiente, en todo caso, para articular una mayor\u00eda de izquierdas.\n    <\/p>\n<p>\n        Porque, adem\u00e1s, la falta de unidad entre Izquierda Unida-Sumar y Podemos lastrar\u00e1 de nuevo el voto progresista en Arag\u00f3n. La perspectiva es que los primeros se queden con el esca\u00f1o que ya tienen en la circunscripci\u00f3n zaragozana o que doblen su representaci\u00f3n, mientras que la formaci\u00f3n morada lo tiene muy complicado; juntos, es probable que ambos garantizaran m\u00e1s diputados.\n    <\/p>\n<p>\n        Y a esto se suma la agon\u00eda de la coalici\u00f3n Arag\u00f3n-Teruel Existe en los \u00faltimos d\u00edas de campa\u00f1a, cuando una pol\u00e9mica que <a href=\"https:\/\/www.eldiario.es\/aragon\/politica\/firma-mujer-guitarte-existe-recibio-contratos-gobierno-azcon-pese-cargo-diputacion-teruel_1_12963748.html\" rel=\"nofollow\">ha involucrado a la mujer del candidato<\/a>, Tom\u00e1s Guitarte, ha dejado descolocada a la formaci\u00f3n. Los sondeos pronostican que no podr\u00e1 retener los tres diputados que tiene en Teruel, aunque en esta circunscripci\u00f3n se prev\u00e9 que algunos esca\u00f1os dependan de un pu\u00f1ado de votos.\n    <\/p>\n<\/div>\n","protected":false},"excerpt":{"rendered":"<p>El 15 de diciembre, el presidente auton\u00f3mico, Jorge Azc\u00f3n, anunci\u00f3 con solemnidad que convocaba elecciones anticipadas \u201cpara que Arag\u00f3n no se detenga\u201d. Casi dos meses despu\u00e9s, los aragoneses miden en las urnas la apuesta del PP por tratar de hundir al PSOE de Pilar Alegr\u00eda, que \u2014al igual que el resto de los partidos de<\/p>\n","protected":false},"author":1,"featured_media":323762,"comment_status":"open","ping_status":"open","sticky":false,"template":"","format":"standard","meta":{"footnotes":""},"categories":[47],"tags":[],"class_list":["post-323769","post","type-post","status-publish","format-standard","has-post-thumbnail","hentry","category-interview-es"],"acf":[],"yoast_head":"<!-- This site is optimized with the Yoast SEO plugin v22.9 - https:\/\/yoast.com\/wordpress\/plugins\/seo\/ -->\n<title>Arag\u00f3n mide el avance ultra y pone a prueba la apuesta del PP por adelantar elecciones - vof-news.eu<\/title>\n<meta name=\"description\" content=\"El 15 de diciembre, el presidente auton\u00f3mico, Jorge Azc\u00f3n, anunci\u00f3 con solemnidad que convocaba elecciones anticipadas \u201cpara que Arag\u00f3n no se detenga\u201d. Casi dos meses despu\u00e9s, los aragoneses miden en las urnas la apuesta del PP por tratar de hundir al PSOE de Pilar Alegr\u00eda, que \u2014al igual que el resto de los partidos de izquierda\u2014 apela a la movilizaci\u00f3n para revertir los vaticinios de las encuestas. Con una extrema derecha desatada, el precio de la gobernabilidad amenaza con dispararse, lo que bloquear\u00eda la comunidad.\" \/>\n<meta name=\"robots\" content=\"noindex, follow, max-snippet:-1, max-image-preview:large, max-video-preview:-1\" \/>\n<meta property=\"og:locale\" content=\"es_ES\" \/>\n<meta property=\"og:type\" content=\"article\" \/>\n<meta property=\"og:title\" content=\"Arag\u00f3n mide el avance ultra y pone a prueba la apuesta del PP por adelantar elecciones - vof-news.eu\" \/>\n<meta property=\"og:description\" content=\"El 15 de diciembre, el presidente auton\u00f3mico, Jorge Azc\u00f3n, anunci\u00f3 con solemnidad que convocaba elecciones anticipadas \u201cpara que Arag\u00f3n no se detenga\u201d. Casi dos meses despu\u00e9s, los aragoneses miden en las urnas la apuesta del PP por tratar de hundir al PSOE de Pilar Alegr\u00eda, que \u2014al igual que el resto de los partidos de izquierda\u2014 apela a la movilizaci\u00f3n para revertir los vaticinios de las encuestas. Con una extrema derecha desatada, el precio de la gobernabilidad amenaza con dispararse, lo que bloquear\u00eda la comunidad.\" \/>\n<meta property=\"og:url\" content=\"https:\/\/vof-news.eu\/es\/aragon-mide-el-avance-ultra-y-pone-a-prueba-la-apuesta-del-pp-por-adelantar-elecciones\/\" \/>\n<meta property=\"og:site_name\" content=\"vof-news.eu\" \/>\n<meta property=\"article:published_time\" content=\"2026-02-08T05:08:22+00:00\" \/>\n<meta property=\"article:modified_time\" content=\"2026-02-08T05:08:48+00:00\" \/>\n<meta property=\"og:image\" content=\"https:\/\/vof-news.eu\/wp-content\/uploads\/2026\/02\/75562515-1cef-4068-85f2-dc29fa3084f3_16-9-discover-aspect-ratio_default_1136048.jpg\" \/>\n\t<meta property=\"og:image:width\" content=\"1200\" \/>\n\t<meta property=\"og:image:height\" content=\"675\" \/>\n\t<meta property=\"og:image:type\" content=\"image\/jpeg\" \/>\n<meta name=\"author\" content=\"Author\" \/>\n<meta name=\"twitter:card\" content=\"summary_large_image\" \/>\n<meta name=\"twitter:label1\" content=\"Escrito por\" \/>\n\t<meta name=\"twitter:data1\" content=\"Author\" \/>\n\t<meta name=\"twitter:label2\" content=\"Tiempo de lectura\" \/>\n\t<meta name=\"twitter:data2\" content=\"5 minutos\" \/>\n<script type=\"application\/ld+json\" class=\"yoast-schema-graph\">{\"@context\":\"https:\/\/schema.org\",\"@graph\":[{\"@type\":\"WebPage\",\"@id\":\"https:\/\/vof-news.eu\/es\/aragon-mide-el-avance-ultra-y-pone-a-prueba-la-apuesta-del-pp-por-adelantar-elecciones\/\",\"url\":\"https:\/\/vof-news.eu\/es\/aragon-mide-el-avance-ultra-y-pone-a-prueba-la-apuesta-del-pp-por-adelantar-elecciones\/\",\"name\":\"Arag\u00f3n mide el avance ultra y pone a prueba la apuesta del PP por adelantar elecciones - vof-news.eu\",\"isPartOf\":{\"@id\":\"https:\/\/vof-news.eu\/es\/#website\"},\"primaryImageOfPage\":{\"@id\":\"https:\/\/vof-news.eu\/es\/aragon-mide-el-avance-ultra-y-pone-a-prueba-la-apuesta-del-pp-por-adelantar-elecciones\/#primaryimage\"},\"image\":{\"@id\":\"https:\/\/vof-news.eu\/es\/aragon-mide-el-avance-ultra-y-pone-a-prueba-la-apuesta-del-pp-por-adelantar-elecciones\/#primaryimage\"},\"thumbnailUrl\":\"https:\/\/vof-news.eu\/wp-content\/uploads\/2026\/02\/75562515-1cef-4068-85f2-dc29fa3084f3_16-9-discover-aspect-ratio_default_1136048.jpg\",\"datePublished\":\"2026-02-08T05:08:22+00:00\",\"dateModified\":\"2026-02-08T05:08:48+00:00\",\"author\":{\"@id\":\"https:\/\/vof-news.eu\/es\/#\/schema\/person\/f6a2a4309f0561835797fd8c19b333ed\"},\"description\":\"El 15 de diciembre, el presidente auton\u00f3mico, Jorge Azc\u00f3n, anunci\u00f3 con solemnidad que convocaba elecciones anticipadas \u201cpara que Arag\u00f3n no se detenga\u201d. Casi dos meses despu\u00e9s, los aragoneses miden en las urnas la apuesta del PP por tratar de hundir al PSOE de Pilar Alegr\u00eda, que \u2014al igual que el resto de los partidos de izquierda\u2014 apela a la movilizaci\u00f3n para revertir los vaticinios de las encuestas. Con una extrema derecha desatada, el precio de la gobernabilidad amenaza con dispararse, lo que bloquear\u00eda la comunidad.\",\"breadcrumb\":{\"@id\":\"https:\/\/vof-news.eu\/es\/aragon-mide-el-avance-ultra-y-pone-a-prueba-la-apuesta-del-pp-por-adelantar-elecciones\/#breadcrumb\"},\"inLanguage\":\"es\",\"potentialAction\":[{\"@type\":\"ReadAction\",\"target\":[\"https:\/\/vof-news.eu\/es\/aragon-mide-el-avance-ultra-y-pone-a-prueba-la-apuesta-del-pp-por-adelantar-elecciones\/\"]}]},{\"@type\":\"ImageObject\",\"inLanguage\":\"es\",\"@id\":\"https:\/\/vof-news.eu\/es\/aragon-mide-el-avance-ultra-y-pone-a-prueba-la-apuesta-del-pp-por-adelantar-elecciones\/#primaryimage\",\"url\":\"https:\/\/vof-news.eu\/wp-content\/uploads\/2026\/02\/75562515-1cef-4068-85f2-dc29fa3084f3_16-9-discover-aspect-ratio_default_1136048.jpg\",\"contentUrl\":\"https:\/\/vof-news.eu\/wp-content\/uploads\/2026\/02\/75562515-1cef-4068-85f2-dc29fa3084f3_16-9-discover-aspect-ratio_default_1136048.jpg\",\"width\":1200,\"height\":675,\"caption\":\"El presidente del Gobierno de Arag\u00f3n, Jorge Azc\u00f3n, en su visita el pasado lunes a las obras de la primera fase de vivienda p\u00fablica del antiguo cuartel de La Merced en Huesca. EFE\/Javier Blasco\"},{\"@type\":\"BreadcrumbList\",\"@id\":\"https:\/\/vof-news.eu\/es\/aragon-mide-el-avance-ultra-y-pone-a-prueba-la-apuesta-del-pp-por-adelantar-elecciones\/#breadcrumb\",\"itemListElement\":[{\"@type\":\"ListItem\",\"position\":1,\"name\":\"Home\",\"item\":\"https:\/\/vof-news.eu\/es\/\"},{\"@type\":\"ListItem\",\"position\":2,\"name\":\"Arag\u00f3n mide el avance ultra y pone a prueba la apuesta del PP por adelantar elecciones\"}]},{\"@type\":\"WebSite\",\"@id\":\"https:\/\/vof-news.eu\/es\/#website\",\"url\":\"https:\/\/vof-news.eu\/es\/\",\"name\":\"vof-news.eu\",\"description\":\"\",\"potentialAction\":[{\"@type\":\"SearchAction\",\"target\":{\"@type\":\"EntryPoint\",\"urlTemplate\":\"https:\/\/vof-news.eu\/es\/?s={search_term_string}\"},\"query-input\":\"required name=search_term_string\"}],\"inLanguage\":\"es\"},{\"@type\":\"Person\",\"@id\":\"https:\/\/vof-news.eu\/es\/#\/schema\/person\/f6a2a4309f0561835797fd8c19b333ed\",\"name\":\"Author\",\"image\":{\"@type\":\"ImageObject\",\"inLanguage\":\"es\",\"@id\":\"https:\/\/vof-news.eu\/es\/#\/schema\/person\/image\/\",\"url\":\"https:\/\/secure.gravatar.com\/avatar\/b67e614b1b25b3e9c0c239efdd2fde5ab015b5affd6f1c3c85911ca4b384e790?s=96&d=mm&r=g\",\"contentUrl\":\"https:\/\/secure.gravatar.com\/avatar\/b67e614b1b25b3e9c0c239efdd2fde5ab015b5affd6f1c3c85911ca4b384e790?s=96&d=mm&r=g\",\"caption\":\"Author\"},\"sameAs\":[\"http:\/\/vof-news.eu\"],\"url\":\"https:\/\/vof-news.eu\/es\/author\/zwt6qxnjulxbnyg\/\"}]}<\/script>\n<!-- \/ Yoast SEO plugin. -->","yoast_head_json":{"title":"Arag\u00f3n mide el avance ultra y pone a prueba la apuesta del PP por adelantar elecciones - vof-news.eu","description":"El 15 de diciembre, el presidente auton\u00f3mico, Jorge Azc\u00f3n, anunci\u00f3 con solemnidad que convocaba elecciones anticipadas \u201cpara que Arag\u00f3n no se detenga\u201d. Casi dos meses despu\u00e9s, los aragoneses miden en las urnas la apuesta del PP por tratar de hundir al PSOE de Pilar Alegr\u00eda, que \u2014al igual que el resto de los partidos de izquierda\u2014 apela a la movilizaci\u00f3n para revertir los vaticinios de las encuestas. Con una extrema derecha desatada, el precio de la gobernabilidad amenaza con dispararse, lo que bloquear\u00eda la comunidad.","robots":{"index":"noindex","follow":"follow","max-snippet":"max-snippet:-1","max-image-preview":"max-image-preview:large","max-video-preview":"max-video-preview:-1"},"og_locale":"es_ES","og_type":"article","og_title":"Arag\u00f3n mide el avance ultra y pone a prueba la apuesta del PP por adelantar elecciones - vof-news.eu","og_description":"El 15 de diciembre, el presidente auton\u00f3mico, Jorge Azc\u00f3n, anunci\u00f3 con solemnidad que convocaba elecciones anticipadas \u201cpara que Arag\u00f3n no se detenga\u201d. Casi dos meses despu\u00e9s, los aragoneses miden en las urnas la apuesta del PP por tratar de hundir al PSOE de Pilar Alegr\u00eda, que \u2014al igual que el resto de los partidos de izquierda\u2014 apela a la movilizaci\u00f3n para revertir los vaticinios de las encuestas. Con una extrema derecha desatada, el precio de la gobernabilidad amenaza con dispararse, lo que bloquear\u00eda la comunidad.","og_url":"https:\/\/vof-news.eu\/es\/aragon-mide-el-avance-ultra-y-pone-a-prueba-la-apuesta-del-pp-por-adelantar-elecciones\/","og_site_name":"vof-news.eu","article_published_time":"2026-02-08T05:08:22+00:00","article_modified_time":"2026-02-08T05:08:48+00:00","og_image":[{"width":1200,"height":675,"url":"https:\/\/vof-news.eu\/wp-content\/uploads\/2026\/02\/75562515-1cef-4068-85f2-dc29fa3084f3_16-9-discover-aspect-ratio_default_1136048.jpg","type":"image\/jpeg"}],"author":"Author","twitter_card":"summary_large_image","twitter_misc":{"Escrito por":"Author","Tiempo de lectura":"5 minutos"},"schema":{"@context":"https:\/\/schema.org","@graph":[{"@type":"WebPage","@id":"https:\/\/vof-news.eu\/es\/aragon-mide-el-avance-ultra-y-pone-a-prueba-la-apuesta-del-pp-por-adelantar-elecciones\/","url":"https:\/\/vof-news.eu\/es\/aragon-mide-el-avance-ultra-y-pone-a-prueba-la-apuesta-del-pp-por-adelantar-elecciones\/","name":"Arag\u00f3n mide el avance ultra y pone a prueba la apuesta del PP por adelantar elecciones - vof-news.eu","isPartOf":{"@id":"https:\/\/vof-news.eu\/es\/#website"},"primaryImageOfPage":{"@id":"https:\/\/vof-news.eu\/es\/aragon-mide-el-avance-ultra-y-pone-a-prueba-la-apuesta-del-pp-por-adelantar-elecciones\/#primaryimage"},"image":{"@id":"https:\/\/vof-news.eu\/es\/aragon-mide-el-avance-ultra-y-pone-a-prueba-la-apuesta-del-pp-por-adelantar-elecciones\/#primaryimage"},"thumbnailUrl":"https:\/\/vof-news.eu\/wp-content\/uploads\/2026\/02\/75562515-1cef-4068-85f2-dc29fa3084f3_16-9-discover-aspect-ratio_default_1136048.jpg","datePublished":"2026-02-08T05:08:22+00:00","dateModified":"2026-02-08T05:08:48+00:00","author":{"@id":"https:\/\/vof-news.eu\/es\/#\/schema\/person\/f6a2a4309f0561835797fd8c19b333ed"},"description":"El 15 de diciembre, el presidente auton\u00f3mico, Jorge Azc\u00f3n, anunci\u00f3 con solemnidad que convocaba elecciones anticipadas \u201cpara que Arag\u00f3n no se detenga\u201d. Casi dos meses despu\u00e9s, los aragoneses miden en las urnas la apuesta del PP por tratar de hundir al PSOE de Pilar Alegr\u00eda, que \u2014al igual que el resto de los partidos de izquierda\u2014 apela a la movilizaci\u00f3n para revertir los vaticinios de las encuestas. Con una extrema derecha desatada, el precio de la gobernabilidad amenaza con dispararse, lo que bloquear\u00eda la comunidad.","breadcrumb":{"@id":"https:\/\/vof-news.eu\/es\/aragon-mide-el-avance-ultra-y-pone-a-prueba-la-apuesta-del-pp-por-adelantar-elecciones\/#breadcrumb"},"inLanguage":"es","potentialAction":[{"@type":"ReadAction","target":["https:\/\/vof-news.eu\/es\/aragon-mide-el-avance-ultra-y-pone-a-prueba-la-apuesta-del-pp-por-adelantar-elecciones\/"]}]},{"@type":"ImageObject","inLanguage":"es","@id":"https:\/\/vof-news.eu\/es\/aragon-mide-el-avance-ultra-y-pone-a-prueba-la-apuesta-del-pp-por-adelantar-elecciones\/#primaryimage","url":"https:\/\/vof-news.eu\/wp-content\/uploads\/2026\/02\/75562515-1cef-4068-85f2-dc29fa3084f3_16-9-discover-aspect-ratio_default_1136048.jpg","contentUrl":"https:\/\/vof-news.eu\/wp-content\/uploads\/2026\/02\/75562515-1cef-4068-85f2-dc29fa3084f3_16-9-discover-aspect-ratio_default_1136048.jpg","width":1200,"height":675,"caption":"El presidente del Gobierno de Arag\u00f3n, Jorge Azc\u00f3n, en su visita el pasado lunes a las obras de la primera fase de vivienda p\u00fablica del antiguo cuartel de La Merced en Huesca. EFE\/Javier Blasco"},{"@type":"BreadcrumbList","@id":"https:\/\/vof-news.eu\/es\/aragon-mide-el-avance-ultra-y-pone-a-prueba-la-apuesta-del-pp-por-adelantar-elecciones\/#breadcrumb","itemListElement":[{"@type":"ListItem","position":1,"name":"Home","item":"https:\/\/vof-news.eu\/es\/"},{"@type":"ListItem","position":2,"name":"Arag\u00f3n mide el avance ultra y pone a prueba la apuesta del PP por adelantar elecciones"}]},{"@type":"WebSite","@id":"https:\/\/vof-news.eu\/es\/#website","url":"https:\/\/vof-news.eu\/es\/","name":"vof-news.eu","description":"","potentialAction":[{"@type":"SearchAction","target":{"@type":"EntryPoint","urlTemplate":"https:\/\/vof-news.eu\/es\/?s={search_term_string}"},"query-input":"required name=search_term_string"}],"inLanguage":"es"},{"@type":"Person","@id":"https:\/\/vof-news.eu\/es\/#\/schema\/person\/f6a2a4309f0561835797fd8c19b333ed","name":"Author","image":{"@type":"ImageObject","inLanguage":"es","@id":"https:\/\/vof-news.eu\/es\/#\/schema\/person\/image\/","url":"https:\/\/secure.gravatar.com\/avatar\/b67e614b1b25b3e9c0c239efdd2fde5ab015b5affd6f1c3c85911ca4b384e790?s=96&d=mm&r=g","contentUrl":"https:\/\/secure.gravatar.com\/avatar\/b67e614b1b25b3e9c0c239efdd2fde5ab015b5affd6f1c3c85911ca4b384e790?s=96&d=mm&r=g","caption":"Author"},"sameAs":["http:\/\/vof-news.eu"],"url":"https:\/\/vof-news.eu\/es\/author\/zwt6qxnjulxbnyg\/"}]}},"yoast_meta":{"yoast_wpseo_title":"","yoast_wpseo_metadesc":"","yoast_wpseo_canonical":""},"_links":{"self":[{"href":"https:\/\/vof-news.eu\/es\/wp-json\/wp\/v2\/posts\/323769","targetHints":{"allow":["GET"]}}],"collection":[{"href":"https:\/\/vof-news.eu\/es\/wp-json\/wp\/v2\/posts"}],"about":[{"href":"https:\/\/vof-news.eu\/es\/wp-json\/wp\/v2\/types\/post"}],"author":[{"embeddable":true,"href":"https:\/\/vof-news.eu\/es\/wp-json\/wp\/v2\/users\/1"}],"replies":[{"embeddable":true,"href":"https:\/\/vof-news.eu\/es\/wp-json\/wp\/v2\/comments?post=323769"}],"version-history":[{"count":1,"href":"https:\/\/vof-news.eu\/es\/wp-json\/wp\/v2\/posts\/323769\/revisions"}],"predecessor-version":[{"id":323770,"href":"https:\/\/vof-news.eu\/es\/wp-json\/wp\/v2\/posts\/323769\/revisions\/323770"}],"wp:featuredmedia":[{"embeddable":true,"href":"https:\/\/vof-news.eu\/es\/wp-json\/wp\/v2\/media\/323762"}],"wp:attachment":[{"href":"https:\/\/vof-news.eu\/es\/wp-json\/wp\/v2\/media?parent=323769"}],"wp:term":[{"taxonomy":"category","embeddable":true,"href":"https:\/\/vof-news.eu\/es\/wp-json\/wp\/v2\/categories?post=323769"},{"taxonomy":"post_tag","embeddable":true,"href":"https:\/\/vof-news.eu\/es\/wp-json\/wp\/v2\/tags?post=323769"}],"curies":[{"name":"wp","href":"https:\/\/api.w.org\/{rel}","templated":true}]}}