{"id":323768,"date":"2026-02-08T08:08:19","date_gmt":"2026-02-08T05:08:19","guid":{"rendered":"https:\/\/vof-news.eu\/sanchez-y-feijoo-se-miden-ahora-en-aragon-con-una-inflamada-inercia-nacional-de-la-que-solo-saca-redito-la-ultraderecha-de-vox\/"},"modified":"2026-02-08T08:08:47","modified_gmt":"2026-02-08T05:08:47","slug":"sanchez-y-feijoo-se-miden-ahora-en-aragon-con-una-inflamada-inercia-nacional-de-la-que-solo-saca-redito-la-ultraderecha-de-vox","status":"publish","type":"post","link":"https:\/\/vof-news.eu\/es\/sanchez-y-feijoo-se-miden-ahora-en-aragon-con-una-inflamada-inercia-nacional-de-la-que-solo-saca-redito-la-ultraderecha-de-vox\/","title":{"rendered":"S\u00e1nchez y Feij\u00f3o se miden ahora en Arag\u00f3n con una inflamada inercia nacional de la que solo saca r\u00e9dito la ultraderecha de Vox"},"content":{"rendered":"<div>\n<p>\n        Ni Arag\u00f3n es Extremadura ni Pilar Alegr\u00eda es <a href=\"https:\/\/www.eldiario.es\/extremadura\/miguel-angel-gallardo-dimitira-tarde-batacazo-psoe-extremadura_1_12862936.html\" rel=\"nofollow\">Miguel \u00c1ngel Gallardo<\/a>, pero todo apunta a una nueva derrota del PSOE este domingo y a una victoria holgada del PP que, lejos de zafarse de Vox, aumentar\u00e1 su dependencia de los ultras. Jorge Azc\u00f3n s\u00ed es en este caso Mar\u00eda Guardiola porque, como la extreme\u00f1a, habr\u00e1 anticipado\u00a0de forma bald\u00eda unas elecciones que no tocaban hasta mayo de 2027 y tras las que tendr\u00e1 que formar gobierno con la ultraderecha. Todo en un contexto de constante zumbido y en el que el debate nacional se ha impuesto al auton\u00f3mico con asuntos como <a href=\"https:\/\/www.eldiario.es\/andalucia\/rostros-tragedia-adamuz-45-vidas-truncadas-apenas-segundos_1_12926383.html\" rel=\"nofollow\">el tr\u00e1gico accidente de ferrocarril en Adamuz<\/a>, la denuncia por <a href=\"https:\/\/www.eldiario.es\/madrid\/direccion-pp-madrid-presiono-concejala-no-denunciase-acoso-sexual-alcalde-mostoles_1_12964377.html\" rel=\"nofollow\">acoso sexual de una exconcejal del PP contra el alcalde de M\u00f3stoles<\/a> que ignoraron Ayuso y sus adl\u00e1teres, el caso Koldo\/\u00c1balos y <a href=\"https:\/\/www.eldiario.es\/politica\/denuncias-paco-salazar-subia-bragueta-cara-escenificaba-felaciones-pedia-vernos-escote_1_12807016.html\" rel=\"nofollow\">el esc\u00e1ndalo Salazar.\u00a0<\/a>\n<\/p>\n<p>\n        Y es que las elecciones de este domingo no van de Azc\u00f3n o Alegr\u00eda, ni siquiera de pol\u00edticas p\u00fablicas, cohesi\u00f3n territorial o problemas demogr\u00e1ficos, sino de un nuevo term\u00f3metro con el que medir el estado de \u00e1nimo de los espa\u00f1oles sobre el \u201csanchismo\u201d. A falta de unas elecciones generales anticipadas, como reclama el PP casi desde el d\u00eda siguiente a que se formase gobierno en 2023, Feij\u00f3o ha convertido Arag\u00f3n, como ya hizo el pasado diciembre en Extremadura, en un term\u00f3metro sobre el presidente del Gobierno. En marzo, har\u00e1 lo propio en Castilla y Le\u00f3n y en junio, en Andaluc\u00eda. En este \u00faltimo caso bien es verdad que tendr\u00e1 que contar para ello con la anuencia de Juanma Moreno, que suele alejarse lo m\u00e1ximo posible de los l\u00edos nacionales y de la inflamada estrategia de los inquilinos de G\u00e9nova, que es lo que le dio la mayor\u00eda absoluta en 2023.\n    <\/p>\n<h2>Las campa\u00f1as no le sientan bien al PP<\/h2>\n<p>\n        El caso es que si algo ha confirmado la demoscopia en estos \u00faltimos d\u00edas de contienda electoral es que las campa\u00f1as no le sientan bien a los de Feij\u00f3o. De hecho, muy mal han tenido que ver\u00a0en la calle G\u00e9nova su evoluci\u00f3n en Arag\u00f3n para tener el arrojo de <a href=\"https:\/\/www.eldiario.es\/aragon\/politica\/pp-aragones-recurre-agitador-vito-quiles-grupo-canta-vamos-volver-36-cierre-campana_1_12967945.html\" rel=\"nofollow\">incluir en un mismo cartel de fin de campa\u00f1a a Alberto N\u00fa\u00f1ez Feij\u00f3o y al bulero, agitador y acosador de periodistas y pol\u00edticos de izquierdas Vito Quiles<\/a>. Ni echado en los brazos de la ultraderecha el PP logra desprenderse de la presi\u00f3n de Vox y su dependencia de los de Abascal para llegar a los gobiernos. Y eso que la mentira, la desinformaci\u00f3n y la deshumanizaci\u00f3n del adversario forman parte del modus operandi de un partido gobernado por alguien que se present\u00f3 como el gran pacificador de una pol\u00edtica de furia y ruido a la que llegaba para introducir di\u00e1logo y moderaci\u00f3n.\u00a0\n    <\/p>\n<p>\n        En un mundo, que ya es el mundo de Trump y los ultraderechistas, Feij\u00f3o se mueve en el insulto, la mentira y la confrontaci\u00f3n con la misma soltura que Ayuso, Abascal, Milei o el presidente de los <a href=\"https:\/\/www.eldiario.eshttp:\/\/ee.uu\" rel=\"nofollow\">EEUU<\/a>. No solo ha hecho suya gran parte de las guerras culturales de la ultraderecha, como la de la inmigraci\u00f3n, sino que se desenvuelve en el barro cual facoquero. Un d\u00eda los suyos difunden informaciones comprobadamente falsas como la publicada en ABC sobre la participaci\u00f3n en la campa\u00f1a de Pilar Alegr\u00eda del destituido Francisco Salazar tras varias denuncias de acoso sexual de trabajadoras de la Moncloa; otro votan junto a Vox una iniciativa que establece <a href=\"https:\/\/www.eldiario.es\/politica\/pp-vox-lanzan-ley-proteger-simbolos-oficiales-delacion-funcionarios-despidos-colocar-banderas-partidistas-palestina_1_12961264.html\" rel=\"nofollow\">el cese y la inhabilitaci\u00f3n de funcionarios p\u00fablicos<\/a> por tener en sus despachos distintivos considerados \u201cpartidistas\u201d y, al siguiente, normalizan el <a href=\"https:\/\/www.eldiario.es\/politica\/pedro-sanchez-hijo-puta-oposicion-normaliza-insulto-politica_1_12956769.html\" rel=\"nofollow\">\u201cPedro S\u00e1nchez, hijo de puta\u201d que profiri\u00f3 una concejal del PP <\/a>en un mitin del presidente del Gobierno.\n    <\/p>\n<p>\n        Pues ni con esas logra Feij\u00f3o frenar el auge de Vox. La \u00faltima semana de campa\u00f1a todos los internos y externos que han llegado a la sede popular detectaron un PP a la baja respecto al inicio de la carrera electoral. El tr\u00e1gico accidente de Adamuz si a alguien ha beneficiado ha sido a la ultraderecha de Abascal, que como ya ocurri\u00f3 en Extremadura podr\u00eda casi doblar el n\u00famero de diputados que hoy tiene en las Cortes de Arag\u00f3n, ya que se mueve en una horquilla de entre 11 y 13 parlamentarios.\u00a0\n    <\/p>\n<h2>Una regi\u00f3n sin mayor\u00edas absolutas<\/h2>\n<p>\n        El PP se quedar\u00eda con los actuales 28 e incluso podr\u00eda bajar un diputado frente a un PSOE que roza su peor resultado con los 18 parlamentarios que sum\u00f3 en 2015 mientras que la izquierda de Podemos y el PAR desaparecer\u00edan e IU se quedar\u00eda con un \u00fanico diputado. En una regi\u00f3n en la que nunca ha habido mayor\u00edas absolutas, las \u00fanicas inc\u00f3gnitas por despejar esta noche son el suelo de los socialistas, hasta donde llega la dependencia de Azc\u00f3n de los de Abascal y si su maltrecha relaci\u00f3n con el candidato de Vox, Alejandro Nolasco, le permitir\u00e1 o no formar gobierno, despu\u00e9s de haber convocado anticipadamente los comicios.\n    <\/p>\n<p>\n        Nada de todo ello evitar\u00e1 lecturas sobre un castigo severo al PSOE, que con una econom\u00eda y un mercado laboral boyante, aventura una crisis de credibilidad importante no tanto de la marca como del presidente del Gobierno. Entre cuadros y dirigentes todo lo achacan a las intensas campa\u00f1as de deshumanizaci\u00f3n de Pedro S\u00e1nchez, al acoso judicial, la difusi\u00f3n de bulos y los ataques sistem\u00e1ticos de medios perfectamente sincronizados con la derecha pol\u00edtica. La oposici\u00f3n cree sencillamente que es consecuencia de \u201cuna corrupci\u00f3n estructural\u201d \u2014que no es tal\u2014 y a la gesti\u00f3n de un \u201cgobierno negligente\u201d. Y algunos soci\u00f3logos advierten que el resultado de las urnas en Arag\u00f3n, como el que sali\u00f3 de Extremadura, puede ser una versi\u00f3n extrema del desgaste de los socialistas que puede llevar al PP a interpretaciones precipitadas como le ocurri\u00f3 en 2023.\n    <\/p>\n<h2>Alegr\u00eda se quedar\u00e1 en la regi\u00f3n<\/h2>\n<p>\n        S\u00e1nchez se enfrenta tambi\u00e9n, con la candidatura de Pilar Alegr\u00eda, a un fracaso seguro con su primer experimento de convertir en candidatos a elecciones auton\u00f3micas a sus\u00a0ministros. Su estrategia de usar La Moncloa como trampol\u00edn para tratar de recuperar poder tras la debacle que sufri\u00f3 el PSOE en las auton\u00f3micas de 2023 pasa este domingo su primer examen con Pilar Alegr\u00eda, exministra de Educaci\u00f3n y Deportes y ex portavoz del Gobierno. Adem\u00e1s de la candidata por Arag\u00f3n otros cuatro socialistas que hoy se sientan en el Consejo de Ministros pasar\u00e1n por el mismo trance. En junio, Mar\u00eda Jes\u00fas Montero, en Andaluc\u00eda, donde sus posibilidades de sacar al PSOE de la depresi\u00f3n profunda y avanzar posiciones respecto al resultado de su antecesor, Juan Espadas, son pr\u00e1cticamente nulas. Y en mayo de 2027 ser\u00e1 el turno de Diana Morant (Comunitat Valenciana), \u00d3scar L\u00f3pez (Madrid) y \u00c1ngel V\u00edctor Torres (Canarias). A ninguno de ellos, aunque con matices, se les atribuye mejor suerte que la de un asiento seguro en la oposici\u00f3n como a Alegr\u00eda que, pese a lo que se escucha y se publica, se quedar\u00e1 en Arag\u00f3n sea cual sea el resultado de esta noche.\n    <\/p>\n<p>\n        Tan segura es su permanencia en las Cortes de Arag\u00f3n como que el ganador de este domingo no ser\u00e1n tanto Azc\u00f3n como Vox, que sigue escalando posiciones sin que se alcance a ver su techo electoral a costa de inocular el virus del anti sanchismo en gran parte de la sociedad. Siempre, claro, con la colaboraci\u00f3n en absoluto desinteresada de medios y opinadores que han llevado el periodismo a niveles de descr\u00e9dito hasta ahora desconocidos.\n    <\/p>\n<p>\n        Salvo sorpresa, todo conduce a que despu\u00e9s\u00a0del carrusel de elecciones auton\u00f3micas de este semestre, en el marco nacional la suma PP y Vox tiene muchas m\u00e1s opciones de formar gobierno que el bloque de la izquierda. Lo que est\u00e1 por despejar es si, como hasta ahora, ser\u00e1 Abascal quien marque la senda a Feij\u00f3o por la que debe transitar el pa\u00eds con todo lo que significa en el retroceso de derechos y actitudes antidemocr\u00e1ticas. Pero, la experiencia de los gobiernos de coalici\u00f3n PP y Vox en las autonom\u00edas que salieron de las elecciones de 2023 ya emitieron se\u00f1ales inequ\u00edvocas y, en absoluto, tranquilizadoras. Por tanto, s\u00ed, esto tambi\u00e9n va de S\u00e1nchez o Feij\u00f3o y de avanzar o retroceder en el tiempo hasta momentos de la historia de este pa\u00eds que no fueron precisamente ni los de mayor bienestar econ\u00f3mico, ni en los que los espa\u00f1oles disfrutaron de m\u00e1s derechos.\n    <\/p>\n<\/div>\n","protected":false},"excerpt":{"rendered":"<p>Ni Arag\u00f3n es Extremadura ni Pilar Alegr\u00eda es Miguel \u00c1ngel Gallardo, pero todo apunta a una nueva derrota del PSOE este domingo y a una victoria holgada del PP que, lejos de zafarse de Vox, aumentar\u00e1 su dependencia de los ultras. Jorge Azc\u00f3n s\u00ed es en este caso Mar\u00eda Guardiola porque, como la extreme\u00f1a, habr\u00e1<\/p>\n","protected":false},"author":1,"featured_media":323756,"comment_status":"open","ping_status":"open","sticky":false,"template":"","format":"standard","meta":{"footnotes":""},"categories":[47],"tags":[],"class_list":["post-323768","post","type-post","status-publish","format-standard","has-post-thumbnail","hentry","category-interview-es"],"acf":[],"yoast_head":"<!-- This site is optimized with the Yoast SEO plugin v22.9 - https:\/\/yoast.com\/wordpress\/plugins\/seo\/ -->\n<title>S\u00e1nchez y Feij\u00f3o se miden ahora en Arag\u00f3n con una inflamada inercia nacional de la que solo saca r\u00e9dito la ultraderecha de Vox - vof-news.eu<\/title>\n<meta name=\"description\" content=\"Ni Arag\u00f3n es Extremadura ni Pilar Alegr\u00eda es Miguel \u00c1ngel Gallardo, pero todo apunta a una nueva derrota del PSOE este domingo y a una victoria holgada del PP que, lejos de zafarse de Vox, aumentar\u00e1 su dependencia de los ultras. Jorge Azc\u00f3n s\u00ed es en este caso Mar\u00eda Guardiola porque, como la extreme\u00f1a, habr\u00e1 anticipado\u00a0de forma bald\u00eda unas elecciones que no tocaban hasta mayo de 2027 y tras las que tendr\u00e1 que formar gobierno con la ultraderecha. Todo en un contexto de constante zumbido y en el que el debate nacional se ha impuesto al auton\u00f3mico con asuntos como el tr\u00e1gico accidente de ferrocarril en Adamuz, la denuncia por acoso sexual de una exconcejal del PP contra el alcalde de M\u00f3stoles que ignoraron Ayuso y sus adl\u00e1teres, el caso Koldo\/\u00c1balos y el esc\u00e1ndalo Salazar.\u00a0\" \/>\n<meta name=\"robots\" content=\"noindex, follow, max-snippet:-1, max-image-preview:large, max-video-preview:-1\" \/>\n<meta property=\"og:locale\" content=\"es_ES\" \/>\n<meta property=\"og:type\" content=\"article\" \/>\n<meta property=\"og:title\" content=\"S\u00e1nchez y Feij\u00f3o se miden ahora en Arag\u00f3n con una inflamada inercia nacional de la que solo saca r\u00e9dito la ultraderecha de Vox - vof-news.eu\" \/>\n<meta property=\"og:description\" content=\"Ni Arag\u00f3n es Extremadura ni Pilar Alegr\u00eda es Miguel \u00c1ngel Gallardo, pero todo apunta a una nueva derrota del PSOE este domingo y a una victoria holgada del PP que, lejos de zafarse de Vox, aumentar\u00e1 su dependencia de los ultras. Jorge Azc\u00f3n s\u00ed es en este caso Mar\u00eda Guardiola porque, como la extreme\u00f1a, habr\u00e1 anticipado\u00a0de forma bald\u00eda unas elecciones que no tocaban hasta mayo de 2027 y tras las que tendr\u00e1 que formar gobierno con la ultraderecha. Todo en un contexto de constante zumbido y en el que el debate nacional se ha impuesto al auton\u00f3mico con asuntos como el tr\u00e1gico accidente de ferrocarril en Adamuz, la denuncia por acoso sexual de una exconcejal del PP contra el alcalde de M\u00f3stoles que ignoraron Ayuso y sus adl\u00e1teres, el caso Koldo\/\u00c1balos y el esc\u00e1ndalo Salazar.\u00a0\" \/>\n<meta property=\"og:url\" content=\"https:\/\/vof-news.eu\/es\/sanchez-y-feijoo-se-miden-ahora-en-aragon-con-una-inflamada-inercia-nacional-de-la-que-solo-saca-redito-la-ultraderecha-de-vox\/\" \/>\n<meta property=\"og:site_name\" content=\"vof-news.eu\" \/>\n<meta property=\"article:published_time\" content=\"2026-02-08T05:08:19+00:00\" \/>\n<meta property=\"article:modified_time\" content=\"2026-02-08T05:08:47+00:00\" \/>\n<meta property=\"og:image\" content=\"https:\/\/vof-news.eu\/wp-content\/uploads\/2026\/02\/9606f655-0422-4e36-8b1c-1a573a57e851_16-9-discover-aspect-ratio_default_0.jpg\" \/>\n\t<meta property=\"og:image:width\" content=\"1200\" \/>\n\t<meta property=\"og:image:height\" content=\"675\" \/>\n\t<meta property=\"og:image:type\" content=\"image\/jpeg\" \/>\n<meta name=\"author\" content=\"Author\" \/>\n<meta name=\"twitter:card\" content=\"summary_large_image\" \/>\n<meta name=\"twitter:label1\" content=\"Escrito por\" \/>\n\t<meta name=\"twitter:data1\" content=\"Author\" \/>\n\t<meta name=\"twitter:label2\" content=\"Tiempo de lectura\" \/>\n\t<meta name=\"twitter:data2\" content=\"7 minutos\" \/>\n<script type=\"application\/ld+json\" class=\"yoast-schema-graph\">{\"@context\":\"https:\/\/schema.org\",\"@graph\":[{\"@type\":\"WebPage\",\"@id\":\"https:\/\/vof-news.eu\/es\/sanchez-y-feijoo-se-miden-ahora-en-aragon-con-una-inflamada-inercia-nacional-de-la-que-solo-saca-redito-la-ultraderecha-de-vox\/\",\"url\":\"https:\/\/vof-news.eu\/es\/sanchez-y-feijoo-se-miden-ahora-en-aragon-con-una-inflamada-inercia-nacional-de-la-que-solo-saca-redito-la-ultraderecha-de-vox\/\",\"name\":\"S\u00e1nchez y Feij\u00f3o se miden ahora en Arag\u00f3n con una inflamada inercia nacional de la que solo saca r\u00e9dito la ultraderecha de Vox - vof-news.eu\",\"isPartOf\":{\"@id\":\"https:\/\/vof-news.eu\/es\/#website\"},\"primaryImageOfPage\":{\"@id\":\"https:\/\/vof-news.eu\/es\/sanchez-y-feijoo-se-miden-ahora-en-aragon-con-una-inflamada-inercia-nacional-de-la-que-solo-saca-redito-la-ultraderecha-de-vox\/#primaryimage\"},\"image\":{\"@id\":\"https:\/\/vof-news.eu\/es\/sanchez-y-feijoo-se-miden-ahora-en-aragon-con-una-inflamada-inercia-nacional-de-la-que-solo-saca-redito-la-ultraderecha-de-vox\/#primaryimage\"},\"thumbnailUrl\":\"https:\/\/vof-news.eu\/wp-content\/uploads\/2026\/02\/9606f655-0422-4e36-8b1c-1a573a57e851_16-9-discover-aspect-ratio_default_0.jpg\",\"datePublished\":\"2026-02-08T05:08:19+00:00\",\"dateModified\":\"2026-02-08T05:08:47+00:00\",\"author\":{\"@id\":\"https:\/\/vof-news.eu\/es\/#\/schema\/person\/f6a2a4309f0561835797fd8c19b333ed\"},\"description\":\"Ni Arag\u00f3n es Extremadura ni Pilar Alegr\u00eda es Miguel \u00c1ngel Gallardo, pero todo apunta a una nueva derrota del PSOE este domingo y a una victoria holgada del PP que, lejos de zafarse de Vox, aumentar\u00e1 su dependencia de los ultras. Jorge Azc\u00f3n s\u00ed es en este caso Mar\u00eda Guardiola porque, como la extreme\u00f1a, habr\u00e1 anticipado\u00a0de forma bald\u00eda unas elecciones que no tocaban hasta mayo de 2027 y tras las que tendr\u00e1 que formar gobierno con la ultraderecha. Todo en un contexto de constante zumbido y en el que el debate nacional se ha impuesto al auton\u00f3mico con asuntos como el tr\u00e1gico accidente de ferrocarril en Adamuz, la denuncia por acoso sexual de una exconcejal del PP contra el alcalde de M\u00f3stoles que ignoraron Ayuso y sus adl\u00e1teres, el caso Koldo\/\u00c1balos y el esc\u00e1ndalo Salazar.\u00a0\",\"breadcrumb\":{\"@id\":\"https:\/\/vof-news.eu\/es\/sanchez-y-feijoo-se-miden-ahora-en-aragon-con-una-inflamada-inercia-nacional-de-la-que-solo-saca-redito-la-ultraderecha-de-vox\/#breadcrumb\"},\"inLanguage\":\"es\",\"potentialAction\":[{\"@type\":\"ReadAction\",\"target\":[\"https:\/\/vof-news.eu\/es\/sanchez-y-feijoo-se-miden-ahora-en-aragon-con-una-inflamada-inercia-nacional-de-la-que-solo-saca-redito-la-ultraderecha-de-vox\/\"]}]},{\"@type\":\"ImageObject\",\"inLanguage\":\"es\",\"@id\":\"https:\/\/vof-news.eu\/es\/sanchez-y-feijoo-se-miden-ahora-en-aragon-con-una-inflamada-inercia-nacional-de-la-que-solo-saca-redito-la-ultraderecha-de-vox\/#primaryimage\",\"url\":\"https:\/\/vof-news.eu\/wp-content\/uploads\/2026\/02\/9606f655-0422-4e36-8b1c-1a573a57e851_16-9-discover-aspect-ratio_default_0.jpg\",\"contentUrl\":\"https:\/\/vof-news.eu\/wp-content\/uploads\/2026\/02\/9606f655-0422-4e36-8b1c-1a573a57e851_16-9-discover-aspect-ratio_default_0.jpg\",\"width\":1200,\"height\":675,\"caption\":\"MADRID, 09\/07\/2025.- El presidente del Gobierno, Pedro S\u00e1nchez (i) escucha la intervenci\u00f3n del l\u00edder del PP, Alberto N\u00fa\u00f1ez Feij\u00f3o, en el pleno en el Congreso de los Diputados este mi\u00e9rcoles. EFE\/ Javier Liz\u00f3n\"},{\"@type\":\"BreadcrumbList\",\"@id\":\"https:\/\/vof-news.eu\/es\/sanchez-y-feijoo-se-miden-ahora-en-aragon-con-una-inflamada-inercia-nacional-de-la-que-solo-saca-redito-la-ultraderecha-de-vox\/#breadcrumb\",\"itemListElement\":[{\"@type\":\"ListItem\",\"position\":1,\"name\":\"Home\",\"item\":\"https:\/\/vof-news.eu\/es\/\"},{\"@type\":\"ListItem\",\"position\":2,\"name\":\"S\u00e1nchez y Feij\u00f3o se miden ahora en Arag\u00f3n con una inflamada inercia nacional de la que solo saca r\u00e9dito la ultraderecha de Vox\"}]},{\"@type\":\"WebSite\",\"@id\":\"https:\/\/vof-news.eu\/es\/#website\",\"url\":\"https:\/\/vof-news.eu\/es\/\",\"name\":\"vof-news.eu\",\"description\":\"\",\"potentialAction\":[{\"@type\":\"SearchAction\",\"target\":{\"@type\":\"EntryPoint\",\"urlTemplate\":\"https:\/\/vof-news.eu\/es\/?s={search_term_string}\"},\"query-input\":\"required name=search_term_string\"}],\"inLanguage\":\"es\"},{\"@type\":\"Person\",\"@id\":\"https:\/\/vof-news.eu\/es\/#\/schema\/person\/f6a2a4309f0561835797fd8c19b333ed\",\"name\":\"Author\",\"image\":{\"@type\":\"ImageObject\",\"inLanguage\":\"es\",\"@id\":\"https:\/\/vof-news.eu\/es\/#\/schema\/person\/image\/\",\"url\":\"https:\/\/secure.gravatar.com\/avatar\/b67e614b1b25b3e9c0c239efdd2fde5ab015b5affd6f1c3c85911ca4b384e790?s=96&d=mm&r=g\",\"contentUrl\":\"https:\/\/secure.gravatar.com\/avatar\/b67e614b1b25b3e9c0c239efdd2fde5ab015b5affd6f1c3c85911ca4b384e790?s=96&d=mm&r=g\",\"caption\":\"Author\"},\"sameAs\":[\"http:\/\/vof-news.eu\"],\"url\":\"https:\/\/vof-news.eu\/es\/author\/zwt6qxnjulxbnyg\/\"}]}<\/script>\n<!-- \/ Yoast SEO plugin. -->","yoast_head_json":{"title":"S\u00e1nchez y Feij\u00f3o se miden ahora en Arag\u00f3n con una inflamada inercia nacional de la que solo saca r\u00e9dito la ultraderecha de Vox - vof-news.eu","description":"Ni Arag\u00f3n es Extremadura ni Pilar Alegr\u00eda es Miguel \u00c1ngel Gallardo, pero todo apunta a una nueva derrota del PSOE este domingo y a una victoria holgada del PP que, lejos de zafarse de Vox, aumentar\u00e1 su dependencia de los ultras. Jorge Azc\u00f3n s\u00ed es en este caso Mar\u00eda Guardiola porque, como la extreme\u00f1a, habr\u00e1 anticipado\u00a0de forma bald\u00eda unas elecciones que no tocaban hasta mayo de 2027 y tras las que tendr\u00e1 que formar gobierno con la ultraderecha. Todo en un contexto de constante zumbido y en el que el debate nacional se ha impuesto al auton\u00f3mico con asuntos como el tr\u00e1gico accidente de ferrocarril en Adamuz, la denuncia por acoso sexual de una exconcejal del PP contra el alcalde de M\u00f3stoles que ignoraron Ayuso y sus adl\u00e1teres, el caso Koldo\/\u00c1balos y el esc\u00e1ndalo Salazar.\u00a0","robots":{"index":"noindex","follow":"follow","max-snippet":"max-snippet:-1","max-image-preview":"max-image-preview:large","max-video-preview":"max-video-preview:-1"},"og_locale":"es_ES","og_type":"article","og_title":"S\u00e1nchez y Feij\u00f3o se miden ahora en Arag\u00f3n con una inflamada inercia nacional de la que solo saca r\u00e9dito la ultraderecha de Vox - vof-news.eu","og_description":"Ni Arag\u00f3n es Extremadura ni Pilar Alegr\u00eda es Miguel \u00c1ngel Gallardo, pero todo apunta a una nueva derrota del PSOE este domingo y a una victoria holgada del PP que, lejos de zafarse de Vox, aumentar\u00e1 su dependencia de los ultras. Jorge Azc\u00f3n s\u00ed es en este caso Mar\u00eda Guardiola porque, como la extreme\u00f1a, habr\u00e1 anticipado\u00a0de forma bald\u00eda unas elecciones que no tocaban hasta mayo de 2027 y tras las que tendr\u00e1 que formar gobierno con la ultraderecha. Todo en un contexto de constante zumbido y en el que el debate nacional se ha impuesto al auton\u00f3mico con asuntos como el tr\u00e1gico accidente de ferrocarril en Adamuz, la denuncia por acoso sexual de una exconcejal del PP contra el alcalde de M\u00f3stoles que ignoraron Ayuso y sus adl\u00e1teres, el caso Koldo\/\u00c1balos y el esc\u00e1ndalo Salazar.\u00a0","og_url":"https:\/\/vof-news.eu\/es\/sanchez-y-feijoo-se-miden-ahora-en-aragon-con-una-inflamada-inercia-nacional-de-la-que-solo-saca-redito-la-ultraderecha-de-vox\/","og_site_name":"vof-news.eu","article_published_time":"2026-02-08T05:08:19+00:00","article_modified_time":"2026-02-08T05:08:47+00:00","og_image":[{"width":1200,"height":675,"url":"https:\/\/vof-news.eu\/wp-content\/uploads\/2026\/02\/9606f655-0422-4e36-8b1c-1a573a57e851_16-9-discover-aspect-ratio_default_0.jpg","type":"image\/jpeg"}],"author":"Author","twitter_card":"summary_large_image","twitter_misc":{"Escrito por":"Author","Tiempo de lectura":"7 minutos"},"schema":{"@context":"https:\/\/schema.org","@graph":[{"@type":"WebPage","@id":"https:\/\/vof-news.eu\/es\/sanchez-y-feijoo-se-miden-ahora-en-aragon-con-una-inflamada-inercia-nacional-de-la-que-solo-saca-redito-la-ultraderecha-de-vox\/","url":"https:\/\/vof-news.eu\/es\/sanchez-y-feijoo-se-miden-ahora-en-aragon-con-una-inflamada-inercia-nacional-de-la-que-solo-saca-redito-la-ultraderecha-de-vox\/","name":"S\u00e1nchez y Feij\u00f3o se miden ahora en Arag\u00f3n con una inflamada inercia nacional de la que solo saca r\u00e9dito la ultraderecha de Vox - vof-news.eu","isPartOf":{"@id":"https:\/\/vof-news.eu\/es\/#website"},"primaryImageOfPage":{"@id":"https:\/\/vof-news.eu\/es\/sanchez-y-feijoo-se-miden-ahora-en-aragon-con-una-inflamada-inercia-nacional-de-la-que-solo-saca-redito-la-ultraderecha-de-vox\/#primaryimage"},"image":{"@id":"https:\/\/vof-news.eu\/es\/sanchez-y-feijoo-se-miden-ahora-en-aragon-con-una-inflamada-inercia-nacional-de-la-que-solo-saca-redito-la-ultraderecha-de-vox\/#primaryimage"},"thumbnailUrl":"https:\/\/vof-news.eu\/wp-content\/uploads\/2026\/02\/9606f655-0422-4e36-8b1c-1a573a57e851_16-9-discover-aspect-ratio_default_0.jpg","datePublished":"2026-02-08T05:08:19+00:00","dateModified":"2026-02-08T05:08:47+00:00","author":{"@id":"https:\/\/vof-news.eu\/es\/#\/schema\/person\/f6a2a4309f0561835797fd8c19b333ed"},"description":"Ni Arag\u00f3n es Extremadura ni Pilar Alegr\u00eda es Miguel \u00c1ngel Gallardo, pero todo apunta a una nueva derrota del PSOE este domingo y a una victoria holgada del PP que, lejos de zafarse de Vox, aumentar\u00e1 su dependencia de los ultras. Jorge Azc\u00f3n s\u00ed es en este caso Mar\u00eda Guardiola porque, como la extreme\u00f1a, habr\u00e1 anticipado\u00a0de forma bald\u00eda unas elecciones que no tocaban hasta mayo de 2027 y tras las que tendr\u00e1 que formar gobierno con la ultraderecha. Todo en un contexto de constante zumbido y en el que el debate nacional se ha impuesto al auton\u00f3mico con asuntos como el tr\u00e1gico accidente de ferrocarril en Adamuz, la denuncia por acoso sexual de una exconcejal del PP contra el alcalde de M\u00f3stoles que ignoraron Ayuso y sus adl\u00e1teres, el caso Koldo\/\u00c1balos y el esc\u00e1ndalo Salazar.\u00a0","breadcrumb":{"@id":"https:\/\/vof-news.eu\/es\/sanchez-y-feijoo-se-miden-ahora-en-aragon-con-una-inflamada-inercia-nacional-de-la-que-solo-saca-redito-la-ultraderecha-de-vox\/#breadcrumb"},"inLanguage":"es","potentialAction":[{"@type":"ReadAction","target":["https:\/\/vof-news.eu\/es\/sanchez-y-feijoo-se-miden-ahora-en-aragon-con-una-inflamada-inercia-nacional-de-la-que-solo-saca-redito-la-ultraderecha-de-vox\/"]}]},{"@type":"ImageObject","inLanguage":"es","@id":"https:\/\/vof-news.eu\/es\/sanchez-y-feijoo-se-miden-ahora-en-aragon-con-una-inflamada-inercia-nacional-de-la-que-solo-saca-redito-la-ultraderecha-de-vox\/#primaryimage","url":"https:\/\/vof-news.eu\/wp-content\/uploads\/2026\/02\/9606f655-0422-4e36-8b1c-1a573a57e851_16-9-discover-aspect-ratio_default_0.jpg","contentUrl":"https:\/\/vof-news.eu\/wp-content\/uploads\/2026\/02\/9606f655-0422-4e36-8b1c-1a573a57e851_16-9-discover-aspect-ratio_default_0.jpg","width":1200,"height":675,"caption":"MADRID, 09\/07\/2025.- El presidente del Gobierno, Pedro S\u00e1nchez (i) escucha la intervenci\u00f3n del l\u00edder del PP, Alberto N\u00fa\u00f1ez Feij\u00f3o, en el pleno en el Congreso de los Diputados este mi\u00e9rcoles. EFE\/ Javier Liz\u00f3n"},{"@type":"BreadcrumbList","@id":"https:\/\/vof-news.eu\/es\/sanchez-y-feijoo-se-miden-ahora-en-aragon-con-una-inflamada-inercia-nacional-de-la-que-solo-saca-redito-la-ultraderecha-de-vox\/#breadcrumb","itemListElement":[{"@type":"ListItem","position":1,"name":"Home","item":"https:\/\/vof-news.eu\/es\/"},{"@type":"ListItem","position":2,"name":"S\u00e1nchez y Feij\u00f3o se miden ahora en Arag\u00f3n con una inflamada inercia nacional de la que solo saca r\u00e9dito la ultraderecha de Vox"}]},{"@type":"WebSite","@id":"https:\/\/vof-news.eu\/es\/#website","url":"https:\/\/vof-news.eu\/es\/","name":"vof-news.eu","description":"","potentialAction":[{"@type":"SearchAction","target":{"@type":"EntryPoint","urlTemplate":"https:\/\/vof-news.eu\/es\/?s={search_term_string}"},"query-input":"required name=search_term_string"}],"inLanguage":"es"},{"@type":"Person","@id":"https:\/\/vof-news.eu\/es\/#\/schema\/person\/f6a2a4309f0561835797fd8c19b333ed","name":"Author","image":{"@type":"ImageObject","inLanguage":"es","@id":"https:\/\/vof-news.eu\/es\/#\/schema\/person\/image\/","url":"https:\/\/secure.gravatar.com\/avatar\/b67e614b1b25b3e9c0c239efdd2fde5ab015b5affd6f1c3c85911ca4b384e790?s=96&d=mm&r=g","contentUrl":"https:\/\/secure.gravatar.com\/avatar\/b67e614b1b25b3e9c0c239efdd2fde5ab015b5affd6f1c3c85911ca4b384e790?s=96&d=mm&r=g","caption":"Author"},"sameAs":["http:\/\/vof-news.eu"],"url":"https:\/\/vof-news.eu\/es\/author\/zwt6qxnjulxbnyg\/"}]}},"yoast_meta":{"yoast_wpseo_title":"","yoast_wpseo_metadesc":"","yoast_wpseo_canonical":""},"_links":{"self":[{"href":"https:\/\/vof-news.eu\/es\/wp-json\/wp\/v2\/posts\/323768","targetHints":{"allow":["GET"]}}],"collection":[{"href":"https:\/\/vof-news.eu\/es\/wp-json\/wp\/v2\/posts"}],"about":[{"href":"https:\/\/vof-news.eu\/es\/wp-json\/wp\/v2\/types\/post"}],"author":[{"embeddable":true,"href":"https:\/\/vof-news.eu\/es\/wp-json\/wp\/v2\/users\/1"}],"replies":[{"embeddable":true,"href":"https:\/\/vof-news.eu\/es\/wp-json\/wp\/v2\/comments?post=323768"}],"version-history":[{"count":1,"href":"https:\/\/vof-news.eu\/es\/wp-json\/wp\/v2\/posts\/323768\/revisions"}],"predecessor-version":[{"id":323771,"href":"https:\/\/vof-news.eu\/es\/wp-json\/wp\/v2\/posts\/323768\/revisions\/323771"}],"wp:featuredmedia":[{"embeddable":true,"href":"https:\/\/vof-news.eu\/es\/wp-json\/wp\/v2\/media\/323756"}],"wp:attachment":[{"href":"https:\/\/vof-news.eu\/es\/wp-json\/wp\/v2\/media?parent=323768"}],"wp:term":[{"taxonomy":"category","embeddable":true,"href":"https:\/\/vof-news.eu\/es\/wp-json\/wp\/v2\/categories?post=323768"},{"taxonomy":"post_tag","embeddable":true,"href":"https:\/\/vof-news.eu\/es\/wp-json\/wp\/v2\/tags?post=323768"}],"curies":[{"name":"wp","href":"https:\/\/api.w.org\/{rel}","templated":true}]}}