{"id":323701,"date":"2026-02-07T21:48:17","date_gmt":"2026-02-07T18:48:17","guid":{"rendered":"https:\/\/vof-news.eu\/borrasca-marta-en-directo-ultima-hora-del-temporal-de-lluvias\/"},"modified":"2026-02-07T21:48:38","modified_gmt":"2026-02-07T18:48:38","slug":"borrasca-marta-en-directo-ultima-hora-del-temporal-de-lluvias","status":"publish","type":"post","link":"https:\/\/vof-news.eu\/es\/borrasca-marta-en-directo-ultima-hora-del-temporal-de-lluvias\/","title":{"rendered":"Borrasca Marta en directo: \u00faltima hora del temporal de lluvias"},"content":{"rendered":"<div>\n<p>\n        Andaluc\u00eda espera este s\u00e1bado el <a href=\"https:\/\/www.eldiario.es\/andalucia\/espera-segundo-impacto-temporal-rios-embalses-limite-capacidad-andalucia-miles-evacuados_1_12970640.html\" rel=\"nofollow\">segundo impacto del temporal<\/a> despu\u00e9s de que la borrasca Leonardo haya dejado ya al menos 11.000 evacuados en la comunidad aut\u00f3noma y miles de incidencias reportadas, especialmente en C\u00e1diz y C\u00f3rdoba. Las intensas y constantes lluvias han dejado de momento una v\u00edctima mortal, una vecina de Sayalonga que fue hallada sin vida en el r\u00edo Turvilla, y tambi\u00e9n han da\u00f1ado casas, infraestructuras y cultivos, por lo que <a href=\"https:\/\/cordopolis.eldiario.es\/cordoba-hoy\/sociedad\/andalucia-pide-ayuda-gobierno-ue-danos-millonarios-impacto-tren-borrascas_1_12971530.html\" rel=\"nofollow\">los da\u00f1os econ\u00f3micos ser\u00e1n cuantiosos<\/a>.\n    <\/p>\n<p>\n        Ahora, tras esta borrasca, llega la borrasca Marta, que pone en alerta naranja a  la provincia de Huelva, C\u00e1diz y Sevilla. En total, once comunidades est\u00e1n en alerta por lluvia, viento o nieve. En \u00c1vila ha muerto el conductor de una quitanieves al precipitarse desde 20 metros, Extremadura ya ha realizado evacuaciones de decenas de vecinos y Castilla-La Mancha vive momentos complicados en Talavera de la Reina (Toledo), con algunas calles inundadas, y en la <a href=\"https:\/\/www.eldiario.es\/castilla-la-mancha\/social\/castilla-mancha-envia-alert-riberenos-rio-bullaque-abrir-compuertas-presa-torre-abraham_1_12971148.html\" rel=\"nofollow\">provincia de Ciudad Real<\/a>, donde un pantano y un azud han tenido que desembalsar agua.\n    <\/p>\n<\/div>\n","protected":false},"excerpt":{"rendered":"<p>Andaluc\u00eda espera este s\u00e1bado el segundo impacto del temporal despu\u00e9s de que la borrasca Leonardo haya dejado ya al menos 11.000 evacuados en la comunidad aut\u00f3noma y miles de incidencias reportadas, especialmente en C\u00e1diz y C\u00f3rdoba. Las intensas y constantes lluvias han dejado de momento una v\u00edctima mortal, una vecina de Sayalonga que fue hallada<\/p>\n","protected":false},"author":1,"featured_media":0,"comment_status":"open","ping_status":"open","sticky":false,"template":"","format":"standard","meta":{"footnotes":""},"categories":[47],"tags":[],"class_list":["post-323701","post","type-post","status-publish","format-standard","hentry","category-interview-es"],"acf":[],"yoast_head":"<!-- This site is optimized with the Yoast SEO plugin v22.9 - https:\/\/yoast.com\/wordpress\/plugins\/seo\/ -->\n<title>Borrasca Marta en directo: \u00faltima hora del temporal de lluvias - vof-news.eu<\/title>\n<meta name=\"description\" content=\"Andaluc\u00eda espera este s\u00e1bado el segundo impacto del temporal despu\u00e9s de que la borrasca Leonardo haya dejado ya al menos 11.000 evacuados en la comunidad aut\u00f3noma y miles de incidencias reportadas, especialmente en C\u00e1diz y C\u00f3rdoba. Las intensas y constantes lluvias han dejado de momento una v\u00edctima mortal, una vecina de Sayalonga que fue hallada sin vida en el r\u00edo Turvilla, y tambi\u00e9n han da\u00f1ado casas, infraestructuras y cultivos, por lo que los da\u00f1os econ\u00f3micos ser\u00e1n cuantiosos.\" \/>\n<meta name=\"robots\" content=\"noindex, follow, max-snippet:-1, max-image-preview:large, max-video-preview:-1\" \/>\n<meta property=\"og:locale\" content=\"es_ES\" \/>\n<meta property=\"og:type\" content=\"article\" \/>\n<meta property=\"og:title\" content=\"Borrasca Marta en directo: \u00faltima hora del temporal de lluvias - vof-news.eu\" \/>\n<meta property=\"og:description\" content=\"Andaluc\u00eda espera este s\u00e1bado el segundo impacto del temporal despu\u00e9s de que la borrasca Leonardo haya dejado ya al menos 11.000 evacuados en la comunidad aut\u00f3noma y miles de incidencias reportadas, especialmente en C\u00e1diz y C\u00f3rdoba. Las intensas y constantes lluvias han dejado de momento una v\u00edctima mortal, una vecina de Sayalonga que fue hallada sin vida en el r\u00edo Turvilla, y tambi\u00e9n han da\u00f1ado casas, infraestructuras y cultivos, por lo que los da\u00f1os econ\u00f3micos ser\u00e1n cuantiosos.\" \/>\n<meta property=\"og:url\" content=\"https:\/\/vof-news.eu\/es\/borrasca-marta-en-directo-ultima-hora-del-temporal-de-lluvias\/\" \/>\n<meta property=\"og:site_name\" content=\"vof-news.eu\" \/>\n<meta property=\"article:published_time\" content=\"2026-02-07T18:48:17+00:00\" \/>\n<meta property=\"article:modified_time\" content=\"2026-02-07T18:48:38+00:00\" \/>\n<meta name=\"author\" content=\"Author\" \/>\n<meta name=\"twitter:card\" content=\"summary_large_image\" \/>\n<meta name=\"twitter:label1\" content=\"Escrito por\" \/>\n\t<meta name=\"twitter:data1\" content=\"Author\" \/>\n\t<meta name=\"twitter:label2\" content=\"Tiempo de lectura\" \/>\n\t<meta name=\"twitter:data2\" content=\"1 minuto\" \/>\n<script type=\"application\/ld+json\" class=\"yoast-schema-graph\">{\"@context\":\"https:\/\/schema.org\",\"@graph\":[{\"@type\":\"WebPage\",\"@id\":\"https:\/\/vof-news.eu\/es\/borrasca-marta-en-directo-ultima-hora-del-temporal-de-lluvias\/\",\"url\":\"https:\/\/vof-news.eu\/es\/borrasca-marta-en-directo-ultima-hora-del-temporal-de-lluvias\/\",\"name\":\"Borrasca Marta en directo: \u00faltima hora del temporal de lluvias - vof-news.eu\",\"isPartOf\":{\"@id\":\"https:\/\/vof-news.eu\/es\/#website\"},\"datePublished\":\"2026-02-07T18:48:17+00:00\",\"dateModified\":\"2026-02-07T18:48:38+00:00\",\"author\":{\"@id\":\"https:\/\/vof-news.eu\/es\/#\/schema\/person\/f6a2a4309f0561835797fd8c19b333ed\"},\"description\":\"Andaluc\u00eda espera este s\u00e1bado el segundo impacto del temporal despu\u00e9s de que la borrasca Leonardo haya dejado ya al menos 11.000 evacuados en la comunidad aut\u00f3noma y miles de incidencias reportadas, especialmente en C\u00e1diz y C\u00f3rdoba. Las intensas y constantes lluvias han dejado de momento una v\u00edctima mortal, una vecina de Sayalonga que fue hallada sin vida en el r\u00edo Turvilla, y tambi\u00e9n han da\u00f1ado casas, infraestructuras y cultivos, por lo que los da\u00f1os econ\u00f3micos ser\u00e1n cuantiosos.\",\"breadcrumb\":{\"@id\":\"https:\/\/vof-news.eu\/es\/borrasca-marta-en-directo-ultima-hora-del-temporal-de-lluvias\/#breadcrumb\"},\"inLanguage\":\"es\",\"potentialAction\":[{\"@type\":\"ReadAction\",\"target\":[\"https:\/\/vof-news.eu\/es\/borrasca-marta-en-directo-ultima-hora-del-temporal-de-lluvias\/\"]}]},{\"@type\":\"BreadcrumbList\",\"@id\":\"https:\/\/vof-news.eu\/es\/borrasca-marta-en-directo-ultima-hora-del-temporal-de-lluvias\/#breadcrumb\",\"itemListElement\":[{\"@type\":\"ListItem\",\"position\":1,\"name\":\"Home\",\"item\":\"https:\/\/vof-news.eu\/es\/\"},{\"@type\":\"ListItem\",\"position\":2,\"name\":\"Borrasca Marta en directo: \u00faltima hora del temporal de lluvias\"}]},{\"@type\":\"WebSite\",\"@id\":\"https:\/\/vof-news.eu\/es\/#website\",\"url\":\"https:\/\/vof-news.eu\/es\/\",\"name\":\"vof-news.eu\",\"description\":\"\",\"potentialAction\":[{\"@type\":\"SearchAction\",\"target\":{\"@type\":\"EntryPoint\",\"urlTemplate\":\"https:\/\/vof-news.eu\/es\/?s={search_term_string}\"},\"query-input\":\"required name=search_term_string\"}],\"inLanguage\":\"es\"},{\"@type\":\"Person\",\"@id\":\"https:\/\/vof-news.eu\/es\/#\/schema\/person\/f6a2a4309f0561835797fd8c19b333ed\",\"name\":\"Author\",\"image\":{\"@type\":\"ImageObject\",\"inLanguage\":\"es\",\"@id\":\"https:\/\/vof-news.eu\/es\/#\/schema\/person\/image\/\",\"url\":\"https:\/\/secure.gravatar.com\/avatar\/b67e614b1b25b3e9c0c239efdd2fde5ab015b5affd6f1c3c85911ca4b384e790?s=96&d=mm&r=g\",\"contentUrl\":\"https:\/\/secure.gravatar.com\/avatar\/b67e614b1b25b3e9c0c239efdd2fde5ab015b5affd6f1c3c85911ca4b384e790?s=96&d=mm&r=g\",\"caption\":\"Author\"},\"sameAs\":[\"http:\/\/vof-news.eu\"],\"url\":\"https:\/\/vof-news.eu\/es\/author\/zwt6qxnjulxbnyg\/\"}]}<\/script>\n<!-- \/ Yoast SEO plugin. -->","yoast_head_json":{"title":"Borrasca Marta en directo: \u00faltima hora del temporal de lluvias - vof-news.eu","description":"Andaluc\u00eda espera este s\u00e1bado el segundo impacto del temporal despu\u00e9s de que la borrasca Leonardo haya dejado ya al menos 11.000 evacuados en la comunidad aut\u00f3noma y miles de incidencias reportadas, especialmente en C\u00e1diz y C\u00f3rdoba. Las intensas y constantes lluvias han dejado de momento una v\u00edctima mortal, una vecina de Sayalonga que fue hallada sin vida en el r\u00edo Turvilla, y tambi\u00e9n han da\u00f1ado casas, infraestructuras y cultivos, por lo que los da\u00f1os econ\u00f3micos ser\u00e1n cuantiosos.","robots":{"index":"noindex","follow":"follow","max-snippet":"max-snippet:-1","max-image-preview":"max-image-preview:large","max-video-preview":"max-video-preview:-1"},"og_locale":"es_ES","og_type":"article","og_title":"Borrasca Marta en directo: \u00faltima hora del temporal de lluvias - vof-news.eu","og_description":"Andaluc\u00eda espera este s\u00e1bado el segundo impacto del temporal despu\u00e9s de que la borrasca Leonardo haya dejado ya al menos 11.000 evacuados en la comunidad aut\u00f3noma y miles de incidencias reportadas, especialmente en C\u00e1diz y C\u00f3rdoba. Las intensas y constantes lluvias han dejado de momento una v\u00edctima mortal, una vecina de Sayalonga que fue hallada sin vida en el r\u00edo Turvilla, y tambi\u00e9n han da\u00f1ado casas, infraestructuras y cultivos, por lo que los da\u00f1os econ\u00f3micos ser\u00e1n cuantiosos.","og_url":"https:\/\/vof-news.eu\/es\/borrasca-marta-en-directo-ultima-hora-del-temporal-de-lluvias\/","og_site_name":"vof-news.eu","article_published_time":"2026-02-07T18:48:17+00:00","article_modified_time":"2026-02-07T18:48:38+00:00","author":"Author","twitter_card":"summary_large_image","twitter_misc":{"Escrito por":"Author","Tiempo de lectura":"1 minuto"},"schema":{"@context":"https:\/\/schema.org","@graph":[{"@type":"WebPage","@id":"https:\/\/vof-news.eu\/es\/borrasca-marta-en-directo-ultima-hora-del-temporal-de-lluvias\/","url":"https:\/\/vof-news.eu\/es\/borrasca-marta-en-directo-ultima-hora-del-temporal-de-lluvias\/","name":"Borrasca Marta en directo: \u00faltima hora del temporal de lluvias - vof-news.eu","isPartOf":{"@id":"https:\/\/vof-news.eu\/es\/#website"},"datePublished":"2026-02-07T18:48:17+00:00","dateModified":"2026-02-07T18:48:38+00:00","author":{"@id":"https:\/\/vof-news.eu\/es\/#\/schema\/person\/f6a2a4309f0561835797fd8c19b333ed"},"description":"Andaluc\u00eda espera este s\u00e1bado el segundo impacto del temporal despu\u00e9s de que la borrasca Leonardo haya dejado ya al menos 11.000 evacuados en la comunidad aut\u00f3noma y miles de incidencias reportadas, especialmente en C\u00e1diz y C\u00f3rdoba. Las intensas y constantes lluvias han dejado de momento una v\u00edctima mortal, una vecina de Sayalonga que fue hallada sin vida en el r\u00edo Turvilla, y tambi\u00e9n han da\u00f1ado casas, infraestructuras y cultivos, por lo que los da\u00f1os econ\u00f3micos ser\u00e1n cuantiosos.","breadcrumb":{"@id":"https:\/\/vof-news.eu\/es\/borrasca-marta-en-directo-ultima-hora-del-temporal-de-lluvias\/#breadcrumb"},"inLanguage":"es","potentialAction":[{"@type":"ReadAction","target":["https:\/\/vof-news.eu\/es\/borrasca-marta-en-directo-ultima-hora-del-temporal-de-lluvias\/"]}]},{"@type":"BreadcrumbList","@id":"https:\/\/vof-news.eu\/es\/borrasca-marta-en-directo-ultima-hora-del-temporal-de-lluvias\/#breadcrumb","itemListElement":[{"@type":"ListItem","position":1,"name":"Home","item":"https:\/\/vof-news.eu\/es\/"},{"@type":"ListItem","position":2,"name":"Borrasca Marta en directo: \u00faltima hora del temporal de lluvias"}]},{"@type":"WebSite","@id":"https:\/\/vof-news.eu\/es\/#website","url":"https:\/\/vof-news.eu\/es\/","name":"vof-news.eu","description":"","potentialAction":[{"@type":"SearchAction","target":{"@type":"EntryPoint","urlTemplate":"https:\/\/vof-news.eu\/es\/?s={search_term_string}"},"query-input":"required name=search_term_string"}],"inLanguage":"es"},{"@type":"Person","@id":"https:\/\/vof-news.eu\/es\/#\/schema\/person\/f6a2a4309f0561835797fd8c19b333ed","name":"Author","image":{"@type":"ImageObject","inLanguage":"es","@id":"https:\/\/vof-news.eu\/es\/#\/schema\/person\/image\/","url":"https:\/\/secure.gravatar.com\/avatar\/b67e614b1b25b3e9c0c239efdd2fde5ab015b5affd6f1c3c85911ca4b384e790?s=96&d=mm&r=g","contentUrl":"https:\/\/secure.gravatar.com\/avatar\/b67e614b1b25b3e9c0c239efdd2fde5ab015b5affd6f1c3c85911ca4b384e790?s=96&d=mm&r=g","caption":"Author"},"sameAs":["http:\/\/vof-news.eu"],"url":"https:\/\/vof-news.eu\/es\/author\/zwt6qxnjulxbnyg\/"}]}},"yoast_meta":{"yoast_wpseo_title":"","yoast_wpseo_metadesc":"","yoast_wpseo_canonical":""},"_links":{"self":[{"href":"https:\/\/vof-news.eu\/es\/wp-json\/wp\/v2\/posts\/323701","targetHints":{"allow":["GET"]}}],"collection":[{"href":"https:\/\/vof-news.eu\/es\/wp-json\/wp\/v2\/posts"}],"about":[{"href":"https:\/\/vof-news.eu\/es\/wp-json\/wp\/v2\/types\/post"}],"author":[{"embeddable":true,"href":"https:\/\/vof-news.eu\/es\/wp-json\/wp\/v2\/users\/1"}],"replies":[{"embeddable":true,"href":"https:\/\/vof-news.eu\/es\/wp-json\/wp\/v2\/comments?post=323701"}],"version-history":[{"count":1,"href":"https:\/\/vof-news.eu\/es\/wp-json\/wp\/v2\/posts\/323701\/revisions"}],"predecessor-version":[{"id":323702,"href":"https:\/\/vof-news.eu\/es\/wp-json\/wp\/v2\/posts\/323701\/revisions\/323702"}],"wp:attachment":[{"href":"https:\/\/vof-news.eu\/es\/wp-json\/wp\/v2\/media?parent=323701"}],"wp:term":[{"taxonomy":"category","embeddable":true,"href":"https:\/\/vof-news.eu\/es\/wp-json\/wp\/v2\/categories?post=323701"},{"taxonomy":"post_tag","embeddable":true,"href":"https:\/\/vof-news.eu\/es\/wp-json\/wp\/v2\/tags?post=323701"}],"curies":[{"name":"wp","href":"https:\/\/api.w.org\/{rel}","templated":true}]}}