{"id":323558,"date":"2026-02-07T08:22:16","date_gmt":"2026-02-07T05:22:16","guid":{"rendered":"https:\/\/vof-news.eu\/las-contradicciones-del-pp-desbaratan-su-defensa-por-el-carpetazo-a-la-denuncia-por-acoso-contra-el-alcalde-de-mostoles\/"},"modified":"2026-02-07T08:22:43","modified_gmt":"2026-02-07T05:22:43","slug":"las-contradicciones-del-pp-desbaratan-su-defensa-por-el-carpetazo-a-la-denuncia-por-acoso-contra-el-alcalde-de-mostoles","status":"publish","type":"post","link":"https:\/\/vof-news.eu\/es\/las-contradicciones-del-pp-desbaratan-su-defensa-por-el-carpetazo-a-la-denuncia-por-acoso-contra-el-alcalde-de-mostoles\/","title":{"rendered":"Las contradicciones del PP desbaratan su defensa por el carpetazo a la denuncia por acoso contra el alcalde de M\u00f3stoles"},"content":{"rendered":"<div>\n<p>\n        \u201c\u00bfY t\u00fa, c\u00f3mo ligas?\u201d. As\u00ed trat\u00f3 de despejar el \u2018n\u00famero dos\u2019 del PP de Madrid, Alfonso Serrano, <a href=\"https:\/\/www.eldiario.es\/madrid\/pp-madrid-amenaza-ahora-llevar-tribunales-exconcejala-mostoles-denuncio-acoso-sexual-alcalde_1_12968983.html\" rel=\"nofollow\">las preguntas sobre su propia intervenci\u00f3n<\/a> en el intento de tapar las acusaciones de acoso lanzadas por una concejal de M\u00f3stoles contra el alcalde de la localidad, Manuel Bautista. El secretario general auton\u00f3mico quiso presentar este viernes ante los periodistas el caso como supuesto acoso laboral y no sexual lo que, seg\u00fan dijo, imped\u00eda una investigaci\u00f3n formal. Dos falsedades consecutivas que, sumadas a las discrepancias con la direcci\u00f3n nacional en c\u00f3mo se trat\u00f3 internamente la denuncia, desbaratan la defensa de la gesti\u00f3n interna que hizo el partido en este asunto.\n    <\/p>\n<p>\n        Isabel D\u00edaz Ayuso ha elegido a Alfonso Serrano para poner la cara ante las revelaciones period\u00edsticas sobre el carpetazo en falso que el partido dio, a nivel auton\u00f3mico y nacional, a la denuncia de la concejala. Su \u2018n\u00famero dos\u2019 particip\u00f3 directamente en los intentos de convencer a la subalterna de Bautista de que cejara en su empe\u00f1o de exigir una soluci\u00f3n justa a su situaci\u00f3n. La vicesecretaria de Organizaci\u00f3n, Ana Mill\u00e1n, fue la otra principal encargada de tapar el asunto.\n    <\/p>\n<p>\n        Serrano dijo este viernes que en las muchas conversaciones informales e intercambios de correos electr\u00f3nicos a lo largo de 2024 entre la denunciante y el equipo de Ayuso \u201cnunca se ha hablado de acoso sexual\u201d. Pero \u00e9l mismo reconoci\u00f3 en la misma comparecencia que s\u00ed hay un \u2018email\u2019, remitido por el abogado de la concejala, donde se menciona expresamente esta cuesti\u00f3n.\n    <\/p>\n<p>\n        No solo eso. El propio Serrano, en la primera conversaci\u00f3n que la direcci\u00f3n de Ayuso mantiene cara a cara con la denunciante, le espeta: \u201cTe tira los tejos, t\u00fa le das calabazas y <a href=\"https:\/\/www.eldiario.es\/madrid\/exconcejala-pp-acredita-pruebas-desprecio-ayuso-cupula-denuncia-acoso-alcalde-mostoles_1_12967384.html\" rel=\"nofollow\">a partir de ah\u00ed todo cambia<\/a>, \u00bfestamos hablando de esto?\u201d. Y cuando un periodista le cuestion\u00f3 ayer sobre este di\u00e1logo, que \u00e9l no niega, le respondi\u00f3 con la ya famosa frase: \u201c\u00bfY t\u00fa, c\u00f3mo ligas?\u201d.\n    <\/p>\n<p>\n        Con todo, ni siquiera esa es la \u00fanica vez que se habla del car\u00e1cter sexual del supuesto acoso como origen del consiguiente conflicto laboral. En la \u00faltima conversaci\u00f3n entre la denunciante y Ana Mill\u00e1n, la exconcejala le echa en cara que \u201cante un presunto caso de acoso sexual y laboral\u201d, el partido \u201cno ha activado nada\u201d.\n    <\/p>\n<p>\n        Otra de las falsedades explotadas por el PP desde que salt\u00f3 la noticia es que se investig\u00f3 el caso sin encontrar pruebas. Porque no lo hizo el PP de Madrid de forma oficial en ning\u00fan momento y, cuando salt\u00f3 a la direcci\u00f3n nacional, lo despacharon sin entrevistar a la denunciante.\u00a0\n    <\/p>\n<p>\n        Tanto el PP nacional como la propia Isabel D\u00edaz Ayuso s\u00ed encontraron tiempo para una entrevista con el alcalde denunciado. La presidenta de Madrid rechaz\u00f3 por \u201cproblemas de agenda\u201d verse con la concejala durante los meses que dur\u00f3 el proceso. A \u00e9l s\u00ed lo recibi\u00f3 en la sede del Gobierno regional. El instructor del expediente informativo que abri\u00f3 la Comisi\u00f3n de Derechos y Garant\u00edas del partido tambi\u00e9n lo entrevist\u00f3 personalmente. A ella <a href=\"https:\/\/www.eldiario.es\/politica\/pp-feijoo-cerro-investigacion-acoso-mostoles-recibir-denuncia-entrevistar-alcalde_1_12969295.html\" rel=\"nofollow\">solo le pidieron su versi\u00f3n por correo electr\u00f3nico<\/a>.\n    <\/p>\n<p>\n        Serrano tambi\u00e9n afirm\u00f3 este viernes que la denuncia \u201cno se presenta como un caso de acoso sexual o de abuso, sino como una disputa laboral en el \u00e1mbito de un grupo municipal\u201d. E insisti\u00f3: \u201cElla siempre aleg\u00f3 conflicto laboral en todos los correos. Si realmente hubiera denunciado un caso de acoso sexual se le hubiera derivado a los \u00f3rganos internos\u201d.\n    <\/p>\n<p>\n        El secretario general trat\u00f3 as\u00ed de establecer una distinci\u00f3n entre ambos tipos de acoso para justificar la falta de una investigaci\u00f3n oficial, algo que contraviene la normativa interna del partido.\n    <\/p>\n<p>\n        El PP tiene un Protocolo de prevenci\u00f3n de acoso laboral, vigente desde mayo de 2023, que no excluye ninguna de las dos circunstancias. El documento, que no es p\u00fablico, habla de \u201cacoso\u201d de forma gen\u00e9rica, y establece luego diferentes categor\u00edas entre las que figura el \u2018mobbing\u2019 y el acoso sexual como dos realidades a veces coincidentes.\n    <\/p>\n<p>\n        Este documento, al que ha tenido acceso elDiario.es forma parte del Programa de Cumplimiento Normativo del PP. Su primera versi\u00f3n es de diciembre de 2022.\n    <\/p>\n<h2>El PP de Feij\u00f3o y el de Ayuso se pasan la pelota<\/h2>\n<p>\n        Serrano tambi\u00e9n dijo en su rueda de prensa que M\u00f3stoles es una ciudad de m\u00e1s de 100.000 habitantes, por lo que a su alcalde le corresponde ser investigado por la direcci\u00f3n nacional. Pero el Comit\u00e9 de Derechos y Garant\u00edas Auton\u00f3mico nunca tuvo conocimiento formal de la denuncia, por lo que no pudo elevarla al \u00f3rgano nacional, como manda el art\u00edculo 53.3 de los Estatutos vigentes.\n    <\/p>\n<p>\n        As\u00ed, el PP de Madrid <a href=\"https:\/\/www.eldiario.es\/politica\/pp-feijoo-cerro-investigacion-acoso-mostoles-recibir-denuncia-entrevistar-alcalde_1_12969295.html\" rel=\"nofollow\">nunca inform\u00f3 a la direcci\u00f3n nacional<\/a> de la existencia de esta denuncia ni de las pesquisas informales puestas en marcha. As\u00ed lo aseguran desde el equipo de Alberto N\u00fa\u00f1ez Feij\u00f3o a elDiario.es, lo que vuelve a desmentir a Serrano. El \u2018n\u00famero dos\u2019 de Ayuso justific\u00f3 la ausencia de la apertura de un expediente en que ya estaba en manos del \u00f3rgano superior, pero no es as\u00ed.\n    <\/p>\n<p>\n        La \u00faltima cita entre la concejala y los enviados de Ayuso se produjo el 2 de octubre de 2024. Un d\u00eda despu\u00e9s, dej\u00f3 el acta y pidi\u00f3 la baja del partido. Nunca m\u00e1s volvi\u00f3 a tratar con el PP de Madrid, que para entonces no hab\u00eda abierto investigaci\u00f3n alguna.\n    <\/p>\n<p>\n        S\u00ed lo intent\u00f3 con la direcci\u00f3n nacional 19 d\u00edas despu\u00e9s. El 21 de octubre, a trav\u00e9s de un abogado, se puso en marcha con la Vicesecretar\u00eda de Organizaci\u00f3n que lideraba en ese momento Carmen F\u00fanez. En noviembre, la direcci\u00f3n de Feij\u00f3o abri\u00f3 el pertinente expediente informativo.\n    <\/p>\n<p>\n        Este se cerr\u00f3 el 25 de abril, fecha te\u00f3ricamente confidencial y desvelada por Serrano en su rueda de prensa, sin que se adoptara medida alguna. Fuentes de la direcci\u00f3n aseguran a este medio que la denunciante \u201cno aport\u00f3 pruebas\u201d, pese a que no se entrevistaron con ella. Le reclamaron una ampliaci\u00f3n de la informaci\u00f3n por correo electr\u00f3nico, ella devolvi\u00f3 un documento de 20 folios. Fue toda la interacci\u00f3n entre el instructor designado y ella.\n    <\/p>\n<p>\n        Desde el equipo de Feij\u00f3o presumen de atender a la denunciante \u201cpese a no ser afiliada\u201d. Pero cuando los propios Estatutos del PP establecen en su art\u00edculo 52.3 que \u201clos respectivos Comit\u00e9s extender\u00e1n sus competencias a los empleados del partido y cualquier persona incluida en el \u00e1mbito de aplicaci\u00f3n de las normas de cumplimiento, aunque no tenga la condici\u00f3n de afiliado al PP\u201d. Tambi\u00e9n el C\u00f3digo \u00c9tico establece que \u201cel PP no tolerar\u00e1 ning\u00fan tipo de violencia, acoso, abuso (&#8230;) tendente a lesionar los derechos personales de sus miembros o terceros\u201d. Y proh\u00edbe expresamente \u201cen el entorno laboral del PP actos de acoso conforme a la normativa interna\u201d.\n    <\/p>\n<h2>Deslegitimaci\u00f3n de la v\u00edctima<\/h2>\n<p>\n        El PP tambi\u00e9n ha entrado en el terreno de la deslegitimaci\u00f3n de la denunciante. \u201cEs falso que el PP de Madrid presionara a nadie para tapar absolutamente nada\u201d, dijo Serrano el viernes. \u201cLas tramitamos [las denuncias], se instruyen y cuando corresponde, se act\u00faa\u201d.\n    <\/p>\n<p>\n        La realidad es que, por lo declarado expresamente por Serrano, no se investig\u00f3 nada. Pero es que adem\u00e1s los audios publicados por elDiario.es y otros medios demuestran que s\u00ed hubo un intento de presionar a la denunciante, a la que se ofreci\u00f3 \u201camparo\u201d a cambio de no acudir a los tribunales y a la que se lleg\u00f3 a decir que el partido \u201cno termina en M\u00f3stoles\u201d.\n    <\/p>\n<p>\n        \u201cEse amparo que pides pasa por que te quites de la cabeza cualquier tipo de denuncia\u201d, le dice Ana Mill\u00e1n a la concejala. Una frase que choca con las acusaciones lanzadas desde el PP contra la denunciante precisamente por no haber acudido a la justicia a denunciar.\n    <\/p>\n<p>\n        El propio Feij\u00f3o asegur\u00f3 en un acto electoral en Arag\u00f3n que \u201cel PP de Madrid ha investigado, y despu\u00e9s de investigar ha considerado que no hab\u00eda indicios suficientes y racionales para actuar\u201d, una falsedad a tenor de lo dicho por Serrano.\n    <\/p>\n<p>\n        El l\u00edder del PP tambi\u00e9n dijo que \u201cel Comit\u00e9 de Garant\u00edas [nacional] llam\u00f3 a las personas afectadas y se mantuvo la investigaci\u00f3n de Madrid como una investigaci\u00f3n veraz\u201d, lo que implica dos mentiras: ni hubo investigaci\u00f3n formal en Madrid ni se entrevist\u00f3 personalmente a \u201clas personas afectadas\u201d. Feij\u00f3o zanj\u00f3: \u201cUna mujer que denuncia tiene el deber de acudir a la Justicia\u201d.\n    <\/p>\n<p>\n        La concejala ya ha anunciado que va a denunciar a Bautista por acoso sexual y al Gobierno de Madrid por filtrar los correos en los que denunci\u00f3 los hechos, as\u00ed como su nombre.\n    <\/p>\n<p>\n        En su estrategia, el PP tambi\u00e9n ha llegado a amenazar directamente a la concejala con llevarla a los tribunales. La \u00faltima de las entrevistas informales con la concejala, el 2 de octubre de 2024, Mill\u00e1n, <a href=\"https:\/\/www.eldiario.es\/politica\/numero-3-ayuso-ataca-informes-uco-pide-archive-causa-corrupcion_1_12647201.html\" rel=\"nofollow\">imputada por corrupci\u00f3n<\/a>, amenaz\u00f3 a la denunciante con investigarla en los \u00f3rganos internos del PP por pasar informaci\u00f3n al PSOE.\n    <\/p>\n<p>\n        Las reuniones fueron con el secretario general auton\u00f3mico, Alfonso Serrano, y la responsable de Organizaci\u00f3n, Ana Mill\u00e1n, n\u00fameros dos y tres del partido, respectivamente. La \u00faltima de las entrevistas del PP de Madrid con la concejala se produce el 2 de octubre de 2024.\n    <\/p>\n<h2>Ayuso: es un \u201ccaso fabricado\u201d<\/h2>\n<p>\n        La presidenta de Madrid ha hablado poco sobre este asunto, que afecta a una de sus personas de confianza y a quien ella mismo promocion\u00f3 como candidato en M\u00f3stoles sin contar con el respaldo del partido a nivel municipal.\n    <\/p>\n<p>\n        El jueves, en la sesi\u00f3n de control en la Asamblea de Madrid, Ayuso asegur\u00f3 que es \u201cun caso fabricado contra el PP\u201d en plena campa\u00f1a de las elecciones de Arag\u00f3n. \u201cYo no he venido a este pleno a hacerle la campa\u00f1a a Pilar Alegr\u00eda\u201d, dijo, para exigir \u201cpresunci\u00f3n de inocencia\u201d.\n    <\/p>\n<p>\n        Una presunci\u00f3n que nadie en el PP exigi\u00f3 en el caso del exasesor de Moncloa Francisco Salazar, cuyos comportamientos, desvelados por elDiario.es, fueron denunciados internamente. La publicaci\u00f3n de los hechos impidi\u00f3 su ascenso en la jerarqu\u00eda socialista y provoc\u00f3 su dimisi\u00f3n inmediata.\n    <\/p>\n<p>\n        Ni Feij\u00f3o ni Ayuso han reclamado que las denunciantes de Salazar acudan a los tribunales y <a href=\"https:\/\/www.eldiario.es\/madrid\/decia-ayuso-denuncias-salazar-esperar-trato-le-han-dado-mujeres_1_12964662.html\" rel=\"nofollow\">dieron toda la credibilidad<\/a> a las mujeres que lo se\u00f1alaron. Justo lo contrario a lo ocurrido con Manuel Bautista. De hecho, el PP fue muy cr\u00edtico con Alegr\u00eda cuando se public\u00f3 una fotograf\u00eda de la entonces portavoz del Gobierno con el ya dimitido asesor de Pedro S\u00e1nchez.\n    <\/p>\n<p>\n        Salazar est\u00e1 hoy en su casa, sin denuncia judicial contra \u00e9l porque las mujeres optaron por no acudir a la Fiscal\u00eda. Bautista sigue al frente del Ayuntamiento de M\u00f3stoles, y desde el pr\u00f3ximo lunes se le abrir\u00e1 el frente judicial, si la concejala sigue adelante con su intenci\u00f3n de denunciarle.\n    <\/p>\n<\/div>\n","protected":false},"excerpt":{"rendered":"<p>\u201c\u00bfY t\u00fa, c\u00f3mo ligas?\u201d. As\u00ed trat\u00f3 de despejar el \u2018n\u00famero dos\u2019 del PP de Madrid, Alfonso Serrano, las preguntas sobre su propia intervenci\u00f3n en el intento de tapar las acusaciones de acoso lanzadas por una concejal de M\u00f3stoles contra el alcalde de la localidad, Manuel Bautista. El secretario general auton\u00f3mico quiso presentar este viernes ante<\/p>\n","protected":false},"author":1,"featured_media":323550,"comment_status":"open","ping_status":"open","sticky":false,"template":"","format":"standard","meta":{"footnotes":""},"categories":[47],"tags":[],"class_list":["post-323558","post","type-post","status-publish","format-standard","has-post-thumbnail","hentry","category-interview-es"],"acf":[],"yoast_head":"<!-- This site is optimized with the Yoast SEO plugin v22.9 - https:\/\/yoast.com\/wordpress\/plugins\/seo\/ -->\n<title>Las contradicciones del PP desbaratan su defensa por el carpetazo a la denuncia por acoso contra el alcalde de M\u00f3stoles - vof-news.eu<\/title>\n<meta name=\"description\" content=\"\u201c\u00bfY t\u00fa, c\u00f3mo ligas?\u201d. As\u00ed trat\u00f3 de despejar el \u2018n\u00famero dos\u2019 del PP de Madrid, Alfonso Serrano, las preguntas sobre su propia intervenci\u00f3n en el intento de tapar las acusaciones de acoso lanzadas por una concejal de M\u00f3stoles contra el alcalde de la localidad, Manuel Bautista. El secretario general auton\u00f3mico quiso presentar este viernes ante los periodistas el caso como supuesto acoso laboral y no sexual lo que, seg\u00fan dijo, imped\u00eda una investigaci\u00f3n formal. Dos falsedades consecutivas que, sumadas a las discrepancias con la direcci\u00f3n nacional en c\u00f3mo se trat\u00f3 internamente la denuncia, desbaratan la defensa de la gesti\u00f3n interna que hizo el partido en este asunto.\" \/>\n<meta name=\"robots\" content=\"noindex, follow, max-snippet:-1, max-image-preview:large, max-video-preview:-1\" \/>\n<meta property=\"og:locale\" content=\"es_ES\" \/>\n<meta property=\"og:type\" content=\"article\" \/>\n<meta property=\"og:title\" content=\"Las contradicciones del PP desbaratan su defensa por el carpetazo a la denuncia por acoso contra el alcalde de M\u00f3stoles - vof-news.eu\" \/>\n<meta property=\"og:description\" content=\"\u201c\u00bfY t\u00fa, c\u00f3mo ligas?\u201d. As\u00ed trat\u00f3 de despejar el \u2018n\u00famero dos\u2019 del PP de Madrid, Alfonso Serrano, las preguntas sobre su propia intervenci\u00f3n en el intento de tapar las acusaciones de acoso lanzadas por una concejal de M\u00f3stoles contra el alcalde de la localidad, Manuel Bautista. El secretario general auton\u00f3mico quiso presentar este viernes ante los periodistas el caso como supuesto acoso laboral y no sexual lo que, seg\u00fan dijo, imped\u00eda una investigaci\u00f3n formal. Dos falsedades consecutivas que, sumadas a las discrepancias con la direcci\u00f3n nacional en c\u00f3mo se trat\u00f3 internamente la denuncia, desbaratan la defensa de la gesti\u00f3n interna que hizo el partido en este asunto.\" \/>\n<meta property=\"og:url\" content=\"https:\/\/vof-news.eu\/es\/las-contradicciones-del-pp-desbaratan-su-defensa-por-el-carpetazo-a-la-denuncia-por-acoso-contra-el-alcalde-de-mostoles\/\" \/>\n<meta property=\"og:site_name\" content=\"vof-news.eu\" \/>\n<meta property=\"article:published_time\" content=\"2026-02-07T05:22:16+00:00\" \/>\n<meta property=\"article:modified_time\" content=\"2026-02-07T05:22:43+00:00\" \/>\n<meta property=\"og:image\" content=\"https:\/\/vof-news.eu\/wp-content\/uploads\/2026\/02\/e9dcf548-95ef-48d4-9d8f-28b98a308c1b_16-9-discover-aspect-ratio_default_0.jpg\" \/>\n\t<meta property=\"og:image:width\" content=\"1200\" \/>\n\t<meta property=\"og:image:height\" content=\"675\" \/>\n\t<meta property=\"og:image:type\" content=\"image\/jpeg\" \/>\n<meta name=\"author\" content=\"Author\" \/>\n<meta name=\"twitter:card\" content=\"summary_large_image\" \/>\n<meta name=\"twitter:label1\" content=\"Escrito por\" \/>\n\t<meta name=\"twitter:data1\" content=\"Author\" \/>\n\t<meta name=\"twitter:label2\" content=\"Tiempo de lectura\" \/>\n\t<meta name=\"twitter:data2\" content=\"9 minutos\" \/>\n<script type=\"application\/ld+json\" class=\"yoast-schema-graph\">{\"@context\":\"https:\/\/schema.org\",\"@graph\":[{\"@type\":\"WebPage\",\"@id\":\"https:\/\/vof-news.eu\/es\/las-contradicciones-del-pp-desbaratan-su-defensa-por-el-carpetazo-a-la-denuncia-por-acoso-contra-el-alcalde-de-mostoles\/\",\"url\":\"https:\/\/vof-news.eu\/es\/las-contradicciones-del-pp-desbaratan-su-defensa-por-el-carpetazo-a-la-denuncia-por-acoso-contra-el-alcalde-de-mostoles\/\",\"name\":\"Las contradicciones del PP desbaratan su defensa por el carpetazo a la denuncia por acoso contra el alcalde de M\u00f3stoles - vof-news.eu\",\"isPartOf\":{\"@id\":\"https:\/\/vof-news.eu\/es\/#website\"},\"primaryImageOfPage\":{\"@id\":\"https:\/\/vof-news.eu\/es\/las-contradicciones-del-pp-desbaratan-su-defensa-por-el-carpetazo-a-la-denuncia-por-acoso-contra-el-alcalde-de-mostoles\/#primaryimage\"},\"image\":{\"@id\":\"https:\/\/vof-news.eu\/es\/las-contradicciones-del-pp-desbaratan-su-defensa-por-el-carpetazo-a-la-denuncia-por-acoso-contra-el-alcalde-de-mostoles\/#primaryimage\"},\"thumbnailUrl\":\"https:\/\/vof-news.eu\/wp-content\/uploads\/2026\/02\/e9dcf548-95ef-48d4-9d8f-28b98a308c1b_16-9-discover-aspect-ratio_default_0.jpg\",\"datePublished\":\"2026-02-07T05:22:16+00:00\",\"dateModified\":\"2026-02-07T05:22:43+00:00\",\"author\":{\"@id\":\"https:\/\/vof-news.eu\/es\/#\/schema\/person\/f6a2a4309f0561835797fd8c19b333ed\"},\"description\":\"\u201c\u00bfY t\u00fa, c\u00f3mo ligas?\u201d. As\u00ed trat\u00f3 de despejar el \u2018n\u00famero dos\u2019 del PP de Madrid, Alfonso Serrano, las preguntas sobre su propia intervenci\u00f3n en el intento de tapar las acusaciones de acoso lanzadas por una concejal de M\u00f3stoles contra el alcalde de la localidad, Manuel Bautista. El secretario general auton\u00f3mico quiso presentar este viernes ante los periodistas el caso como supuesto acoso laboral y no sexual lo que, seg\u00fan dijo, imped\u00eda una investigaci\u00f3n formal. Dos falsedades consecutivas que, sumadas a las discrepancias con la direcci\u00f3n nacional en c\u00f3mo se trat\u00f3 internamente la denuncia, desbaratan la defensa de la gesti\u00f3n interna que hizo el partido en este asunto.\",\"breadcrumb\":{\"@id\":\"https:\/\/vof-news.eu\/es\/las-contradicciones-del-pp-desbaratan-su-defensa-por-el-carpetazo-a-la-denuncia-por-acoso-contra-el-alcalde-de-mostoles\/#breadcrumb\"},\"inLanguage\":\"es\",\"potentialAction\":[{\"@type\":\"ReadAction\",\"target\":[\"https:\/\/vof-news.eu\/es\/las-contradicciones-del-pp-desbaratan-su-defensa-por-el-carpetazo-a-la-denuncia-por-acoso-contra-el-alcalde-de-mostoles\/\"]}]},{\"@type\":\"ImageObject\",\"inLanguage\":\"es\",\"@id\":\"https:\/\/vof-news.eu\/es\/las-contradicciones-del-pp-desbaratan-su-defensa-por-el-carpetazo-a-la-denuncia-por-acoso-contra-el-alcalde-de-mostoles\/#primaryimage\",\"url\":\"https:\/\/vof-news.eu\/wp-content\/uploads\/2026\/02\/e9dcf548-95ef-48d4-9d8f-28b98a308c1b_16-9-discover-aspect-ratio_default_0.jpg\",\"contentUrl\":\"https:\/\/vof-news.eu\/wp-content\/uploads\/2026\/02\/e9dcf548-95ef-48d4-9d8f-28b98a308c1b_16-9-discover-aspect-ratio_default_0.jpg\",\"width\":1200,\"height\":675,\"caption\":\"(Foto de ARCHIVO) El presidente del Partido Popular, Alberto N\u00fa\u00f1ez Feij\u00f3o, y la presidenta de la Comunidad de Madrid, Isabel D\u00edaz Ayuso, asisten a la cena de navidad del PP de Madrid, en la Finca La Alquer\u00eda, a 15 de diciembre de 2025, en Alcorc\u00f3n, Madrid (Espa\u00f1a). Alejandro Mart\u00ednez V\u00e9lez \/ Europa Press 15 DICIEMBRE 2025;PP;PARTIDO POPULAR;MADRID;AYUSO;FEIJ\u00d3O;CENA;NAVIDAD 15\/12\/2025\"},{\"@type\":\"BreadcrumbList\",\"@id\":\"https:\/\/vof-news.eu\/es\/las-contradicciones-del-pp-desbaratan-su-defensa-por-el-carpetazo-a-la-denuncia-por-acoso-contra-el-alcalde-de-mostoles\/#breadcrumb\",\"itemListElement\":[{\"@type\":\"ListItem\",\"position\":1,\"name\":\"Home\",\"item\":\"https:\/\/vof-news.eu\/es\/\"},{\"@type\":\"ListItem\",\"position\":2,\"name\":\"Las contradicciones del PP desbaratan su defensa por el carpetazo a la denuncia por acoso contra el alcalde de M\u00f3stoles\"}]},{\"@type\":\"WebSite\",\"@id\":\"https:\/\/vof-news.eu\/es\/#website\",\"url\":\"https:\/\/vof-news.eu\/es\/\",\"name\":\"vof-news.eu\",\"description\":\"\",\"potentialAction\":[{\"@type\":\"SearchAction\",\"target\":{\"@type\":\"EntryPoint\",\"urlTemplate\":\"https:\/\/vof-news.eu\/es\/?s={search_term_string}\"},\"query-input\":\"required name=search_term_string\"}],\"inLanguage\":\"es\"},{\"@type\":\"Person\",\"@id\":\"https:\/\/vof-news.eu\/es\/#\/schema\/person\/f6a2a4309f0561835797fd8c19b333ed\",\"name\":\"Author\",\"image\":{\"@type\":\"ImageObject\",\"inLanguage\":\"es\",\"@id\":\"https:\/\/vof-news.eu\/es\/#\/schema\/person\/image\/\",\"url\":\"https:\/\/secure.gravatar.com\/avatar\/b67e614b1b25b3e9c0c239efdd2fde5ab015b5affd6f1c3c85911ca4b384e790?s=96&d=mm&r=g\",\"contentUrl\":\"https:\/\/secure.gravatar.com\/avatar\/b67e614b1b25b3e9c0c239efdd2fde5ab015b5affd6f1c3c85911ca4b384e790?s=96&d=mm&r=g\",\"caption\":\"Author\"},\"sameAs\":[\"http:\/\/vof-news.eu\"],\"url\":\"https:\/\/vof-news.eu\/es\/author\/zwt6qxnjulxbnyg\/\"}]}<\/script>\n<!-- \/ Yoast SEO plugin. -->","yoast_head_json":{"title":"Las contradicciones del PP desbaratan su defensa por el carpetazo a la denuncia por acoso contra el alcalde de M\u00f3stoles - vof-news.eu","description":"\u201c\u00bfY t\u00fa, c\u00f3mo ligas?\u201d. As\u00ed trat\u00f3 de despejar el \u2018n\u00famero dos\u2019 del PP de Madrid, Alfonso Serrano, las preguntas sobre su propia intervenci\u00f3n en el intento de tapar las acusaciones de acoso lanzadas por una concejal de M\u00f3stoles contra el alcalde de la localidad, Manuel Bautista. El secretario general auton\u00f3mico quiso presentar este viernes ante los periodistas el caso como supuesto acoso laboral y no sexual lo que, seg\u00fan dijo, imped\u00eda una investigaci\u00f3n formal. Dos falsedades consecutivas que, sumadas a las discrepancias con la direcci\u00f3n nacional en c\u00f3mo se trat\u00f3 internamente la denuncia, desbaratan la defensa de la gesti\u00f3n interna que hizo el partido en este asunto.","robots":{"index":"noindex","follow":"follow","max-snippet":"max-snippet:-1","max-image-preview":"max-image-preview:large","max-video-preview":"max-video-preview:-1"},"og_locale":"es_ES","og_type":"article","og_title":"Las contradicciones del PP desbaratan su defensa por el carpetazo a la denuncia por acoso contra el alcalde de M\u00f3stoles - vof-news.eu","og_description":"\u201c\u00bfY t\u00fa, c\u00f3mo ligas?\u201d. As\u00ed trat\u00f3 de despejar el \u2018n\u00famero dos\u2019 del PP de Madrid, Alfonso Serrano, las preguntas sobre su propia intervenci\u00f3n en el intento de tapar las acusaciones de acoso lanzadas por una concejal de M\u00f3stoles contra el alcalde de la localidad, Manuel Bautista. El secretario general auton\u00f3mico quiso presentar este viernes ante los periodistas el caso como supuesto acoso laboral y no sexual lo que, seg\u00fan dijo, imped\u00eda una investigaci\u00f3n formal. Dos falsedades consecutivas que, sumadas a las discrepancias con la direcci\u00f3n nacional en c\u00f3mo se trat\u00f3 internamente la denuncia, desbaratan la defensa de la gesti\u00f3n interna que hizo el partido en este asunto.","og_url":"https:\/\/vof-news.eu\/es\/las-contradicciones-del-pp-desbaratan-su-defensa-por-el-carpetazo-a-la-denuncia-por-acoso-contra-el-alcalde-de-mostoles\/","og_site_name":"vof-news.eu","article_published_time":"2026-02-07T05:22:16+00:00","article_modified_time":"2026-02-07T05:22:43+00:00","og_image":[{"width":1200,"height":675,"url":"https:\/\/vof-news.eu\/wp-content\/uploads\/2026\/02\/e9dcf548-95ef-48d4-9d8f-28b98a308c1b_16-9-discover-aspect-ratio_default_0.jpg","type":"image\/jpeg"}],"author":"Author","twitter_card":"summary_large_image","twitter_misc":{"Escrito por":"Author","Tiempo de lectura":"9 minutos"},"schema":{"@context":"https:\/\/schema.org","@graph":[{"@type":"WebPage","@id":"https:\/\/vof-news.eu\/es\/las-contradicciones-del-pp-desbaratan-su-defensa-por-el-carpetazo-a-la-denuncia-por-acoso-contra-el-alcalde-de-mostoles\/","url":"https:\/\/vof-news.eu\/es\/las-contradicciones-del-pp-desbaratan-su-defensa-por-el-carpetazo-a-la-denuncia-por-acoso-contra-el-alcalde-de-mostoles\/","name":"Las contradicciones del PP desbaratan su defensa por el carpetazo a la denuncia por acoso contra el alcalde de M\u00f3stoles - vof-news.eu","isPartOf":{"@id":"https:\/\/vof-news.eu\/es\/#website"},"primaryImageOfPage":{"@id":"https:\/\/vof-news.eu\/es\/las-contradicciones-del-pp-desbaratan-su-defensa-por-el-carpetazo-a-la-denuncia-por-acoso-contra-el-alcalde-de-mostoles\/#primaryimage"},"image":{"@id":"https:\/\/vof-news.eu\/es\/las-contradicciones-del-pp-desbaratan-su-defensa-por-el-carpetazo-a-la-denuncia-por-acoso-contra-el-alcalde-de-mostoles\/#primaryimage"},"thumbnailUrl":"https:\/\/vof-news.eu\/wp-content\/uploads\/2026\/02\/e9dcf548-95ef-48d4-9d8f-28b98a308c1b_16-9-discover-aspect-ratio_default_0.jpg","datePublished":"2026-02-07T05:22:16+00:00","dateModified":"2026-02-07T05:22:43+00:00","author":{"@id":"https:\/\/vof-news.eu\/es\/#\/schema\/person\/f6a2a4309f0561835797fd8c19b333ed"},"description":"\u201c\u00bfY t\u00fa, c\u00f3mo ligas?\u201d. As\u00ed trat\u00f3 de despejar el \u2018n\u00famero dos\u2019 del PP de Madrid, Alfonso Serrano, las preguntas sobre su propia intervenci\u00f3n en el intento de tapar las acusaciones de acoso lanzadas por una concejal de M\u00f3stoles contra el alcalde de la localidad, Manuel Bautista. El secretario general auton\u00f3mico quiso presentar este viernes ante los periodistas el caso como supuesto acoso laboral y no sexual lo que, seg\u00fan dijo, imped\u00eda una investigaci\u00f3n formal. Dos falsedades consecutivas que, sumadas a las discrepancias con la direcci\u00f3n nacional en c\u00f3mo se trat\u00f3 internamente la denuncia, desbaratan la defensa de la gesti\u00f3n interna que hizo el partido en este asunto.","breadcrumb":{"@id":"https:\/\/vof-news.eu\/es\/las-contradicciones-del-pp-desbaratan-su-defensa-por-el-carpetazo-a-la-denuncia-por-acoso-contra-el-alcalde-de-mostoles\/#breadcrumb"},"inLanguage":"es","potentialAction":[{"@type":"ReadAction","target":["https:\/\/vof-news.eu\/es\/las-contradicciones-del-pp-desbaratan-su-defensa-por-el-carpetazo-a-la-denuncia-por-acoso-contra-el-alcalde-de-mostoles\/"]}]},{"@type":"ImageObject","inLanguage":"es","@id":"https:\/\/vof-news.eu\/es\/las-contradicciones-del-pp-desbaratan-su-defensa-por-el-carpetazo-a-la-denuncia-por-acoso-contra-el-alcalde-de-mostoles\/#primaryimage","url":"https:\/\/vof-news.eu\/wp-content\/uploads\/2026\/02\/e9dcf548-95ef-48d4-9d8f-28b98a308c1b_16-9-discover-aspect-ratio_default_0.jpg","contentUrl":"https:\/\/vof-news.eu\/wp-content\/uploads\/2026\/02\/e9dcf548-95ef-48d4-9d8f-28b98a308c1b_16-9-discover-aspect-ratio_default_0.jpg","width":1200,"height":675,"caption":"(Foto de ARCHIVO) El presidente del Partido Popular, Alberto N\u00fa\u00f1ez Feij\u00f3o, y la presidenta de la Comunidad de Madrid, Isabel D\u00edaz Ayuso, asisten a la cena de navidad del PP de Madrid, en la Finca La Alquer\u00eda, a 15 de diciembre de 2025, en Alcorc\u00f3n, Madrid (Espa\u00f1a). Alejandro Mart\u00ednez V\u00e9lez \/ Europa Press 15 DICIEMBRE 2025;PP;PARTIDO POPULAR;MADRID;AYUSO;FEIJ\u00d3O;CENA;NAVIDAD 15\/12\/2025"},{"@type":"BreadcrumbList","@id":"https:\/\/vof-news.eu\/es\/las-contradicciones-del-pp-desbaratan-su-defensa-por-el-carpetazo-a-la-denuncia-por-acoso-contra-el-alcalde-de-mostoles\/#breadcrumb","itemListElement":[{"@type":"ListItem","position":1,"name":"Home","item":"https:\/\/vof-news.eu\/es\/"},{"@type":"ListItem","position":2,"name":"Las contradicciones del PP desbaratan su defensa por el carpetazo a la denuncia por acoso contra el alcalde de M\u00f3stoles"}]},{"@type":"WebSite","@id":"https:\/\/vof-news.eu\/es\/#website","url":"https:\/\/vof-news.eu\/es\/","name":"vof-news.eu","description":"","potentialAction":[{"@type":"SearchAction","target":{"@type":"EntryPoint","urlTemplate":"https:\/\/vof-news.eu\/es\/?s={search_term_string}"},"query-input":"required name=search_term_string"}],"inLanguage":"es"},{"@type":"Person","@id":"https:\/\/vof-news.eu\/es\/#\/schema\/person\/f6a2a4309f0561835797fd8c19b333ed","name":"Author","image":{"@type":"ImageObject","inLanguage":"es","@id":"https:\/\/vof-news.eu\/es\/#\/schema\/person\/image\/","url":"https:\/\/secure.gravatar.com\/avatar\/b67e614b1b25b3e9c0c239efdd2fde5ab015b5affd6f1c3c85911ca4b384e790?s=96&d=mm&r=g","contentUrl":"https:\/\/secure.gravatar.com\/avatar\/b67e614b1b25b3e9c0c239efdd2fde5ab015b5affd6f1c3c85911ca4b384e790?s=96&d=mm&r=g","caption":"Author"},"sameAs":["http:\/\/vof-news.eu"],"url":"https:\/\/vof-news.eu\/es\/author\/zwt6qxnjulxbnyg\/"}]}},"yoast_meta":{"yoast_wpseo_title":"","yoast_wpseo_metadesc":"","yoast_wpseo_canonical":""},"_links":{"self":[{"href":"https:\/\/vof-news.eu\/es\/wp-json\/wp\/v2\/posts\/323558","targetHints":{"allow":["GET"]}}],"collection":[{"href":"https:\/\/vof-news.eu\/es\/wp-json\/wp\/v2\/posts"}],"about":[{"href":"https:\/\/vof-news.eu\/es\/wp-json\/wp\/v2\/types\/post"}],"author":[{"embeddable":true,"href":"https:\/\/vof-news.eu\/es\/wp-json\/wp\/v2\/users\/1"}],"replies":[{"embeddable":true,"href":"https:\/\/vof-news.eu\/es\/wp-json\/wp\/v2\/comments?post=323558"}],"version-history":[{"count":1,"href":"https:\/\/vof-news.eu\/es\/wp-json\/wp\/v2\/posts\/323558\/revisions"}],"predecessor-version":[{"id":323559,"href":"https:\/\/vof-news.eu\/es\/wp-json\/wp\/v2\/posts\/323558\/revisions\/323559"}],"wp:featuredmedia":[{"embeddable":true,"href":"https:\/\/vof-news.eu\/es\/wp-json\/wp\/v2\/media\/323550"}],"wp:attachment":[{"href":"https:\/\/vof-news.eu\/es\/wp-json\/wp\/v2\/media?parent=323558"}],"wp:term":[{"taxonomy":"category","embeddable":true,"href":"https:\/\/vof-news.eu\/es\/wp-json\/wp\/v2\/categories?post=323558"},{"taxonomy":"post_tag","embeddable":true,"href":"https:\/\/vof-news.eu\/es\/wp-json\/wp\/v2\/tags?post=323558"}],"curies":[{"name":"wp","href":"https:\/\/api.w.org\/{rel}","templated":true}]}}