{"id":323406,"date":"2026-02-06T16:52:15","date_gmt":"2026-02-06T13:52:15","guid":{"rendered":"https:\/\/vof-news.eu\/la-exconcejala-de-mostoles-denunciara-al-alcalde-por-acoso-sexual-y-al-gobierno-de-ayuso-por-la-filtracion-de-sus-correos\/"},"modified":"2026-02-06T16:52:35","modified_gmt":"2026-02-06T13:52:35","slug":"la-exconcejala-de-mostoles-denunciara-al-alcalde-por-acoso-sexual-y-al-gobierno-de-ayuso-por-la-filtracion-de-sus-correos","status":"publish","type":"post","link":"https:\/\/vof-news.eu\/es\/la-exconcejala-de-mostoles-denunciara-al-alcalde-por-acoso-sexual-y-al-gobierno-de-ayuso-por-la-filtracion-de-sus-correos\/","title":{"rendered":"La exconcejala de M\u00f3stoles denunciar\u00e1 al alcalde por acoso sexual y al Gobierno de Ayuso por la filtraci\u00f3n de sus correos"},"content":{"rendered":"<div>\n<p>\n        La exconcejala de M\u00f3stoles presentar\u00e1 la pr\u00f3xima semana una denuncia ante los juzgados por un presunto caso de acoso sexual por parte del alcalde de este municipio, Manuel Bautista, y prepara otra contra la Comunidad de Madrid ante el Tribunal Supremo por la <a href=\"https:\/\/www.eldiario.es\/madrid\/correos-concejal-mostoles-desmienten-equipo-ayuso-prueban-si-denuncio-acoso-sexual_1_12966973.html\" rel=\"nofollow\">filtraci\u00f3n de correos<\/a> personales. Su abogado, ha detallado a la agencia Europa Press que la denuncia relatar\u00e1 las presuntas maniobras de acoso sexual que habr\u00eda sufrido por parte del regidor y el posterior acoso laboral.\n    <\/p>\n<p>\n        Adem\u00e1s, la exedil denunciar\u00e1 ante el Tribunal Supremo la filtraci\u00f3n de correos electr\u00f3nicos, que habr\u00edan sido difundidos sin su consentimiento. La afectada sostiene que se produjo \u201cuna invasi\u00f3n\u201d de su correo oficial, con accesos no autorizados, borrado de mensajes y utilizaci\u00f3n del contenido con fines ajenos a su funci\u00f3n p\u00fablica. Seg\u00fan el letrado, la denuncia por la supuesta filtraci\u00f3n busca esclarecer qui\u00e9n orden\u00f3 o facilit\u00f3 dicha filtraci\u00f3n, si desde la Comunidad de Madrid o desde el entorno del Partido Popular de Madrid, por un posible delito de revelaci\u00f3n de secretos y otros.\n    <\/p>\n<p>\n        El letrado sostiene que su clienta no denunci\u00f3 antes el supuesto caso de acoso sexual por presiones con mensajes como \u201cpiensa en tus hijos\u201d o \u201cen tu padre\u201d, especialmente tras la \u00faltima reuni\u00f3n mantenida, en la que, seg\u00fan afirma, fue tratada de forma presuntamente intimidatoria. El abogado explica que el borrado de correos de su ordenador ya se denunci\u00f3 pero fue archivado por el juez. Una decisi\u00f3n que fue recurrida ante la Audiencia Provincial de Madrid, que a\u00fan no ha se\u00f1alado fecha para deliberaci\u00f3n y fallo.\n    <\/p>\n<p>\n        El alcalde de M\u00f3stoles defendi\u00f3 este jueves, en rueda de prensa, su presunci\u00f3n de inocencia y asegur\u00f3 que se ha construido un relato \u201cque no se corresponde con la realidad\u201d. \u201cNadie de mis concejales me han pedido que dimita porque no hay una acusaci\u00f3n como tal, es decir, la v\u00eda judicial no se ha explorado y en la v\u00eda del Comit\u00e9 de Derechos y Garant\u00edas el caso est\u00e1 archivado. Por tanto, una informaci\u00f3n period\u00edstica creo que no es suficiente para que se tome ninguna decisi\u00f3n\u201d, sostuvo el regidor en una rueda de prensa ante los medios de comunicaci\u00f3n.\n    <\/p>\n<p>\n        Este viernes <a href=\"https:\/\/www.eldiario.es\/madrid\/audio-numero-3-ayuso-cuestiono-acoso-denunciado-edil-mostoles-amenazo-expediente-pasar-informacion-psoe_1_12968012.html\" rel=\"nofollow\">elDiario.es desvel\u00f3 la grabaci\u00f3n<\/a> de una de las reuniones entre la concejala y\u00a0<a href=\"https:\/\/www.eldiario.es\/temas\/ana-millan\/\" rel=\"nofollow\">Ana Mill\u00e1n<\/a>, alto cargo del PP en Madrid y una de las m\u00e1s estrechas colaboradoras de\u00a0<a href=\"https:\/\/www.eldiario.es\/temas\/isabel-diaz-ayuso\/\" rel=\"nofollow\">Isabel D\u00edaz Ayuso<\/a>, que revela que su respuesta fue cuestionar el supuesto acoso por no haber acudido al Comit\u00e9 de Derechos y Garant\u00edas, negarse a reunirse con ella en presencia de su abogado e, incluso, anunciar que estaba siendo investigada bajo la acusaci\u00f3n de filtrar informaci\u00f3n de este caso al PSOE. \u201cEl partido tiene una denuncia hacia ti con pruebas de que llevas tiempo pasando informaci\u00f3n al PSOE de todo este tema\u201d, dijo Mill\u00e1n antes del final de la reuni\u00f3n.\u00a0Un d\u00eda despu\u00e9s dej\u00f3 su acta y caus\u00f3 baja en el partido.\n    <\/p>\n<\/div>\n","protected":false},"excerpt":{"rendered":"<p>La exconcejala de M\u00f3stoles presentar\u00e1 la pr\u00f3xima semana una denuncia ante los juzgados por un presunto caso de acoso sexual por parte del alcalde de este municipio, Manuel Bautista, y prepara otra contra la Comunidad de Madrid ante el Tribunal Supremo por la filtraci\u00f3n de correos personales. Su abogado, ha detallado a la agencia Europa<\/p>\n","protected":false},"author":1,"featured_media":323400,"comment_status":"open","ping_status":"open","sticky":false,"template":"","format":"standard","meta":{"footnotes":""},"categories":[47],"tags":[],"class_list":["post-323406","post","type-post","status-publish","format-standard","has-post-thumbnail","hentry","category-interview-es"],"acf":[],"yoast_head":"<!-- This site is optimized with the Yoast SEO plugin v22.9 - https:\/\/yoast.com\/wordpress\/plugins\/seo\/ -->\n<title>La exconcejala de M\u00f3stoles denunciar\u00e1 al alcalde por acoso sexual y al Gobierno de Ayuso por la filtraci\u00f3n de sus correos - vof-news.eu<\/title>\n<meta name=\"description\" content=\"La exconcejala de M\u00f3stoles presentar\u00e1 la pr\u00f3xima semana una denuncia ante los juzgados por un presunto caso de acoso sexual por parte del alcalde de este municipio, Manuel Bautista, y prepara otra contra la Comunidad de Madrid ante el Tribunal Supremo por la filtraci\u00f3n de correos personales. Su abogado, ha detallado a la agencia Europa Press que la denuncia relatar\u00e1 las presuntas maniobras de acoso sexual que habr\u00eda sufrido por parte del regidor y el posterior acoso laboral.\" \/>\n<meta name=\"robots\" content=\"noindex, follow, max-snippet:-1, max-image-preview:large, max-video-preview:-1\" \/>\n<meta property=\"og:locale\" content=\"es_ES\" \/>\n<meta property=\"og:type\" content=\"article\" \/>\n<meta property=\"og:title\" content=\"La exconcejala de M\u00f3stoles denunciar\u00e1 al alcalde por acoso sexual y al Gobierno de Ayuso por la filtraci\u00f3n de sus correos - vof-news.eu\" \/>\n<meta property=\"og:description\" content=\"La exconcejala de M\u00f3stoles presentar\u00e1 la pr\u00f3xima semana una denuncia ante los juzgados por un presunto caso de acoso sexual por parte del alcalde de este municipio, Manuel Bautista, y prepara otra contra la Comunidad de Madrid ante el Tribunal Supremo por la filtraci\u00f3n de correos personales. Su abogado, ha detallado a la agencia Europa Press que la denuncia relatar\u00e1 las presuntas maniobras de acoso sexual que habr\u00eda sufrido por parte del regidor y el posterior acoso laboral.\" \/>\n<meta property=\"og:url\" content=\"https:\/\/vof-news.eu\/es\/la-exconcejala-de-mostoles-denunciara-al-alcalde-por-acoso-sexual-y-al-gobierno-de-ayuso-por-la-filtracion-de-sus-correos\/\" \/>\n<meta property=\"og:site_name\" content=\"vof-news.eu\" \/>\n<meta property=\"article:published_time\" content=\"2026-02-06T13:52:15+00:00\" \/>\n<meta property=\"article:modified_time\" content=\"2026-02-06T13:52:35+00:00\" \/>\n<meta property=\"og:image\" content=\"https:\/\/vof-news.eu\/wp-content\/uploads\/2026\/02\/617762aa-997d-4a6b-aa5d-f902b37d268b_16-9-discover-aspect-ratio_default_0.jpg\" \/>\n\t<meta property=\"og:image:width\" content=\"1200\" \/>\n\t<meta property=\"og:image:height\" content=\"675\" \/>\n\t<meta property=\"og:image:type\" content=\"image\/jpeg\" \/>\n<meta name=\"author\" content=\"Author\" \/>\n<meta name=\"twitter:card\" content=\"summary_large_image\" \/>\n<meta name=\"twitter:label1\" content=\"Escrito por\" \/>\n\t<meta name=\"twitter:data1\" content=\"Author\" \/>\n\t<meta name=\"twitter:label2\" content=\"Tiempo de lectura\" \/>\n\t<meta name=\"twitter:data2\" content=\"3 minutos\" \/>\n<script type=\"application\/ld+json\" class=\"yoast-schema-graph\">{\"@context\":\"https:\/\/schema.org\",\"@graph\":[{\"@type\":\"WebPage\",\"@id\":\"https:\/\/vof-news.eu\/es\/la-exconcejala-de-mostoles-denunciara-al-alcalde-por-acoso-sexual-y-al-gobierno-de-ayuso-por-la-filtracion-de-sus-correos\/\",\"url\":\"https:\/\/vof-news.eu\/es\/la-exconcejala-de-mostoles-denunciara-al-alcalde-por-acoso-sexual-y-al-gobierno-de-ayuso-por-la-filtracion-de-sus-correos\/\",\"name\":\"La exconcejala de M\u00f3stoles denunciar\u00e1 al alcalde por acoso sexual y al Gobierno de Ayuso por la filtraci\u00f3n de sus correos - vof-news.eu\",\"isPartOf\":{\"@id\":\"https:\/\/vof-news.eu\/es\/#website\"},\"primaryImageOfPage\":{\"@id\":\"https:\/\/vof-news.eu\/es\/la-exconcejala-de-mostoles-denunciara-al-alcalde-por-acoso-sexual-y-al-gobierno-de-ayuso-por-la-filtracion-de-sus-correos\/#primaryimage\"},\"image\":{\"@id\":\"https:\/\/vof-news.eu\/es\/la-exconcejala-de-mostoles-denunciara-al-alcalde-por-acoso-sexual-y-al-gobierno-de-ayuso-por-la-filtracion-de-sus-correos\/#primaryimage\"},\"thumbnailUrl\":\"https:\/\/vof-news.eu\/wp-content\/uploads\/2026\/02\/617762aa-997d-4a6b-aa5d-f902b37d268b_16-9-discover-aspect-ratio_default_0.jpg\",\"datePublished\":\"2026-02-06T13:52:15+00:00\",\"dateModified\":\"2026-02-06T13:52:35+00:00\",\"author\":{\"@id\":\"https:\/\/vof-news.eu\/es\/#\/schema\/person\/f6a2a4309f0561835797fd8c19b333ed\"},\"description\":\"La exconcejala de M\u00f3stoles presentar\u00e1 la pr\u00f3xima semana una denuncia ante los juzgados por un presunto caso de acoso sexual por parte del alcalde de este municipio, Manuel Bautista, y prepara otra contra la Comunidad de Madrid ante el Tribunal Supremo por la filtraci\u00f3n de correos personales. Su abogado, ha detallado a la agencia Europa Press que la denuncia relatar\u00e1 las presuntas maniobras de acoso sexual que habr\u00eda sufrido por parte del regidor y el posterior acoso laboral.\",\"breadcrumb\":{\"@id\":\"https:\/\/vof-news.eu\/es\/la-exconcejala-de-mostoles-denunciara-al-alcalde-por-acoso-sexual-y-al-gobierno-de-ayuso-por-la-filtracion-de-sus-correos\/#breadcrumb\"},\"inLanguage\":\"es\",\"potentialAction\":[{\"@type\":\"ReadAction\",\"target\":[\"https:\/\/vof-news.eu\/es\/la-exconcejala-de-mostoles-denunciara-al-alcalde-por-acoso-sexual-y-al-gobierno-de-ayuso-por-la-filtracion-de-sus-correos\/\"]}]},{\"@type\":\"ImageObject\",\"inLanguage\":\"es\",\"@id\":\"https:\/\/vof-news.eu\/es\/la-exconcejala-de-mostoles-denunciara-al-alcalde-por-acoso-sexual-y-al-gobierno-de-ayuso-por-la-filtracion-de-sus-correos\/#primaryimage\",\"url\":\"https:\/\/vof-news.eu\/wp-content\/uploads\/2026\/02\/617762aa-997d-4a6b-aa5d-f902b37d268b_16-9-discover-aspect-ratio_default_0.jpg\",\"contentUrl\":\"https:\/\/vof-news.eu\/wp-content\/uploads\/2026\/02\/617762aa-997d-4a6b-aa5d-f902b37d268b_16-9-discover-aspect-ratio_default_0.jpg\",\"width\":1200,\"height\":675,\"caption\":\"Imagen de archivo del alcalde de M\u00f3stoles, Manuel Bautista (i), y Alfonso Serrano en mayo de 2023. EFE\/ Fernando Villar\"},{\"@type\":\"BreadcrumbList\",\"@id\":\"https:\/\/vof-news.eu\/es\/la-exconcejala-de-mostoles-denunciara-al-alcalde-por-acoso-sexual-y-al-gobierno-de-ayuso-por-la-filtracion-de-sus-correos\/#breadcrumb\",\"itemListElement\":[{\"@type\":\"ListItem\",\"position\":1,\"name\":\"Home\",\"item\":\"https:\/\/vof-news.eu\/es\/\"},{\"@type\":\"ListItem\",\"position\":2,\"name\":\"La exconcejala de M\u00f3stoles denunciar\u00e1 al alcalde por acoso sexual y al Gobierno de Ayuso por la filtraci\u00f3n de sus correos\"}]},{\"@type\":\"WebSite\",\"@id\":\"https:\/\/vof-news.eu\/es\/#website\",\"url\":\"https:\/\/vof-news.eu\/es\/\",\"name\":\"vof-news.eu\",\"description\":\"\",\"potentialAction\":[{\"@type\":\"SearchAction\",\"target\":{\"@type\":\"EntryPoint\",\"urlTemplate\":\"https:\/\/vof-news.eu\/es\/?s={search_term_string}\"},\"query-input\":\"required name=search_term_string\"}],\"inLanguage\":\"es\"},{\"@type\":\"Person\",\"@id\":\"https:\/\/vof-news.eu\/es\/#\/schema\/person\/f6a2a4309f0561835797fd8c19b333ed\",\"name\":\"Author\",\"image\":{\"@type\":\"ImageObject\",\"inLanguage\":\"es\",\"@id\":\"https:\/\/vof-news.eu\/es\/#\/schema\/person\/image\/\",\"url\":\"https:\/\/secure.gravatar.com\/avatar\/b67e614b1b25b3e9c0c239efdd2fde5ab015b5affd6f1c3c85911ca4b384e790?s=96&d=mm&r=g\",\"contentUrl\":\"https:\/\/secure.gravatar.com\/avatar\/b67e614b1b25b3e9c0c239efdd2fde5ab015b5affd6f1c3c85911ca4b384e790?s=96&d=mm&r=g\",\"caption\":\"Author\"},\"sameAs\":[\"http:\/\/vof-news.eu\"],\"url\":\"https:\/\/vof-news.eu\/es\/author\/zwt6qxnjulxbnyg\/\"}]}<\/script>\n<!-- \/ Yoast SEO plugin. -->","yoast_head_json":{"title":"La exconcejala de M\u00f3stoles denunciar\u00e1 al alcalde por acoso sexual y al Gobierno de Ayuso por la filtraci\u00f3n de sus correos - vof-news.eu","description":"La exconcejala de M\u00f3stoles presentar\u00e1 la pr\u00f3xima semana una denuncia ante los juzgados por un presunto caso de acoso sexual por parte del alcalde de este municipio, Manuel Bautista, y prepara otra contra la Comunidad de Madrid ante el Tribunal Supremo por la filtraci\u00f3n de correos personales. Su abogado, ha detallado a la agencia Europa Press que la denuncia relatar\u00e1 las presuntas maniobras de acoso sexual que habr\u00eda sufrido por parte del regidor y el posterior acoso laboral.","robots":{"index":"noindex","follow":"follow","max-snippet":"max-snippet:-1","max-image-preview":"max-image-preview:large","max-video-preview":"max-video-preview:-1"},"og_locale":"es_ES","og_type":"article","og_title":"La exconcejala de M\u00f3stoles denunciar\u00e1 al alcalde por acoso sexual y al Gobierno de Ayuso por la filtraci\u00f3n de sus correos - vof-news.eu","og_description":"La exconcejala de M\u00f3stoles presentar\u00e1 la pr\u00f3xima semana una denuncia ante los juzgados por un presunto caso de acoso sexual por parte del alcalde de este municipio, Manuel Bautista, y prepara otra contra la Comunidad de Madrid ante el Tribunal Supremo por la filtraci\u00f3n de correos personales. Su abogado, ha detallado a la agencia Europa Press que la denuncia relatar\u00e1 las presuntas maniobras de acoso sexual que habr\u00eda sufrido por parte del regidor y el posterior acoso laboral.","og_url":"https:\/\/vof-news.eu\/es\/la-exconcejala-de-mostoles-denunciara-al-alcalde-por-acoso-sexual-y-al-gobierno-de-ayuso-por-la-filtracion-de-sus-correos\/","og_site_name":"vof-news.eu","article_published_time":"2026-02-06T13:52:15+00:00","article_modified_time":"2026-02-06T13:52:35+00:00","og_image":[{"width":1200,"height":675,"url":"https:\/\/vof-news.eu\/wp-content\/uploads\/2026\/02\/617762aa-997d-4a6b-aa5d-f902b37d268b_16-9-discover-aspect-ratio_default_0.jpg","type":"image\/jpeg"}],"author":"Author","twitter_card":"summary_large_image","twitter_misc":{"Escrito por":"Author","Tiempo de lectura":"3 minutos"},"schema":{"@context":"https:\/\/schema.org","@graph":[{"@type":"WebPage","@id":"https:\/\/vof-news.eu\/es\/la-exconcejala-de-mostoles-denunciara-al-alcalde-por-acoso-sexual-y-al-gobierno-de-ayuso-por-la-filtracion-de-sus-correos\/","url":"https:\/\/vof-news.eu\/es\/la-exconcejala-de-mostoles-denunciara-al-alcalde-por-acoso-sexual-y-al-gobierno-de-ayuso-por-la-filtracion-de-sus-correos\/","name":"La exconcejala de M\u00f3stoles denunciar\u00e1 al alcalde por acoso sexual y al Gobierno de Ayuso por la filtraci\u00f3n de sus correos - vof-news.eu","isPartOf":{"@id":"https:\/\/vof-news.eu\/es\/#website"},"primaryImageOfPage":{"@id":"https:\/\/vof-news.eu\/es\/la-exconcejala-de-mostoles-denunciara-al-alcalde-por-acoso-sexual-y-al-gobierno-de-ayuso-por-la-filtracion-de-sus-correos\/#primaryimage"},"image":{"@id":"https:\/\/vof-news.eu\/es\/la-exconcejala-de-mostoles-denunciara-al-alcalde-por-acoso-sexual-y-al-gobierno-de-ayuso-por-la-filtracion-de-sus-correos\/#primaryimage"},"thumbnailUrl":"https:\/\/vof-news.eu\/wp-content\/uploads\/2026\/02\/617762aa-997d-4a6b-aa5d-f902b37d268b_16-9-discover-aspect-ratio_default_0.jpg","datePublished":"2026-02-06T13:52:15+00:00","dateModified":"2026-02-06T13:52:35+00:00","author":{"@id":"https:\/\/vof-news.eu\/es\/#\/schema\/person\/f6a2a4309f0561835797fd8c19b333ed"},"description":"La exconcejala de M\u00f3stoles presentar\u00e1 la pr\u00f3xima semana una denuncia ante los juzgados por un presunto caso de acoso sexual por parte del alcalde de este municipio, Manuel Bautista, y prepara otra contra la Comunidad de Madrid ante el Tribunal Supremo por la filtraci\u00f3n de correos personales. Su abogado, ha detallado a la agencia Europa Press que la denuncia relatar\u00e1 las presuntas maniobras de acoso sexual que habr\u00eda sufrido por parte del regidor y el posterior acoso laboral.","breadcrumb":{"@id":"https:\/\/vof-news.eu\/es\/la-exconcejala-de-mostoles-denunciara-al-alcalde-por-acoso-sexual-y-al-gobierno-de-ayuso-por-la-filtracion-de-sus-correos\/#breadcrumb"},"inLanguage":"es","potentialAction":[{"@type":"ReadAction","target":["https:\/\/vof-news.eu\/es\/la-exconcejala-de-mostoles-denunciara-al-alcalde-por-acoso-sexual-y-al-gobierno-de-ayuso-por-la-filtracion-de-sus-correos\/"]}]},{"@type":"ImageObject","inLanguage":"es","@id":"https:\/\/vof-news.eu\/es\/la-exconcejala-de-mostoles-denunciara-al-alcalde-por-acoso-sexual-y-al-gobierno-de-ayuso-por-la-filtracion-de-sus-correos\/#primaryimage","url":"https:\/\/vof-news.eu\/wp-content\/uploads\/2026\/02\/617762aa-997d-4a6b-aa5d-f902b37d268b_16-9-discover-aspect-ratio_default_0.jpg","contentUrl":"https:\/\/vof-news.eu\/wp-content\/uploads\/2026\/02\/617762aa-997d-4a6b-aa5d-f902b37d268b_16-9-discover-aspect-ratio_default_0.jpg","width":1200,"height":675,"caption":"Imagen de archivo del alcalde de M\u00f3stoles, Manuel Bautista (i), y Alfonso Serrano en mayo de 2023. EFE\/ Fernando Villar"},{"@type":"BreadcrumbList","@id":"https:\/\/vof-news.eu\/es\/la-exconcejala-de-mostoles-denunciara-al-alcalde-por-acoso-sexual-y-al-gobierno-de-ayuso-por-la-filtracion-de-sus-correos\/#breadcrumb","itemListElement":[{"@type":"ListItem","position":1,"name":"Home","item":"https:\/\/vof-news.eu\/es\/"},{"@type":"ListItem","position":2,"name":"La exconcejala de M\u00f3stoles denunciar\u00e1 al alcalde por acoso sexual y al Gobierno de Ayuso por la filtraci\u00f3n de sus correos"}]},{"@type":"WebSite","@id":"https:\/\/vof-news.eu\/es\/#website","url":"https:\/\/vof-news.eu\/es\/","name":"vof-news.eu","description":"","potentialAction":[{"@type":"SearchAction","target":{"@type":"EntryPoint","urlTemplate":"https:\/\/vof-news.eu\/es\/?s={search_term_string}"},"query-input":"required name=search_term_string"}],"inLanguage":"es"},{"@type":"Person","@id":"https:\/\/vof-news.eu\/es\/#\/schema\/person\/f6a2a4309f0561835797fd8c19b333ed","name":"Author","image":{"@type":"ImageObject","inLanguage":"es","@id":"https:\/\/vof-news.eu\/es\/#\/schema\/person\/image\/","url":"https:\/\/secure.gravatar.com\/avatar\/b67e614b1b25b3e9c0c239efdd2fde5ab015b5affd6f1c3c85911ca4b384e790?s=96&d=mm&r=g","contentUrl":"https:\/\/secure.gravatar.com\/avatar\/b67e614b1b25b3e9c0c239efdd2fde5ab015b5affd6f1c3c85911ca4b384e790?s=96&d=mm&r=g","caption":"Author"},"sameAs":["http:\/\/vof-news.eu"],"url":"https:\/\/vof-news.eu\/es\/author\/zwt6qxnjulxbnyg\/"}]}},"yoast_meta":{"yoast_wpseo_title":"","yoast_wpseo_metadesc":"","yoast_wpseo_canonical":""},"_links":{"self":[{"href":"https:\/\/vof-news.eu\/es\/wp-json\/wp\/v2\/posts\/323406","targetHints":{"allow":["GET"]}}],"collection":[{"href":"https:\/\/vof-news.eu\/es\/wp-json\/wp\/v2\/posts"}],"about":[{"href":"https:\/\/vof-news.eu\/es\/wp-json\/wp\/v2\/types\/post"}],"author":[{"embeddable":true,"href":"https:\/\/vof-news.eu\/es\/wp-json\/wp\/v2\/users\/1"}],"replies":[{"embeddable":true,"href":"https:\/\/vof-news.eu\/es\/wp-json\/wp\/v2\/comments?post=323406"}],"version-history":[{"count":1,"href":"https:\/\/vof-news.eu\/es\/wp-json\/wp\/v2\/posts\/323406\/revisions"}],"predecessor-version":[{"id":323407,"href":"https:\/\/vof-news.eu\/es\/wp-json\/wp\/v2\/posts\/323406\/revisions\/323407"}],"wp:featuredmedia":[{"embeddable":true,"href":"https:\/\/vof-news.eu\/es\/wp-json\/wp\/v2\/media\/323400"}],"wp:attachment":[{"href":"https:\/\/vof-news.eu\/es\/wp-json\/wp\/v2\/media?parent=323406"}],"wp:term":[{"taxonomy":"category","embeddable":true,"href":"https:\/\/vof-news.eu\/es\/wp-json\/wp\/v2\/categories?post=323406"},{"taxonomy":"post_tag","embeddable":true,"href":"https:\/\/vof-news.eu\/es\/wp-json\/wp\/v2\/tags?post=323406"}],"curies":[{"name":"wp","href":"https:\/\/api.w.org\/{rel}","templated":true}]}}