{"id":323371,"date":"2026-02-06T12:57:07","date_gmt":"2026-02-06T09:57:07","guid":{"rendered":"https:\/\/vof-news.eu\/la-exconcejala-del-pp-acredita-con-pruebas-el-desprecio-de-ayuso-y-su-cupula-a-la-denuncia-de-acoso-contra-el-alcalde-de-mostoles\/"},"modified":"2026-02-06T12:57:25","modified_gmt":"2026-02-06T09:57:25","slug":"la-exconcejala-del-pp-acredita-con-pruebas-el-desprecio-de-ayuso-y-su-cupula-a-la-denuncia-de-acoso-contra-el-alcalde-de-mostoles","status":"publish","type":"post","link":"https:\/\/vof-news.eu\/es\/la-exconcejala-del-pp-acredita-con-pruebas-el-desprecio-de-ayuso-y-su-cupula-a-la-denuncia-de-acoso-contra-el-alcalde-de-mostoles\/","title":{"rendered":"La exconcejala del PP acredita con pruebas el desprecio de Ayuso y su c\u00fapula a la denuncia de acoso contra el alcalde de M\u00f3stoles"},"content":{"rendered":"<div>\n<p>\n        Despu\u00e9s de escribir varias veces a la presidenta de la Comunidad y de su partido, Isabel D\u00edaz Ayuso, de <a href=\"https:\/\/www.eldiario.es\/madrid\/correos-concejal-mostoles-desmienten-equipo-ayuso-prueban-si-denuncio-acoso-sexual_1_12966973.html\" rel=\"nofollow\">intercambiar nueve correos electr\u00f3nicos<\/a> con su gabinete, de reunirse en la sede del PP con la c\u00fapula regional, su secretario general Alfonso Serrano, y su secretaria de organizaci\u00f3n, Ana Mill\u00e1n (con esta \u00faltima en dos ocasiones), de remitir un escrito de 20 p\u00e1ginas al comit\u00e9 de Garant\u00edas del PP nacional, la concejala que <a href=\"https:\/\/www.eldiario.es\/madrid\/direccion-pp-madrid-presiono-concejala-no-denunciase-acoso-sexual-alcalde-mostoles_1_12964377.html\" rel=\"nofollow\">denunci\u00f3 al alcalde de M\u00f3stoles<\/a>, Manuel Bautista, por acoso sexual y laboral, no logr\u00f3 que nadie en su formaci\u00f3n le prestase amparo.\n    <\/p>\n<p>\n        En ocho meses, nadie activ\u00f3 el protocolo de acoso y tampoco se abri\u00f3 un expediente al regidor. Y eso que la &#8216;n\u00famero tres&#8217; del partido, Ana Mill\u00e1n, asumi\u00f3 tras escuchar el relato de la edil y las humillaciones a la que estaba siendo sometida por el alcalde, que se trat\u00f3 de un \u201ccaso de acoso de manual\u201d, durante una conversaci\u00f3n mantenida el 11 de septiembre de 2024 en la sede de G\u00e9nova 13. En el mismo encuentro, la mano derecha de Ayuso, Alfonso Serrano, admiti\u00f3 tambi\u00e9n ante la edil la raz\u00f3n por la que fue relegada de sus funciones en el Gobierno municipal, dej\u00f3 de intervenir en los Plenos y de tener responsabilidades \u201cTe tira los tejos, t\u00fa le das calabazas y a partir de ah\u00ed todo cambia, \u00bfestamos hablando de esto?\u201d, le dijo Serrano tras escuchar su relato.\n    <\/p>\n<p>\n        Las conclusiones que sacaron ambos de su conversaci\u00f3n con la edil no impulsaron ninguna investigaci\u00f3n en el partido. De hecho, pese a reconocer la injusticia, ambos durante la charla trataron de evitar que la concejal presentase una denuncia o hiciese p\u00fablicos los hechos. Todo est\u00e1 documentado en nueve correos electr\u00f3nicos y una carta de despedida, en la que la edil renuncia a su cargo p\u00fablico y se da de baja en el partido.\n    <\/p>\n<p>\n        La correspondencia con Ayuso evidencia que la presidenta no tuvo inter\u00e9s en recibirla, cuando le mand\u00f3 el primer correo electr\u00f3nico el 26 de febrero de 2024 en el que le contaba la \u201csituaci\u00f3n laboral\u201d que estaba pasando, \u201cuna discriminaci\u00f3n muy grave  que no ha cesado y se est\u00e1 incrementando\u201d. En la misiva reclamaba la mediaci\u00f3n de Ayuso \u201cpara que no tengan que intervenir otros organismos\u201d. La presidenta aleg\u00f3 \u201ccuestiones de agenda\u201d y la deriv\u00f3 a su mano derecha en el partido, Alfonso Serrano.\n    <\/p>\n<p>\n        Cinco d\u00edas despu\u00e9s de recibir el mail, <a href=\"https:\/\/elpais.com\/espana\/2026-02-04\/el-pp-de-madrid-presiono-a-una-edil-para-tapar-una-acusacion-de-acoso-contra-el-alcalde-de-mostoles-el-amparo-pasa-por-que-te-quites-de-la-cabeza-cualquier-denuncia.html\" rel=\"nofollow\">Ayuso s\u00ed recibi\u00f3 en su despacho al alcalde de M\u00f3stoles<\/a>. Su equipo de comunicaci\u00f3n present\u00f3 la cita como una m\u00e1s en la ronda de contactos con los regidores madrile\u00f1os. No hubo rueda de prensa ni comunicado, la Comunidad explic\u00f3 que en la cita ambos dirigentes abordaron \u201cproyectos comunes de ambas administraciones, desde una perspectiva de colaboraci\u00f3n institucional en beneficio de la prestaci\u00f3n de unos servicios p\u00fablicos de calidad que demandan los ciudadanos\u201d.\n    <\/p>\n<h2>Rechazo \u201ca cualquier tipo de denuncia\u201d<\/h2>\n<p>\n        Una semana m\u00e1s tarde, la guardia pretoriana de Ayuso, Mill\u00e1n y Serrano, recibieron a la concejal, escucharon su relato le pidieron de todas las formas posibles que no hiciera p\u00fablica su denuncia y que tampoco acudiese al juzgado. La retah\u00edla de frases con que la presionaron figura en el noveno correo, tambi\u00e9n dirigido a la presidenta madrile\u00f1a donde se queja de c\u00f3mo todo su partido la ignor\u00f3 durante ocho meses consecutivos en los que fue relatando ante diferentes instancias el calvario que viv\u00eda al lado del alcalde y presidente del PP en M\u00f3stoles, Manuel Bautista, tras negarse a tener relaciones sexuales con \u00e9l.\n    <\/p>\n<p>\n        Tras admitir que a la edil le est\u00e1 \u201ccostando la salud\u201d la actitud de su alcalde, Ana Mill\u00e1n le insiste varias veces en que no debe denunciar y le habla del da\u00f1o que eso puede suponer a su familia. \u201cEse amparo que pides pasa por que te quites de la cabeza cualquier tipo de denuncia\u201d, le dice la n\u00famero tres de Ayuso. El n\u00famero dos insiste: \u00bfQu\u00e9 podemos hacer? No vale venir aqu\u00ed a contar esta situaci\u00f3n sin proponer soluci\u00f3n\u201c. Las afirmaciones que recopil\u00f3 la entonces concejal de M\u00f3stoles de los dos interlocutores enviados por Ayuso permiten concluir que ni Mill\u00e1n ni Serrano dudan del relato de su edil y a la vez, que ambos la presionan para que no denuncie.\n    <\/p>\n<p>\n        Tras esa charla donde qued\u00f3 patente el origen de los desencuentros con el regidor, la edil todav\u00eda env\u00edo seis correos m\u00e1s al equipo de la presidenta. Todos est\u00e1n documentados, y fuentes conocedoras de la denuncia interna presentada por la edil aseguran a elDiario.es\u00a0que dispone de material probatorio para sustentar sus acusaciones y desmentir las afirmaciones del PP y del regidor de M\u00f3stoles, quien este jueves atribuy\u00f3 todo a una supuesta venganza de su concejal por no ser ascendida en el Gobierno municipal.\n    <\/p>\n<p>\n        El \u00faltimo mail remitido a Ayuso lo firma ya como exconcejal: ocho meses despu\u00e9s de pedir ayuda por primera vez, hab\u00eda renunciado al cargo de concejal y tambi\u00e9n a su condici\u00f3n de militante. Pero todav\u00eda escribir\u00eda una vez m\u00e1s para denunciar su caso ya ante un \u00f3rgano del PP nacional, el comit\u00e9 de derechos y garant\u00edas. Tambi\u00e9n sin \u00e9xito. El PP concluy\u00f3 que no hay causa, que no existieron pruebas. Pero la presidenta Ayuso fue mucho m\u00e1s all\u00e1: dijo directamente que <a href=\"https:\/\/www.eldiario.es\/madrid\/ayuso-denuncia-acoso-sexual-alcalde-mostoles-caso-fabricado-pp_1_12964920.html\" rel=\"nofollow\">se trataba de un caso \u201cfabricado contra el PP\u201d<\/a>. Y a esa tesis se apuntaron los dirigentes m\u00e1s cercanos. El mismo Serrano que la presion\u00f3 para que no denunciase cont\u00f3 este jueves en un programa de Cuatro que no hab\u00eda pruebas y que si las hubiese, \u00e9l mismo la habr\u00eda \u201cacompa\u00f1ado al juzgado\u201d.\n    <\/p>\n<p>\n        El gabinete de la presidenta, al que recurri\u00f3 la edil para que mediase con el alcalde, acab\u00f3 filtrando a algunos medios de comunicaci\u00f3n este jueves los correos en los que denunciaba el acoso al que estaba siendo sometida. En varios diarios lleg\u00f3 a aparecer el nombre de la concejal. El primero en difundir la totalidad de los mails fue <a href=\"https:\/\/www.eldebate.com\/espana\/madrid\/20260205\/estos-son-emails-demuestran-no-hubo-acoso-sexual-caso-concejal-mostoles_382052.html\" rel=\"nofollow\">El Debate<\/a>.\n    <\/p>\n<h2>Petici\u00f3n de explicaciones<\/h2>\n<p>\n        Las presiones del equipo de Ayuso a la edil para que no denunciase a su alcalde, <a href=\"https:\/\/elpais.com\/espana\/2026-02-04\/el-pp-de-madrid-presiono-a-una-edil-para-tapar-una-acusacion-de-acoso-contra-el-alcalde-de-mostoles-el-amparo-pasa-por-que-te-quites-de-la-cabeza-cualquier-denuncia.html\" rel=\"nofollow\">adelantadas el mi\u00e9rcoles por El Pa\u00eds<\/a>, centraron la sesi\u00f3n de control en la Asamblea de Madrid. La oposici\u00f3n en pleno pregunt\u00f3 por ello: Vox, M\u00e1s Madrid y PSOE. La izquierda exigi\u00f3 la renuncia del alcalde pero tambi\u00e9n de Alfonso Serrano y Ana Mill\u00e1n ambos presentes en el Pleno.\n    <\/p>\n<p>\n        Ayuso, que se hab\u00eda mostrado muy beligerante en el caso de las denuncias contra el alto cargo de Moncloa, Paco Salazar, opt\u00f3 esta vez por pedir que se creyese a las mujeres y que se aplicase la presunci\u00f3n de inocencia, para s\u00ed misma. Desde M\u00e1s Madrid le recod\u00f3 Manuela Bergerot que en un caso de acoso sexual ella no es la v\u00edctima. En el PSOE, Mar Espinar, acus\u00f3 de \u201cmandar a sus secuaces\u201d para que la concejal mantuviese \u201cla boquita cerrada\u201d.\n    <\/p>\n<p>\n        El presidente nacional del partido, Alberto N\u00fa\u00f1ez Feij\u00f3o, no fue tan lejos, pero cerr\u00f3 filas con su baronesa. En una rueda de prensa en Calanda (Teruel) que \u201cel PP de Madrid ha investigado, y despu\u00e9s de investigar ha considerado que no hab\u00eda indicios suficientes y racionales para actuar\u201d. El l\u00edder de la oposici\u00f3n tambi\u00e9n asegur\u00f3 que \u201cel Comit\u00e9 de Garant\u00edas [nacional] llam\u00f3 a las personas afectadas y se mantuvo la investigaci\u00f3n de Madrid como una investigaci\u00f3n veraz\u201d.\n    <\/p>\n<p>\n        La referencia al Comit\u00e9 de Derechos y Garant\u00edas implica que la denuncia de la concejala de M\u00f3stoles escal\u00f3 a los \u00f3rganos nacionales del partido. Desde el equipo de Feij\u00f3o confirman a elDiario.es que \u201cse abri\u00f3 un procedimiento de informaci\u00f3n\u201d. Las mismas fuentes apuntan que \u201caunque [la denuncia] lleg\u00f3 sin ser afiliada\u201d el comit\u00e9 \u201cabre el procedimiento\u201d.\n    <\/p>\n<p>\n        Las explicaciones desde la direcci\u00f3n del PP se acaban ah\u00ed. El equipo de Feij\u00f3o no ha querido responder a si, por ejemplo, cuando su l\u00edder sostiene que el comit\u00e9 \u201cllam\u00f3 a las personas afectadas\u201d se refiere a que hubo entrevistas personales, bien presenciales o por tel\u00e9fono, ni con qui\u00e9n. Si la concejala fue contactada solo por correo electr\u00f3nico, tal y como refiere \u2018El Pa\u00eds\u2019 en la informaci\u00f3n que desvel\u00f3 el caso, y si se contrast\u00f3 con el alcalde, Manuel Bautista, lo denunciado.\n    <\/p>\n<p>\n        El PP tampoco ha respondido a otras cuestiones sobre sus propias normas internas de cumplimiento obligatorio. Porque el partido de Feij\u00f3o presume de atender a la denunciante \u201cpese a no ser afiliada\u201d, cuando los propios Estatutos del PP establecen en su art\u00edculo 52.3 que \u201clos respectivos Comit\u00e9s extender\u00e1n sus competencias a los empleados del partido y cualquier persona incluida en el \u00e1mbito de aplicaci\u00f3n de las normas de cumplimiento, aunque no tenga la condici\u00f3n de afiliado al PP\u201d. Tambi\u00e9n el C\u00f3digo \u00c9tico establece que \u201cel PP no tolerar\u00e1 ning\u00fan tipo de violencia, acoso, abuso (&#8230;) tendente a lesionar los derechos personales de sus miembros o terceros\u201d. Y proh\u00edbe expresamente \u201cen el entorno laboral del PP actos de acoso conforme a la normativa interna\u201d.\n    <\/p>\n<p>\n        Esa normativa interna es el Protocolo de prevenci\u00f3n del acoso laboral, un documento al que ha tenido acceso elDiario.es y que hace referencia expresa al \u201cacoso sexual\u201d en el marco de la Ley de Igualdad. \u201cToda persona que considere que ha sido objeto de acoso tiene derecho a solicitar la aplicaci\u00f3n\u201d del protocolo, contin\u00faa el texto, \u201cbien por s\u00ed misma o a trav\u00e9s de sus representantes legales\u201d.\n    <\/p>\n<p>\n        La normativa interna del PP establece la obligaci\u00f3n de crear una \u201ccomisi\u00f3n instructora\u201d que presida la persona al frente de la Direcci\u00f3n de Recursos Humanos. Antes, eso s\u00ed, esta misma persona y el \u00d3rgano de Cumplimiento Normativo (OCN) decidir\u00e1n por s\u00ed mismos si se admite o no a tr\u00e1mite la denuncia.\n    <\/p>\n<p>\n        El PP tampoco ha detallado cu\u00e1les de estos pasos se llegaron a dar ni cu\u00e1l fue el papel exacto de la Comisi\u00f3n de Derechos y Garant\u00edas. Seg\u00fan los Estatutos, recae sobre el secretario general, Miguel Tellado, \u201cla direcci\u00f3n de todos los servicios del partido y la jefatura de su personal\u201d.\n    <\/p>\n<\/p>\n<\/div>\n","protected":false},"excerpt":{"rendered":"<p>Despu\u00e9s de escribir varias veces a la presidenta de la Comunidad y de su partido, Isabel D\u00edaz Ayuso, de intercambiar nueve correos electr\u00f3nicos con su gabinete, de reunirse en la sede del PP con la c\u00fapula regional, su secretario general Alfonso Serrano, y su secretaria de organizaci\u00f3n, Ana Mill\u00e1n (con esta \u00faltima en dos ocasiones),<\/p>\n","protected":false},"author":1,"featured_media":323365,"comment_status":"open","ping_status":"open","sticky":false,"template":"","format":"standard","meta":{"footnotes":""},"categories":[47],"tags":[],"class_list":["post-323371","post","type-post","status-publish","format-standard","has-post-thumbnail","hentry","category-interview-es"],"acf":[],"yoast_head":"<!-- This site is optimized with the Yoast SEO plugin v22.9 - https:\/\/yoast.com\/wordpress\/plugins\/seo\/ -->\n<title>La exconcejala del PP acredita con pruebas el desprecio de Ayuso y su c\u00fapula a la denuncia de acoso contra el alcalde de M\u00f3stoles - vof-news.eu<\/title>\n<meta name=\"description\" content=\"Despu\u00e9s de escribir varias veces a la presidenta de la Comunidad y de su partido, Isabel D\u00edaz Ayuso, de intercambiar nueve correos electr\u00f3nicos con su gabinete, de reunirse en la sede del PP con la c\u00fapula regional, su secretario general Alfonso Serrano, y su secretaria de organizaci\u00f3n, Ana Mill\u00e1n (con esta \u00faltima en dos ocasiones), de remitir un escrito de 20 p\u00e1ginas al comit\u00e9 de Garant\u00edas del PP nacional, la concejala que denunci\u00f3 al alcalde de M\u00f3stoles, Manuel Bautista, por acoso sexual y laboral, no logr\u00f3 que nadie en su formaci\u00f3n le prestase amparo.\" \/>\n<meta name=\"robots\" content=\"noindex, follow, max-snippet:-1, max-image-preview:large, max-video-preview:-1\" \/>\n<meta property=\"og:locale\" content=\"es_ES\" \/>\n<meta property=\"og:type\" content=\"article\" \/>\n<meta property=\"og:title\" content=\"La exconcejala del PP acredita con pruebas el desprecio de Ayuso y su c\u00fapula a la denuncia de acoso contra el alcalde de M\u00f3stoles - vof-news.eu\" \/>\n<meta property=\"og:description\" content=\"Despu\u00e9s de escribir varias veces a la presidenta de la Comunidad y de su partido, Isabel D\u00edaz Ayuso, de intercambiar nueve correos electr\u00f3nicos con su gabinete, de reunirse en la sede del PP con la c\u00fapula regional, su secretario general Alfonso Serrano, y su secretaria de organizaci\u00f3n, Ana Mill\u00e1n (con esta \u00faltima en dos ocasiones), de remitir un escrito de 20 p\u00e1ginas al comit\u00e9 de Garant\u00edas del PP nacional, la concejala que denunci\u00f3 al alcalde de M\u00f3stoles, Manuel Bautista, por acoso sexual y laboral, no logr\u00f3 que nadie en su formaci\u00f3n le prestase amparo.\" \/>\n<meta property=\"og:url\" content=\"https:\/\/vof-news.eu\/es\/la-exconcejala-del-pp-acredita-con-pruebas-el-desprecio-de-ayuso-y-su-cupula-a-la-denuncia-de-acoso-contra-el-alcalde-de-mostoles\/\" \/>\n<meta property=\"og:site_name\" content=\"vof-news.eu\" \/>\n<meta property=\"article:published_time\" content=\"2026-02-06T09:57:07+00:00\" \/>\n<meta property=\"article:modified_time\" content=\"2026-02-06T09:57:25+00:00\" \/>\n<meta property=\"og:image\" content=\"https:\/\/vof-news.eu\/wp-content\/uploads\/2026\/02\/b82913a9-20b9-4b25-af31-81edc5070e7e_16-9-discover-aspect-ratio_default_0.jpg\" \/>\n\t<meta property=\"og:image:width\" content=\"1200\" \/>\n\t<meta property=\"og:image:height\" content=\"675\" \/>\n\t<meta property=\"og:image:type\" content=\"image\/jpeg\" \/>\n<meta name=\"author\" content=\"Author\" \/>\n<meta name=\"twitter:card\" content=\"summary_large_image\" \/>\n<meta name=\"twitter:label1\" content=\"Escrito por\" \/>\n\t<meta name=\"twitter:data1\" content=\"Author\" \/>\n\t<meta name=\"twitter:label2\" content=\"Tiempo de lectura\" \/>\n\t<meta name=\"twitter:data2\" content=\"9 minutos\" \/>\n<script type=\"application\/ld+json\" class=\"yoast-schema-graph\">{\"@context\":\"https:\/\/schema.org\",\"@graph\":[{\"@type\":\"WebPage\",\"@id\":\"https:\/\/vof-news.eu\/es\/la-exconcejala-del-pp-acredita-con-pruebas-el-desprecio-de-ayuso-y-su-cupula-a-la-denuncia-de-acoso-contra-el-alcalde-de-mostoles\/\",\"url\":\"https:\/\/vof-news.eu\/es\/la-exconcejala-del-pp-acredita-con-pruebas-el-desprecio-de-ayuso-y-su-cupula-a-la-denuncia-de-acoso-contra-el-alcalde-de-mostoles\/\",\"name\":\"La exconcejala del PP acredita con pruebas el desprecio de Ayuso y su c\u00fapula a la denuncia de acoso contra el alcalde de M\u00f3stoles - vof-news.eu\",\"isPartOf\":{\"@id\":\"https:\/\/vof-news.eu\/es\/#website\"},\"primaryImageOfPage\":{\"@id\":\"https:\/\/vof-news.eu\/es\/la-exconcejala-del-pp-acredita-con-pruebas-el-desprecio-de-ayuso-y-su-cupula-a-la-denuncia-de-acoso-contra-el-alcalde-de-mostoles\/#primaryimage\"},\"image\":{\"@id\":\"https:\/\/vof-news.eu\/es\/la-exconcejala-del-pp-acredita-con-pruebas-el-desprecio-de-ayuso-y-su-cupula-a-la-denuncia-de-acoso-contra-el-alcalde-de-mostoles\/#primaryimage\"},\"thumbnailUrl\":\"https:\/\/vof-news.eu\/wp-content\/uploads\/2026\/02\/b82913a9-20b9-4b25-af31-81edc5070e7e_16-9-discover-aspect-ratio_default_0.jpg\",\"datePublished\":\"2026-02-06T09:57:07+00:00\",\"dateModified\":\"2026-02-06T09:57:25+00:00\",\"author\":{\"@id\":\"https:\/\/vof-news.eu\/es\/#\/schema\/person\/f6a2a4309f0561835797fd8c19b333ed\"},\"description\":\"Despu\u00e9s de escribir varias veces a la presidenta de la Comunidad y de su partido, Isabel D\u00edaz Ayuso, de intercambiar nueve correos electr\u00f3nicos con su gabinete, de reunirse en la sede del PP con la c\u00fapula regional, su secretario general Alfonso Serrano, y su secretaria de organizaci\u00f3n, Ana Mill\u00e1n (con esta \u00faltima en dos ocasiones), de remitir un escrito de 20 p\u00e1ginas al comit\u00e9 de Garant\u00edas del PP nacional, la concejala que denunci\u00f3 al alcalde de M\u00f3stoles, Manuel Bautista, por acoso sexual y laboral, no logr\u00f3 que nadie en su formaci\u00f3n le prestase amparo.\",\"breadcrumb\":{\"@id\":\"https:\/\/vof-news.eu\/es\/la-exconcejala-del-pp-acredita-con-pruebas-el-desprecio-de-ayuso-y-su-cupula-a-la-denuncia-de-acoso-contra-el-alcalde-de-mostoles\/#breadcrumb\"},\"inLanguage\":\"es\",\"potentialAction\":[{\"@type\":\"ReadAction\",\"target\":[\"https:\/\/vof-news.eu\/es\/la-exconcejala-del-pp-acredita-con-pruebas-el-desprecio-de-ayuso-y-su-cupula-a-la-denuncia-de-acoso-contra-el-alcalde-de-mostoles\/\"]}]},{\"@type\":\"ImageObject\",\"inLanguage\":\"es\",\"@id\":\"https:\/\/vof-news.eu\/es\/la-exconcejala-del-pp-acredita-con-pruebas-el-desprecio-de-ayuso-y-su-cupula-a-la-denuncia-de-acoso-contra-el-alcalde-de-mostoles\/#primaryimage\",\"url\":\"https:\/\/vof-news.eu\/wp-content\/uploads\/2026\/02\/b82913a9-20b9-4b25-af31-81edc5070e7e_16-9-discover-aspect-ratio_default_0.jpg\",\"contentUrl\":\"https:\/\/vof-news.eu\/wp-content\/uploads\/2026\/02\/b82913a9-20b9-4b25-af31-81edc5070e7e_16-9-discover-aspect-ratio_default_0.jpg\",\"width\":1200,\"height\":675,\"caption\":\"El alcalde de M\u00f3stoles, Manuel Bautista, comparece ante los medios, en el Ayuntamiento de M\u00f3stoles, a 5 de febrero de 2026, en M\u00f3stoles, Madrid (Espa\u00f1a). Bautista ha comparecido tras ser acusado de acoso laboral y sexual a una empleada. A. P\u00e9rez Meca \/ Europa Press 05\/2\/2026\"},{\"@type\":\"BreadcrumbList\",\"@id\":\"https:\/\/vof-news.eu\/es\/la-exconcejala-del-pp-acredita-con-pruebas-el-desprecio-de-ayuso-y-su-cupula-a-la-denuncia-de-acoso-contra-el-alcalde-de-mostoles\/#breadcrumb\",\"itemListElement\":[{\"@type\":\"ListItem\",\"position\":1,\"name\":\"Home\",\"item\":\"https:\/\/vof-news.eu\/es\/\"},{\"@type\":\"ListItem\",\"position\":2,\"name\":\"La exconcejala del PP acredita con pruebas el desprecio de Ayuso y su c\u00fapula a la denuncia de acoso contra el alcalde de M\u00f3stoles\"}]},{\"@type\":\"WebSite\",\"@id\":\"https:\/\/vof-news.eu\/es\/#website\",\"url\":\"https:\/\/vof-news.eu\/es\/\",\"name\":\"vof-news.eu\",\"description\":\"\",\"potentialAction\":[{\"@type\":\"SearchAction\",\"target\":{\"@type\":\"EntryPoint\",\"urlTemplate\":\"https:\/\/vof-news.eu\/es\/?s={search_term_string}\"},\"query-input\":\"required name=search_term_string\"}],\"inLanguage\":\"es\"},{\"@type\":\"Person\",\"@id\":\"https:\/\/vof-news.eu\/es\/#\/schema\/person\/f6a2a4309f0561835797fd8c19b333ed\",\"name\":\"Author\",\"image\":{\"@type\":\"ImageObject\",\"inLanguage\":\"es\",\"@id\":\"https:\/\/vof-news.eu\/es\/#\/schema\/person\/image\/\",\"url\":\"https:\/\/secure.gravatar.com\/avatar\/b67e614b1b25b3e9c0c239efdd2fde5ab015b5affd6f1c3c85911ca4b384e790?s=96&d=mm&r=g\",\"contentUrl\":\"https:\/\/secure.gravatar.com\/avatar\/b67e614b1b25b3e9c0c239efdd2fde5ab015b5affd6f1c3c85911ca4b384e790?s=96&d=mm&r=g\",\"caption\":\"Author\"},\"sameAs\":[\"http:\/\/vof-news.eu\"],\"url\":\"https:\/\/vof-news.eu\/es\/author\/zwt6qxnjulxbnyg\/\"}]}<\/script>\n<!-- \/ Yoast SEO plugin. -->","yoast_head_json":{"title":"La exconcejala del PP acredita con pruebas el desprecio de Ayuso y su c\u00fapula a la denuncia de acoso contra el alcalde de M\u00f3stoles - vof-news.eu","description":"Despu\u00e9s de escribir varias veces a la presidenta de la Comunidad y de su partido, Isabel D\u00edaz Ayuso, de intercambiar nueve correos electr\u00f3nicos con su gabinete, de reunirse en la sede del PP con la c\u00fapula regional, su secretario general Alfonso Serrano, y su secretaria de organizaci\u00f3n, Ana Mill\u00e1n (con esta \u00faltima en dos ocasiones), de remitir un escrito de 20 p\u00e1ginas al comit\u00e9 de Garant\u00edas del PP nacional, la concejala que denunci\u00f3 al alcalde de M\u00f3stoles, Manuel Bautista, por acoso sexual y laboral, no logr\u00f3 que nadie en su formaci\u00f3n le prestase amparo.","robots":{"index":"noindex","follow":"follow","max-snippet":"max-snippet:-1","max-image-preview":"max-image-preview:large","max-video-preview":"max-video-preview:-1"},"og_locale":"es_ES","og_type":"article","og_title":"La exconcejala del PP acredita con pruebas el desprecio de Ayuso y su c\u00fapula a la denuncia de acoso contra el alcalde de M\u00f3stoles - vof-news.eu","og_description":"Despu\u00e9s de escribir varias veces a la presidenta de la Comunidad y de su partido, Isabel D\u00edaz Ayuso, de intercambiar nueve correos electr\u00f3nicos con su gabinete, de reunirse en la sede del PP con la c\u00fapula regional, su secretario general Alfonso Serrano, y su secretaria de organizaci\u00f3n, Ana Mill\u00e1n (con esta \u00faltima en dos ocasiones), de remitir un escrito de 20 p\u00e1ginas al comit\u00e9 de Garant\u00edas del PP nacional, la concejala que denunci\u00f3 al alcalde de M\u00f3stoles, Manuel Bautista, por acoso sexual y laboral, no logr\u00f3 que nadie en su formaci\u00f3n le prestase amparo.","og_url":"https:\/\/vof-news.eu\/es\/la-exconcejala-del-pp-acredita-con-pruebas-el-desprecio-de-ayuso-y-su-cupula-a-la-denuncia-de-acoso-contra-el-alcalde-de-mostoles\/","og_site_name":"vof-news.eu","article_published_time":"2026-02-06T09:57:07+00:00","article_modified_time":"2026-02-06T09:57:25+00:00","og_image":[{"width":1200,"height":675,"url":"https:\/\/vof-news.eu\/wp-content\/uploads\/2026\/02\/b82913a9-20b9-4b25-af31-81edc5070e7e_16-9-discover-aspect-ratio_default_0.jpg","type":"image\/jpeg"}],"author":"Author","twitter_card":"summary_large_image","twitter_misc":{"Escrito por":"Author","Tiempo de lectura":"9 minutos"},"schema":{"@context":"https:\/\/schema.org","@graph":[{"@type":"WebPage","@id":"https:\/\/vof-news.eu\/es\/la-exconcejala-del-pp-acredita-con-pruebas-el-desprecio-de-ayuso-y-su-cupula-a-la-denuncia-de-acoso-contra-el-alcalde-de-mostoles\/","url":"https:\/\/vof-news.eu\/es\/la-exconcejala-del-pp-acredita-con-pruebas-el-desprecio-de-ayuso-y-su-cupula-a-la-denuncia-de-acoso-contra-el-alcalde-de-mostoles\/","name":"La exconcejala del PP acredita con pruebas el desprecio de Ayuso y su c\u00fapula a la denuncia de acoso contra el alcalde de M\u00f3stoles - vof-news.eu","isPartOf":{"@id":"https:\/\/vof-news.eu\/es\/#website"},"primaryImageOfPage":{"@id":"https:\/\/vof-news.eu\/es\/la-exconcejala-del-pp-acredita-con-pruebas-el-desprecio-de-ayuso-y-su-cupula-a-la-denuncia-de-acoso-contra-el-alcalde-de-mostoles\/#primaryimage"},"image":{"@id":"https:\/\/vof-news.eu\/es\/la-exconcejala-del-pp-acredita-con-pruebas-el-desprecio-de-ayuso-y-su-cupula-a-la-denuncia-de-acoso-contra-el-alcalde-de-mostoles\/#primaryimage"},"thumbnailUrl":"https:\/\/vof-news.eu\/wp-content\/uploads\/2026\/02\/b82913a9-20b9-4b25-af31-81edc5070e7e_16-9-discover-aspect-ratio_default_0.jpg","datePublished":"2026-02-06T09:57:07+00:00","dateModified":"2026-02-06T09:57:25+00:00","author":{"@id":"https:\/\/vof-news.eu\/es\/#\/schema\/person\/f6a2a4309f0561835797fd8c19b333ed"},"description":"Despu\u00e9s de escribir varias veces a la presidenta de la Comunidad y de su partido, Isabel D\u00edaz Ayuso, de intercambiar nueve correos electr\u00f3nicos con su gabinete, de reunirse en la sede del PP con la c\u00fapula regional, su secretario general Alfonso Serrano, y su secretaria de organizaci\u00f3n, Ana Mill\u00e1n (con esta \u00faltima en dos ocasiones), de remitir un escrito de 20 p\u00e1ginas al comit\u00e9 de Garant\u00edas del PP nacional, la concejala que denunci\u00f3 al alcalde de M\u00f3stoles, Manuel Bautista, por acoso sexual y laboral, no logr\u00f3 que nadie en su formaci\u00f3n le prestase amparo.","breadcrumb":{"@id":"https:\/\/vof-news.eu\/es\/la-exconcejala-del-pp-acredita-con-pruebas-el-desprecio-de-ayuso-y-su-cupula-a-la-denuncia-de-acoso-contra-el-alcalde-de-mostoles\/#breadcrumb"},"inLanguage":"es","potentialAction":[{"@type":"ReadAction","target":["https:\/\/vof-news.eu\/es\/la-exconcejala-del-pp-acredita-con-pruebas-el-desprecio-de-ayuso-y-su-cupula-a-la-denuncia-de-acoso-contra-el-alcalde-de-mostoles\/"]}]},{"@type":"ImageObject","inLanguage":"es","@id":"https:\/\/vof-news.eu\/es\/la-exconcejala-del-pp-acredita-con-pruebas-el-desprecio-de-ayuso-y-su-cupula-a-la-denuncia-de-acoso-contra-el-alcalde-de-mostoles\/#primaryimage","url":"https:\/\/vof-news.eu\/wp-content\/uploads\/2026\/02\/b82913a9-20b9-4b25-af31-81edc5070e7e_16-9-discover-aspect-ratio_default_0.jpg","contentUrl":"https:\/\/vof-news.eu\/wp-content\/uploads\/2026\/02\/b82913a9-20b9-4b25-af31-81edc5070e7e_16-9-discover-aspect-ratio_default_0.jpg","width":1200,"height":675,"caption":"El alcalde de M\u00f3stoles, Manuel Bautista, comparece ante los medios, en el Ayuntamiento de M\u00f3stoles, a 5 de febrero de 2026, en M\u00f3stoles, Madrid (Espa\u00f1a). Bautista ha comparecido tras ser acusado de acoso laboral y sexual a una empleada. A. P\u00e9rez Meca \/ Europa Press 05\/2\/2026"},{"@type":"BreadcrumbList","@id":"https:\/\/vof-news.eu\/es\/la-exconcejala-del-pp-acredita-con-pruebas-el-desprecio-de-ayuso-y-su-cupula-a-la-denuncia-de-acoso-contra-el-alcalde-de-mostoles\/#breadcrumb","itemListElement":[{"@type":"ListItem","position":1,"name":"Home","item":"https:\/\/vof-news.eu\/es\/"},{"@type":"ListItem","position":2,"name":"La exconcejala del PP acredita con pruebas el desprecio de Ayuso y su c\u00fapula a la denuncia de acoso contra el alcalde de M\u00f3stoles"}]},{"@type":"WebSite","@id":"https:\/\/vof-news.eu\/es\/#website","url":"https:\/\/vof-news.eu\/es\/","name":"vof-news.eu","description":"","potentialAction":[{"@type":"SearchAction","target":{"@type":"EntryPoint","urlTemplate":"https:\/\/vof-news.eu\/es\/?s={search_term_string}"},"query-input":"required name=search_term_string"}],"inLanguage":"es"},{"@type":"Person","@id":"https:\/\/vof-news.eu\/es\/#\/schema\/person\/f6a2a4309f0561835797fd8c19b333ed","name":"Author","image":{"@type":"ImageObject","inLanguage":"es","@id":"https:\/\/vof-news.eu\/es\/#\/schema\/person\/image\/","url":"https:\/\/secure.gravatar.com\/avatar\/b67e614b1b25b3e9c0c239efdd2fde5ab015b5affd6f1c3c85911ca4b384e790?s=96&d=mm&r=g","contentUrl":"https:\/\/secure.gravatar.com\/avatar\/b67e614b1b25b3e9c0c239efdd2fde5ab015b5affd6f1c3c85911ca4b384e790?s=96&d=mm&r=g","caption":"Author"},"sameAs":["http:\/\/vof-news.eu"],"url":"https:\/\/vof-news.eu\/es\/author\/zwt6qxnjulxbnyg\/"}]}},"yoast_meta":{"yoast_wpseo_title":"","yoast_wpseo_metadesc":"","yoast_wpseo_canonical":""},"_links":{"self":[{"href":"https:\/\/vof-news.eu\/es\/wp-json\/wp\/v2\/posts\/323371","targetHints":{"allow":["GET"]}}],"collection":[{"href":"https:\/\/vof-news.eu\/es\/wp-json\/wp\/v2\/posts"}],"about":[{"href":"https:\/\/vof-news.eu\/es\/wp-json\/wp\/v2\/types\/post"}],"author":[{"embeddable":true,"href":"https:\/\/vof-news.eu\/es\/wp-json\/wp\/v2\/users\/1"}],"replies":[{"embeddable":true,"href":"https:\/\/vof-news.eu\/es\/wp-json\/wp\/v2\/comments?post=323371"}],"version-history":[{"count":1,"href":"https:\/\/vof-news.eu\/es\/wp-json\/wp\/v2\/posts\/323371\/revisions"}],"predecessor-version":[{"id":323372,"href":"https:\/\/vof-news.eu\/es\/wp-json\/wp\/v2\/posts\/323371\/revisions\/323372"}],"wp:featuredmedia":[{"embeddable":true,"href":"https:\/\/vof-news.eu\/es\/wp-json\/wp\/v2\/media\/323365"}],"wp:attachment":[{"href":"https:\/\/vof-news.eu\/es\/wp-json\/wp\/v2\/media?parent=323371"}],"wp:term":[{"taxonomy":"category","embeddable":true,"href":"https:\/\/vof-news.eu\/es\/wp-json\/wp\/v2\/categories?post=323371"},{"taxonomy":"post_tag","embeddable":true,"href":"https:\/\/vof-news.eu\/es\/wp-json\/wp\/v2\/tags?post=323371"}],"curies":[{"name":"wp","href":"https:\/\/api.w.org\/{rel}","templated":true}]}}