{"id":323227,"date":"2026-02-03T23:19:09","date_gmt":"2026-02-03T20:19:09","guid":{"rendered":"https:\/\/vof-news.eu\/lindsey-vonn-sorprende-anunciando-que-competira-en-los-juegos-a-pesar-de-romperse-los-ligamentos-de-su-rodilla-no-he-llorado-me-siento-fuerte\/"},"modified":"2026-02-03T23:19:22","modified_gmt":"2026-02-03T20:19:22","slug":"lindsey-vonn-sorprende-anunciando-que-competira-en-los-juegos-a-pesar-de-romperse-los-ligamentos-de-su-rodilla-no-he-llorado-me-siento-fuerte","status":"publish","type":"post","link":"https:\/\/vof-news.eu\/es\/lindsey-vonn-sorprende-anunciando-que-competira-en-los-juegos-a-pesar-de-romperse-los-ligamentos-de-su-rodilla-no-he-llorado-me-siento-fuerte\/","title":{"rendered":"Lindsey Vonn sorprende anunciando que competir\u00e1 en los Juegos a pesar de romperse los ligamentos de su rodilla: \u00abNo he llorado, me siento fuerte\u00bb"},"content":{"rendered":"<div>\n<p>\u00abTen\u00eda la sensaci\u00f3n de que iba a ser grave, pero mantuve la esperanza hasta que tuve los resultados de la resonancia. No he llorado. S\u00e9 cu\u00e1les eran mis opciones antes del accidente y s\u00e9 que ahora no son las mismas, pero a\u00fan hay una, y mientras la tenga lo intentar\u00e9. Me siento fuerte\u00bb<strong>. <\/strong>Con una compostura admirable y su imborrable sonrisa,<strong> Lindsay Vonn, <\/strong>que algo sabe de renaceres, afronta el pen\u00faltimo percance de una carrera marcada por el \u00e9xito y tambi\u00e9n por las lesiones.<strong><\/strong>El fin de semana sufri\u00f3 una espeluznante ca\u00edda en Crans-Montana, a apenas una semana del comienzo de los Juegos de Invierno. Fue trasladada en helic\u00f3ptero y se confirm\u00f3 despu\u00e9s la rotura de los ligamentos de su rodilla izquierda. A\u00fan as\u00ed, la esquiadora estadounidense competir\u00e1, a sus 41 a\u00f1os, en la que ser\u00e1 su quinta presencia ol\u00edmpica.<\/p>\n<p>Vonn ya estaba protagonizando una historia de pel\u00edcula. El pasado mes de diciembre, en el descenso de<strong><\/strong>St. Moritz, a sus 41 a\u00f1os y 55 d\u00edas, se convirti\u00f3 en la mujer m\u00e1s veterana que jam\u00e1s venci\u00f3 en una prueba de la Copa del Mundo. Nada menos que 21 a\u00f1os despu\u00e9s de su primer triunfo. Y tras haber vuelto del calvario de lesiones por el que decidi\u00f3 poner punto y final a su carrera en 2019. <\/p>\n<p>Hace dos a\u00f1os decidi\u00f3 que fuera punto y aparte. Un \u00faltimo baile con el objetivo puesto en Mil\u00e1n-Cortina D&#8217;Ampezzo, en el colof\u00f3n, con medalla o sin ella (ser\u00eda su cuarta ol\u00edmpica), a la carrera de una de las mejores esquiadoras de todos los tiempos. Con su pr\u00f3tesis de titanio en la rodilla derecha y los entrenamientos dirigidos por el neozeland\u00e9s <strong>Chris Knight<\/strong>, todo parec\u00eda dispuesto para aumentar su leyenda. Hasta que le volvi\u00f3 a visitar la fatalidad en una prueba, la de Suiza, que despu\u00e9s se suspendi\u00f3 por el mal tiempo. <\/p>\n<p>\u00abQuiero hacer el descenso del pr\u00f3ximo domingo y el supergigante (del jueves 12). Y no descarto hacer la combinada (por parejas). Hoy fui a esquiar, con una rodillera. Mi rodilla estaba estable y tengo confianza en que puedo competir\u00bb, sorprendi\u00f3 a todos este martes Vonn en una rueda de prensa en Cortina d&#8217;Ampezzo. <\/p>\n<p>\u00abMe romp\u00ed completamente el ligamento cruzado anterior, con un edema \u00f3seo, que es com\u00fan cuando sufres esa lesi\u00f3n. Tambi\u00e9n tengo da\u00f1ado el menisco, aunque no sabemos si fue fruto del accidente o era previo\u00bb, explic\u00f3 la esquiadora, Premio Princesa de Asturias de los Deportes en 2019.<\/p>\n<hr\/>\n<\/div>\n","protected":false},"excerpt":{"rendered":"<p>\u00abTen\u00eda la sensaci\u00f3n de que iba a ser grave, pero mantuve la esperanza hasta que tuve los resultados de la resonancia. No he llorado. S\u00e9 cu\u00e1les eran mis opciones antes del accidente y s\u00e9 que ahora no son las mismas, pero a\u00fan hay una, y mientras la tenga lo intentar\u00e9. Me siento fuerte\u00bb. Con una<\/p>\n","protected":false},"author":1,"featured_media":323228,"comment_status":"open","ping_status":"open","sticky":false,"template":"","format":"standard","meta":{"footnotes":""},"categories":[76],"tags":[],"class_list":["post-323227","post","type-post","status-publish","format-standard","has-post-thumbnail","hentry","category-sport-es"],"acf":[],"yoast_head":"<!-- This site is optimized with the Yoast SEO plugin v22.9 - https:\/\/yoast.com\/wordpress\/plugins\/seo\/ -->\n<title>Lindsey Vonn sorprende anunciando que competir\u00e1 en los Juegos a pesar de romperse los ligamentos de su rodilla: &quot;No he llorado, me siento fuerte&quot; - vof-news.eu<\/title>\n<meta name=\"description\" content=\"&quot;Ten\u00eda la sensaci\u00f3n de que iba a ser grave, pero mantuve la esperanza hasta que tuve los resultados de la resonancia. No he llorado. S\u00e9 cu\u00e1les eran mis opciones antes del accidente y s\u00e9 que ahora no son las mismas, pero a\u00fan hay una, y mientras la tenga lo intentar\u00e9. Me siento fuerte&quot;. Con una compostura admirable y su imborrable sonrisa, Lindsay Vonn, que algo sabe de renaceres, afronta el pen\u00faltimo percance de una carrera marcada por el \u00e9xito y tambi\u00e9n por las lesiones.El fin de semana sufri\u00f3 una espeluznante ca\u00edda en Crans-Montana, a apenas una semana del comienzo de los Juegos de Invierno. Fue trasladada en helic\u00f3ptero y se confirm\u00f3 despu\u00e9s la rotura de los ligamentos de su rodilla izquierda. A\u00fan as\u00ed, la esquiadora estadounidense competir\u00e1, a sus 41 a\u00f1os, en la que ser\u00e1 su quinta presencia ol\u00edmpica.Vonn ya estaba protagonizando una historia de pel\u00edcula. El pasado mes de diciembre, en el descenso deSt. Moritz, a sus 41 a\u00f1os y 55 d\u00edas, se convirti\u00f3 en la mujer m\u00e1s veterana que jam\u00e1s venci\u00f3 en una prueba de la Copa del Mundo. Nada menos que 21 a\u00f1os despu\u00e9s de su primer triunfo. Y tras haber vuelto del calvario de lesiones por el que decidi\u00f3 poner punto y final a su carrera en 2019. Hace dos a\u00f1os decidi\u00f3 que fuera punto y aparte. Un \u00faltimo baile con el objetivo puesto en Mil\u00e1n-Cortina D&#039;Ampezzo, en el colof\u00f3n, con medalla o sin ella (ser\u00eda su cuarta ol\u00edmpica), a la carrera de una de las mejores esquiadoras de todos los tiempos. Con su pr\u00f3tesis de titanio en la rodilla derecha y los entrenamientos dirigidos por el neozeland\u00e9s Chris Knight, todo parec\u00eda dispuesto para aumentar su leyenda. Hasta que le volvi\u00f3 a visitar la fatalidad en una prueba, la de Suiza, que despu\u00e9s se suspendi\u00f3 por el mal tiempo. &quot;Quiero hacer el descenso del pr\u00f3ximo domingo y el supergigante (del jueves 12). Y no descarto hacer la combinada (por parejas). Hoy fui a esquiar, con una rodillera. Mi rodilla estaba estable y tengo confianza en que puedo competir&quot;, sorprendi\u00f3 a todos este martes Vonn en una rueda de prensa en Cortina d&#039;Ampezzo. &quot;Me romp\u00ed completamente el ligamento cruzado anterior, con un edema \u00f3seo, que es com\u00fan cuando sufres esa lesi\u00f3n. Tambi\u00e9n tengo da\u00f1ado el menisco, aunque no sabemos si fue fruto del accidente o era previo&quot;, explic\u00f3 la esquiadora, Premio Princesa de Asturias de los Deportes en 2019.\" \/>\n<meta name=\"robots\" content=\"noindex, follow, max-snippet:-1, max-image-preview:large, max-video-preview:-1\" \/>\n<meta property=\"og:locale\" content=\"es_ES\" \/>\n<meta property=\"og:type\" content=\"article\" \/>\n<meta property=\"og:title\" content=\"Lindsey Vonn sorprende anunciando que competir\u00e1 en los Juegos a pesar de romperse los ligamentos de su rodilla: &quot;No he llorado, me siento fuerte&quot; - vof-news.eu\" \/>\n<meta property=\"og:description\" content=\"&quot;Ten\u00eda la sensaci\u00f3n de que iba a ser grave, pero mantuve la esperanza hasta que tuve los resultados de la resonancia. No he llorado. S\u00e9 cu\u00e1les eran mis opciones antes del accidente y s\u00e9 que ahora no son las mismas, pero a\u00fan hay una, y mientras la tenga lo intentar\u00e9. Me siento fuerte&quot;. Con una compostura admirable y su imborrable sonrisa, Lindsay Vonn, que algo sabe de renaceres, afronta el pen\u00faltimo percance de una carrera marcada por el \u00e9xito y tambi\u00e9n por las lesiones.El fin de semana sufri\u00f3 una espeluznante ca\u00edda en Crans-Montana, a apenas una semana del comienzo de los Juegos de Invierno. Fue trasladada en helic\u00f3ptero y se confirm\u00f3 despu\u00e9s la rotura de los ligamentos de su rodilla izquierda. A\u00fan as\u00ed, la esquiadora estadounidense competir\u00e1, a sus 41 a\u00f1os, en la que ser\u00e1 su quinta presencia ol\u00edmpica.Vonn ya estaba protagonizando una historia de pel\u00edcula. El pasado mes de diciembre, en el descenso deSt. Moritz, a sus 41 a\u00f1os y 55 d\u00edas, se convirti\u00f3 en la mujer m\u00e1s veterana que jam\u00e1s venci\u00f3 en una prueba de la Copa del Mundo. Nada menos que 21 a\u00f1os despu\u00e9s de su primer triunfo. Y tras haber vuelto del calvario de lesiones por el que decidi\u00f3 poner punto y final a su carrera en 2019. Hace dos a\u00f1os decidi\u00f3 que fuera punto y aparte. Un \u00faltimo baile con el objetivo puesto en Mil\u00e1n-Cortina D&#039;Ampezzo, en el colof\u00f3n, con medalla o sin ella (ser\u00eda su cuarta ol\u00edmpica), a la carrera de una de las mejores esquiadoras de todos los tiempos. Con su pr\u00f3tesis de titanio en la rodilla derecha y los entrenamientos dirigidos por el neozeland\u00e9s Chris Knight, todo parec\u00eda dispuesto para aumentar su leyenda. Hasta que le volvi\u00f3 a visitar la fatalidad en una prueba, la de Suiza, que despu\u00e9s se suspendi\u00f3 por el mal tiempo. &quot;Quiero hacer el descenso del pr\u00f3ximo domingo y el supergigante (del jueves 12). Y no descarto hacer la combinada (por parejas). Hoy fui a esquiar, con una rodillera. Mi rodilla estaba estable y tengo confianza en que puedo competir&quot;, sorprendi\u00f3 a todos este martes Vonn en una rueda de prensa en Cortina d&#039;Ampezzo. &quot;Me romp\u00ed completamente el ligamento cruzado anterior, con un edema \u00f3seo, que es com\u00fan cuando sufres esa lesi\u00f3n. Tambi\u00e9n tengo da\u00f1ado el menisco, aunque no sabemos si fue fruto del accidente o era previo&quot;, explic\u00f3 la esquiadora, Premio Princesa de Asturias de los Deportes en 2019.\" \/>\n<meta property=\"og:url\" content=\"https:\/\/vof-news.eu\/es\/lindsey-vonn-sorprende-anunciando-que-competira-en-los-juegos-a-pesar-de-romperse-los-ligamentos-de-su-rodilla-no-he-llorado-me-siento-fuerte\/\" \/>\n<meta property=\"og:site_name\" content=\"vof-news.eu\" \/>\n<meta property=\"article:published_time\" content=\"2026-02-03T20:19:09+00:00\" \/>\n<meta property=\"article:modified_time\" content=\"2026-02-03T20:19:22+00:00\" \/>\n<meta property=\"og:image\" content=\"https:\/\/vof-news.eu\/wp-content\/uploads\/2026\/02\/17701426792556.jpg\" \/>\n\t<meta property=\"og:image:width\" content=\"1366\" \/>\n\t<meta property=\"og:image:height\" content=\"911\" \/>\n\t<meta property=\"og:image:type\" content=\"image\/jpeg\" \/>\n<meta name=\"author\" content=\"Author\" \/>\n<meta name=\"twitter:card\" content=\"summary_large_image\" \/>\n<meta name=\"twitter:label1\" content=\"Escrito por\" \/>\n\t<meta name=\"twitter:data1\" content=\"Author\" \/>\n\t<meta name=\"twitter:label2\" content=\"Tiempo de lectura\" \/>\n\t<meta name=\"twitter:data2\" content=\"2 minutos\" \/>\n<script type=\"application\/ld+json\" class=\"yoast-schema-graph\">{\"@context\":\"https:\/\/schema.org\",\"@graph\":[{\"@type\":\"WebPage\",\"@id\":\"https:\/\/vof-news.eu\/es\/lindsey-vonn-sorprende-anunciando-que-competira-en-los-juegos-a-pesar-de-romperse-los-ligamentos-de-su-rodilla-no-he-llorado-me-siento-fuerte\/\",\"url\":\"https:\/\/vof-news.eu\/es\/lindsey-vonn-sorprende-anunciando-que-competira-en-los-juegos-a-pesar-de-romperse-los-ligamentos-de-su-rodilla-no-he-llorado-me-siento-fuerte\/\",\"name\":\"Lindsey Vonn sorprende anunciando que competir\u00e1 en los Juegos a pesar de romperse los ligamentos de su rodilla: \\\"No he llorado, me siento fuerte\\\" - vof-news.eu\",\"isPartOf\":{\"@id\":\"https:\/\/vof-news.eu\/es\/#website\"},\"primaryImageOfPage\":{\"@id\":\"https:\/\/vof-news.eu\/es\/lindsey-vonn-sorprende-anunciando-que-competira-en-los-juegos-a-pesar-de-romperse-los-ligamentos-de-su-rodilla-no-he-llorado-me-siento-fuerte\/#primaryimage\"},\"image\":{\"@id\":\"https:\/\/vof-news.eu\/es\/lindsey-vonn-sorprende-anunciando-que-competira-en-los-juegos-a-pesar-de-romperse-los-ligamentos-de-su-rodilla-no-he-llorado-me-siento-fuerte\/#primaryimage\"},\"thumbnailUrl\":\"https:\/\/vof-news.eu\/wp-content\/uploads\/2026\/02\/17701426792556.jpg\",\"datePublished\":\"2026-02-03T20:19:09+00:00\",\"dateModified\":\"2026-02-03T20:19:22+00:00\",\"author\":{\"@id\":\"https:\/\/vof-news.eu\/es\/#\/schema\/person\/f6a2a4309f0561835797fd8c19b333ed\"},\"description\":\"\\\"Ten\u00eda la sensaci\u00f3n de que iba a ser grave, pero mantuve la esperanza hasta que tuve los resultados de la resonancia. No he llorado. S\u00e9 cu\u00e1les eran mis opciones antes del accidente y s\u00e9 que ahora no son las mismas, pero a\u00fan hay una, y mientras la tenga lo intentar\u00e9. Me siento fuerte\\\". Con una compostura admirable y su imborrable sonrisa, Lindsay Vonn, que algo sabe de renaceres, afronta el pen\u00faltimo percance de una carrera marcada por el \u00e9xito y tambi\u00e9n por las lesiones.El fin de semana sufri\u00f3 una espeluznante ca\u00edda en Crans-Montana, a apenas una semana del comienzo de los Juegos de Invierno. Fue trasladada en helic\u00f3ptero y se confirm\u00f3 despu\u00e9s la rotura de los ligamentos de su rodilla izquierda. A\u00fan as\u00ed, la esquiadora estadounidense competir\u00e1, a sus 41 a\u00f1os, en la que ser\u00e1 su quinta presencia ol\u00edmpica.Vonn ya estaba protagonizando una historia de pel\u00edcula. El pasado mes de diciembre, en el descenso deSt. Moritz, a sus 41 a\u00f1os y 55 d\u00edas, se convirti\u00f3 en la mujer m\u00e1s veterana que jam\u00e1s venci\u00f3 en una prueba de la Copa del Mundo. Nada menos que 21 a\u00f1os despu\u00e9s de su primer triunfo. Y tras haber vuelto del calvario de lesiones por el que decidi\u00f3 poner punto y final a su carrera en 2019. Hace dos a\u00f1os decidi\u00f3 que fuera punto y aparte. Un \u00faltimo baile con el objetivo puesto en Mil\u00e1n-Cortina D'Ampezzo, en el colof\u00f3n, con medalla o sin ella (ser\u00eda su cuarta ol\u00edmpica), a la carrera de una de las mejores esquiadoras de todos los tiempos. Con su pr\u00f3tesis de titanio en la rodilla derecha y los entrenamientos dirigidos por el neozeland\u00e9s Chris Knight, todo parec\u00eda dispuesto para aumentar su leyenda. Hasta que le volvi\u00f3 a visitar la fatalidad en una prueba, la de Suiza, que despu\u00e9s se suspendi\u00f3 por el mal tiempo. \\\"Quiero hacer el descenso del pr\u00f3ximo domingo y el supergigante (del jueves 12). Y no descarto hacer la combinada (por parejas). Hoy fui a esquiar, con una rodillera. Mi rodilla estaba estable y tengo confianza en que puedo competir\\\", sorprendi\u00f3 a todos este martes Vonn en una rueda de prensa en Cortina d'Ampezzo. \\\"Me romp\u00ed completamente el ligamento cruzado anterior, con un edema \u00f3seo, que es com\u00fan cuando sufres esa lesi\u00f3n. Tambi\u00e9n tengo da\u00f1ado el menisco, aunque no sabemos si fue fruto del accidente o era previo\\\", explic\u00f3 la esquiadora, Premio Princesa de Asturias de los Deportes en 2019.\",\"breadcrumb\":{\"@id\":\"https:\/\/vof-news.eu\/es\/lindsey-vonn-sorprende-anunciando-que-competira-en-los-juegos-a-pesar-de-romperse-los-ligamentos-de-su-rodilla-no-he-llorado-me-siento-fuerte\/#breadcrumb\"},\"inLanguage\":\"es\",\"potentialAction\":[{\"@type\":\"ReadAction\",\"target\":[\"https:\/\/vof-news.eu\/es\/lindsey-vonn-sorprende-anunciando-que-competira-en-los-juegos-a-pesar-de-romperse-los-ligamentos-de-su-rodilla-no-he-llorado-me-siento-fuerte\/\"]}]},{\"@type\":\"ImageObject\",\"inLanguage\":\"es\",\"@id\":\"https:\/\/vof-news.eu\/es\/lindsey-vonn-sorprende-anunciando-que-competira-en-los-juegos-a-pesar-de-romperse-los-ligamentos-de-su-rodilla-no-he-llorado-me-siento-fuerte\/#primaryimage\",\"url\":\"https:\/\/vof-news.eu\/wp-content\/uploads\/2026\/02\/17701426792556.jpg\",\"contentUrl\":\"https:\/\/vof-news.eu\/wp-content\/uploads\/2026\/02\/17701426792556.jpg\",\"width\":1366,\"height\":911},{\"@type\":\"BreadcrumbList\",\"@id\":\"https:\/\/vof-news.eu\/es\/lindsey-vonn-sorprende-anunciando-que-competira-en-los-juegos-a-pesar-de-romperse-los-ligamentos-de-su-rodilla-no-he-llorado-me-siento-fuerte\/#breadcrumb\",\"itemListElement\":[{\"@type\":\"ListItem\",\"position\":1,\"name\":\"Home\",\"item\":\"https:\/\/vof-news.eu\/es\/\"},{\"@type\":\"ListItem\",\"position\":2,\"name\":\"Lindsey Vonn sorprende anunciando que competir\u00e1 en los Juegos a pesar de romperse los ligamentos de su rodilla: &#8220;No he llorado, me siento fuerte&#8221;\"}]},{\"@type\":\"WebSite\",\"@id\":\"https:\/\/vof-news.eu\/es\/#website\",\"url\":\"https:\/\/vof-news.eu\/es\/\",\"name\":\"vof-news.eu\",\"description\":\"\",\"potentialAction\":[{\"@type\":\"SearchAction\",\"target\":{\"@type\":\"EntryPoint\",\"urlTemplate\":\"https:\/\/vof-news.eu\/es\/?s={search_term_string}\"},\"query-input\":\"required name=search_term_string\"}],\"inLanguage\":\"es\"},{\"@type\":\"Person\",\"@id\":\"https:\/\/vof-news.eu\/es\/#\/schema\/person\/f6a2a4309f0561835797fd8c19b333ed\",\"name\":\"Author\",\"image\":{\"@type\":\"ImageObject\",\"inLanguage\":\"es\",\"@id\":\"https:\/\/vof-news.eu\/es\/#\/schema\/person\/image\/\",\"url\":\"https:\/\/secure.gravatar.com\/avatar\/b67e614b1b25b3e9c0c239efdd2fde5ab015b5affd6f1c3c85911ca4b384e790?s=96&d=mm&r=g\",\"contentUrl\":\"https:\/\/secure.gravatar.com\/avatar\/b67e614b1b25b3e9c0c239efdd2fde5ab015b5affd6f1c3c85911ca4b384e790?s=96&d=mm&r=g\",\"caption\":\"Author\"},\"sameAs\":[\"http:\/\/vof-news.eu\"],\"url\":\"https:\/\/vof-news.eu\/es\/author\/zwt6qxnjulxbnyg\/\"}]}<\/script>\n<!-- \/ Yoast SEO plugin. -->","yoast_head_json":{"title":"Lindsey Vonn sorprende anunciando que competir\u00e1 en los Juegos a pesar de romperse los ligamentos de su rodilla: \"No he llorado, me siento fuerte\" - vof-news.eu","description":"\"Ten\u00eda la sensaci\u00f3n de que iba a ser grave, pero mantuve la esperanza hasta que tuve los resultados de la resonancia. No he llorado. S\u00e9 cu\u00e1les eran mis opciones antes del accidente y s\u00e9 que ahora no son las mismas, pero a\u00fan hay una, y mientras la tenga lo intentar\u00e9. Me siento fuerte\". Con una compostura admirable y su imborrable sonrisa, Lindsay Vonn, que algo sabe de renaceres, afronta el pen\u00faltimo percance de una carrera marcada por el \u00e9xito y tambi\u00e9n por las lesiones.El fin de semana sufri\u00f3 una espeluznante ca\u00edda en Crans-Montana, a apenas una semana del comienzo de los Juegos de Invierno. Fue trasladada en helic\u00f3ptero y se confirm\u00f3 despu\u00e9s la rotura de los ligamentos de su rodilla izquierda. A\u00fan as\u00ed, la esquiadora estadounidense competir\u00e1, a sus 41 a\u00f1os, en la que ser\u00e1 su quinta presencia ol\u00edmpica.Vonn ya estaba protagonizando una historia de pel\u00edcula. El pasado mes de diciembre, en el descenso deSt. Moritz, a sus 41 a\u00f1os y 55 d\u00edas, se convirti\u00f3 en la mujer m\u00e1s veterana que jam\u00e1s venci\u00f3 en una prueba de la Copa del Mundo. Nada menos que 21 a\u00f1os despu\u00e9s de su primer triunfo. Y tras haber vuelto del calvario de lesiones por el que decidi\u00f3 poner punto y final a su carrera en 2019. Hace dos a\u00f1os decidi\u00f3 que fuera punto y aparte. Un \u00faltimo baile con el objetivo puesto en Mil\u00e1n-Cortina D'Ampezzo, en el colof\u00f3n, con medalla o sin ella (ser\u00eda su cuarta ol\u00edmpica), a la carrera de una de las mejores esquiadoras de todos los tiempos. Con su pr\u00f3tesis de titanio en la rodilla derecha y los entrenamientos dirigidos por el neozeland\u00e9s Chris Knight, todo parec\u00eda dispuesto para aumentar su leyenda. Hasta que le volvi\u00f3 a visitar la fatalidad en una prueba, la de Suiza, que despu\u00e9s se suspendi\u00f3 por el mal tiempo. \"Quiero hacer el descenso del pr\u00f3ximo domingo y el supergigante (del jueves 12). Y no descarto hacer la combinada (por parejas). Hoy fui a esquiar, con una rodillera. Mi rodilla estaba estable y tengo confianza en que puedo competir\", sorprendi\u00f3 a todos este martes Vonn en una rueda de prensa en Cortina d'Ampezzo. \"Me romp\u00ed completamente el ligamento cruzado anterior, con un edema \u00f3seo, que es com\u00fan cuando sufres esa lesi\u00f3n. Tambi\u00e9n tengo da\u00f1ado el menisco, aunque no sabemos si fue fruto del accidente o era previo\", explic\u00f3 la esquiadora, Premio Princesa de Asturias de los Deportes en 2019.","robots":{"index":"noindex","follow":"follow","max-snippet":"max-snippet:-1","max-image-preview":"max-image-preview:large","max-video-preview":"max-video-preview:-1"},"og_locale":"es_ES","og_type":"article","og_title":"Lindsey Vonn sorprende anunciando que competir\u00e1 en los Juegos a pesar de romperse los ligamentos de su rodilla: \"No he llorado, me siento fuerte\" - vof-news.eu","og_description":"\"Ten\u00eda la sensaci\u00f3n de que iba a ser grave, pero mantuve la esperanza hasta que tuve los resultados de la resonancia. No he llorado. S\u00e9 cu\u00e1les eran mis opciones antes del accidente y s\u00e9 que ahora no son las mismas, pero a\u00fan hay una, y mientras la tenga lo intentar\u00e9. Me siento fuerte\". Con una compostura admirable y su imborrable sonrisa, Lindsay Vonn, que algo sabe de renaceres, afronta el pen\u00faltimo percance de una carrera marcada por el \u00e9xito y tambi\u00e9n por las lesiones.El fin de semana sufri\u00f3 una espeluznante ca\u00edda en Crans-Montana, a apenas una semana del comienzo de los Juegos de Invierno. Fue trasladada en helic\u00f3ptero y se confirm\u00f3 despu\u00e9s la rotura de los ligamentos de su rodilla izquierda. A\u00fan as\u00ed, la esquiadora estadounidense competir\u00e1, a sus 41 a\u00f1os, en la que ser\u00e1 su quinta presencia ol\u00edmpica.Vonn ya estaba protagonizando una historia de pel\u00edcula. El pasado mes de diciembre, en el descenso deSt. Moritz, a sus 41 a\u00f1os y 55 d\u00edas, se convirti\u00f3 en la mujer m\u00e1s veterana que jam\u00e1s venci\u00f3 en una prueba de la Copa del Mundo. Nada menos que 21 a\u00f1os despu\u00e9s de su primer triunfo. Y tras haber vuelto del calvario de lesiones por el que decidi\u00f3 poner punto y final a su carrera en 2019. Hace dos a\u00f1os decidi\u00f3 que fuera punto y aparte. Un \u00faltimo baile con el objetivo puesto en Mil\u00e1n-Cortina D'Ampezzo, en el colof\u00f3n, con medalla o sin ella (ser\u00eda su cuarta ol\u00edmpica), a la carrera de una de las mejores esquiadoras de todos los tiempos. Con su pr\u00f3tesis de titanio en la rodilla derecha y los entrenamientos dirigidos por el neozeland\u00e9s Chris Knight, todo parec\u00eda dispuesto para aumentar su leyenda. Hasta que le volvi\u00f3 a visitar la fatalidad en una prueba, la de Suiza, que despu\u00e9s se suspendi\u00f3 por el mal tiempo. \"Quiero hacer el descenso del pr\u00f3ximo domingo y el supergigante (del jueves 12). Y no descarto hacer la combinada (por parejas). Hoy fui a esquiar, con una rodillera. Mi rodilla estaba estable y tengo confianza en que puedo competir\", sorprendi\u00f3 a todos este martes Vonn en una rueda de prensa en Cortina d'Ampezzo. \"Me romp\u00ed completamente el ligamento cruzado anterior, con un edema \u00f3seo, que es com\u00fan cuando sufres esa lesi\u00f3n. Tambi\u00e9n tengo da\u00f1ado el menisco, aunque no sabemos si fue fruto del accidente o era previo\", explic\u00f3 la esquiadora, Premio Princesa de Asturias de los Deportes en 2019.","og_url":"https:\/\/vof-news.eu\/es\/lindsey-vonn-sorprende-anunciando-que-competira-en-los-juegos-a-pesar-de-romperse-los-ligamentos-de-su-rodilla-no-he-llorado-me-siento-fuerte\/","og_site_name":"vof-news.eu","article_published_time":"2026-02-03T20:19:09+00:00","article_modified_time":"2026-02-03T20:19:22+00:00","og_image":[{"width":1366,"height":911,"url":"https:\/\/vof-news.eu\/wp-content\/uploads\/2026\/02\/17701426792556.jpg","type":"image\/jpeg"}],"author":"Author","twitter_card":"summary_large_image","twitter_misc":{"Escrito por":"Author","Tiempo de lectura":"2 minutos"},"schema":{"@context":"https:\/\/schema.org","@graph":[{"@type":"WebPage","@id":"https:\/\/vof-news.eu\/es\/lindsey-vonn-sorprende-anunciando-que-competira-en-los-juegos-a-pesar-de-romperse-los-ligamentos-de-su-rodilla-no-he-llorado-me-siento-fuerte\/","url":"https:\/\/vof-news.eu\/es\/lindsey-vonn-sorprende-anunciando-que-competira-en-los-juegos-a-pesar-de-romperse-los-ligamentos-de-su-rodilla-no-he-llorado-me-siento-fuerte\/","name":"Lindsey Vonn sorprende anunciando que competir\u00e1 en los Juegos a pesar de romperse los ligamentos de su rodilla: \"No he llorado, me siento fuerte\" - vof-news.eu","isPartOf":{"@id":"https:\/\/vof-news.eu\/es\/#website"},"primaryImageOfPage":{"@id":"https:\/\/vof-news.eu\/es\/lindsey-vonn-sorprende-anunciando-que-competira-en-los-juegos-a-pesar-de-romperse-los-ligamentos-de-su-rodilla-no-he-llorado-me-siento-fuerte\/#primaryimage"},"image":{"@id":"https:\/\/vof-news.eu\/es\/lindsey-vonn-sorprende-anunciando-que-competira-en-los-juegos-a-pesar-de-romperse-los-ligamentos-de-su-rodilla-no-he-llorado-me-siento-fuerte\/#primaryimage"},"thumbnailUrl":"https:\/\/vof-news.eu\/wp-content\/uploads\/2026\/02\/17701426792556.jpg","datePublished":"2026-02-03T20:19:09+00:00","dateModified":"2026-02-03T20:19:22+00:00","author":{"@id":"https:\/\/vof-news.eu\/es\/#\/schema\/person\/f6a2a4309f0561835797fd8c19b333ed"},"description":"\"Ten\u00eda la sensaci\u00f3n de que iba a ser grave, pero mantuve la esperanza hasta que tuve los resultados de la resonancia. No he llorado. S\u00e9 cu\u00e1les eran mis opciones antes del accidente y s\u00e9 que ahora no son las mismas, pero a\u00fan hay una, y mientras la tenga lo intentar\u00e9. Me siento fuerte\". Con una compostura admirable y su imborrable sonrisa, Lindsay Vonn, que algo sabe de renaceres, afronta el pen\u00faltimo percance de una carrera marcada por el \u00e9xito y tambi\u00e9n por las lesiones.El fin de semana sufri\u00f3 una espeluznante ca\u00edda en Crans-Montana, a apenas una semana del comienzo de los Juegos de Invierno. Fue trasladada en helic\u00f3ptero y se confirm\u00f3 despu\u00e9s la rotura de los ligamentos de su rodilla izquierda. A\u00fan as\u00ed, la esquiadora estadounidense competir\u00e1, a sus 41 a\u00f1os, en la que ser\u00e1 su quinta presencia ol\u00edmpica.Vonn ya estaba protagonizando una historia de pel\u00edcula. El pasado mes de diciembre, en el descenso deSt. Moritz, a sus 41 a\u00f1os y 55 d\u00edas, se convirti\u00f3 en la mujer m\u00e1s veterana que jam\u00e1s venci\u00f3 en una prueba de la Copa del Mundo. Nada menos que 21 a\u00f1os despu\u00e9s de su primer triunfo. Y tras haber vuelto del calvario de lesiones por el que decidi\u00f3 poner punto y final a su carrera en 2019. Hace dos a\u00f1os decidi\u00f3 que fuera punto y aparte. Un \u00faltimo baile con el objetivo puesto en Mil\u00e1n-Cortina D'Ampezzo, en el colof\u00f3n, con medalla o sin ella (ser\u00eda su cuarta ol\u00edmpica), a la carrera de una de las mejores esquiadoras de todos los tiempos. Con su pr\u00f3tesis de titanio en la rodilla derecha y los entrenamientos dirigidos por el neozeland\u00e9s Chris Knight, todo parec\u00eda dispuesto para aumentar su leyenda. Hasta que le volvi\u00f3 a visitar la fatalidad en una prueba, la de Suiza, que despu\u00e9s se suspendi\u00f3 por el mal tiempo. \"Quiero hacer el descenso del pr\u00f3ximo domingo y el supergigante (del jueves 12). Y no descarto hacer la combinada (por parejas). Hoy fui a esquiar, con una rodillera. Mi rodilla estaba estable y tengo confianza en que puedo competir\", sorprendi\u00f3 a todos este martes Vonn en una rueda de prensa en Cortina d'Ampezzo. \"Me romp\u00ed completamente el ligamento cruzado anterior, con un edema \u00f3seo, que es com\u00fan cuando sufres esa lesi\u00f3n. Tambi\u00e9n tengo da\u00f1ado el menisco, aunque no sabemos si fue fruto del accidente o era previo\", explic\u00f3 la esquiadora, Premio Princesa de Asturias de los Deportes en 2019.","breadcrumb":{"@id":"https:\/\/vof-news.eu\/es\/lindsey-vonn-sorprende-anunciando-que-competira-en-los-juegos-a-pesar-de-romperse-los-ligamentos-de-su-rodilla-no-he-llorado-me-siento-fuerte\/#breadcrumb"},"inLanguage":"es","potentialAction":[{"@type":"ReadAction","target":["https:\/\/vof-news.eu\/es\/lindsey-vonn-sorprende-anunciando-que-competira-en-los-juegos-a-pesar-de-romperse-los-ligamentos-de-su-rodilla-no-he-llorado-me-siento-fuerte\/"]}]},{"@type":"ImageObject","inLanguage":"es","@id":"https:\/\/vof-news.eu\/es\/lindsey-vonn-sorprende-anunciando-que-competira-en-los-juegos-a-pesar-de-romperse-los-ligamentos-de-su-rodilla-no-he-llorado-me-siento-fuerte\/#primaryimage","url":"https:\/\/vof-news.eu\/wp-content\/uploads\/2026\/02\/17701426792556.jpg","contentUrl":"https:\/\/vof-news.eu\/wp-content\/uploads\/2026\/02\/17701426792556.jpg","width":1366,"height":911},{"@type":"BreadcrumbList","@id":"https:\/\/vof-news.eu\/es\/lindsey-vonn-sorprende-anunciando-que-competira-en-los-juegos-a-pesar-de-romperse-los-ligamentos-de-su-rodilla-no-he-llorado-me-siento-fuerte\/#breadcrumb","itemListElement":[{"@type":"ListItem","position":1,"name":"Home","item":"https:\/\/vof-news.eu\/es\/"},{"@type":"ListItem","position":2,"name":"Lindsey Vonn sorprende anunciando que competir\u00e1 en los Juegos a pesar de romperse los ligamentos de su rodilla: &#8220;No he llorado, me siento fuerte&#8221;"}]},{"@type":"WebSite","@id":"https:\/\/vof-news.eu\/es\/#website","url":"https:\/\/vof-news.eu\/es\/","name":"vof-news.eu","description":"","potentialAction":[{"@type":"SearchAction","target":{"@type":"EntryPoint","urlTemplate":"https:\/\/vof-news.eu\/es\/?s={search_term_string}"},"query-input":"required name=search_term_string"}],"inLanguage":"es"},{"@type":"Person","@id":"https:\/\/vof-news.eu\/es\/#\/schema\/person\/f6a2a4309f0561835797fd8c19b333ed","name":"Author","image":{"@type":"ImageObject","inLanguage":"es","@id":"https:\/\/vof-news.eu\/es\/#\/schema\/person\/image\/","url":"https:\/\/secure.gravatar.com\/avatar\/b67e614b1b25b3e9c0c239efdd2fde5ab015b5affd6f1c3c85911ca4b384e790?s=96&d=mm&r=g","contentUrl":"https:\/\/secure.gravatar.com\/avatar\/b67e614b1b25b3e9c0c239efdd2fde5ab015b5affd6f1c3c85911ca4b384e790?s=96&d=mm&r=g","caption":"Author"},"sameAs":["http:\/\/vof-news.eu"],"url":"https:\/\/vof-news.eu\/es\/author\/zwt6qxnjulxbnyg\/"}]}},"yoast_meta":{"yoast_wpseo_title":"","yoast_wpseo_metadesc":"","yoast_wpseo_canonical":""},"_links":{"self":[{"href":"https:\/\/vof-news.eu\/es\/wp-json\/wp\/v2\/posts\/323227","targetHints":{"allow":["GET"]}}],"collection":[{"href":"https:\/\/vof-news.eu\/es\/wp-json\/wp\/v2\/posts"}],"about":[{"href":"https:\/\/vof-news.eu\/es\/wp-json\/wp\/v2\/types\/post"}],"author":[{"embeddable":true,"href":"https:\/\/vof-news.eu\/es\/wp-json\/wp\/v2\/users\/1"}],"replies":[{"embeddable":true,"href":"https:\/\/vof-news.eu\/es\/wp-json\/wp\/v2\/comments?post=323227"}],"version-history":[{"count":1,"href":"https:\/\/vof-news.eu\/es\/wp-json\/wp\/v2\/posts\/323227\/revisions"}],"predecessor-version":[{"id":323234,"href":"https:\/\/vof-news.eu\/es\/wp-json\/wp\/v2\/posts\/323227\/revisions\/323234"}],"wp:featuredmedia":[{"embeddable":true,"href":"https:\/\/vof-news.eu\/es\/wp-json\/wp\/v2\/media\/323228"}],"wp:attachment":[{"href":"https:\/\/vof-news.eu\/es\/wp-json\/wp\/v2\/media?parent=323227"}],"wp:term":[{"taxonomy":"category","embeddable":true,"href":"https:\/\/vof-news.eu\/es\/wp-json\/wp\/v2\/categories?post=323227"},{"taxonomy":"post_tag","embeddable":true,"href":"https:\/\/vof-news.eu\/es\/wp-json\/wp\/v2\/tags?post=323227"}],"curies":[{"name":"wp","href":"https:\/\/api.w.org\/{rel}","templated":true}]}}