{"id":323217,"date":"2026-02-03T23:18:19","date_gmt":"2026-02-03T20:18:19","guid":{"rendered":"https:\/\/vof-news.eu\/zapatero-niega-que-sus-asesorias-tuvieran-que-ver-con-el-rescate-a-plus-ultra-y-dice-que-fueron-conforme-a-la-legalidad\/"},"modified":"2026-02-03T23:18:36","modified_gmt":"2026-02-03T20:18:36","slug":"zapatero-niega-que-sus-asesorias-tuvieran-que-ver-con-el-rescate-a-plus-ultra-y-dice-que-fueron-conforme-a-la-legalidad","status":"publish","type":"post","link":"https:\/\/vof-news.eu\/es\/zapatero-niega-que-sus-asesorias-tuvieran-que-ver-con-el-rescate-a-plus-ultra-y-dice-que-fueron-conforme-a-la-legalidad\/","title":{"rendered":"Zapatero niega que sus asesor\u00edas tuvieran que ver con el rescate a Plus Ultra y dice que fueron \u201cconforme a la legalidad\u201d"},"content":{"rendered":"<div>\n<p>\n        Jos\u00e9 Luis Rodr\u00edguez Zapatero niega que sus trabajos de asesor\u00eda para la empresa An\u00e1lisis Relevante, de la que era propietario su amigo Julio Mart\u00ednez, que fue detenido hace unas semanas por presunta corrupci\u00f3n, tuvieran que ver con el rescate a la aerol\u00ednea Plus Ultra por parte del Gobierno durante la pandemia. El expresidente del Gobierno ha defendido que esos trabajos se desarrollaron \u201cconforme a la legalidad\u201d.\n    <\/p>\n<p>\n        \u201cNinguna, cero absoluto\u201d, ha contestado el expresidente a la pregunta de si esas labores tuvieron que ver con el rescate a Plus Ultra. El peri\u00f3dico El Mundo public\u00f3 este fin de semana que Zapatero cobr\u00f3 450.000 euros en los \u00faltimos a\u00f1os \u2013una media de 75.000 al a\u00f1o\u2013 de la empresa An\u00e1lisis Relevante que dirig\u00eda Julio Mart\u00ednez, que a su vez prest\u00f3 servicios a la aerol\u00ednea Plus Ultra. Los primeros pagos, de acuerdo al peri\u00f3dico de Unidad Editorial, se produjeron en marzo de 2020. Tambi\u00e9n las hijas del expresidente cobraron de An\u00e1lisis Relevante a trav\u00e9s de su empresa, seg\u00fan la misma publicaci\u00f3n.\n    <\/p>\n<p>\n        \u201cRealizo en mi actividad privada la prestaci\u00f3n de servicios, creo que es un derecho, solo faltar\u00eda\u201d, ha respondido el expresidente a los periodistas antes de participar en la presentaci\u00f3n del libro &#8216;Las Huellas de la Transici\u00f3n&#8217; (Catarata). Esos servicios los ejerce \u201cabsolutamente conforme, como no pod\u00eda ser de otra manera, a la legalidad\u201d y \u201cnada tiene que ver\u201d con la aerol\u00ednea, seg\u00fan ha afirmado.\n    <\/p>\n<p>\n        A su llegada a El Ateneo, Zapatero se ha pronunciado por primera vez sobre la situaci\u00f3n en Venezuela tras la captura de Nicol\u00e1s Maduro por parte de Donald Trump y la apuesta por Delcy Rodr\u00edguez para pilotar una nueva etapa mandatada por EEUU. El expresidente es optimista respecto al devenir de ese pa\u00eds en los \u201cpr\u00f3ximos d\u00edas y las pr\u00f3ximas semanas\u201d.\n    <\/p>\n<p>\n        \u201cLlevo diez a\u00f1os, especialmente los cinco primeros, desde 2015, intensamente vinculado a la situaci\u00f3n pol\u00edtica de Venezuela, al grave conflicto con momentos muy dif\u00edciles. Tras diez a\u00f1os, este es el momento en el que tengo una esperanza m\u00e1s fundada de que vamos a tener un proceso de cambio positivo. Mis sensaciones, y hablo con much\u00edsima gente todos los d\u00edas \u2013venezolanos de la oposici\u00f3n, del Gobierno\u2013, es que hay un nuevo momento, una gran esperanza para Venezuela, y creo que eso lo vamos a confirmar en los pr\u00f3ximos d\u00edas, en las pr\u00f3ximas semanas\u201d, ha pronosticado.\n    <\/p>\n<p>\n        Tambi\u00e9n ha aprovechado para reivindicarse por su labor de mediaci\u00f3n, que han provocado graves acusaciones por parte de la derecha espa\u00f1ola, que le acusa de connivencia con el . \u201cEste es un momento y una oportunidad para que mucha de la tarea que yo he realizado se vaya conociendo m\u00e1s, porque lo permite la situaci\u00f3n. Eso ser\u00e1 yo creo que \u00fatil, positivo, y adem\u00e1s se despejar\u00e1n algunas de las cosas que se han dicho\u201d, ha expresado.\n    <\/p>\n<p>\n        \u201cCuando uno tiene un compromiso de tantos a\u00f1os, de miles de d\u00edas dedicados a que no hubiera un conflicto civil, a que hubiera una posible reconciliaci\u00f3n, una sustanciaci\u00f3n democr\u00e1tica en todos los \u00f3rdenes, a que muchas personas salieran de la c\u00e1rcel, que ha sido una de las tareas fundamentales que he hecho, pues, l\u00f3gicamente, ese v\u00ednculo sigue, y yo creo que van a ver ustedes que va a seguir\u201d, ha anticipado.\n    <\/p>\n<p>\n        \u201cSe sabr\u00e1 todo\u201d, ha contestado Zapatero a una pregunta sobre su papel en las liberaciones de presos que en las \u00faltimas semanas ha decretado el Gobierno de Delcy Rodr\u00edguez, que han beneficiado a seis espa\u00f1oles. El expresidente ha apelado a la discreci\u00f3n que requer\u00edan \u201ctemas tan sensibles y delicados, porque est\u00e1 son situaciones de gran trance para las familias\u201d. \u201cNo hay nada que d\u00e9 tanta satisfacci\u00f3n como conseguir que una persona recupere la libertad y que sus familias se reencuentren\u201d, ha apuntado: \u201cRecuperan con una gran fuerza las ganas de vivir y, adem\u00e1s, lo que me parece m\u00e1s importante, las ganas de reconciliar, de reconciliarse. Sin duda alguna, si hay un verbo imprescindible por el que tenemos que trabajar en Venezuela es reconciliar\u201d.\n    <\/p>\n<p>\n        El expresidente ha minimizado los ataques que recibe de la derecha un d\u00eda despu\u00e9s de que el juez haya archivado una querella de la organizaci\u00f3n ultraderechista HazteO\u00edr contra \u00e9l por narcotr\u00e1fico y blanqueo: \u201cTengo mucha experiencia en estas cosas. Creo que lo \u00faltimo que me acusaban de narcotr\u00e1fico y tortura (&#8230;). Creo que la democracia, recordando esos valores, exige el respeto, el respeto al Estado de derecho, el respeto a los procedimientos y las reglas\u201d. \u201cA la democracia le sienta muy mal las insidias, las descalificaciones, las insinuaciones. Yo lo llevo con deportividad, incluso con talante. Creo que todos debemos de contribuir a que esa polarizaci\u00f3n que algunos intentan mantener viva, no se encienda\u201d, ha rematado.\n    <\/p>\n<\/div>\n","protected":false},"excerpt":{"rendered":"<p>Jos\u00e9 Luis Rodr\u00edguez Zapatero niega que sus trabajos de asesor\u00eda para la empresa An\u00e1lisis Relevante, de la que era propietario su amigo Julio Mart\u00ednez, que fue detenido hace unas semanas por presunta corrupci\u00f3n, tuvieran que ver con el rescate a la aerol\u00ednea Plus Ultra por parte del Gobierno durante la pandemia. El expresidente del Gobierno<\/p>\n","protected":false},"author":1,"featured_media":0,"comment_status":"open","ping_status":"open","sticky":false,"template":"","format":"standard","meta":{"footnotes":""},"categories":[71],"tags":[],"class_list":["post-323217","post","type-post","status-publish","format-standard","hentry","category-politics-es"],"acf":[],"yoast_head":"<!-- This site is optimized with the Yoast SEO plugin v22.9 - https:\/\/yoast.com\/wordpress\/plugins\/seo\/ -->\n<title>Zapatero niega que sus asesor\u00edas tuvieran que ver con el rescate a Plus Ultra y dice que fueron \u201cconforme a la legalidad\u201d - vof-news.eu<\/title>\n<meta name=\"description\" content=\"Jos\u00e9 Luis Rodr\u00edguez Zapatero niega que sus trabajos de asesor\u00eda para la empresa An\u00e1lisis Relevante, de la que era propietario su amigo Julio Mart\u00ednez, que fue detenido hace unas semanas por presunta corrupci\u00f3n, tuvieran que ver con el rescate a la aerol\u00ednea Plus Ultra por parte del Gobierno durante la pandemia. El expresidente del Gobierno ha defendido que esos trabajos se desarrollaron \u201cconforme a la legalidad\u201d.\" \/>\n<meta name=\"robots\" content=\"noindex, follow, max-snippet:-1, max-image-preview:large, max-video-preview:-1\" \/>\n<meta property=\"og:locale\" content=\"es_ES\" \/>\n<meta property=\"og:type\" content=\"article\" \/>\n<meta property=\"og:title\" content=\"Zapatero niega que sus asesor\u00edas tuvieran que ver con el rescate a Plus Ultra y dice que fueron \u201cconforme a la legalidad\u201d - vof-news.eu\" \/>\n<meta property=\"og:description\" content=\"Jos\u00e9 Luis Rodr\u00edguez Zapatero niega que sus trabajos de asesor\u00eda para la empresa An\u00e1lisis Relevante, de la que era propietario su amigo Julio Mart\u00ednez, que fue detenido hace unas semanas por presunta corrupci\u00f3n, tuvieran que ver con el rescate a la aerol\u00ednea Plus Ultra por parte del Gobierno durante la pandemia. El expresidente del Gobierno ha defendido que esos trabajos se desarrollaron \u201cconforme a la legalidad\u201d.\" \/>\n<meta property=\"og:url\" content=\"https:\/\/vof-news.eu\/es\/zapatero-niega-que-sus-asesorias-tuvieran-que-ver-con-el-rescate-a-plus-ultra-y-dice-que-fueron-conforme-a-la-legalidad\/\" \/>\n<meta property=\"og:site_name\" content=\"vof-news.eu\" \/>\n<meta property=\"article:published_time\" content=\"2026-02-03T20:18:19+00:00\" \/>\n<meta property=\"article:modified_time\" content=\"2026-02-03T20:18:36+00:00\" \/>\n<meta name=\"author\" content=\"Author\" \/>\n<meta name=\"twitter:card\" content=\"summary_large_image\" \/>\n<meta name=\"twitter:label1\" content=\"Escrito por\" \/>\n\t<meta name=\"twitter:data1\" content=\"Author\" \/>\n\t<meta name=\"twitter:label2\" content=\"Tiempo de lectura\" \/>\n\t<meta name=\"twitter:data2\" content=\"4 minutos\" \/>\n<script type=\"application\/ld+json\" class=\"yoast-schema-graph\">{\"@context\":\"https:\/\/schema.org\",\"@graph\":[{\"@type\":\"WebPage\",\"@id\":\"https:\/\/vof-news.eu\/es\/zapatero-niega-que-sus-asesorias-tuvieran-que-ver-con-el-rescate-a-plus-ultra-y-dice-que-fueron-conforme-a-la-legalidad\/\",\"url\":\"https:\/\/vof-news.eu\/es\/zapatero-niega-que-sus-asesorias-tuvieran-que-ver-con-el-rescate-a-plus-ultra-y-dice-que-fueron-conforme-a-la-legalidad\/\",\"name\":\"Zapatero niega que sus asesor\u00edas tuvieran que ver con el rescate a Plus Ultra y dice que fueron \u201cconforme a la legalidad\u201d - vof-news.eu\",\"isPartOf\":{\"@id\":\"https:\/\/vof-news.eu\/es\/#website\"},\"datePublished\":\"2026-02-03T20:18:19+00:00\",\"dateModified\":\"2026-02-03T20:18:36+00:00\",\"author\":{\"@id\":\"https:\/\/vof-news.eu\/es\/#\/schema\/person\/f6a2a4309f0561835797fd8c19b333ed\"},\"description\":\"Jos\u00e9 Luis Rodr\u00edguez Zapatero niega que sus trabajos de asesor\u00eda para la empresa An\u00e1lisis Relevante, de la que era propietario su amigo Julio Mart\u00ednez, que fue detenido hace unas semanas por presunta corrupci\u00f3n, tuvieran que ver con el rescate a la aerol\u00ednea Plus Ultra por parte del Gobierno durante la pandemia. El expresidente del Gobierno ha defendido que esos trabajos se desarrollaron \u201cconforme a la legalidad\u201d.\",\"breadcrumb\":{\"@id\":\"https:\/\/vof-news.eu\/es\/zapatero-niega-que-sus-asesorias-tuvieran-que-ver-con-el-rescate-a-plus-ultra-y-dice-que-fueron-conforme-a-la-legalidad\/#breadcrumb\"},\"inLanguage\":\"es\",\"potentialAction\":[{\"@type\":\"ReadAction\",\"target\":[\"https:\/\/vof-news.eu\/es\/zapatero-niega-que-sus-asesorias-tuvieran-que-ver-con-el-rescate-a-plus-ultra-y-dice-que-fueron-conforme-a-la-legalidad\/\"]}]},{\"@type\":\"BreadcrumbList\",\"@id\":\"https:\/\/vof-news.eu\/es\/zapatero-niega-que-sus-asesorias-tuvieran-que-ver-con-el-rescate-a-plus-ultra-y-dice-que-fueron-conforme-a-la-legalidad\/#breadcrumb\",\"itemListElement\":[{\"@type\":\"ListItem\",\"position\":1,\"name\":\"Home\",\"item\":\"https:\/\/vof-news.eu\/es\/\"},{\"@type\":\"ListItem\",\"position\":2,\"name\":\"Zapatero niega que sus asesor\u00edas tuvieran que ver con el rescate a Plus Ultra y dice que fueron \u201cconforme a la legalidad\u201d\"}]},{\"@type\":\"WebSite\",\"@id\":\"https:\/\/vof-news.eu\/es\/#website\",\"url\":\"https:\/\/vof-news.eu\/es\/\",\"name\":\"vof-news.eu\",\"description\":\"\",\"potentialAction\":[{\"@type\":\"SearchAction\",\"target\":{\"@type\":\"EntryPoint\",\"urlTemplate\":\"https:\/\/vof-news.eu\/es\/?s={search_term_string}\"},\"query-input\":\"required name=search_term_string\"}],\"inLanguage\":\"es\"},{\"@type\":\"Person\",\"@id\":\"https:\/\/vof-news.eu\/es\/#\/schema\/person\/f6a2a4309f0561835797fd8c19b333ed\",\"name\":\"Author\",\"image\":{\"@type\":\"ImageObject\",\"inLanguage\":\"es\",\"@id\":\"https:\/\/vof-news.eu\/es\/#\/schema\/person\/image\/\",\"url\":\"https:\/\/secure.gravatar.com\/avatar\/b67e614b1b25b3e9c0c239efdd2fde5ab015b5affd6f1c3c85911ca4b384e790?s=96&d=mm&r=g\",\"contentUrl\":\"https:\/\/secure.gravatar.com\/avatar\/b67e614b1b25b3e9c0c239efdd2fde5ab015b5affd6f1c3c85911ca4b384e790?s=96&d=mm&r=g\",\"caption\":\"Author\"},\"sameAs\":[\"http:\/\/vof-news.eu\"],\"url\":\"https:\/\/vof-news.eu\/es\/author\/zwt6qxnjulxbnyg\/\"}]}<\/script>\n<!-- \/ Yoast SEO plugin. -->","yoast_head_json":{"title":"Zapatero niega que sus asesor\u00edas tuvieran que ver con el rescate a Plus Ultra y dice que fueron \u201cconforme a la legalidad\u201d - vof-news.eu","description":"Jos\u00e9 Luis Rodr\u00edguez Zapatero niega que sus trabajos de asesor\u00eda para la empresa An\u00e1lisis Relevante, de la que era propietario su amigo Julio Mart\u00ednez, que fue detenido hace unas semanas por presunta corrupci\u00f3n, tuvieran que ver con el rescate a la aerol\u00ednea Plus Ultra por parte del Gobierno durante la pandemia. El expresidente del Gobierno ha defendido que esos trabajos se desarrollaron \u201cconforme a la legalidad\u201d.","robots":{"index":"noindex","follow":"follow","max-snippet":"max-snippet:-1","max-image-preview":"max-image-preview:large","max-video-preview":"max-video-preview:-1"},"og_locale":"es_ES","og_type":"article","og_title":"Zapatero niega que sus asesor\u00edas tuvieran que ver con el rescate a Plus Ultra y dice que fueron \u201cconforme a la legalidad\u201d - vof-news.eu","og_description":"Jos\u00e9 Luis Rodr\u00edguez Zapatero niega que sus trabajos de asesor\u00eda para la empresa An\u00e1lisis Relevante, de la que era propietario su amigo Julio Mart\u00ednez, que fue detenido hace unas semanas por presunta corrupci\u00f3n, tuvieran que ver con el rescate a la aerol\u00ednea Plus Ultra por parte del Gobierno durante la pandemia. El expresidente del Gobierno ha defendido que esos trabajos se desarrollaron \u201cconforme a la legalidad\u201d.","og_url":"https:\/\/vof-news.eu\/es\/zapatero-niega-que-sus-asesorias-tuvieran-que-ver-con-el-rescate-a-plus-ultra-y-dice-que-fueron-conforme-a-la-legalidad\/","og_site_name":"vof-news.eu","article_published_time":"2026-02-03T20:18:19+00:00","article_modified_time":"2026-02-03T20:18:36+00:00","author":"Author","twitter_card":"summary_large_image","twitter_misc":{"Escrito por":"Author","Tiempo de lectura":"4 minutos"},"schema":{"@context":"https:\/\/schema.org","@graph":[{"@type":"WebPage","@id":"https:\/\/vof-news.eu\/es\/zapatero-niega-que-sus-asesorias-tuvieran-que-ver-con-el-rescate-a-plus-ultra-y-dice-que-fueron-conforme-a-la-legalidad\/","url":"https:\/\/vof-news.eu\/es\/zapatero-niega-que-sus-asesorias-tuvieran-que-ver-con-el-rescate-a-plus-ultra-y-dice-que-fueron-conforme-a-la-legalidad\/","name":"Zapatero niega que sus asesor\u00edas tuvieran que ver con el rescate a Plus Ultra y dice que fueron \u201cconforme a la legalidad\u201d - vof-news.eu","isPartOf":{"@id":"https:\/\/vof-news.eu\/es\/#website"},"datePublished":"2026-02-03T20:18:19+00:00","dateModified":"2026-02-03T20:18:36+00:00","author":{"@id":"https:\/\/vof-news.eu\/es\/#\/schema\/person\/f6a2a4309f0561835797fd8c19b333ed"},"description":"Jos\u00e9 Luis Rodr\u00edguez Zapatero niega que sus trabajos de asesor\u00eda para la empresa An\u00e1lisis Relevante, de la que era propietario su amigo Julio Mart\u00ednez, que fue detenido hace unas semanas por presunta corrupci\u00f3n, tuvieran que ver con el rescate a la aerol\u00ednea Plus Ultra por parte del Gobierno durante la pandemia. El expresidente del Gobierno ha defendido que esos trabajos se desarrollaron \u201cconforme a la legalidad\u201d.","breadcrumb":{"@id":"https:\/\/vof-news.eu\/es\/zapatero-niega-que-sus-asesorias-tuvieran-que-ver-con-el-rescate-a-plus-ultra-y-dice-que-fueron-conforme-a-la-legalidad\/#breadcrumb"},"inLanguage":"es","potentialAction":[{"@type":"ReadAction","target":["https:\/\/vof-news.eu\/es\/zapatero-niega-que-sus-asesorias-tuvieran-que-ver-con-el-rescate-a-plus-ultra-y-dice-que-fueron-conforme-a-la-legalidad\/"]}]},{"@type":"BreadcrumbList","@id":"https:\/\/vof-news.eu\/es\/zapatero-niega-que-sus-asesorias-tuvieran-que-ver-con-el-rescate-a-plus-ultra-y-dice-que-fueron-conforme-a-la-legalidad\/#breadcrumb","itemListElement":[{"@type":"ListItem","position":1,"name":"Home","item":"https:\/\/vof-news.eu\/es\/"},{"@type":"ListItem","position":2,"name":"Zapatero niega que sus asesor\u00edas tuvieran que ver con el rescate a Plus Ultra y dice que fueron \u201cconforme a la legalidad\u201d"}]},{"@type":"WebSite","@id":"https:\/\/vof-news.eu\/es\/#website","url":"https:\/\/vof-news.eu\/es\/","name":"vof-news.eu","description":"","potentialAction":[{"@type":"SearchAction","target":{"@type":"EntryPoint","urlTemplate":"https:\/\/vof-news.eu\/es\/?s={search_term_string}"},"query-input":"required name=search_term_string"}],"inLanguage":"es"},{"@type":"Person","@id":"https:\/\/vof-news.eu\/es\/#\/schema\/person\/f6a2a4309f0561835797fd8c19b333ed","name":"Author","image":{"@type":"ImageObject","inLanguage":"es","@id":"https:\/\/vof-news.eu\/es\/#\/schema\/person\/image\/","url":"https:\/\/secure.gravatar.com\/avatar\/b67e614b1b25b3e9c0c239efdd2fde5ab015b5affd6f1c3c85911ca4b384e790?s=96&d=mm&r=g","contentUrl":"https:\/\/secure.gravatar.com\/avatar\/b67e614b1b25b3e9c0c239efdd2fde5ab015b5affd6f1c3c85911ca4b384e790?s=96&d=mm&r=g","caption":"Author"},"sameAs":["http:\/\/vof-news.eu"],"url":"https:\/\/vof-news.eu\/es\/author\/zwt6qxnjulxbnyg\/"}]}},"yoast_meta":{"yoast_wpseo_title":"","yoast_wpseo_metadesc":"","yoast_wpseo_canonical":""},"_links":{"self":[{"href":"https:\/\/vof-news.eu\/es\/wp-json\/wp\/v2\/posts\/323217","targetHints":{"allow":["GET"]}}],"collection":[{"href":"https:\/\/vof-news.eu\/es\/wp-json\/wp\/v2\/posts"}],"about":[{"href":"https:\/\/vof-news.eu\/es\/wp-json\/wp\/v2\/types\/post"}],"author":[{"embeddable":true,"href":"https:\/\/vof-news.eu\/es\/wp-json\/wp\/v2\/users\/1"}],"replies":[{"embeddable":true,"href":"https:\/\/vof-news.eu\/es\/wp-json\/wp\/v2\/comments?post=323217"}],"version-history":[{"count":1,"href":"https:\/\/vof-news.eu\/es\/wp-json\/wp\/v2\/posts\/323217\/revisions"}],"predecessor-version":[{"id":323218,"href":"https:\/\/vof-news.eu\/es\/wp-json\/wp\/v2\/posts\/323217\/revisions\/323218"}],"wp:attachment":[{"href":"https:\/\/vof-news.eu\/es\/wp-json\/wp\/v2\/media?parent=323217"}],"wp:term":[{"taxonomy":"category","embeddable":true,"href":"https:\/\/vof-news.eu\/es\/wp-json\/wp\/v2\/categories?post=323217"},{"taxonomy":"post_tag","embeddable":true,"href":"https:\/\/vof-news.eu\/es\/wp-json\/wp\/v2\/tags?post=323217"}],"curies":[{"name":"wp","href":"https:\/\/api.w.org\/{rel}","templated":true}]}}