{"id":323209,"date":"2026-02-03T23:17:12","date_gmt":"2026-02-03T20:17:12","guid":{"rendered":"https:\/\/vof-news.eu\/junts-anuncia-su-no-a-la-moratoria-antidesahucios-mientras-el-gobierno-logra-los-apoyos-para-las-pensiones\/"},"modified":"2026-02-03T23:17:46","modified_gmt":"2026-02-03T20:17:46","slug":"junts-anuncia-su-no-a-la-moratoria-antidesahucios-mientras-el-gobierno-logra-los-apoyos-para-las-pensiones","status":"publish","type":"post","link":"https:\/\/vof-news.eu\/es\/junts-anuncia-su-no-a-la-moratoria-antidesahucios-mientras-el-gobierno-logra-los-apoyos-para-las-pensiones\/","title":{"rendered":"Junts anuncia su &#8216;no&#8217; a la moratoria antidesahucios mientras el Gobierno logra los apoyos para las pensiones"},"content":{"rendered":"<div>\n<p>\n        A pesar de las negociaciones que el Gobierno labr\u00f3 hasta el \u00faltimo momento este martes, el decreto del escudo social caer\u00e1 con toda probabilidad por la negativa de Junts. La soluci\u00f3n que hab\u00eda encontrado Moncloa para combinar los intereses de la complicada mayor\u00eda que lo apoya fue formular la pr\u00f3xima votaci\u00f3n en <a href=\"https:\/\/www.eldiario.es\/economia\/cambia-mantiene-nuevo-escudo-social-desahucios-bono-social-ayudas-dana-incendios_1_12958350.html\" rel=\"nofollow\">dos decretos<\/a>. Por un lado, la revalorizaci\u00f3n de las jubilaciones, que cuenta con respaldo suficiente y, por otro, el resto de las medidas. Pero a pesar de los cambios introducidos en estas \u00faltimas horas, los independentistas catalanes trasladan que votar\u00e1n en contra de ese segundo decreto, que contiene la moratoria para suspender los desahucios a familias vulnerables. Moncloa a\u00fan conf\u00eda en las \u00faltimas horas y se\u00f1ala: \u201cPartido a partido\u201d.\n    <\/p>\n<p>\n        Durante el fin de semana y, sobre todo, a lo largo del lunes, los negociadores del Gobierno <a href=\"https:\/\/www.eldiario.es\/politica\/sanchez-multiplica-gestos-rearmar-mayoria-investidura-vistas-presupuestos_1_12949910.html\" rel=\"nofollow\">multiplicaron las conversaciones<\/a> con sus socios para intentar encontrar una salida pol\u00edtica a la votaci\u00f3n de la semana pasada en el Congreso. Pedro S\u00e1nchez llev\u00f3 en un mismo decreto, igual que en a\u00f1os anteriores, la<a href=\"https:\/\/www.eldiario.es\/politica\/pp-vox-junts-tumban-subida-pensiones-prorroga-escudo-social_1_12938910.html\" rel=\"nofollow\"> revalorizaci\u00f3n de las pensiones al 2,7%<\/a> al lado de un paquete de medidas diversas, agrupadas en el denominado escudo social, que abarcan desde ayudas a los afectados para la dana a la prohibici\u00f3n del corte de suministro para consumidores vulnerables.\u00a0\n    <\/p>\n<p>\n        Pero en el compendio de medidas, hab\u00eda una que escamaba especialmente a la derecha, movilizada en los \u00faltimos a\u00f1os por el supuesto problema de la okupaci\u00f3n. El decreto conten\u00eda una protecci\u00f3n contra las personas vulnerables que no pueden pagar el alquiler para evitar que sean desahuciadas, una medida que se implement\u00f3 en la pasada legislatura y se ha ido postergando mediante decretos todos estos a\u00f1os. Tanto el PP como Junts pusieron esa protecci\u00f3n como excusa para <a href=\"https:\/\/www.eldiario.es\/politica\/pp-vox-junts-tumban-subida-pensiones-prorroga-escudo-social_1_12938910.html\" rel=\"nofollow\">votar en contra <\/a>de las pensiones y forzar al Ejecutivo a reformular su estrategia.\u00a0\n    <\/p>\n<p>\n        Por eso en las \u00faltimas horas, el PSOE estuvo en conversaci\u00f3n a varias bandas para tratar de encontrar una soluci\u00f3n asumible para todas las partes del ecl\u00e9ctico bloque de investidura, desde Podemos hasta Junts. Una v\u00eda que estuvo encima de la mesa en los primeros compases fue la de separar las medidas, pero de una forma distinta: un bloque con las pensiones y la mayor parte del escudo social y otro decreto aparte con la moratoria antidesahucios.\u00a0\n    <\/p>\n<p>\n        Una f\u00f3rmula que no convenc\u00eda a Sumar, que trat\u00f3 hasta poco antes del Consejo de Ministros de<a href=\"https:\/\/www.eldiario.es\/politica\/gobierno-trabaja-aprobar-martes-nuevo-subida-pensiones_1_12957075.html\" rel=\"nofollow\"> incorporar la moratoria<\/a> al resto del escudo social. En la coalici\u00f3n de Yolanda D\u00edaz ten\u00edan claro que si el Gobierno llevaba un decreto separado con la protecci\u00f3n contra los desahucios, la derecha tendr\u00eda muy sencillo tumbarlo. \u201cEra muy importante que esa medida no se desgajara del escudo social para no facilitar a la derecha tumbarlo\u201d, celebr\u00f3 el ministro de Cultura, Ernest Urtasun, tras la aprobaci\u00f3n de los dos paquetes.\u00a0\n    <\/p>\n<p>\n        El Gobierno ha conseguido as\u00ed salvar al menos uno de los dos decretos, el que contiene la revalorizaci\u00f3n de las pensiones, que al votarse de forma separada al resto de medidas contar\u00e1 con el apoyo de Junts y a la espera del PP, que <a href=\"https:\/\/www.eldiario.es\/politica\/feijoo-critica-acuerdo-pnv-gobierno-desahucios-derecho-constitucional-queda-anulado_1_12958814.html\" rel=\"nofollow\">no ha desvelado<\/a> todav\u00eda qu\u00e9 har\u00e1 cuando se voten ambos decretos en el Congreso. El partido de Alberto N\u00fa\u00f1ez Feij\u00f3o tambi\u00e9n hab\u00eda pedido una votaci\u00f3n separada de las medidas.\n    <\/p>\n<p>\n        Lo que no ha conseguido resolver el Gobierno de momento es el apoyo para el escudo social, sumido en la disyuntiva sempiterna de la legislatura entre la izquierda y la derecha del bloque de investidura, la tensi\u00f3n ideol\u00f3gica entre Podemos y Junts.\u00a0\n    <\/p>\n<p>\n        El Ejecutivo intent\u00f3 una v\u00eda intermedia a trav\u00e9s del <a href=\"https:\/\/www.eldiario.es\/politica\/pnv-pacta-gobierno-moratoria-antidesahucios-excluya-propietarios-sola-vivienda-alquiler_1_12957844.html\" rel=\"nofollow\">Partido Nacionalista Vasco <\/a>para atraer a los independentistas catalanes. Los nacionalistas anunciaron a primera hora un acuerdo para <a href=\"https:\/\/www.eldiario.es\/economia\/cambia-mantiene-nuevo-escudo-social-desahucios-bono-social-ayudas-dana-incendios_1_12958350.html\" rel=\"nofollow\">suavizar la protecci\u00f3n<\/a> contra los desahucios y excluir a los propietarios de hasta dos viviendas (una para residencia habitual y una para alquiler). Seg\u00fan el grupo vasco, ser\u00e1 el Gobierno el encargado de ofrecer una alternativa habitacional para estos inquilinos. Aunque en Moncloa no saben cuantificar a cu\u00e1nta gente dejar\u00e1 desprotegida esta medida, el ministro Urtasun asegur\u00f3 este martes que se trata de una parte \u201cmuy peque\u00f1a\u201d del mercado.\u00a0\n    <\/p>\n<p>\n        El anuncio soliviant\u00f3 a Podemos, que lleg\u00f3 a calificar el acuerdo de \u201ccriminal\u201d. \u201cA consecuencia de este pacto criminal va a haber muchas personas desprotegidas\u201d, dijo la secretaria general del partido, Ione Belarra, que no adelant\u00f3 su posici\u00f3n sobre el decreto hasta ver la letra del decreto, aunque advirti\u00f3 que lo que han escuchado no les suena bien.\n    <\/p>\n<p>\n        Pero tampoco con esta v\u00eda el Gobierno ha asegurado el apoyo de Junts, que en voz de su portavoz en el Congreso, M\u00edriam Nogueras, calific\u00f3 lo anunciado de \u201ctiritas\u201d. Fuentes del partido confirman a este diario que votar\u00e1n en contra de la medida, con lo que, salvo una ayuda inopinada del PP, el decreto caer\u00e1 en el Congreso.\n    <\/p>\n<h2>Moncloa conf\u00eda en amarrar los apoyos<\/h2>\n<p>\n        La portavoz del Gobierno, Elma Saiz, evit\u00f3 dar por hecho que el Gobierno cuenta con los <a href=\"https:\/\/www.eldiario.es\/politica\/gobierno-no-aclara-si-apoyos-sacar-adelante-escudo-social_1_12959086.html\" rel=\"nofollow\">apoyos suficientes<\/a> para que el decreto salga adelante. No obstante, en Moncloa confiaba este martes en que los tenga tras haber rebajado la ambici\u00f3n al limitar la prohibici\u00f3n y dejar fuera a los casos en los que los propietarios tengan una o dos viviendas. \u201cIntentamos llegar a un texto que concite el mayor apoyo parlamentario posible\u201d, se\u00f1alaban fuentes gubernamentales sobre las modificaciones que se han incluido para seducir al PNV, y tambi\u00e9n a Junts, antes de conocer su negativa.\n    <\/p>\n<p>\n        Lo que dejan sin responder es si convencer\u00e1n a Podemos dadas las cr\u00edticas por los cambios. \u201cHablamos antes, durante y despu\u00e9s\u201d, se limitan a decir en Moncloa, donde consideran, no obstante, que el decreto tiene ahora m\u00e1s posibilidades de salir adelante que la semana pasada, cuando se top\u00f3 con el rechazo de los neoconvergentes: \u201cHemos hablado con todos los grupos menos con Junts. Se ha hecho lo que consideramos que ten\u00eda m\u00e1s consenso\u201d.\u00a0\n    <\/p>\n<p>\n        \u201cLlevamos unas medidas con un dise\u00f1o que no salieron, y hemos aprobado unas medidas que esperamos que conciten la mayor\u00eda parlamentaria. Llevamos una propuesta que creemos que convence\u201d, se\u00f1alan esas fuentes que lanzan la pelota al tejado de los grupos que ahora muestran reticencias: \u201cAquellos que vayan a votar que no son los que tienen que dar las explicaciones\u201d.\u00a0\n    <\/p>\n<p>\n        Eso vale tanto para Junts, si se mantiene en el \u2018no\u2019, como para Podemos, si sus cr\u00edticas se convierten en un voto negativo, pero p\u00fablicamente las tintas las cargan contra el PP. \u201cYo preguntar\u00eda, por ejemplo, al Partido Popular, \u00bfqu\u00e9 le parece mal? \u00bfQu\u00e9 le parece mal de proteger a los m\u00e1s vulnerables, por ejemplo, para hacer frente a la factura de la luz o del agua?\u201d, ha preguntado la portavoz.\n    <\/p>\n<\/div>\n","protected":false},"excerpt":{"rendered":"<p>A pesar de las negociaciones que el Gobierno labr\u00f3 hasta el \u00faltimo momento este martes, el decreto del escudo social caer\u00e1 con toda probabilidad por la negativa de Junts. La soluci\u00f3n que hab\u00eda encontrado Moncloa para combinar los intereses de la complicada mayor\u00eda que lo apoya fue formular la pr\u00f3xima votaci\u00f3n en dos decretos. Por<\/p>\n","protected":false},"author":1,"featured_media":323210,"comment_status":"open","ping_status":"open","sticky":false,"template":"","format":"standard","meta":{"footnotes":""},"categories":[71],"tags":[],"class_list":["post-323209","post","type-post","status-publish","format-standard","has-post-thumbnail","hentry","category-politics-es"],"acf":[],"yoast_head":"<!-- This site is optimized with the Yoast SEO plugin v22.9 - https:\/\/yoast.com\/wordpress\/plugins\/seo\/ -->\n<title>Junts anuncia su &#039;no&#039; a la moratoria antidesahucios mientras el Gobierno logra los apoyos para las pensiones - vof-news.eu<\/title>\n<meta name=\"description\" content=\"A pesar de las negociaciones que el Gobierno labr\u00f3 hasta el \u00faltimo momento este martes, el decreto del escudo social caer\u00e1 con toda probabilidad por la negativa de Junts. La soluci\u00f3n que hab\u00eda encontrado Moncloa para combinar los intereses de la complicada mayor\u00eda que lo apoya fue formular la pr\u00f3xima votaci\u00f3n en dos decretos. Por un lado, la revalorizaci\u00f3n de las jubilaciones, que cuenta con respaldo suficiente y, por otro, el resto de las medidas. Pero a pesar de los cambios introducidos en estas \u00faltimas horas, los independentistas catalanes trasladan que votar\u00e1n en contra de ese segundo decreto, que contiene la moratoria para suspender los desahucios a familias vulnerables. Moncloa a\u00fan conf\u00eda en las \u00faltimas horas y se\u00f1ala: \u201cPartido a partido\u201d.\" \/>\n<meta name=\"robots\" content=\"noindex, follow, max-snippet:-1, max-image-preview:large, max-video-preview:-1\" \/>\n<meta property=\"og:locale\" content=\"es_ES\" \/>\n<meta property=\"og:type\" content=\"article\" \/>\n<meta property=\"og:title\" content=\"Junts anuncia su &#039;no&#039; a la moratoria antidesahucios mientras el Gobierno logra los apoyos para las pensiones - vof-news.eu\" \/>\n<meta property=\"og:description\" content=\"A pesar de las negociaciones que el Gobierno labr\u00f3 hasta el \u00faltimo momento este martes, el decreto del escudo social caer\u00e1 con toda probabilidad por la negativa de Junts. La soluci\u00f3n que hab\u00eda encontrado Moncloa para combinar los intereses de la complicada mayor\u00eda que lo apoya fue formular la pr\u00f3xima votaci\u00f3n en dos decretos. Por un lado, la revalorizaci\u00f3n de las jubilaciones, que cuenta con respaldo suficiente y, por otro, el resto de las medidas. Pero a pesar de los cambios introducidos en estas \u00faltimas horas, los independentistas catalanes trasladan que votar\u00e1n en contra de ese segundo decreto, que contiene la moratoria para suspender los desahucios a familias vulnerables. Moncloa a\u00fan conf\u00eda en las \u00faltimas horas y se\u00f1ala: \u201cPartido a partido\u201d.\" \/>\n<meta property=\"og:url\" content=\"https:\/\/vof-news.eu\/es\/junts-anuncia-su-no-a-la-moratoria-antidesahucios-mientras-el-gobierno-logra-los-apoyos-para-las-pensiones\/\" \/>\n<meta property=\"og:site_name\" content=\"vof-news.eu\" \/>\n<meta property=\"article:published_time\" content=\"2026-02-03T20:17:12+00:00\" \/>\n<meta property=\"article:modified_time\" content=\"2026-02-03T20:17:46+00:00\" \/>\n<meta property=\"og:image\" content=\"https:\/\/vof-news.eu\/wp-content\/uploads\/2026\/02\/b9e0c7ab-f11d-49e3-9e63-7a50a4b0ce54_16-9-discover-aspect-ratio_default_0_x3112y350.jpg\" \/>\n\t<meta property=\"og:image:width\" content=\"1200\" \/>\n\t<meta property=\"og:image:height\" content=\"675\" \/>\n\t<meta property=\"og:image:type\" content=\"image\/jpeg\" \/>\n<meta name=\"author\" content=\"Author\" \/>\n<meta name=\"twitter:card\" content=\"summary_large_image\" \/>\n<meta name=\"twitter:label1\" content=\"Escrito por\" \/>\n\t<meta name=\"twitter:data1\" content=\"Author\" \/>\n\t<meta name=\"twitter:label2\" content=\"Tiempo de lectura\" \/>\n\t<meta name=\"twitter:data2\" content=\"6 minutos\" \/>\n<script type=\"application\/ld+json\" class=\"yoast-schema-graph\">{\"@context\":\"https:\/\/schema.org\",\"@graph\":[{\"@type\":\"WebPage\",\"@id\":\"https:\/\/vof-news.eu\/es\/junts-anuncia-su-no-a-la-moratoria-antidesahucios-mientras-el-gobierno-logra-los-apoyos-para-las-pensiones\/\",\"url\":\"https:\/\/vof-news.eu\/es\/junts-anuncia-su-no-a-la-moratoria-antidesahucios-mientras-el-gobierno-logra-los-apoyos-para-las-pensiones\/\",\"name\":\"Junts anuncia su 'no' a la moratoria antidesahucios mientras el Gobierno logra los apoyos para las pensiones - vof-news.eu\",\"isPartOf\":{\"@id\":\"https:\/\/vof-news.eu\/es\/#website\"},\"primaryImageOfPage\":{\"@id\":\"https:\/\/vof-news.eu\/es\/junts-anuncia-su-no-a-la-moratoria-antidesahucios-mientras-el-gobierno-logra-los-apoyos-para-las-pensiones\/#primaryimage\"},\"image\":{\"@id\":\"https:\/\/vof-news.eu\/es\/junts-anuncia-su-no-a-la-moratoria-antidesahucios-mientras-el-gobierno-logra-los-apoyos-para-las-pensiones\/#primaryimage\"},\"thumbnailUrl\":\"https:\/\/vof-news.eu\/wp-content\/uploads\/2026\/02\/b9e0c7ab-f11d-49e3-9e63-7a50a4b0ce54_16-9-discover-aspect-ratio_default_0_x3112y350.jpg\",\"datePublished\":\"2026-02-03T20:17:12+00:00\",\"dateModified\":\"2026-02-03T20:17:46+00:00\",\"author\":{\"@id\":\"https:\/\/vof-news.eu\/es\/#\/schema\/person\/f6a2a4309f0561835797fd8c19b333ed\"},\"description\":\"A pesar de las negociaciones que el Gobierno labr\u00f3 hasta el \u00faltimo momento este martes, el decreto del escudo social caer\u00e1 con toda probabilidad por la negativa de Junts. La soluci\u00f3n que hab\u00eda encontrado Moncloa para combinar los intereses de la complicada mayor\u00eda que lo apoya fue formular la pr\u00f3xima votaci\u00f3n en dos decretos. Por un lado, la revalorizaci\u00f3n de las jubilaciones, que cuenta con respaldo suficiente y, por otro, el resto de las medidas. Pero a pesar de los cambios introducidos en estas \u00faltimas horas, los independentistas catalanes trasladan que votar\u00e1n en contra de ese segundo decreto, que contiene la moratoria para suspender los desahucios a familias vulnerables. Moncloa a\u00fan conf\u00eda en las \u00faltimas horas y se\u00f1ala: \u201cPartido a partido\u201d.\",\"breadcrumb\":{\"@id\":\"https:\/\/vof-news.eu\/es\/junts-anuncia-su-no-a-la-moratoria-antidesahucios-mientras-el-gobierno-logra-los-apoyos-para-las-pensiones\/#breadcrumb\"},\"inLanguage\":\"es\",\"potentialAction\":[{\"@type\":\"ReadAction\",\"target\":[\"https:\/\/vof-news.eu\/es\/junts-anuncia-su-no-a-la-moratoria-antidesahucios-mientras-el-gobierno-logra-los-apoyos-para-las-pensiones\/\"]}]},{\"@type\":\"ImageObject\",\"inLanguage\":\"es\",\"@id\":\"https:\/\/vof-news.eu\/es\/junts-anuncia-su-no-a-la-moratoria-antidesahucios-mientras-el-gobierno-logra-los-apoyos-para-las-pensiones\/#primaryimage\",\"url\":\"https:\/\/vof-news.eu\/wp-content\/uploads\/2026\/02\/b9e0c7ab-f11d-49e3-9e63-7a50a4b0ce54_16-9-discover-aspect-ratio_default_0_x3112y350.jpg\",\"contentUrl\":\"https:\/\/vof-news.eu\/wp-content\/uploads\/2026\/02\/b9e0c7ab-f11d-49e3-9e63-7a50a4b0ce54_16-9-discover-aspect-ratio_default_0_x3112y350.jpg\",\"width\":1200,\"height\":675},{\"@type\":\"BreadcrumbList\",\"@id\":\"https:\/\/vof-news.eu\/es\/junts-anuncia-su-no-a-la-moratoria-antidesahucios-mientras-el-gobierno-logra-los-apoyos-para-las-pensiones\/#breadcrumb\",\"itemListElement\":[{\"@type\":\"ListItem\",\"position\":1,\"name\":\"Home\",\"item\":\"https:\/\/vof-news.eu\/es\/\"},{\"@type\":\"ListItem\",\"position\":2,\"name\":\"Junts anuncia su &#8216;no&#8217; a la moratoria antidesahucios mientras el Gobierno logra los apoyos para las pensiones\"}]},{\"@type\":\"WebSite\",\"@id\":\"https:\/\/vof-news.eu\/es\/#website\",\"url\":\"https:\/\/vof-news.eu\/es\/\",\"name\":\"vof-news.eu\",\"description\":\"\",\"potentialAction\":[{\"@type\":\"SearchAction\",\"target\":{\"@type\":\"EntryPoint\",\"urlTemplate\":\"https:\/\/vof-news.eu\/es\/?s={search_term_string}\"},\"query-input\":\"required name=search_term_string\"}],\"inLanguage\":\"es\"},{\"@type\":\"Person\",\"@id\":\"https:\/\/vof-news.eu\/es\/#\/schema\/person\/f6a2a4309f0561835797fd8c19b333ed\",\"name\":\"Author\",\"image\":{\"@type\":\"ImageObject\",\"inLanguage\":\"es\",\"@id\":\"https:\/\/vof-news.eu\/es\/#\/schema\/person\/image\/\",\"url\":\"https:\/\/secure.gravatar.com\/avatar\/b67e614b1b25b3e9c0c239efdd2fde5ab015b5affd6f1c3c85911ca4b384e790?s=96&d=mm&r=g\",\"contentUrl\":\"https:\/\/secure.gravatar.com\/avatar\/b67e614b1b25b3e9c0c239efdd2fde5ab015b5affd6f1c3c85911ca4b384e790?s=96&d=mm&r=g\",\"caption\":\"Author\"},\"sameAs\":[\"http:\/\/vof-news.eu\"],\"url\":\"https:\/\/vof-news.eu\/es\/author\/zwt6qxnjulxbnyg\/\"}]}<\/script>\n<!-- \/ Yoast SEO plugin. -->","yoast_head_json":{"title":"Junts anuncia su 'no' a la moratoria antidesahucios mientras el Gobierno logra los apoyos para las pensiones - vof-news.eu","description":"A pesar de las negociaciones que el Gobierno labr\u00f3 hasta el \u00faltimo momento este martes, el decreto del escudo social caer\u00e1 con toda probabilidad por la negativa de Junts. La soluci\u00f3n que hab\u00eda encontrado Moncloa para combinar los intereses de la complicada mayor\u00eda que lo apoya fue formular la pr\u00f3xima votaci\u00f3n en dos decretos. Por un lado, la revalorizaci\u00f3n de las jubilaciones, que cuenta con respaldo suficiente y, por otro, el resto de las medidas. Pero a pesar de los cambios introducidos en estas \u00faltimas horas, los independentistas catalanes trasladan que votar\u00e1n en contra de ese segundo decreto, que contiene la moratoria para suspender los desahucios a familias vulnerables. Moncloa a\u00fan conf\u00eda en las \u00faltimas horas y se\u00f1ala: \u201cPartido a partido\u201d.","robots":{"index":"noindex","follow":"follow","max-snippet":"max-snippet:-1","max-image-preview":"max-image-preview:large","max-video-preview":"max-video-preview:-1"},"og_locale":"es_ES","og_type":"article","og_title":"Junts anuncia su 'no' a la moratoria antidesahucios mientras el Gobierno logra los apoyos para las pensiones - vof-news.eu","og_description":"A pesar de las negociaciones que el Gobierno labr\u00f3 hasta el \u00faltimo momento este martes, el decreto del escudo social caer\u00e1 con toda probabilidad por la negativa de Junts. La soluci\u00f3n que hab\u00eda encontrado Moncloa para combinar los intereses de la complicada mayor\u00eda que lo apoya fue formular la pr\u00f3xima votaci\u00f3n en dos decretos. Por un lado, la revalorizaci\u00f3n de las jubilaciones, que cuenta con respaldo suficiente y, por otro, el resto de las medidas. Pero a pesar de los cambios introducidos en estas \u00faltimas horas, los independentistas catalanes trasladan que votar\u00e1n en contra de ese segundo decreto, que contiene la moratoria para suspender los desahucios a familias vulnerables. Moncloa a\u00fan conf\u00eda en las \u00faltimas horas y se\u00f1ala: \u201cPartido a partido\u201d.","og_url":"https:\/\/vof-news.eu\/es\/junts-anuncia-su-no-a-la-moratoria-antidesahucios-mientras-el-gobierno-logra-los-apoyos-para-las-pensiones\/","og_site_name":"vof-news.eu","article_published_time":"2026-02-03T20:17:12+00:00","article_modified_time":"2026-02-03T20:17:46+00:00","og_image":[{"width":1200,"height":675,"url":"https:\/\/vof-news.eu\/wp-content\/uploads\/2026\/02\/b9e0c7ab-f11d-49e3-9e63-7a50a4b0ce54_16-9-discover-aspect-ratio_default_0_x3112y350.jpg","type":"image\/jpeg"}],"author":"Author","twitter_card":"summary_large_image","twitter_misc":{"Escrito por":"Author","Tiempo de lectura":"6 minutos"},"schema":{"@context":"https:\/\/schema.org","@graph":[{"@type":"WebPage","@id":"https:\/\/vof-news.eu\/es\/junts-anuncia-su-no-a-la-moratoria-antidesahucios-mientras-el-gobierno-logra-los-apoyos-para-las-pensiones\/","url":"https:\/\/vof-news.eu\/es\/junts-anuncia-su-no-a-la-moratoria-antidesahucios-mientras-el-gobierno-logra-los-apoyos-para-las-pensiones\/","name":"Junts anuncia su 'no' a la moratoria antidesahucios mientras el Gobierno logra los apoyos para las pensiones - vof-news.eu","isPartOf":{"@id":"https:\/\/vof-news.eu\/es\/#website"},"primaryImageOfPage":{"@id":"https:\/\/vof-news.eu\/es\/junts-anuncia-su-no-a-la-moratoria-antidesahucios-mientras-el-gobierno-logra-los-apoyos-para-las-pensiones\/#primaryimage"},"image":{"@id":"https:\/\/vof-news.eu\/es\/junts-anuncia-su-no-a-la-moratoria-antidesahucios-mientras-el-gobierno-logra-los-apoyos-para-las-pensiones\/#primaryimage"},"thumbnailUrl":"https:\/\/vof-news.eu\/wp-content\/uploads\/2026\/02\/b9e0c7ab-f11d-49e3-9e63-7a50a4b0ce54_16-9-discover-aspect-ratio_default_0_x3112y350.jpg","datePublished":"2026-02-03T20:17:12+00:00","dateModified":"2026-02-03T20:17:46+00:00","author":{"@id":"https:\/\/vof-news.eu\/es\/#\/schema\/person\/f6a2a4309f0561835797fd8c19b333ed"},"description":"A pesar de las negociaciones que el Gobierno labr\u00f3 hasta el \u00faltimo momento este martes, el decreto del escudo social caer\u00e1 con toda probabilidad por la negativa de Junts. La soluci\u00f3n que hab\u00eda encontrado Moncloa para combinar los intereses de la complicada mayor\u00eda que lo apoya fue formular la pr\u00f3xima votaci\u00f3n en dos decretos. Por un lado, la revalorizaci\u00f3n de las jubilaciones, que cuenta con respaldo suficiente y, por otro, el resto de las medidas. Pero a pesar de los cambios introducidos en estas \u00faltimas horas, los independentistas catalanes trasladan que votar\u00e1n en contra de ese segundo decreto, que contiene la moratoria para suspender los desahucios a familias vulnerables. Moncloa a\u00fan conf\u00eda en las \u00faltimas horas y se\u00f1ala: \u201cPartido a partido\u201d.","breadcrumb":{"@id":"https:\/\/vof-news.eu\/es\/junts-anuncia-su-no-a-la-moratoria-antidesahucios-mientras-el-gobierno-logra-los-apoyos-para-las-pensiones\/#breadcrumb"},"inLanguage":"es","potentialAction":[{"@type":"ReadAction","target":["https:\/\/vof-news.eu\/es\/junts-anuncia-su-no-a-la-moratoria-antidesahucios-mientras-el-gobierno-logra-los-apoyos-para-las-pensiones\/"]}]},{"@type":"ImageObject","inLanguage":"es","@id":"https:\/\/vof-news.eu\/es\/junts-anuncia-su-no-a-la-moratoria-antidesahucios-mientras-el-gobierno-logra-los-apoyos-para-las-pensiones\/#primaryimage","url":"https:\/\/vof-news.eu\/wp-content\/uploads\/2026\/02\/b9e0c7ab-f11d-49e3-9e63-7a50a4b0ce54_16-9-discover-aspect-ratio_default_0_x3112y350.jpg","contentUrl":"https:\/\/vof-news.eu\/wp-content\/uploads\/2026\/02\/b9e0c7ab-f11d-49e3-9e63-7a50a4b0ce54_16-9-discover-aspect-ratio_default_0_x3112y350.jpg","width":1200,"height":675},{"@type":"BreadcrumbList","@id":"https:\/\/vof-news.eu\/es\/junts-anuncia-su-no-a-la-moratoria-antidesahucios-mientras-el-gobierno-logra-los-apoyos-para-las-pensiones\/#breadcrumb","itemListElement":[{"@type":"ListItem","position":1,"name":"Home","item":"https:\/\/vof-news.eu\/es\/"},{"@type":"ListItem","position":2,"name":"Junts anuncia su &#8216;no&#8217; a la moratoria antidesahucios mientras el Gobierno logra los apoyos para las pensiones"}]},{"@type":"WebSite","@id":"https:\/\/vof-news.eu\/es\/#website","url":"https:\/\/vof-news.eu\/es\/","name":"vof-news.eu","description":"","potentialAction":[{"@type":"SearchAction","target":{"@type":"EntryPoint","urlTemplate":"https:\/\/vof-news.eu\/es\/?s={search_term_string}"},"query-input":"required name=search_term_string"}],"inLanguage":"es"},{"@type":"Person","@id":"https:\/\/vof-news.eu\/es\/#\/schema\/person\/f6a2a4309f0561835797fd8c19b333ed","name":"Author","image":{"@type":"ImageObject","inLanguage":"es","@id":"https:\/\/vof-news.eu\/es\/#\/schema\/person\/image\/","url":"https:\/\/secure.gravatar.com\/avatar\/b67e614b1b25b3e9c0c239efdd2fde5ab015b5affd6f1c3c85911ca4b384e790?s=96&d=mm&r=g","contentUrl":"https:\/\/secure.gravatar.com\/avatar\/b67e614b1b25b3e9c0c239efdd2fde5ab015b5affd6f1c3c85911ca4b384e790?s=96&d=mm&r=g","caption":"Author"},"sameAs":["http:\/\/vof-news.eu"],"url":"https:\/\/vof-news.eu\/es\/author\/zwt6qxnjulxbnyg\/"}]}},"yoast_meta":{"yoast_wpseo_title":"","yoast_wpseo_metadesc":"","yoast_wpseo_canonical":""},"_links":{"self":[{"href":"https:\/\/vof-news.eu\/es\/wp-json\/wp\/v2\/posts\/323209","targetHints":{"allow":["GET"]}}],"collection":[{"href":"https:\/\/vof-news.eu\/es\/wp-json\/wp\/v2\/posts"}],"about":[{"href":"https:\/\/vof-news.eu\/es\/wp-json\/wp\/v2\/types\/post"}],"author":[{"embeddable":true,"href":"https:\/\/vof-news.eu\/es\/wp-json\/wp\/v2\/users\/1"}],"replies":[{"embeddable":true,"href":"https:\/\/vof-news.eu\/es\/wp-json\/wp\/v2\/comments?post=323209"}],"version-history":[{"count":1,"href":"https:\/\/vof-news.eu\/es\/wp-json\/wp\/v2\/posts\/323209\/revisions"}],"predecessor-version":[{"id":323216,"href":"https:\/\/vof-news.eu\/es\/wp-json\/wp\/v2\/posts\/323209\/revisions\/323216"}],"wp:featuredmedia":[{"embeddable":true,"href":"https:\/\/vof-news.eu\/es\/wp-json\/wp\/v2\/media\/323210"}],"wp:attachment":[{"href":"https:\/\/vof-news.eu\/es\/wp-json\/wp\/v2\/media?parent=323209"}],"wp:term":[{"taxonomy":"category","embeddable":true,"href":"https:\/\/vof-news.eu\/es\/wp-json\/wp\/v2\/categories?post=323209"},{"taxonomy":"post_tag","embeddable":true,"href":"https:\/\/vof-news.eu\/es\/wp-json\/wp\/v2\/tags?post=323209"}],"curies":[{"name":"wp","href":"https:\/\/api.w.org\/{rel}","templated":true}]}}