{"id":323124,"date":"2026-02-03T19:17:10","date_gmt":"2026-02-03T16:17:10","guid":{"rendered":"https:\/\/vof-news.eu\/abascal-asegura-que-la-soberania-de-groenlandia-no-le-preocupa-a-ningun-espanol\/"},"modified":"2026-02-03T19:17:33","modified_gmt":"2026-02-03T16:17:33","slug":"abascal-asegura-que-la-soberania-de-groenlandia-no-le-preocupa-a-ningun-espanol","status":"publish","type":"post","link":"https:\/\/vof-news.eu\/es\/abascal-asegura-que-la-soberania-de-groenlandia-no-le-preocupa-a-ningun-espanol\/","title":{"rendered":"Abascal asegura que la soberan\u00eda de Groenlandia \u201cno le preocupa a ning\u00fan espa\u00f1ol\u201d"},"content":{"rendered":"<div>\n<p>\n        La divisi\u00f3n de la ultraderecha europea es patente alrededor de las obsesiones expansionistas del presidente de EEUU, Donald Trump, por Groenlandia. Si para los l\u00edderes de la formaci\u00f3n francesa Rassemblement National, Marine Le Pen y Joan Bardella, la intenci\u00f3n de Trump con el territorio dan\u00e9s es \u201cuna prueba de poder y de verdad que plantea una clara elecci\u00f3n entre aceptar el vasallaje o volver a ser actores soberanos, capaces de defender nuestros intereses y nuestra integridad\u201d, para el presidente del partido de ultraderecha Vox, Santiago Abascal,  la soberan\u00eda de Groenlandia es \u201cun tema que no preocupa a los espa\u00f1oles\u201d.\n    <\/p>\n<p>\n        Abascal se encuentra en la C\u00e1mara europea para asistir a un encuentro de la extrema derecha internacional organizado por la asociaci\u00f3n ultra Red Pol\u00edtica de Valores y las fundaciones de los grupos pol\u00edticos Patriots y ERC. Rassemblement National pertenece al grupo Patriots, aporta la mayor cuota de europarlamentarios, pero no participa en el encuentro. En el grupo parlamentario en el que est\u00e1 integrado Vox tambi\u00e9n hay un partido dan\u00e9s, el Partido Popular Dan\u00e9s, que cuenta con un eurodiputado. A pesar de la clara diferencia de posiciones, Abascal ha insistido en que \u201cno hay ninguna divisi\u00f3n en absoluto. Cada uno tiene su criterio. Nosotros somos partidos soberanistas, que respetamos la posici\u00f3n que tienen los partidos aliados. Probablemente en Francia este es un asunto que les preocupa mucho\u201d.\n    <\/p>\n<p>\n        Aunque el l\u00edder de Vox asegura que su partido y los que se integran en Patriots son soberanistas tambi\u00e9n ha ubicado el conflicto de Groenlandia en una supuesta confabulaci\u00f3n de los medios de comunicaci\u00f3n. \u201cNos parece que el hecho de que las televisiones p\u00fablicas espa\u00f1olas y algunas privadas hayan estado hablando de Groenlandia o de Julio Iglesias, como si este fuera el principal problema de los espa\u00f1oles, responde tambi\u00e9n a un fraude en la comunicaci\u00f3n en Espa\u00f1a y nosotros no vamos a contribuir a eso, porque, insisto, creemos que no preocupa a ning\u00fan ciudadano espa\u00f1ol\u201d, ha comentado Abascal.\n    <\/p>\n<p>\n        Hasta el momento Vox hab\u00eda guardado silencio sobre\u00a0<a href=\"https:\/\/www.eldiario.es\/internacional\/trump-renueva-amenazas-groenlandia-quedar-manera-u-si-no-haran-china-rusia-no-permitir_1_12899907.html\" rel=\"nofollow\">las amenazas del presidente de EEUU, Donald Trump, de anexionarse el territorio dan\u00e9s de Groenlandia<\/a>. El portavoz de Vox, Jos\u00e9 Antonio F\u00faster, trat\u00f3 de esquivar la respuesta sobre el ataque directo a la soberan\u00eda de Dinamarca, un socio comercial y militar de EEUU, parte de la UE y miembro de la OTAN, asegurando que el partido ultra \u201cno ha dedicado ni medio nanosegundo\u201d en la reuni\u00f3n de su direcci\u00f3n. Si tenemos que tener una opini\u00f3n de todo en la vida, incluso de Groenlandia, yo la verdad&#8230; No pensamos sobre Groenlandia\u201c, plante\u00f3 F\u00faster.\n    <\/p>\n<p>\n         En el mismo sentido ha tratado de derivar sus argumentos Abascal en el Parlamento Europeo. \u201cVengo de la campa\u00f1a aragonesa y absolutamente ning\u00fan ciudadano, cuando digo ning\u00fan ciudadano es ning\u00fan ciudadano, me ha preguntado por Groenlandia. A los espa\u00f1oles nos preocupan otras cosas. Nos preocupa Ceuta y Melilla. Evidentemente, nos gustar\u00eda que la cuesti\u00f3n de Groenlandia se resuelva entre socios en el marco de la OTAN y que se resuelva tranquila y pac\u00edficamente. Pero no es un asunto que en estos momentos nos preocupe\u201d, ha apuntalado.\n    <\/p>\n<p>\n        En cuanto a la posible formaci\u00f3n de Gobierno de Arag\u00f3n de una coalici\u00f3n entre el PP y Vox, Abascal ha comentado que \u201csi a Vox se le da un mandato como el que se ha dado en Extremadura, l\u00f3gicamente tendremos la mano tendida para que las cosas cambien\u201d.\n    <\/p>\n<p>\n        El l\u00edder de la formaci\u00f3n ultraderechista ha recordado que Vox \u201cya form\u00f3 parte del Gobierno con el Partido Popular en seis regiones. Tuvimos que salir de esos gobiernos porque el Partido Popular nos minti\u00f3 sobre el reparto de inmigrantes ilegales y porque el Partido Popular no estaba dispuesto realmente a hacer un cambio y siempre pon\u00eda excusas\u201d.\n    <\/p>\n<p>\n        \u201cEn Bruselas hay un acuerdo permanente entre el PP y el Partido Socialista en pol\u00edticas de g\u00e9nero, en pol\u00edticas migratorias y en pol\u00edticas verdes que est\u00e1n detr\u00e1s de los problemas que tiene el campo, la ganader\u00eda, la industria. El Partido Popular tiene que decidir d\u00f3nde est\u00e1, si est\u00e1 en el acuerdo con los socialistas en Europa o si est\u00e1 en el acuerdo con VOX en las regiones para hacer un cambio en Espa\u00f1a\u201d, ha concluido Abascal.\n    <\/p>\n<\/div>\n","protected":false},"excerpt":{"rendered":"<p>La divisi\u00f3n de la ultraderecha europea es patente alrededor de las obsesiones expansionistas del presidente de EEUU, Donald Trump, por Groenlandia. Si para los l\u00edderes de la formaci\u00f3n francesa Rassemblement National, Marine Le Pen y Joan Bardella, la intenci\u00f3n de Trump con el territorio dan\u00e9s es \u201cuna prueba de poder y de verdad que plantea<\/p>\n","protected":false},"author":1,"featured_media":323125,"comment_status":"open","ping_status":"open","sticky":false,"template":"","format":"standard","meta":{"footnotes":""},"categories":[71],"tags":[],"class_list":["post-323124","post","type-post","status-publish","format-standard","has-post-thumbnail","hentry","category-politics-es"],"acf":[],"yoast_head":"<!-- This site is optimized with the Yoast SEO plugin v22.9 - https:\/\/yoast.com\/wordpress\/plugins\/seo\/ -->\n<title>Abascal asegura que la soberan\u00eda de Groenlandia \u201cno le preocupa a ning\u00fan espa\u00f1ol\u201d - vof-news.eu<\/title>\n<meta name=\"description\" content=\"La divisi\u00f3n de la ultraderecha europea es patente alrededor de las obsesiones expansionistas del presidente de EEUU, Donald Trump, por Groenlandia. Si para los l\u00edderes de la formaci\u00f3n francesa Rassemblement National, Marine Le Pen y Joan Bardella, la intenci\u00f3n de Trump con el territorio dan\u00e9s es \u201cuna prueba de poder y de verdad que plantea una clara elecci\u00f3n entre aceptar el vasallaje o volver a ser actores soberanos, capaces de defender nuestros intereses y nuestra integridad\u201d, para el presidente del partido de ultraderecha Vox, Santiago Abascal, la soberan\u00eda de Groenlandia es \u201cun tema que no preocupa a los espa\u00f1oles\u201d.\" \/>\n<meta name=\"robots\" content=\"noindex, follow, max-snippet:-1, max-image-preview:large, max-video-preview:-1\" \/>\n<meta property=\"og:locale\" content=\"es_ES\" \/>\n<meta property=\"og:type\" content=\"article\" \/>\n<meta property=\"og:title\" content=\"Abascal asegura que la soberan\u00eda de Groenlandia \u201cno le preocupa a ning\u00fan espa\u00f1ol\u201d - vof-news.eu\" \/>\n<meta property=\"og:description\" content=\"La divisi\u00f3n de la ultraderecha europea es patente alrededor de las obsesiones expansionistas del presidente de EEUU, Donald Trump, por Groenlandia. Si para los l\u00edderes de la formaci\u00f3n francesa Rassemblement National, Marine Le Pen y Joan Bardella, la intenci\u00f3n de Trump con el territorio dan\u00e9s es \u201cuna prueba de poder y de verdad que plantea una clara elecci\u00f3n entre aceptar el vasallaje o volver a ser actores soberanos, capaces de defender nuestros intereses y nuestra integridad\u201d, para el presidente del partido de ultraderecha Vox, Santiago Abascal, la soberan\u00eda de Groenlandia es \u201cun tema que no preocupa a los espa\u00f1oles\u201d.\" \/>\n<meta property=\"og:url\" content=\"https:\/\/vof-news.eu\/es\/abascal-asegura-que-la-soberania-de-groenlandia-no-le-preocupa-a-ningun-espanol\/\" \/>\n<meta property=\"og:site_name\" content=\"vof-news.eu\" \/>\n<meta property=\"article:published_time\" content=\"2026-02-03T16:17:10+00:00\" \/>\n<meta property=\"article:modified_time\" content=\"2026-02-03T16:17:33+00:00\" \/>\n<meta property=\"og:image\" content=\"https:\/\/vof-news.eu\/wp-content\/uploads\/2026\/02\/24c9dfea-c31b-48b1-b6e0-5f31873eb5a8_16-9-discover-aspect-ratio_default_0.jpg\" \/>\n\t<meta property=\"og:image:width\" content=\"1200\" \/>\n\t<meta property=\"og:image:height\" content=\"675\" \/>\n\t<meta property=\"og:image:type\" content=\"image\/jpeg\" \/>\n<meta name=\"author\" content=\"Author\" \/>\n<meta name=\"twitter:card\" content=\"summary_large_image\" \/>\n<meta name=\"twitter:label1\" content=\"Escrito por\" \/>\n\t<meta name=\"twitter:data1\" content=\"Author\" \/>\n\t<meta name=\"twitter:label2\" content=\"Tiempo de lectura\" \/>\n\t<meta name=\"twitter:data2\" content=\"4 minutos\" \/>\n<script type=\"application\/ld+json\" class=\"yoast-schema-graph\">{\"@context\":\"https:\/\/schema.org\",\"@graph\":[{\"@type\":\"WebPage\",\"@id\":\"https:\/\/vof-news.eu\/es\/abascal-asegura-que-la-soberania-de-groenlandia-no-le-preocupa-a-ningun-espanol\/\",\"url\":\"https:\/\/vof-news.eu\/es\/abascal-asegura-que-la-soberania-de-groenlandia-no-le-preocupa-a-ningun-espanol\/\",\"name\":\"Abascal asegura que la soberan\u00eda de Groenlandia \u201cno le preocupa a ning\u00fan espa\u00f1ol\u201d - vof-news.eu\",\"isPartOf\":{\"@id\":\"https:\/\/vof-news.eu\/es\/#website\"},\"primaryImageOfPage\":{\"@id\":\"https:\/\/vof-news.eu\/es\/abascal-asegura-que-la-soberania-de-groenlandia-no-le-preocupa-a-ningun-espanol\/#primaryimage\"},\"image\":{\"@id\":\"https:\/\/vof-news.eu\/es\/abascal-asegura-que-la-soberania-de-groenlandia-no-le-preocupa-a-ningun-espanol\/#primaryimage\"},\"thumbnailUrl\":\"https:\/\/vof-news.eu\/wp-content\/uploads\/2026\/02\/24c9dfea-c31b-48b1-b6e0-5f31873eb5a8_16-9-discover-aspect-ratio_default_0.jpg\",\"datePublished\":\"2026-02-03T16:17:10+00:00\",\"dateModified\":\"2026-02-03T16:17:33+00:00\",\"author\":{\"@id\":\"https:\/\/vof-news.eu\/es\/#\/schema\/person\/f6a2a4309f0561835797fd8c19b333ed\"},\"description\":\"La divisi\u00f3n de la ultraderecha europea es patente alrededor de las obsesiones expansionistas del presidente de EEUU, Donald Trump, por Groenlandia. Si para los l\u00edderes de la formaci\u00f3n francesa Rassemblement National, Marine Le Pen y Joan Bardella, la intenci\u00f3n de Trump con el territorio dan\u00e9s es \u201cuna prueba de poder y de verdad que plantea una clara elecci\u00f3n entre aceptar el vasallaje o volver a ser actores soberanos, capaces de defender nuestros intereses y nuestra integridad\u201d, para el presidente del partido de ultraderecha Vox, Santiago Abascal, la soberan\u00eda de Groenlandia es \u201cun tema que no preocupa a los espa\u00f1oles\u201d.\",\"breadcrumb\":{\"@id\":\"https:\/\/vof-news.eu\/es\/abascal-asegura-que-la-soberania-de-groenlandia-no-le-preocupa-a-ningun-espanol\/#breadcrumb\"},\"inLanguage\":\"es\",\"potentialAction\":[{\"@type\":\"ReadAction\",\"target\":[\"https:\/\/vof-news.eu\/es\/abascal-asegura-que-la-soberania-de-groenlandia-no-le-preocupa-a-ningun-espanol\/\"]}]},{\"@type\":\"ImageObject\",\"inLanguage\":\"es\",\"@id\":\"https:\/\/vof-news.eu\/es\/abascal-asegura-que-la-soberania-de-groenlandia-no-le-preocupa-a-ningun-espanol\/#primaryimage\",\"url\":\"https:\/\/vof-news.eu\/wp-content\/uploads\/2026\/02\/24c9dfea-c31b-48b1-b6e0-5f31873eb5a8_16-9-discover-aspect-ratio_default_0.jpg\",\"contentUrl\":\"https:\/\/vof-news.eu\/wp-content\/uploads\/2026\/02\/24c9dfea-c31b-48b1-b6e0-5f31873eb5a8_16-9-discover-aspect-ratio_default_0.jpg\",\"width\":1200,\"height\":675},{\"@type\":\"BreadcrumbList\",\"@id\":\"https:\/\/vof-news.eu\/es\/abascal-asegura-que-la-soberania-de-groenlandia-no-le-preocupa-a-ningun-espanol\/#breadcrumb\",\"itemListElement\":[{\"@type\":\"ListItem\",\"position\":1,\"name\":\"Home\",\"item\":\"https:\/\/vof-news.eu\/es\/\"},{\"@type\":\"ListItem\",\"position\":2,\"name\":\"Abascal asegura que la soberan\u00eda de Groenlandia \u201cno le preocupa a ning\u00fan espa\u00f1ol\u201d\"}]},{\"@type\":\"WebSite\",\"@id\":\"https:\/\/vof-news.eu\/es\/#website\",\"url\":\"https:\/\/vof-news.eu\/es\/\",\"name\":\"vof-news.eu\",\"description\":\"\",\"potentialAction\":[{\"@type\":\"SearchAction\",\"target\":{\"@type\":\"EntryPoint\",\"urlTemplate\":\"https:\/\/vof-news.eu\/es\/?s={search_term_string}\"},\"query-input\":\"required name=search_term_string\"}],\"inLanguage\":\"es\"},{\"@type\":\"Person\",\"@id\":\"https:\/\/vof-news.eu\/es\/#\/schema\/person\/f6a2a4309f0561835797fd8c19b333ed\",\"name\":\"Author\",\"image\":{\"@type\":\"ImageObject\",\"inLanguage\":\"es\",\"@id\":\"https:\/\/vof-news.eu\/es\/#\/schema\/person\/image\/\",\"url\":\"https:\/\/secure.gravatar.com\/avatar\/b67e614b1b25b3e9c0c239efdd2fde5ab015b5affd6f1c3c85911ca4b384e790?s=96&d=mm&r=g\",\"contentUrl\":\"https:\/\/secure.gravatar.com\/avatar\/b67e614b1b25b3e9c0c239efdd2fde5ab015b5affd6f1c3c85911ca4b384e790?s=96&d=mm&r=g\",\"caption\":\"Author\"},\"sameAs\":[\"http:\/\/vof-news.eu\"],\"url\":\"https:\/\/vof-news.eu\/es\/author\/zwt6qxnjulxbnyg\/\"}]}<\/script>\n<!-- \/ Yoast SEO plugin. -->","yoast_head_json":{"title":"Abascal asegura que la soberan\u00eda de Groenlandia \u201cno le preocupa a ning\u00fan espa\u00f1ol\u201d - vof-news.eu","description":"La divisi\u00f3n de la ultraderecha europea es patente alrededor de las obsesiones expansionistas del presidente de EEUU, Donald Trump, por Groenlandia. Si para los l\u00edderes de la formaci\u00f3n francesa Rassemblement National, Marine Le Pen y Joan Bardella, la intenci\u00f3n de Trump con el territorio dan\u00e9s es \u201cuna prueba de poder y de verdad que plantea una clara elecci\u00f3n entre aceptar el vasallaje o volver a ser actores soberanos, capaces de defender nuestros intereses y nuestra integridad\u201d, para el presidente del partido de ultraderecha Vox, Santiago Abascal, la soberan\u00eda de Groenlandia es \u201cun tema que no preocupa a los espa\u00f1oles\u201d.","robots":{"index":"noindex","follow":"follow","max-snippet":"max-snippet:-1","max-image-preview":"max-image-preview:large","max-video-preview":"max-video-preview:-1"},"og_locale":"es_ES","og_type":"article","og_title":"Abascal asegura que la soberan\u00eda de Groenlandia \u201cno le preocupa a ning\u00fan espa\u00f1ol\u201d - vof-news.eu","og_description":"La divisi\u00f3n de la ultraderecha europea es patente alrededor de las obsesiones expansionistas del presidente de EEUU, Donald Trump, por Groenlandia. Si para los l\u00edderes de la formaci\u00f3n francesa Rassemblement National, Marine Le Pen y Joan Bardella, la intenci\u00f3n de Trump con el territorio dan\u00e9s es \u201cuna prueba de poder y de verdad que plantea una clara elecci\u00f3n entre aceptar el vasallaje o volver a ser actores soberanos, capaces de defender nuestros intereses y nuestra integridad\u201d, para el presidente del partido de ultraderecha Vox, Santiago Abascal, la soberan\u00eda de Groenlandia es \u201cun tema que no preocupa a los espa\u00f1oles\u201d.","og_url":"https:\/\/vof-news.eu\/es\/abascal-asegura-que-la-soberania-de-groenlandia-no-le-preocupa-a-ningun-espanol\/","og_site_name":"vof-news.eu","article_published_time":"2026-02-03T16:17:10+00:00","article_modified_time":"2026-02-03T16:17:33+00:00","og_image":[{"width":1200,"height":675,"url":"https:\/\/vof-news.eu\/wp-content\/uploads\/2026\/02\/24c9dfea-c31b-48b1-b6e0-5f31873eb5a8_16-9-discover-aspect-ratio_default_0.jpg","type":"image\/jpeg"}],"author":"Author","twitter_card":"summary_large_image","twitter_misc":{"Escrito por":"Author","Tiempo de lectura":"4 minutos"},"schema":{"@context":"https:\/\/schema.org","@graph":[{"@type":"WebPage","@id":"https:\/\/vof-news.eu\/es\/abascal-asegura-que-la-soberania-de-groenlandia-no-le-preocupa-a-ningun-espanol\/","url":"https:\/\/vof-news.eu\/es\/abascal-asegura-que-la-soberania-de-groenlandia-no-le-preocupa-a-ningun-espanol\/","name":"Abascal asegura que la soberan\u00eda de Groenlandia \u201cno le preocupa a ning\u00fan espa\u00f1ol\u201d - vof-news.eu","isPartOf":{"@id":"https:\/\/vof-news.eu\/es\/#website"},"primaryImageOfPage":{"@id":"https:\/\/vof-news.eu\/es\/abascal-asegura-que-la-soberania-de-groenlandia-no-le-preocupa-a-ningun-espanol\/#primaryimage"},"image":{"@id":"https:\/\/vof-news.eu\/es\/abascal-asegura-que-la-soberania-de-groenlandia-no-le-preocupa-a-ningun-espanol\/#primaryimage"},"thumbnailUrl":"https:\/\/vof-news.eu\/wp-content\/uploads\/2026\/02\/24c9dfea-c31b-48b1-b6e0-5f31873eb5a8_16-9-discover-aspect-ratio_default_0.jpg","datePublished":"2026-02-03T16:17:10+00:00","dateModified":"2026-02-03T16:17:33+00:00","author":{"@id":"https:\/\/vof-news.eu\/es\/#\/schema\/person\/f6a2a4309f0561835797fd8c19b333ed"},"description":"La divisi\u00f3n de la ultraderecha europea es patente alrededor de las obsesiones expansionistas del presidente de EEUU, Donald Trump, por Groenlandia. Si para los l\u00edderes de la formaci\u00f3n francesa Rassemblement National, Marine Le Pen y Joan Bardella, la intenci\u00f3n de Trump con el territorio dan\u00e9s es \u201cuna prueba de poder y de verdad que plantea una clara elecci\u00f3n entre aceptar el vasallaje o volver a ser actores soberanos, capaces de defender nuestros intereses y nuestra integridad\u201d, para el presidente del partido de ultraderecha Vox, Santiago Abascal, la soberan\u00eda de Groenlandia es \u201cun tema que no preocupa a los espa\u00f1oles\u201d.","breadcrumb":{"@id":"https:\/\/vof-news.eu\/es\/abascal-asegura-que-la-soberania-de-groenlandia-no-le-preocupa-a-ningun-espanol\/#breadcrumb"},"inLanguage":"es","potentialAction":[{"@type":"ReadAction","target":["https:\/\/vof-news.eu\/es\/abascal-asegura-que-la-soberania-de-groenlandia-no-le-preocupa-a-ningun-espanol\/"]}]},{"@type":"ImageObject","inLanguage":"es","@id":"https:\/\/vof-news.eu\/es\/abascal-asegura-que-la-soberania-de-groenlandia-no-le-preocupa-a-ningun-espanol\/#primaryimage","url":"https:\/\/vof-news.eu\/wp-content\/uploads\/2026\/02\/24c9dfea-c31b-48b1-b6e0-5f31873eb5a8_16-9-discover-aspect-ratio_default_0.jpg","contentUrl":"https:\/\/vof-news.eu\/wp-content\/uploads\/2026\/02\/24c9dfea-c31b-48b1-b6e0-5f31873eb5a8_16-9-discover-aspect-ratio_default_0.jpg","width":1200,"height":675},{"@type":"BreadcrumbList","@id":"https:\/\/vof-news.eu\/es\/abascal-asegura-que-la-soberania-de-groenlandia-no-le-preocupa-a-ningun-espanol\/#breadcrumb","itemListElement":[{"@type":"ListItem","position":1,"name":"Home","item":"https:\/\/vof-news.eu\/es\/"},{"@type":"ListItem","position":2,"name":"Abascal asegura que la soberan\u00eda de Groenlandia \u201cno le preocupa a ning\u00fan espa\u00f1ol\u201d"}]},{"@type":"WebSite","@id":"https:\/\/vof-news.eu\/es\/#website","url":"https:\/\/vof-news.eu\/es\/","name":"vof-news.eu","description":"","potentialAction":[{"@type":"SearchAction","target":{"@type":"EntryPoint","urlTemplate":"https:\/\/vof-news.eu\/es\/?s={search_term_string}"},"query-input":"required name=search_term_string"}],"inLanguage":"es"},{"@type":"Person","@id":"https:\/\/vof-news.eu\/es\/#\/schema\/person\/f6a2a4309f0561835797fd8c19b333ed","name":"Author","image":{"@type":"ImageObject","inLanguage":"es","@id":"https:\/\/vof-news.eu\/es\/#\/schema\/person\/image\/","url":"https:\/\/secure.gravatar.com\/avatar\/b67e614b1b25b3e9c0c239efdd2fde5ab015b5affd6f1c3c85911ca4b384e790?s=96&d=mm&r=g","contentUrl":"https:\/\/secure.gravatar.com\/avatar\/b67e614b1b25b3e9c0c239efdd2fde5ab015b5affd6f1c3c85911ca4b384e790?s=96&d=mm&r=g","caption":"Author"},"sameAs":["http:\/\/vof-news.eu"],"url":"https:\/\/vof-news.eu\/es\/author\/zwt6qxnjulxbnyg\/"}]}},"yoast_meta":{"yoast_wpseo_title":"","yoast_wpseo_metadesc":"","yoast_wpseo_canonical":""},"_links":{"self":[{"href":"https:\/\/vof-news.eu\/es\/wp-json\/wp\/v2\/posts\/323124","targetHints":{"allow":["GET"]}}],"collection":[{"href":"https:\/\/vof-news.eu\/es\/wp-json\/wp\/v2\/posts"}],"about":[{"href":"https:\/\/vof-news.eu\/es\/wp-json\/wp\/v2\/types\/post"}],"author":[{"embeddable":true,"href":"https:\/\/vof-news.eu\/es\/wp-json\/wp\/v2\/users\/1"}],"replies":[{"embeddable":true,"href":"https:\/\/vof-news.eu\/es\/wp-json\/wp\/v2\/comments?post=323124"}],"version-history":[{"count":1,"href":"https:\/\/vof-news.eu\/es\/wp-json\/wp\/v2\/posts\/323124\/revisions"}],"predecessor-version":[{"id":323131,"href":"https:\/\/vof-news.eu\/es\/wp-json\/wp\/v2\/posts\/323124\/revisions\/323131"}],"wp:featuredmedia":[{"embeddable":true,"href":"https:\/\/vof-news.eu\/es\/wp-json\/wp\/v2\/media\/323125"}],"wp:attachment":[{"href":"https:\/\/vof-news.eu\/es\/wp-json\/wp\/v2\/media?parent=323124"}],"wp:term":[{"taxonomy":"category","embeddable":true,"href":"https:\/\/vof-news.eu\/es\/wp-json\/wp\/v2\/categories?post=323124"},{"taxonomy":"post_tag","embeddable":true,"href":"https:\/\/vof-news.eu\/es\/wp-json\/wp\/v2\/tags?post=323124"}],"curies":[{"name":"wp","href":"https:\/\/api.w.org\/{rel}","templated":true}]}}