{"id":323076,"date":"2026-02-03T17:19:01","date_gmt":"2026-02-03T14:19:01","guid":{"rendered":"https:\/\/vof-news.eu\/feijoo-critica-el-acuerdo-del-pnv-con-el-gobierno-para-los-desahucios-un-derecho-constitucional-queda-anulado\/"},"modified":"2026-02-03T17:19:35","modified_gmt":"2026-02-03T14:19:35","slug":"feijoo-critica-el-acuerdo-del-pnv-con-el-gobierno-para-los-desahucios-un-derecho-constitucional-queda-anulado","status":"publish","type":"post","link":"https:\/\/vof-news.eu\/es\/feijoo-critica-el-acuerdo-del-pnv-con-el-gobierno-para-los-desahucios-un-derecho-constitucional-queda-anulado\/","title":{"rendered":"Feij\u00f3o critica el acuerdo del PNV con el Gobierno para los desahucios: \u201cUn derecho constitucional queda anulado\u201d"},"content":{"rendered":"<div>\n<p>\n        El l\u00edder del PP, Alberto N\u00fa\u00f1ez Feij\u00f3o, se ha felicitado este martes por la decisi\u00f3n del Gobierno de dividir en dos los decretos de subida de las pensiones, por un lado, y de pr\u00f3rroga del escudo social, por otro, tras el fiasco parlamentario de la semana pasada. \u201cEs lo l\u00f3gico\u201d, ha sostenido en declaraciones a la prensa en Teruel. Feij\u00f3o s\u00ed ha criticado el acuerdo del Ejecutivo con el PNV para a\u00f1adir salvedades en la moratoria antidesahucios a los peque\u00f1os propietarios. \u201cUn derecho constitucional [el de propiedad] queda anulado por el Gobierno de S\u00e1nchez y sus socios\u201d, ha afirmado.\n    <\/p>\n<p>\n        Feij\u00f3o ha acompa\u00f1ado al candidato del PP en las elecciones de Arag\u00f3n del pr\u00f3ximo domingo, Jorge Azc\u00f3n, en una visita al aeropuerto de Teruel. En una rueda de prensa, Feij\u00f3o ha defendido que \u201clo l\u00f3gico era aprobar la revalorizci\u00f3n de las pensiones\u201d por separado, y ha criticado que \u201cS\u00e1nchez quer\u00eda meter 21 asuntos m\u00e1s usando a los pensionistas como rehenes\u201d ante el resto de partidos.\n    <\/p>\n<p>\n        Ya el a\u00f1o pasado ocurri\u00f3 algo similar, aunque la resoluci\u00f3n fue diferente. Entonces, el Gobierno mantuvo un decreto \u00f3mnibus y logr\u00f3 que fuera aprobado a la segunda. Pero esta vez, el Ejecutivo no solo se hab\u00eda encontrado con la oposici\u00f3n habitual de PP y Vox, a la que se une de forma recurrente Junts. Tambi\u00e9n el PNV hab\u00eda advertido en p\u00fablico de que estaba a punto de bajarse de apoyar al Gobierno, aunque la semana pasada s\u00ed vot\u00f3 a favor.\n    <\/p>\n<p>\n        La derrota del Gobierno le ha llevado as\u00ed a asumir un decreto espec\u00edfico para las materias relacionadas con la Seguridad Social, lo que incluye tambi\u00e9n la revalorizaci\u00f3n del ingreso m\u00ednimo, entre otras cuestiones. Feij\u00f3o, que no ha anticipado qu\u00e9 votar\u00e1 el PP en la convalidaci\u00f3n de este decreto, s\u00ed ha advertido de que \u201clos pensionistas no se van a volver a fiar de S\u00e1nchez\u201d, y ha planteado que \u201cse puede y se debe actualizar las pensiones de forma autom\u00e1tica\u201d sin \u201caceptar los chantajes\u201d del Ejecutivo.\n    <\/p>\n<p>\n        El segundo decreto aprobado este martes por el Gobierno incluye la pr\u00f3rroga de las medidas del &#8216;escudo social&#8217; aprobado durante la pandemia y que se ha extendido desde entonces ante la emergencia de vivienda que sufre Espa\u00f1a.\n    <\/p>\n<p>\n        El texto incluye una no demasiado concreta salvedad en la moratoria de los desahucios para inquilinos en situaci\u00f3n vulnerable. Seg\u00fan ha anunciado el PNV, el acuerdo \u201cexonera de esta obligaci\u00f3n a aquellos propietarios que solo tienen una o dos propiedades, siendo una de ellas la vivienda habitual y la otra la que tienen en alquiler\u201d.\n    <\/p>\n<p>\n        A falta de la redacci\u00f3n exacta del decreto, desde el Gobierno apuntan a que se a\u00f1adir\u00e1 presi\u00f3n legal a ayuntamientos y comunidades para que busquen alternativa habitacional a estos inquilinos vulnerables que han dejado de pagar su renta.\n    <\/p>\n<p>\n        Feij\u00f3o se ha mostrado sorprendido por el acuerdo porque, ha recordado, \u201cel PNV ya hab\u00eda votado &#8216;s\u00ed&#8217; a que los propietarios no cobren con independencia del n\u00famero\u201d, lo que obvia que el Gobierno compensa los arrendadores en dicha situaci\u00f3n. \u201cNo entiendo en qu\u00e9 consiste el acuerdo con el PNV cuando ya hab\u00eda votado el decreto\u201d, ha a\u00f1adido.\n    <\/p>\n<p>\n        Pero el l\u00edder del PP ha ido m\u00e1s all\u00e1 al arremeter contra el propio esp\u00edritu del &#8216;escudo social&#8217; que su partido rechaza desde hace a\u00f1os. \u201c\u00bfSi una persona tiene una vivienda y no le pagan procede el desahucio, pero si tiene dos [viviendas en alquiler] esa persona tiene que dejar de cobrar el alquiler?\u201d, se ha cuestionado.\n    <\/p>\n<p>\n        Feij\u00f3o ha dicho que es \u201cun derecho constitucional queda anulado por el Gobierno de S\u00e1nchez y sus socios\u201d. Y se ha preguntado: \u201c\u00bfNo vamos a cumplir la Constituci\u00f3n, un se\u00f1or que se ha comprado una casa y vive de esas rentas no tiene derecho a que le paguen la renta?\u201d.\n    <\/p>\n<p>\n        El jefe de la oposici\u00f3n ha asegurado que \u201csi una familia tiene dificultades se tiene que hacer un proyecto social para ayudar a esa familia, no decirle a otra que lo que tiene que hacer es no cobrar la renta\u201d. Los servicios sociales son competencia compartida entre las comunidades aut\u00f3nomas y los ayuntamientos.\n    <\/p>\n<\/div>\n","protected":false},"excerpt":{"rendered":"<p>El l\u00edder del PP, Alberto N\u00fa\u00f1ez Feij\u00f3o, se ha felicitado este martes por la decisi\u00f3n del Gobierno de dividir en dos los decretos de subida de las pensiones, por un lado, y de pr\u00f3rroga del escudo social, por otro, tras el fiasco parlamentario de la semana pasada. \u201cEs lo l\u00f3gico\u201d, ha sostenido en declaraciones a<\/p>\n","protected":false},"author":1,"featured_media":323077,"comment_status":"open","ping_status":"open","sticky":false,"template":"","format":"standard","meta":{"footnotes":""},"categories":[71],"tags":[],"class_list":["post-323076","post","type-post","status-publish","format-standard","has-post-thumbnail","hentry","category-politics-es"],"acf":[],"yoast_head":"<!-- This site is optimized with the Yoast SEO plugin v22.9 - https:\/\/yoast.com\/wordpress\/plugins\/seo\/ -->\n<title>Feij\u00f3o critica el acuerdo del PNV con el Gobierno para los desahucios: \u201cUn derecho constitucional queda anulado\u201d - vof-news.eu<\/title>\n<meta name=\"description\" content=\"El l\u00edder del PP, Alberto N\u00fa\u00f1ez Feij\u00f3o, se ha felicitado este martes por la decisi\u00f3n del Gobierno de dividir en dos los decretos de subida de las pensiones, por un lado, y de pr\u00f3rroga del escudo social, por otro, tras el fiasco parlamentario de la semana pasada. \u201cEs lo l\u00f3gico\u201d, ha sostenido en declaraciones a la prensa en Teruel. Feij\u00f3o s\u00ed ha criticado el acuerdo del Ejecutivo con el PNV para a\u00f1adir salvedades en la moratoria antidesahucios a los peque\u00f1os propietarios. \u201cUn derecho constitucional [el de propiedad] queda anulado por el Gobierno de S\u00e1nchez y sus socios\u201d, ha afirmado.\" \/>\n<meta name=\"robots\" content=\"noindex, follow, max-snippet:-1, max-image-preview:large, max-video-preview:-1\" \/>\n<meta property=\"og:locale\" content=\"es_ES\" \/>\n<meta property=\"og:type\" content=\"article\" \/>\n<meta property=\"og:title\" content=\"Feij\u00f3o critica el acuerdo del PNV con el Gobierno para los desahucios: \u201cUn derecho constitucional queda anulado\u201d - vof-news.eu\" \/>\n<meta property=\"og:description\" content=\"El l\u00edder del PP, Alberto N\u00fa\u00f1ez Feij\u00f3o, se ha felicitado este martes por la decisi\u00f3n del Gobierno de dividir en dos los decretos de subida de las pensiones, por un lado, y de pr\u00f3rroga del escudo social, por otro, tras el fiasco parlamentario de la semana pasada. \u201cEs lo l\u00f3gico\u201d, ha sostenido en declaraciones a la prensa en Teruel. Feij\u00f3o s\u00ed ha criticado el acuerdo del Ejecutivo con el PNV para a\u00f1adir salvedades en la moratoria antidesahucios a los peque\u00f1os propietarios. \u201cUn derecho constitucional [el de propiedad] queda anulado por el Gobierno de S\u00e1nchez y sus socios\u201d, ha afirmado.\" \/>\n<meta property=\"og:url\" content=\"https:\/\/vof-news.eu\/es\/feijoo-critica-el-acuerdo-del-pnv-con-el-gobierno-para-los-desahucios-un-derecho-constitucional-queda-anulado\/\" \/>\n<meta property=\"og:site_name\" content=\"vof-news.eu\" \/>\n<meta property=\"article:published_time\" content=\"2026-02-03T14:19:01+00:00\" \/>\n<meta property=\"article:modified_time\" content=\"2026-02-03T14:19:35+00:00\" \/>\n<meta property=\"og:image\" content=\"https:\/\/vof-news.eu\/wp-content\/uploads\/2026\/02\/332fad2d-be41-4684-a75b-e7d7650d1791_16-9-discover-aspect-ratio_default_1135678.jpg\" \/>\n\t<meta property=\"og:image:width\" content=\"1200\" \/>\n\t<meta property=\"og:image:height\" content=\"675\" \/>\n\t<meta property=\"og:image:type\" content=\"image\/jpeg\" \/>\n<meta name=\"author\" content=\"Author\" \/>\n<meta name=\"twitter:card\" content=\"summary_large_image\" \/>\n<meta name=\"twitter:label1\" content=\"Escrito por\" \/>\n\t<meta name=\"twitter:data1\" content=\"Author\" \/>\n\t<meta name=\"twitter:label2\" content=\"Tiempo de lectura\" \/>\n\t<meta name=\"twitter:data2\" content=\"4 minutos\" \/>\n<script type=\"application\/ld+json\" class=\"yoast-schema-graph\">{\"@context\":\"https:\/\/schema.org\",\"@graph\":[{\"@type\":\"WebPage\",\"@id\":\"https:\/\/vof-news.eu\/es\/feijoo-critica-el-acuerdo-del-pnv-con-el-gobierno-para-los-desahucios-un-derecho-constitucional-queda-anulado\/\",\"url\":\"https:\/\/vof-news.eu\/es\/feijoo-critica-el-acuerdo-del-pnv-con-el-gobierno-para-los-desahucios-un-derecho-constitucional-queda-anulado\/\",\"name\":\"Feij\u00f3o critica el acuerdo del PNV con el Gobierno para los desahucios: \u201cUn derecho constitucional queda anulado\u201d - vof-news.eu\",\"isPartOf\":{\"@id\":\"https:\/\/vof-news.eu\/es\/#website\"},\"primaryImageOfPage\":{\"@id\":\"https:\/\/vof-news.eu\/es\/feijoo-critica-el-acuerdo-del-pnv-con-el-gobierno-para-los-desahucios-un-derecho-constitucional-queda-anulado\/#primaryimage\"},\"image\":{\"@id\":\"https:\/\/vof-news.eu\/es\/feijoo-critica-el-acuerdo-del-pnv-con-el-gobierno-para-los-desahucios-un-derecho-constitucional-queda-anulado\/#primaryimage\"},\"thumbnailUrl\":\"https:\/\/vof-news.eu\/wp-content\/uploads\/2026\/02\/332fad2d-be41-4684-a75b-e7d7650d1791_16-9-discover-aspect-ratio_default_1135678.jpg\",\"datePublished\":\"2026-02-03T14:19:01+00:00\",\"dateModified\":\"2026-02-03T14:19:35+00:00\",\"author\":{\"@id\":\"https:\/\/vof-news.eu\/es\/#\/schema\/person\/f6a2a4309f0561835797fd8c19b333ed\"},\"description\":\"El l\u00edder del PP, Alberto N\u00fa\u00f1ez Feij\u00f3o, se ha felicitado este martes por la decisi\u00f3n del Gobierno de dividir en dos los decretos de subida de las pensiones, por un lado, y de pr\u00f3rroga del escudo social, por otro, tras el fiasco parlamentario de la semana pasada. \u201cEs lo l\u00f3gico\u201d, ha sostenido en declaraciones a la prensa en Teruel. Feij\u00f3o s\u00ed ha criticado el acuerdo del Ejecutivo con el PNV para a\u00f1adir salvedades en la moratoria antidesahucios a los peque\u00f1os propietarios. \u201cUn derecho constitucional [el de propiedad] queda anulado por el Gobierno de S\u00e1nchez y sus socios\u201d, ha afirmado.\",\"breadcrumb\":{\"@id\":\"https:\/\/vof-news.eu\/es\/feijoo-critica-el-acuerdo-del-pnv-con-el-gobierno-para-los-desahucios-un-derecho-constitucional-queda-anulado\/#breadcrumb\"},\"inLanguage\":\"es\",\"potentialAction\":[{\"@type\":\"ReadAction\",\"target\":[\"https:\/\/vof-news.eu\/es\/feijoo-critica-el-acuerdo-del-pnv-con-el-gobierno-para-los-desahucios-un-derecho-constitucional-queda-anulado\/\"]}]},{\"@type\":\"ImageObject\",\"inLanguage\":\"es\",\"@id\":\"https:\/\/vof-news.eu\/es\/feijoo-critica-el-acuerdo-del-pnv-con-el-gobierno-para-los-desahucios-un-derecho-constitucional-queda-anulado\/#primaryimage\",\"url\":\"https:\/\/vof-news.eu\/wp-content\/uploads\/2026\/02\/332fad2d-be41-4684-a75b-e7d7650d1791_16-9-discover-aspect-ratio_default_1135678.jpg\",\"contentUrl\":\"https:\/\/vof-news.eu\/wp-content\/uploads\/2026\/02\/332fad2d-be41-4684-a75b-e7d7650d1791_16-9-discover-aspect-ratio_default_1135678.jpg\",\"width\":1200,\"height\":675},{\"@type\":\"BreadcrumbList\",\"@id\":\"https:\/\/vof-news.eu\/es\/feijoo-critica-el-acuerdo-del-pnv-con-el-gobierno-para-los-desahucios-un-derecho-constitucional-queda-anulado\/#breadcrumb\",\"itemListElement\":[{\"@type\":\"ListItem\",\"position\":1,\"name\":\"Home\",\"item\":\"https:\/\/vof-news.eu\/es\/\"},{\"@type\":\"ListItem\",\"position\":2,\"name\":\"Feij\u00f3o critica el acuerdo del PNV con el Gobierno para los desahucios: \u201cUn derecho constitucional queda anulado\u201d\"}]},{\"@type\":\"WebSite\",\"@id\":\"https:\/\/vof-news.eu\/es\/#website\",\"url\":\"https:\/\/vof-news.eu\/es\/\",\"name\":\"vof-news.eu\",\"description\":\"\",\"potentialAction\":[{\"@type\":\"SearchAction\",\"target\":{\"@type\":\"EntryPoint\",\"urlTemplate\":\"https:\/\/vof-news.eu\/es\/?s={search_term_string}\"},\"query-input\":\"required name=search_term_string\"}],\"inLanguage\":\"es\"},{\"@type\":\"Person\",\"@id\":\"https:\/\/vof-news.eu\/es\/#\/schema\/person\/f6a2a4309f0561835797fd8c19b333ed\",\"name\":\"Author\",\"image\":{\"@type\":\"ImageObject\",\"inLanguage\":\"es\",\"@id\":\"https:\/\/vof-news.eu\/es\/#\/schema\/person\/image\/\",\"url\":\"https:\/\/secure.gravatar.com\/avatar\/b67e614b1b25b3e9c0c239efdd2fde5ab015b5affd6f1c3c85911ca4b384e790?s=96&d=mm&r=g\",\"contentUrl\":\"https:\/\/secure.gravatar.com\/avatar\/b67e614b1b25b3e9c0c239efdd2fde5ab015b5affd6f1c3c85911ca4b384e790?s=96&d=mm&r=g\",\"caption\":\"Author\"},\"sameAs\":[\"http:\/\/vof-news.eu\"],\"url\":\"https:\/\/vof-news.eu\/es\/author\/zwt6qxnjulxbnyg\/\"}]}<\/script>\n<!-- \/ Yoast SEO plugin. -->","yoast_head_json":{"title":"Feij\u00f3o critica el acuerdo del PNV con el Gobierno para los desahucios: \u201cUn derecho constitucional queda anulado\u201d - vof-news.eu","description":"El l\u00edder del PP, Alberto N\u00fa\u00f1ez Feij\u00f3o, se ha felicitado este martes por la decisi\u00f3n del Gobierno de dividir en dos los decretos de subida de las pensiones, por un lado, y de pr\u00f3rroga del escudo social, por otro, tras el fiasco parlamentario de la semana pasada. \u201cEs lo l\u00f3gico\u201d, ha sostenido en declaraciones a la prensa en Teruel. Feij\u00f3o s\u00ed ha criticado el acuerdo del Ejecutivo con el PNV para a\u00f1adir salvedades en la moratoria antidesahucios a los peque\u00f1os propietarios. \u201cUn derecho constitucional [el de propiedad] queda anulado por el Gobierno de S\u00e1nchez y sus socios\u201d, ha afirmado.","robots":{"index":"noindex","follow":"follow","max-snippet":"max-snippet:-1","max-image-preview":"max-image-preview:large","max-video-preview":"max-video-preview:-1"},"og_locale":"es_ES","og_type":"article","og_title":"Feij\u00f3o critica el acuerdo del PNV con el Gobierno para los desahucios: \u201cUn derecho constitucional queda anulado\u201d - vof-news.eu","og_description":"El l\u00edder del PP, Alberto N\u00fa\u00f1ez Feij\u00f3o, se ha felicitado este martes por la decisi\u00f3n del Gobierno de dividir en dos los decretos de subida de las pensiones, por un lado, y de pr\u00f3rroga del escudo social, por otro, tras el fiasco parlamentario de la semana pasada. \u201cEs lo l\u00f3gico\u201d, ha sostenido en declaraciones a la prensa en Teruel. Feij\u00f3o s\u00ed ha criticado el acuerdo del Ejecutivo con el PNV para a\u00f1adir salvedades en la moratoria antidesahucios a los peque\u00f1os propietarios. \u201cUn derecho constitucional [el de propiedad] queda anulado por el Gobierno de S\u00e1nchez y sus socios\u201d, ha afirmado.","og_url":"https:\/\/vof-news.eu\/es\/feijoo-critica-el-acuerdo-del-pnv-con-el-gobierno-para-los-desahucios-un-derecho-constitucional-queda-anulado\/","og_site_name":"vof-news.eu","article_published_time":"2026-02-03T14:19:01+00:00","article_modified_time":"2026-02-03T14:19:35+00:00","og_image":[{"width":1200,"height":675,"url":"https:\/\/vof-news.eu\/wp-content\/uploads\/2026\/02\/332fad2d-be41-4684-a75b-e7d7650d1791_16-9-discover-aspect-ratio_default_1135678.jpg","type":"image\/jpeg"}],"author":"Author","twitter_card":"summary_large_image","twitter_misc":{"Escrito por":"Author","Tiempo de lectura":"4 minutos"},"schema":{"@context":"https:\/\/schema.org","@graph":[{"@type":"WebPage","@id":"https:\/\/vof-news.eu\/es\/feijoo-critica-el-acuerdo-del-pnv-con-el-gobierno-para-los-desahucios-un-derecho-constitucional-queda-anulado\/","url":"https:\/\/vof-news.eu\/es\/feijoo-critica-el-acuerdo-del-pnv-con-el-gobierno-para-los-desahucios-un-derecho-constitucional-queda-anulado\/","name":"Feij\u00f3o critica el acuerdo del PNV con el Gobierno para los desahucios: \u201cUn derecho constitucional queda anulado\u201d - vof-news.eu","isPartOf":{"@id":"https:\/\/vof-news.eu\/es\/#website"},"primaryImageOfPage":{"@id":"https:\/\/vof-news.eu\/es\/feijoo-critica-el-acuerdo-del-pnv-con-el-gobierno-para-los-desahucios-un-derecho-constitucional-queda-anulado\/#primaryimage"},"image":{"@id":"https:\/\/vof-news.eu\/es\/feijoo-critica-el-acuerdo-del-pnv-con-el-gobierno-para-los-desahucios-un-derecho-constitucional-queda-anulado\/#primaryimage"},"thumbnailUrl":"https:\/\/vof-news.eu\/wp-content\/uploads\/2026\/02\/332fad2d-be41-4684-a75b-e7d7650d1791_16-9-discover-aspect-ratio_default_1135678.jpg","datePublished":"2026-02-03T14:19:01+00:00","dateModified":"2026-02-03T14:19:35+00:00","author":{"@id":"https:\/\/vof-news.eu\/es\/#\/schema\/person\/f6a2a4309f0561835797fd8c19b333ed"},"description":"El l\u00edder del PP, Alberto N\u00fa\u00f1ez Feij\u00f3o, se ha felicitado este martes por la decisi\u00f3n del Gobierno de dividir en dos los decretos de subida de las pensiones, por un lado, y de pr\u00f3rroga del escudo social, por otro, tras el fiasco parlamentario de la semana pasada. \u201cEs lo l\u00f3gico\u201d, ha sostenido en declaraciones a la prensa en Teruel. Feij\u00f3o s\u00ed ha criticado el acuerdo del Ejecutivo con el PNV para a\u00f1adir salvedades en la moratoria antidesahucios a los peque\u00f1os propietarios. \u201cUn derecho constitucional [el de propiedad] queda anulado por el Gobierno de S\u00e1nchez y sus socios\u201d, ha afirmado.","breadcrumb":{"@id":"https:\/\/vof-news.eu\/es\/feijoo-critica-el-acuerdo-del-pnv-con-el-gobierno-para-los-desahucios-un-derecho-constitucional-queda-anulado\/#breadcrumb"},"inLanguage":"es","potentialAction":[{"@type":"ReadAction","target":["https:\/\/vof-news.eu\/es\/feijoo-critica-el-acuerdo-del-pnv-con-el-gobierno-para-los-desahucios-un-derecho-constitucional-queda-anulado\/"]}]},{"@type":"ImageObject","inLanguage":"es","@id":"https:\/\/vof-news.eu\/es\/feijoo-critica-el-acuerdo-del-pnv-con-el-gobierno-para-los-desahucios-un-derecho-constitucional-queda-anulado\/#primaryimage","url":"https:\/\/vof-news.eu\/wp-content\/uploads\/2026\/02\/332fad2d-be41-4684-a75b-e7d7650d1791_16-9-discover-aspect-ratio_default_1135678.jpg","contentUrl":"https:\/\/vof-news.eu\/wp-content\/uploads\/2026\/02\/332fad2d-be41-4684-a75b-e7d7650d1791_16-9-discover-aspect-ratio_default_1135678.jpg","width":1200,"height":675},{"@type":"BreadcrumbList","@id":"https:\/\/vof-news.eu\/es\/feijoo-critica-el-acuerdo-del-pnv-con-el-gobierno-para-los-desahucios-un-derecho-constitucional-queda-anulado\/#breadcrumb","itemListElement":[{"@type":"ListItem","position":1,"name":"Home","item":"https:\/\/vof-news.eu\/es\/"},{"@type":"ListItem","position":2,"name":"Feij\u00f3o critica el acuerdo del PNV con el Gobierno para los desahucios: \u201cUn derecho constitucional queda anulado\u201d"}]},{"@type":"WebSite","@id":"https:\/\/vof-news.eu\/es\/#website","url":"https:\/\/vof-news.eu\/es\/","name":"vof-news.eu","description":"","potentialAction":[{"@type":"SearchAction","target":{"@type":"EntryPoint","urlTemplate":"https:\/\/vof-news.eu\/es\/?s={search_term_string}"},"query-input":"required name=search_term_string"}],"inLanguage":"es"},{"@type":"Person","@id":"https:\/\/vof-news.eu\/es\/#\/schema\/person\/f6a2a4309f0561835797fd8c19b333ed","name":"Author","image":{"@type":"ImageObject","inLanguage":"es","@id":"https:\/\/vof-news.eu\/es\/#\/schema\/person\/image\/","url":"https:\/\/secure.gravatar.com\/avatar\/b67e614b1b25b3e9c0c239efdd2fde5ab015b5affd6f1c3c85911ca4b384e790?s=96&d=mm&r=g","contentUrl":"https:\/\/secure.gravatar.com\/avatar\/b67e614b1b25b3e9c0c239efdd2fde5ab015b5affd6f1c3c85911ca4b384e790?s=96&d=mm&r=g","caption":"Author"},"sameAs":["http:\/\/vof-news.eu"],"url":"https:\/\/vof-news.eu\/es\/author\/zwt6qxnjulxbnyg\/"}]}},"yoast_meta":{"yoast_wpseo_title":"","yoast_wpseo_metadesc":"","yoast_wpseo_canonical":""},"_links":{"self":[{"href":"https:\/\/vof-news.eu\/es\/wp-json\/wp\/v2\/posts\/323076","targetHints":{"allow":["GET"]}}],"collection":[{"href":"https:\/\/vof-news.eu\/es\/wp-json\/wp\/v2\/posts"}],"about":[{"href":"https:\/\/vof-news.eu\/es\/wp-json\/wp\/v2\/types\/post"}],"author":[{"embeddable":true,"href":"https:\/\/vof-news.eu\/es\/wp-json\/wp\/v2\/users\/1"}],"replies":[{"embeddable":true,"href":"https:\/\/vof-news.eu\/es\/wp-json\/wp\/v2\/comments?post=323076"}],"version-history":[{"count":1,"href":"https:\/\/vof-news.eu\/es\/wp-json\/wp\/v2\/posts\/323076\/revisions"}],"predecessor-version":[{"id":323083,"href":"https:\/\/vof-news.eu\/es\/wp-json\/wp\/v2\/posts\/323076\/revisions\/323083"}],"wp:featuredmedia":[{"embeddable":true,"href":"https:\/\/vof-news.eu\/es\/wp-json\/wp\/v2\/media\/323077"}],"wp:attachment":[{"href":"https:\/\/vof-news.eu\/es\/wp-json\/wp\/v2\/media?parent=323076"}],"wp:term":[{"taxonomy":"category","embeddable":true,"href":"https:\/\/vof-news.eu\/es\/wp-json\/wp\/v2\/categories?post=323076"},{"taxonomy":"post_tag","embeddable":true,"href":"https:\/\/vof-news.eu\/es\/wp-json\/wp\/v2\/tags?post=323076"}],"curies":[{"name":"wp","href":"https:\/\/api.w.org\/{rel}","templated":true}]}}