{"id":323068,"date":"2026-02-03T17:17:14","date_gmt":"2026-02-03T14:17:14","guid":{"rendered":"https:\/\/vof-news.eu\/el-gobierno-no-aclara-si-tiene-los-apoyos-para-sacar-adelante-el-escudo-social\/"},"modified":"2026-02-03T17:18:31","modified_gmt":"2026-02-03T14:18:31","slug":"el-gobierno-no-aclara-si-tiene-los-apoyos-para-sacar-adelante-el-escudo-social","status":"publish","type":"post","link":"https:\/\/vof-news.eu\/es\/el-gobierno-no-aclara-si-tiene-los-apoyos-para-sacar-adelante-el-escudo-social\/","title":{"rendered":"El Gobierno no aclara si tiene los apoyos para sacar adelante el escudo social"},"content":{"rendered":"<div>\n<p>\n        El Gobierno no aclara si tiene los apoyos necesarios para sacar adelante el escudo social que naufrag\u00f3 la semana pasada en el Congreso por el rechazo de Junts a la prohibici\u00f3n de los desahucios. Ahora ha llegado a un acuerdo con el PNV, que puede seducir a los de Carles Puigdemont, dejar fuera de la medida a los propietarios de una o dos viviendas que las tengan alquiladas a personas vulnerables que no pueden pagar. Estos ser\u00e1n reubicados por los servicios sociales. Aunque en Moncloa conf\u00edan en que los cambios susciten un mayor consenso para que el conjunto del escudo social \u2013que tambi\u00e9n incluye el bono energ\u00e9tico, ayudas por la dana o las entregas a cuenta a comunidades y entidades sociales, entre otras\u2013 salga adelante, la portavoz, Elma Saiz, no ha dado por hecho que tengan los apoyos para evitar una nueva derrota, y ha trasladado la presi\u00f3n al PP, aunque Podemos ha criticado la medida.\n    <\/p>\n<p>\n        \u201cLa herramienta poderos\u00edsima que tenemos en nuestra mano que es el di\u00e1logo antes, durante y despu\u00e9s para conseguir los consensos necesarios y las mayor\u00edas necesarias para que estas medidas vean la luz. Indudablemente tambi\u00e9n tendr\u00e1n que contestar las diferentes fuerzas pol\u00edticas cu\u00e1l es el posicionamiento\u201d, ha respondido Saiz a la pregunta de si en esta ocasi\u00f3n el Gobierno s\u00ed cuenta con el respaldo suficiente. Moncloa ha cedido y ha llevado el conjunto del escudo social troceado en dos decretos: uno con la subida de las pensiones y otro con el resto de medidas. Que fuera parte de un todo, incluyendo la moratoria anti-desahucios, era una exigencia de Sumar y el resto de fuerzas de izquierdas para forzar que salga adelante. La intenci\u00f3n inicial de Moncloa era que la parte de desahucios fuera en un decreto exclusivo y el resto de medidas del escudo social, incluidas las pensiones, en otro.\n    <\/p>\n<p>\n        El Gobierno ha rebajado, adem\u00e1s, la ambici\u00f3n de las medidas contra los desahucios para seducir al PNV y a Junts, aunque en Moncloa aseguran que no se ha negociado con el grupo que lidera M\u00edriam Nogueras. Los cambios que se han introducido pasan b\u00e1sicamente por que los peque\u00f1os propietarios (hasta dos viviendas) no tengan prohibido el desahucio de inquilinos vulnerables, y quedar\u00e1 en manos de los servicios sociales la reubicaci\u00f3n de esas personas. La portavoz ha dejado la pelota en las comunidades aut\u00f3nomas, de las que dependen los servicios sociales: \u201cEs responsabilidad de las comunidades en el papel de los servicios sociales para dar esas alternativas habitacionales. La medida es muy importante. Para hacerla efectiva requiere de la colaboraci\u00f3n de muchos m\u00e1s\u201d. \u201cLas comunidades aut\u00f3nomas tienen mucho que decir para atender a las personas vulnerables\u201d, ha agregado.\n    <\/p>\n<p>\n        En lo que no ha entrado la portavoz es en el rechazo que a priori ha manifestado Podemos a la rebaja de la ambici\u00f3n respecto a la prohibici\u00f3n de los desahucios. \u201cEl Gobierno pacta con el PNV una medida que agiliza los desahucios, como si a quien hubiese que proteger en la crisis de vivienda es a los rentistas y no a las familias. Si gobiernas dando la raz\u00f3n a la derecha, luego no te extra\u00f1es cuando ganen\u201d, ha reprochado Irene Montero. \u201cEl PNV acuerda con el PSOE echar a la calle a los inquilinos vulnerables que vivan en viviendas de caseros que \u201ds\u00f3lo\u201c tienen una vivienda para alquilar. Pobrecitos, s\u00f3lo pertenecen al grupo m\u00e1s rico de nuestra sociedad. Asco absoluto\u201d, han sido las palabras de Ione Belarra.\n    <\/p>\n<p>\n        \u201cHemos hablado con todos los grupos menos con Junts. Se ha hecho lo que consideramos que ten\u00eda m\u00e1s consenso\u201d, se\u00f1alan fuentes gubernamentales que consideran que el escudo social tiene ahora m\u00e1s posibilidades de salir adelante por las cesiones en materia de vivienda a la derecha. \u201cLlevamos una propuesta que creemos que convence. Aquellos que vayan a votar que no son los que tienen que dar explicaciones\u201d, apuntan.\n    <\/p>\n<p>\n        La portavoz ha descargado la presi\u00f3n en el PP. \u201cYo preguntar\u00eda, por ejemplo, al Partido Popular, \u00bfqu\u00e9 le parece mal? \u00bfQu\u00e9 le parece mal de proteger a los m\u00e1s vulnerables, por ejemplo, para hacer frente a la factura de la luz o del agua?\u201d, se ha preguntado la portavoz antes de reconocer que por ahora los apoyos no est\u00e1n amarrados y que depender\u00e1 de lo que hagan Junts y Podemos.\n    <\/p>\n<p>\n        Tampoco ha respondido a la pregunta de por qu\u00e9 el Gobierno no llev\u00f3 las medidas por separado en dos decretos, como le hab\u00edan reclamado PP o Junts, que s\u00ed estaban a favor de la subida de las pensiones, pero no de otras medidas, especialmente la de los desahucios. \u201cCada a\u00f1o es una excusa distinta. Es que ya lo vimos el a\u00f1o pasado, cuando volvieron a hacer lo mismo votaron en contra de la relaci\u00f3n de las pensiones. Es que bien cuando est\u00e1n en la oposici\u00f3n o bien cuando est\u00e1n en el Gobierno, no existe un compromiso con los pensionistas. Siempre les sumen la incertidumbre, cuando gobernaban congelando las pensiones subidas m\u00ednimas del 0,25, que es pr\u00e1cticamente congelarlas\u201d, ha despejado Saiz.\n    <\/p>\n<p>\n        \u201cEl Gobierno hace su trabajo, lo que no hace el gobierno es fabricar cuartadas para que nadie justifique lo injustificable y, a partir de ah\u00ed, buscamos consensos y trabajamos para lograr mayor\u00edas en torno a textos que benefician al conjunto de la sociedad\u201d, ha rematado.\n    <\/p>\n<\/div>\n","protected":false},"excerpt":{"rendered":"<p>El Gobierno no aclara si tiene los apoyos necesarios para sacar adelante el escudo social que naufrag\u00f3 la semana pasada en el Congreso por el rechazo de Junts a la prohibici\u00f3n de los desahucios. Ahora ha llegado a un acuerdo con el PNV, que puede seducir a los de Carles Puigdemont, dejar fuera de la<\/p>\n","protected":false},"author":1,"featured_media":323069,"comment_status":"open","ping_status":"open","sticky":false,"template":"","format":"standard","meta":{"footnotes":""},"categories":[71],"tags":[],"class_list":["post-323068","post","type-post","status-publish","format-standard","has-post-thumbnail","hentry","category-politics-es"],"acf":[],"yoast_head":"<!-- This site is optimized with the Yoast SEO plugin v22.9 - https:\/\/yoast.com\/wordpress\/plugins\/seo\/ -->\n<title>El Gobierno no aclara si tiene los apoyos para sacar adelante el escudo social - vof-news.eu<\/title>\n<meta name=\"description\" content=\"El Gobierno no aclara si tiene los apoyos necesarios para sacar adelante el escudo social que naufrag\u00f3 la semana pasada en el Congreso por el rechazo de Junts a la prohibici\u00f3n de los desahucios. Ahora ha llegado a un acuerdo con el PNV, que puede seducir a los de Carles Puigdemont, dejar fuera de la medida a los propietarios de una o dos viviendas que las tengan alquiladas a personas vulnerables que no pueden pagar. Estos ser\u00e1n reubicados por los servicios sociales. Aunque en Moncloa conf\u00edan en que los cambios susciten un mayor consenso para que el conjunto del escudo social \u2013que tambi\u00e9n incluye el bono energ\u00e9tico, ayudas por la dana o las entregas a cuenta a comunidades y entidades sociales, entre otras\u2013 salga adelante, la portavoz, Elma Saiz, no ha dado por hecho que tengan los apoyos para evitar una nueva derrota, y ha trasladado la presi\u00f3n al PP, aunque Podemos ha criticado la medida.\" \/>\n<meta name=\"robots\" content=\"noindex, follow, max-snippet:-1, max-image-preview:large, max-video-preview:-1\" \/>\n<meta property=\"og:locale\" content=\"es_ES\" \/>\n<meta property=\"og:type\" content=\"article\" \/>\n<meta property=\"og:title\" content=\"El Gobierno no aclara si tiene los apoyos para sacar adelante el escudo social - vof-news.eu\" \/>\n<meta property=\"og:description\" content=\"El Gobierno no aclara si tiene los apoyos necesarios para sacar adelante el escudo social que naufrag\u00f3 la semana pasada en el Congreso por el rechazo de Junts a la prohibici\u00f3n de los desahucios. Ahora ha llegado a un acuerdo con el PNV, que puede seducir a los de Carles Puigdemont, dejar fuera de la medida a los propietarios de una o dos viviendas que las tengan alquiladas a personas vulnerables que no pueden pagar. Estos ser\u00e1n reubicados por los servicios sociales. Aunque en Moncloa conf\u00edan en que los cambios susciten un mayor consenso para que el conjunto del escudo social \u2013que tambi\u00e9n incluye el bono energ\u00e9tico, ayudas por la dana o las entregas a cuenta a comunidades y entidades sociales, entre otras\u2013 salga adelante, la portavoz, Elma Saiz, no ha dado por hecho que tengan los apoyos para evitar una nueva derrota, y ha trasladado la presi\u00f3n al PP, aunque Podemos ha criticado la medida.\" \/>\n<meta property=\"og:url\" content=\"https:\/\/vof-news.eu\/es\/el-gobierno-no-aclara-si-tiene-los-apoyos-para-sacar-adelante-el-escudo-social\/\" \/>\n<meta property=\"og:site_name\" content=\"vof-news.eu\" \/>\n<meta property=\"article:published_time\" content=\"2026-02-03T14:17:14+00:00\" \/>\n<meta property=\"article:modified_time\" content=\"2026-02-03T14:18:31+00:00\" \/>\n<meta property=\"og:image\" content=\"https:\/\/vof-news.eu\/wp-content\/uploads\/2026\/02\/3bbcae4b-0055-48ef-aef6-0238d0ba09fc_16-9-discover-aspect-ratio_default_0.jpg\" \/>\n\t<meta property=\"og:image:width\" content=\"1200\" \/>\n\t<meta property=\"og:image:height\" content=\"675\" \/>\n\t<meta property=\"og:image:type\" content=\"image\/jpeg\" \/>\n<meta name=\"author\" content=\"Author\" \/>\n<meta name=\"twitter:card\" content=\"summary_large_image\" \/>\n<meta name=\"twitter:label1\" content=\"Escrito por\" \/>\n\t<meta name=\"twitter:data1\" content=\"Author\" \/>\n\t<meta name=\"twitter:label2\" content=\"Tiempo de lectura\" \/>\n\t<meta name=\"twitter:data2\" content=\"5 minutos\" \/>\n<script type=\"application\/ld+json\" class=\"yoast-schema-graph\">{\"@context\":\"https:\/\/schema.org\",\"@graph\":[{\"@type\":\"WebPage\",\"@id\":\"https:\/\/vof-news.eu\/es\/el-gobierno-no-aclara-si-tiene-los-apoyos-para-sacar-adelante-el-escudo-social\/\",\"url\":\"https:\/\/vof-news.eu\/es\/el-gobierno-no-aclara-si-tiene-los-apoyos-para-sacar-adelante-el-escudo-social\/\",\"name\":\"El Gobierno no aclara si tiene los apoyos para sacar adelante el escudo social - vof-news.eu\",\"isPartOf\":{\"@id\":\"https:\/\/vof-news.eu\/es\/#website\"},\"primaryImageOfPage\":{\"@id\":\"https:\/\/vof-news.eu\/es\/el-gobierno-no-aclara-si-tiene-los-apoyos-para-sacar-adelante-el-escudo-social\/#primaryimage\"},\"image\":{\"@id\":\"https:\/\/vof-news.eu\/es\/el-gobierno-no-aclara-si-tiene-los-apoyos-para-sacar-adelante-el-escudo-social\/#primaryimage\"},\"thumbnailUrl\":\"https:\/\/vof-news.eu\/wp-content\/uploads\/2026\/02\/3bbcae4b-0055-48ef-aef6-0238d0ba09fc_16-9-discover-aspect-ratio_default_0.jpg\",\"datePublished\":\"2026-02-03T14:17:14+00:00\",\"dateModified\":\"2026-02-03T14:18:31+00:00\",\"author\":{\"@id\":\"https:\/\/vof-news.eu\/es\/#\/schema\/person\/f6a2a4309f0561835797fd8c19b333ed\"},\"description\":\"El Gobierno no aclara si tiene los apoyos necesarios para sacar adelante el escudo social que naufrag\u00f3 la semana pasada en el Congreso por el rechazo de Junts a la prohibici\u00f3n de los desahucios. Ahora ha llegado a un acuerdo con el PNV, que puede seducir a los de Carles Puigdemont, dejar fuera de la medida a los propietarios de una o dos viviendas que las tengan alquiladas a personas vulnerables que no pueden pagar. Estos ser\u00e1n reubicados por los servicios sociales. Aunque en Moncloa conf\u00edan en que los cambios susciten un mayor consenso para que el conjunto del escudo social \u2013que tambi\u00e9n incluye el bono energ\u00e9tico, ayudas por la dana o las entregas a cuenta a comunidades y entidades sociales, entre otras\u2013 salga adelante, la portavoz, Elma Saiz, no ha dado por hecho que tengan los apoyos para evitar una nueva derrota, y ha trasladado la presi\u00f3n al PP, aunque Podemos ha criticado la medida.\",\"breadcrumb\":{\"@id\":\"https:\/\/vof-news.eu\/es\/el-gobierno-no-aclara-si-tiene-los-apoyos-para-sacar-adelante-el-escudo-social\/#breadcrumb\"},\"inLanguage\":\"es\",\"potentialAction\":[{\"@type\":\"ReadAction\",\"target\":[\"https:\/\/vof-news.eu\/es\/el-gobierno-no-aclara-si-tiene-los-apoyos-para-sacar-adelante-el-escudo-social\/\"]}]},{\"@type\":\"ImageObject\",\"inLanguage\":\"es\",\"@id\":\"https:\/\/vof-news.eu\/es\/el-gobierno-no-aclara-si-tiene-los-apoyos-para-sacar-adelante-el-escudo-social\/#primaryimage\",\"url\":\"https:\/\/vof-news.eu\/wp-content\/uploads\/2026\/02\/3bbcae4b-0055-48ef-aef6-0238d0ba09fc_16-9-discover-aspect-ratio_default_0.jpg\",\"contentUrl\":\"https:\/\/vof-news.eu\/wp-content\/uploads\/2026\/02\/3bbcae4b-0055-48ef-aef6-0238d0ba09fc_16-9-discover-aspect-ratio_default_0.jpg\",\"width\":1200,\"height\":675},{\"@type\":\"BreadcrumbList\",\"@id\":\"https:\/\/vof-news.eu\/es\/el-gobierno-no-aclara-si-tiene-los-apoyos-para-sacar-adelante-el-escudo-social\/#breadcrumb\",\"itemListElement\":[{\"@type\":\"ListItem\",\"position\":1,\"name\":\"Home\",\"item\":\"https:\/\/vof-news.eu\/es\/\"},{\"@type\":\"ListItem\",\"position\":2,\"name\":\"El Gobierno no aclara si tiene los apoyos para sacar adelante el escudo social\"}]},{\"@type\":\"WebSite\",\"@id\":\"https:\/\/vof-news.eu\/es\/#website\",\"url\":\"https:\/\/vof-news.eu\/es\/\",\"name\":\"vof-news.eu\",\"description\":\"\",\"potentialAction\":[{\"@type\":\"SearchAction\",\"target\":{\"@type\":\"EntryPoint\",\"urlTemplate\":\"https:\/\/vof-news.eu\/es\/?s={search_term_string}\"},\"query-input\":\"required name=search_term_string\"}],\"inLanguage\":\"es\"},{\"@type\":\"Person\",\"@id\":\"https:\/\/vof-news.eu\/es\/#\/schema\/person\/f6a2a4309f0561835797fd8c19b333ed\",\"name\":\"Author\",\"image\":{\"@type\":\"ImageObject\",\"inLanguage\":\"es\",\"@id\":\"https:\/\/vof-news.eu\/es\/#\/schema\/person\/image\/\",\"url\":\"https:\/\/secure.gravatar.com\/avatar\/b67e614b1b25b3e9c0c239efdd2fde5ab015b5affd6f1c3c85911ca4b384e790?s=96&d=mm&r=g\",\"contentUrl\":\"https:\/\/secure.gravatar.com\/avatar\/b67e614b1b25b3e9c0c239efdd2fde5ab015b5affd6f1c3c85911ca4b384e790?s=96&d=mm&r=g\",\"caption\":\"Author\"},\"sameAs\":[\"http:\/\/vof-news.eu\"],\"url\":\"https:\/\/vof-news.eu\/es\/author\/zwt6qxnjulxbnyg\/\"}]}<\/script>\n<!-- \/ Yoast SEO plugin. -->","yoast_head_json":{"title":"El Gobierno no aclara si tiene los apoyos para sacar adelante el escudo social - vof-news.eu","description":"El Gobierno no aclara si tiene los apoyos necesarios para sacar adelante el escudo social que naufrag\u00f3 la semana pasada en el Congreso por el rechazo de Junts a la prohibici\u00f3n de los desahucios. Ahora ha llegado a un acuerdo con el PNV, que puede seducir a los de Carles Puigdemont, dejar fuera de la medida a los propietarios de una o dos viviendas que las tengan alquiladas a personas vulnerables que no pueden pagar. Estos ser\u00e1n reubicados por los servicios sociales. Aunque en Moncloa conf\u00edan en que los cambios susciten un mayor consenso para que el conjunto del escudo social \u2013que tambi\u00e9n incluye el bono energ\u00e9tico, ayudas por la dana o las entregas a cuenta a comunidades y entidades sociales, entre otras\u2013 salga adelante, la portavoz, Elma Saiz, no ha dado por hecho que tengan los apoyos para evitar una nueva derrota, y ha trasladado la presi\u00f3n al PP, aunque Podemos ha criticado la medida.","robots":{"index":"noindex","follow":"follow","max-snippet":"max-snippet:-1","max-image-preview":"max-image-preview:large","max-video-preview":"max-video-preview:-1"},"og_locale":"es_ES","og_type":"article","og_title":"El Gobierno no aclara si tiene los apoyos para sacar adelante el escudo social - vof-news.eu","og_description":"El Gobierno no aclara si tiene los apoyos necesarios para sacar adelante el escudo social que naufrag\u00f3 la semana pasada en el Congreso por el rechazo de Junts a la prohibici\u00f3n de los desahucios. Ahora ha llegado a un acuerdo con el PNV, que puede seducir a los de Carles Puigdemont, dejar fuera de la medida a los propietarios de una o dos viviendas que las tengan alquiladas a personas vulnerables que no pueden pagar. Estos ser\u00e1n reubicados por los servicios sociales. Aunque en Moncloa conf\u00edan en que los cambios susciten un mayor consenso para que el conjunto del escudo social \u2013que tambi\u00e9n incluye el bono energ\u00e9tico, ayudas por la dana o las entregas a cuenta a comunidades y entidades sociales, entre otras\u2013 salga adelante, la portavoz, Elma Saiz, no ha dado por hecho que tengan los apoyos para evitar una nueva derrota, y ha trasladado la presi\u00f3n al PP, aunque Podemos ha criticado la medida.","og_url":"https:\/\/vof-news.eu\/es\/el-gobierno-no-aclara-si-tiene-los-apoyos-para-sacar-adelante-el-escudo-social\/","og_site_name":"vof-news.eu","article_published_time":"2026-02-03T14:17:14+00:00","article_modified_time":"2026-02-03T14:18:31+00:00","og_image":[{"width":1200,"height":675,"url":"https:\/\/vof-news.eu\/wp-content\/uploads\/2026\/02\/3bbcae4b-0055-48ef-aef6-0238d0ba09fc_16-9-discover-aspect-ratio_default_0.jpg","type":"image\/jpeg"}],"author":"Author","twitter_card":"summary_large_image","twitter_misc":{"Escrito por":"Author","Tiempo de lectura":"5 minutos"},"schema":{"@context":"https:\/\/schema.org","@graph":[{"@type":"WebPage","@id":"https:\/\/vof-news.eu\/es\/el-gobierno-no-aclara-si-tiene-los-apoyos-para-sacar-adelante-el-escudo-social\/","url":"https:\/\/vof-news.eu\/es\/el-gobierno-no-aclara-si-tiene-los-apoyos-para-sacar-adelante-el-escudo-social\/","name":"El Gobierno no aclara si tiene los apoyos para sacar adelante el escudo social - vof-news.eu","isPartOf":{"@id":"https:\/\/vof-news.eu\/es\/#website"},"primaryImageOfPage":{"@id":"https:\/\/vof-news.eu\/es\/el-gobierno-no-aclara-si-tiene-los-apoyos-para-sacar-adelante-el-escudo-social\/#primaryimage"},"image":{"@id":"https:\/\/vof-news.eu\/es\/el-gobierno-no-aclara-si-tiene-los-apoyos-para-sacar-adelante-el-escudo-social\/#primaryimage"},"thumbnailUrl":"https:\/\/vof-news.eu\/wp-content\/uploads\/2026\/02\/3bbcae4b-0055-48ef-aef6-0238d0ba09fc_16-9-discover-aspect-ratio_default_0.jpg","datePublished":"2026-02-03T14:17:14+00:00","dateModified":"2026-02-03T14:18:31+00:00","author":{"@id":"https:\/\/vof-news.eu\/es\/#\/schema\/person\/f6a2a4309f0561835797fd8c19b333ed"},"description":"El Gobierno no aclara si tiene los apoyos necesarios para sacar adelante el escudo social que naufrag\u00f3 la semana pasada en el Congreso por el rechazo de Junts a la prohibici\u00f3n de los desahucios. Ahora ha llegado a un acuerdo con el PNV, que puede seducir a los de Carles Puigdemont, dejar fuera de la medida a los propietarios de una o dos viviendas que las tengan alquiladas a personas vulnerables que no pueden pagar. Estos ser\u00e1n reubicados por los servicios sociales. Aunque en Moncloa conf\u00edan en que los cambios susciten un mayor consenso para que el conjunto del escudo social \u2013que tambi\u00e9n incluye el bono energ\u00e9tico, ayudas por la dana o las entregas a cuenta a comunidades y entidades sociales, entre otras\u2013 salga adelante, la portavoz, Elma Saiz, no ha dado por hecho que tengan los apoyos para evitar una nueva derrota, y ha trasladado la presi\u00f3n al PP, aunque Podemos ha criticado la medida.","breadcrumb":{"@id":"https:\/\/vof-news.eu\/es\/el-gobierno-no-aclara-si-tiene-los-apoyos-para-sacar-adelante-el-escudo-social\/#breadcrumb"},"inLanguage":"es","potentialAction":[{"@type":"ReadAction","target":["https:\/\/vof-news.eu\/es\/el-gobierno-no-aclara-si-tiene-los-apoyos-para-sacar-adelante-el-escudo-social\/"]}]},{"@type":"ImageObject","inLanguage":"es","@id":"https:\/\/vof-news.eu\/es\/el-gobierno-no-aclara-si-tiene-los-apoyos-para-sacar-adelante-el-escudo-social\/#primaryimage","url":"https:\/\/vof-news.eu\/wp-content\/uploads\/2026\/02\/3bbcae4b-0055-48ef-aef6-0238d0ba09fc_16-9-discover-aspect-ratio_default_0.jpg","contentUrl":"https:\/\/vof-news.eu\/wp-content\/uploads\/2026\/02\/3bbcae4b-0055-48ef-aef6-0238d0ba09fc_16-9-discover-aspect-ratio_default_0.jpg","width":1200,"height":675},{"@type":"BreadcrumbList","@id":"https:\/\/vof-news.eu\/es\/el-gobierno-no-aclara-si-tiene-los-apoyos-para-sacar-adelante-el-escudo-social\/#breadcrumb","itemListElement":[{"@type":"ListItem","position":1,"name":"Home","item":"https:\/\/vof-news.eu\/es\/"},{"@type":"ListItem","position":2,"name":"El Gobierno no aclara si tiene los apoyos para sacar adelante el escudo social"}]},{"@type":"WebSite","@id":"https:\/\/vof-news.eu\/es\/#website","url":"https:\/\/vof-news.eu\/es\/","name":"vof-news.eu","description":"","potentialAction":[{"@type":"SearchAction","target":{"@type":"EntryPoint","urlTemplate":"https:\/\/vof-news.eu\/es\/?s={search_term_string}"},"query-input":"required name=search_term_string"}],"inLanguage":"es"},{"@type":"Person","@id":"https:\/\/vof-news.eu\/es\/#\/schema\/person\/f6a2a4309f0561835797fd8c19b333ed","name":"Author","image":{"@type":"ImageObject","inLanguage":"es","@id":"https:\/\/vof-news.eu\/es\/#\/schema\/person\/image\/","url":"https:\/\/secure.gravatar.com\/avatar\/b67e614b1b25b3e9c0c239efdd2fde5ab015b5affd6f1c3c85911ca4b384e790?s=96&d=mm&r=g","contentUrl":"https:\/\/secure.gravatar.com\/avatar\/b67e614b1b25b3e9c0c239efdd2fde5ab015b5affd6f1c3c85911ca4b384e790?s=96&d=mm&r=g","caption":"Author"},"sameAs":["http:\/\/vof-news.eu"],"url":"https:\/\/vof-news.eu\/es\/author\/zwt6qxnjulxbnyg\/"}]}},"yoast_meta":{"yoast_wpseo_title":"","yoast_wpseo_metadesc":"","yoast_wpseo_canonical":""},"_links":{"self":[{"href":"https:\/\/vof-news.eu\/es\/wp-json\/wp\/v2\/posts\/323068","targetHints":{"allow":["GET"]}}],"collection":[{"href":"https:\/\/vof-news.eu\/es\/wp-json\/wp\/v2\/posts"}],"about":[{"href":"https:\/\/vof-news.eu\/es\/wp-json\/wp\/v2\/types\/post"}],"author":[{"embeddable":true,"href":"https:\/\/vof-news.eu\/es\/wp-json\/wp\/v2\/users\/1"}],"replies":[{"embeddable":true,"href":"https:\/\/vof-news.eu\/es\/wp-json\/wp\/v2\/comments?post=323068"}],"version-history":[{"count":1,"href":"https:\/\/vof-news.eu\/es\/wp-json\/wp\/v2\/posts\/323068\/revisions"}],"predecessor-version":[{"id":323075,"href":"https:\/\/vof-news.eu\/es\/wp-json\/wp\/v2\/posts\/323068\/revisions\/323075"}],"wp:featuredmedia":[{"embeddable":true,"href":"https:\/\/vof-news.eu\/es\/wp-json\/wp\/v2\/media\/323069"}],"wp:attachment":[{"href":"https:\/\/vof-news.eu\/es\/wp-json\/wp\/v2\/media?parent=323068"}],"wp:term":[{"taxonomy":"category","embeddable":true,"href":"https:\/\/vof-news.eu\/es\/wp-json\/wp\/v2\/categories?post=323068"},{"taxonomy":"post_tag","embeddable":true,"href":"https:\/\/vof-news.eu\/es\/wp-json\/wp\/v2\/tags?post=323068"}],"curies":[{"name":"wp","href":"https:\/\/api.w.org\/{rel}","templated":true}]}}