{"id":323019,"date":"2026-02-03T15:17:19","date_gmt":"2026-02-03T12:17:19","guid":{"rendered":"https:\/\/vof-news.eu\/asi-quedan-las-pensiones-en-2026-tras-el-nuevo-decreto-del-gobierno-para-subirlas-un-27\/"},"modified":"2026-02-03T15:18:17","modified_gmt":"2026-02-03T12:18:17","slug":"asi-quedan-las-pensiones-en-2026-tras-el-nuevo-decreto-del-gobierno-para-subirlas-un-27","status":"publish","type":"post","link":"https:\/\/vof-news.eu\/es\/asi-quedan-las-pensiones-en-2026-tras-el-nuevo-decreto-del-gobierno-para-subirlas-un-27\/","title":{"rendered":"As\u00ed quedan las pensiones en 2026 tras el nuevo decreto del Gobierno para subirlas un 2,7%"},"content":{"rendered":"<div>\n<p>\n<a href=\"https:\/\/www.eldiario.es\/politica\/gobierno-trabaja-aprobar-martes-nuevo-subida-pensiones_1_12957075.html\" rel=\"nofollow\">El Gobierno ha desgajado en dos el Real Decreto-Ley \u00f3mnibus<\/a> que aprob\u00f3 a finales del a\u00f1o pasado, en el que incluy\u00f3 la subida de las pensiones y el escudo social, para tratar de sacar ambas medidas adelante, despu\u00e9s de que el Congreso de los Diputados tumbara la norma la semana pasada, con los votos en contra de PP, Vox y Junts.\n    <\/p>\n<p>\n        La derogaci\u00f3n no afect\u00f3 al pago de enero, ya que la orden de la Seguridad Social y el cobro por parte de los beneficiarios se produjo antes de que decayera la norma, pero la revalorizaci\u00f3n en febrero no estaba asegurada. Este martes el Consejo de Ministros ha aprobado dos Reales decretos-Ley distintos, uno con la subida de las pensiones y <a href=\"https:\/\/www.eldiario.es\/politica\/pnv-pacta-gobierno-moratoria-antidesahucios-excluya-propietarios-sola-vivienda-alquiler_1_12957844.html\" rel=\"nofollow\">otro con el escudo social<\/a>, con cambios en la moratoria antidesahucios.\n    <\/p>\n<p>\n        La subida de las pensiones para este a\u00f1o es la conocida, un incremento <a href=\"https:\/\/www.eldiario.es\/economia\/oficial-pensiones-subiran-2-7-2026-compensar-inflacion_1_12839520.html\" rel=\"nofollow\">general de las pensiones del 2,7%<\/a>, para compensar las subidas de precios de los productos b\u00e1sicos, pero las m\u00e1s bajas crecer\u00e1n m\u00e1s:\u00a0<a href=\"https:\/\/www.eldiario.es\/economia\/pensiones-minimas-aumentaran-7-11-4-no-contributivas-ingreso-minimo-vital-11-4_1_12866492.html\" rel=\"nofollow\">las m\u00ednimas, entre un 7% y un 11,4%, y las no contributivas, un 11,4%<\/a>. La norma derogada tambi\u00e9n inclu\u00eda otros aspectos, como el\u00a0<a href=\"https:\/\/www.eldiario.es\/economia\/claves-acuerdo-pensiones-periodo-computo-opcional-ingresos-mejora-minimas_1_10021579.html\" rel=\"nofollow\">nuevo periodo de c\u00f3mputo opcional<\/a>, que se regul\u00f3 en la reforma de pensiones de 2023, pero que a\u00fan no hab\u00eda empezado a desplegarse.\n    <\/p>\n<p>\n        Estas de las novedades m\u00e1s importantes sobre las pensiones para 2026.\n    <\/p>\n<h2><strong>\u00bfCu\u00e1nto suben las pensiones?<\/strong><\/h2>\n<p>\n        La nueva norma consolida el aumento de las pensiones del 2,7%,\u00a0que es el dato de inflaci\u00f3n media del a\u00f1o anterior y la referencia aprobada en la reforma de pensiones de 2021 para mantener el poder adquisitivo de sus beneficiarios. Hay m\u00e1s de 9,4 millones de pensionistas en Espa\u00f1a y, aunque la gran mayor\u00eda son jubilados, estas prestaciones incluyen m\u00e1s tipos: incapacidad permanente, viudedad, orfandad y en favor de familiares.\n    <\/p>\n<p>\n        La subida del 2,7% supondr\u00e1, aproximadamente, \u201c572 euros adicionales al a\u00f1o\u201d para las personas con la pensi\u00f3n media de jubilaci\u00f3n, que se sit\u00faa alrededor de los 1.500 euros al mes. Son casi 41 euros m\u00e1s al mes, ya que las pensiones se abonan en 14 pagas, con la extra de verano y la de Navidad.\n    <\/p>\n<h2><strong>\u00bfCu\u00e1nto aumentan las pensiones m\u00ednimas?<\/strong><\/h2>\n<p>\n        M\u00e1s que el resto. El Gobierno ha aprobado un incremento del 7%, que en las \u201cpensiones con c\u00f3nyuge a cargo y de viudedad con cargas familiares\u201d alcanza el 11,4%, seg\u00fan indica la Seguridad Social.\n    <\/p>\n<p>\n        Por ejemplo,la pensi\u00f3n m\u00ednima de jubilaci\u00f3n para los hogares unipersonales aumenta en casi 62 euros al mes: queda fijada en 936,2 euros brutos al mes frente a los 874,4 euros mensuales de 2025. En el caso de la pensi\u00f3n m\u00ednima con c\u00f3nyuge a cargo aumenta en 129 euros al mes, hasta situarse en 1.256,6 euros al mes (en 2025, ha sido de 1.127,6 euros\u00a0al mes).\u00a0<a href=\"https:\/\/boe.es\/boe\/dias\/2025\/12\/24\/pdfs\/BOE-A-2025-26458.pdf\" rel=\"nofollow\">Aqu\u00ed se puede consultar el cuadro<\/a>\u00a0con todas las modalidades.\n    <\/p>\n<p>\n        \u201cLas pensiones de vejez e invalidez (SOVI) se revalorizar\u00e1n tambi\u00e9n en un 7,07% para 2026, lo que supone alcanzar los 599,60 euros mensuales en el caso de las no concurrentes, y los 582,10 euros mensuales para las concurrentes\u201d, explicaba la Seguridad Social.\n    <\/p>\n<p>\n        En la reforma de pensiones de 2023 se pact\u00f3 una senda de incrementos independiente para estas prestaciones, las m\u00e1s bajas del nivel contributivo, y tambi\u00e9n para las pensiones no contributivas, con el objetivo de aproximarlas al umbral de la pobreza.\u00a0<a href=\"https:\/\/www.eldiario.es\/economia\/preve-suban-pensiones-minimas-no-contributivas-2027_1_10588900.html\" rel=\"nofollow\">As\u00ed se ha hecho desde 2023 y se mantendr\u00e1 hasta 2027<\/a>.\n    <\/p>\n<h2><strong>\u00bfY las no contributivas?<\/strong><\/h2>\n<p>\n        Las pensiones no contributivas crecen un 11,4%. La cuant\u00eda de las pensiones de jubilaci\u00f3n e invalidez \u00edntegra, en su modalidad no contributiva, aumenta en 64 euros al mes y queda establecida en\u00a0629 euros mensuales, frente a los 564,7 euros al mes de 2025.\n    <\/p>\n<h2><strong>\u00bfC\u00f3mo queda la pensi\u00f3n m\u00e1xima?<\/strong><\/h2>\n<p>\n        La pensi\u00f3n m\u00e1xima del sistema rozar\u00e1 los 3.360 euros al mes, en 14 pagas, o 47.034 euros anuales. Se trata de 92 euros m\u00e1s al mes que en 2025, un 2,815% m\u00e1s respecto a los 3.268 euros mensuales de este a\u00f1o.\n    <\/p>\n<p>\n        El incremento de la pensi\u00f3n m\u00e1xima es algo superior a la subida general (2,7%) porque en el segundo bloque de la reforma de pensiones se acord\u00f3 que\u00a0<a href=\"https:\/\/www.eldiario.es\/economia\/claves-acuerdo-pensiones-periodo-computo-opcional-ingresos-mejora-minimas_1_10021579.html\" rel=\"nofollow\">los sueldos m\u00e1s altos fueran cotizando m\u00e1s al sistema<\/a>\u00a0de la Seguridad Social y, en paralelo, las pensiones m\u00e1ximas tambi\u00e9n ir\u00edan aumentando algo m\u00e1s. As\u00ed, su aumento es del IPC medio m\u00e1s un 0,115 puntos porcentuales cada a\u00f1o.\n    <\/p>\n<p>\n        No obstante, este incremento del 2,815% solo se aplica a las nuevas pensiones m\u00e1ximas del sistema, ya que es una compensaci\u00f3n por la mayor cotizaci\u00f3n que se est\u00e1 aplicando desde 2024 a los salarios m\u00e1s altos. Las pensiones m\u00e1ximas ya reconocidas aumentar\u00e1n un 2,7%, como el resto de pensiones.\n    <\/p>\n<p>\n        Adem\u00e1s, puede haber algunas pensiones por encima del nuevo m\u00e1ximo del sistema, esos 3.360 euros mensuales: aquellas que perciban adem\u00e1s el complemento contra la brecha de g\u00e9nero en las pensiones cuyos cambios detallamos a continuaci\u00f3n.\n    <\/p>\n<h2><strong>\u00bfY el complemento para reducir la brecha de g\u00e9nero?<\/strong><\/h2>\n<p>\n        Aumenta un 2,7%, en un porcentaje similar al de la subida general de las pensiones. Se trata de\u00a0<a href=\"https:\/\/www.eldiario.es\/economia\/preguntas-respuestas-nuevo-complemento-maternidad-pensiones-378-euros-anuales-hijo_1_7187655.html\" rel=\"nofollow\">un plus por hijo<\/a>\u00a0en las cuant\u00edas de las pensiones que fue regulado en 2021 \u2014para sustituir al anterior de maternidad\u2014 y que se asigna principalmente a las mujeres, aunque tambi\u00e9n lo pueden percibir hombres.\u00a0\n    <\/p>\n<p>\n        Este complemento aumenta en un euro al mes su cuant\u00eda respecto a 2025 y llegar\u00e1 a los 36,9 euros al mes por hijo en 2026. Este plus\u00a0<a href=\"https:\/\/www.eldiario.es\/economia\/complemento-brecha-genero-pensiones-ve-abocado-reforma-temor-retirada-plus-madres_1_12389535.html\" rel=\"nofollow\">est\u00e1 ahora mismo siendo objeto de revisi\u00f3n por el Gobierno<\/a>\u00a0tras la sentencia europea que consider\u00f3 que era discriminatorio para los hombres. Tras este fallo,\u00a0<a href=\"https:\/\/www.eldiario.es\/economia\/mitad-nuevos-complementos-brecha-genero-pensiones-cobran-hombres_1_12859781.html\" rel=\"nofollow\">el complemento se est\u00e1 reconociendo a m\u00e1s padres que a madres<\/a>.\n    <\/p>\n<h2><strong>Arranca el nuevo periodo de c\u00f3mputo opcional<\/strong><\/h2>\n<p>\n        A partir del 1 de enero se inicia\u00a0<a href=\"https:\/\/www.eldiario.es\/economia\/claves-acuerdo-pensiones-periodo-computo-opcional-ingresos-mejora-minimas_1_10021579.html\" rel=\"nofollow\">el nuevo periodo de c\u00f3mputo dual u opcional<\/a>\u00a0que regul\u00f3 la reforma de pensiones de 2023. Este consiste en que, en los pr\u00f3ximos a\u00f1os, los trabajadores podr\u00e1n jubilarse teniendo en cuenta los actuales \u00faltimos 25 a\u00f1os de la carrera laboral para calcular su pensi\u00f3n o elegir los mejores 27 a\u00f1os dentro de los \u00faltimos 29, seg\u00fan cu\u00e1l sea la m\u00e1s beneficiosa. Esta segunda opci\u00f3n se desplegar\u00e1 progresivamente a partir del a\u00f1o que ahora empieza y, desde 2044, el periodo que quedar\u00e1 ser\u00e1 solo el segundo.\n    <\/p>\n<p>\n        Este 2026, el periodo de c\u00f3mputo se podr\u00e1 calcular con los \u00faltimos 304 meses cotizados (25,33 a\u00f1os), de los que podr\u00e1n descartarse dos meses, o seguir optando por los 25 a\u00f1os vigentes. La Seguridad Social aplicar\u00e1 de oficio la opci\u00f3n m\u00e1s beneficiosa para el pensionista.\n    <\/p>\n<h2><strong>\u00bfCu\u00e1l ser\u00e1 la edad de jubilaci\u00f3n?<\/strong><\/h2>\n<p>\n        La edad legal para la jubilaci\u00f3n ordinaria sube dos meses en este nuevo a\u00f1o, hasta los 66 a\u00f1os y diez meses cumplidos. Se trata del \u00faltimo paso del periodo de transici\u00f3n iniciado en 2013 para alcanzar la meta de los 67 a\u00f1os en 2027.\n    <\/p>\n<p>\n        Las carreras m\u00e1s largas de cotizaci\u00f3n, de aquellas personas<strong>\u00a0<\/strong>que hayan cotizado 38 a\u00f1os y 3 meses o m\u00e1s, se mantendr\u00e1 en 65 a\u00f1os.\n    <\/p>\n<p>\n        As\u00ed, en 2026 se puede acceder ya a la jubilaci\u00f3n anticipada voluntaria a partir de los 64 a\u00f1os y 10 meses\u00a0para aquellas personas que hayan\u00a0cotizado menos de 38 a\u00f1os y 3 meses, y de los 63 a\u00f1os cuando hayan alcanzado este umbral. Es decir, dos a\u00f1os antes de la edad ordinaria y siempre que se cumplan el resto de requisitos.\n    <\/p>\n<h2><strong>\u00bfC\u00f3mo quedan las penalizaciones por jubilaci\u00f3n anticipada?<\/strong><\/h2>\n<p>\n        En el caso de las personas con derecho a la pensi\u00f3n m\u00e1xima, desde 2024 \u2014<a href=\"https:\/\/www.eldiario.es\/economia\/gobierno-sindicatos-empresarios-llegan-primer-acuerdo-reformar-pensiones-decada_1_8081459.html\" rel=\"nofollow\">fruto de la reforma de pensiones de 2021<\/a>\u2014 las penalizaciones (o coeficientes reductores) por jubilarse anticipadamente de manera voluntaria se van ampliando poco a poco.\n    <\/p>\n<p>\n        En 2026, las penalizaciones m\u00e1ximas \u2014por anticipar dos a\u00f1os la jubilaci\u00f3n\u2014 ir\u00e1n del 9,1% al 6,7%, seg\u00fan los a\u00f1os cotizados.\n    <\/p>\n<\/div>\n","protected":false},"excerpt":{"rendered":"<p>El Gobierno ha desgajado en dos el Real Decreto-Ley \u00f3mnibus que aprob\u00f3 a finales del a\u00f1o pasado, en el que incluy\u00f3 la subida de las pensiones y el escudo social, para tratar de sacar ambas medidas adelante, despu\u00e9s de que el Congreso de los Diputados tumbara la norma la semana pasada, con los votos en<\/p>\n","protected":false},"author":1,"featured_media":323020,"comment_status":"open","ping_status":"open","sticky":false,"template":"","format":"standard","meta":{"footnotes":""},"categories":[61],"tags":[],"class_list":["post-323019","post","type-post","status-publish","format-standard","has-post-thumbnail","hentry","category-business-es"],"acf":[],"yoast_head":"<!-- This site is optimized with the Yoast SEO plugin v22.9 - https:\/\/yoast.com\/wordpress\/plugins\/seo\/ -->\n<title>As\u00ed quedan las pensiones en 2026 tras el nuevo decreto del Gobierno para subirlas un 2,7% - vof-news.eu<\/title>\n<meta name=\"description\" content=\"El Gobierno ha desgajado en dos el Real Decreto-Ley \u00f3mnibus que aprob\u00f3 a finales del a\u00f1o pasado, en el que incluy\u00f3 la subida de las pensiones y el escudo social, para tratar de sacar ambas medidas adelante, despu\u00e9s de que el Congreso de los Diputados tumbara la norma la semana pasada, con los votos en contra de PP, Vox y Junts.\" \/>\n<meta name=\"robots\" content=\"noindex, follow, max-snippet:-1, max-image-preview:large, max-video-preview:-1\" \/>\n<meta property=\"og:locale\" content=\"es_ES\" \/>\n<meta property=\"og:type\" content=\"article\" \/>\n<meta property=\"og:title\" content=\"As\u00ed quedan las pensiones en 2026 tras el nuevo decreto del Gobierno para subirlas un 2,7% - vof-news.eu\" \/>\n<meta property=\"og:description\" content=\"El Gobierno ha desgajado en dos el Real Decreto-Ley \u00f3mnibus que aprob\u00f3 a finales del a\u00f1o pasado, en el que incluy\u00f3 la subida de las pensiones y el escudo social, para tratar de sacar ambas medidas adelante, despu\u00e9s de que el Congreso de los Diputados tumbara la norma la semana pasada, con los votos en contra de PP, Vox y Junts.\" \/>\n<meta property=\"og:url\" content=\"https:\/\/vof-news.eu\/es\/asi-quedan-las-pensiones-en-2026-tras-el-nuevo-decreto-del-gobierno-para-subirlas-un-27\/\" \/>\n<meta property=\"og:site_name\" content=\"vof-news.eu\" \/>\n<meta property=\"article:published_time\" content=\"2026-02-03T12:17:19+00:00\" \/>\n<meta property=\"article:modified_time\" content=\"2026-02-03T12:18:17+00:00\" \/>\n<meta property=\"og:image\" content=\"https:\/\/vof-news.eu\/wp-content\/uploads\/2026\/02\/6f692c3c-2d95-4692-9846-bc329f696b44_16-9-discover-aspect-ratio_default_0.jpg\" \/>\n\t<meta property=\"og:image:width\" content=\"1200\" \/>\n\t<meta property=\"og:image:height\" content=\"675\" \/>\n\t<meta property=\"og:image:type\" content=\"image\/jpeg\" \/>\n<meta name=\"author\" content=\"Author\" \/>\n<meta name=\"twitter:card\" content=\"summary_large_image\" \/>\n<meta name=\"twitter:label1\" content=\"Escrito por\" \/>\n\t<meta name=\"twitter:data1\" content=\"Author\" \/>\n\t<meta name=\"twitter:label2\" content=\"Tiempo de lectura\" \/>\n\t<meta name=\"twitter:data2\" content=\"7 minutos\" \/>\n<script type=\"application\/ld+json\" class=\"yoast-schema-graph\">{\"@context\":\"https:\/\/schema.org\",\"@graph\":[{\"@type\":\"WebPage\",\"@id\":\"https:\/\/vof-news.eu\/es\/asi-quedan-las-pensiones-en-2026-tras-el-nuevo-decreto-del-gobierno-para-subirlas-un-27\/\",\"url\":\"https:\/\/vof-news.eu\/es\/asi-quedan-las-pensiones-en-2026-tras-el-nuevo-decreto-del-gobierno-para-subirlas-un-27\/\",\"name\":\"As\u00ed quedan las pensiones en 2026 tras el nuevo decreto del Gobierno para subirlas un 2,7% - vof-news.eu\",\"isPartOf\":{\"@id\":\"https:\/\/vof-news.eu\/es\/#website\"},\"primaryImageOfPage\":{\"@id\":\"https:\/\/vof-news.eu\/es\/asi-quedan-las-pensiones-en-2026-tras-el-nuevo-decreto-del-gobierno-para-subirlas-un-27\/#primaryimage\"},\"image\":{\"@id\":\"https:\/\/vof-news.eu\/es\/asi-quedan-las-pensiones-en-2026-tras-el-nuevo-decreto-del-gobierno-para-subirlas-un-27\/#primaryimage\"},\"thumbnailUrl\":\"https:\/\/vof-news.eu\/wp-content\/uploads\/2026\/02\/6f692c3c-2d95-4692-9846-bc329f696b44_16-9-discover-aspect-ratio_default_0.jpg\",\"datePublished\":\"2026-02-03T12:17:19+00:00\",\"dateModified\":\"2026-02-03T12:18:17+00:00\",\"author\":{\"@id\":\"https:\/\/vof-news.eu\/es\/#\/schema\/person\/f6a2a4309f0561835797fd8c19b333ed\"},\"description\":\"El Gobierno ha desgajado en dos el Real Decreto-Ley \u00f3mnibus que aprob\u00f3 a finales del a\u00f1o pasado, en el que incluy\u00f3 la subida de las pensiones y el escudo social, para tratar de sacar ambas medidas adelante, despu\u00e9s de que el Congreso de los Diputados tumbara la norma la semana pasada, con los votos en contra de PP, Vox y Junts.\",\"breadcrumb\":{\"@id\":\"https:\/\/vof-news.eu\/es\/asi-quedan-las-pensiones-en-2026-tras-el-nuevo-decreto-del-gobierno-para-subirlas-un-27\/#breadcrumb\"},\"inLanguage\":\"es\",\"potentialAction\":[{\"@type\":\"ReadAction\",\"target\":[\"https:\/\/vof-news.eu\/es\/asi-quedan-las-pensiones-en-2026-tras-el-nuevo-decreto-del-gobierno-para-subirlas-un-27\/\"]}]},{\"@type\":\"ImageObject\",\"inLanguage\":\"es\",\"@id\":\"https:\/\/vof-news.eu\/es\/asi-quedan-las-pensiones-en-2026-tras-el-nuevo-decreto-del-gobierno-para-subirlas-un-27\/#primaryimage\",\"url\":\"https:\/\/vof-news.eu\/wp-content\/uploads\/2026\/02\/6f692c3c-2d95-4692-9846-bc329f696b44_16-9-discover-aspect-ratio_default_0.jpg\",\"contentUrl\":\"https:\/\/vof-news.eu\/wp-content\/uploads\/2026\/02\/6f692c3c-2d95-4692-9846-bc329f696b44_16-9-discover-aspect-ratio_default_0.jpg\",\"width\":1200,\"height\":675},{\"@type\":\"BreadcrumbList\",\"@id\":\"https:\/\/vof-news.eu\/es\/asi-quedan-las-pensiones-en-2026-tras-el-nuevo-decreto-del-gobierno-para-subirlas-un-27\/#breadcrumb\",\"itemListElement\":[{\"@type\":\"ListItem\",\"position\":1,\"name\":\"Home\",\"item\":\"https:\/\/vof-news.eu\/es\/\"},{\"@type\":\"ListItem\",\"position\":2,\"name\":\"As\u00ed quedan las pensiones en 2026 tras el nuevo decreto del Gobierno para subirlas un 2,7%\"}]},{\"@type\":\"WebSite\",\"@id\":\"https:\/\/vof-news.eu\/es\/#website\",\"url\":\"https:\/\/vof-news.eu\/es\/\",\"name\":\"vof-news.eu\",\"description\":\"\",\"potentialAction\":[{\"@type\":\"SearchAction\",\"target\":{\"@type\":\"EntryPoint\",\"urlTemplate\":\"https:\/\/vof-news.eu\/es\/?s={search_term_string}\"},\"query-input\":\"required name=search_term_string\"}],\"inLanguage\":\"es\"},{\"@type\":\"Person\",\"@id\":\"https:\/\/vof-news.eu\/es\/#\/schema\/person\/f6a2a4309f0561835797fd8c19b333ed\",\"name\":\"Author\",\"image\":{\"@type\":\"ImageObject\",\"inLanguage\":\"es\",\"@id\":\"https:\/\/vof-news.eu\/es\/#\/schema\/person\/image\/\",\"url\":\"https:\/\/secure.gravatar.com\/avatar\/b67e614b1b25b3e9c0c239efdd2fde5ab015b5affd6f1c3c85911ca4b384e790?s=96&d=mm&r=g\",\"contentUrl\":\"https:\/\/secure.gravatar.com\/avatar\/b67e614b1b25b3e9c0c239efdd2fde5ab015b5affd6f1c3c85911ca4b384e790?s=96&d=mm&r=g\",\"caption\":\"Author\"},\"sameAs\":[\"http:\/\/vof-news.eu\"],\"url\":\"https:\/\/vof-news.eu\/es\/author\/zwt6qxnjulxbnyg\/\"}]}<\/script>\n<!-- \/ Yoast SEO plugin. -->","yoast_head_json":{"title":"As\u00ed quedan las pensiones en 2026 tras el nuevo decreto del Gobierno para subirlas un 2,7% - vof-news.eu","description":"El Gobierno ha desgajado en dos el Real Decreto-Ley \u00f3mnibus que aprob\u00f3 a finales del a\u00f1o pasado, en el que incluy\u00f3 la subida de las pensiones y el escudo social, para tratar de sacar ambas medidas adelante, despu\u00e9s de que el Congreso de los Diputados tumbara la norma la semana pasada, con los votos en contra de PP, Vox y Junts.","robots":{"index":"noindex","follow":"follow","max-snippet":"max-snippet:-1","max-image-preview":"max-image-preview:large","max-video-preview":"max-video-preview:-1"},"og_locale":"es_ES","og_type":"article","og_title":"As\u00ed quedan las pensiones en 2026 tras el nuevo decreto del Gobierno para subirlas un 2,7% - vof-news.eu","og_description":"El Gobierno ha desgajado en dos el Real Decreto-Ley \u00f3mnibus que aprob\u00f3 a finales del a\u00f1o pasado, en el que incluy\u00f3 la subida de las pensiones y el escudo social, para tratar de sacar ambas medidas adelante, despu\u00e9s de que el Congreso de los Diputados tumbara la norma la semana pasada, con los votos en contra de PP, Vox y Junts.","og_url":"https:\/\/vof-news.eu\/es\/asi-quedan-las-pensiones-en-2026-tras-el-nuevo-decreto-del-gobierno-para-subirlas-un-27\/","og_site_name":"vof-news.eu","article_published_time":"2026-02-03T12:17:19+00:00","article_modified_time":"2026-02-03T12:18:17+00:00","og_image":[{"width":1200,"height":675,"url":"https:\/\/vof-news.eu\/wp-content\/uploads\/2026\/02\/6f692c3c-2d95-4692-9846-bc329f696b44_16-9-discover-aspect-ratio_default_0.jpg","type":"image\/jpeg"}],"author":"Author","twitter_card":"summary_large_image","twitter_misc":{"Escrito por":"Author","Tiempo de lectura":"7 minutos"},"schema":{"@context":"https:\/\/schema.org","@graph":[{"@type":"WebPage","@id":"https:\/\/vof-news.eu\/es\/asi-quedan-las-pensiones-en-2026-tras-el-nuevo-decreto-del-gobierno-para-subirlas-un-27\/","url":"https:\/\/vof-news.eu\/es\/asi-quedan-las-pensiones-en-2026-tras-el-nuevo-decreto-del-gobierno-para-subirlas-un-27\/","name":"As\u00ed quedan las pensiones en 2026 tras el nuevo decreto del Gobierno para subirlas un 2,7% - vof-news.eu","isPartOf":{"@id":"https:\/\/vof-news.eu\/es\/#website"},"primaryImageOfPage":{"@id":"https:\/\/vof-news.eu\/es\/asi-quedan-las-pensiones-en-2026-tras-el-nuevo-decreto-del-gobierno-para-subirlas-un-27\/#primaryimage"},"image":{"@id":"https:\/\/vof-news.eu\/es\/asi-quedan-las-pensiones-en-2026-tras-el-nuevo-decreto-del-gobierno-para-subirlas-un-27\/#primaryimage"},"thumbnailUrl":"https:\/\/vof-news.eu\/wp-content\/uploads\/2026\/02\/6f692c3c-2d95-4692-9846-bc329f696b44_16-9-discover-aspect-ratio_default_0.jpg","datePublished":"2026-02-03T12:17:19+00:00","dateModified":"2026-02-03T12:18:17+00:00","author":{"@id":"https:\/\/vof-news.eu\/es\/#\/schema\/person\/f6a2a4309f0561835797fd8c19b333ed"},"description":"El Gobierno ha desgajado en dos el Real Decreto-Ley \u00f3mnibus que aprob\u00f3 a finales del a\u00f1o pasado, en el que incluy\u00f3 la subida de las pensiones y el escudo social, para tratar de sacar ambas medidas adelante, despu\u00e9s de que el Congreso de los Diputados tumbara la norma la semana pasada, con los votos en contra de PP, Vox y Junts.","breadcrumb":{"@id":"https:\/\/vof-news.eu\/es\/asi-quedan-las-pensiones-en-2026-tras-el-nuevo-decreto-del-gobierno-para-subirlas-un-27\/#breadcrumb"},"inLanguage":"es","potentialAction":[{"@type":"ReadAction","target":["https:\/\/vof-news.eu\/es\/asi-quedan-las-pensiones-en-2026-tras-el-nuevo-decreto-del-gobierno-para-subirlas-un-27\/"]}]},{"@type":"ImageObject","inLanguage":"es","@id":"https:\/\/vof-news.eu\/es\/asi-quedan-las-pensiones-en-2026-tras-el-nuevo-decreto-del-gobierno-para-subirlas-un-27\/#primaryimage","url":"https:\/\/vof-news.eu\/wp-content\/uploads\/2026\/02\/6f692c3c-2d95-4692-9846-bc329f696b44_16-9-discover-aspect-ratio_default_0.jpg","contentUrl":"https:\/\/vof-news.eu\/wp-content\/uploads\/2026\/02\/6f692c3c-2d95-4692-9846-bc329f696b44_16-9-discover-aspect-ratio_default_0.jpg","width":1200,"height":675},{"@type":"BreadcrumbList","@id":"https:\/\/vof-news.eu\/es\/asi-quedan-las-pensiones-en-2026-tras-el-nuevo-decreto-del-gobierno-para-subirlas-un-27\/#breadcrumb","itemListElement":[{"@type":"ListItem","position":1,"name":"Home","item":"https:\/\/vof-news.eu\/es\/"},{"@type":"ListItem","position":2,"name":"As\u00ed quedan las pensiones en 2026 tras el nuevo decreto del Gobierno para subirlas un 2,7%"}]},{"@type":"WebSite","@id":"https:\/\/vof-news.eu\/es\/#website","url":"https:\/\/vof-news.eu\/es\/","name":"vof-news.eu","description":"","potentialAction":[{"@type":"SearchAction","target":{"@type":"EntryPoint","urlTemplate":"https:\/\/vof-news.eu\/es\/?s={search_term_string}"},"query-input":"required name=search_term_string"}],"inLanguage":"es"},{"@type":"Person","@id":"https:\/\/vof-news.eu\/es\/#\/schema\/person\/f6a2a4309f0561835797fd8c19b333ed","name":"Author","image":{"@type":"ImageObject","inLanguage":"es","@id":"https:\/\/vof-news.eu\/es\/#\/schema\/person\/image\/","url":"https:\/\/secure.gravatar.com\/avatar\/b67e614b1b25b3e9c0c239efdd2fde5ab015b5affd6f1c3c85911ca4b384e790?s=96&d=mm&r=g","contentUrl":"https:\/\/secure.gravatar.com\/avatar\/b67e614b1b25b3e9c0c239efdd2fde5ab015b5affd6f1c3c85911ca4b384e790?s=96&d=mm&r=g","caption":"Author"},"sameAs":["http:\/\/vof-news.eu"],"url":"https:\/\/vof-news.eu\/es\/author\/zwt6qxnjulxbnyg\/"}]}},"yoast_meta":{"yoast_wpseo_title":"","yoast_wpseo_metadesc":"","yoast_wpseo_canonical":""},"_links":{"self":[{"href":"https:\/\/vof-news.eu\/es\/wp-json\/wp\/v2\/posts\/323019","targetHints":{"allow":["GET"]}}],"collection":[{"href":"https:\/\/vof-news.eu\/es\/wp-json\/wp\/v2\/posts"}],"about":[{"href":"https:\/\/vof-news.eu\/es\/wp-json\/wp\/v2\/types\/post"}],"author":[{"embeddable":true,"href":"https:\/\/vof-news.eu\/es\/wp-json\/wp\/v2\/users\/1"}],"replies":[{"embeddable":true,"href":"https:\/\/vof-news.eu\/es\/wp-json\/wp\/v2\/comments?post=323019"}],"version-history":[{"count":1,"href":"https:\/\/vof-news.eu\/es\/wp-json\/wp\/v2\/posts\/323019\/revisions"}],"predecessor-version":[{"id":323026,"href":"https:\/\/vof-news.eu\/es\/wp-json\/wp\/v2\/posts\/323019\/revisions\/323026"}],"wp:featuredmedia":[{"embeddable":true,"href":"https:\/\/vof-news.eu\/es\/wp-json\/wp\/v2\/media\/323020"}],"wp:attachment":[{"href":"https:\/\/vof-news.eu\/es\/wp-json\/wp\/v2\/media?parent=323019"}],"wp:term":[{"taxonomy":"category","embeddable":true,"href":"https:\/\/vof-news.eu\/es\/wp-json\/wp\/v2\/categories?post=323019"},{"taxonomy":"post_tag","embeddable":true,"href":"https:\/\/vof-news.eu\/es\/wp-json\/wp\/v2\/tags?post=323019"}],"curies":[{"name":"wp","href":"https:\/\/api.w.org\/{rel}","templated":true}]}}