{"id":322993,"date":"2026-02-03T13:18:27","date_gmt":"2026-02-03T10:18:27","guid":{"rendered":"https:\/\/vof-news.eu\/el-pnv-pacta-con-el-gobierno-que-la-moratoria-antidesahucios-excluya-a-los-propietarios-con-una-sola-vivienda-en-alquiler\/"},"modified":"2026-02-03T13:19:03","modified_gmt":"2026-02-03T10:19:03","slug":"el-pnv-pacta-con-el-gobierno-que-la-moratoria-antidesahucios-excluya-a-los-propietarios-con-una-sola-vivienda-en-alquiler","status":"publish","type":"post","link":"https:\/\/vof-news.eu\/es\/el-pnv-pacta-con-el-gobierno-que-la-moratoria-antidesahucios-excluya-a-los-propietarios-con-una-sola-vivienda-en-alquiler\/","title":{"rendered":"El PNV pacta con el Gobierno que la moratoria antidesahucios excluya a los propietarios con una sola vivienda en alquiler"},"content":{"rendered":"<div>\n<p>\n        El Partido Nacionalista Vasco (PNV) ha anunciado este martes un pacto con el Gobierno para que la moratoria antidesahucios no afecte a los propietarios de hasta dos viviendas, una para residencia habitual y otra para alquiler. El Ejecutivo lleva varios d\u00edas negociando a varias bandas con los socios para tratar de destrabar el decreto de la revalorizaci\u00f3n de las pensiones, que Junts y el PP tumbaron la semana pasada, entre otros asuntos por esta moratoria, que aseguran sin pruebas que favorece la okupaci\u00f3n. El grupo vasco, aunque vot\u00f3 a favor del paquete de medidas, se hab\u00eda quejado de que el Ejecutivo hubiera incluido esta moratoria sin negociar con los socios.\n    <\/p>\n<p>\n        Uno de los puntos que m\u00e1s preocupaba a los nacionalistas vascos era la imposibilidad para los peque\u00f1os propietarios de desahuciar a las personas en situaci\u00f3n de vulnerabilidad que tienen un contrato de alquiler pero que no pueden pagar su renta mensual. Por eso, el Gobierno ha tratado de negociar este punto con ellos y ha aceptado su petici\u00f3n para que la moratoria no afecte a los propietarios con hasta dos viviendas, una para uso residencial y la otra destinada al alquiler.\n    <\/p>\n<p>\n        \u201cDe esta forma se tiene en cuenta la situaci\u00f3n de estas personas y se les permite recuperar la posiblidad de alquilar sus pisos, evitando que contin\u00faen los meses de impago\u201d, trasladan fuentes del grupo. \u201cEl grupo vasco valora que el gobierno espa\u00f1ol haya aceptado este acuerdo de m\u00ednimos, con la confianza de que esto permita a los grupos parlamentarios seguir negociando mejroas en materia de vivienda en este nuevo a\u00f1o de pr\u00f3rroga del escudo social.\n    <\/p>\n<p>\n        \u201cEl Grupo Vasco en el Congreso celebra que el Gobierno espa\u00f1ol ampl\u00ede el escudo social a los peque\u00f1os propietarios con una sola vivienda en alquiler, dej\u00e1ndolos exentos de asumir la carga de ofrecer una alternativa habitacional a personas en situaci\u00f3n de vulnerabilidad. La nueva redacci\u00f3n del decreto que prev\u00e9 aprobar el Gobierno espa\u00f1ol incluye la petici\u00f3n concreta que hab\u00eda realizado el Grupo Vasco y exonera de esta obligaci\u00f3n a aquellos propietarios que solo tienen una o dos propiedades, siendo una de ellas la vivienda habitual y la otra la que tienen en alquiler\u201d, explica el PNV en su nota.\n    <\/p>\n<p>\n        A falta de conocer el detalle concreto del acuerdo, la principal duda tras este pacto tiene que ver con las consecuencias que tendr\u00e1 esta nueva redacci\u00f3n del decreto para el resto de negociaciones con los socios. Este gesto podr\u00eda acercar a Junts, que ha sido muy cr\u00edtico con la medida pese a que ha votado a favor de ella en el pasado, pero al mismo tiempo alejar a Podemos, que insiste desde hace tiempo en hacer permanente esta moratoria pero en los t\u00e9rminos en los que se ha aprobado en el Congreso hasta ahora.\n    <\/p>\n<p>\n        De entrada, la secretaria general de Podemos, Ione Belarra, ha criticado la posici\u00f3n del PNV. \u201cEl PNV acuerda con el PSOE echar a la calle a los inquilinos vulnerables que vivan en viviendas de caseros \u201dsolo\u201c tienen una vivienda para alquilar. Pobrecitos, solo pertenecen al grupo m\u00e1s rico de nuestra sociedad. Asco absoluto\u201d, ha escrito en sus redes sociales.\n    <\/p>\n<\/div>\n","protected":false},"excerpt":{"rendered":"<p>El Partido Nacionalista Vasco (PNV) ha anunciado este martes un pacto con el Gobierno para que la moratoria antidesahucios no afecte a los propietarios de hasta dos viviendas, una para residencia habitual y otra para alquiler. El Ejecutivo lleva varios d\u00edas negociando a varias bandas con los socios para tratar de destrabar el decreto de<\/p>\n","protected":false},"author":1,"featured_media":322994,"comment_status":"open","ping_status":"open","sticky":false,"template":"","format":"standard","meta":{"footnotes":""},"categories":[71],"tags":[],"class_list":["post-322993","post","type-post","status-publish","format-standard","has-post-thumbnail","hentry","category-politics-es"],"acf":[],"yoast_head":"<!-- This site is optimized with the Yoast SEO plugin v22.9 - https:\/\/yoast.com\/wordpress\/plugins\/seo\/ -->\n<title>El PNV pacta con el Gobierno que la moratoria antidesahucios excluya a los propietarios con una sola vivienda en alquiler - vof-news.eu<\/title>\n<meta name=\"description\" content=\"El Partido Nacionalista Vasco (PNV) ha anunciado este martes un pacto con el Gobierno para que la moratoria antidesahucios no afecte a los propietarios de hasta dos viviendas, una para residencia habitual y otra para alquiler. El Ejecutivo lleva varios d\u00edas negociando a varias bandas con los socios para tratar de destrabar el decreto de la revalorizaci\u00f3n de las pensiones, que Junts y el PP tumbaron la semana pasada, entre otros asuntos por esta moratoria, que aseguran sin pruebas que favorece la okupaci\u00f3n. El grupo vasco, aunque vot\u00f3 a favor del paquete de medidas, se hab\u00eda quejado de que el Ejecutivo hubiera incluido esta moratoria sin negociar con los socios.\" \/>\n<meta name=\"robots\" content=\"noindex, follow, max-snippet:-1, max-image-preview:large, max-video-preview:-1\" \/>\n<meta property=\"og:locale\" content=\"es_ES\" \/>\n<meta property=\"og:type\" content=\"article\" \/>\n<meta property=\"og:title\" content=\"El PNV pacta con el Gobierno que la moratoria antidesahucios excluya a los propietarios con una sola vivienda en alquiler - vof-news.eu\" \/>\n<meta property=\"og:description\" content=\"El Partido Nacionalista Vasco (PNV) ha anunciado este martes un pacto con el Gobierno para que la moratoria antidesahucios no afecte a los propietarios de hasta dos viviendas, una para residencia habitual y otra para alquiler. El Ejecutivo lleva varios d\u00edas negociando a varias bandas con los socios para tratar de destrabar el decreto de la revalorizaci\u00f3n de las pensiones, que Junts y el PP tumbaron la semana pasada, entre otros asuntos por esta moratoria, que aseguran sin pruebas que favorece la okupaci\u00f3n. El grupo vasco, aunque vot\u00f3 a favor del paquete de medidas, se hab\u00eda quejado de que el Ejecutivo hubiera incluido esta moratoria sin negociar con los socios.\" \/>\n<meta property=\"og:url\" content=\"https:\/\/vof-news.eu\/es\/el-pnv-pacta-con-el-gobierno-que-la-moratoria-antidesahucios-excluya-a-los-propietarios-con-una-sola-vivienda-en-alquiler\/\" \/>\n<meta property=\"og:site_name\" content=\"vof-news.eu\" \/>\n<meta property=\"article:published_time\" content=\"2026-02-03T10:18:27+00:00\" \/>\n<meta property=\"article:modified_time\" content=\"2026-02-03T10:19:03+00:00\" \/>\n<meta property=\"og:image\" content=\"https:\/\/vof-news.eu\/wp-content\/uploads\/2026\/02\/93f47ee0-efec-44fa-90a7-f1612d6c8ceb_16-9-discover-aspect-ratio_default_0_x2009y379.jpg\" \/>\n\t<meta property=\"og:image:width\" content=\"1200\" \/>\n\t<meta property=\"og:image:height\" content=\"675\" \/>\n\t<meta property=\"og:image:type\" content=\"image\/jpeg\" \/>\n<meta name=\"author\" content=\"Author\" \/>\n<meta name=\"twitter:card\" content=\"summary_large_image\" \/>\n<meta name=\"twitter:label1\" content=\"Escrito por\" \/>\n\t<meta name=\"twitter:data1\" content=\"Author\" \/>\n\t<meta name=\"twitter:label2\" content=\"Tiempo de lectura\" \/>\n\t<meta name=\"twitter:data2\" content=\"3 minutos\" \/>\n<script type=\"application\/ld+json\" class=\"yoast-schema-graph\">{\"@context\":\"https:\/\/schema.org\",\"@graph\":[{\"@type\":\"WebPage\",\"@id\":\"https:\/\/vof-news.eu\/es\/el-pnv-pacta-con-el-gobierno-que-la-moratoria-antidesahucios-excluya-a-los-propietarios-con-una-sola-vivienda-en-alquiler\/\",\"url\":\"https:\/\/vof-news.eu\/es\/el-pnv-pacta-con-el-gobierno-que-la-moratoria-antidesahucios-excluya-a-los-propietarios-con-una-sola-vivienda-en-alquiler\/\",\"name\":\"El PNV pacta con el Gobierno que la moratoria antidesahucios excluya a los propietarios con una sola vivienda en alquiler - vof-news.eu\",\"isPartOf\":{\"@id\":\"https:\/\/vof-news.eu\/es\/#website\"},\"primaryImageOfPage\":{\"@id\":\"https:\/\/vof-news.eu\/es\/el-pnv-pacta-con-el-gobierno-que-la-moratoria-antidesahucios-excluya-a-los-propietarios-con-una-sola-vivienda-en-alquiler\/#primaryimage\"},\"image\":{\"@id\":\"https:\/\/vof-news.eu\/es\/el-pnv-pacta-con-el-gobierno-que-la-moratoria-antidesahucios-excluya-a-los-propietarios-con-una-sola-vivienda-en-alquiler\/#primaryimage\"},\"thumbnailUrl\":\"https:\/\/vof-news.eu\/wp-content\/uploads\/2026\/02\/93f47ee0-efec-44fa-90a7-f1612d6c8ceb_16-9-discover-aspect-ratio_default_0_x2009y379.jpg\",\"datePublished\":\"2026-02-03T10:18:27+00:00\",\"dateModified\":\"2026-02-03T10:19:03+00:00\",\"author\":{\"@id\":\"https:\/\/vof-news.eu\/es\/#\/schema\/person\/f6a2a4309f0561835797fd8c19b333ed\"},\"description\":\"El Partido Nacionalista Vasco (PNV) ha anunciado este martes un pacto con el Gobierno para que la moratoria antidesahucios no afecte a los propietarios de hasta dos viviendas, una para residencia habitual y otra para alquiler. El Ejecutivo lleva varios d\u00edas negociando a varias bandas con los socios para tratar de destrabar el decreto de la revalorizaci\u00f3n de las pensiones, que Junts y el PP tumbaron la semana pasada, entre otros asuntos por esta moratoria, que aseguran sin pruebas que favorece la okupaci\u00f3n. El grupo vasco, aunque vot\u00f3 a favor del paquete de medidas, se hab\u00eda quejado de que el Ejecutivo hubiera incluido esta moratoria sin negociar con los socios.\",\"breadcrumb\":{\"@id\":\"https:\/\/vof-news.eu\/es\/el-pnv-pacta-con-el-gobierno-que-la-moratoria-antidesahucios-excluya-a-los-propietarios-con-una-sola-vivienda-en-alquiler\/#breadcrumb\"},\"inLanguage\":\"es\",\"potentialAction\":[{\"@type\":\"ReadAction\",\"target\":[\"https:\/\/vof-news.eu\/es\/el-pnv-pacta-con-el-gobierno-que-la-moratoria-antidesahucios-excluya-a-los-propietarios-con-una-sola-vivienda-en-alquiler\/\"]}]},{\"@type\":\"ImageObject\",\"inLanguage\":\"es\",\"@id\":\"https:\/\/vof-news.eu\/es\/el-pnv-pacta-con-el-gobierno-que-la-moratoria-antidesahucios-excluya-a-los-propietarios-con-una-sola-vivienda-en-alquiler\/#primaryimage\",\"url\":\"https:\/\/vof-news.eu\/wp-content\/uploads\/2026\/02\/93f47ee0-efec-44fa-90a7-f1612d6c8ceb_16-9-discover-aspect-ratio_default_0_x2009y379.jpg\",\"contentUrl\":\"https:\/\/vof-news.eu\/wp-content\/uploads\/2026\/02\/93f47ee0-efec-44fa-90a7-f1612d6c8ceb_16-9-discover-aspect-ratio_default_0_x2009y379.jpg\",\"width\":1200,\"height\":675},{\"@type\":\"BreadcrumbList\",\"@id\":\"https:\/\/vof-news.eu\/es\/el-pnv-pacta-con-el-gobierno-que-la-moratoria-antidesahucios-excluya-a-los-propietarios-con-una-sola-vivienda-en-alquiler\/#breadcrumb\",\"itemListElement\":[{\"@type\":\"ListItem\",\"position\":1,\"name\":\"Home\",\"item\":\"https:\/\/vof-news.eu\/es\/\"},{\"@type\":\"ListItem\",\"position\":2,\"name\":\"El PNV pacta con el Gobierno que la moratoria antidesahucios excluya a los propietarios con una sola vivienda en alquiler\"}]},{\"@type\":\"WebSite\",\"@id\":\"https:\/\/vof-news.eu\/es\/#website\",\"url\":\"https:\/\/vof-news.eu\/es\/\",\"name\":\"vof-news.eu\",\"description\":\"\",\"potentialAction\":[{\"@type\":\"SearchAction\",\"target\":{\"@type\":\"EntryPoint\",\"urlTemplate\":\"https:\/\/vof-news.eu\/es\/?s={search_term_string}\"},\"query-input\":\"required name=search_term_string\"}],\"inLanguage\":\"es\"},{\"@type\":\"Person\",\"@id\":\"https:\/\/vof-news.eu\/es\/#\/schema\/person\/f6a2a4309f0561835797fd8c19b333ed\",\"name\":\"Author\",\"image\":{\"@type\":\"ImageObject\",\"inLanguage\":\"es\",\"@id\":\"https:\/\/vof-news.eu\/es\/#\/schema\/person\/image\/\",\"url\":\"https:\/\/secure.gravatar.com\/avatar\/b67e614b1b25b3e9c0c239efdd2fde5ab015b5affd6f1c3c85911ca4b384e790?s=96&d=mm&r=g\",\"contentUrl\":\"https:\/\/secure.gravatar.com\/avatar\/b67e614b1b25b3e9c0c239efdd2fde5ab015b5affd6f1c3c85911ca4b384e790?s=96&d=mm&r=g\",\"caption\":\"Author\"},\"sameAs\":[\"http:\/\/vof-news.eu\"],\"url\":\"https:\/\/vof-news.eu\/es\/author\/zwt6qxnjulxbnyg\/\"}]}<\/script>\n<!-- \/ Yoast SEO plugin. -->","yoast_head_json":{"title":"El PNV pacta con el Gobierno que la moratoria antidesahucios excluya a los propietarios con una sola vivienda en alquiler - vof-news.eu","description":"El Partido Nacionalista Vasco (PNV) ha anunciado este martes un pacto con el Gobierno para que la moratoria antidesahucios no afecte a los propietarios de hasta dos viviendas, una para residencia habitual y otra para alquiler. El Ejecutivo lleva varios d\u00edas negociando a varias bandas con los socios para tratar de destrabar el decreto de la revalorizaci\u00f3n de las pensiones, que Junts y el PP tumbaron la semana pasada, entre otros asuntos por esta moratoria, que aseguran sin pruebas que favorece la okupaci\u00f3n. El grupo vasco, aunque vot\u00f3 a favor del paquete de medidas, se hab\u00eda quejado de que el Ejecutivo hubiera incluido esta moratoria sin negociar con los socios.","robots":{"index":"noindex","follow":"follow","max-snippet":"max-snippet:-1","max-image-preview":"max-image-preview:large","max-video-preview":"max-video-preview:-1"},"og_locale":"es_ES","og_type":"article","og_title":"El PNV pacta con el Gobierno que la moratoria antidesahucios excluya a los propietarios con una sola vivienda en alquiler - vof-news.eu","og_description":"El Partido Nacionalista Vasco (PNV) ha anunciado este martes un pacto con el Gobierno para que la moratoria antidesahucios no afecte a los propietarios de hasta dos viviendas, una para residencia habitual y otra para alquiler. El Ejecutivo lleva varios d\u00edas negociando a varias bandas con los socios para tratar de destrabar el decreto de la revalorizaci\u00f3n de las pensiones, que Junts y el PP tumbaron la semana pasada, entre otros asuntos por esta moratoria, que aseguran sin pruebas que favorece la okupaci\u00f3n. El grupo vasco, aunque vot\u00f3 a favor del paquete de medidas, se hab\u00eda quejado de que el Ejecutivo hubiera incluido esta moratoria sin negociar con los socios.","og_url":"https:\/\/vof-news.eu\/es\/el-pnv-pacta-con-el-gobierno-que-la-moratoria-antidesahucios-excluya-a-los-propietarios-con-una-sola-vivienda-en-alquiler\/","og_site_name":"vof-news.eu","article_published_time":"2026-02-03T10:18:27+00:00","article_modified_time":"2026-02-03T10:19:03+00:00","og_image":[{"width":1200,"height":675,"url":"https:\/\/vof-news.eu\/wp-content\/uploads\/2026\/02\/93f47ee0-efec-44fa-90a7-f1612d6c8ceb_16-9-discover-aspect-ratio_default_0_x2009y379.jpg","type":"image\/jpeg"}],"author":"Author","twitter_card":"summary_large_image","twitter_misc":{"Escrito por":"Author","Tiempo de lectura":"3 minutos"},"schema":{"@context":"https:\/\/schema.org","@graph":[{"@type":"WebPage","@id":"https:\/\/vof-news.eu\/es\/el-pnv-pacta-con-el-gobierno-que-la-moratoria-antidesahucios-excluya-a-los-propietarios-con-una-sola-vivienda-en-alquiler\/","url":"https:\/\/vof-news.eu\/es\/el-pnv-pacta-con-el-gobierno-que-la-moratoria-antidesahucios-excluya-a-los-propietarios-con-una-sola-vivienda-en-alquiler\/","name":"El PNV pacta con el Gobierno que la moratoria antidesahucios excluya a los propietarios con una sola vivienda en alquiler - vof-news.eu","isPartOf":{"@id":"https:\/\/vof-news.eu\/es\/#website"},"primaryImageOfPage":{"@id":"https:\/\/vof-news.eu\/es\/el-pnv-pacta-con-el-gobierno-que-la-moratoria-antidesahucios-excluya-a-los-propietarios-con-una-sola-vivienda-en-alquiler\/#primaryimage"},"image":{"@id":"https:\/\/vof-news.eu\/es\/el-pnv-pacta-con-el-gobierno-que-la-moratoria-antidesahucios-excluya-a-los-propietarios-con-una-sola-vivienda-en-alquiler\/#primaryimage"},"thumbnailUrl":"https:\/\/vof-news.eu\/wp-content\/uploads\/2026\/02\/93f47ee0-efec-44fa-90a7-f1612d6c8ceb_16-9-discover-aspect-ratio_default_0_x2009y379.jpg","datePublished":"2026-02-03T10:18:27+00:00","dateModified":"2026-02-03T10:19:03+00:00","author":{"@id":"https:\/\/vof-news.eu\/es\/#\/schema\/person\/f6a2a4309f0561835797fd8c19b333ed"},"description":"El Partido Nacionalista Vasco (PNV) ha anunciado este martes un pacto con el Gobierno para que la moratoria antidesahucios no afecte a los propietarios de hasta dos viviendas, una para residencia habitual y otra para alquiler. El Ejecutivo lleva varios d\u00edas negociando a varias bandas con los socios para tratar de destrabar el decreto de la revalorizaci\u00f3n de las pensiones, que Junts y el PP tumbaron la semana pasada, entre otros asuntos por esta moratoria, que aseguran sin pruebas que favorece la okupaci\u00f3n. El grupo vasco, aunque vot\u00f3 a favor del paquete de medidas, se hab\u00eda quejado de que el Ejecutivo hubiera incluido esta moratoria sin negociar con los socios.","breadcrumb":{"@id":"https:\/\/vof-news.eu\/es\/el-pnv-pacta-con-el-gobierno-que-la-moratoria-antidesahucios-excluya-a-los-propietarios-con-una-sola-vivienda-en-alquiler\/#breadcrumb"},"inLanguage":"es","potentialAction":[{"@type":"ReadAction","target":["https:\/\/vof-news.eu\/es\/el-pnv-pacta-con-el-gobierno-que-la-moratoria-antidesahucios-excluya-a-los-propietarios-con-una-sola-vivienda-en-alquiler\/"]}]},{"@type":"ImageObject","inLanguage":"es","@id":"https:\/\/vof-news.eu\/es\/el-pnv-pacta-con-el-gobierno-que-la-moratoria-antidesahucios-excluya-a-los-propietarios-con-una-sola-vivienda-en-alquiler\/#primaryimage","url":"https:\/\/vof-news.eu\/wp-content\/uploads\/2026\/02\/93f47ee0-efec-44fa-90a7-f1612d6c8ceb_16-9-discover-aspect-ratio_default_0_x2009y379.jpg","contentUrl":"https:\/\/vof-news.eu\/wp-content\/uploads\/2026\/02\/93f47ee0-efec-44fa-90a7-f1612d6c8ceb_16-9-discover-aspect-ratio_default_0_x2009y379.jpg","width":1200,"height":675},{"@type":"BreadcrumbList","@id":"https:\/\/vof-news.eu\/es\/el-pnv-pacta-con-el-gobierno-que-la-moratoria-antidesahucios-excluya-a-los-propietarios-con-una-sola-vivienda-en-alquiler\/#breadcrumb","itemListElement":[{"@type":"ListItem","position":1,"name":"Home","item":"https:\/\/vof-news.eu\/es\/"},{"@type":"ListItem","position":2,"name":"El PNV pacta con el Gobierno que la moratoria antidesahucios excluya a los propietarios con una sola vivienda en alquiler"}]},{"@type":"WebSite","@id":"https:\/\/vof-news.eu\/es\/#website","url":"https:\/\/vof-news.eu\/es\/","name":"vof-news.eu","description":"","potentialAction":[{"@type":"SearchAction","target":{"@type":"EntryPoint","urlTemplate":"https:\/\/vof-news.eu\/es\/?s={search_term_string}"},"query-input":"required name=search_term_string"}],"inLanguage":"es"},{"@type":"Person","@id":"https:\/\/vof-news.eu\/es\/#\/schema\/person\/f6a2a4309f0561835797fd8c19b333ed","name":"Author","image":{"@type":"ImageObject","inLanguage":"es","@id":"https:\/\/vof-news.eu\/es\/#\/schema\/person\/image\/","url":"https:\/\/secure.gravatar.com\/avatar\/b67e614b1b25b3e9c0c239efdd2fde5ab015b5affd6f1c3c85911ca4b384e790?s=96&d=mm&r=g","contentUrl":"https:\/\/secure.gravatar.com\/avatar\/b67e614b1b25b3e9c0c239efdd2fde5ab015b5affd6f1c3c85911ca4b384e790?s=96&d=mm&r=g","caption":"Author"},"sameAs":["http:\/\/vof-news.eu"],"url":"https:\/\/vof-news.eu\/es\/author\/zwt6qxnjulxbnyg\/"}]}},"yoast_meta":{"yoast_wpseo_title":"","yoast_wpseo_metadesc":"","yoast_wpseo_canonical":""},"_links":{"self":[{"href":"https:\/\/vof-news.eu\/es\/wp-json\/wp\/v2\/posts\/322993","targetHints":{"allow":["GET"]}}],"collection":[{"href":"https:\/\/vof-news.eu\/es\/wp-json\/wp\/v2\/posts"}],"about":[{"href":"https:\/\/vof-news.eu\/es\/wp-json\/wp\/v2\/types\/post"}],"author":[{"embeddable":true,"href":"https:\/\/vof-news.eu\/es\/wp-json\/wp\/v2\/users\/1"}],"replies":[{"embeddable":true,"href":"https:\/\/vof-news.eu\/es\/wp-json\/wp\/v2\/comments?post=322993"}],"version-history":[{"count":1,"href":"https:\/\/vof-news.eu\/es\/wp-json\/wp\/v2\/posts\/322993\/revisions"}],"predecessor-version":[{"id":323000,"href":"https:\/\/vof-news.eu\/es\/wp-json\/wp\/v2\/posts\/322993\/revisions\/323000"}],"wp:featuredmedia":[{"embeddable":true,"href":"https:\/\/vof-news.eu\/es\/wp-json\/wp\/v2\/media\/322994"}],"wp:attachment":[{"href":"https:\/\/vof-news.eu\/es\/wp-json\/wp\/v2\/media?parent=322993"}],"wp:term":[{"taxonomy":"category","embeddable":true,"href":"https:\/\/vof-news.eu\/es\/wp-json\/wp\/v2\/categories?post=322993"},{"taxonomy":"post_tag","embeddable":true,"href":"https:\/\/vof-news.eu\/es\/wp-json\/wp\/v2\/tags?post=322993"}],"curies":[{"name":"wp","href":"https:\/\/api.w.org\/{rel}","templated":true}]}}