{"id":322961,"date":"2026-02-03T11:19:30","date_gmt":"2026-02-03T08:19:30","guid":{"rendered":"https:\/\/vof-news.eu\/el-mercado-laboral-destruyo-270-800-empleos-en-enero-el-peor-dato-desde-2012\/"},"modified":"2026-02-03T11:20:28","modified_gmt":"2026-02-03T08:20:28","slug":"el-mercado-laboral-destruyo-270-800-empleos-en-enero-el-peor-dato-desde-2012","status":"publish","type":"post","link":"https:\/\/vof-news.eu\/es\/el-mercado-laboral-destruyo-270-800-empleos-en-enero-el-peor-dato-desde-2012\/","title":{"rendered":"El mercado laboral destruy\u00f3 270.800 empleos en enero, el peor dato desde 2012"},"content":{"rendered":"<div>\n<p>\n        Enero dej\u00f3, como cada a\u00f1o, una fuerte destrucci\u00f3n de empleos y un aumento del paro. Mal mes para el mercado laboral, ante el fin de la campa\u00f1a navide\u00f1a y sin otras actividades que tiren del empleo, la ca\u00edda de puestos de trabajo de 2026 es bastante elevada: la mayor desde 2012, de unos 270.800 afiliados. Del lado del paro registrado, aument\u00f3 en 30.400 personas, en su caso una cifra m\u00e1s baja de la habitual.\u00a0\n    <\/p>\n<p>\n        As\u00ed, el n\u00famero totalde trabajadores afiliados de media a la Seguridad Social se redujo en el primer mes del a\u00f1o hasta los 21,57 millones de personas. Se trata de un dato muy elevado, <a href=\"https:\/\/www.eldiario.es\/economia\/espana-cierra-2025-medio-millon-empleos-nuevo-maximo-historico-mujeres-trabajando_1_12885268.html\" rel=\"nofollow\">ya que el mercado laboral en 2025 ha alcanzado niveles r\u00e9cord<\/a>.\u00a0\n    <\/p>\n<p>\n        El descenso mensual de enero, en 270.800 personas afiliadas menos de media, es el m\u00e1s elevado en 14 a\u00f1os. Desde 2012, durante la Gran Recesi\u00f3n. El Ministerio de la Seguridad Social recuerda que \u201cenero tradicionalmente es un mes negativo en el mercado laboral\u201d y a\u00f1ade que \u201ceste \u00faltimo ha sido especialmente adverso por la climatolog\u00eda\u201d.\u00a0\n    <\/p>\n<p>\n        En t\u00e9rminos relativos, sobre el total de personas ocupadas, la ca\u00edda del empleo fue del 1,24%, un dato tambi\u00e9n elevado para los \u00faltimos a\u00f1os de crecimiento econ\u00f3mico. Aunque, en este caso, 2020 registr\u00f3 una peor cifra (-1,26%).\u00a0\n    <\/p>\n<p>\n        La reducci\u00f3n del empleo se centra habitualmente en el comercio y la hosteler\u00eda, as\u00ed como en las ETT, con la despedida de la campa\u00f1a de Navidad, sin que otros sectores tiren del mercado laboral. Este a\u00f1o, sin embargo, la Seguridad Social no ofrece datos de evoluci\u00f3n por sectores porque indican que ha cambiado la clasificaci\u00f3n de actividades con el nuevo CNAE 2025.\u00a0\n    <\/p>\n<h2>El ritmo de creaci\u00f3n de empleo se modera<\/h2>\n<p>\n        M\u00e1s all\u00e1 del dato de un solo mes, las cifras registran una desaceleraci\u00f3n de la creaci\u00f3n de empleo en el comienzo de a\u00f1o. Los datos desestacionalizados, que a\u00edslan la evoluci\u00f3n del empleo de vaivenes estacionales propios del calendario, reflejan una creaci\u00f3n de 17.300 puestos de trabajo en enero.\n    <\/p>\n<p>\n        En los \u00faltimos meses, el aumento del empleo en t\u00e9rminos desestacionalizados se viene moderando, pero el descenso de este enero es m\u00e1s notable. En noviembre se crearon 44.700 empleos y el diciembre, 35.500.\n    <\/p>\n<h2>El paro se sit\u00faa en 2,4 millones de personas<\/h2>\n<p>\n        Por el lado del desempleo, el aumento de personas paradas apuntadas a las oficinas p\u00fablicas de empleo el pasado enero es inferior al que se suele registrar en este mes. Aument\u00f3 en 30.392 personas, \u201cuno de los menores de la serie hist\u00f3rica\u201d, destaca el Ministerio de Trabajo.\n    <\/p>\n<p>\n        Esta variaci\u00f3n dej\u00f3 el total de parados registrados en las 2.439.062 personas.\n    <\/p>\n<p>\n        En t\u00e9rminos interanuales, el paro registrado ha descendido en 160.381 personas (-6,17%) y tambi\u00e9n se reduce el dato desestacionalizado, que refleja un descenso mensual en 25.402 personas.\n    <\/p>\n<p>\n        __\n    <\/p>\n<p>\n        Informaci\u00f3n en ampliaci\u00f3n.\n    <\/p>\n<\/div>\n","protected":false},"excerpt":{"rendered":"<p>Enero dej\u00f3, como cada a\u00f1o, una fuerte destrucci\u00f3n de empleos y un aumento del paro. Mal mes para el mercado laboral, ante el fin de la campa\u00f1a navide\u00f1a y sin otras actividades que tiren del empleo, la ca\u00edda de puestos de trabajo de 2026 es bastante elevada: la mayor desde 2012, de unos 270.800 afiliados.<\/p>\n","protected":false},"author":1,"featured_media":322962,"comment_status":"open","ping_status":"open","sticky":false,"template":"","format":"standard","meta":{"footnotes":""},"categories":[61],"tags":[],"class_list":["post-322961","post","type-post","status-publish","format-standard","has-post-thumbnail","hentry","category-business-es"],"acf":[],"yoast_head":"<!-- This site is optimized with the Yoast SEO plugin v22.9 - https:\/\/yoast.com\/wordpress\/plugins\/seo\/ -->\n<title>El mercado laboral destruy\u00f3 270.800 empleos en enero, el peor dato desde 2012 - vof-news.eu<\/title>\n<meta name=\"description\" content=\"Enero dej\u00f3, como cada a\u00f1o, una fuerte destrucci\u00f3n de empleos y un aumento del paro. Mal mes para el mercado laboral, ante el fin de la campa\u00f1a navide\u00f1a y sin otras actividades que tiren del empleo, la ca\u00edda de puestos de trabajo de 2026 es bastante elevada: la mayor desde 2012, de unos 270.800 afiliados. Del lado del paro registrado, aument\u00f3 en 30.400 personas, en su caso una cifra m\u00e1s baja de la habitual.\u00a0\" \/>\n<meta name=\"robots\" content=\"noindex, follow, max-snippet:-1, max-image-preview:large, max-video-preview:-1\" \/>\n<meta property=\"og:locale\" content=\"es_ES\" \/>\n<meta property=\"og:type\" content=\"article\" \/>\n<meta property=\"og:title\" content=\"El mercado laboral destruy\u00f3 270.800 empleos en enero, el peor dato desde 2012 - vof-news.eu\" \/>\n<meta property=\"og:description\" content=\"Enero dej\u00f3, como cada a\u00f1o, una fuerte destrucci\u00f3n de empleos y un aumento del paro. Mal mes para el mercado laboral, ante el fin de la campa\u00f1a navide\u00f1a y sin otras actividades que tiren del empleo, la ca\u00edda de puestos de trabajo de 2026 es bastante elevada: la mayor desde 2012, de unos 270.800 afiliados. Del lado del paro registrado, aument\u00f3 en 30.400 personas, en su caso una cifra m\u00e1s baja de la habitual.\u00a0\" \/>\n<meta property=\"og:url\" content=\"https:\/\/vof-news.eu\/es\/el-mercado-laboral-destruyo-270-800-empleos-en-enero-el-peor-dato-desde-2012\/\" \/>\n<meta property=\"og:site_name\" content=\"vof-news.eu\" \/>\n<meta property=\"article:published_time\" content=\"2026-02-03T08:19:30+00:00\" \/>\n<meta property=\"article:modified_time\" content=\"2026-02-03T08:20:28+00:00\" \/>\n<meta property=\"og:image\" content=\"https:\/\/vof-news.eu\/wp-content\/uploads\/2026\/02\/f3e4a832-74ff-41f7-843a-13a2e54b92f1_16-9-discover-aspect-ratio_default_0.jpg\" \/>\n\t<meta property=\"og:image:width\" content=\"1200\" \/>\n\t<meta property=\"og:image:height\" content=\"675\" \/>\n\t<meta property=\"og:image:type\" content=\"image\/jpeg\" \/>\n<meta name=\"author\" content=\"Author\" \/>\n<meta name=\"twitter:card\" content=\"summary_large_image\" \/>\n<meta name=\"twitter:label1\" content=\"Escrito por\" \/>\n\t<meta name=\"twitter:data1\" content=\"Author\" \/>\n\t<meta name=\"twitter:label2\" content=\"Tiempo de lectura\" \/>\n\t<meta name=\"twitter:data2\" content=\"2 minutos\" \/>\n<script type=\"application\/ld+json\" class=\"yoast-schema-graph\">{\"@context\":\"https:\/\/schema.org\",\"@graph\":[{\"@type\":\"WebPage\",\"@id\":\"https:\/\/vof-news.eu\/es\/el-mercado-laboral-destruyo-270-800-empleos-en-enero-el-peor-dato-desde-2012\/\",\"url\":\"https:\/\/vof-news.eu\/es\/el-mercado-laboral-destruyo-270-800-empleos-en-enero-el-peor-dato-desde-2012\/\",\"name\":\"El mercado laboral destruy\u00f3 270.800 empleos en enero, el peor dato desde 2012 - vof-news.eu\",\"isPartOf\":{\"@id\":\"https:\/\/vof-news.eu\/es\/#website\"},\"primaryImageOfPage\":{\"@id\":\"https:\/\/vof-news.eu\/es\/el-mercado-laboral-destruyo-270-800-empleos-en-enero-el-peor-dato-desde-2012\/#primaryimage\"},\"image\":{\"@id\":\"https:\/\/vof-news.eu\/es\/el-mercado-laboral-destruyo-270-800-empleos-en-enero-el-peor-dato-desde-2012\/#primaryimage\"},\"thumbnailUrl\":\"https:\/\/vof-news.eu\/wp-content\/uploads\/2026\/02\/f3e4a832-74ff-41f7-843a-13a2e54b92f1_16-9-discover-aspect-ratio_default_0.jpg\",\"datePublished\":\"2026-02-03T08:19:30+00:00\",\"dateModified\":\"2026-02-03T08:20:28+00:00\",\"author\":{\"@id\":\"https:\/\/vof-news.eu\/es\/#\/schema\/person\/f6a2a4309f0561835797fd8c19b333ed\"},\"description\":\"Enero dej\u00f3, como cada a\u00f1o, una fuerte destrucci\u00f3n de empleos y un aumento del paro. Mal mes para el mercado laboral, ante el fin de la campa\u00f1a navide\u00f1a y sin otras actividades que tiren del empleo, la ca\u00edda de puestos de trabajo de 2026 es bastante elevada: la mayor desde 2012, de unos 270.800 afiliados. Del lado del paro registrado, aument\u00f3 en 30.400 personas, en su caso una cifra m\u00e1s baja de la habitual.\u00a0\",\"breadcrumb\":{\"@id\":\"https:\/\/vof-news.eu\/es\/el-mercado-laboral-destruyo-270-800-empleos-en-enero-el-peor-dato-desde-2012\/#breadcrumb\"},\"inLanguage\":\"es\",\"potentialAction\":[{\"@type\":\"ReadAction\",\"target\":[\"https:\/\/vof-news.eu\/es\/el-mercado-laboral-destruyo-270-800-empleos-en-enero-el-peor-dato-desde-2012\/\"]}]},{\"@type\":\"ImageObject\",\"inLanguage\":\"es\",\"@id\":\"https:\/\/vof-news.eu\/es\/el-mercado-laboral-destruyo-270-800-empleos-en-enero-el-peor-dato-desde-2012\/#primaryimage\",\"url\":\"https:\/\/vof-news.eu\/wp-content\/uploads\/2026\/02\/f3e4a832-74ff-41f7-843a-13a2e54b92f1_16-9-discover-aspect-ratio_default_0.jpg\",\"contentUrl\":\"https:\/\/vof-news.eu\/wp-content\/uploads\/2026\/02\/f3e4a832-74ff-41f7-843a-13a2e54b92f1_16-9-discover-aspect-ratio_default_0.jpg\",\"width\":1200,\"height\":675},{\"@type\":\"BreadcrumbList\",\"@id\":\"https:\/\/vof-news.eu\/es\/el-mercado-laboral-destruyo-270-800-empleos-en-enero-el-peor-dato-desde-2012\/#breadcrumb\",\"itemListElement\":[{\"@type\":\"ListItem\",\"position\":1,\"name\":\"Home\",\"item\":\"https:\/\/vof-news.eu\/es\/\"},{\"@type\":\"ListItem\",\"position\":2,\"name\":\"El mercado laboral destruy\u00f3 270.800 empleos en enero, el peor dato desde 2012\"}]},{\"@type\":\"WebSite\",\"@id\":\"https:\/\/vof-news.eu\/es\/#website\",\"url\":\"https:\/\/vof-news.eu\/es\/\",\"name\":\"vof-news.eu\",\"description\":\"\",\"potentialAction\":[{\"@type\":\"SearchAction\",\"target\":{\"@type\":\"EntryPoint\",\"urlTemplate\":\"https:\/\/vof-news.eu\/es\/?s={search_term_string}\"},\"query-input\":\"required name=search_term_string\"}],\"inLanguage\":\"es\"},{\"@type\":\"Person\",\"@id\":\"https:\/\/vof-news.eu\/es\/#\/schema\/person\/f6a2a4309f0561835797fd8c19b333ed\",\"name\":\"Author\",\"image\":{\"@type\":\"ImageObject\",\"inLanguage\":\"es\",\"@id\":\"https:\/\/vof-news.eu\/es\/#\/schema\/person\/image\/\",\"url\":\"https:\/\/secure.gravatar.com\/avatar\/b67e614b1b25b3e9c0c239efdd2fde5ab015b5affd6f1c3c85911ca4b384e790?s=96&d=mm&r=g\",\"contentUrl\":\"https:\/\/secure.gravatar.com\/avatar\/b67e614b1b25b3e9c0c239efdd2fde5ab015b5affd6f1c3c85911ca4b384e790?s=96&d=mm&r=g\",\"caption\":\"Author\"},\"sameAs\":[\"http:\/\/vof-news.eu\"],\"url\":\"https:\/\/vof-news.eu\/es\/author\/zwt6qxnjulxbnyg\/\"}]}<\/script>\n<!-- \/ Yoast SEO plugin. -->","yoast_head_json":{"title":"El mercado laboral destruy\u00f3 270.800 empleos en enero, el peor dato desde 2012 - vof-news.eu","description":"Enero dej\u00f3, como cada a\u00f1o, una fuerte destrucci\u00f3n de empleos y un aumento del paro. Mal mes para el mercado laboral, ante el fin de la campa\u00f1a navide\u00f1a y sin otras actividades que tiren del empleo, la ca\u00edda de puestos de trabajo de 2026 es bastante elevada: la mayor desde 2012, de unos 270.800 afiliados. Del lado del paro registrado, aument\u00f3 en 30.400 personas, en su caso una cifra m\u00e1s baja de la habitual.\u00a0","robots":{"index":"noindex","follow":"follow","max-snippet":"max-snippet:-1","max-image-preview":"max-image-preview:large","max-video-preview":"max-video-preview:-1"},"og_locale":"es_ES","og_type":"article","og_title":"El mercado laboral destruy\u00f3 270.800 empleos en enero, el peor dato desde 2012 - vof-news.eu","og_description":"Enero dej\u00f3, como cada a\u00f1o, una fuerte destrucci\u00f3n de empleos y un aumento del paro. Mal mes para el mercado laboral, ante el fin de la campa\u00f1a navide\u00f1a y sin otras actividades que tiren del empleo, la ca\u00edda de puestos de trabajo de 2026 es bastante elevada: la mayor desde 2012, de unos 270.800 afiliados. Del lado del paro registrado, aument\u00f3 en 30.400 personas, en su caso una cifra m\u00e1s baja de la habitual.\u00a0","og_url":"https:\/\/vof-news.eu\/es\/el-mercado-laboral-destruyo-270-800-empleos-en-enero-el-peor-dato-desde-2012\/","og_site_name":"vof-news.eu","article_published_time":"2026-02-03T08:19:30+00:00","article_modified_time":"2026-02-03T08:20:28+00:00","og_image":[{"width":1200,"height":675,"url":"https:\/\/vof-news.eu\/wp-content\/uploads\/2026\/02\/f3e4a832-74ff-41f7-843a-13a2e54b92f1_16-9-discover-aspect-ratio_default_0.jpg","type":"image\/jpeg"}],"author":"Author","twitter_card":"summary_large_image","twitter_misc":{"Escrito por":"Author","Tiempo de lectura":"2 minutos"},"schema":{"@context":"https:\/\/schema.org","@graph":[{"@type":"WebPage","@id":"https:\/\/vof-news.eu\/es\/el-mercado-laboral-destruyo-270-800-empleos-en-enero-el-peor-dato-desde-2012\/","url":"https:\/\/vof-news.eu\/es\/el-mercado-laboral-destruyo-270-800-empleos-en-enero-el-peor-dato-desde-2012\/","name":"El mercado laboral destruy\u00f3 270.800 empleos en enero, el peor dato desde 2012 - vof-news.eu","isPartOf":{"@id":"https:\/\/vof-news.eu\/es\/#website"},"primaryImageOfPage":{"@id":"https:\/\/vof-news.eu\/es\/el-mercado-laboral-destruyo-270-800-empleos-en-enero-el-peor-dato-desde-2012\/#primaryimage"},"image":{"@id":"https:\/\/vof-news.eu\/es\/el-mercado-laboral-destruyo-270-800-empleos-en-enero-el-peor-dato-desde-2012\/#primaryimage"},"thumbnailUrl":"https:\/\/vof-news.eu\/wp-content\/uploads\/2026\/02\/f3e4a832-74ff-41f7-843a-13a2e54b92f1_16-9-discover-aspect-ratio_default_0.jpg","datePublished":"2026-02-03T08:19:30+00:00","dateModified":"2026-02-03T08:20:28+00:00","author":{"@id":"https:\/\/vof-news.eu\/es\/#\/schema\/person\/f6a2a4309f0561835797fd8c19b333ed"},"description":"Enero dej\u00f3, como cada a\u00f1o, una fuerte destrucci\u00f3n de empleos y un aumento del paro. Mal mes para el mercado laboral, ante el fin de la campa\u00f1a navide\u00f1a y sin otras actividades que tiren del empleo, la ca\u00edda de puestos de trabajo de 2026 es bastante elevada: la mayor desde 2012, de unos 270.800 afiliados. Del lado del paro registrado, aument\u00f3 en 30.400 personas, en su caso una cifra m\u00e1s baja de la habitual.\u00a0","breadcrumb":{"@id":"https:\/\/vof-news.eu\/es\/el-mercado-laboral-destruyo-270-800-empleos-en-enero-el-peor-dato-desde-2012\/#breadcrumb"},"inLanguage":"es","potentialAction":[{"@type":"ReadAction","target":["https:\/\/vof-news.eu\/es\/el-mercado-laboral-destruyo-270-800-empleos-en-enero-el-peor-dato-desde-2012\/"]}]},{"@type":"ImageObject","inLanguage":"es","@id":"https:\/\/vof-news.eu\/es\/el-mercado-laboral-destruyo-270-800-empleos-en-enero-el-peor-dato-desde-2012\/#primaryimage","url":"https:\/\/vof-news.eu\/wp-content\/uploads\/2026\/02\/f3e4a832-74ff-41f7-843a-13a2e54b92f1_16-9-discover-aspect-ratio_default_0.jpg","contentUrl":"https:\/\/vof-news.eu\/wp-content\/uploads\/2026\/02\/f3e4a832-74ff-41f7-843a-13a2e54b92f1_16-9-discover-aspect-ratio_default_0.jpg","width":1200,"height":675},{"@type":"BreadcrumbList","@id":"https:\/\/vof-news.eu\/es\/el-mercado-laboral-destruyo-270-800-empleos-en-enero-el-peor-dato-desde-2012\/#breadcrumb","itemListElement":[{"@type":"ListItem","position":1,"name":"Home","item":"https:\/\/vof-news.eu\/es\/"},{"@type":"ListItem","position":2,"name":"El mercado laboral destruy\u00f3 270.800 empleos en enero, el peor dato desde 2012"}]},{"@type":"WebSite","@id":"https:\/\/vof-news.eu\/es\/#website","url":"https:\/\/vof-news.eu\/es\/","name":"vof-news.eu","description":"","potentialAction":[{"@type":"SearchAction","target":{"@type":"EntryPoint","urlTemplate":"https:\/\/vof-news.eu\/es\/?s={search_term_string}"},"query-input":"required name=search_term_string"}],"inLanguage":"es"},{"@type":"Person","@id":"https:\/\/vof-news.eu\/es\/#\/schema\/person\/f6a2a4309f0561835797fd8c19b333ed","name":"Author","image":{"@type":"ImageObject","inLanguage":"es","@id":"https:\/\/vof-news.eu\/es\/#\/schema\/person\/image\/","url":"https:\/\/secure.gravatar.com\/avatar\/b67e614b1b25b3e9c0c239efdd2fde5ab015b5affd6f1c3c85911ca4b384e790?s=96&d=mm&r=g","contentUrl":"https:\/\/secure.gravatar.com\/avatar\/b67e614b1b25b3e9c0c239efdd2fde5ab015b5affd6f1c3c85911ca4b384e790?s=96&d=mm&r=g","caption":"Author"},"sameAs":["http:\/\/vof-news.eu"],"url":"https:\/\/vof-news.eu\/es\/author\/zwt6qxnjulxbnyg\/"}]}},"yoast_meta":{"yoast_wpseo_title":"","yoast_wpseo_metadesc":"","yoast_wpseo_canonical":""},"_links":{"self":[{"href":"https:\/\/vof-news.eu\/es\/wp-json\/wp\/v2\/posts\/322961","targetHints":{"allow":["GET"]}}],"collection":[{"href":"https:\/\/vof-news.eu\/es\/wp-json\/wp\/v2\/posts"}],"about":[{"href":"https:\/\/vof-news.eu\/es\/wp-json\/wp\/v2\/types\/post"}],"author":[{"embeddable":true,"href":"https:\/\/vof-news.eu\/es\/wp-json\/wp\/v2\/users\/1"}],"replies":[{"embeddable":true,"href":"https:\/\/vof-news.eu\/es\/wp-json\/wp\/v2\/comments?post=322961"}],"version-history":[{"count":1,"href":"https:\/\/vof-news.eu\/es\/wp-json\/wp\/v2\/posts\/322961\/revisions"}],"predecessor-version":[{"id":322968,"href":"https:\/\/vof-news.eu\/es\/wp-json\/wp\/v2\/posts\/322961\/revisions\/322968"}],"wp:featuredmedia":[{"embeddable":true,"href":"https:\/\/vof-news.eu\/es\/wp-json\/wp\/v2\/media\/322962"}],"wp:attachment":[{"href":"https:\/\/vof-news.eu\/es\/wp-json\/wp\/v2\/media?parent=322961"}],"wp:term":[{"taxonomy":"category","embeddable":true,"href":"https:\/\/vof-news.eu\/es\/wp-json\/wp\/v2\/categories?post=322961"},{"taxonomy":"post_tag","embeddable":true,"href":"https:\/\/vof-news.eu\/es\/wp-json\/wp\/v2\/tags?post=322961"}],"curies":[{"name":"wp","href":"https:\/\/api.w.org\/{rel}","templated":true}]}}