{"id":322917,"date":"2026-02-03T09:20:24","date_gmt":"2026-02-03T06:20:24","guid":{"rendered":"https:\/\/vof-news.eu\/la-ue-esta-en-riesgo-de-quedarse-sin-materias-primas-para-potenciar-las-energias-renovables\/"},"modified":"2026-02-03T09:21:02","modified_gmt":"2026-02-03T06:21:02","slug":"la-ue-esta-en-riesgo-de-quedarse-sin-materias-primas-para-potenciar-las-energias-renovables","status":"publish","type":"post","link":"https:\/\/vof-news.eu\/es\/la-ue-esta-en-riesgo-de-quedarse-sin-materias-primas-para-potenciar-las-energias-renovables\/","title":{"rendered":"La UE est\u00e1 en riesgo de quedarse sin materias primas para potenciar las energ\u00edas renovables"},"content":{"rendered":"<div>\n<p>\n        La transici\u00f3n energ\u00e9tica de la Uni\u00f3n Europea est\u00e1 en riesgo ante la falta de materias primas. Un informe del Tribunal de Cuentas de la UE desvela que los objetivos de reducir las emisiones netas de gases de efecto invernadero al menos en un 55% de aqu\u00ed a 2030 y de lograr cero emisiones netas de aqu\u00ed a 2050 o que el 42,5% de la energ\u00eda sea procedente de fuentes renovables est\u00e1n en entredicho ante la falta de materias primas para su consecuci\u00f3n. Cuando la Comisi\u00f3n Europea trata de impulsar la soberan\u00eda econ\u00f3mica frente a EEUU y China, el Tribunal de Cuentas se\u00f1ala a las instituciones de la UE con la acusaci\u00f3n de que \u201cla pol\u00edtica de materias primas de la UE traza un rumbo estrat\u00e9gico, pero carece de una base completa\u201d y \u201cno es lo suficientemente contundente\u201d, con lo que el veredicto es concluyente: \u201cEl objetivo de garantizar el suministro de aqu\u00ed a 2030 se antoja inalcanzable\u201d.\n    <\/p>\n<p>\n        \u201cAunque el Reglamento de Materias Primas Fundamentales establece un rumbo estrat\u00e9gico, sus objetivos carecen de justificaci\u00f3n, y los datos subyacentes no son rigurosos. Los esfuerzos por diversificar las importaciones a\u00fan no han producido resultados tangibles y los cuellos de botella obstruyen el progreso de la producci\u00f3n nacional y el reciclado. Aunque los proyectos estrat\u00e9gicos pueden beneficiarse de una concesi\u00f3n de autorizaciones m\u00e1s r\u00e1pida y de una mayor visibilidad, es probable que muchos de ellos tengan dificultades para garantizar el suministro a la UE de aqu\u00ed a 2030\u201d, apunta con claridad el informe del Tribunal de Cuentas de la UE.\n    <\/p>\n<p>\n        El informe del Tribunal de Cuentas detalla que la UE identifica 34 materias primas fundamentales (26 relevantes para la transici\u00f3n energ\u00e9tica) y 17 estrat\u00e9gicas, sin embargo, \u201clos datos utilizados para estas listas tienen lagunas, son obsoletos y las proyecciones de demanda presentan deficiencias metodol\u00f3gicas\u201d. Por otro lado, Bruselas ha establecido objetivos no vinculantes para 2030 (10% de extracci\u00f3n, 40% de procesamiento, 25% de reciclado y m\u00e1ximo del 65% de dependencia de importaciones de un solo pa\u00eds). El informe concluye que estos objetivos \u201ccarecen de justificaci\u00f3n documentada y no est\u00e1 claro c\u00f3mo se calcularon ni c\u00f3mo contribuyen a las metas clim\u00e1ticas de la UE\u201d.\n    <\/p>\n<p>\n        La transici\u00f3n de la UE a las energ\u00edas renovables depende en gran medida de equipamiento t\u00e9cnico (bater\u00edas, aerogeneradores y paneles solares) que requiere materias primas fundamentales como litio, n\u00edquel, cobalto, cobre y tierras raras. Con el fin de reducir los riesgos asociados a esta dependencia, el Reglamento de Materias Primas Fundamentales de la UE establece un objetivo no vinculante de que, de aqu\u00ed a 2030, la UE no dependa de un solo tercer pa\u00eds para m\u00e1s del 65% del suministro de cualquier materia prima estrat\u00e9gica. En el informe se detalla la alta dependencia de la UE de pa\u00edses terceros. Por ejemplo, el 99% del boro proviene de Turqu\u00eda, mientras que China domina el suministro de magnesio (97%), tierras raras o galio y de Chile se importa el 79% del litio que se consume en la UE.\n    <\/p>\n<p>\n        De hecho, de las 26 materias primas fundamentales para las energ\u00edas renovables, 10 se importan \u00edntegramente de pa\u00edses terceros: vanadio, escandio, niobio, litio, tierras raras pesadas, tierras raras ligeras, boro, antimonio, magnesio y f\u00f3sforo. Como curiosidad, Europa solo importa el 0,3% de su suministro de estroncio, ya que el 99,7% procede de Espa\u00f1a.\n    <\/p>\n<h2>14 asociaciones estrat\u00e9gicas, sin asegurar el suministro<\/h2>\n<p>\n        Adem\u00e1s de la alta dependencia de terceros pa\u00edses, el Tribunal de Cuentas recrimina que aunque la UE ha firmado 14 asociaciones estrat\u00e9gicas, estas apenas han contribuido a asegurar el suministro. \u201cDe hecho, entre 2020 y 2024, las importaciones procedentes de estos pa\u00edses socios disminuyeron para 13 de las materias primas examinadas\u201d.\n    <\/p>\n<p>\n        Hay un problema a\u00f1adido ante el nuevo escenario geopol\u00edtico, ya que \u201cel libre comercio de estos materiales ha quedado distorsionado en varias ocasiones por las restricciones a la exportaci\u00f3n, con el consiguiente peligro para la seguridad del suministro de la UE\u201d. \u00a0\n    <\/p>\n<p>\n        Por ejemplo, las importaciones de materias primas fundamentales para las tecnolog\u00edas de energ\u00edas renovables procedentes de Ucrania disminuyeron: de unas 345.000 toneladas en 2021 a unas 60.000 toneladas en 2024, como consecuencia de la invasi\u00f3n rusa de Ucrania. Por otro lado, en abril de 2025, China incluy\u00f3 siete tierras raras en una lista de control de las exportaciones que quedaban sujetas a licencias de exportaci\u00f3n. La C\u00e1mara de Comercio Europea en China inform\u00f3 de que las autoridades chinas solo hab\u00edan aprobado 19 de las 141 solicitudes de licencia hasta septiembre de 2025, y quedaban a\u00fan pendientes 121 solicitudes \u201curgentes\u201d. En diciembre de 2025, la UE no hab\u00eda presentado ninguna reclamaci\u00f3n ante la Organizaci\u00f3n Mundial del Comercio.\n    <\/p>\n<h2>Hasta 15 a\u00f1os para poner en marcha una mina<\/h2>\n<p>\n        Otros de los aspectos que critica el informe es que el tiempo para poner en marcha una mina en la UE suele oscilar entre 10 y 15 a\u00f1os, pudiendo superar los 20 a\u00f1os, y se destaca el caso de Suecia, donde abrir una mina puede requerir m\u00e1s de treinta a\u00f1os. La UE ha exigido la creaci\u00f3n de \u201cventanillas \u00fanicas\u201d para agilizar tr\u00e1mites, pero de momento solo 16 de los 27 Estados miembros las hab\u00edan establecido a fecha de noviembre de 2025.\n    <\/p>\n<p>\n        De esta manera, el objetivo del 40% de procesamiento nacional est\u00e1 bastante lejos, actualmente se estima en un 24% de capacidad. Adem\u00e1s, el Tribunal de Cuentas destaca que \u201cse est\u00e1n cerrando instalaciones debido a los altos costes energ\u00e9ticos y la falta de tecnolog\u00eda\u201d y \u201cno est\u00e1 claro si ser\u00e1 capaz de recuperarse, como se se\u00f1ala en la evaluaci\u00f3n de impacto del Reglamento de Materias Primas Fundamentales de 2023\u201d. Como ejemplos, la Europa de los Veintisiete perdi\u00f3 alrededor de la mitad de su capacidad de procesamiento de aluminio primario en el per\u00edodo 2019-2023 o el 100% del procesamiento de tierras raras se realiza fuera de la UE.\n    <\/p>\n<h2>La \u201cdesalentadora\u201d pol\u00edtica de reciclaje en la UE <\/h2>\n<p>\n        Otro aspecto es la pol\u00edtica de reciclaje, que el informe del Tribunal de Cuentas define como \u201cdesalentadora\u201d. Los datos lo demuestran: siete de veintis\u00e9is materias primas necesarias para la transici\u00f3n energ\u00e9tica tienen tasas de reciclado comprendidas entre el 1% y el 5%, pero es que otras diez no se reciclan en absoluto. Adem\u00e1s, la mayor\u00eda de los objetivos de reciclado de la UE no corresponden espec\u00edficamente a una materia prima, por lo que no incentivan el reciclado, especialmente las m\u00e1s dif\u00edciles de recuperar como las tierras raras de los motores el\u00e9ctricos o el paladio de sistemas electr\u00f3nicos.\n    <\/p>\n<p>\n        La capacidad de reciclado en la UE ronda actualmente el 12%, pero el objetivo para 2030 es del 25%. Va a ser casi imposible conseguirlo. Seg\u00fan la Agencia Internacional de la Energ\u00eda, recogido el informe, la falta de econom\u00edas de escala coarta el reciclado eficiente, y los recicladores europeos, debido a las condiciones del mercado mundial, tienen dificultades para competir con los costes de los recicladores chinos. Esto se debe a la integraci\u00f3n vertical de China, las ventajas de escala y los bajos costes laborales.\n    <\/p>\n<p>\n        Y todo ello pese a que \u201cahora se producen m\u00e1s residuos que nunca\u201d, pero los \u00edndices de recogida siguen estando muy por debajo de los objetivosComo consecuencia de ello, las materias\u00a0primas fundamentales de estos residuos se pierden para la econom\u00eda de la UE.\u00a0 Los auditores se\u00f1alan que los recicladores europeos acusan el impacto de los elevados precios de procesamiento, las escasas cantidades disponibles, y las barreras tecnol\u00f3gicas y reglamentarias que frenan su competitividad.\n    <\/p>\n<p>\n        Adem\u00e1s, la auditor\u00eda del Tribunal de Cuentas apunta que aunque hay fondos disponibles (Horizonte Europa, fondos de cohesi\u00f3n) \u201cest\u00e1n dispersos y la Comisi\u00f3n no supervisa sus resultados ni puede demostrar su impacto real en el suministro\u201d.\n    <\/p>\n<p>\n         \u201cSin materias primas fundamentales no habr\u00e1 transici\u00f3n energ\u00e9tica ni competitividad ni autonom\u00eda estrat\u00e9gica. Desafortunadamente, hoy tenemos una peligrosa dependencia de unos cuantos pa\u00edses terceros para el suministro de estas materias primas\u201d, concluye Keit Pentus-Rosimannus, miembro del Tribunal que ha realizado la auditor\u00eda.\n    <\/p>\n<\/div>\n","protected":false},"excerpt":{"rendered":"<p>La transici\u00f3n energ\u00e9tica de la Uni\u00f3n Europea est\u00e1 en riesgo ante la falta de materias primas. Un informe del Tribunal de Cuentas de la UE desvela que los objetivos de reducir las emisiones netas de gases de efecto invernadero al menos en un 55% de aqu\u00ed a 2030 y de lograr cero emisiones netas de<\/p>\n","protected":false},"author":1,"featured_media":322918,"comment_status":"open","ping_status":"open","sticky":false,"template":"","format":"standard","meta":{"footnotes":""},"categories":[61],"tags":[],"class_list":["post-322917","post","type-post","status-publish","format-standard","has-post-thumbnail","hentry","category-business-es"],"acf":[],"yoast_head":"<!-- This site is optimized with the Yoast SEO plugin v22.9 - https:\/\/yoast.com\/wordpress\/plugins\/seo\/ -->\n<title>La UE est\u00e1 en riesgo de quedarse sin materias primas para potenciar las energ\u00edas renovables - vof-news.eu<\/title>\n<meta name=\"description\" content=\"La transici\u00f3n energ\u00e9tica de la Uni\u00f3n Europea est\u00e1 en riesgo ante la falta de materias primas. Un informe del Tribunal de Cuentas de la UE desvela que los objetivos de reducir las emisiones netas de gases de efecto invernadero al menos en un 55% de aqu\u00ed a 2030 y de lograr cero emisiones netas de aqu\u00ed a 2050 o que el 42,5% de la energ\u00eda sea procedente de fuentes renovables est\u00e1n en entredicho ante la falta de materias primas para su consecuci\u00f3n. Cuando la Comisi\u00f3n Europea trata de impulsar la soberan\u00eda econ\u00f3mica frente a EEUU y China, el Tribunal de Cuentas se\u00f1ala a las instituciones de la UE con la acusaci\u00f3n de que \u201cla pol\u00edtica de materias primas de la UE traza un rumbo estrat\u00e9gico, pero carece de una base completa\u201d y \u201cno es lo suficientemente contundente\u201d, con lo que el veredicto es concluyente: \u201cEl objetivo de garantizar el suministro de aqu\u00ed a 2030 se antoja inalcanzable\u201d.\" \/>\n<meta name=\"robots\" content=\"noindex, follow, max-snippet:-1, max-image-preview:large, max-video-preview:-1\" \/>\n<meta property=\"og:locale\" content=\"es_ES\" \/>\n<meta property=\"og:type\" content=\"article\" \/>\n<meta property=\"og:title\" content=\"La UE est\u00e1 en riesgo de quedarse sin materias primas para potenciar las energ\u00edas renovables - vof-news.eu\" \/>\n<meta property=\"og:description\" content=\"La transici\u00f3n energ\u00e9tica de la Uni\u00f3n Europea est\u00e1 en riesgo ante la falta de materias primas. Un informe del Tribunal de Cuentas de la UE desvela que los objetivos de reducir las emisiones netas de gases de efecto invernadero al menos en un 55% de aqu\u00ed a 2030 y de lograr cero emisiones netas de aqu\u00ed a 2050 o que el 42,5% de la energ\u00eda sea procedente de fuentes renovables est\u00e1n en entredicho ante la falta de materias primas para su consecuci\u00f3n. Cuando la Comisi\u00f3n Europea trata de impulsar la soberan\u00eda econ\u00f3mica frente a EEUU y China, el Tribunal de Cuentas se\u00f1ala a las instituciones de la UE con la acusaci\u00f3n de que \u201cla pol\u00edtica de materias primas de la UE traza un rumbo estrat\u00e9gico, pero carece de una base completa\u201d y \u201cno es lo suficientemente contundente\u201d, con lo que el veredicto es concluyente: \u201cEl objetivo de garantizar el suministro de aqu\u00ed a 2030 se antoja inalcanzable\u201d.\" \/>\n<meta property=\"og:url\" content=\"https:\/\/vof-news.eu\/es\/la-ue-esta-en-riesgo-de-quedarse-sin-materias-primas-para-potenciar-las-energias-renovables\/\" \/>\n<meta property=\"og:site_name\" content=\"vof-news.eu\" \/>\n<meta property=\"article:published_time\" content=\"2026-02-03T06:20:24+00:00\" \/>\n<meta property=\"article:modified_time\" content=\"2026-02-03T06:21:02+00:00\" \/>\n<meta property=\"og:image\" content=\"https:\/\/vof-news.eu\/wp-content\/uploads\/2026\/02\/e1ee36bd-16dd-4719-b0d8-97ec18bd14f1_16-9-discover-aspect-ratio_default_0.jpg\" \/>\n\t<meta property=\"og:image:width\" content=\"1200\" \/>\n\t<meta property=\"og:image:height\" content=\"675\" \/>\n\t<meta property=\"og:image:type\" content=\"image\/jpeg\" \/>\n<meta name=\"author\" content=\"Author\" \/>\n<meta name=\"twitter:card\" content=\"summary_large_image\" \/>\n<meta name=\"twitter:label1\" content=\"Escrito por\" \/>\n\t<meta name=\"twitter:data1\" content=\"Author\" \/>\n\t<meta name=\"twitter:label2\" content=\"Tiempo de lectura\" \/>\n\t<meta name=\"twitter:data2\" content=\"7 minutos\" \/>\n<script type=\"application\/ld+json\" class=\"yoast-schema-graph\">{\"@context\":\"https:\/\/schema.org\",\"@graph\":[{\"@type\":\"WebPage\",\"@id\":\"https:\/\/vof-news.eu\/es\/la-ue-esta-en-riesgo-de-quedarse-sin-materias-primas-para-potenciar-las-energias-renovables\/\",\"url\":\"https:\/\/vof-news.eu\/es\/la-ue-esta-en-riesgo-de-quedarse-sin-materias-primas-para-potenciar-las-energias-renovables\/\",\"name\":\"La UE est\u00e1 en riesgo de quedarse sin materias primas para potenciar las energ\u00edas renovables - vof-news.eu\",\"isPartOf\":{\"@id\":\"https:\/\/vof-news.eu\/es\/#website\"},\"primaryImageOfPage\":{\"@id\":\"https:\/\/vof-news.eu\/es\/la-ue-esta-en-riesgo-de-quedarse-sin-materias-primas-para-potenciar-las-energias-renovables\/#primaryimage\"},\"image\":{\"@id\":\"https:\/\/vof-news.eu\/es\/la-ue-esta-en-riesgo-de-quedarse-sin-materias-primas-para-potenciar-las-energias-renovables\/#primaryimage\"},\"thumbnailUrl\":\"https:\/\/vof-news.eu\/wp-content\/uploads\/2026\/02\/e1ee36bd-16dd-4719-b0d8-97ec18bd14f1_16-9-discover-aspect-ratio_default_0.jpg\",\"datePublished\":\"2026-02-03T06:20:24+00:00\",\"dateModified\":\"2026-02-03T06:21:02+00:00\",\"author\":{\"@id\":\"https:\/\/vof-news.eu\/es\/#\/schema\/person\/f6a2a4309f0561835797fd8c19b333ed\"},\"description\":\"La transici\u00f3n energ\u00e9tica de la Uni\u00f3n Europea est\u00e1 en riesgo ante la falta de materias primas. Un informe del Tribunal de Cuentas de la UE desvela que los objetivos de reducir las emisiones netas de gases de efecto invernadero al menos en un 55% de aqu\u00ed a 2030 y de lograr cero emisiones netas de aqu\u00ed a 2050 o que el 42,5% de la energ\u00eda sea procedente de fuentes renovables est\u00e1n en entredicho ante la falta de materias primas para su consecuci\u00f3n. Cuando la Comisi\u00f3n Europea trata de impulsar la soberan\u00eda econ\u00f3mica frente a EEUU y China, el Tribunal de Cuentas se\u00f1ala a las instituciones de la UE con la acusaci\u00f3n de que \u201cla pol\u00edtica de materias primas de la UE traza un rumbo estrat\u00e9gico, pero carece de una base completa\u201d y \u201cno es lo suficientemente contundente\u201d, con lo que el veredicto es concluyente: \u201cEl objetivo de garantizar el suministro de aqu\u00ed a 2030 se antoja inalcanzable\u201d.\",\"breadcrumb\":{\"@id\":\"https:\/\/vof-news.eu\/es\/la-ue-esta-en-riesgo-de-quedarse-sin-materias-primas-para-potenciar-las-energias-renovables\/#breadcrumb\"},\"inLanguage\":\"es\",\"potentialAction\":[{\"@type\":\"ReadAction\",\"target\":[\"https:\/\/vof-news.eu\/es\/la-ue-esta-en-riesgo-de-quedarse-sin-materias-primas-para-potenciar-las-energias-renovables\/\"]}]},{\"@type\":\"ImageObject\",\"inLanguage\":\"es\",\"@id\":\"https:\/\/vof-news.eu\/es\/la-ue-esta-en-riesgo-de-quedarse-sin-materias-primas-para-potenciar-las-energias-renovables\/#primaryimage\",\"url\":\"https:\/\/vof-news.eu\/wp-content\/uploads\/2026\/02\/e1ee36bd-16dd-4719-b0d8-97ec18bd14f1_16-9-discover-aspect-ratio_default_0.jpg\",\"contentUrl\":\"https:\/\/vof-news.eu\/wp-content\/uploads\/2026\/02\/e1ee36bd-16dd-4719-b0d8-97ec18bd14f1_16-9-discover-aspect-ratio_default_0.jpg\",\"width\":1200,\"height\":675},{\"@type\":\"BreadcrumbList\",\"@id\":\"https:\/\/vof-news.eu\/es\/la-ue-esta-en-riesgo-de-quedarse-sin-materias-primas-para-potenciar-las-energias-renovables\/#breadcrumb\",\"itemListElement\":[{\"@type\":\"ListItem\",\"position\":1,\"name\":\"Home\",\"item\":\"https:\/\/vof-news.eu\/es\/\"},{\"@type\":\"ListItem\",\"position\":2,\"name\":\"La UE est\u00e1 en riesgo de quedarse sin materias primas para potenciar las energ\u00edas renovables\"}]},{\"@type\":\"WebSite\",\"@id\":\"https:\/\/vof-news.eu\/es\/#website\",\"url\":\"https:\/\/vof-news.eu\/es\/\",\"name\":\"vof-news.eu\",\"description\":\"\",\"potentialAction\":[{\"@type\":\"SearchAction\",\"target\":{\"@type\":\"EntryPoint\",\"urlTemplate\":\"https:\/\/vof-news.eu\/es\/?s={search_term_string}\"},\"query-input\":\"required name=search_term_string\"}],\"inLanguage\":\"es\"},{\"@type\":\"Person\",\"@id\":\"https:\/\/vof-news.eu\/es\/#\/schema\/person\/f6a2a4309f0561835797fd8c19b333ed\",\"name\":\"Author\",\"image\":{\"@type\":\"ImageObject\",\"inLanguage\":\"es\",\"@id\":\"https:\/\/vof-news.eu\/es\/#\/schema\/person\/image\/\",\"url\":\"https:\/\/secure.gravatar.com\/avatar\/b67e614b1b25b3e9c0c239efdd2fde5ab015b5affd6f1c3c85911ca4b384e790?s=96&d=mm&r=g\",\"contentUrl\":\"https:\/\/secure.gravatar.com\/avatar\/b67e614b1b25b3e9c0c239efdd2fde5ab015b5affd6f1c3c85911ca4b384e790?s=96&d=mm&r=g\",\"caption\":\"Author\"},\"sameAs\":[\"http:\/\/vof-news.eu\"],\"url\":\"https:\/\/vof-news.eu\/es\/author\/zwt6qxnjulxbnyg\/\"}]}<\/script>\n<!-- \/ Yoast SEO plugin. -->","yoast_head_json":{"title":"La UE est\u00e1 en riesgo de quedarse sin materias primas para potenciar las energ\u00edas renovables - vof-news.eu","description":"La transici\u00f3n energ\u00e9tica de la Uni\u00f3n Europea est\u00e1 en riesgo ante la falta de materias primas. Un informe del Tribunal de Cuentas de la UE desvela que los objetivos de reducir las emisiones netas de gases de efecto invernadero al menos en un 55% de aqu\u00ed a 2030 y de lograr cero emisiones netas de aqu\u00ed a 2050 o que el 42,5% de la energ\u00eda sea procedente de fuentes renovables est\u00e1n en entredicho ante la falta de materias primas para su consecuci\u00f3n. Cuando la Comisi\u00f3n Europea trata de impulsar la soberan\u00eda econ\u00f3mica frente a EEUU y China, el Tribunal de Cuentas se\u00f1ala a las instituciones de la UE con la acusaci\u00f3n de que \u201cla pol\u00edtica de materias primas de la UE traza un rumbo estrat\u00e9gico, pero carece de una base completa\u201d y \u201cno es lo suficientemente contundente\u201d, con lo que el veredicto es concluyente: \u201cEl objetivo de garantizar el suministro de aqu\u00ed a 2030 se antoja inalcanzable\u201d.","robots":{"index":"noindex","follow":"follow","max-snippet":"max-snippet:-1","max-image-preview":"max-image-preview:large","max-video-preview":"max-video-preview:-1"},"og_locale":"es_ES","og_type":"article","og_title":"La UE est\u00e1 en riesgo de quedarse sin materias primas para potenciar las energ\u00edas renovables - vof-news.eu","og_description":"La transici\u00f3n energ\u00e9tica de la Uni\u00f3n Europea est\u00e1 en riesgo ante la falta de materias primas. Un informe del Tribunal de Cuentas de la UE desvela que los objetivos de reducir las emisiones netas de gases de efecto invernadero al menos en un 55% de aqu\u00ed a 2030 y de lograr cero emisiones netas de aqu\u00ed a 2050 o que el 42,5% de la energ\u00eda sea procedente de fuentes renovables est\u00e1n en entredicho ante la falta de materias primas para su consecuci\u00f3n. Cuando la Comisi\u00f3n Europea trata de impulsar la soberan\u00eda econ\u00f3mica frente a EEUU y China, el Tribunal de Cuentas se\u00f1ala a las instituciones de la UE con la acusaci\u00f3n de que \u201cla pol\u00edtica de materias primas de la UE traza un rumbo estrat\u00e9gico, pero carece de una base completa\u201d y \u201cno es lo suficientemente contundente\u201d, con lo que el veredicto es concluyente: \u201cEl objetivo de garantizar el suministro de aqu\u00ed a 2030 se antoja inalcanzable\u201d.","og_url":"https:\/\/vof-news.eu\/es\/la-ue-esta-en-riesgo-de-quedarse-sin-materias-primas-para-potenciar-las-energias-renovables\/","og_site_name":"vof-news.eu","article_published_time":"2026-02-03T06:20:24+00:00","article_modified_time":"2026-02-03T06:21:02+00:00","og_image":[{"width":1200,"height":675,"url":"https:\/\/vof-news.eu\/wp-content\/uploads\/2026\/02\/e1ee36bd-16dd-4719-b0d8-97ec18bd14f1_16-9-discover-aspect-ratio_default_0.jpg","type":"image\/jpeg"}],"author":"Author","twitter_card":"summary_large_image","twitter_misc":{"Escrito por":"Author","Tiempo de lectura":"7 minutos"},"schema":{"@context":"https:\/\/schema.org","@graph":[{"@type":"WebPage","@id":"https:\/\/vof-news.eu\/es\/la-ue-esta-en-riesgo-de-quedarse-sin-materias-primas-para-potenciar-las-energias-renovables\/","url":"https:\/\/vof-news.eu\/es\/la-ue-esta-en-riesgo-de-quedarse-sin-materias-primas-para-potenciar-las-energias-renovables\/","name":"La UE est\u00e1 en riesgo de quedarse sin materias primas para potenciar las energ\u00edas renovables - vof-news.eu","isPartOf":{"@id":"https:\/\/vof-news.eu\/es\/#website"},"primaryImageOfPage":{"@id":"https:\/\/vof-news.eu\/es\/la-ue-esta-en-riesgo-de-quedarse-sin-materias-primas-para-potenciar-las-energias-renovables\/#primaryimage"},"image":{"@id":"https:\/\/vof-news.eu\/es\/la-ue-esta-en-riesgo-de-quedarse-sin-materias-primas-para-potenciar-las-energias-renovables\/#primaryimage"},"thumbnailUrl":"https:\/\/vof-news.eu\/wp-content\/uploads\/2026\/02\/e1ee36bd-16dd-4719-b0d8-97ec18bd14f1_16-9-discover-aspect-ratio_default_0.jpg","datePublished":"2026-02-03T06:20:24+00:00","dateModified":"2026-02-03T06:21:02+00:00","author":{"@id":"https:\/\/vof-news.eu\/es\/#\/schema\/person\/f6a2a4309f0561835797fd8c19b333ed"},"description":"La transici\u00f3n energ\u00e9tica de la Uni\u00f3n Europea est\u00e1 en riesgo ante la falta de materias primas. Un informe del Tribunal de Cuentas de la UE desvela que los objetivos de reducir las emisiones netas de gases de efecto invernadero al menos en un 55% de aqu\u00ed a 2030 y de lograr cero emisiones netas de aqu\u00ed a 2050 o que el 42,5% de la energ\u00eda sea procedente de fuentes renovables est\u00e1n en entredicho ante la falta de materias primas para su consecuci\u00f3n. Cuando la Comisi\u00f3n Europea trata de impulsar la soberan\u00eda econ\u00f3mica frente a EEUU y China, el Tribunal de Cuentas se\u00f1ala a las instituciones de la UE con la acusaci\u00f3n de que \u201cla pol\u00edtica de materias primas de la UE traza un rumbo estrat\u00e9gico, pero carece de una base completa\u201d y \u201cno es lo suficientemente contundente\u201d, con lo que el veredicto es concluyente: \u201cEl objetivo de garantizar el suministro de aqu\u00ed a 2030 se antoja inalcanzable\u201d.","breadcrumb":{"@id":"https:\/\/vof-news.eu\/es\/la-ue-esta-en-riesgo-de-quedarse-sin-materias-primas-para-potenciar-las-energias-renovables\/#breadcrumb"},"inLanguage":"es","potentialAction":[{"@type":"ReadAction","target":["https:\/\/vof-news.eu\/es\/la-ue-esta-en-riesgo-de-quedarse-sin-materias-primas-para-potenciar-las-energias-renovables\/"]}]},{"@type":"ImageObject","inLanguage":"es","@id":"https:\/\/vof-news.eu\/es\/la-ue-esta-en-riesgo-de-quedarse-sin-materias-primas-para-potenciar-las-energias-renovables\/#primaryimage","url":"https:\/\/vof-news.eu\/wp-content\/uploads\/2026\/02\/e1ee36bd-16dd-4719-b0d8-97ec18bd14f1_16-9-discover-aspect-ratio_default_0.jpg","contentUrl":"https:\/\/vof-news.eu\/wp-content\/uploads\/2026\/02\/e1ee36bd-16dd-4719-b0d8-97ec18bd14f1_16-9-discover-aspect-ratio_default_0.jpg","width":1200,"height":675},{"@type":"BreadcrumbList","@id":"https:\/\/vof-news.eu\/es\/la-ue-esta-en-riesgo-de-quedarse-sin-materias-primas-para-potenciar-las-energias-renovables\/#breadcrumb","itemListElement":[{"@type":"ListItem","position":1,"name":"Home","item":"https:\/\/vof-news.eu\/es\/"},{"@type":"ListItem","position":2,"name":"La UE est\u00e1 en riesgo de quedarse sin materias primas para potenciar las energ\u00edas renovables"}]},{"@type":"WebSite","@id":"https:\/\/vof-news.eu\/es\/#website","url":"https:\/\/vof-news.eu\/es\/","name":"vof-news.eu","description":"","potentialAction":[{"@type":"SearchAction","target":{"@type":"EntryPoint","urlTemplate":"https:\/\/vof-news.eu\/es\/?s={search_term_string}"},"query-input":"required name=search_term_string"}],"inLanguage":"es"},{"@type":"Person","@id":"https:\/\/vof-news.eu\/es\/#\/schema\/person\/f6a2a4309f0561835797fd8c19b333ed","name":"Author","image":{"@type":"ImageObject","inLanguage":"es","@id":"https:\/\/vof-news.eu\/es\/#\/schema\/person\/image\/","url":"https:\/\/secure.gravatar.com\/avatar\/b67e614b1b25b3e9c0c239efdd2fde5ab015b5affd6f1c3c85911ca4b384e790?s=96&d=mm&r=g","contentUrl":"https:\/\/secure.gravatar.com\/avatar\/b67e614b1b25b3e9c0c239efdd2fde5ab015b5affd6f1c3c85911ca4b384e790?s=96&d=mm&r=g","caption":"Author"},"sameAs":["http:\/\/vof-news.eu"],"url":"https:\/\/vof-news.eu\/es\/author\/zwt6qxnjulxbnyg\/"}]}},"yoast_meta":{"yoast_wpseo_title":"","yoast_wpseo_metadesc":"","yoast_wpseo_canonical":""},"_links":{"self":[{"href":"https:\/\/vof-news.eu\/es\/wp-json\/wp\/v2\/posts\/322917","targetHints":{"allow":["GET"]}}],"collection":[{"href":"https:\/\/vof-news.eu\/es\/wp-json\/wp\/v2\/posts"}],"about":[{"href":"https:\/\/vof-news.eu\/es\/wp-json\/wp\/v2\/types\/post"}],"author":[{"embeddable":true,"href":"https:\/\/vof-news.eu\/es\/wp-json\/wp\/v2\/users\/1"}],"replies":[{"embeddable":true,"href":"https:\/\/vof-news.eu\/es\/wp-json\/wp\/v2\/comments?post=322917"}],"version-history":[{"count":1,"href":"https:\/\/vof-news.eu\/es\/wp-json\/wp\/v2\/posts\/322917\/revisions"}],"predecessor-version":[{"id":322925,"href":"https:\/\/vof-news.eu\/es\/wp-json\/wp\/v2\/posts\/322917\/revisions\/322925"}],"wp:featuredmedia":[{"embeddable":true,"href":"https:\/\/vof-news.eu\/es\/wp-json\/wp\/v2\/media\/322918"}],"wp:attachment":[{"href":"https:\/\/vof-news.eu\/es\/wp-json\/wp\/v2\/media?parent=322917"}],"wp:term":[{"taxonomy":"category","embeddable":true,"href":"https:\/\/vof-news.eu\/es\/wp-json\/wp\/v2\/categories?post=322917"},{"taxonomy":"post_tag","embeddable":true,"href":"https:\/\/vof-news.eu\/es\/wp-json\/wp\/v2\/tags?post=322917"}],"curies":[{"name":"wp","href":"https:\/\/api.w.org\/{rel}","templated":true}]}}