{"id":322909,"date":"2026-02-03T09:17:43","date_gmt":"2026-02-03T06:17:43","guid":{"rendered":"https:\/\/vof-news.eu\/pedro-sanchez-hijo-de-puta-cuando-la-oposicion-normaliza-el-insulto-en-politica\/"},"modified":"2026-02-03T09:18:46","modified_gmt":"2026-02-03T06:18:46","slug":"pedro-sanchez-hijo-de-puta-cuando-la-oposicion-normaliza-el-insulto-en-politica","status":"publish","type":"post","link":"https:\/\/vof-news.eu\/es\/pedro-sanchez-hijo-de-puta-cuando-la-oposicion-normaliza-el-insulto-en-politica\/","title":{"rendered":"\u201cPedro S\u00e1nchez, hijo de puta\u201d: cuando la oposici\u00f3n normaliza el insulto en pol\u00edtica"},"content":{"rendered":"<div>\n<p>\n        Una concejala del PP de un municipio valenciano de 128 habitantes cogi\u00f3 este domingo su coche, recorri\u00f3 los 50 kil\u00f3metros que la separaban de Teruel, entr\u00f3 a un mitin del PSOE y, cuando el presidente del Gobierno y l\u00edder socialista iba a tomar la palabra, <a href=\"https:\/\/www.eldiario.es\/comunitat-valenciana\/concejala-pp-insultado-sanchez-pide-disculpas-palabras-inapropiadas_1_12954494.html\" rel=\"nofollow\">lanz\u00f3 un grito<\/a> que se ha hecho com\u00fan en la vida de Pedro S\u00e1nchez: \u201c\u00a1Hijo de puta!\u201d. La deshumanizaci\u00f3n del jefe del Ejecutivo ha calado en buena parte de la sociedad. Pero la oposici\u00f3n ha normalizado tanto el insulto que, lejos de condenarlo inmediatamente, intenta sacar r\u00e9dito de ello.\n    <\/p>\n<p>\n        La primera reacci\u00f3n del PP al incidente de Teruel no fue la de condenar los hechos protagonizados por una persona con una relevancia pol\u00edtica muy limitada. La primera reacci\u00f3n del primer partido de Espa\u00f1a en n\u00famero de votos fue la de justificar a Bel\u00e9n Navarro y sostener que su acci\u00f3n es asimilable a la de la mayor\u00eda social\n    <\/p>\n<p>\n        \u201cHa expresado de manera espont\u00e1nea su opini\u00f3n pol\u00edtica sobre la actuaci\u00f3n del actual presidente del Gobierno\u201d, apuntaron el domingo a elDiario.es fuentes del PP valenciano. \u201cEs cierto que las formas pueden ser discutibles y siempre es deseable un debate p\u00fablico respetuoso\u201d, concedieron, para concluir: \u201cPero no puede obviarse el fondo de la cuesti\u00f3n: hay un malestar social real y creciente que no puede despacharse con gestos de sorpresa o victimismo\u201d.\n    <\/p>\n<p>\n        Para el PP valenciano la reacci\u00f3n del presidente cuando recibe un insulto a gritos en uno de sus m\u00edtines es, por tanto, \u201cvictimismo\u201d. Es decir, \u201cconsiderarse v\u00edctima o hacerse pasar por tal\u201d cuando no corresponde.\n    <\/p>\n<p>\n        La direcci\u00f3n nacional del partido mantuvo el silencio sobre el incidente durante horas. La primera reacci\u00f3n desde el equipo del l\u00edder del partido, Alberto N\u00fa\u00f1ez Feij\u00f3o, lleg\u00f3 a las dos de la tarde del lunes en forma de mensaje de whatsapp para, lejos de lamentar el incidente, intentar asimilar al PSOE con su propio comportamiento. Lo hicieron a partir de una noticia del digital esdiario.com titulada \u201cLa madre de una diputada del PSOE amenaza al alcalde de Algemes\u00ed: &#8216;tus familiares deber\u00edan estar muertos\u201d y publicada en el verano de 2025.\n    <\/p>\n<h2>De \u201cme gusta la fruta\u201d a \u201cgalgo de Paiporta\u201d <\/h2>\n<p>\n        El PP y sus dirigentes optaron por el silencio ante el insulto espetado al presidente del Gobierno por una de sus concejalas. Ella misma pidi\u00f3 perd\u00f3n y dijo que grit\u00f3 unas \u201cpalabras espont\u00e1neas\u201d, pese a la premeditaci\u00f3n de acudir como p\u00fablico a un mitin de un partido rival.\n    <\/p>\n<p>\n        Feij\u00f3o no pudo escaparse de los periodistas en el Congreso. Despu\u00e9s de comparecer ante la comisi\u00f3n de investigaci\u00f3n de la dana, fue preguntado expresamente si \u201ccondena\u201d los insultos. Su respuesta: \u201cPor supuesto\u201d. Y ya.\n    <\/p>\n<p>\n        Y es que unos minutos antes, el propio Feij\u00f3o hab\u00eda ridiculizado a S\u00e1nchez por haber \u201csalido corriendo\u201d de Paiporta, seg\u00fan sus propias palabras, durante una visita a uno de los municipios m\u00e1s afectados por la dana de 2024. \u201cDespu\u00e9s de una agresi\u00f3n\u201d, como le record\u00f3 el diputado de Podemos Javier S\u00e1nchez Serna, quien le interrogaba en ese momento.\n    <\/p>\n<p>\n        Las palabras de Feij\u00f3o sobre Paiporta no son nuevas. De hecho, en el PP suelen referirse en p\u00fablico a S\u00e1nchez como \u201cel galgo de Paiporta\u201d, normalmente entre risas y aplausos del p\u00fablico asistente. En el mismo sentido, a la ministra <a href=\"https:\/\/www.eldiario.es\/comunitat-valenciana\/diputado-pp-incendia-corts-llamar-caniche-gandia-morant-ratonera-valencia-bernabe_1_12167060.html\" rel=\"nofollow\">Diana Morant se refieren como \u201ccaniche de Gandia\u201d<\/a> o a la delegada del Gobierno, Pilar Bernab\u00e9, como \u201cratonera de Valencia\u201d.\n    <\/p>\n<p>\n        Es parte de la estrategia de deshumanizaci\u00f3n del rival que el PP puso en marcha contra el Gobierno. En un primer momento, el principal objetivo de la derecha y sus terminales medi\u00e1ticas fue Podemos, con Pablo Iglesias e Irene Montero como dianas favoritas de todo tipo de insultos. A Iglesias, por ejemplo, le acusaron de ser hijo \u201cde un terrorista\u201d, mientras a Montero la ridiculizaron por haber trabajado en una gran superficie durante su \u00e9poca de estudiante. Pero el ejemplo m\u00e1s palmario y agresivo fue el acoso directo, continuo y durante un largo a\u00f1o que ambos dirigentes sufrieron en su propia casa, <a href=\"https:\/\/www.eldiario.es\/politica\/denuncias-acoso-iglesias-montero-vivienda-redes-llevare-hijos-colegio-les-inflen-hostias_1_6179320.html\" rel=\"nofollow\">donde viv\u00edan tres ni\u00f1os<\/a> de muy corta edad. Y <a href=\"https:\/\/www.eldiario.es\/politica\/jueza-absuelve-ultra-miguel-frontera-acosar-pablo-iglesias-e-irene-montero-casa-durante-meses_1_11453819.html\" rel=\"nofollow\">ante la pasividad policial y judicial<\/a>. Pero tambi\u00e9n pol\u00edtica. Fueron muchos en el PP los que no solo callaron, sino que justificaron lo ocurrido solo porque la diana era Pablo Iglesias.\n    <\/p>\n<p>\n        Tras la salida del fundador de Podemos de la primera l\u00ednea y la marcha de Montero a Europa <a href=\"https:\/\/www.eldiario.es\/politica\/gobierno-ilegitimo-tres-anos-insultos-derechas-congreso-bloqueo-instituciones_1_9745169.html\" rel=\"nofollow\">el foco se fue centrando en el l\u00edder socialista<\/a>. Casi todo el fuego desde las elecciones de 2023 se ha centrado en Pedro S\u00e1nchez y sus ministros. Al PP tambi\u00e9n le cost\u00f3 condenar <a href=\"https:\/\/www.eldiario.es\/politica\/explosivos-caseros-pintadas-ataques-decenas-sedes-psoe-espana_1_12453487.html\" rel=\"nofollow\">los ataques a las sedes del PSOE<\/a> que se dieron el a\u00f1o pasado y en octubre <a href=\"https:\/\/www.eldiario.es\/politica\/ultima-hora-actualidad-politica-directo_6_12665681_1115998.html\" rel=\"nofollow\">tumbaron una moci\u00f3n al respecto en el Senado.<\/a>\n<\/p>\n<p>\n        Fieles al principio de transposici\u00f3n de la propaganda, en el PP niegan la mayor y dicen ser ellos las v\u00edctimas. La portavoz del PP, Ester Mu\u00f1oz, dijo sentirse \u201cdeshumanizada\u201d por no asumir el genocidio de Gaza como una realidad mientras <a href=\"https:\/\/www.eldiario.es\/politica\/ultima-hora-actualidad-politica-directo_6_12605614_1115448.html\" rel=\"nofollow\">ridiculiz\u00f3 lo ocurrido con S\u00e1nchez en Paiporta<\/a>.\n    <\/p>\n<p>\n        El punto de inflexi\u00f3n fueron esas elecciones de 2023, que Feij\u00f3o gan\u00f3 por poco. Tan poco, que no logr\u00f3 los apoyos para gobernar. S\u00e1nchez s\u00ed. Y la derecha no se lo perdona. Aquella fue la campa\u00f1a del <a href=\"https:\/\/www.eldiario.es\/politica\/pitos-gritos-e-insultos-sanchez-desfile-12-octubre-vote-txapote_1_10591763.html\" rel=\"nofollow\">\u201cque te vote Txapote\u201d<\/a> enarbolado por Isabel D\u00edaz Ayuso y que Feij\u00f3o acab\u00f3 copiando. \u201cS\u00e1nchez hijo de puta\u201d, \u201cS\u00e1nchez, cabr\u00f3n\u201d o \u201ctraidor\u201d se convirtieron en habituales en actos oficiales como el <a href=\"https:\/\/www.eldiario.es\/politica\/pitos-gritos-e-insultos-sanchez-desfile-12-octubre-vote-txapote_1_10591763.html\" rel=\"nofollow\">desfile del 12 de octubre<\/a>.\n    <\/p>\n<p>\n        El tono ha sido ascendente. Durante la investidura de S\u00e1nchez, el entonces candidato del PSOE se refiri\u00f3 desde la tribuna de oradores del Congreso a la pareja de Ayuso, sin citarlo expresamente. La presidenta de Madrid, presente en la tribuna de invitados, espet\u00f3 un cristalino \u201chijo de puta\u201d que, despu\u00e9s, su equipo de escribas comandado por Miguel \u00c1ngel Rodr\u00edguez transmut\u00f3 en \u201cme gusta la fruta\u201d.\n    <\/p>\n<p>\n        El PP de Madrid ha hecho merchandising de ese \u201cme gusta la fruta\u201d. Ayuso lleg\u00f3 a repartir cestos de fruta como premio durante una cena de navidad a la que estaba invitado un Feij\u00f3o que todav\u00eda no hab\u00eda <a href=\"https:\/\/www.eldiario.es\/politica\/metamorfosis-madrilena-feijoo_1_12421305.html\" rel=\"nofollow\">culminado la metamorfosis<\/a>, f\u00edsica y psicol\u00f3gica, que ha experimentado desde su aterrizaje en la pol\u00edtica nacional.\n    <\/p>\n<p>\n        Aquel insulto de Ayuso se ha convertido en un meme que se repite de forma inopinada y en cualquier contexto. Fiestas populares, conciertos o eventos de &#8216;youtubers&#8217; huidos a Andorra para no pagar impuestos son interrumpidos en alg\u00fan momento por un \u201cPedro S\u00e1nchez, hijo de puta\u201d al que no se a\u00f1ade componente pol\u00edtico alguno.\n    <\/p>\n<p>\n        Es puro odio, y el PP no solo no lo condena, sino que lo azuza. Ocurri\u00f3 despu\u00e9s de que <a href=\"https:\/\/www.eldiario.es\/sociedad\/laliga-denuncia-canticos-pedro-sanchez-partidos-primera-division_1_12560139.html\" rel=\"nofollow\">LaLiga denunciara esos c\u00e1nticos<\/a> en dos partidos de Primera. \u201cCuando alguien grita Pedro S\u00e1nchez, ya hay tres palabras que resuenan en todas nuestras cabezas\u201d, respondi\u00f3 el portavoz del PP de Ayuso, Carlos D\u00edaz-Pache.\n    <\/p>\n<p>\n        El PP de Arag\u00f3n us\u00f3 la misma justificaci\u00f3n despu\u00e9s de que el Preg\u00f3n de las fiestas de Huesca fuera interrumpido con los mismos gritos, y azuzados por las autoridades auton\u00f3micas. <a href=\"https:\/\/www.eldiario.es\/aragon\/politica\/pp-aragon-defiende-insultos-pedro-sanchez-pregon-huesca-hit-verano_1_12528582.html\" rel=\"nofollow\">\u201cEs el hit del verano\u201d, replicaron ufanos<\/a>.\n    <\/p>\n<p>\n        Este domingo, ante el \u201chijo de puta\u201d que le profiri\u00f3 la concejala del PP, S\u00e1nchez se limit\u00f3 a replicar: \u201cQuien insulta son aquellos que no tienen argumentos\u201d.\n    <\/p>\n<\/div>\n","protected":false},"excerpt":{"rendered":"<p>Una concejala del PP de un municipio valenciano de 128 habitantes cogi\u00f3 este domingo su coche, recorri\u00f3 los 50 kil\u00f3metros que la separaban de Teruel, entr\u00f3 a un mitin del PSOE y, cuando el presidente del Gobierno y l\u00edder socialista iba a tomar la palabra, lanz\u00f3 un grito que se ha hecho com\u00fan en la<\/p>\n","protected":false},"author":1,"featured_media":322910,"comment_status":"open","ping_status":"open","sticky":false,"template":"","format":"standard","meta":{"footnotes":""},"categories":[71],"tags":[],"class_list":["post-322909","post","type-post","status-publish","format-standard","has-post-thumbnail","hentry","category-politics-es"],"acf":[],"yoast_head":"<!-- This site is optimized with the Yoast SEO plugin v22.9 - https:\/\/yoast.com\/wordpress\/plugins\/seo\/ -->\n<title>\u201cPedro S\u00e1nchez, hijo de puta\u201d: cuando la oposici\u00f3n normaliza el insulto en pol\u00edtica - vof-news.eu<\/title>\n<meta name=\"description\" content=\"Una concejala del PP de un municipio valenciano de 128 habitantes cogi\u00f3 este domingo su coche, recorri\u00f3 los 50 kil\u00f3metros que la separaban de Teruel, entr\u00f3 a un mitin del PSOE y, cuando el presidente del Gobierno y l\u00edder socialista iba a tomar la palabra, lanz\u00f3 un grito que se ha hecho com\u00fan en la vida de Pedro S\u00e1nchez: \u201c\u00a1Hijo de puta!\u201d. La deshumanizaci\u00f3n del jefe del Ejecutivo ha calado en buena parte de la sociedad. Pero la oposici\u00f3n ha normalizado tanto el insulto que, lejos de condenarlo inmediatamente, intenta sacar r\u00e9dito de ello.\" \/>\n<meta name=\"robots\" content=\"noindex, follow, max-snippet:-1, max-image-preview:large, max-video-preview:-1\" \/>\n<meta property=\"og:locale\" content=\"es_ES\" \/>\n<meta property=\"og:type\" content=\"article\" \/>\n<meta property=\"og:title\" content=\"\u201cPedro S\u00e1nchez, hijo de puta\u201d: cuando la oposici\u00f3n normaliza el insulto en pol\u00edtica - vof-news.eu\" \/>\n<meta property=\"og:description\" content=\"Una concejala del PP de un municipio valenciano de 128 habitantes cogi\u00f3 este domingo su coche, recorri\u00f3 los 50 kil\u00f3metros que la separaban de Teruel, entr\u00f3 a un mitin del PSOE y, cuando el presidente del Gobierno y l\u00edder socialista iba a tomar la palabra, lanz\u00f3 un grito que se ha hecho com\u00fan en la vida de Pedro S\u00e1nchez: \u201c\u00a1Hijo de puta!\u201d. La deshumanizaci\u00f3n del jefe del Ejecutivo ha calado en buena parte de la sociedad. Pero la oposici\u00f3n ha normalizado tanto el insulto que, lejos de condenarlo inmediatamente, intenta sacar r\u00e9dito de ello.\" \/>\n<meta property=\"og:url\" content=\"https:\/\/vof-news.eu\/es\/pedro-sanchez-hijo-de-puta-cuando-la-oposicion-normaliza-el-insulto-en-politica\/\" \/>\n<meta property=\"og:site_name\" content=\"vof-news.eu\" \/>\n<meta property=\"article:published_time\" content=\"2026-02-03T06:17:43+00:00\" \/>\n<meta property=\"article:modified_time\" content=\"2026-02-03T06:18:46+00:00\" \/>\n<meta property=\"og:image\" content=\"https:\/\/vof-news.eu\/wp-content\/uploads\/2026\/02\/41116c4b-9b5a-4ac3-87df-534882afe974_16-9-discover-aspect-ratio_default_0.jpg\" \/>\n\t<meta property=\"og:image:width\" content=\"1200\" \/>\n\t<meta property=\"og:image:height\" content=\"675\" \/>\n\t<meta property=\"og:image:type\" content=\"image\/jpeg\" \/>\n<meta name=\"author\" content=\"Author\" \/>\n<meta name=\"twitter:card\" content=\"summary_large_image\" \/>\n<meta name=\"twitter:label1\" content=\"Escrito por\" \/>\n\t<meta name=\"twitter:data1\" content=\"Author\" \/>\n\t<meta name=\"twitter:label2\" content=\"Tiempo de lectura\" \/>\n\t<meta name=\"twitter:data2\" content=\"6 minutos\" \/>\n<script type=\"application\/ld+json\" class=\"yoast-schema-graph\">{\"@context\":\"https:\/\/schema.org\",\"@graph\":[{\"@type\":\"WebPage\",\"@id\":\"https:\/\/vof-news.eu\/es\/pedro-sanchez-hijo-de-puta-cuando-la-oposicion-normaliza-el-insulto-en-politica\/\",\"url\":\"https:\/\/vof-news.eu\/es\/pedro-sanchez-hijo-de-puta-cuando-la-oposicion-normaliza-el-insulto-en-politica\/\",\"name\":\"\u201cPedro S\u00e1nchez, hijo de puta\u201d: cuando la oposici\u00f3n normaliza el insulto en pol\u00edtica - vof-news.eu\",\"isPartOf\":{\"@id\":\"https:\/\/vof-news.eu\/es\/#website\"},\"primaryImageOfPage\":{\"@id\":\"https:\/\/vof-news.eu\/es\/pedro-sanchez-hijo-de-puta-cuando-la-oposicion-normaliza-el-insulto-en-politica\/#primaryimage\"},\"image\":{\"@id\":\"https:\/\/vof-news.eu\/es\/pedro-sanchez-hijo-de-puta-cuando-la-oposicion-normaliza-el-insulto-en-politica\/#primaryimage\"},\"thumbnailUrl\":\"https:\/\/vof-news.eu\/wp-content\/uploads\/2026\/02\/41116c4b-9b5a-4ac3-87df-534882afe974_16-9-discover-aspect-ratio_default_0.jpg\",\"datePublished\":\"2026-02-03T06:17:43+00:00\",\"dateModified\":\"2026-02-03T06:18:46+00:00\",\"author\":{\"@id\":\"https:\/\/vof-news.eu\/es\/#\/schema\/person\/f6a2a4309f0561835797fd8c19b333ed\"},\"description\":\"Una concejala del PP de un municipio valenciano de 128 habitantes cogi\u00f3 este domingo su coche, recorri\u00f3 los 50 kil\u00f3metros que la separaban de Teruel, entr\u00f3 a un mitin del PSOE y, cuando el presidente del Gobierno y l\u00edder socialista iba a tomar la palabra, lanz\u00f3 un grito que se ha hecho com\u00fan en la vida de Pedro S\u00e1nchez: \u201c\u00a1Hijo de puta!\u201d. La deshumanizaci\u00f3n del jefe del Ejecutivo ha calado en buena parte de la sociedad. Pero la oposici\u00f3n ha normalizado tanto el insulto que, lejos de condenarlo inmediatamente, intenta sacar r\u00e9dito de ello.\",\"breadcrumb\":{\"@id\":\"https:\/\/vof-news.eu\/es\/pedro-sanchez-hijo-de-puta-cuando-la-oposicion-normaliza-el-insulto-en-politica\/#breadcrumb\"},\"inLanguage\":\"es\",\"potentialAction\":[{\"@type\":\"ReadAction\",\"target\":[\"https:\/\/vof-news.eu\/es\/pedro-sanchez-hijo-de-puta-cuando-la-oposicion-normaliza-el-insulto-en-politica\/\"]}]},{\"@type\":\"ImageObject\",\"inLanguage\":\"es\",\"@id\":\"https:\/\/vof-news.eu\/es\/pedro-sanchez-hijo-de-puta-cuando-la-oposicion-normaliza-el-insulto-en-politica\/#primaryimage\",\"url\":\"https:\/\/vof-news.eu\/wp-content\/uploads\/2026\/02\/41116c4b-9b5a-4ac3-87df-534882afe974_16-9-discover-aspect-ratio_default_0.jpg\",\"contentUrl\":\"https:\/\/vof-news.eu\/wp-content\/uploads\/2026\/02\/41116c4b-9b5a-4ac3-87df-534882afe974_16-9-discover-aspect-ratio_default_0.jpg\",\"width\":1200,\"height\":675},{\"@type\":\"BreadcrumbList\",\"@id\":\"https:\/\/vof-news.eu\/es\/pedro-sanchez-hijo-de-puta-cuando-la-oposicion-normaliza-el-insulto-en-politica\/#breadcrumb\",\"itemListElement\":[{\"@type\":\"ListItem\",\"position\":1,\"name\":\"Home\",\"item\":\"https:\/\/vof-news.eu\/es\/\"},{\"@type\":\"ListItem\",\"position\":2,\"name\":\"\u201cPedro S\u00e1nchez, hijo de puta\u201d: cuando la oposici\u00f3n normaliza el insulto en pol\u00edtica\"}]},{\"@type\":\"WebSite\",\"@id\":\"https:\/\/vof-news.eu\/es\/#website\",\"url\":\"https:\/\/vof-news.eu\/es\/\",\"name\":\"vof-news.eu\",\"description\":\"\",\"potentialAction\":[{\"@type\":\"SearchAction\",\"target\":{\"@type\":\"EntryPoint\",\"urlTemplate\":\"https:\/\/vof-news.eu\/es\/?s={search_term_string}\"},\"query-input\":\"required name=search_term_string\"}],\"inLanguage\":\"es\"},{\"@type\":\"Person\",\"@id\":\"https:\/\/vof-news.eu\/es\/#\/schema\/person\/f6a2a4309f0561835797fd8c19b333ed\",\"name\":\"Author\",\"image\":{\"@type\":\"ImageObject\",\"inLanguage\":\"es\",\"@id\":\"https:\/\/vof-news.eu\/es\/#\/schema\/person\/image\/\",\"url\":\"https:\/\/secure.gravatar.com\/avatar\/b67e614b1b25b3e9c0c239efdd2fde5ab015b5affd6f1c3c85911ca4b384e790?s=96&d=mm&r=g\",\"contentUrl\":\"https:\/\/secure.gravatar.com\/avatar\/b67e614b1b25b3e9c0c239efdd2fde5ab015b5affd6f1c3c85911ca4b384e790?s=96&d=mm&r=g\",\"caption\":\"Author\"},\"sameAs\":[\"http:\/\/vof-news.eu\"],\"url\":\"https:\/\/vof-news.eu\/es\/author\/zwt6qxnjulxbnyg\/\"}]}<\/script>\n<!-- \/ Yoast SEO plugin. -->","yoast_head_json":{"title":"\u201cPedro S\u00e1nchez, hijo de puta\u201d: cuando la oposici\u00f3n normaliza el insulto en pol\u00edtica - vof-news.eu","description":"Una concejala del PP de un municipio valenciano de 128 habitantes cogi\u00f3 este domingo su coche, recorri\u00f3 los 50 kil\u00f3metros que la separaban de Teruel, entr\u00f3 a un mitin del PSOE y, cuando el presidente del Gobierno y l\u00edder socialista iba a tomar la palabra, lanz\u00f3 un grito que se ha hecho com\u00fan en la vida de Pedro S\u00e1nchez: \u201c\u00a1Hijo de puta!\u201d. La deshumanizaci\u00f3n del jefe del Ejecutivo ha calado en buena parte de la sociedad. Pero la oposici\u00f3n ha normalizado tanto el insulto que, lejos de condenarlo inmediatamente, intenta sacar r\u00e9dito de ello.","robots":{"index":"noindex","follow":"follow","max-snippet":"max-snippet:-1","max-image-preview":"max-image-preview:large","max-video-preview":"max-video-preview:-1"},"og_locale":"es_ES","og_type":"article","og_title":"\u201cPedro S\u00e1nchez, hijo de puta\u201d: cuando la oposici\u00f3n normaliza el insulto en pol\u00edtica - vof-news.eu","og_description":"Una concejala del PP de un municipio valenciano de 128 habitantes cogi\u00f3 este domingo su coche, recorri\u00f3 los 50 kil\u00f3metros que la separaban de Teruel, entr\u00f3 a un mitin del PSOE y, cuando el presidente del Gobierno y l\u00edder socialista iba a tomar la palabra, lanz\u00f3 un grito que se ha hecho com\u00fan en la vida de Pedro S\u00e1nchez: \u201c\u00a1Hijo de puta!\u201d. La deshumanizaci\u00f3n del jefe del Ejecutivo ha calado en buena parte de la sociedad. Pero la oposici\u00f3n ha normalizado tanto el insulto que, lejos de condenarlo inmediatamente, intenta sacar r\u00e9dito de ello.","og_url":"https:\/\/vof-news.eu\/es\/pedro-sanchez-hijo-de-puta-cuando-la-oposicion-normaliza-el-insulto-en-politica\/","og_site_name":"vof-news.eu","article_published_time":"2026-02-03T06:17:43+00:00","article_modified_time":"2026-02-03T06:18:46+00:00","og_image":[{"width":1200,"height":675,"url":"https:\/\/vof-news.eu\/wp-content\/uploads\/2026\/02\/41116c4b-9b5a-4ac3-87df-534882afe974_16-9-discover-aspect-ratio_default_0.jpg","type":"image\/jpeg"}],"author":"Author","twitter_card":"summary_large_image","twitter_misc":{"Escrito por":"Author","Tiempo de lectura":"6 minutos"},"schema":{"@context":"https:\/\/schema.org","@graph":[{"@type":"WebPage","@id":"https:\/\/vof-news.eu\/es\/pedro-sanchez-hijo-de-puta-cuando-la-oposicion-normaliza-el-insulto-en-politica\/","url":"https:\/\/vof-news.eu\/es\/pedro-sanchez-hijo-de-puta-cuando-la-oposicion-normaliza-el-insulto-en-politica\/","name":"\u201cPedro S\u00e1nchez, hijo de puta\u201d: cuando la oposici\u00f3n normaliza el insulto en pol\u00edtica - vof-news.eu","isPartOf":{"@id":"https:\/\/vof-news.eu\/es\/#website"},"primaryImageOfPage":{"@id":"https:\/\/vof-news.eu\/es\/pedro-sanchez-hijo-de-puta-cuando-la-oposicion-normaliza-el-insulto-en-politica\/#primaryimage"},"image":{"@id":"https:\/\/vof-news.eu\/es\/pedro-sanchez-hijo-de-puta-cuando-la-oposicion-normaliza-el-insulto-en-politica\/#primaryimage"},"thumbnailUrl":"https:\/\/vof-news.eu\/wp-content\/uploads\/2026\/02\/41116c4b-9b5a-4ac3-87df-534882afe974_16-9-discover-aspect-ratio_default_0.jpg","datePublished":"2026-02-03T06:17:43+00:00","dateModified":"2026-02-03T06:18:46+00:00","author":{"@id":"https:\/\/vof-news.eu\/es\/#\/schema\/person\/f6a2a4309f0561835797fd8c19b333ed"},"description":"Una concejala del PP de un municipio valenciano de 128 habitantes cogi\u00f3 este domingo su coche, recorri\u00f3 los 50 kil\u00f3metros que la separaban de Teruel, entr\u00f3 a un mitin del PSOE y, cuando el presidente del Gobierno y l\u00edder socialista iba a tomar la palabra, lanz\u00f3 un grito que se ha hecho com\u00fan en la vida de Pedro S\u00e1nchez: \u201c\u00a1Hijo de puta!\u201d. La deshumanizaci\u00f3n del jefe del Ejecutivo ha calado en buena parte de la sociedad. Pero la oposici\u00f3n ha normalizado tanto el insulto que, lejos de condenarlo inmediatamente, intenta sacar r\u00e9dito de ello.","breadcrumb":{"@id":"https:\/\/vof-news.eu\/es\/pedro-sanchez-hijo-de-puta-cuando-la-oposicion-normaliza-el-insulto-en-politica\/#breadcrumb"},"inLanguage":"es","potentialAction":[{"@type":"ReadAction","target":["https:\/\/vof-news.eu\/es\/pedro-sanchez-hijo-de-puta-cuando-la-oposicion-normaliza-el-insulto-en-politica\/"]}]},{"@type":"ImageObject","inLanguage":"es","@id":"https:\/\/vof-news.eu\/es\/pedro-sanchez-hijo-de-puta-cuando-la-oposicion-normaliza-el-insulto-en-politica\/#primaryimage","url":"https:\/\/vof-news.eu\/wp-content\/uploads\/2026\/02\/41116c4b-9b5a-4ac3-87df-534882afe974_16-9-discover-aspect-ratio_default_0.jpg","contentUrl":"https:\/\/vof-news.eu\/wp-content\/uploads\/2026\/02\/41116c4b-9b5a-4ac3-87df-534882afe974_16-9-discover-aspect-ratio_default_0.jpg","width":1200,"height":675},{"@type":"BreadcrumbList","@id":"https:\/\/vof-news.eu\/es\/pedro-sanchez-hijo-de-puta-cuando-la-oposicion-normaliza-el-insulto-en-politica\/#breadcrumb","itemListElement":[{"@type":"ListItem","position":1,"name":"Home","item":"https:\/\/vof-news.eu\/es\/"},{"@type":"ListItem","position":2,"name":"\u201cPedro S\u00e1nchez, hijo de puta\u201d: cuando la oposici\u00f3n normaliza el insulto en pol\u00edtica"}]},{"@type":"WebSite","@id":"https:\/\/vof-news.eu\/es\/#website","url":"https:\/\/vof-news.eu\/es\/","name":"vof-news.eu","description":"","potentialAction":[{"@type":"SearchAction","target":{"@type":"EntryPoint","urlTemplate":"https:\/\/vof-news.eu\/es\/?s={search_term_string}"},"query-input":"required name=search_term_string"}],"inLanguage":"es"},{"@type":"Person","@id":"https:\/\/vof-news.eu\/es\/#\/schema\/person\/f6a2a4309f0561835797fd8c19b333ed","name":"Author","image":{"@type":"ImageObject","inLanguage":"es","@id":"https:\/\/vof-news.eu\/es\/#\/schema\/person\/image\/","url":"https:\/\/secure.gravatar.com\/avatar\/b67e614b1b25b3e9c0c239efdd2fde5ab015b5affd6f1c3c85911ca4b384e790?s=96&d=mm&r=g","contentUrl":"https:\/\/secure.gravatar.com\/avatar\/b67e614b1b25b3e9c0c239efdd2fde5ab015b5affd6f1c3c85911ca4b384e790?s=96&d=mm&r=g","caption":"Author"},"sameAs":["http:\/\/vof-news.eu"],"url":"https:\/\/vof-news.eu\/es\/author\/zwt6qxnjulxbnyg\/"}]}},"yoast_meta":{"yoast_wpseo_title":"","yoast_wpseo_metadesc":"","yoast_wpseo_canonical":""},"_links":{"self":[{"href":"https:\/\/vof-news.eu\/es\/wp-json\/wp\/v2\/posts\/322909","targetHints":{"allow":["GET"]}}],"collection":[{"href":"https:\/\/vof-news.eu\/es\/wp-json\/wp\/v2\/posts"}],"about":[{"href":"https:\/\/vof-news.eu\/es\/wp-json\/wp\/v2\/types\/post"}],"author":[{"embeddable":true,"href":"https:\/\/vof-news.eu\/es\/wp-json\/wp\/v2\/users\/1"}],"replies":[{"embeddable":true,"href":"https:\/\/vof-news.eu\/es\/wp-json\/wp\/v2\/comments?post=322909"}],"version-history":[{"count":1,"href":"https:\/\/vof-news.eu\/es\/wp-json\/wp\/v2\/posts\/322909\/revisions"}],"predecessor-version":[{"id":322916,"href":"https:\/\/vof-news.eu\/es\/wp-json\/wp\/v2\/posts\/322909\/revisions\/322916"}],"wp:featuredmedia":[{"embeddable":true,"href":"https:\/\/vof-news.eu\/es\/wp-json\/wp\/v2\/media\/322910"}],"wp:attachment":[{"href":"https:\/\/vof-news.eu\/es\/wp-json\/wp\/v2\/media?parent=322909"}],"wp:term":[{"taxonomy":"category","embeddable":true,"href":"https:\/\/vof-news.eu\/es\/wp-json\/wp\/v2\/categories?post=322909"},{"taxonomy":"post_tag","embeddable":true,"href":"https:\/\/vof-news.eu\/es\/wp-json\/wp\/v2\/tags?post=322909"}],"curies":[{"name":"wp","href":"https:\/\/api.w.org\/{rel}","templated":true}]}}