{"id":322860,"date":"2026-02-03T01:19:54","date_gmt":"2026-02-02T22:19:54","guid":{"rendered":"https:\/\/vof-news.eu\/el-cierre-de-las-galerias-de-arte-ante-la-promesa-incumplida-de-urtasun-para-bajarles-el-iva-nos-tratan-como-si-fueramos-chanel-o-vuitton-y-no-un-activo-cultural\/"},"modified":"2026-02-03T01:21:14","modified_gmt":"2026-02-02T22:21:14","slug":"el-cierre-de-las-galerias-de-arte-ante-la-promesa-incumplida-de-urtasun-para-bajarles-el-iva-nos-tratan-como-si-fueramos-chanel-o-vuitton-y-no-un-activo-cultural","status":"publish","type":"post","link":"https:\/\/vof-news.eu\/es\/el-cierre-de-las-galerias-de-arte-ante-la-promesa-incumplida-de-urtasun-para-bajarles-el-iva-nos-tratan-como-si-fueramos-chanel-o-vuitton-y-no-un-activo-cultural\/","title":{"rendered":"El cierre de las galer\u00edas de arte ante la promesa incumplida de Urtasun para bajarles el IVA: \u00abNos tratan como si fu\u00e9ramos Chanel o Vuitton y no un activo cultural\u00bb"},"content":{"rendered":"<div>\n<p>En abril de 2022, la Uni\u00f3n Europea aprob\u00f3 la directiva que permit\u00eda a sus estados miembro aplicar un tipo reducido en el IVA a las ventas del arte. En marzo de 2024, coincidiendo con la edici\u00f3n de ese a\u00f1o de Arco, la gran feria de arte en Espa\u00f1a, el ministro de Cultura, <strong>Ernest Urtasun<\/strong>, anunci\u00f3 que la intenci\u00f3n del Ministerio de Cultura era que <a href=\"https:\/\/www.elmundo.es\/economia\/macroeconomia\/2024\/03\/06\/65e756fee9cf4ac73c8b45a8.html\" rel=\"nofollow\">esa reducci\u00f3n se aplicara en nuestro pa\u00eds<\/a>. Cuatro y dos a\u00f1os despu\u00e9s, el tipo para estas operaciones sigue anclado en el 21%. Sin ning\u00fan avance significativo para reducirlo.<\/p>\n<p>Ante esa situaci\u00f3n, las galer\u00edas espa\u00f1olas, a trav\u00e9s del Consorcio de Galer\u00edas de Arte Contempor\u00e1neo que engloba a unas 150<strong>, <\/strong>han iniciado una huelga que se extender\u00e1 a lo largo de esta semana. Esos espacios permanecer\u00e1n cerrados hasta el 7 de febrero y, durante los tres pr\u00f3ximos meses, tampoco desarrollar\u00e1n el trabajo gratuito que hac\u00edan para las administraciones -b\u00fasqueda de obra, mediaci\u00f3n con coleccionistas, fotograf\u00edas profesionales&#8230;-. <strong>La exigencia es que el IVA baja de ese 21% y se ajuste al de otro pa\u00edses del entorno como Francia (5,5%), Italia (5%), Alemania (7%) o Portugal (6%).<\/strong><\/p>\n<p>\u00abEsta es una reivindicaci\u00f3n hist\u00f3rica, pero es que desde que se cambi\u00f3 la regulaci\u00f3n ya es una necesidad. Eso nos dio esperanzas, pero estamos fuera de plazo y seguimos sin aplicarlo\u00bb, expone Olga Adelantado, directora de Luis Adelantado Gallery en Valencia y vicrepresidenta del Consorcio. \u00abY mientras tanto <strong>la pelota sigue pasando de Hacienda a Cultura y de Cultura a Hacienda sin que se haga nada<\/strong>. Estamos sufriendo, estamos ahogados porque el capital cultural va a seguir bajando de nivel si se frena la compraventa\u00bb, agrega esta galerista.<\/p>\n<p>La negociaci\u00f3n pol\u00edtica con la compraventa de arte es un asunto que lleva encallado en Espa\u00f1a desde hace d\u00e9cadas. Ya a finales de los 80, en el breve periodo ministerial de Jorge Sempr\u00fan, se abord\u00f3 la necesidad de llevar a cabo una Ley de Mecenazgo que nunca vio la luz. En los a\u00f1os siguientes, tanto con gobiernos del PP como del PSOE, las galer\u00edas reclamaban esa bajada del IVA a un tipo reducido como el resto de artes -salvo en el Gobierno de Mariano Rajoy donde se subi\u00f3 al 21%-. Tampoco se hizo. <strong>Y, desde 2022, con la directiva europea, el escenario parec\u00eda m\u00e1s propicio, pero cuatro a\u00f1os despu\u00e9s sigue estancado<\/strong> pese a las protestas del sector que, en la edici\u00f3n del pasado a\u00f1o de Arco, ya escenific\u00f3 su malestar con un apag\u00f3n de sus stands durante unas horas.<\/p>\n<p>El cierre de esta semana es el siguiente paso ante \u00abel silencio\u00bb de la Administraci\u00f3n. El Ministerio de Cultura afirma que quiere llevar a cabo la bajada y que es Hacienda quien no lo tiene en su agenda. \u00abLo que obtenemos del Gobierno es silencio, por eso vamos a desarrollar todas las acciones posibles para que se nos escuche. Puede haber algunos sectores de la poblaci\u00f3n donde se nos considere un producto de lujo, pero la Administraci\u00f3n y los partidos pol\u00edticos saben perfectamente cu\u00e1l es nuestro trabajo. <strong>Si su respuesta es la inactividad por lo que puedan pensar algunos sectores, me parece que es algo muy pobre<\/strong>\u00ab, apunta Idioa Fern\u00e1ndez, presidenta del Consorcio de Galer\u00edas. <\/p>\n<p>La fecha elegida por los galeristas para la protesta, a escasas semanas del inicio de Arco, muestra la urgencia de estos profesionales. Porque, en los \u00faltimos a\u00f1os, se ha evidenciado en ferias como la madrile\u00f1a la situaci\u00f3n dispar con otros pa\u00edses que tiene Espa\u00f1a. Alguien puede acudir al stand de una galer\u00eda francesa o italiana y comprar una pieza con un IVA del 5,5 o del 5% y que, inmediatamente al lado, en una galer\u00eda espa\u00f1ola otro est\u00e9 gravada con el 21%. \u00ab<strong>Cada a\u00f1o, cuando se acerca Arco, hay un mensaje esperanzador de que el IVA se va a bajar. Luego llega el 20 de marzo y todo se ha olvidado hasta otra vez el a\u00f1o siguiente<\/strong>. Es el eterno retorno. La realidad es que nosotros estamos mal vistos por la izquierda y por la derecha porque nos tienen por un art\u00edculo de superlujo. Cosa que no es cierta, nosotros creamos un patrimonio cultural\u00bb, apunta Juan Sili\u00f3, director de la galer\u00eda c\u00e1ntabra con su mismo nombre. <\/p>\n<p>En la misma l\u00ednea se muestra Angustias Freijo, directora de Freijo Gallery en Madrid: \u00abEstamos enfadados, desesperados y tristes porque sentimos que la clase pol\u00edtica abusa de nosotros. <strong>En lugar de tratarnos como activos culturales nos tratan como Chanel o Louis Vuitton<\/strong>. No digo que no haya galer\u00edas que lo sean, pero no es en absoluto la realidad de la mayor\u00eda\u00bb. La complementa Patricia Rodrigo Puy\u00f3, directora de la galer\u00eda aragonesa Antonia Puy\u00f3: \u00abEsta situaci\u00f3n, que llevamos a\u00f1os reclamando, es especialmente insostenible ahora. La globalizaci\u00f3n ha cambiado el mundo del arte, las redes sociales nos han permitido un recorrido internacional m\u00e1s sencillo. Y un coleccionista tiene muy f\u00e1cil cambiar su preferencia de un artista espa\u00f1ol por otro de otro pa\u00eds si se enfrenta a este IVA. Es un c\u00edrculo vicioso porque el coleccionista no compra arte espa\u00f1ol, no se promocionan nuestras artes y no se puede generar un tejido\u00bb.<\/p>\n<p>Tras la huelga, los galeristas preparan nuevas medidas de presi\u00f3n, a\u00fan por concretar, en caso de que no se atiendan sus reivindicaciones. Las reuniones de la asamblea del Consorcio son frecuentes y, desde ah\u00ed, se est\u00e1 trazando el plan a seguir de cara al futuro. <strong>\u00abYo pienso que ante esta huelga tiene que haber alguna repercusi\u00f3n porque estamos exponiendo que hay una desventaja evidente con otros pa\u00edses, que no somos competitivos y que hay un agravio en el mercado<\/strong>\u00ab, se\u00f1ala \u00c1ngela Ba\u00f1os, directora de la galer\u00eda hom\u00f3nima en Badajoz. Y cierra Idoia Fern\u00e1ndez: \u00abSi esto sigue as\u00ed, ser\u00e1 muy dif\u00edcil que sigamos aqu\u00ed. Y eso supone perder centro culturales gratuitos y, sobre todo, poner en peligro el tejido art\u00edstico de este pa\u00eds\u00bb.<\/p>\n<\/p>\n<hr\/>\n<\/div>\n","protected":false},"excerpt":{"rendered":"<p>En abril de 2022, la Uni\u00f3n Europea aprob\u00f3 la directiva que permit\u00eda a sus estados miembro aplicar un tipo reducido en el IVA a las ventas del arte. En marzo de 2024, coincidiendo con la edici\u00f3n de ese a\u00f1o de Arco, la gran feria de arte en Espa\u00f1a, el ministro de Cultura, Ernest Urtasun, anunci\u00f3<\/p>\n","protected":false},"author":1,"featured_media":322867,"comment_status":"open","ping_status":"open","sticky":false,"template":"","format":"standard","meta":{"footnotes":""},"categories":[66],"tags":[],"class_list":["post-322860","post","type-post","status-publish","format-standard","has-post-thumbnail","hentry","category-culture-es"],"acf":[],"yoast_head":"<!-- This site is optimized with the Yoast SEO plugin v22.9 - https:\/\/yoast.com\/wordpress\/plugins\/seo\/ -->\n<title>El cierre de las galer\u00edas de arte ante la promesa incumplida de Urtasun para bajarles el IVA: &quot;Nos tratan como si fu\u00e9ramos Chanel o Vuitton y no un activo cultural&quot; - vof-news.eu<\/title>\n<meta name=\"description\" content=\"En abril de 2022, la Uni\u00f3n Europea aprob\u00f3 la directiva que permit\u00eda a sus estados miembro aplicar un tipo reducido en el IVA a las ventas del arte. En marzo de 2024, coincidiendo con la edici\u00f3n de ese a\u00f1o de Arco, la gran feria de arte en Espa\u00f1a, el ministro de Cultura, Ernest Urtasun, anunci\u00f3 que la intenci\u00f3n del Ministerio de Cultura era que esa reducci\u00f3n se aplicara en nuestro pa\u00eds. Cuatro y dos a\u00f1os despu\u00e9s, el tipo para estas operaciones sigue anclado en el 21%. Sin ning\u00fan avance significativo para reducirlo.Ante esa situaci\u00f3n, las galer\u00edas espa\u00f1olas, a trav\u00e9s del Consorcio de Galer\u00edas de Arte Contempor\u00e1neo que engloba a unas 150, han iniciado una huelga que se extender\u00e1 a lo largo de esta semana. Esos espacios permanecer\u00e1n cerrados hasta el 7 de febrero y, durante los tres pr\u00f3ximos meses, tampoco desarrollar\u00e1n el trabajo gratuito que hac\u00edan para las administraciones -b\u00fasqueda de obra, mediaci\u00f3n con coleccionistas, fotograf\u00edas profesionales...-. La exigencia es que el IVA baja de ese 21% y se ajuste al de otro pa\u00edses del entorno como Francia (5,5%), Italia (5%), Alemania (7%) o Portugal (6%).&quot;Esta es una reivindicaci\u00f3n hist\u00f3rica, pero es que desde que se cambi\u00f3 la regulaci\u00f3n ya es una necesidad. Eso nos dio esperanzas, pero estamos fuera de plazo y seguimos sin aplicarlo&quot;, expone Olga Adelantado, directora de Luis Adelantado Gallery en Valencia y vicrepresidenta del Consorcio. &quot;Y mientras tanto la pelota sigue pasando de Hacienda a Cultura y de Cultura a Hacienda sin que se haga nada. Estamos sufriendo, estamos ahogados porque el capital cultural va a seguir bajando de nivel si se frena la compraventa&quot;, agrega esta galerista.La negociaci\u00f3n pol\u00edtica con la compraventa de arte es un asunto que lleva encallado en Espa\u00f1a desde hace d\u00e9cadas. Ya a finales de los 80, en el breve periodo ministerial de Jorge Sempr\u00fan, se abord\u00f3 la necesidad de llevar a cabo una Ley de Mecenazgo que nunca vio la luz. En los a\u00f1os siguientes, tanto con gobiernos del PP como del PSOE, las galer\u00edas reclamaban esa bajada del IVA a un tipo reducido como el resto de artes -salvo en el Gobierno de Mariano Rajoy donde se subi\u00f3 al 21%-. Tampoco se hizo. Y, desde 2022, con la directiva europea, el escenario parec\u00eda m\u00e1s propicio, pero cuatro a\u00f1os despu\u00e9s sigue estancado pese a las protestas del sector que, en la edici\u00f3n del pasado a\u00f1o de Arco, ya escenific\u00f3 su malestar con un apag\u00f3n de sus stands durante unas horas.El cierre de esta semana es el siguiente paso ante &quot;el silencio&quot; de la Administraci\u00f3n. El Ministerio de Cultura afirma que quiere llevar a cabo la bajada y que es Hacienda quien no lo tiene en su agenda. &quot;Lo que obtenemos del Gobierno es silencio, por eso vamos a desarrollar todas las acciones posibles para que se nos escuche. Puede haber algunos sectores de la poblaci\u00f3n donde se nos considere un producto de lujo, pero la Administraci\u00f3n y los partidos pol\u00edticos saben perfectamente cu\u00e1l es nuestro trabajo. Si su respuesta es la inactividad por lo que puedan pensar algunos sectores, me parece que es algo muy pobre&quot;, apunta Idioa Fern\u00e1ndez, presidenta del Consorcio de Galer\u00edas. La fecha elegida por los galeristas para la protesta, a escasas semanas del inicio de Arco, muestra la urgencia de estos profesionales. Porque, en los \u00faltimos a\u00f1os, se ha evidenciado en ferias como la madrile\u00f1a la situaci\u00f3n dispar con otros pa\u00edses que tiene Espa\u00f1a. Alguien puede acudir al stand de una galer\u00eda francesa o italiana y comprar una pieza con un IVA del 5,5 o del 5% y que, inmediatamente al lado, en una galer\u00eda espa\u00f1ola otro est\u00e9 gravada con el 21%. &quot;Cada a\u00f1o, cuando se acerca Arco, hay un mensaje esperanzador de que el IVA se va a bajar. Luego llega el 20 de marzo y todo se ha olvidado hasta otra vez el a\u00f1o siguiente. Es el eterno retorno. La realidad es que nosotros estamos mal vistos por la izquierda y por la derecha porque nos tienen por un art\u00edculo de superlujo. Cosa que no es cierta, nosotros creamos un patrimonio cultural&quot;, apunta Juan Sili\u00f3, director de la galer\u00eda c\u00e1ntabra con su mismo nombre. En la misma l\u00ednea se muestra Angustias Freijo, directora de Freijo Gallery en Madrid: &quot;Estamos enfadados, desesperados y tristes porque sentimos que la clase pol\u00edtica abusa de nosotros. En lugar de tratarnos como activos culturales nos tratan como Chanel o Louis Vuitton. No digo que no haya galer\u00edas que lo sean, pero no es en absoluto la realidad de la mayor\u00eda&quot;. La complementa Patricia Rodrigo Puy\u00f3, directora de la galer\u00eda aragonesa Antonia Puy\u00f3: &quot;Esta situaci\u00f3n, que llevamos a\u00f1os reclamando, es especialmente insostenible ahora. La globalizaci\u00f3n ha cambiado el mundo del arte, las redes sociales nos han permitido un recorrido internacional m\u00e1s sencillo. Y un coleccionista tiene muy f\u00e1cil cambiar su preferencia de un artista espa\u00f1ol por otro de otro pa\u00eds si se enfrenta a este IVA. Es un c\u00edrculo vicioso porque el coleccionista no compra arte espa\u00f1ol, no se promocionan nuestras artes y no se puede generar un tejido&quot;.Tras la huelga, los galeristas preparan nuevas medidas de presi\u00f3n, a\u00fan por concretar, en caso de que no se atiendan sus reivindicaciones. Las reuniones de la asamblea del Consorcio son frecuentes y, desde ah\u00ed, se est\u00e1 trazando el plan a seguir de cara al futuro. &quot;Yo pienso que ante esta huelga tiene que haber alguna repercusi\u00f3n porque estamos exponiendo que hay una desventaja evidente con otros pa\u00edses, que no somos competitivos y que hay un agravio en el mercado&quot;, se\u00f1ala \u00c1ngela Ba\u00f1os, directora de la galer\u00eda hom\u00f3nima en Badajoz. Y cierra Idoia Fern\u00e1ndez: &quot;Si esto sigue as\u00ed, ser\u00e1 muy dif\u00edcil que sigamos aqu\u00ed. Y eso supone perder centro culturales gratuitos y, sobre todo, poner en peligro el tejido art\u00edstico de este pa\u00eds&quot;.\" \/>\n<meta name=\"robots\" content=\"noindex, follow, max-snippet:-1, max-image-preview:large, max-video-preview:-1\" \/>\n<meta property=\"og:locale\" content=\"es_ES\" \/>\n<meta property=\"og:type\" content=\"article\" \/>\n<meta property=\"og:title\" content=\"El cierre de las galer\u00edas de arte ante la promesa incumplida de Urtasun para bajarles el IVA: &quot;Nos tratan como si fu\u00e9ramos Chanel o Vuitton y no un activo cultural&quot; - vof-news.eu\" \/>\n<meta property=\"og:description\" content=\"En abril de 2022, la Uni\u00f3n Europea aprob\u00f3 la directiva que permit\u00eda a sus estados miembro aplicar un tipo reducido en el IVA a las ventas del arte. En marzo de 2024, coincidiendo con la edici\u00f3n de ese a\u00f1o de Arco, la gran feria de arte en Espa\u00f1a, el ministro de Cultura, Ernest Urtasun, anunci\u00f3 que la intenci\u00f3n del Ministerio de Cultura era que esa reducci\u00f3n se aplicara en nuestro pa\u00eds. Cuatro y dos a\u00f1os despu\u00e9s, el tipo para estas operaciones sigue anclado en el 21%. Sin ning\u00fan avance significativo para reducirlo.Ante esa situaci\u00f3n, las galer\u00edas espa\u00f1olas, a trav\u00e9s del Consorcio de Galer\u00edas de Arte Contempor\u00e1neo que engloba a unas 150, han iniciado una huelga que se extender\u00e1 a lo largo de esta semana. Esos espacios permanecer\u00e1n cerrados hasta el 7 de febrero y, durante los tres pr\u00f3ximos meses, tampoco desarrollar\u00e1n el trabajo gratuito que hac\u00edan para las administraciones -b\u00fasqueda de obra, mediaci\u00f3n con coleccionistas, fotograf\u00edas profesionales...-. La exigencia es que el IVA baja de ese 21% y se ajuste al de otro pa\u00edses del entorno como Francia (5,5%), Italia (5%), Alemania (7%) o Portugal (6%).&quot;Esta es una reivindicaci\u00f3n hist\u00f3rica, pero es que desde que se cambi\u00f3 la regulaci\u00f3n ya es una necesidad. Eso nos dio esperanzas, pero estamos fuera de plazo y seguimos sin aplicarlo&quot;, expone Olga Adelantado, directora de Luis Adelantado Gallery en Valencia y vicrepresidenta del Consorcio. &quot;Y mientras tanto la pelota sigue pasando de Hacienda a Cultura y de Cultura a Hacienda sin que se haga nada. Estamos sufriendo, estamos ahogados porque el capital cultural va a seguir bajando de nivel si se frena la compraventa&quot;, agrega esta galerista.La negociaci\u00f3n pol\u00edtica con la compraventa de arte es un asunto que lleva encallado en Espa\u00f1a desde hace d\u00e9cadas. Ya a finales de los 80, en el breve periodo ministerial de Jorge Sempr\u00fan, se abord\u00f3 la necesidad de llevar a cabo una Ley de Mecenazgo que nunca vio la luz. En los a\u00f1os siguientes, tanto con gobiernos del PP como del PSOE, las galer\u00edas reclamaban esa bajada del IVA a un tipo reducido como el resto de artes -salvo en el Gobierno de Mariano Rajoy donde se subi\u00f3 al 21%-. Tampoco se hizo. Y, desde 2022, con la directiva europea, el escenario parec\u00eda m\u00e1s propicio, pero cuatro a\u00f1os despu\u00e9s sigue estancado pese a las protestas del sector que, en la edici\u00f3n del pasado a\u00f1o de Arco, ya escenific\u00f3 su malestar con un apag\u00f3n de sus stands durante unas horas.El cierre de esta semana es el siguiente paso ante &quot;el silencio&quot; de la Administraci\u00f3n. El Ministerio de Cultura afirma que quiere llevar a cabo la bajada y que es Hacienda quien no lo tiene en su agenda. &quot;Lo que obtenemos del Gobierno es silencio, por eso vamos a desarrollar todas las acciones posibles para que se nos escuche. Puede haber algunos sectores de la poblaci\u00f3n donde se nos considere un producto de lujo, pero la Administraci\u00f3n y los partidos pol\u00edticos saben perfectamente cu\u00e1l es nuestro trabajo. Si su respuesta es la inactividad por lo que puedan pensar algunos sectores, me parece que es algo muy pobre&quot;, apunta Idioa Fern\u00e1ndez, presidenta del Consorcio de Galer\u00edas. La fecha elegida por los galeristas para la protesta, a escasas semanas del inicio de Arco, muestra la urgencia de estos profesionales. Porque, en los \u00faltimos a\u00f1os, se ha evidenciado en ferias como la madrile\u00f1a la situaci\u00f3n dispar con otros pa\u00edses que tiene Espa\u00f1a. Alguien puede acudir al stand de una galer\u00eda francesa o italiana y comprar una pieza con un IVA del 5,5 o del 5% y que, inmediatamente al lado, en una galer\u00eda espa\u00f1ola otro est\u00e9 gravada con el 21%. &quot;Cada a\u00f1o, cuando se acerca Arco, hay un mensaje esperanzador de que el IVA se va a bajar. Luego llega el 20 de marzo y todo se ha olvidado hasta otra vez el a\u00f1o siguiente. Es el eterno retorno. La realidad es que nosotros estamos mal vistos por la izquierda y por la derecha porque nos tienen por un art\u00edculo de superlujo. Cosa que no es cierta, nosotros creamos un patrimonio cultural&quot;, apunta Juan Sili\u00f3, director de la galer\u00eda c\u00e1ntabra con su mismo nombre. En la misma l\u00ednea se muestra Angustias Freijo, directora de Freijo Gallery en Madrid: &quot;Estamos enfadados, desesperados y tristes porque sentimos que la clase pol\u00edtica abusa de nosotros. En lugar de tratarnos como activos culturales nos tratan como Chanel o Louis Vuitton. No digo que no haya galer\u00edas que lo sean, pero no es en absoluto la realidad de la mayor\u00eda&quot;. La complementa Patricia Rodrigo Puy\u00f3, directora de la galer\u00eda aragonesa Antonia Puy\u00f3: &quot;Esta situaci\u00f3n, que llevamos a\u00f1os reclamando, es especialmente insostenible ahora. La globalizaci\u00f3n ha cambiado el mundo del arte, las redes sociales nos han permitido un recorrido internacional m\u00e1s sencillo. Y un coleccionista tiene muy f\u00e1cil cambiar su preferencia de un artista espa\u00f1ol por otro de otro pa\u00eds si se enfrenta a este IVA. Es un c\u00edrculo vicioso porque el coleccionista no compra arte espa\u00f1ol, no se promocionan nuestras artes y no se puede generar un tejido&quot;.Tras la huelga, los galeristas preparan nuevas medidas de presi\u00f3n, a\u00fan por concretar, en caso de que no se atiendan sus reivindicaciones. Las reuniones de la asamblea del Consorcio son frecuentes y, desde ah\u00ed, se est\u00e1 trazando el plan a seguir de cara al futuro. &quot;Yo pienso que ante esta huelga tiene que haber alguna repercusi\u00f3n porque estamos exponiendo que hay una desventaja evidente con otros pa\u00edses, que no somos competitivos y que hay un agravio en el mercado&quot;, se\u00f1ala \u00c1ngela Ba\u00f1os, directora de la galer\u00eda hom\u00f3nima en Badajoz. Y cierra Idoia Fern\u00e1ndez: &quot;Si esto sigue as\u00ed, ser\u00e1 muy dif\u00edcil que sigamos aqu\u00ed. Y eso supone perder centro culturales gratuitos y, sobre todo, poner en peligro el tejido art\u00edstico de este pa\u00eds&quot;.\" \/>\n<meta property=\"og:url\" content=\"https:\/\/vof-news.eu\/es\/el-cierre-de-las-galerias-de-arte-ante-la-promesa-incumplida-de-urtasun-para-bajarles-el-iva-nos-tratan-como-si-fueramos-chanel-o-vuitton-y-no-un-activo-cultural\/\" \/>\n<meta property=\"og:site_name\" content=\"vof-news.eu\" \/>\n<meta property=\"article:published_time\" content=\"2026-02-02T22:19:54+00:00\" \/>\n<meta property=\"article:modified_time\" content=\"2026-02-02T22:21:14+00:00\" \/>\n<meta property=\"og:image\" content=\"https:\/\/vof-news.eu\/wp-content\/uploads\/2026\/02\/17700386135804.jpg\" \/>\n\t<meta property=\"og:image:width\" content=\"1366\" \/>\n\t<meta property=\"og:image:height\" content=\"911\" \/>\n\t<meta property=\"og:image:type\" content=\"image\/jpeg\" \/>\n<meta name=\"author\" content=\"Author\" \/>\n<meta name=\"twitter:card\" content=\"summary_large_image\" \/>\n<meta name=\"twitter:label1\" content=\"Escrito por\" \/>\n\t<meta name=\"twitter:data1\" content=\"Author\" \/>\n\t<meta name=\"twitter:label2\" content=\"Tiempo de lectura\" \/>\n\t<meta name=\"twitter:data2\" content=\"5 minutos\" \/>\n<script type=\"application\/ld+json\" class=\"yoast-schema-graph\">{\"@context\":\"https:\/\/schema.org\",\"@graph\":[{\"@type\":\"WebPage\",\"@id\":\"https:\/\/vof-news.eu\/es\/el-cierre-de-las-galerias-de-arte-ante-la-promesa-incumplida-de-urtasun-para-bajarles-el-iva-nos-tratan-como-si-fueramos-chanel-o-vuitton-y-no-un-activo-cultural\/\",\"url\":\"https:\/\/vof-news.eu\/es\/el-cierre-de-las-galerias-de-arte-ante-la-promesa-incumplida-de-urtasun-para-bajarles-el-iva-nos-tratan-como-si-fueramos-chanel-o-vuitton-y-no-un-activo-cultural\/\",\"name\":\"El cierre de las galer\u00edas de arte ante la promesa incumplida de Urtasun para bajarles el IVA: \\\"Nos tratan como si fu\u00e9ramos Chanel o Vuitton y no un activo cultural\\\" - vof-news.eu\",\"isPartOf\":{\"@id\":\"https:\/\/vof-news.eu\/es\/#website\"},\"primaryImageOfPage\":{\"@id\":\"https:\/\/vof-news.eu\/es\/el-cierre-de-las-galerias-de-arte-ante-la-promesa-incumplida-de-urtasun-para-bajarles-el-iva-nos-tratan-como-si-fueramos-chanel-o-vuitton-y-no-un-activo-cultural\/#primaryimage\"},\"image\":{\"@id\":\"https:\/\/vof-news.eu\/es\/el-cierre-de-las-galerias-de-arte-ante-la-promesa-incumplida-de-urtasun-para-bajarles-el-iva-nos-tratan-como-si-fueramos-chanel-o-vuitton-y-no-un-activo-cultural\/#primaryimage\"},\"thumbnailUrl\":\"https:\/\/vof-news.eu\/wp-content\/uploads\/2026\/02\/17700386135804.jpg\",\"datePublished\":\"2026-02-02T22:19:54+00:00\",\"dateModified\":\"2026-02-02T22:21:14+00:00\",\"author\":{\"@id\":\"https:\/\/vof-news.eu\/es\/#\/schema\/person\/f6a2a4309f0561835797fd8c19b333ed\"},\"description\":\"En abril de 2022, la Uni\u00f3n Europea aprob\u00f3 la directiva que permit\u00eda a sus estados miembro aplicar un tipo reducido en el IVA a las ventas del arte. En marzo de 2024, coincidiendo con la edici\u00f3n de ese a\u00f1o de Arco, la gran feria de arte en Espa\u00f1a, el ministro de Cultura, Ernest Urtasun, anunci\u00f3 que la intenci\u00f3n del Ministerio de Cultura era que esa reducci\u00f3n se aplicara en nuestro pa\u00eds. Cuatro y dos a\u00f1os despu\u00e9s, el tipo para estas operaciones sigue anclado en el 21%. Sin ning\u00fan avance significativo para reducirlo.Ante esa situaci\u00f3n, las galer\u00edas espa\u00f1olas, a trav\u00e9s del Consorcio de Galer\u00edas de Arte Contempor\u00e1neo que engloba a unas 150, han iniciado una huelga que se extender\u00e1 a lo largo de esta semana. Esos espacios permanecer\u00e1n cerrados hasta el 7 de febrero y, durante los tres pr\u00f3ximos meses, tampoco desarrollar\u00e1n el trabajo gratuito que hac\u00edan para las administraciones -b\u00fasqueda de obra, mediaci\u00f3n con coleccionistas, fotograf\u00edas profesionales...-. La exigencia es que el IVA baja de ese 21% y se ajuste al de otro pa\u00edses del entorno como Francia (5,5%), Italia (5%), Alemania (7%) o Portugal (6%).\\\"Esta es una reivindicaci\u00f3n hist\u00f3rica, pero es que desde que se cambi\u00f3 la regulaci\u00f3n ya es una necesidad. Eso nos dio esperanzas, pero estamos fuera de plazo y seguimos sin aplicarlo\\\", expone Olga Adelantado, directora de Luis Adelantado Gallery en Valencia y vicrepresidenta del Consorcio. \\\"Y mientras tanto la pelota sigue pasando de Hacienda a Cultura y de Cultura a Hacienda sin que se haga nada. Estamos sufriendo, estamos ahogados porque el capital cultural va a seguir bajando de nivel si se frena la compraventa\\\", agrega esta galerista.La negociaci\u00f3n pol\u00edtica con la compraventa de arte es un asunto que lleva encallado en Espa\u00f1a desde hace d\u00e9cadas. Ya a finales de los 80, en el breve periodo ministerial de Jorge Sempr\u00fan, se abord\u00f3 la necesidad de llevar a cabo una Ley de Mecenazgo que nunca vio la luz. En los a\u00f1os siguientes, tanto con gobiernos del PP como del PSOE, las galer\u00edas reclamaban esa bajada del IVA a un tipo reducido como el resto de artes -salvo en el Gobierno de Mariano Rajoy donde se subi\u00f3 al 21%-. Tampoco se hizo. Y, desde 2022, con la directiva europea, el escenario parec\u00eda m\u00e1s propicio, pero cuatro a\u00f1os despu\u00e9s sigue estancado pese a las protestas del sector que, en la edici\u00f3n del pasado a\u00f1o de Arco, ya escenific\u00f3 su malestar con un apag\u00f3n de sus stands durante unas horas.El cierre de esta semana es el siguiente paso ante \\\"el silencio\\\" de la Administraci\u00f3n. El Ministerio de Cultura afirma que quiere llevar a cabo la bajada y que es Hacienda quien no lo tiene en su agenda. \\\"Lo que obtenemos del Gobierno es silencio, por eso vamos a desarrollar todas las acciones posibles para que se nos escuche. Puede haber algunos sectores de la poblaci\u00f3n donde se nos considere un producto de lujo, pero la Administraci\u00f3n y los partidos pol\u00edticos saben perfectamente cu\u00e1l es nuestro trabajo. Si su respuesta es la inactividad por lo que puedan pensar algunos sectores, me parece que es algo muy pobre\\\", apunta Idioa Fern\u00e1ndez, presidenta del Consorcio de Galer\u00edas. La fecha elegida por los galeristas para la protesta, a escasas semanas del inicio de Arco, muestra la urgencia de estos profesionales. Porque, en los \u00faltimos a\u00f1os, se ha evidenciado en ferias como la madrile\u00f1a la situaci\u00f3n dispar con otros pa\u00edses que tiene Espa\u00f1a. Alguien puede acudir al stand de una galer\u00eda francesa o italiana y comprar una pieza con un IVA del 5,5 o del 5% y que, inmediatamente al lado, en una galer\u00eda espa\u00f1ola otro est\u00e9 gravada con el 21%. \\\"Cada a\u00f1o, cuando se acerca Arco, hay un mensaje esperanzador de que el IVA se va a bajar. Luego llega el 20 de marzo y todo se ha olvidado hasta otra vez el a\u00f1o siguiente. Es el eterno retorno. La realidad es que nosotros estamos mal vistos por la izquierda y por la derecha porque nos tienen por un art\u00edculo de superlujo. Cosa que no es cierta, nosotros creamos un patrimonio cultural\\\", apunta Juan Sili\u00f3, director de la galer\u00eda c\u00e1ntabra con su mismo nombre. En la misma l\u00ednea se muestra Angustias Freijo, directora de Freijo Gallery en Madrid: \\\"Estamos enfadados, desesperados y tristes porque sentimos que la clase pol\u00edtica abusa de nosotros. En lugar de tratarnos como activos culturales nos tratan como Chanel o Louis Vuitton. No digo que no haya galer\u00edas que lo sean, pero no es en absoluto la realidad de la mayor\u00eda\\\". La complementa Patricia Rodrigo Puy\u00f3, directora de la galer\u00eda aragonesa Antonia Puy\u00f3: \\\"Esta situaci\u00f3n, que llevamos a\u00f1os reclamando, es especialmente insostenible ahora. La globalizaci\u00f3n ha cambiado el mundo del arte, las redes sociales nos han permitido un recorrido internacional m\u00e1s sencillo. Y un coleccionista tiene muy f\u00e1cil cambiar su preferencia de un artista espa\u00f1ol por otro de otro pa\u00eds si se enfrenta a este IVA. Es un c\u00edrculo vicioso porque el coleccionista no compra arte espa\u00f1ol, no se promocionan nuestras artes y no se puede generar un tejido\\\".Tras la huelga, los galeristas preparan nuevas medidas de presi\u00f3n, a\u00fan por concretar, en caso de que no se atiendan sus reivindicaciones. Las reuniones de la asamblea del Consorcio son frecuentes y, desde ah\u00ed, se est\u00e1 trazando el plan a seguir de cara al futuro. \\\"Yo pienso que ante esta huelga tiene que haber alguna repercusi\u00f3n porque estamos exponiendo que hay una desventaja evidente con otros pa\u00edses, que no somos competitivos y que hay un agravio en el mercado\\\", se\u00f1ala \u00c1ngela Ba\u00f1os, directora de la galer\u00eda hom\u00f3nima en Badajoz. Y cierra Idoia Fern\u00e1ndez: \\\"Si esto sigue as\u00ed, ser\u00e1 muy dif\u00edcil que sigamos aqu\u00ed. Y eso supone perder centro culturales gratuitos y, sobre todo, poner en peligro el tejido art\u00edstico de este pa\u00eds\\\".\",\"breadcrumb\":{\"@id\":\"https:\/\/vof-news.eu\/es\/el-cierre-de-las-galerias-de-arte-ante-la-promesa-incumplida-de-urtasun-para-bajarles-el-iva-nos-tratan-como-si-fueramos-chanel-o-vuitton-y-no-un-activo-cultural\/#breadcrumb\"},\"inLanguage\":\"es\",\"potentialAction\":[{\"@type\":\"ReadAction\",\"target\":[\"https:\/\/vof-news.eu\/es\/el-cierre-de-las-galerias-de-arte-ante-la-promesa-incumplida-de-urtasun-para-bajarles-el-iva-nos-tratan-como-si-fueramos-chanel-o-vuitton-y-no-un-activo-cultural\/\"]}]},{\"@type\":\"ImageObject\",\"inLanguage\":\"es\",\"@id\":\"https:\/\/vof-news.eu\/es\/el-cierre-de-las-galerias-de-arte-ante-la-promesa-incumplida-de-urtasun-para-bajarles-el-iva-nos-tratan-como-si-fueramos-chanel-o-vuitton-y-no-un-activo-cultural\/#primaryimage\",\"url\":\"https:\/\/vof-news.eu\/wp-content\/uploads\/2026\/02\/17700386135804.jpg\",\"contentUrl\":\"https:\/\/vof-news.eu\/wp-content\/uploads\/2026\/02\/17700386135804.jpg\",\"width\":1366,\"height\":911},{\"@type\":\"BreadcrumbList\",\"@id\":\"https:\/\/vof-news.eu\/es\/el-cierre-de-las-galerias-de-arte-ante-la-promesa-incumplida-de-urtasun-para-bajarles-el-iva-nos-tratan-como-si-fueramos-chanel-o-vuitton-y-no-un-activo-cultural\/#breadcrumb\",\"itemListElement\":[{\"@type\":\"ListItem\",\"position\":1,\"name\":\"Home\",\"item\":\"https:\/\/vof-news.eu\/es\/\"},{\"@type\":\"ListItem\",\"position\":2,\"name\":\"El cierre de las galer\u00edas de arte ante la promesa incumplida de Urtasun para bajarles el IVA: &#8220;Nos tratan como si fu\u00e9ramos Chanel o Vuitton y no un activo cultural&#8221;\"}]},{\"@type\":\"WebSite\",\"@id\":\"https:\/\/vof-news.eu\/es\/#website\",\"url\":\"https:\/\/vof-news.eu\/es\/\",\"name\":\"vof-news.eu\",\"description\":\"\",\"potentialAction\":[{\"@type\":\"SearchAction\",\"target\":{\"@type\":\"EntryPoint\",\"urlTemplate\":\"https:\/\/vof-news.eu\/es\/?s={search_term_string}\"},\"query-input\":\"required name=search_term_string\"}],\"inLanguage\":\"es\"},{\"@type\":\"Person\",\"@id\":\"https:\/\/vof-news.eu\/es\/#\/schema\/person\/f6a2a4309f0561835797fd8c19b333ed\",\"name\":\"Author\",\"image\":{\"@type\":\"ImageObject\",\"inLanguage\":\"es\",\"@id\":\"https:\/\/vof-news.eu\/es\/#\/schema\/person\/image\/\",\"url\":\"https:\/\/secure.gravatar.com\/avatar\/b67e614b1b25b3e9c0c239efdd2fde5ab015b5affd6f1c3c85911ca4b384e790?s=96&d=mm&r=g\",\"contentUrl\":\"https:\/\/secure.gravatar.com\/avatar\/b67e614b1b25b3e9c0c239efdd2fde5ab015b5affd6f1c3c85911ca4b384e790?s=96&d=mm&r=g\",\"caption\":\"Author\"},\"sameAs\":[\"http:\/\/vof-news.eu\"],\"url\":\"https:\/\/vof-news.eu\/es\/author\/zwt6qxnjulxbnyg\/\"}]}<\/script>\n<!-- \/ Yoast SEO plugin. -->","yoast_head_json":{"title":"El cierre de las galer\u00edas de arte ante la promesa incumplida de Urtasun para bajarles el IVA: \"Nos tratan como si fu\u00e9ramos Chanel o Vuitton y no un activo cultural\" - vof-news.eu","description":"En abril de 2022, la Uni\u00f3n Europea aprob\u00f3 la directiva que permit\u00eda a sus estados miembro aplicar un tipo reducido en el IVA a las ventas del arte. En marzo de 2024, coincidiendo con la edici\u00f3n de ese a\u00f1o de Arco, la gran feria de arte en Espa\u00f1a, el ministro de Cultura, Ernest Urtasun, anunci\u00f3 que la intenci\u00f3n del Ministerio de Cultura era que esa reducci\u00f3n se aplicara en nuestro pa\u00eds. Cuatro y dos a\u00f1os despu\u00e9s, el tipo para estas operaciones sigue anclado en el 21%. Sin ning\u00fan avance significativo para reducirlo.Ante esa situaci\u00f3n, las galer\u00edas espa\u00f1olas, a trav\u00e9s del Consorcio de Galer\u00edas de Arte Contempor\u00e1neo que engloba a unas 150, han iniciado una huelga que se extender\u00e1 a lo largo de esta semana. Esos espacios permanecer\u00e1n cerrados hasta el 7 de febrero y, durante los tres pr\u00f3ximos meses, tampoco desarrollar\u00e1n el trabajo gratuito que hac\u00edan para las administraciones -b\u00fasqueda de obra, mediaci\u00f3n con coleccionistas, fotograf\u00edas profesionales...-. La exigencia es que el IVA baja de ese 21% y se ajuste al de otro pa\u00edses del entorno como Francia (5,5%), Italia (5%), Alemania (7%) o Portugal (6%).\"Esta es una reivindicaci\u00f3n hist\u00f3rica, pero es que desde que se cambi\u00f3 la regulaci\u00f3n ya es una necesidad. Eso nos dio esperanzas, pero estamos fuera de plazo y seguimos sin aplicarlo\", expone Olga Adelantado, directora de Luis Adelantado Gallery en Valencia y vicrepresidenta del Consorcio. \"Y mientras tanto la pelota sigue pasando de Hacienda a Cultura y de Cultura a Hacienda sin que se haga nada. Estamos sufriendo, estamos ahogados porque el capital cultural va a seguir bajando de nivel si se frena la compraventa\", agrega esta galerista.La negociaci\u00f3n pol\u00edtica con la compraventa de arte es un asunto que lleva encallado en Espa\u00f1a desde hace d\u00e9cadas. Ya a finales de los 80, en el breve periodo ministerial de Jorge Sempr\u00fan, se abord\u00f3 la necesidad de llevar a cabo una Ley de Mecenazgo que nunca vio la luz. En los a\u00f1os siguientes, tanto con gobiernos del PP como del PSOE, las galer\u00edas reclamaban esa bajada del IVA a un tipo reducido como el resto de artes -salvo en el Gobierno de Mariano Rajoy donde se subi\u00f3 al 21%-. Tampoco se hizo. Y, desde 2022, con la directiva europea, el escenario parec\u00eda m\u00e1s propicio, pero cuatro a\u00f1os despu\u00e9s sigue estancado pese a las protestas del sector que, en la edici\u00f3n del pasado a\u00f1o de Arco, ya escenific\u00f3 su malestar con un apag\u00f3n de sus stands durante unas horas.El cierre de esta semana es el siguiente paso ante \"el silencio\" de la Administraci\u00f3n. El Ministerio de Cultura afirma que quiere llevar a cabo la bajada y que es Hacienda quien no lo tiene en su agenda. \"Lo que obtenemos del Gobierno es silencio, por eso vamos a desarrollar todas las acciones posibles para que se nos escuche. Puede haber algunos sectores de la poblaci\u00f3n donde se nos considere un producto de lujo, pero la Administraci\u00f3n y los partidos pol\u00edticos saben perfectamente cu\u00e1l es nuestro trabajo. Si su respuesta es la inactividad por lo que puedan pensar algunos sectores, me parece que es algo muy pobre\", apunta Idioa Fern\u00e1ndez, presidenta del Consorcio de Galer\u00edas. La fecha elegida por los galeristas para la protesta, a escasas semanas del inicio de Arco, muestra la urgencia de estos profesionales. Porque, en los \u00faltimos a\u00f1os, se ha evidenciado en ferias como la madrile\u00f1a la situaci\u00f3n dispar con otros pa\u00edses que tiene Espa\u00f1a. Alguien puede acudir al stand de una galer\u00eda francesa o italiana y comprar una pieza con un IVA del 5,5 o del 5% y que, inmediatamente al lado, en una galer\u00eda espa\u00f1ola otro est\u00e9 gravada con el 21%. \"Cada a\u00f1o, cuando se acerca Arco, hay un mensaje esperanzador de que el IVA se va a bajar. Luego llega el 20 de marzo y todo se ha olvidado hasta otra vez el a\u00f1o siguiente. Es el eterno retorno. La realidad es que nosotros estamos mal vistos por la izquierda y por la derecha porque nos tienen por un art\u00edculo de superlujo. Cosa que no es cierta, nosotros creamos un patrimonio cultural\", apunta Juan Sili\u00f3, director de la galer\u00eda c\u00e1ntabra con su mismo nombre. En la misma l\u00ednea se muestra Angustias Freijo, directora de Freijo Gallery en Madrid: \"Estamos enfadados, desesperados y tristes porque sentimos que la clase pol\u00edtica abusa de nosotros. En lugar de tratarnos como activos culturales nos tratan como Chanel o Louis Vuitton. No digo que no haya galer\u00edas que lo sean, pero no es en absoluto la realidad de la mayor\u00eda\". La complementa Patricia Rodrigo Puy\u00f3, directora de la galer\u00eda aragonesa Antonia Puy\u00f3: \"Esta situaci\u00f3n, que llevamos a\u00f1os reclamando, es especialmente insostenible ahora. La globalizaci\u00f3n ha cambiado el mundo del arte, las redes sociales nos han permitido un recorrido internacional m\u00e1s sencillo. Y un coleccionista tiene muy f\u00e1cil cambiar su preferencia de un artista espa\u00f1ol por otro de otro pa\u00eds si se enfrenta a este IVA. Es un c\u00edrculo vicioso porque el coleccionista no compra arte espa\u00f1ol, no se promocionan nuestras artes y no se puede generar un tejido\".Tras la huelga, los galeristas preparan nuevas medidas de presi\u00f3n, a\u00fan por concretar, en caso de que no se atiendan sus reivindicaciones. Las reuniones de la asamblea del Consorcio son frecuentes y, desde ah\u00ed, se est\u00e1 trazando el plan a seguir de cara al futuro. \"Yo pienso que ante esta huelga tiene que haber alguna repercusi\u00f3n porque estamos exponiendo que hay una desventaja evidente con otros pa\u00edses, que no somos competitivos y que hay un agravio en el mercado\", se\u00f1ala \u00c1ngela Ba\u00f1os, directora de la galer\u00eda hom\u00f3nima en Badajoz. Y cierra Idoia Fern\u00e1ndez: \"Si esto sigue as\u00ed, ser\u00e1 muy dif\u00edcil que sigamos aqu\u00ed. Y eso supone perder centro culturales gratuitos y, sobre todo, poner en peligro el tejido art\u00edstico de este pa\u00eds\".","robots":{"index":"noindex","follow":"follow","max-snippet":"max-snippet:-1","max-image-preview":"max-image-preview:large","max-video-preview":"max-video-preview:-1"},"og_locale":"es_ES","og_type":"article","og_title":"El cierre de las galer\u00edas de arte ante la promesa incumplida de Urtasun para bajarles el IVA: \"Nos tratan como si fu\u00e9ramos Chanel o Vuitton y no un activo cultural\" - vof-news.eu","og_description":"En abril de 2022, la Uni\u00f3n Europea aprob\u00f3 la directiva que permit\u00eda a sus estados miembro aplicar un tipo reducido en el IVA a las ventas del arte. En marzo de 2024, coincidiendo con la edici\u00f3n de ese a\u00f1o de Arco, la gran feria de arte en Espa\u00f1a, el ministro de Cultura, Ernest Urtasun, anunci\u00f3 que la intenci\u00f3n del Ministerio de Cultura era que esa reducci\u00f3n se aplicara en nuestro pa\u00eds. Cuatro y dos a\u00f1os despu\u00e9s, el tipo para estas operaciones sigue anclado en el 21%. Sin ning\u00fan avance significativo para reducirlo.Ante esa situaci\u00f3n, las galer\u00edas espa\u00f1olas, a trav\u00e9s del Consorcio de Galer\u00edas de Arte Contempor\u00e1neo que engloba a unas 150, han iniciado una huelga que se extender\u00e1 a lo largo de esta semana. Esos espacios permanecer\u00e1n cerrados hasta el 7 de febrero y, durante los tres pr\u00f3ximos meses, tampoco desarrollar\u00e1n el trabajo gratuito que hac\u00edan para las administraciones -b\u00fasqueda de obra, mediaci\u00f3n con coleccionistas, fotograf\u00edas profesionales...-. La exigencia es que el IVA baja de ese 21% y se ajuste al de otro pa\u00edses del entorno como Francia (5,5%), Italia (5%), Alemania (7%) o Portugal (6%).\"Esta es una reivindicaci\u00f3n hist\u00f3rica, pero es que desde que se cambi\u00f3 la regulaci\u00f3n ya es una necesidad. Eso nos dio esperanzas, pero estamos fuera de plazo y seguimos sin aplicarlo\", expone Olga Adelantado, directora de Luis Adelantado Gallery en Valencia y vicrepresidenta del Consorcio. \"Y mientras tanto la pelota sigue pasando de Hacienda a Cultura y de Cultura a Hacienda sin que se haga nada. Estamos sufriendo, estamos ahogados porque el capital cultural va a seguir bajando de nivel si se frena la compraventa\", agrega esta galerista.La negociaci\u00f3n pol\u00edtica con la compraventa de arte es un asunto que lleva encallado en Espa\u00f1a desde hace d\u00e9cadas. Ya a finales de los 80, en el breve periodo ministerial de Jorge Sempr\u00fan, se abord\u00f3 la necesidad de llevar a cabo una Ley de Mecenazgo que nunca vio la luz. En los a\u00f1os siguientes, tanto con gobiernos del PP como del PSOE, las galer\u00edas reclamaban esa bajada del IVA a un tipo reducido como el resto de artes -salvo en el Gobierno de Mariano Rajoy donde se subi\u00f3 al 21%-. Tampoco se hizo. Y, desde 2022, con la directiva europea, el escenario parec\u00eda m\u00e1s propicio, pero cuatro a\u00f1os despu\u00e9s sigue estancado pese a las protestas del sector que, en la edici\u00f3n del pasado a\u00f1o de Arco, ya escenific\u00f3 su malestar con un apag\u00f3n de sus stands durante unas horas.El cierre de esta semana es el siguiente paso ante \"el silencio\" de la Administraci\u00f3n. El Ministerio de Cultura afirma que quiere llevar a cabo la bajada y que es Hacienda quien no lo tiene en su agenda. \"Lo que obtenemos del Gobierno es silencio, por eso vamos a desarrollar todas las acciones posibles para que se nos escuche. Puede haber algunos sectores de la poblaci\u00f3n donde se nos considere un producto de lujo, pero la Administraci\u00f3n y los partidos pol\u00edticos saben perfectamente cu\u00e1l es nuestro trabajo. Si su respuesta es la inactividad por lo que puedan pensar algunos sectores, me parece que es algo muy pobre\", apunta Idioa Fern\u00e1ndez, presidenta del Consorcio de Galer\u00edas. La fecha elegida por los galeristas para la protesta, a escasas semanas del inicio de Arco, muestra la urgencia de estos profesionales. Porque, en los \u00faltimos a\u00f1os, se ha evidenciado en ferias como la madrile\u00f1a la situaci\u00f3n dispar con otros pa\u00edses que tiene Espa\u00f1a. Alguien puede acudir al stand de una galer\u00eda francesa o italiana y comprar una pieza con un IVA del 5,5 o del 5% y que, inmediatamente al lado, en una galer\u00eda espa\u00f1ola otro est\u00e9 gravada con el 21%. \"Cada a\u00f1o, cuando se acerca Arco, hay un mensaje esperanzador de que el IVA se va a bajar. Luego llega el 20 de marzo y todo se ha olvidado hasta otra vez el a\u00f1o siguiente. Es el eterno retorno. La realidad es que nosotros estamos mal vistos por la izquierda y por la derecha porque nos tienen por un art\u00edculo de superlujo. Cosa que no es cierta, nosotros creamos un patrimonio cultural\", apunta Juan Sili\u00f3, director de la galer\u00eda c\u00e1ntabra con su mismo nombre. En la misma l\u00ednea se muestra Angustias Freijo, directora de Freijo Gallery en Madrid: \"Estamos enfadados, desesperados y tristes porque sentimos que la clase pol\u00edtica abusa de nosotros. En lugar de tratarnos como activos culturales nos tratan como Chanel o Louis Vuitton. No digo que no haya galer\u00edas que lo sean, pero no es en absoluto la realidad de la mayor\u00eda\". La complementa Patricia Rodrigo Puy\u00f3, directora de la galer\u00eda aragonesa Antonia Puy\u00f3: \"Esta situaci\u00f3n, que llevamos a\u00f1os reclamando, es especialmente insostenible ahora. La globalizaci\u00f3n ha cambiado el mundo del arte, las redes sociales nos han permitido un recorrido internacional m\u00e1s sencillo. Y un coleccionista tiene muy f\u00e1cil cambiar su preferencia de un artista espa\u00f1ol por otro de otro pa\u00eds si se enfrenta a este IVA. Es un c\u00edrculo vicioso porque el coleccionista no compra arte espa\u00f1ol, no se promocionan nuestras artes y no se puede generar un tejido\".Tras la huelga, los galeristas preparan nuevas medidas de presi\u00f3n, a\u00fan por concretar, en caso de que no se atiendan sus reivindicaciones. Las reuniones de la asamblea del Consorcio son frecuentes y, desde ah\u00ed, se est\u00e1 trazando el plan a seguir de cara al futuro. \"Yo pienso que ante esta huelga tiene que haber alguna repercusi\u00f3n porque estamos exponiendo que hay una desventaja evidente con otros pa\u00edses, que no somos competitivos y que hay un agravio en el mercado\", se\u00f1ala \u00c1ngela Ba\u00f1os, directora de la galer\u00eda hom\u00f3nima en Badajoz. Y cierra Idoia Fern\u00e1ndez: \"Si esto sigue as\u00ed, ser\u00e1 muy dif\u00edcil que sigamos aqu\u00ed. Y eso supone perder centro culturales gratuitos y, sobre todo, poner en peligro el tejido art\u00edstico de este pa\u00eds\".","og_url":"https:\/\/vof-news.eu\/es\/el-cierre-de-las-galerias-de-arte-ante-la-promesa-incumplida-de-urtasun-para-bajarles-el-iva-nos-tratan-como-si-fueramos-chanel-o-vuitton-y-no-un-activo-cultural\/","og_site_name":"vof-news.eu","article_published_time":"2026-02-02T22:19:54+00:00","article_modified_time":"2026-02-02T22:21:14+00:00","og_image":[{"width":1366,"height":911,"url":"https:\/\/vof-news.eu\/wp-content\/uploads\/2026\/02\/17700386135804.jpg","type":"image\/jpeg"}],"author":"Author","twitter_card":"summary_large_image","twitter_misc":{"Escrito por":"Author","Tiempo de lectura":"5 minutos"},"schema":{"@context":"https:\/\/schema.org","@graph":[{"@type":"WebPage","@id":"https:\/\/vof-news.eu\/es\/el-cierre-de-las-galerias-de-arte-ante-la-promesa-incumplida-de-urtasun-para-bajarles-el-iva-nos-tratan-como-si-fueramos-chanel-o-vuitton-y-no-un-activo-cultural\/","url":"https:\/\/vof-news.eu\/es\/el-cierre-de-las-galerias-de-arte-ante-la-promesa-incumplida-de-urtasun-para-bajarles-el-iva-nos-tratan-como-si-fueramos-chanel-o-vuitton-y-no-un-activo-cultural\/","name":"El cierre de las galer\u00edas de arte ante la promesa incumplida de Urtasun para bajarles el IVA: \"Nos tratan como si fu\u00e9ramos Chanel o Vuitton y no un activo cultural\" - vof-news.eu","isPartOf":{"@id":"https:\/\/vof-news.eu\/es\/#website"},"primaryImageOfPage":{"@id":"https:\/\/vof-news.eu\/es\/el-cierre-de-las-galerias-de-arte-ante-la-promesa-incumplida-de-urtasun-para-bajarles-el-iva-nos-tratan-como-si-fueramos-chanel-o-vuitton-y-no-un-activo-cultural\/#primaryimage"},"image":{"@id":"https:\/\/vof-news.eu\/es\/el-cierre-de-las-galerias-de-arte-ante-la-promesa-incumplida-de-urtasun-para-bajarles-el-iva-nos-tratan-como-si-fueramos-chanel-o-vuitton-y-no-un-activo-cultural\/#primaryimage"},"thumbnailUrl":"https:\/\/vof-news.eu\/wp-content\/uploads\/2026\/02\/17700386135804.jpg","datePublished":"2026-02-02T22:19:54+00:00","dateModified":"2026-02-02T22:21:14+00:00","author":{"@id":"https:\/\/vof-news.eu\/es\/#\/schema\/person\/f6a2a4309f0561835797fd8c19b333ed"},"description":"En abril de 2022, la Uni\u00f3n Europea aprob\u00f3 la directiva que permit\u00eda a sus estados miembro aplicar un tipo reducido en el IVA a las ventas del arte. En marzo de 2024, coincidiendo con la edici\u00f3n de ese a\u00f1o de Arco, la gran feria de arte en Espa\u00f1a, el ministro de Cultura, Ernest Urtasun, anunci\u00f3 que la intenci\u00f3n del Ministerio de Cultura era que esa reducci\u00f3n se aplicara en nuestro pa\u00eds. Cuatro y dos a\u00f1os despu\u00e9s, el tipo para estas operaciones sigue anclado en el 21%. Sin ning\u00fan avance significativo para reducirlo.Ante esa situaci\u00f3n, las galer\u00edas espa\u00f1olas, a trav\u00e9s del Consorcio de Galer\u00edas de Arte Contempor\u00e1neo que engloba a unas 150, han iniciado una huelga que se extender\u00e1 a lo largo de esta semana. Esos espacios permanecer\u00e1n cerrados hasta el 7 de febrero y, durante los tres pr\u00f3ximos meses, tampoco desarrollar\u00e1n el trabajo gratuito que hac\u00edan para las administraciones -b\u00fasqueda de obra, mediaci\u00f3n con coleccionistas, fotograf\u00edas profesionales...-. La exigencia es que el IVA baja de ese 21% y se ajuste al de otro pa\u00edses del entorno como Francia (5,5%), Italia (5%), Alemania (7%) o Portugal (6%).\"Esta es una reivindicaci\u00f3n hist\u00f3rica, pero es que desde que se cambi\u00f3 la regulaci\u00f3n ya es una necesidad. Eso nos dio esperanzas, pero estamos fuera de plazo y seguimos sin aplicarlo\", expone Olga Adelantado, directora de Luis Adelantado Gallery en Valencia y vicrepresidenta del Consorcio. \"Y mientras tanto la pelota sigue pasando de Hacienda a Cultura y de Cultura a Hacienda sin que se haga nada. Estamos sufriendo, estamos ahogados porque el capital cultural va a seguir bajando de nivel si se frena la compraventa\", agrega esta galerista.La negociaci\u00f3n pol\u00edtica con la compraventa de arte es un asunto que lleva encallado en Espa\u00f1a desde hace d\u00e9cadas. Ya a finales de los 80, en el breve periodo ministerial de Jorge Sempr\u00fan, se abord\u00f3 la necesidad de llevar a cabo una Ley de Mecenazgo que nunca vio la luz. En los a\u00f1os siguientes, tanto con gobiernos del PP como del PSOE, las galer\u00edas reclamaban esa bajada del IVA a un tipo reducido como el resto de artes -salvo en el Gobierno de Mariano Rajoy donde se subi\u00f3 al 21%-. Tampoco se hizo. Y, desde 2022, con la directiva europea, el escenario parec\u00eda m\u00e1s propicio, pero cuatro a\u00f1os despu\u00e9s sigue estancado pese a las protestas del sector que, en la edici\u00f3n del pasado a\u00f1o de Arco, ya escenific\u00f3 su malestar con un apag\u00f3n de sus stands durante unas horas.El cierre de esta semana es el siguiente paso ante \"el silencio\" de la Administraci\u00f3n. El Ministerio de Cultura afirma que quiere llevar a cabo la bajada y que es Hacienda quien no lo tiene en su agenda. \"Lo que obtenemos del Gobierno es silencio, por eso vamos a desarrollar todas las acciones posibles para que se nos escuche. Puede haber algunos sectores de la poblaci\u00f3n donde se nos considere un producto de lujo, pero la Administraci\u00f3n y los partidos pol\u00edticos saben perfectamente cu\u00e1l es nuestro trabajo. Si su respuesta es la inactividad por lo que puedan pensar algunos sectores, me parece que es algo muy pobre\", apunta Idioa Fern\u00e1ndez, presidenta del Consorcio de Galer\u00edas. La fecha elegida por los galeristas para la protesta, a escasas semanas del inicio de Arco, muestra la urgencia de estos profesionales. Porque, en los \u00faltimos a\u00f1os, se ha evidenciado en ferias como la madrile\u00f1a la situaci\u00f3n dispar con otros pa\u00edses que tiene Espa\u00f1a. Alguien puede acudir al stand de una galer\u00eda francesa o italiana y comprar una pieza con un IVA del 5,5 o del 5% y que, inmediatamente al lado, en una galer\u00eda espa\u00f1ola otro est\u00e9 gravada con el 21%. \"Cada a\u00f1o, cuando se acerca Arco, hay un mensaje esperanzador de que el IVA se va a bajar. Luego llega el 20 de marzo y todo se ha olvidado hasta otra vez el a\u00f1o siguiente. Es el eterno retorno. La realidad es que nosotros estamos mal vistos por la izquierda y por la derecha porque nos tienen por un art\u00edculo de superlujo. Cosa que no es cierta, nosotros creamos un patrimonio cultural\", apunta Juan Sili\u00f3, director de la galer\u00eda c\u00e1ntabra con su mismo nombre. En la misma l\u00ednea se muestra Angustias Freijo, directora de Freijo Gallery en Madrid: \"Estamos enfadados, desesperados y tristes porque sentimos que la clase pol\u00edtica abusa de nosotros. En lugar de tratarnos como activos culturales nos tratan como Chanel o Louis Vuitton. No digo que no haya galer\u00edas que lo sean, pero no es en absoluto la realidad de la mayor\u00eda\". La complementa Patricia Rodrigo Puy\u00f3, directora de la galer\u00eda aragonesa Antonia Puy\u00f3: \"Esta situaci\u00f3n, que llevamos a\u00f1os reclamando, es especialmente insostenible ahora. La globalizaci\u00f3n ha cambiado el mundo del arte, las redes sociales nos han permitido un recorrido internacional m\u00e1s sencillo. Y un coleccionista tiene muy f\u00e1cil cambiar su preferencia de un artista espa\u00f1ol por otro de otro pa\u00eds si se enfrenta a este IVA. Es un c\u00edrculo vicioso porque el coleccionista no compra arte espa\u00f1ol, no se promocionan nuestras artes y no se puede generar un tejido\".Tras la huelga, los galeristas preparan nuevas medidas de presi\u00f3n, a\u00fan por concretar, en caso de que no se atiendan sus reivindicaciones. Las reuniones de la asamblea del Consorcio son frecuentes y, desde ah\u00ed, se est\u00e1 trazando el plan a seguir de cara al futuro. \"Yo pienso que ante esta huelga tiene que haber alguna repercusi\u00f3n porque estamos exponiendo que hay una desventaja evidente con otros pa\u00edses, que no somos competitivos y que hay un agravio en el mercado\", se\u00f1ala \u00c1ngela Ba\u00f1os, directora de la galer\u00eda hom\u00f3nima en Badajoz. Y cierra Idoia Fern\u00e1ndez: \"Si esto sigue as\u00ed, ser\u00e1 muy dif\u00edcil que sigamos aqu\u00ed. Y eso supone perder centro culturales gratuitos y, sobre todo, poner en peligro el tejido art\u00edstico de este pa\u00eds\".","breadcrumb":{"@id":"https:\/\/vof-news.eu\/es\/el-cierre-de-las-galerias-de-arte-ante-la-promesa-incumplida-de-urtasun-para-bajarles-el-iva-nos-tratan-como-si-fueramos-chanel-o-vuitton-y-no-un-activo-cultural\/#breadcrumb"},"inLanguage":"es","potentialAction":[{"@type":"ReadAction","target":["https:\/\/vof-news.eu\/es\/el-cierre-de-las-galerias-de-arte-ante-la-promesa-incumplida-de-urtasun-para-bajarles-el-iva-nos-tratan-como-si-fueramos-chanel-o-vuitton-y-no-un-activo-cultural\/"]}]},{"@type":"ImageObject","inLanguage":"es","@id":"https:\/\/vof-news.eu\/es\/el-cierre-de-las-galerias-de-arte-ante-la-promesa-incumplida-de-urtasun-para-bajarles-el-iva-nos-tratan-como-si-fueramos-chanel-o-vuitton-y-no-un-activo-cultural\/#primaryimage","url":"https:\/\/vof-news.eu\/wp-content\/uploads\/2026\/02\/17700386135804.jpg","contentUrl":"https:\/\/vof-news.eu\/wp-content\/uploads\/2026\/02\/17700386135804.jpg","width":1366,"height":911},{"@type":"BreadcrumbList","@id":"https:\/\/vof-news.eu\/es\/el-cierre-de-las-galerias-de-arte-ante-la-promesa-incumplida-de-urtasun-para-bajarles-el-iva-nos-tratan-como-si-fueramos-chanel-o-vuitton-y-no-un-activo-cultural\/#breadcrumb","itemListElement":[{"@type":"ListItem","position":1,"name":"Home","item":"https:\/\/vof-news.eu\/es\/"},{"@type":"ListItem","position":2,"name":"El cierre de las galer\u00edas de arte ante la promesa incumplida de Urtasun para bajarles el IVA: &#8220;Nos tratan como si fu\u00e9ramos Chanel o Vuitton y no un activo cultural&#8221;"}]},{"@type":"WebSite","@id":"https:\/\/vof-news.eu\/es\/#website","url":"https:\/\/vof-news.eu\/es\/","name":"vof-news.eu","description":"","potentialAction":[{"@type":"SearchAction","target":{"@type":"EntryPoint","urlTemplate":"https:\/\/vof-news.eu\/es\/?s={search_term_string}"},"query-input":"required name=search_term_string"}],"inLanguage":"es"},{"@type":"Person","@id":"https:\/\/vof-news.eu\/es\/#\/schema\/person\/f6a2a4309f0561835797fd8c19b333ed","name":"Author","image":{"@type":"ImageObject","inLanguage":"es","@id":"https:\/\/vof-news.eu\/es\/#\/schema\/person\/image\/","url":"https:\/\/secure.gravatar.com\/avatar\/b67e614b1b25b3e9c0c239efdd2fde5ab015b5affd6f1c3c85911ca4b384e790?s=96&d=mm&r=g","contentUrl":"https:\/\/secure.gravatar.com\/avatar\/b67e614b1b25b3e9c0c239efdd2fde5ab015b5affd6f1c3c85911ca4b384e790?s=96&d=mm&r=g","caption":"Author"},"sameAs":["http:\/\/vof-news.eu"],"url":"https:\/\/vof-news.eu\/es\/author\/zwt6qxnjulxbnyg\/"}]}},"yoast_meta":{"yoast_wpseo_title":"","yoast_wpseo_metadesc":"","yoast_wpseo_canonical":""},"_links":{"self":[{"href":"https:\/\/vof-news.eu\/es\/wp-json\/wp\/v2\/posts\/322860","targetHints":{"allow":["GET"]}}],"collection":[{"href":"https:\/\/vof-news.eu\/es\/wp-json\/wp\/v2\/posts"}],"about":[{"href":"https:\/\/vof-news.eu\/es\/wp-json\/wp\/v2\/types\/post"}],"author":[{"embeddable":true,"href":"https:\/\/vof-news.eu\/es\/wp-json\/wp\/v2\/users\/1"}],"replies":[{"embeddable":true,"href":"https:\/\/vof-news.eu\/es\/wp-json\/wp\/v2\/comments?post=322860"}],"version-history":[{"count":1,"href":"https:\/\/vof-news.eu\/es\/wp-json\/wp\/v2\/posts\/322860\/revisions"}],"predecessor-version":[{"id":322874,"href":"https:\/\/vof-news.eu\/es\/wp-json\/wp\/v2\/posts\/322860\/revisions\/322874"}],"wp:featuredmedia":[{"embeddable":true,"href":"https:\/\/vof-news.eu\/es\/wp-json\/wp\/v2\/media\/322867"}],"wp:attachment":[{"href":"https:\/\/vof-news.eu\/es\/wp-json\/wp\/v2\/media?parent=322860"}],"wp:term":[{"taxonomy":"category","embeddable":true,"href":"https:\/\/vof-news.eu\/es\/wp-json\/wp\/v2\/categories?post=322860"},{"taxonomy":"post_tag","embeddable":true,"href":"https:\/\/vof-news.eu\/es\/wp-json\/wp\/v2\/tags?post=322860"}],"curies":[{"name":"wp","href":"https:\/\/api.w.org\/{rel}","templated":true}]}}