{"id":322859,"date":"2026-02-03T01:19:27","date_gmt":"2026-02-02T22:19:27","guid":{"rendered":"https:\/\/vof-news.eu\/murtra-fia-el-futuro-de-telefonica-a-su-consolidacion-como-gran-tecnologica-europea\/"},"modified":"2026-02-03T01:20:23","modified_gmt":"2026-02-02T22:20:23","slug":"murtra-fia-el-futuro-de-telefonica-a-su-consolidacion-como-gran-tecnologica-europea","status":"publish","type":"post","link":"https:\/\/vof-news.eu\/es\/murtra-fia-el-futuro-de-telefonica-a-su-consolidacion-como-gran-tecnologica-europea\/","title":{"rendered":"Murtra f\u00eda el futuro de Telef\u00f3nica a su consolidaci\u00f3n como gran tecnol\u00f3gica europea"},"content":{"rendered":"<div>\n<p>\n        El informe Draghi, encargado por Bruselas al economista y ex primer ministro italiano Mario Dragui, avisa que si la UE quiere mantener su modo de vida debe desplegar un plan de urgencia para mejorar su productividad, su capacidad de innovaci\u00f3n y autonom\u00eda estrat\u00e9gica para impedir que <a href=\"https:\/\/www.eldiario.es\/economia\/draghi-avisa-europa-encuentra-situacion-dificil-modelo-crecimiento-desvanece_1_12605836.html\" rel=\"nofollow\">EEUU y China sigan alej\u00e1ndose<\/a>. El informe Letta, por su parte, incide en que el mercado \u00fanico europeo debe aumentar su integraci\u00f3n en sectores como energ\u00eda, telecomunicaciones y servicios financieros para aumentar su dinamismo y seguir creciendo. \u201cNosotros queremos ayudar a que lo que dicen esos informes sea posible\u201d, dice el presidente de Telef\u00f3nica, Mac Murtra.\n    <\/p>\n<p>\n        \u201cDe las diez empresas tecnol\u00f3gicas m\u00e1s importantes del mundo, ninguna es europea\u201d, ha enfatizado el ejecutivo en la noche de este lunes en un acto en la Fundaci\u00f3n La Caixa, de la que es patrono. \u201cSi miramos en el \u00e1mbito de la ciberseguridad, todos los productos que se utilizan de ciberseguridad en Europa, todos los productos son americanos o israel\u00edes\u201d, ha continuado. \u201c<a href=\"https:\/\/www.eldiario.es\/temas\/inteligencia-artificial\/\" rel=\"nofollow\">La inteligencia artificial<\/a>, hoy, es un producto o chino o americano\u201d, ha insistido.\n    <\/p>\n<p>\n        Cuestiones que hacen que Europa corra \u201cel riesgo de convertirse en una colonia digital y de quedar desconectada de las tecnolog\u00edas\u201d, ha concluido Murtra. Para evitarlo, y que Telef\u00f3nica encuentre una v\u00eda para seguir creciendo durante esta nueva etapa, su presidente propone a la compa\u00f1\u00eda como una candidata a convertirse en una de esas grandes tecnol\u00f3gicas del continente, apoyada en la IA y la <a href=\"https:\/\/www.eldiario.es\/temas\/ciberseguridad\/\" rel=\"nofollow\">ciberseguridad<\/a>.\n    <\/p>\n<blockquote>\n<\/blockquote>\n<p>\n        La v\u00eda para conseguirlo, a su juicio, es corregir la fragmentaci\u00f3n del mercado. \u201cEn Estados Unidos hay tres empresas de telecomunicaciones. En China hay tres empresas de telecomunicaciones. En India hay tres empresas de telecomunicaciones. \u00bfAlguna idea de cu\u00e1ntas empresas de telecomunicaciones tenemos en Europa? 38\u201d, ha contestado el directivo.\n    <\/p>\n<p>\n        Esa reducci\u00f3n de empresas de telecomunicaciones permitir\u00eda a compa\u00f1\u00edas como Telef\u00f3nica invertir m\u00e1s en nuevas tecnolog\u00edas e infraestructuras de nueva generaci\u00f3n, defiende Murtra, que lleg\u00f3 a su direcci\u00f3n hace justo un a\u00f1o. \u201cSolo con que cada pa\u00eds pase de 4 a 3 operadores, las eficiencias que se liberan son gigantescas\u201d, ha enfatizado: \u201cEuropa necesita operadores fuertes para garantizar la autonom\u00eda tecnol\u00f3gica, capacidad de inversi\u00f3n y control de las infraestructuras cr\u00edticas\u201d.\n    <\/p>\n<p>\n        Murtra asegura que percibe a los reguladores comunitarios cada vez m\u00e1s partidarios de esta soluci\u00f3n, aunque descarta que vaya a ser un proceso f\u00e1cil ni que pueda llevarse a cabo en un per\u00edodo corto de tiempo. <a href=\"https:\/\/www.eldiario.es\/tecnologia\/telefonica-abre-nueva-etapa-centrada-ia-ciberseguridad-reduce-mitad-dividendo-2026_1_12737735.html\" rel=\"nofollow\">El nuevo plan estrat\u00e9gico de la empresa<\/a>, el primero elaborado bajo su presidencia, incluye 32.000 millones de euros de inversi\u00f3n entre 2026 y 2028, priorizando la tecnolog\u00eda sobre el flujo de caja inmediato.\n    <\/p>\n<h2>No le preocupa el precio de la acci\u00f3n y defiende el papel de los estados en las telecos<\/h2>\n<p>\n        Otra de las medidas del nuevo plan estrat\u00e9gico fue una reducci\u00f3n del 50% del dividendo para los pr\u00f3ximos a\u00f1os. Los mercados castigaron esta limitaci\u00f3n con una depreciaci\u00f3n de las acciones de Telef\u00f3nica de un 25%. Su presidente asegura que no est\u00e1 preocupado por este hecho y asegura que debe entenderse como una consecuencia de la modernizaci\u00f3n y la competitividad de la empresa, y no como un indicador que deba dictar la estrategia a corto plazo.\n    <\/p>\n<p>\n        Su argumento principal es que, al ejecutar un plan de transformaci\u00f3n profunda que prioriza la inversi\u00f3n tecnol\u00f3gica futura sobre la caja inmediata, es natural que los mercados reaccionen de manera negativa.\n    <\/p>\n<p>\n        Por otro lado, el ejecutivo tambi\u00e9n ha defendido el papel de los estados en las telecos estrat\u00e9gicas, y ha recordado que tanto Francia como Italia poseen participaciones superiores al 20% en sus principales compa\u00f1\u00edas. \u201cLas telecomunicaciones son un activo estrat\u00e9gico que requieren protecci\u00f3n institucional\u201d, ha afirmado: \u201cEn Espa\u00f1a, el estado tiene el 10% de Telef\u00f3nica. No es un negocio cualquiera, son infraestructuras cr\u00edticas para la seguridad de la econom\u00eda y la cohesi\u00f3n\u201d.\n    <\/p>\n<h2>\u201cReciclar\u201d unidades de negocio \u201cobsoletas\u201d<\/h2>\n<p>\n        Telef\u00f3nica est\u00e1 finalizando un ERE que afectar\u00e1 a m\u00e1s de 5.000 empleados, un 20% de la plantilla. La inmensa mayor\u00eda ser\u00e1n <a href=\"https:\/\/www.eldiario.es\/tecnologia\/solicitudes-voluntarias-adherirse-ere-telefonica-superan-salidas-pactadas-sindicatos_1_12949184.html\" rel=\"nofollow\">bajas voluntarias<\/a>, aunque puede que se lleven a cabo unos 160 despidos forzosos en las divisiones de negocio internacional, donde no se ha cubierto el cupo pactado con los sindicatos.\n    <\/p>\n<p>\n        Dentro de su plan de transformaci\u00f3n integral, Murtra ha introducido este lunes un concepto que considera clave para la supervivencia de la operadora: la necesidad de \u201creciclar\u201d \u00e1reas de la compa\u00f1\u00eda que han perdido vigencia tecnol\u00f3gica. \u201cHemos de ser conscientes del modelo de negocio en el que estamos y por ello vamos a prescindir de las unidades de negocio obsoletas\u201d, ha afirmado, subrayando que esta realidad debe afrontarse \u201cdecidida profesionalmente y por supuesto, con empat\u00eda y con un aspecto social\u201d.\n    <\/p>\n<p>\n        El presidente de Telef\u00f3nica tambi\u00e9n ha insistido en que este movimiento no implica un repliegue de la empresa, sino una reestructuraci\u00f3n obligada por el mercado. \u201cEl objetivo de Telef\u00f3nica no es reducir nuestra actividad, sino reordenarnos para ser m\u00e1s competitivos\u201d, ha aclarado. El directivo ha ilustrado este proceso con el cambio de infraestructuras: \u201cAntes se invert\u00eda en cobre y el cobre ahora es una tecnolog\u00eda obsoleta, ahora hay que invertir en fibra \u00f3ptica, en ciberseguridad y en inteligencia artificial\u201d.\n    <\/p>\n<\/div>\n","protected":false},"excerpt":{"rendered":"<p>El informe Draghi, encargado por Bruselas al economista y ex primer ministro italiano Mario Dragui, avisa que si la UE quiere mantener su modo de vida debe desplegar un plan de urgencia para mejorar su productividad, su capacidad de innovaci\u00f3n y autonom\u00eda estrat\u00e9gica para impedir que EEUU y China sigan alej\u00e1ndose. El informe Letta, por<\/p>\n","protected":false},"author":1,"featured_media":322861,"comment_status":"open","ping_status":"open","sticky":false,"template":"","format":"standard","meta":{"footnotes":""},"categories":[61],"tags":[],"class_list":["post-322859","post","type-post","status-publish","format-standard","has-post-thumbnail","hentry","category-business-es"],"acf":[],"yoast_head":"<!-- This site is optimized with the Yoast SEO plugin v22.9 - https:\/\/yoast.com\/wordpress\/plugins\/seo\/ -->\n<title>Murtra f\u00eda el futuro de Telef\u00f3nica a su consolidaci\u00f3n como gran tecnol\u00f3gica europea - vof-news.eu<\/title>\n<meta name=\"description\" content=\"El informe Draghi, encargado por Bruselas al economista y ex primer ministro italiano Mario Dragui, avisa que si la UE quiere mantener su modo de vida debe desplegar un plan de urgencia para mejorar su productividad, su capacidad de innovaci\u00f3n y autonom\u00eda estrat\u00e9gica para impedir que EEUU y China sigan alej\u00e1ndose. El informe Letta, por su parte, incide en que el mercado \u00fanico europeo debe aumentar su integraci\u00f3n en sectores como energ\u00eda, telecomunicaciones y servicios financieros para aumentar su dinamismo y seguir creciendo. \u201cNosotros queremos ayudar a que lo que dicen esos informes sea posible\u201d, dice el presidente de Telef\u00f3nica, Mac Murtra.\" \/>\n<meta name=\"robots\" content=\"noindex, follow, max-snippet:-1, max-image-preview:large, max-video-preview:-1\" \/>\n<meta property=\"og:locale\" content=\"es_ES\" \/>\n<meta property=\"og:type\" content=\"article\" \/>\n<meta property=\"og:title\" content=\"Murtra f\u00eda el futuro de Telef\u00f3nica a su consolidaci\u00f3n como gran tecnol\u00f3gica europea - vof-news.eu\" \/>\n<meta property=\"og:description\" content=\"El informe Draghi, encargado por Bruselas al economista y ex primer ministro italiano Mario Dragui, avisa que si la UE quiere mantener su modo de vida debe desplegar un plan de urgencia para mejorar su productividad, su capacidad de innovaci\u00f3n y autonom\u00eda estrat\u00e9gica para impedir que EEUU y China sigan alej\u00e1ndose. El informe Letta, por su parte, incide en que el mercado \u00fanico europeo debe aumentar su integraci\u00f3n en sectores como energ\u00eda, telecomunicaciones y servicios financieros para aumentar su dinamismo y seguir creciendo. \u201cNosotros queremos ayudar a que lo que dicen esos informes sea posible\u201d, dice el presidente de Telef\u00f3nica, Mac Murtra.\" \/>\n<meta property=\"og:url\" content=\"https:\/\/vof-news.eu\/es\/murtra-fia-el-futuro-de-telefonica-a-su-consolidacion-como-gran-tecnologica-europea\/\" \/>\n<meta property=\"og:site_name\" content=\"vof-news.eu\" \/>\n<meta property=\"article:published_time\" content=\"2026-02-02T22:19:27+00:00\" \/>\n<meta property=\"article:modified_time\" content=\"2026-02-02T22:20:23+00:00\" \/>\n<meta property=\"og:image\" content=\"https:\/\/vof-news.eu\/wp-content\/uploads\/2026\/02\/f0dd0d7d-907c-48cc-8801-86003bcf5414_16-9-discover-aspect-ratio_default_0.jpg\" \/>\n\t<meta property=\"og:image:width\" content=\"1200\" \/>\n\t<meta property=\"og:image:height\" content=\"675\" \/>\n\t<meta property=\"og:image:type\" content=\"image\/jpeg\" \/>\n<meta name=\"author\" content=\"Author\" \/>\n<meta name=\"twitter:card\" content=\"summary_large_image\" \/>\n<meta name=\"twitter:label1\" content=\"Escrito por\" \/>\n\t<meta name=\"twitter:data1\" content=\"Author\" \/>\n\t<meta name=\"twitter:label2\" content=\"Tiempo de lectura\" \/>\n\t<meta name=\"twitter:data2\" content=\"5 minutos\" \/>\n<script type=\"application\/ld+json\" class=\"yoast-schema-graph\">{\"@context\":\"https:\/\/schema.org\",\"@graph\":[{\"@type\":\"WebPage\",\"@id\":\"https:\/\/vof-news.eu\/es\/murtra-fia-el-futuro-de-telefonica-a-su-consolidacion-como-gran-tecnologica-europea\/\",\"url\":\"https:\/\/vof-news.eu\/es\/murtra-fia-el-futuro-de-telefonica-a-su-consolidacion-como-gran-tecnologica-europea\/\",\"name\":\"Murtra f\u00eda el futuro de Telef\u00f3nica a su consolidaci\u00f3n como gran tecnol\u00f3gica europea - vof-news.eu\",\"isPartOf\":{\"@id\":\"https:\/\/vof-news.eu\/es\/#website\"},\"primaryImageOfPage\":{\"@id\":\"https:\/\/vof-news.eu\/es\/murtra-fia-el-futuro-de-telefonica-a-su-consolidacion-como-gran-tecnologica-europea\/#primaryimage\"},\"image\":{\"@id\":\"https:\/\/vof-news.eu\/es\/murtra-fia-el-futuro-de-telefonica-a-su-consolidacion-como-gran-tecnologica-europea\/#primaryimage\"},\"thumbnailUrl\":\"https:\/\/vof-news.eu\/wp-content\/uploads\/2026\/02\/f0dd0d7d-907c-48cc-8801-86003bcf5414_16-9-discover-aspect-ratio_default_0.jpg\",\"datePublished\":\"2026-02-02T22:19:27+00:00\",\"dateModified\":\"2026-02-02T22:20:23+00:00\",\"author\":{\"@id\":\"https:\/\/vof-news.eu\/es\/#\/schema\/person\/f6a2a4309f0561835797fd8c19b333ed\"},\"description\":\"El informe Draghi, encargado por Bruselas al economista y ex primer ministro italiano Mario Dragui, avisa que si la UE quiere mantener su modo de vida debe desplegar un plan de urgencia para mejorar su productividad, su capacidad de innovaci\u00f3n y autonom\u00eda estrat\u00e9gica para impedir que EEUU y China sigan alej\u00e1ndose. El informe Letta, por su parte, incide en que el mercado \u00fanico europeo debe aumentar su integraci\u00f3n en sectores como energ\u00eda, telecomunicaciones y servicios financieros para aumentar su dinamismo y seguir creciendo. \u201cNosotros queremos ayudar a que lo que dicen esos informes sea posible\u201d, dice el presidente de Telef\u00f3nica, Mac Murtra.\",\"breadcrumb\":{\"@id\":\"https:\/\/vof-news.eu\/es\/murtra-fia-el-futuro-de-telefonica-a-su-consolidacion-como-gran-tecnologica-europea\/#breadcrumb\"},\"inLanguage\":\"es\",\"potentialAction\":[{\"@type\":\"ReadAction\",\"target\":[\"https:\/\/vof-news.eu\/es\/murtra-fia-el-futuro-de-telefonica-a-su-consolidacion-como-gran-tecnologica-europea\/\"]}]},{\"@type\":\"ImageObject\",\"inLanguage\":\"es\",\"@id\":\"https:\/\/vof-news.eu\/es\/murtra-fia-el-futuro-de-telefonica-a-su-consolidacion-como-gran-tecnologica-europea\/#primaryimage\",\"url\":\"https:\/\/vof-news.eu\/wp-content\/uploads\/2026\/02\/f0dd0d7d-907c-48cc-8801-86003bcf5414_16-9-discover-aspect-ratio_default_0.jpg\",\"contentUrl\":\"https:\/\/vof-news.eu\/wp-content\/uploads\/2026\/02\/f0dd0d7d-907c-48cc-8801-86003bcf5414_16-9-discover-aspect-ratio_default_0.jpg\",\"width\":1200,\"height\":675},{\"@type\":\"BreadcrumbList\",\"@id\":\"https:\/\/vof-news.eu\/es\/murtra-fia-el-futuro-de-telefonica-a-su-consolidacion-como-gran-tecnologica-europea\/#breadcrumb\",\"itemListElement\":[{\"@type\":\"ListItem\",\"position\":1,\"name\":\"Home\",\"item\":\"https:\/\/vof-news.eu\/es\/\"},{\"@type\":\"ListItem\",\"position\":2,\"name\":\"Murtra f\u00eda el futuro de Telef\u00f3nica a su consolidaci\u00f3n como gran tecnol\u00f3gica europea\"}]},{\"@type\":\"WebSite\",\"@id\":\"https:\/\/vof-news.eu\/es\/#website\",\"url\":\"https:\/\/vof-news.eu\/es\/\",\"name\":\"vof-news.eu\",\"description\":\"\",\"potentialAction\":[{\"@type\":\"SearchAction\",\"target\":{\"@type\":\"EntryPoint\",\"urlTemplate\":\"https:\/\/vof-news.eu\/es\/?s={search_term_string}\"},\"query-input\":\"required name=search_term_string\"}],\"inLanguage\":\"es\"},{\"@type\":\"Person\",\"@id\":\"https:\/\/vof-news.eu\/es\/#\/schema\/person\/f6a2a4309f0561835797fd8c19b333ed\",\"name\":\"Author\",\"image\":{\"@type\":\"ImageObject\",\"inLanguage\":\"es\",\"@id\":\"https:\/\/vof-news.eu\/es\/#\/schema\/person\/image\/\",\"url\":\"https:\/\/secure.gravatar.com\/avatar\/b67e614b1b25b3e9c0c239efdd2fde5ab015b5affd6f1c3c85911ca4b384e790?s=96&d=mm&r=g\",\"contentUrl\":\"https:\/\/secure.gravatar.com\/avatar\/b67e614b1b25b3e9c0c239efdd2fde5ab015b5affd6f1c3c85911ca4b384e790?s=96&d=mm&r=g\",\"caption\":\"Author\"},\"sameAs\":[\"http:\/\/vof-news.eu\"],\"url\":\"https:\/\/vof-news.eu\/es\/author\/zwt6qxnjulxbnyg\/\"}]}<\/script>\n<!-- \/ Yoast SEO plugin. -->","yoast_head_json":{"title":"Murtra f\u00eda el futuro de Telef\u00f3nica a su consolidaci\u00f3n como gran tecnol\u00f3gica europea - vof-news.eu","description":"El informe Draghi, encargado por Bruselas al economista y ex primer ministro italiano Mario Dragui, avisa que si la UE quiere mantener su modo de vida debe desplegar un plan de urgencia para mejorar su productividad, su capacidad de innovaci\u00f3n y autonom\u00eda estrat\u00e9gica para impedir que EEUU y China sigan alej\u00e1ndose. El informe Letta, por su parte, incide en que el mercado \u00fanico europeo debe aumentar su integraci\u00f3n en sectores como energ\u00eda, telecomunicaciones y servicios financieros para aumentar su dinamismo y seguir creciendo. \u201cNosotros queremos ayudar a que lo que dicen esos informes sea posible\u201d, dice el presidente de Telef\u00f3nica, Mac Murtra.","robots":{"index":"noindex","follow":"follow","max-snippet":"max-snippet:-1","max-image-preview":"max-image-preview:large","max-video-preview":"max-video-preview:-1"},"og_locale":"es_ES","og_type":"article","og_title":"Murtra f\u00eda el futuro de Telef\u00f3nica a su consolidaci\u00f3n como gran tecnol\u00f3gica europea - vof-news.eu","og_description":"El informe Draghi, encargado por Bruselas al economista y ex primer ministro italiano Mario Dragui, avisa que si la UE quiere mantener su modo de vida debe desplegar un plan de urgencia para mejorar su productividad, su capacidad de innovaci\u00f3n y autonom\u00eda estrat\u00e9gica para impedir que EEUU y China sigan alej\u00e1ndose. El informe Letta, por su parte, incide en que el mercado \u00fanico europeo debe aumentar su integraci\u00f3n en sectores como energ\u00eda, telecomunicaciones y servicios financieros para aumentar su dinamismo y seguir creciendo. \u201cNosotros queremos ayudar a que lo que dicen esos informes sea posible\u201d, dice el presidente de Telef\u00f3nica, Mac Murtra.","og_url":"https:\/\/vof-news.eu\/es\/murtra-fia-el-futuro-de-telefonica-a-su-consolidacion-como-gran-tecnologica-europea\/","og_site_name":"vof-news.eu","article_published_time":"2026-02-02T22:19:27+00:00","article_modified_time":"2026-02-02T22:20:23+00:00","og_image":[{"width":1200,"height":675,"url":"https:\/\/vof-news.eu\/wp-content\/uploads\/2026\/02\/f0dd0d7d-907c-48cc-8801-86003bcf5414_16-9-discover-aspect-ratio_default_0.jpg","type":"image\/jpeg"}],"author":"Author","twitter_card":"summary_large_image","twitter_misc":{"Escrito por":"Author","Tiempo de lectura":"5 minutos"},"schema":{"@context":"https:\/\/schema.org","@graph":[{"@type":"WebPage","@id":"https:\/\/vof-news.eu\/es\/murtra-fia-el-futuro-de-telefonica-a-su-consolidacion-como-gran-tecnologica-europea\/","url":"https:\/\/vof-news.eu\/es\/murtra-fia-el-futuro-de-telefonica-a-su-consolidacion-como-gran-tecnologica-europea\/","name":"Murtra f\u00eda el futuro de Telef\u00f3nica a su consolidaci\u00f3n como gran tecnol\u00f3gica europea - vof-news.eu","isPartOf":{"@id":"https:\/\/vof-news.eu\/es\/#website"},"primaryImageOfPage":{"@id":"https:\/\/vof-news.eu\/es\/murtra-fia-el-futuro-de-telefonica-a-su-consolidacion-como-gran-tecnologica-europea\/#primaryimage"},"image":{"@id":"https:\/\/vof-news.eu\/es\/murtra-fia-el-futuro-de-telefonica-a-su-consolidacion-como-gran-tecnologica-europea\/#primaryimage"},"thumbnailUrl":"https:\/\/vof-news.eu\/wp-content\/uploads\/2026\/02\/f0dd0d7d-907c-48cc-8801-86003bcf5414_16-9-discover-aspect-ratio_default_0.jpg","datePublished":"2026-02-02T22:19:27+00:00","dateModified":"2026-02-02T22:20:23+00:00","author":{"@id":"https:\/\/vof-news.eu\/es\/#\/schema\/person\/f6a2a4309f0561835797fd8c19b333ed"},"description":"El informe Draghi, encargado por Bruselas al economista y ex primer ministro italiano Mario Dragui, avisa que si la UE quiere mantener su modo de vida debe desplegar un plan de urgencia para mejorar su productividad, su capacidad de innovaci\u00f3n y autonom\u00eda estrat\u00e9gica para impedir que EEUU y China sigan alej\u00e1ndose. El informe Letta, por su parte, incide en que el mercado \u00fanico europeo debe aumentar su integraci\u00f3n en sectores como energ\u00eda, telecomunicaciones y servicios financieros para aumentar su dinamismo y seguir creciendo. \u201cNosotros queremos ayudar a que lo que dicen esos informes sea posible\u201d, dice el presidente de Telef\u00f3nica, Mac Murtra.","breadcrumb":{"@id":"https:\/\/vof-news.eu\/es\/murtra-fia-el-futuro-de-telefonica-a-su-consolidacion-como-gran-tecnologica-europea\/#breadcrumb"},"inLanguage":"es","potentialAction":[{"@type":"ReadAction","target":["https:\/\/vof-news.eu\/es\/murtra-fia-el-futuro-de-telefonica-a-su-consolidacion-como-gran-tecnologica-europea\/"]}]},{"@type":"ImageObject","inLanguage":"es","@id":"https:\/\/vof-news.eu\/es\/murtra-fia-el-futuro-de-telefonica-a-su-consolidacion-como-gran-tecnologica-europea\/#primaryimage","url":"https:\/\/vof-news.eu\/wp-content\/uploads\/2026\/02\/f0dd0d7d-907c-48cc-8801-86003bcf5414_16-9-discover-aspect-ratio_default_0.jpg","contentUrl":"https:\/\/vof-news.eu\/wp-content\/uploads\/2026\/02\/f0dd0d7d-907c-48cc-8801-86003bcf5414_16-9-discover-aspect-ratio_default_0.jpg","width":1200,"height":675},{"@type":"BreadcrumbList","@id":"https:\/\/vof-news.eu\/es\/murtra-fia-el-futuro-de-telefonica-a-su-consolidacion-como-gran-tecnologica-europea\/#breadcrumb","itemListElement":[{"@type":"ListItem","position":1,"name":"Home","item":"https:\/\/vof-news.eu\/es\/"},{"@type":"ListItem","position":2,"name":"Murtra f\u00eda el futuro de Telef\u00f3nica a su consolidaci\u00f3n como gran tecnol\u00f3gica europea"}]},{"@type":"WebSite","@id":"https:\/\/vof-news.eu\/es\/#website","url":"https:\/\/vof-news.eu\/es\/","name":"vof-news.eu","description":"","potentialAction":[{"@type":"SearchAction","target":{"@type":"EntryPoint","urlTemplate":"https:\/\/vof-news.eu\/es\/?s={search_term_string}"},"query-input":"required name=search_term_string"}],"inLanguage":"es"},{"@type":"Person","@id":"https:\/\/vof-news.eu\/es\/#\/schema\/person\/f6a2a4309f0561835797fd8c19b333ed","name":"Author","image":{"@type":"ImageObject","inLanguage":"es","@id":"https:\/\/vof-news.eu\/es\/#\/schema\/person\/image\/","url":"https:\/\/secure.gravatar.com\/avatar\/b67e614b1b25b3e9c0c239efdd2fde5ab015b5affd6f1c3c85911ca4b384e790?s=96&d=mm&r=g","contentUrl":"https:\/\/secure.gravatar.com\/avatar\/b67e614b1b25b3e9c0c239efdd2fde5ab015b5affd6f1c3c85911ca4b384e790?s=96&d=mm&r=g","caption":"Author"},"sameAs":["http:\/\/vof-news.eu"],"url":"https:\/\/vof-news.eu\/es\/author\/zwt6qxnjulxbnyg\/"}]}},"yoast_meta":{"yoast_wpseo_title":"","yoast_wpseo_metadesc":"","yoast_wpseo_canonical":""},"_links":{"self":[{"href":"https:\/\/vof-news.eu\/es\/wp-json\/wp\/v2\/posts\/322859","targetHints":{"allow":["GET"]}}],"collection":[{"href":"https:\/\/vof-news.eu\/es\/wp-json\/wp\/v2\/posts"}],"about":[{"href":"https:\/\/vof-news.eu\/es\/wp-json\/wp\/v2\/types\/post"}],"author":[{"embeddable":true,"href":"https:\/\/vof-news.eu\/es\/wp-json\/wp\/v2\/users\/1"}],"replies":[{"embeddable":true,"href":"https:\/\/vof-news.eu\/es\/wp-json\/wp\/v2\/comments?post=322859"}],"version-history":[{"count":1,"href":"https:\/\/vof-news.eu\/es\/wp-json\/wp\/v2\/posts\/322859\/revisions"}],"predecessor-version":[{"id":322873,"href":"https:\/\/vof-news.eu\/es\/wp-json\/wp\/v2\/posts\/322859\/revisions\/322873"}],"wp:featuredmedia":[{"embeddable":true,"href":"https:\/\/vof-news.eu\/es\/wp-json\/wp\/v2\/media\/322861"}],"wp:attachment":[{"href":"https:\/\/vof-news.eu\/es\/wp-json\/wp\/v2\/media?parent=322859"}],"wp:term":[{"taxonomy":"category","embeddable":true,"href":"https:\/\/vof-news.eu\/es\/wp-json\/wp\/v2\/categories?post=322859"},{"taxonomy":"post_tag","embeddable":true,"href":"https:\/\/vof-news.eu\/es\/wp-json\/wp\/v2\/tags?post=322859"}],"curies":[{"name":"wp","href":"https:\/\/api.w.org\/{rel}","templated":true}]}}