{"id":322816,"date":"2026-02-02T21:22:05","date_gmt":"2026-02-02T18:22:05","guid":{"rendered":"https:\/\/vof-news.eu\/arturo-perez-reverte-anuncia-que-sus-jornadas-de-la-guerra-civil-se-retomaran-el-5-de-octubre-y-que-invitara-a-pablo-iglesias-a-debatir\/"},"modified":"2026-02-02T21:22:38","modified_gmt":"2026-02-02T18:22:38","slug":"arturo-perez-reverte-anuncia-que-sus-jornadas-de-la-guerra-civil-se-retomaran-el-5-de-octubre-y-que-invitara-a-pablo-iglesias-a-debatir","status":"publish","type":"post","link":"https:\/\/vof-news.eu\/es\/arturo-perez-reverte-anuncia-que-sus-jornadas-de-la-guerra-civil-se-retomaran-el-5-de-octubre-y-que-invitara-a-pablo-iglesias-a-debatir\/","title":{"rendered":"Arturo P\u00e9rez-Reverte anuncia que sus jornadas de la Guerra Civil se retomar\u00e1n el 5 de octubre y que invitar\u00e1 a Pablo Iglesias a debatir"},"content":{"rendered":"<div>\n<p>Los organizadores del congreso Letras en Sevilla, bajo el t\u00edtulo <i>1936: \u00bfLa guerra que todos perdimos?, <\/i>han anunciado este lunes que esas jornadas se retormar\u00e1n el pr\u00f3ximo mes de octubre. <strong>Jes\u00fas Vigorra<\/strong> y<strong> Arturo P\u00e9rez-Reverte<\/strong>, en un acto p\u00fablico, han asegurado que ese encuentro mantendr\u00e1 el t\u00edtulo original , que ser\u00e1 a\u00fan m\u00e1s extenso y que se celebrar\u00e1 del 5 al 9 de octubre con \u00abmismos temas\u00bb y \u00abm\u00e1s pel\u00edculas de distintas \u00f3pticas y sensibilidades\u00bb sobre la Guerra Civil.<\/p>\n<p>P\u00e9rez-Reverte ha asegurado este lunes que en esa nueva convocatoria no estar\u00e1 invitado David Ucl\u00e9s tras la pol\u00e9mica que se abri\u00f3 la semana pasada cuando el novelista anunci\u00f3 con un v\u00eddeo en sus redes sociales que finalmente no acudir\u00eda por la presencia de Jos\u00e9 Mar\u00eda Aznar e Iv\u00e1n Espinosa de los Monteros en las mismas. \u00abUcl\u00e9s no volver\u00e1 aqu\u00ed, se ha desacreditado a s\u00ed mismo y no queremos que desacredite las jornadas con su presencia\u00bb, ha remarcado Reverte, que, sin embargo, tras aludir al \u00abacoso de la ultraizquierda y Podemos\u00bb como motivo principal de la cancelaci\u00f3n, ha afirmado que invitar\u00e1 al ex l\u00edder de los <i>morados<\/i><strong>Pablo Iglesias<\/strong> \u00abpara que en vez enviar bots, escracheadores y jarabe democr\u00e1tico se presente a debatir de forma civilizada\u00bb en Sevilla.<\/p>\n<p>El pasado 25 de enero, el mismo d\u00eda que Ucl\u00e9s anunci\u00f3 que no iba a acudir a las jornadas, el ex vicepresidente del Gobierno puso un tuit sobre las mismas: \u00abQuiero pensar que aqu\u00ed hay historiadores y pol\u00edticos profesionales que no sab\u00edan a qu\u00e9 les estaban invitando\u00bb. A ese comentarioa han aludido este lunes Vigorra y P\u00e9rez-Reverte como \u00abel origen\u00bb de las cancelaciones que se fueron sucediendo, vinculadas a la izquierda en los siguientes d\u00edas: <strong>Antonio Ma\u00edllo<\/strong>, coordinador federal de Izquierda Unida; <strong>Carmen Calvo<\/strong>, ex ministra y presidenta del Consejo de Estado; <strong>Paco Cerd\u00e1<\/strong>, autor de <i>Presentes<\/i> o <i>14 de abril<\/i> y <strong>Mar\u00eda M\u00e1rquez<\/strong>, portavoz del Grupo Socialista en el Parlamento andaluz.<\/p>\n<p>Tres d\u00edas despu\u00e9s, el pasado mi\u00e9rcoles, los organizadores del congreso publicaron un comunicado en el que se anunciaba la cancelaci\u00f3n de la cita. \u00abLa intenci\u00f3n expresada en las redes sociales por grupos de ultraizquierda, proponiendo manifestarse de forma violenta ante el lugar donde est\u00e1 previsto celebrar la XI edici\u00f3n de Letras en Sevilla (<i>1936: \u00bfLa guerra que todos perdimos?<\/i>) la semana pr\u00f3xima, nos hace aconsejar a Cajasol que aplace hasta nueva fecha los debates anunciados. Tal es el resultado de una <strong>campa\u00f1a intolerable de presiones <\/strong>que desde el partido Podemos y medios afines se ha estado ejerciendo sobre algunos de los participantes, a fin de hacerles renunciar a su intervenci\u00f3n en unas jornadas cuyo contenido \u00e9stos conoc\u00edan perfectamente y cuya asistencia hab\u00edan confirmado hace meses sin plantear objeci\u00f3n alguna\u00bb, explicaba el texto.<\/p>\n<p>Los organizadores han explicado este lunes que las jornadas se aplazaron porque las mismas hab\u00edan quedado \u00abdesequilibradas\u00bb porque \u00abun lado [el de la izquierda] quedaba deshecho\u00bb y precisamente por \u00abla amenaza expresa en redes sociales de gente de extrema izquierda y Podemos\u00bb de realizar escraches. \u00abEs un hecho grav\u00edsimo y el s\u00edntoma de la enfermedad es terrible que unas jornadas con esta solera y esta n\u00f3mina se tengan que ver pertubadas por la amenaza ideol\u00f3gica\u00bb, ha ahondado P\u00e9rez-Reverte.<\/p>\n<p>Otro de los puntos que gener\u00f3 fricciones de esas jornadas fue el t\u00edtulo que se les puso: <i>1936: \u00bfLa guerra que todos perdimos?. <\/i>Organizaciones de memoria hist\u00f3rica de Andaluc\u00eda mostraron su malestar por el mismo, por ejemplo. Los organizadores del evento han calificado de \u00abexcusa\u00bb aferrarse a ese t\u00edtulo para no acudir a debatir. \u00ab<strong>La Guerra Civil lo sabe cualquier imb\u00e9cil la gan\u00f3 un bando y otro la perdi\u00f3<\/strong>. Pero el eje de estas jornadas es que todos perdimos vidas, hogares, progreso de la mujer, libertades, cultura y democracia. Esa es la p\u00e9rdida es a la que se refer\u00eda el t\u00edtulo y que vamos a mantener\u00bb, ha afirmado Reverte.<\/p>\n<p>Vigorra, por su parte, ha sido el encargado de desgranar todos los detalles sobre c\u00f3mo se gestion\u00f3 la presencia de algunos invitados y en qu\u00e9 momento se produjo la cancelaci\u00f3n. Concretamente el periodista ha le\u00eddo un intercambio de correos que mantuvo con quien gestionaba la carrera de Ucl\u00e9s en la editorial Siruela -antes del Premio Nadal y de su salto a Planeta- del pasado mes de mayo en el que se daba luz verde a la presencia del escritor. Tambi\u00e9n que el 27 de noviembre se decidi\u00f3 incluir a Luis Mateo D\u00edez en esa misma mesa de debate y que <strong>el s\u00e1bado 24 de enero se encontr\u00f3 a medianoche con dos mensajes de whats app de Ucl\u00e9s en los que le anunciaba su intenci\u00f3n de no acudir finalmente.<\/strong><\/p>\n<p>El periodista tambi\u00e9n ha argumentado que el programa llevaba semanas cerrado y que hab\u00eda tardado en hacerse p\u00fablico porque se estaba esperando a la respuesta de representantes de Vox para que participaran en alguna de las mesas de debate. Finalmente desde el partido de Santiago Abascal se declin\u00f3 esa propuesta y se hizo p\u00fablico el t\u00edtulo y el programa. Y el resto es la pol\u00e9mica que desde hace una semana envuelve al acto.<\/p>\n<p><\/p>\n<hr\/>\n<\/div>\n","protected":false},"excerpt":{"rendered":"<p>Los organizadores del congreso Letras en Sevilla, bajo el t\u00edtulo 1936: \u00bfLa guerra que todos perdimos?, han anunciado este lunes que esas jornadas se retormar\u00e1n el pr\u00f3ximo mes de octubre. Jes\u00fas Vigorra y Arturo P\u00e9rez-Reverte, en un acto p\u00fablico, han asegurado que ese encuentro mantendr\u00e1 el t\u00edtulo original , que ser\u00e1 a\u00fan m\u00e1s extenso y<\/p>\n","protected":false},"author":1,"featured_media":322823,"comment_status":"open","ping_status":"open","sticky":false,"template":"","format":"standard","meta":{"footnotes":""},"categories":[66],"tags":[],"class_list":["post-322816","post","type-post","status-publish","format-standard","has-post-thumbnail","hentry","category-culture-es"],"acf":[],"yoast_head":"<!-- This site is optimized with the Yoast SEO plugin v22.9 - https:\/\/yoast.com\/wordpress\/plugins\/seo\/ -->\n<title>Arturo P\u00e9rez-Reverte anuncia que sus jornadas de la Guerra Civil se retomar\u00e1n el 5 de octubre y que invitar\u00e1 a Pablo Iglesias a debatir - vof-news.eu<\/title>\n<meta name=\"description\" content=\"Los organizadores del congreso Letras en Sevilla, bajo el t\u00edtulo 1936: \u00bfLa guerra que todos perdimos?, han anunciado este lunes que esas jornadas se retormar\u00e1n el pr\u00f3ximo mes de octubre. Jes\u00fas Vigorra y Arturo P\u00e9rez-Reverte, en un acto p\u00fablico, han asegurado que ese encuentro mantendr\u00e1 el t\u00edtulo original , que ser\u00e1 a\u00fan m\u00e1s extenso y que se celebrar\u00e1 del 5 al 9 de octubre con &quot;mismos temas&quot; y &quot;m\u00e1s pel\u00edculas de distintas \u00f3pticas y sensibilidades&quot; sobre la Guerra Civil.P\u00e9rez-Reverte ha asegurado este lunes que en esa nueva convocatoria no estar\u00e1 invitado David Ucl\u00e9s tras la pol\u00e9mica que se abri\u00f3 la semana pasada cuando el novelista anunci\u00f3 con un v\u00eddeo en sus redes sociales que finalmente no acudir\u00eda por la presencia de Jos\u00e9 Mar\u00eda Aznar e Iv\u00e1n Espinosa de los Monteros en las mismas. &quot;Ucl\u00e9s no volver\u00e1 aqu\u00ed, se ha desacreditado a s\u00ed mismo y no queremos que desacredite las jornadas con su presencia&quot;, ha remarcado Reverte, que, sin embargo, tras aludir al &quot;acoso de la ultraizquierda y Podemos&quot; como motivo principal de la cancelaci\u00f3n, ha afirmado que invitar\u00e1 al ex l\u00edder de los moradosPablo Iglesias &quot;para que en vez enviar bots, escracheadores y jarabe democr\u00e1tico se presente a debatir de forma civilizada&quot; en Sevilla.El pasado 25 de enero, el mismo d\u00eda que Ucl\u00e9s anunci\u00f3 que no iba a acudir a las jornadas, el ex vicepresidente del Gobierno puso un tuit sobre las mismas: &quot;Quiero pensar que aqu\u00ed hay historiadores y pol\u00edticos profesionales que no sab\u00edan a qu\u00e9 les estaban invitando&quot;. A ese comentarioa han aludido este lunes Vigorra y P\u00e9rez-Reverte como &quot;el origen&quot; de las cancelaciones que se fueron sucediendo, vinculadas a la izquierda en los siguientes d\u00edas: Antonio Ma\u00edllo, coordinador federal de Izquierda Unida; Carmen Calvo, ex ministra y presidenta del Consejo de Estado; Paco Cerd\u00e1, autor de Presentes o 14 de abril y Mar\u00eda M\u00e1rquez, portavoz del Grupo Socialista en el Parlamento andaluz.Tres d\u00edas despu\u00e9s, el pasado mi\u00e9rcoles, los organizadores del congreso publicaron un comunicado en el que se anunciaba la cancelaci\u00f3n de la cita. &quot;La intenci\u00f3n expresada en las redes sociales por grupos de ultraizquierda, proponiendo manifestarse de forma violenta ante el lugar donde est\u00e1 previsto celebrar la XI edici\u00f3n de Letras en Sevilla (1936: \u00bfLa guerra que todos perdimos?) la semana pr\u00f3xima, nos hace aconsejar a Cajasol que aplace hasta nueva fecha los debates anunciados. Tal es el resultado de una campa\u00f1a intolerable de presiones que desde el partido Podemos y medios afines se ha estado ejerciendo sobre algunos de los participantes, a fin de hacerles renunciar a su intervenci\u00f3n en unas jornadas cuyo contenido \u00e9stos conoc\u00edan perfectamente y cuya asistencia hab\u00edan confirmado hace meses sin plantear objeci\u00f3n alguna&quot;, explicaba el texto.Los organizadores han explicado este lunes que las jornadas se aplazaron porque las mismas hab\u00edan quedado &quot;desequilibradas&quot; porque &quot;un lado [el de la izquierda] quedaba deshecho&quot; y precisamente por &quot;la amenaza expresa en redes sociales de gente de extrema izquierda y Podemos&quot; de realizar escraches. &quot;Es un hecho grav\u00edsimo y el s\u00edntoma de la enfermedad es terrible que unas jornadas con esta solera y esta n\u00f3mina se tengan que ver pertubadas por la amenaza ideol\u00f3gica&quot;, ha ahondado P\u00e9rez-Reverte.Otro de los puntos que gener\u00f3 fricciones de esas jornadas fue el t\u00edtulo que se les puso: 1936: \u00bfLa guerra que todos perdimos?. Organizaciones de memoria hist\u00f3rica de Andaluc\u00eda mostraron su malestar por el mismo, por ejemplo. Los organizadores del evento han calificado de &quot;excusa&quot; aferrarse a ese t\u00edtulo para no acudir a debatir. &quot;La Guerra Civil lo sabe cualquier imb\u00e9cil la gan\u00f3 un bando y otro la perdi\u00f3. Pero el eje de estas jornadas es que todos perdimos vidas, hogares, progreso de la mujer, libertades, cultura y democracia. Esa es la p\u00e9rdida es a la que se refer\u00eda el t\u00edtulo y que vamos a mantener&quot;, ha afirmado Reverte.Vigorra, por su parte, ha sido el encargado de desgranar todos los detalles sobre c\u00f3mo se gestion\u00f3 la presencia de algunos invitados y en qu\u00e9 momento se produjo la cancelaci\u00f3n. Concretamente el periodista ha le\u00eddo un intercambio de correos que mantuvo con quien gestionaba la carrera de Ucl\u00e9s en la editorial Siruela -antes del Premio Nadal y de su salto a Planeta- del pasado mes de mayo en el que se daba luz verde a la presencia del escritor. Tambi\u00e9n que el 27 de noviembre se decidi\u00f3 incluir a Luis Mateo D\u00edez en esa misma mesa de debate y que el s\u00e1bado 24 de enero se encontr\u00f3 a medianoche con dos mensajes de whats app de Ucl\u00e9s en los que le anunciaba su intenci\u00f3n de no acudir finalmente.El periodista tambi\u00e9n ha argumentado que el programa llevaba semanas cerrado y que hab\u00eda tardado en hacerse p\u00fablico porque se estaba esperando a la respuesta de representantes de Vox para que participaran en alguna de las mesas de debate. Finalmente desde el partido de Santiago Abascal se declin\u00f3 esa propuesta y se hizo p\u00fablico el t\u00edtulo y el programa. Y el resto es la pol\u00e9mica que desde hace una semana envuelve al acto.\" \/>\n<meta name=\"robots\" content=\"noindex, follow, max-snippet:-1, max-image-preview:large, max-video-preview:-1\" \/>\n<meta property=\"og:locale\" content=\"es_ES\" \/>\n<meta property=\"og:type\" content=\"article\" \/>\n<meta property=\"og:title\" content=\"Arturo P\u00e9rez-Reverte anuncia que sus jornadas de la Guerra Civil se retomar\u00e1n el 5 de octubre y que invitar\u00e1 a Pablo Iglesias a debatir - vof-news.eu\" \/>\n<meta property=\"og:description\" content=\"Los organizadores del congreso Letras en Sevilla, bajo el t\u00edtulo 1936: \u00bfLa guerra que todos perdimos?, han anunciado este lunes que esas jornadas se retormar\u00e1n el pr\u00f3ximo mes de octubre. Jes\u00fas Vigorra y Arturo P\u00e9rez-Reverte, en un acto p\u00fablico, han asegurado que ese encuentro mantendr\u00e1 el t\u00edtulo original , que ser\u00e1 a\u00fan m\u00e1s extenso y que se celebrar\u00e1 del 5 al 9 de octubre con &quot;mismos temas&quot; y &quot;m\u00e1s pel\u00edculas de distintas \u00f3pticas y sensibilidades&quot; sobre la Guerra Civil.P\u00e9rez-Reverte ha asegurado este lunes que en esa nueva convocatoria no estar\u00e1 invitado David Ucl\u00e9s tras la pol\u00e9mica que se abri\u00f3 la semana pasada cuando el novelista anunci\u00f3 con un v\u00eddeo en sus redes sociales que finalmente no acudir\u00eda por la presencia de Jos\u00e9 Mar\u00eda Aznar e Iv\u00e1n Espinosa de los Monteros en las mismas. &quot;Ucl\u00e9s no volver\u00e1 aqu\u00ed, se ha desacreditado a s\u00ed mismo y no queremos que desacredite las jornadas con su presencia&quot;, ha remarcado Reverte, que, sin embargo, tras aludir al &quot;acoso de la ultraizquierda y Podemos&quot; como motivo principal de la cancelaci\u00f3n, ha afirmado que invitar\u00e1 al ex l\u00edder de los moradosPablo Iglesias &quot;para que en vez enviar bots, escracheadores y jarabe democr\u00e1tico se presente a debatir de forma civilizada&quot; en Sevilla.El pasado 25 de enero, el mismo d\u00eda que Ucl\u00e9s anunci\u00f3 que no iba a acudir a las jornadas, el ex vicepresidente del Gobierno puso un tuit sobre las mismas: &quot;Quiero pensar que aqu\u00ed hay historiadores y pol\u00edticos profesionales que no sab\u00edan a qu\u00e9 les estaban invitando&quot;. A ese comentarioa han aludido este lunes Vigorra y P\u00e9rez-Reverte como &quot;el origen&quot; de las cancelaciones que se fueron sucediendo, vinculadas a la izquierda en los siguientes d\u00edas: Antonio Ma\u00edllo, coordinador federal de Izquierda Unida; Carmen Calvo, ex ministra y presidenta del Consejo de Estado; Paco Cerd\u00e1, autor de Presentes o 14 de abril y Mar\u00eda M\u00e1rquez, portavoz del Grupo Socialista en el Parlamento andaluz.Tres d\u00edas despu\u00e9s, el pasado mi\u00e9rcoles, los organizadores del congreso publicaron un comunicado en el que se anunciaba la cancelaci\u00f3n de la cita. &quot;La intenci\u00f3n expresada en las redes sociales por grupos de ultraizquierda, proponiendo manifestarse de forma violenta ante el lugar donde est\u00e1 previsto celebrar la XI edici\u00f3n de Letras en Sevilla (1936: \u00bfLa guerra que todos perdimos?) la semana pr\u00f3xima, nos hace aconsejar a Cajasol que aplace hasta nueva fecha los debates anunciados. Tal es el resultado de una campa\u00f1a intolerable de presiones que desde el partido Podemos y medios afines se ha estado ejerciendo sobre algunos de los participantes, a fin de hacerles renunciar a su intervenci\u00f3n en unas jornadas cuyo contenido \u00e9stos conoc\u00edan perfectamente y cuya asistencia hab\u00edan confirmado hace meses sin plantear objeci\u00f3n alguna&quot;, explicaba el texto.Los organizadores han explicado este lunes que las jornadas se aplazaron porque las mismas hab\u00edan quedado &quot;desequilibradas&quot; porque &quot;un lado [el de la izquierda] quedaba deshecho&quot; y precisamente por &quot;la amenaza expresa en redes sociales de gente de extrema izquierda y Podemos&quot; de realizar escraches. &quot;Es un hecho grav\u00edsimo y el s\u00edntoma de la enfermedad es terrible que unas jornadas con esta solera y esta n\u00f3mina se tengan que ver pertubadas por la amenaza ideol\u00f3gica&quot;, ha ahondado P\u00e9rez-Reverte.Otro de los puntos que gener\u00f3 fricciones de esas jornadas fue el t\u00edtulo que se les puso: 1936: \u00bfLa guerra que todos perdimos?. Organizaciones de memoria hist\u00f3rica de Andaluc\u00eda mostraron su malestar por el mismo, por ejemplo. Los organizadores del evento han calificado de &quot;excusa&quot; aferrarse a ese t\u00edtulo para no acudir a debatir. &quot;La Guerra Civil lo sabe cualquier imb\u00e9cil la gan\u00f3 un bando y otro la perdi\u00f3. Pero el eje de estas jornadas es que todos perdimos vidas, hogares, progreso de la mujer, libertades, cultura y democracia. Esa es la p\u00e9rdida es a la que se refer\u00eda el t\u00edtulo y que vamos a mantener&quot;, ha afirmado Reverte.Vigorra, por su parte, ha sido el encargado de desgranar todos los detalles sobre c\u00f3mo se gestion\u00f3 la presencia de algunos invitados y en qu\u00e9 momento se produjo la cancelaci\u00f3n. Concretamente el periodista ha le\u00eddo un intercambio de correos que mantuvo con quien gestionaba la carrera de Ucl\u00e9s en la editorial Siruela -antes del Premio Nadal y de su salto a Planeta- del pasado mes de mayo en el que se daba luz verde a la presencia del escritor. Tambi\u00e9n que el 27 de noviembre se decidi\u00f3 incluir a Luis Mateo D\u00edez en esa misma mesa de debate y que el s\u00e1bado 24 de enero se encontr\u00f3 a medianoche con dos mensajes de whats app de Ucl\u00e9s en los que le anunciaba su intenci\u00f3n de no acudir finalmente.El periodista tambi\u00e9n ha argumentado que el programa llevaba semanas cerrado y que hab\u00eda tardado en hacerse p\u00fablico porque se estaba esperando a la respuesta de representantes de Vox para que participaran en alguna de las mesas de debate. Finalmente desde el partido de Santiago Abascal se declin\u00f3 esa propuesta y se hizo p\u00fablico el t\u00edtulo y el programa. Y el resto es la pol\u00e9mica que desde hace una semana envuelve al acto.\" \/>\n<meta property=\"og:url\" content=\"https:\/\/vof-news.eu\/es\/arturo-perez-reverte-anuncia-que-sus-jornadas-de-la-guerra-civil-se-retomaran-el-5-de-octubre-y-que-invitara-a-pablo-iglesias-a-debatir\/\" \/>\n<meta property=\"og:site_name\" content=\"vof-news.eu\" \/>\n<meta property=\"article:published_time\" content=\"2026-02-02T18:22:05+00:00\" \/>\n<meta property=\"article:modified_time\" content=\"2026-02-02T18:22:38+00:00\" \/>\n<meta property=\"og:image\" content=\"https:\/\/vof-news.eu\/wp-content\/uploads\/2026\/02\/17700503033933.jpg\" \/>\n\t<meta property=\"og:image:width\" content=\"1366\" \/>\n\t<meta property=\"og:image:height\" content=\"911\" \/>\n\t<meta property=\"og:image:type\" content=\"image\/jpeg\" \/>\n<meta name=\"author\" content=\"Author\" \/>\n<meta name=\"twitter:card\" content=\"summary_large_image\" \/>\n<meta name=\"twitter:label1\" content=\"Escrito por\" \/>\n\t<meta name=\"twitter:data1\" content=\"Author\" \/>\n\t<meta name=\"twitter:label2\" content=\"Tiempo de lectura\" \/>\n\t<meta name=\"twitter:data2\" content=\"4 minutos\" \/>\n<script type=\"application\/ld+json\" class=\"yoast-schema-graph\">{\"@context\":\"https:\/\/schema.org\",\"@graph\":[{\"@type\":\"WebPage\",\"@id\":\"https:\/\/vof-news.eu\/es\/arturo-perez-reverte-anuncia-que-sus-jornadas-de-la-guerra-civil-se-retomaran-el-5-de-octubre-y-que-invitara-a-pablo-iglesias-a-debatir\/\",\"url\":\"https:\/\/vof-news.eu\/es\/arturo-perez-reverte-anuncia-que-sus-jornadas-de-la-guerra-civil-se-retomaran-el-5-de-octubre-y-que-invitara-a-pablo-iglesias-a-debatir\/\",\"name\":\"Arturo P\u00e9rez-Reverte anuncia que sus jornadas de la Guerra Civil se retomar\u00e1n el 5 de octubre y que invitar\u00e1 a Pablo Iglesias a debatir - vof-news.eu\",\"isPartOf\":{\"@id\":\"https:\/\/vof-news.eu\/es\/#website\"},\"primaryImageOfPage\":{\"@id\":\"https:\/\/vof-news.eu\/es\/arturo-perez-reverte-anuncia-que-sus-jornadas-de-la-guerra-civil-se-retomaran-el-5-de-octubre-y-que-invitara-a-pablo-iglesias-a-debatir\/#primaryimage\"},\"image\":{\"@id\":\"https:\/\/vof-news.eu\/es\/arturo-perez-reverte-anuncia-que-sus-jornadas-de-la-guerra-civil-se-retomaran-el-5-de-octubre-y-que-invitara-a-pablo-iglesias-a-debatir\/#primaryimage\"},\"thumbnailUrl\":\"https:\/\/vof-news.eu\/wp-content\/uploads\/2026\/02\/17700503033933.jpg\",\"datePublished\":\"2026-02-02T18:22:05+00:00\",\"dateModified\":\"2026-02-02T18:22:38+00:00\",\"author\":{\"@id\":\"https:\/\/vof-news.eu\/es\/#\/schema\/person\/f6a2a4309f0561835797fd8c19b333ed\"},\"description\":\"Los organizadores del congreso Letras en Sevilla, bajo el t\u00edtulo 1936: \u00bfLa guerra que todos perdimos?, han anunciado este lunes que esas jornadas se retormar\u00e1n el pr\u00f3ximo mes de octubre. Jes\u00fas Vigorra y Arturo P\u00e9rez-Reverte, en un acto p\u00fablico, han asegurado que ese encuentro mantendr\u00e1 el t\u00edtulo original , que ser\u00e1 a\u00fan m\u00e1s extenso y que se celebrar\u00e1 del 5 al 9 de octubre con \\\"mismos temas\\\" y \\\"m\u00e1s pel\u00edculas de distintas \u00f3pticas y sensibilidades\\\" sobre la Guerra Civil.P\u00e9rez-Reverte ha asegurado este lunes que en esa nueva convocatoria no estar\u00e1 invitado David Ucl\u00e9s tras la pol\u00e9mica que se abri\u00f3 la semana pasada cuando el novelista anunci\u00f3 con un v\u00eddeo en sus redes sociales que finalmente no acudir\u00eda por la presencia de Jos\u00e9 Mar\u00eda Aznar e Iv\u00e1n Espinosa de los Monteros en las mismas. \\\"Ucl\u00e9s no volver\u00e1 aqu\u00ed, se ha desacreditado a s\u00ed mismo y no queremos que desacredite las jornadas con su presencia\\\", ha remarcado Reverte, que, sin embargo, tras aludir al \\\"acoso de la ultraizquierda y Podemos\\\" como motivo principal de la cancelaci\u00f3n, ha afirmado que invitar\u00e1 al ex l\u00edder de los moradosPablo Iglesias \\\"para que en vez enviar bots, escracheadores y jarabe democr\u00e1tico se presente a debatir de forma civilizada\\\" en Sevilla.El pasado 25 de enero, el mismo d\u00eda que Ucl\u00e9s anunci\u00f3 que no iba a acudir a las jornadas, el ex vicepresidente del Gobierno puso un tuit sobre las mismas: \\\"Quiero pensar que aqu\u00ed hay historiadores y pol\u00edticos profesionales que no sab\u00edan a qu\u00e9 les estaban invitando\\\". A ese comentarioa han aludido este lunes Vigorra y P\u00e9rez-Reverte como \\\"el origen\\\" de las cancelaciones que se fueron sucediendo, vinculadas a la izquierda en los siguientes d\u00edas: Antonio Ma\u00edllo, coordinador federal de Izquierda Unida; Carmen Calvo, ex ministra y presidenta del Consejo de Estado; Paco Cerd\u00e1, autor de Presentes o 14 de abril y Mar\u00eda M\u00e1rquez, portavoz del Grupo Socialista en el Parlamento andaluz.Tres d\u00edas despu\u00e9s, el pasado mi\u00e9rcoles, los organizadores del congreso publicaron un comunicado en el que se anunciaba la cancelaci\u00f3n de la cita. \\\"La intenci\u00f3n expresada en las redes sociales por grupos de ultraizquierda, proponiendo manifestarse de forma violenta ante el lugar donde est\u00e1 previsto celebrar la XI edici\u00f3n de Letras en Sevilla (1936: \u00bfLa guerra que todos perdimos?) la semana pr\u00f3xima, nos hace aconsejar a Cajasol que aplace hasta nueva fecha los debates anunciados. Tal es el resultado de una campa\u00f1a intolerable de presiones que desde el partido Podemos y medios afines se ha estado ejerciendo sobre algunos de los participantes, a fin de hacerles renunciar a su intervenci\u00f3n en unas jornadas cuyo contenido \u00e9stos conoc\u00edan perfectamente y cuya asistencia hab\u00edan confirmado hace meses sin plantear objeci\u00f3n alguna\\\", explicaba el texto.Los organizadores han explicado este lunes que las jornadas se aplazaron porque las mismas hab\u00edan quedado \\\"desequilibradas\\\" porque \\\"un lado [el de la izquierda] quedaba deshecho\\\" y precisamente por \\\"la amenaza expresa en redes sociales de gente de extrema izquierda y Podemos\\\" de realizar escraches. \\\"Es un hecho grav\u00edsimo y el s\u00edntoma de la enfermedad es terrible que unas jornadas con esta solera y esta n\u00f3mina se tengan que ver pertubadas por la amenaza ideol\u00f3gica\\\", ha ahondado P\u00e9rez-Reverte.Otro de los puntos que gener\u00f3 fricciones de esas jornadas fue el t\u00edtulo que se les puso: 1936: \u00bfLa guerra que todos perdimos?. Organizaciones de memoria hist\u00f3rica de Andaluc\u00eda mostraron su malestar por el mismo, por ejemplo. Los organizadores del evento han calificado de \\\"excusa\\\" aferrarse a ese t\u00edtulo para no acudir a debatir. \\\"La Guerra Civil lo sabe cualquier imb\u00e9cil la gan\u00f3 un bando y otro la perdi\u00f3. Pero el eje de estas jornadas es que todos perdimos vidas, hogares, progreso de la mujer, libertades, cultura y democracia. Esa es la p\u00e9rdida es a la que se refer\u00eda el t\u00edtulo y que vamos a mantener\\\", ha afirmado Reverte.Vigorra, por su parte, ha sido el encargado de desgranar todos los detalles sobre c\u00f3mo se gestion\u00f3 la presencia de algunos invitados y en qu\u00e9 momento se produjo la cancelaci\u00f3n. Concretamente el periodista ha le\u00eddo un intercambio de correos que mantuvo con quien gestionaba la carrera de Ucl\u00e9s en la editorial Siruela -antes del Premio Nadal y de su salto a Planeta- del pasado mes de mayo en el que se daba luz verde a la presencia del escritor. Tambi\u00e9n que el 27 de noviembre se decidi\u00f3 incluir a Luis Mateo D\u00edez en esa misma mesa de debate y que el s\u00e1bado 24 de enero se encontr\u00f3 a medianoche con dos mensajes de whats app de Ucl\u00e9s en los que le anunciaba su intenci\u00f3n de no acudir finalmente.El periodista tambi\u00e9n ha argumentado que el programa llevaba semanas cerrado y que hab\u00eda tardado en hacerse p\u00fablico porque se estaba esperando a la respuesta de representantes de Vox para que participaran en alguna de las mesas de debate. Finalmente desde el partido de Santiago Abascal se declin\u00f3 esa propuesta y se hizo p\u00fablico el t\u00edtulo y el programa. Y el resto es la pol\u00e9mica que desde hace una semana envuelve al acto.\",\"breadcrumb\":{\"@id\":\"https:\/\/vof-news.eu\/es\/arturo-perez-reverte-anuncia-que-sus-jornadas-de-la-guerra-civil-se-retomaran-el-5-de-octubre-y-que-invitara-a-pablo-iglesias-a-debatir\/#breadcrumb\"},\"inLanguage\":\"es\",\"potentialAction\":[{\"@type\":\"ReadAction\",\"target\":[\"https:\/\/vof-news.eu\/es\/arturo-perez-reverte-anuncia-que-sus-jornadas-de-la-guerra-civil-se-retomaran-el-5-de-octubre-y-que-invitara-a-pablo-iglesias-a-debatir\/\"]}]},{\"@type\":\"ImageObject\",\"inLanguage\":\"es\",\"@id\":\"https:\/\/vof-news.eu\/es\/arturo-perez-reverte-anuncia-que-sus-jornadas-de-la-guerra-civil-se-retomaran-el-5-de-octubre-y-que-invitara-a-pablo-iglesias-a-debatir\/#primaryimage\",\"url\":\"https:\/\/vof-news.eu\/wp-content\/uploads\/2026\/02\/17700503033933.jpg\",\"contentUrl\":\"https:\/\/vof-news.eu\/wp-content\/uploads\/2026\/02\/17700503033933.jpg\",\"width\":1366,\"height\":911},{\"@type\":\"BreadcrumbList\",\"@id\":\"https:\/\/vof-news.eu\/es\/arturo-perez-reverte-anuncia-que-sus-jornadas-de-la-guerra-civil-se-retomaran-el-5-de-octubre-y-que-invitara-a-pablo-iglesias-a-debatir\/#breadcrumb\",\"itemListElement\":[{\"@type\":\"ListItem\",\"position\":1,\"name\":\"Home\",\"item\":\"https:\/\/vof-news.eu\/es\/\"},{\"@type\":\"ListItem\",\"position\":2,\"name\":\"Arturo P\u00e9rez-Reverte anuncia que sus jornadas de la Guerra Civil se retomar\u00e1n el 5 de octubre y que invitar\u00e1 a Pablo Iglesias a debatir\"}]},{\"@type\":\"WebSite\",\"@id\":\"https:\/\/vof-news.eu\/es\/#website\",\"url\":\"https:\/\/vof-news.eu\/es\/\",\"name\":\"vof-news.eu\",\"description\":\"\",\"potentialAction\":[{\"@type\":\"SearchAction\",\"target\":{\"@type\":\"EntryPoint\",\"urlTemplate\":\"https:\/\/vof-news.eu\/es\/?s={search_term_string}\"},\"query-input\":\"required name=search_term_string\"}],\"inLanguage\":\"es\"},{\"@type\":\"Person\",\"@id\":\"https:\/\/vof-news.eu\/es\/#\/schema\/person\/f6a2a4309f0561835797fd8c19b333ed\",\"name\":\"Author\",\"image\":{\"@type\":\"ImageObject\",\"inLanguage\":\"es\",\"@id\":\"https:\/\/vof-news.eu\/es\/#\/schema\/person\/image\/\",\"url\":\"https:\/\/secure.gravatar.com\/avatar\/b67e614b1b25b3e9c0c239efdd2fde5ab015b5affd6f1c3c85911ca4b384e790?s=96&d=mm&r=g\",\"contentUrl\":\"https:\/\/secure.gravatar.com\/avatar\/b67e614b1b25b3e9c0c239efdd2fde5ab015b5affd6f1c3c85911ca4b384e790?s=96&d=mm&r=g\",\"caption\":\"Author\"},\"sameAs\":[\"http:\/\/vof-news.eu\"],\"url\":\"https:\/\/vof-news.eu\/es\/author\/zwt6qxnjulxbnyg\/\"}]}<\/script>\n<!-- \/ Yoast SEO plugin. -->","yoast_head_json":{"title":"Arturo P\u00e9rez-Reverte anuncia que sus jornadas de la Guerra Civil se retomar\u00e1n el 5 de octubre y que invitar\u00e1 a Pablo Iglesias a debatir - vof-news.eu","description":"Los organizadores del congreso Letras en Sevilla, bajo el t\u00edtulo 1936: \u00bfLa guerra que todos perdimos?, han anunciado este lunes que esas jornadas se retormar\u00e1n el pr\u00f3ximo mes de octubre. Jes\u00fas Vigorra y Arturo P\u00e9rez-Reverte, en un acto p\u00fablico, han asegurado que ese encuentro mantendr\u00e1 el t\u00edtulo original , que ser\u00e1 a\u00fan m\u00e1s extenso y que se celebrar\u00e1 del 5 al 9 de octubre con \"mismos temas\" y \"m\u00e1s pel\u00edculas de distintas \u00f3pticas y sensibilidades\" sobre la Guerra Civil.P\u00e9rez-Reverte ha asegurado este lunes que en esa nueva convocatoria no estar\u00e1 invitado David Ucl\u00e9s tras la pol\u00e9mica que se abri\u00f3 la semana pasada cuando el novelista anunci\u00f3 con un v\u00eddeo en sus redes sociales que finalmente no acudir\u00eda por la presencia de Jos\u00e9 Mar\u00eda Aznar e Iv\u00e1n Espinosa de los Monteros en las mismas. \"Ucl\u00e9s no volver\u00e1 aqu\u00ed, se ha desacreditado a s\u00ed mismo y no queremos que desacredite las jornadas con su presencia\", ha remarcado Reverte, que, sin embargo, tras aludir al \"acoso de la ultraizquierda y Podemos\" como motivo principal de la cancelaci\u00f3n, ha afirmado que invitar\u00e1 al ex l\u00edder de los moradosPablo Iglesias \"para que en vez enviar bots, escracheadores y jarabe democr\u00e1tico se presente a debatir de forma civilizada\" en Sevilla.El pasado 25 de enero, el mismo d\u00eda que Ucl\u00e9s anunci\u00f3 que no iba a acudir a las jornadas, el ex vicepresidente del Gobierno puso un tuit sobre las mismas: \"Quiero pensar que aqu\u00ed hay historiadores y pol\u00edticos profesionales que no sab\u00edan a qu\u00e9 les estaban invitando\". A ese comentarioa han aludido este lunes Vigorra y P\u00e9rez-Reverte como \"el origen\" de las cancelaciones que se fueron sucediendo, vinculadas a la izquierda en los siguientes d\u00edas: Antonio Ma\u00edllo, coordinador federal de Izquierda Unida; Carmen Calvo, ex ministra y presidenta del Consejo de Estado; Paco Cerd\u00e1, autor de Presentes o 14 de abril y Mar\u00eda M\u00e1rquez, portavoz del Grupo Socialista en el Parlamento andaluz.Tres d\u00edas despu\u00e9s, el pasado mi\u00e9rcoles, los organizadores del congreso publicaron un comunicado en el que se anunciaba la cancelaci\u00f3n de la cita. \"La intenci\u00f3n expresada en las redes sociales por grupos de ultraizquierda, proponiendo manifestarse de forma violenta ante el lugar donde est\u00e1 previsto celebrar la XI edici\u00f3n de Letras en Sevilla (1936: \u00bfLa guerra que todos perdimos?) la semana pr\u00f3xima, nos hace aconsejar a Cajasol que aplace hasta nueva fecha los debates anunciados. Tal es el resultado de una campa\u00f1a intolerable de presiones que desde el partido Podemos y medios afines se ha estado ejerciendo sobre algunos de los participantes, a fin de hacerles renunciar a su intervenci\u00f3n en unas jornadas cuyo contenido \u00e9stos conoc\u00edan perfectamente y cuya asistencia hab\u00edan confirmado hace meses sin plantear objeci\u00f3n alguna\", explicaba el texto.Los organizadores han explicado este lunes que las jornadas se aplazaron porque las mismas hab\u00edan quedado \"desequilibradas\" porque \"un lado [el de la izquierda] quedaba deshecho\" y precisamente por \"la amenaza expresa en redes sociales de gente de extrema izquierda y Podemos\" de realizar escraches. \"Es un hecho grav\u00edsimo y el s\u00edntoma de la enfermedad es terrible que unas jornadas con esta solera y esta n\u00f3mina se tengan que ver pertubadas por la amenaza ideol\u00f3gica\", ha ahondado P\u00e9rez-Reverte.Otro de los puntos que gener\u00f3 fricciones de esas jornadas fue el t\u00edtulo que se les puso: 1936: \u00bfLa guerra que todos perdimos?. Organizaciones de memoria hist\u00f3rica de Andaluc\u00eda mostraron su malestar por el mismo, por ejemplo. Los organizadores del evento han calificado de \"excusa\" aferrarse a ese t\u00edtulo para no acudir a debatir. \"La Guerra Civil lo sabe cualquier imb\u00e9cil la gan\u00f3 un bando y otro la perdi\u00f3. Pero el eje de estas jornadas es que todos perdimos vidas, hogares, progreso de la mujer, libertades, cultura y democracia. Esa es la p\u00e9rdida es a la que se refer\u00eda el t\u00edtulo y que vamos a mantener\", ha afirmado Reverte.Vigorra, por su parte, ha sido el encargado de desgranar todos los detalles sobre c\u00f3mo se gestion\u00f3 la presencia de algunos invitados y en qu\u00e9 momento se produjo la cancelaci\u00f3n. Concretamente el periodista ha le\u00eddo un intercambio de correos que mantuvo con quien gestionaba la carrera de Ucl\u00e9s en la editorial Siruela -antes del Premio Nadal y de su salto a Planeta- del pasado mes de mayo en el que se daba luz verde a la presencia del escritor. Tambi\u00e9n que el 27 de noviembre se decidi\u00f3 incluir a Luis Mateo D\u00edez en esa misma mesa de debate y que el s\u00e1bado 24 de enero se encontr\u00f3 a medianoche con dos mensajes de whats app de Ucl\u00e9s en los que le anunciaba su intenci\u00f3n de no acudir finalmente.El periodista tambi\u00e9n ha argumentado que el programa llevaba semanas cerrado y que hab\u00eda tardado en hacerse p\u00fablico porque se estaba esperando a la respuesta de representantes de Vox para que participaran en alguna de las mesas de debate. Finalmente desde el partido de Santiago Abascal se declin\u00f3 esa propuesta y se hizo p\u00fablico el t\u00edtulo y el programa. Y el resto es la pol\u00e9mica que desde hace una semana envuelve al acto.","robots":{"index":"noindex","follow":"follow","max-snippet":"max-snippet:-1","max-image-preview":"max-image-preview:large","max-video-preview":"max-video-preview:-1"},"og_locale":"es_ES","og_type":"article","og_title":"Arturo P\u00e9rez-Reverte anuncia que sus jornadas de la Guerra Civil se retomar\u00e1n el 5 de octubre y que invitar\u00e1 a Pablo Iglesias a debatir - vof-news.eu","og_description":"Los organizadores del congreso Letras en Sevilla, bajo el t\u00edtulo 1936: \u00bfLa guerra que todos perdimos?, han anunciado este lunes que esas jornadas se retormar\u00e1n el pr\u00f3ximo mes de octubre. Jes\u00fas Vigorra y Arturo P\u00e9rez-Reverte, en un acto p\u00fablico, han asegurado que ese encuentro mantendr\u00e1 el t\u00edtulo original , que ser\u00e1 a\u00fan m\u00e1s extenso y que se celebrar\u00e1 del 5 al 9 de octubre con \"mismos temas\" y \"m\u00e1s pel\u00edculas de distintas \u00f3pticas y sensibilidades\" sobre la Guerra Civil.P\u00e9rez-Reverte ha asegurado este lunes que en esa nueva convocatoria no estar\u00e1 invitado David Ucl\u00e9s tras la pol\u00e9mica que se abri\u00f3 la semana pasada cuando el novelista anunci\u00f3 con un v\u00eddeo en sus redes sociales que finalmente no acudir\u00eda por la presencia de Jos\u00e9 Mar\u00eda Aznar e Iv\u00e1n Espinosa de los Monteros en las mismas. \"Ucl\u00e9s no volver\u00e1 aqu\u00ed, se ha desacreditado a s\u00ed mismo y no queremos que desacredite las jornadas con su presencia\", ha remarcado Reverte, que, sin embargo, tras aludir al \"acoso de la ultraizquierda y Podemos\" como motivo principal de la cancelaci\u00f3n, ha afirmado que invitar\u00e1 al ex l\u00edder de los moradosPablo Iglesias \"para que en vez enviar bots, escracheadores y jarabe democr\u00e1tico se presente a debatir de forma civilizada\" en Sevilla.El pasado 25 de enero, el mismo d\u00eda que Ucl\u00e9s anunci\u00f3 que no iba a acudir a las jornadas, el ex vicepresidente del Gobierno puso un tuit sobre las mismas: \"Quiero pensar que aqu\u00ed hay historiadores y pol\u00edticos profesionales que no sab\u00edan a qu\u00e9 les estaban invitando\". A ese comentarioa han aludido este lunes Vigorra y P\u00e9rez-Reverte como \"el origen\" de las cancelaciones que se fueron sucediendo, vinculadas a la izquierda en los siguientes d\u00edas: Antonio Ma\u00edllo, coordinador federal de Izquierda Unida; Carmen Calvo, ex ministra y presidenta del Consejo de Estado; Paco Cerd\u00e1, autor de Presentes o 14 de abril y Mar\u00eda M\u00e1rquez, portavoz del Grupo Socialista en el Parlamento andaluz.Tres d\u00edas despu\u00e9s, el pasado mi\u00e9rcoles, los organizadores del congreso publicaron un comunicado en el que se anunciaba la cancelaci\u00f3n de la cita. \"La intenci\u00f3n expresada en las redes sociales por grupos de ultraizquierda, proponiendo manifestarse de forma violenta ante el lugar donde est\u00e1 previsto celebrar la XI edici\u00f3n de Letras en Sevilla (1936: \u00bfLa guerra que todos perdimos?) la semana pr\u00f3xima, nos hace aconsejar a Cajasol que aplace hasta nueva fecha los debates anunciados. Tal es el resultado de una campa\u00f1a intolerable de presiones que desde el partido Podemos y medios afines se ha estado ejerciendo sobre algunos de los participantes, a fin de hacerles renunciar a su intervenci\u00f3n en unas jornadas cuyo contenido \u00e9stos conoc\u00edan perfectamente y cuya asistencia hab\u00edan confirmado hace meses sin plantear objeci\u00f3n alguna\", explicaba el texto.Los organizadores han explicado este lunes que las jornadas se aplazaron porque las mismas hab\u00edan quedado \"desequilibradas\" porque \"un lado [el de la izquierda] quedaba deshecho\" y precisamente por \"la amenaza expresa en redes sociales de gente de extrema izquierda y Podemos\" de realizar escraches. \"Es un hecho grav\u00edsimo y el s\u00edntoma de la enfermedad es terrible que unas jornadas con esta solera y esta n\u00f3mina se tengan que ver pertubadas por la amenaza ideol\u00f3gica\", ha ahondado P\u00e9rez-Reverte.Otro de los puntos que gener\u00f3 fricciones de esas jornadas fue el t\u00edtulo que se les puso: 1936: \u00bfLa guerra que todos perdimos?. Organizaciones de memoria hist\u00f3rica de Andaluc\u00eda mostraron su malestar por el mismo, por ejemplo. Los organizadores del evento han calificado de \"excusa\" aferrarse a ese t\u00edtulo para no acudir a debatir. \"La Guerra Civil lo sabe cualquier imb\u00e9cil la gan\u00f3 un bando y otro la perdi\u00f3. Pero el eje de estas jornadas es que todos perdimos vidas, hogares, progreso de la mujer, libertades, cultura y democracia. Esa es la p\u00e9rdida es a la que se refer\u00eda el t\u00edtulo y que vamos a mantener\", ha afirmado Reverte.Vigorra, por su parte, ha sido el encargado de desgranar todos los detalles sobre c\u00f3mo se gestion\u00f3 la presencia de algunos invitados y en qu\u00e9 momento se produjo la cancelaci\u00f3n. Concretamente el periodista ha le\u00eddo un intercambio de correos que mantuvo con quien gestionaba la carrera de Ucl\u00e9s en la editorial Siruela -antes del Premio Nadal y de su salto a Planeta- del pasado mes de mayo en el que se daba luz verde a la presencia del escritor. Tambi\u00e9n que el 27 de noviembre se decidi\u00f3 incluir a Luis Mateo D\u00edez en esa misma mesa de debate y que el s\u00e1bado 24 de enero se encontr\u00f3 a medianoche con dos mensajes de whats app de Ucl\u00e9s en los que le anunciaba su intenci\u00f3n de no acudir finalmente.El periodista tambi\u00e9n ha argumentado que el programa llevaba semanas cerrado y que hab\u00eda tardado en hacerse p\u00fablico porque se estaba esperando a la respuesta de representantes de Vox para que participaran en alguna de las mesas de debate. Finalmente desde el partido de Santiago Abascal se declin\u00f3 esa propuesta y se hizo p\u00fablico el t\u00edtulo y el programa. Y el resto es la pol\u00e9mica que desde hace una semana envuelve al acto.","og_url":"https:\/\/vof-news.eu\/es\/arturo-perez-reverte-anuncia-que-sus-jornadas-de-la-guerra-civil-se-retomaran-el-5-de-octubre-y-que-invitara-a-pablo-iglesias-a-debatir\/","og_site_name":"vof-news.eu","article_published_time":"2026-02-02T18:22:05+00:00","article_modified_time":"2026-02-02T18:22:38+00:00","og_image":[{"width":1366,"height":911,"url":"https:\/\/vof-news.eu\/wp-content\/uploads\/2026\/02\/17700503033933.jpg","type":"image\/jpeg"}],"author":"Author","twitter_card":"summary_large_image","twitter_misc":{"Escrito por":"Author","Tiempo de lectura":"4 minutos"},"schema":{"@context":"https:\/\/schema.org","@graph":[{"@type":"WebPage","@id":"https:\/\/vof-news.eu\/es\/arturo-perez-reverte-anuncia-que-sus-jornadas-de-la-guerra-civil-se-retomaran-el-5-de-octubre-y-que-invitara-a-pablo-iglesias-a-debatir\/","url":"https:\/\/vof-news.eu\/es\/arturo-perez-reverte-anuncia-que-sus-jornadas-de-la-guerra-civil-se-retomaran-el-5-de-octubre-y-que-invitara-a-pablo-iglesias-a-debatir\/","name":"Arturo P\u00e9rez-Reverte anuncia que sus jornadas de la Guerra Civil se retomar\u00e1n el 5 de octubre y que invitar\u00e1 a Pablo Iglesias a debatir - vof-news.eu","isPartOf":{"@id":"https:\/\/vof-news.eu\/es\/#website"},"primaryImageOfPage":{"@id":"https:\/\/vof-news.eu\/es\/arturo-perez-reverte-anuncia-que-sus-jornadas-de-la-guerra-civil-se-retomaran-el-5-de-octubre-y-que-invitara-a-pablo-iglesias-a-debatir\/#primaryimage"},"image":{"@id":"https:\/\/vof-news.eu\/es\/arturo-perez-reverte-anuncia-que-sus-jornadas-de-la-guerra-civil-se-retomaran-el-5-de-octubre-y-que-invitara-a-pablo-iglesias-a-debatir\/#primaryimage"},"thumbnailUrl":"https:\/\/vof-news.eu\/wp-content\/uploads\/2026\/02\/17700503033933.jpg","datePublished":"2026-02-02T18:22:05+00:00","dateModified":"2026-02-02T18:22:38+00:00","author":{"@id":"https:\/\/vof-news.eu\/es\/#\/schema\/person\/f6a2a4309f0561835797fd8c19b333ed"},"description":"Los organizadores del congreso Letras en Sevilla, bajo el t\u00edtulo 1936: \u00bfLa guerra que todos perdimos?, han anunciado este lunes que esas jornadas se retormar\u00e1n el pr\u00f3ximo mes de octubre. Jes\u00fas Vigorra y Arturo P\u00e9rez-Reverte, en un acto p\u00fablico, han asegurado que ese encuentro mantendr\u00e1 el t\u00edtulo original , que ser\u00e1 a\u00fan m\u00e1s extenso y que se celebrar\u00e1 del 5 al 9 de octubre con \"mismos temas\" y \"m\u00e1s pel\u00edculas de distintas \u00f3pticas y sensibilidades\" sobre la Guerra Civil.P\u00e9rez-Reverte ha asegurado este lunes que en esa nueva convocatoria no estar\u00e1 invitado David Ucl\u00e9s tras la pol\u00e9mica que se abri\u00f3 la semana pasada cuando el novelista anunci\u00f3 con un v\u00eddeo en sus redes sociales que finalmente no acudir\u00eda por la presencia de Jos\u00e9 Mar\u00eda Aznar e Iv\u00e1n Espinosa de los Monteros en las mismas. \"Ucl\u00e9s no volver\u00e1 aqu\u00ed, se ha desacreditado a s\u00ed mismo y no queremos que desacredite las jornadas con su presencia\", ha remarcado Reverte, que, sin embargo, tras aludir al \"acoso de la ultraizquierda y Podemos\" como motivo principal de la cancelaci\u00f3n, ha afirmado que invitar\u00e1 al ex l\u00edder de los moradosPablo Iglesias \"para que en vez enviar bots, escracheadores y jarabe democr\u00e1tico se presente a debatir de forma civilizada\" en Sevilla.El pasado 25 de enero, el mismo d\u00eda que Ucl\u00e9s anunci\u00f3 que no iba a acudir a las jornadas, el ex vicepresidente del Gobierno puso un tuit sobre las mismas: \"Quiero pensar que aqu\u00ed hay historiadores y pol\u00edticos profesionales que no sab\u00edan a qu\u00e9 les estaban invitando\". A ese comentarioa han aludido este lunes Vigorra y P\u00e9rez-Reverte como \"el origen\" de las cancelaciones que se fueron sucediendo, vinculadas a la izquierda en los siguientes d\u00edas: Antonio Ma\u00edllo, coordinador federal de Izquierda Unida; Carmen Calvo, ex ministra y presidenta del Consejo de Estado; Paco Cerd\u00e1, autor de Presentes o 14 de abril y Mar\u00eda M\u00e1rquez, portavoz del Grupo Socialista en el Parlamento andaluz.Tres d\u00edas despu\u00e9s, el pasado mi\u00e9rcoles, los organizadores del congreso publicaron un comunicado en el que se anunciaba la cancelaci\u00f3n de la cita. \"La intenci\u00f3n expresada en las redes sociales por grupos de ultraizquierda, proponiendo manifestarse de forma violenta ante el lugar donde est\u00e1 previsto celebrar la XI edici\u00f3n de Letras en Sevilla (1936: \u00bfLa guerra que todos perdimos?) la semana pr\u00f3xima, nos hace aconsejar a Cajasol que aplace hasta nueva fecha los debates anunciados. Tal es el resultado de una campa\u00f1a intolerable de presiones que desde el partido Podemos y medios afines se ha estado ejerciendo sobre algunos de los participantes, a fin de hacerles renunciar a su intervenci\u00f3n en unas jornadas cuyo contenido \u00e9stos conoc\u00edan perfectamente y cuya asistencia hab\u00edan confirmado hace meses sin plantear objeci\u00f3n alguna\", explicaba el texto.Los organizadores han explicado este lunes que las jornadas se aplazaron porque las mismas hab\u00edan quedado \"desequilibradas\" porque \"un lado [el de la izquierda] quedaba deshecho\" y precisamente por \"la amenaza expresa en redes sociales de gente de extrema izquierda y Podemos\" de realizar escraches. \"Es un hecho grav\u00edsimo y el s\u00edntoma de la enfermedad es terrible que unas jornadas con esta solera y esta n\u00f3mina se tengan que ver pertubadas por la amenaza ideol\u00f3gica\", ha ahondado P\u00e9rez-Reverte.Otro de los puntos que gener\u00f3 fricciones de esas jornadas fue el t\u00edtulo que se les puso: 1936: \u00bfLa guerra que todos perdimos?. Organizaciones de memoria hist\u00f3rica de Andaluc\u00eda mostraron su malestar por el mismo, por ejemplo. Los organizadores del evento han calificado de \"excusa\" aferrarse a ese t\u00edtulo para no acudir a debatir. \"La Guerra Civil lo sabe cualquier imb\u00e9cil la gan\u00f3 un bando y otro la perdi\u00f3. Pero el eje de estas jornadas es que todos perdimos vidas, hogares, progreso de la mujer, libertades, cultura y democracia. Esa es la p\u00e9rdida es a la que se refer\u00eda el t\u00edtulo y que vamos a mantener\", ha afirmado Reverte.Vigorra, por su parte, ha sido el encargado de desgranar todos los detalles sobre c\u00f3mo se gestion\u00f3 la presencia de algunos invitados y en qu\u00e9 momento se produjo la cancelaci\u00f3n. Concretamente el periodista ha le\u00eddo un intercambio de correos que mantuvo con quien gestionaba la carrera de Ucl\u00e9s en la editorial Siruela -antes del Premio Nadal y de su salto a Planeta- del pasado mes de mayo en el que se daba luz verde a la presencia del escritor. Tambi\u00e9n que el 27 de noviembre se decidi\u00f3 incluir a Luis Mateo D\u00edez en esa misma mesa de debate y que el s\u00e1bado 24 de enero se encontr\u00f3 a medianoche con dos mensajes de whats app de Ucl\u00e9s en los que le anunciaba su intenci\u00f3n de no acudir finalmente.El periodista tambi\u00e9n ha argumentado que el programa llevaba semanas cerrado y que hab\u00eda tardado en hacerse p\u00fablico porque se estaba esperando a la respuesta de representantes de Vox para que participaran en alguna de las mesas de debate. Finalmente desde el partido de Santiago Abascal se declin\u00f3 esa propuesta y se hizo p\u00fablico el t\u00edtulo y el programa. Y el resto es la pol\u00e9mica que desde hace una semana envuelve al acto.","breadcrumb":{"@id":"https:\/\/vof-news.eu\/es\/arturo-perez-reverte-anuncia-que-sus-jornadas-de-la-guerra-civil-se-retomaran-el-5-de-octubre-y-que-invitara-a-pablo-iglesias-a-debatir\/#breadcrumb"},"inLanguage":"es","potentialAction":[{"@type":"ReadAction","target":["https:\/\/vof-news.eu\/es\/arturo-perez-reverte-anuncia-que-sus-jornadas-de-la-guerra-civil-se-retomaran-el-5-de-octubre-y-que-invitara-a-pablo-iglesias-a-debatir\/"]}]},{"@type":"ImageObject","inLanguage":"es","@id":"https:\/\/vof-news.eu\/es\/arturo-perez-reverte-anuncia-que-sus-jornadas-de-la-guerra-civil-se-retomaran-el-5-de-octubre-y-que-invitara-a-pablo-iglesias-a-debatir\/#primaryimage","url":"https:\/\/vof-news.eu\/wp-content\/uploads\/2026\/02\/17700503033933.jpg","contentUrl":"https:\/\/vof-news.eu\/wp-content\/uploads\/2026\/02\/17700503033933.jpg","width":1366,"height":911},{"@type":"BreadcrumbList","@id":"https:\/\/vof-news.eu\/es\/arturo-perez-reverte-anuncia-que-sus-jornadas-de-la-guerra-civil-se-retomaran-el-5-de-octubre-y-que-invitara-a-pablo-iglesias-a-debatir\/#breadcrumb","itemListElement":[{"@type":"ListItem","position":1,"name":"Home","item":"https:\/\/vof-news.eu\/es\/"},{"@type":"ListItem","position":2,"name":"Arturo P\u00e9rez-Reverte anuncia que sus jornadas de la Guerra Civil se retomar\u00e1n el 5 de octubre y que invitar\u00e1 a Pablo Iglesias a debatir"}]},{"@type":"WebSite","@id":"https:\/\/vof-news.eu\/es\/#website","url":"https:\/\/vof-news.eu\/es\/","name":"vof-news.eu","description":"","potentialAction":[{"@type":"SearchAction","target":{"@type":"EntryPoint","urlTemplate":"https:\/\/vof-news.eu\/es\/?s={search_term_string}"},"query-input":"required name=search_term_string"}],"inLanguage":"es"},{"@type":"Person","@id":"https:\/\/vof-news.eu\/es\/#\/schema\/person\/f6a2a4309f0561835797fd8c19b333ed","name":"Author","image":{"@type":"ImageObject","inLanguage":"es","@id":"https:\/\/vof-news.eu\/es\/#\/schema\/person\/image\/","url":"https:\/\/secure.gravatar.com\/avatar\/b67e614b1b25b3e9c0c239efdd2fde5ab015b5affd6f1c3c85911ca4b384e790?s=96&d=mm&r=g","contentUrl":"https:\/\/secure.gravatar.com\/avatar\/b67e614b1b25b3e9c0c239efdd2fde5ab015b5affd6f1c3c85911ca4b384e790?s=96&d=mm&r=g","caption":"Author"},"sameAs":["http:\/\/vof-news.eu"],"url":"https:\/\/vof-news.eu\/es\/author\/zwt6qxnjulxbnyg\/"}]}},"yoast_meta":{"yoast_wpseo_title":"","yoast_wpseo_metadesc":"","yoast_wpseo_canonical":""},"_links":{"self":[{"href":"https:\/\/vof-news.eu\/es\/wp-json\/wp\/v2\/posts\/322816","targetHints":{"allow":["GET"]}}],"collection":[{"href":"https:\/\/vof-news.eu\/es\/wp-json\/wp\/v2\/posts"}],"about":[{"href":"https:\/\/vof-news.eu\/es\/wp-json\/wp\/v2\/types\/post"}],"author":[{"embeddable":true,"href":"https:\/\/vof-news.eu\/es\/wp-json\/wp\/v2\/users\/1"}],"replies":[{"embeddable":true,"href":"https:\/\/vof-news.eu\/es\/wp-json\/wp\/v2\/comments?post=322816"}],"version-history":[{"count":1,"href":"https:\/\/vof-news.eu\/es\/wp-json\/wp\/v2\/posts\/322816\/revisions"}],"predecessor-version":[{"id":322829,"href":"https:\/\/vof-news.eu\/es\/wp-json\/wp\/v2\/posts\/322816\/revisions\/322829"}],"wp:featuredmedia":[{"embeddable":true,"href":"https:\/\/vof-news.eu\/es\/wp-json\/wp\/v2\/media\/322823"}],"wp:attachment":[{"href":"https:\/\/vof-news.eu\/es\/wp-json\/wp\/v2\/media?parent=322816"}],"wp:term":[{"taxonomy":"category","embeddable":true,"href":"https:\/\/vof-news.eu\/es\/wp-json\/wp\/v2\/categories?post=322816"},{"taxonomy":"post_tag","embeddable":true,"href":"https:\/\/vof-news.eu\/es\/wp-json\/wp\/v2\/tags?post=322816"}],"curies":[{"name":"wp","href":"https:\/\/api.w.org\/{rel}","templated":true}]}}