{"id":322752,"date":"2026-02-02T19:20:20","date_gmt":"2026-02-02T16:20:20","guid":{"rendered":"https:\/\/vof-news.eu\/vivienda-detecta-86-000-pisos-turisticos-y-de-temporada-ilegales-gracias-al-registro-de-alquiler-de-corta-duracion\/"},"modified":"2026-02-02T19:21:09","modified_gmt":"2026-02-02T16:21:09","slug":"vivienda-detecta-86-000-pisos-turisticos-y-de-temporada-ilegales-gracias-al-registro-de-alquiler-de-corta-duracion","status":"publish","type":"post","link":"https:\/\/vof-news.eu\/es\/vivienda-detecta-86-000-pisos-turisticos-y-de-temporada-ilegales-gracias-al-registro-de-alquiler-de-corta-duracion\/","title":{"rendered":"Vivienda detecta 86.000 pisos tur\u00edsticos y de temporada ilegales gracias al registro de alquiler de corta duraci\u00f3n"},"content":{"rendered":"<div>\n<p>\n        El Ministerio de Vivienda ha ordenado a las plataformas digitales que promocionan pisos tur\u00edsticos y alquileres de temporada la retirada de m\u00e1s de 86.000 anuncios, que no han obtenido el n\u00famero de <a href=\"https:\/\/www.eldiario.es\/economia\/plataformas-deberan-eliminar-53-000-anuncios-pisos-turisticos-ilegales_1_12603053.html\" rel=\"nofollow\">registro de corta duraci\u00f3n<\/a> al no cumplir los requisitos legales para ejercer esta actividad. El departamento que dirige Isabel Rodr\u00edguez puso en marcha este mecanismo, obligatorio desde el pasado 1 de julio y que gestionan los registradores de la propiedad, para controlar la oferta de viviendas de uso tur\u00edstico y arrendamientos por meses.\n    <\/p>\n<p>\n        Desde entonces, los registradores han recibido 412.000 solicitudes, de las que se han rechazado 86.275. \u201cSe trata de viviendas que han solicitado el n\u00famero de registro de alquiler de corta duraci\u00f3n, pero que no lo han obtenido porque no cumplen los requisitos\u201d, indican desde Vivienda.\n    <\/p>\n<p>\n        Los arrendadores de viviendas que quieran ofertarlas como tur\u00edstica o en alquiler temporal deben acreditar a trav\u00e9s de la Ventanilla \u00danica Digital del Ministerio de Vivienda y Agenda Urbana que cumplen con la normativa y los requisitos para hacerlo. De todas las solicitudes, se han revocado m\u00e1s del 20%, la mayor parte en las ciudades de Madrid (5.344) y Barcelona (5.005), dos modelos de ciudad con Consistorios opuestos en <a href=\"https:\/\/www.eldiario.es\/economia\/almeida-collboni-contraponen-modelo-vivienda-tope-pp-no-aplica-nefasto-abarata-precios_1_12907851.html\" rel=\"nofollow\">pol\u00edticas de vivienda<\/a> y gesti\u00f3n del alquiler tur\u00edstico.\n    <\/p>\n<p>\n        Por comunidades aut\u00f3nomas, la que m\u00e1s licencias rechazadas acumula es Andaluc\u00eda, con m\u00e1s de 21.000. \u201cEs especialmente llamativo el caso de la provincia de M\u00e1laga, que incluye hasta siente municipios entre los 20 con mayor n\u00famero de peticiones denegadas\u201d, indican desde Vivienda. Son las localidades de Marbella (2.993), M\u00e1laga (1.845), Benalm\u00e1dena (1.035), Fuengirola (719), Mijas (664) y Estepona (505).\n    <\/p>\n<p>\n        La segunda comunidad por solicitudes revocadas es la valenciana (14.387), seguida de Canarias (13.726), Catalunya (13.350) y Madrid (5.893). De las m\u00e1s de 412.000 solicitudes, el 78% corresponden a alquiler tur\u00edstico, mientras el 22% restante lo son para temporada. La \u00fanica excepci\u00f3n es, precisamente, Madrid, donde la proporci\u00f3n se invierte en un 83-17%. \u201c\u00bfEs que no hay pisos tur\u00edsticos ilegales? En absoluto, es que se est\u00e1 amparando esa ilegalidad\u201d, defend\u00eda la ministra Rodr\u00edguez en septiembre.\n    <\/p>\n<p>\n        Desde el Ministerio celebran que este registro \u201cya est\u00e1 funcionando con el objetivo de perseguir y poner fin al fraude en los alquileres de corta duraci\u00f3n, al tiempo que se activan otros mecanismos para que estas viviendas se puedan incorporar al mercado de alquiler residencial\u201d. As\u00ed, indican desde el departamento que dirige Isabel Rodr\u00edguez, se busca \u201cpreservar la funci\u00f3n social de la vivienda y combatir la ilegalidad con la que operan actualmente un gran n\u00famero de alojamientos con estas caracter\u00edsticas, provocando una subida exagerada de los precios y la expulsi\u00f3n de muchas familias de sus barrios, as\u00ed como una mayor gentrificaci\u00f3n y p\u00e9rdida de identidad en los mismos\u201d.\n    <\/p>\n<\/div>\n","protected":false},"excerpt":{"rendered":"<p>El Ministerio de Vivienda ha ordenado a las plataformas digitales que promocionan pisos tur\u00edsticos y alquileres de temporada la retirada de m\u00e1s de 86.000 anuncios, que no han obtenido el n\u00famero de registro de corta duraci\u00f3n al no cumplir los requisitos legales para ejercer esta actividad. El departamento que dirige Isabel Rodr\u00edguez puso en marcha<\/p>\n","protected":false},"author":1,"featured_media":322753,"comment_status":"open","ping_status":"open","sticky":false,"template":"","format":"standard","meta":{"footnotes":""},"categories":[61],"tags":[],"class_list":["post-322752","post","type-post","status-publish","format-standard","has-post-thumbnail","hentry","category-business-es"],"acf":[],"yoast_head":"<!-- This site is optimized with the Yoast SEO plugin v22.9 - https:\/\/yoast.com\/wordpress\/plugins\/seo\/ -->\n<title>Vivienda detecta 86.000 pisos tur\u00edsticos y de temporada ilegales gracias al registro de alquiler de corta duraci\u00f3n - vof-news.eu<\/title>\n<meta name=\"description\" content=\"El Ministerio de Vivienda ha ordenado a las plataformas digitales que promocionan pisos tur\u00edsticos y alquileres de temporada la retirada de m\u00e1s de 86.000 anuncios, que no han obtenido el n\u00famero de registro de corta duraci\u00f3n al no cumplir los requisitos legales para ejercer esta actividad. El departamento que dirige Isabel Rodr\u00edguez puso en marcha este mecanismo, obligatorio desde el pasado 1 de julio y que gestionan los registradores de la propiedad, para controlar la oferta de viviendas de uso tur\u00edstico y arrendamientos por meses.\" \/>\n<meta name=\"robots\" content=\"noindex, follow, max-snippet:-1, max-image-preview:large, max-video-preview:-1\" \/>\n<meta property=\"og:locale\" content=\"es_ES\" \/>\n<meta property=\"og:type\" content=\"article\" \/>\n<meta property=\"og:title\" content=\"Vivienda detecta 86.000 pisos tur\u00edsticos y de temporada ilegales gracias al registro de alquiler de corta duraci\u00f3n - vof-news.eu\" \/>\n<meta property=\"og:description\" content=\"El Ministerio de Vivienda ha ordenado a las plataformas digitales que promocionan pisos tur\u00edsticos y alquileres de temporada la retirada de m\u00e1s de 86.000 anuncios, que no han obtenido el n\u00famero de registro de corta duraci\u00f3n al no cumplir los requisitos legales para ejercer esta actividad. El departamento que dirige Isabel Rodr\u00edguez puso en marcha este mecanismo, obligatorio desde el pasado 1 de julio y que gestionan los registradores de la propiedad, para controlar la oferta de viviendas de uso tur\u00edstico y arrendamientos por meses.\" \/>\n<meta property=\"og:url\" content=\"https:\/\/vof-news.eu\/es\/vivienda-detecta-86-000-pisos-turisticos-y-de-temporada-ilegales-gracias-al-registro-de-alquiler-de-corta-duracion\/\" \/>\n<meta property=\"og:site_name\" content=\"vof-news.eu\" \/>\n<meta property=\"article:published_time\" content=\"2026-02-02T16:20:20+00:00\" \/>\n<meta property=\"article:modified_time\" content=\"2026-02-02T16:21:09+00:00\" \/>\n<meta property=\"og:image\" content=\"https:\/\/vof-news.eu\/wp-content\/uploads\/2026\/02\/2d79638d-b630-4499-b0d2-19bc263a23c4_16-9-discover-aspect-ratio_default_0.jpg\" \/>\n\t<meta property=\"og:image:width\" content=\"1200\" \/>\n\t<meta property=\"og:image:height\" content=\"675\" \/>\n\t<meta property=\"og:image:type\" content=\"image\/jpeg\" \/>\n<meta name=\"author\" content=\"Author\" \/>\n<meta name=\"twitter:card\" content=\"summary_large_image\" \/>\n<meta name=\"twitter:label1\" content=\"Escrito por\" \/>\n\t<meta name=\"twitter:data1\" content=\"Author\" \/>\n\t<meta name=\"twitter:label2\" content=\"Tiempo de lectura\" \/>\n\t<meta name=\"twitter:data2\" content=\"2 minutos\" \/>\n<script type=\"application\/ld+json\" class=\"yoast-schema-graph\">{\"@context\":\"https:\/\/schema.org\",\"@graph\":[{\"@type\":\"WebPage\",\"@id\":\"https:\/\/vof-news.eu\/es\/vivienda-detecta-86-000-pisos-turisticos-y-de-temporada-ilegales-gracias-al-registro-de-alquiler-de-corta-duracion\/\",\"url\":\"https:\/\/vof-news.eu\/es\/vivienda-detecta-86-000-pisos-turisticos-y-de-temporada-ilegales-gracias-al-registro-de-alquiler-de-corta-duracion\/\",\"name\":\"Vivienda detecta 86.000 pisos tur\u00edsticos y de temporada ilegales gracias al registro de alquiler de corta duraci\u00f3n - vof-news.eu\",\"isPartOf\":{\"@id\":\"https:\/\/vof-news.eu\/es\/#website\"},\"primaryImageOfPage\":{\"@id\":\"https:\/\/vof-news.eu\/es\/vivienda-detecta-86-000-pisos-turisticos-y-de-temporada-ilegales-gracias-al-registro-de-alquiler-de-corta-duracion\/#primaryimage\"},\"image\":{\"@id\":\"https:\/\/vof-news.eu\/es\/vivienda-detecta-86-000-pisos-turisticos-y-de-temporada-ilegales-gracias-al-registro-de-alquiler-de-corta-duracion\/#primaryimage\"},\"thumbnailUrl\":\"https:\/\/vof-news.eu\/wp-content\/uploads\/2026\/02\/2d79638d-b630-4499-b0d2-19bc263a23c4_16-9-discover-aspect-ratio_default_0.jpg\",\"datePublished\":\"2026-02-02T16:20:20+00:00\",\"dateModified\":\"2026-02-02T16:21:09+00:00\",\"author\":{\"@id\":\"https:\/\/vof-news.eu\/es\/#\/schema\/person\/f6a2a4309f0561835797fd8c19b333ed\"},\"description\":\"El Ministerio de Vivienda ha ordenado a las plataformas digitales que promocionan pisos tur\u00edsticos y alquileres de temporada la retirada de m\u00e1s de 86.000 anuncios, que no han obtenido el n\u00famero de registro de corta duraci\u00f3n al no cumplir los requisitos legales para ejercer esta actividad. El departamento que dirige Isabel Rodr\u00edguez puso en marcha este mecanismo, obligatorio desde el pasado 1 de julio y que gestionan los registradores de la propiedad, para controlar la oferta de viviendas de uso tur\u00edstico y arrendamientos por meses.\",\"breadcrumb\":{\"@id\":\"https:\/\/vof-news.eu\/es\/vivienda-detecta-86-000-pisos-turisticos-y-de-temporada-ilegales-gracias-al-registro-de-alquiler-de-corta-duracion\/#breadcrumb\"},\"inLanguage\":\"es\",\"potentialAction\":[{\"@type\":\"ReadAction\",\"target\":[\"https:\/\/vof-news.eu\/es\/vivienda-detecta-86-000-pisos-turisticos-y-de-temporada-ilegales-gracias-al-registro-de-alquiler-de-corta-duracion\/\"]}]},{\"@type\":\"ImageObject\",\"inLanguage\":\"es\",\"@id\":\"https:\/\/vof-news.eu\/es\/vivienda-detecta-86-000-pisos-turisticos-y-de-temporada-ilegales-gracias-al-registro-de-alquiler-de-corta-duracion\/#primaryimage\",\"url\":\"https:\/\/vof-news.eu\/wp-content\/uploads\/2026\/02\/2d79638d-b630-4499-b0d2-19bc263a23c4_16-9-discover-aspect-ratio_default_0.jpg\",\"contentUrl\":\"https:\/\/vof-news.eu\/wp-content\/uploads\/2026\/02\/2d79638d-b630-4499-b0d2-19bc263a23c4_16-9-discover-aspect-ratio_default_0.jpg\",\"width\":1200,\"height\":675},{\"@type\":\"BreadcrumbList\",\"@id\":\"https:\/\/vof-news.eu\/es\/vivienda-detecta-86-000-pisos-turisticos-y-de-temporada-ilegales-gracias-al-registro-de-alquiler-de-corta-duracion\/#breadcrumb\",\"itemListElement\":[{\"@type\":\"ListItem\",\"position\":1,\"name\":\"Home\",\"item\":\"https:\/\/vof-news.eu\/es\/\"},{\"@type\":\"ListItem\",\"position\":2,\"name\":\"Vivienda detecta 86.000 pisos tur\u00edsticos y de temporada ilegales gracias al registro de alquiler de corta duraci\u00f3n\"}]},{\"@type\":\"WebSite\",\"@id\":\"https:\/\/vof-news.eu\/es\/#website\",\"url\":\"https:\/\/vof-news.eu\/es\/\",\"name\":\"vof-news.eu\",\"description\":\"\",\"potentialAction\":[{\"@type\":\"SearchAction\",\"target\":{\"@type\":\"EntryPoint\",\"urlTemplate\":\"https:\/\/vof-news.eu\/es\/?s={search_term_string}\"},\"query-input\":\"required name=search_term_string\"}],\"inLanguage\":\"es\"},{\"@type\":\"Person\",\"@id\":\"https:\/\/vof-news.eu\/es\/#\/schema\/person\/f6a2a4309f0561835797fd8c19b333ed\",\"name\":\"Author\",\"image\":{\"@type\":\"ImageObject\",\"inLanguage\":\"es\",\"@id\":\"https:\/\/vof-news.eu\/es\/#\/schema\/person\/image\/\",\"url\":\"https:\/\/secure.gravatar.com\/avatar\/b67e614b1b25b3e9c0c239efdd2fde5ab015b5affd6f1c3c85911ca4b384e790?s=96&d=mm&r=g\",\"contentUrl\":\"https:\/\/secure.gravatar.com\/avatar\/b67e614b1b25b3e9c0c239efdd2fde5ab015b5affd6f1c3c85911ca4b384e790?s=96&d=mm&r=g\",\"caption\":\"Author\"},\"sameAs\":[\"http:\/\/vof-news.eu\"],\"url\":\"https:\/\/vof-news.eu\/es\/author\/zwt6qxnjulxbnyg\/\"}]}<\/script>\n<!-- \/ Yoast SEO plugin. -->","yoast_head_json":{"title":"Vivienda detecta 86.000 pisos tur\u00edsticos y de temporada ilegales gracias al registro de alquiler de corta duraci\u00f3n - vof-news.eu","description":"El Ministerio de Vivienda ha ordenado a las plataformas digitales que promocionan pisos tur\u00edsticos y alquileres de temporada la retirada de m\u00e1s de 86.000 anuncios, que no han obtenido el n\u00famero de registro de corta duraci\u00f3n al no cumplir los requisitos legales para ejercer esta actividad. El departamento que dirige Isabel Rodr\u00edguez puso en marcha este mecanismo, obligatorio desde el pasado 1 de julio y que gestionan los registradores de la propiedad, para controlar la oferta de viviendas de uso tur\u00edstico y arrendamientos por meses.","robots":{"index":"noindex","follow":"follow","max-snippet":"max-snippet:-1","max-image-preview":"max-image-preview:large","max-video-preview":"max-video-preview:-1"},"og_locale":"es_ES","og_type":"article","og_title":"Vivienda detecta 86.000 pisos tur\u00edsticos y de temporada ilegales gracias al registro de alquiler de corta duraci\u00f3n - vof-news.eu","og_description":"El Ministerio de Vivienda ha ordenado a las plataformas digitales que promocionan pisos tur\u00edsticos y alquileres de temporada la retirada de m\u00e1s de 86.000 anuncios, que no han obtenido el n\u00famero de registro de corta duraci\u00f3n al no cumplir los requisitos legales para ejercer esta actividad. El departamento que dirige Isabel Rodr\u00edguez puso en marcha este mecanismo, obligatorio desde el pasado 1 de julio y que gestionan los registradores de la propiedad, para controlar la oferta de viviendas de uso tur\u00edstico y arrendamientos por meses.","og_url":"https:\/\/vof-news.eu\/es\/vivienda-detecta-86-000-pisos-turisticos-y-de-temporada-ilegales-gracias-al-registro-de-alquiler-de-corta-duracion\/","og_site_name":"vof-news.eu","article_published_time":"2026-02-02T16:20:20+00:00","article_modified_time":"2026-02-02T16:21:09+00:00","og_image":[{"width":1200,"height":675,"url":"https:\/\/vof-news.eu\/wp-content\/uploads\/2026\/02\/2d79638d-b630-4499-b0d2-19bc263a23c4_16-9-discover-aspect-ratio_default_0.jpg","type":"image\/jpeg"}],"author":"Author","twitter_card":"summary_large_image","twitter_misc":{"Escrito por":"Author","Tiempo de lectura":"2 minutos"},"schema":{"@context":"https:\/\/schema.org","@graph":[{"@type":"WebPage","@id":"https:\/\/vof-news.eu\/es\/vivienda-detecta-86-000-pisos-turisticos-y-de-temporada-ilegales-gracias-al-registro-de-alquiler-de-corta-duracion\/","url":"https:\/\/vof-news.eu\/es\/vivienda-detecta-86-000-pisos-turisticos-y-de-temporada-ilegales-gracias-al-registro-de-alquiler-de-corta-duracion\/","name":"Vivienda detecta 86.000 pisos tur\u00edsticos y de temporada ilegales gracias al registro de alquiler de corta duraci\u00f3n - vof-news.eu","isPartOf":{"@id":"https:\/\/vof-news.eu\/es\/#website"},"primaryImageOfPage":{"@id":"https:\/\/vof-news.eu\/es\/vivienda-detecta-86-000-pisos-turisticos-y-de-temporada-ilegales-gracias-al-registro-de-alquiler-de-corta-duracion\/#primaryimage"},"image":{"@id":"https:\/\/vof-news.eu\/es\/vivienda-detecta-86-000-pisos-turisticos-y-de-temporada-ilegales-gracias-al-registro-de-alquiler-de-corta-duracion\/#primaryimage"},"thumbnailUrl":"https:\/\/vof-news.eu\/wp-content\/uploads\/2026\/02\/2d79638d-b630-4499-b0d2-19bc263a23c4_16-9-discover-aspect-ratio_default_0.jpg","datePublished":"2026-02-02T16:20:20+00:00","dateModified":"2026-02-02T16:21:09+00:00","author":{"@id":"https:\/\/vof-news.eu\/es\/#\/schema\/person\/f6a2a4309f0561835797fd8c19b333ed"},"description":"El Ministerio de Vivienda ha ordenado a las plataformas digitales que promocionan pisos tur\u00edsticos y alquileres de temporada la retirada de m\u00e1s de 86.000 anuncios, que no han obtenido el n\u00famero de registro de corta duraci\u00f3n al no cumplir los requisitos legales para ejercer esta actividad. El departamento que dirige Isabel Rodr\u00edguez puso en marcha este mecanismo, obligatorio desde el pasado 1 de julio y que gestionan los registradores de la propiedad, para controlar la oferta de viviendas de uso tur\u00edstico y arrendamientos por meses.","breadcrumb":{"@id":"https:\/\/vof-news.eu\/es\/vivienda-detecta-86-000-pisos-turisticos-y-de-temporada-ilegales-gracias-al-registro-de-alquiler-de-corta-duracion\/#breadcrumb"},"inLanguage":"es","potentialAction":[{"@type":"ReadAction","target":["https:\/\/vof-news.eu\/es\/vivienda-detecta-86-000-pisos-turisticos-y-de-temporada-ilegales-gracias-al-registro-de-alquiler-de-corta-duracion\/"]}]},{"@type":"ImageObject","inLanguage":"es","@id":"https:\/\/vof-news.eu\/es\/vivienda-detecta-86-000-pisos-turisticos-y-de-temporada-ilegales-gracias-al-registro-de-alquiler-de-corta-duracion\/#primaryimage","url":"https:\/\/vof-news.eu\/wp-content\/uploads\/2026\/02\/2d79638d-b630-4499-b0d2-19bc263a23c4_16-9-discover-aspect-ratio_default_0.jpg","contentUrl":"https:\/\/vof-news.eu\/wp-content\/uploads\/2026\/02\/2d79638d-b630-4499-b0d2-19bc263a23c4_16-9-discover-aspect-ratio_default_0.jpg","width":1200,"height":675},{"@type":"BreadcrumbList","@id":"https:\/\/vof-news.eu\/es\/vivienda-detecta-86-000-pisos-turisticos-y-de-temporada-ilegales-gracias-al-registro-de-alquiler-de-corta-duracion\/#breadcrumb","itemListElement":[{"@type":"ListItem","position":1,"name":"Home","item":"https:\/\/vof-news.eu\/es\/"},{"@type":"ListItem","position":2,"name":"Vivienda detecta 86.000 pisos tur\u00edsticos y de temporada ilegales gracias al registro de alquiler de corta duraci\u00f3n"}]},{"@type":"WebSite","@id":"https:\/\/vof-news.eu\/es\/#website","url":"https:\/\/vof-news.eu\/es\/","name":"vof-news.eu","description":"","potentialAction":[{"@type":"SearchAction","target":{"@type":"EntryPoint","urlTemplate":"https:\/\/vof-news.eu\/es\/?s={search_term_string}"},"query-input":"required name=search_term_string"}],"inLanguage":"es"},{"@type":"Person","@id":"https:\/\/vof-news.eu\/es\/#\/schema\/person\/f6a2a4309f0561835797fd8c19b333ed","name":"Author","image":{"@type":"ImageObject","inLanguage":"es","@id":"https:\/\/vof-news.eu\/es\/#\/schema\/person\/image\/","url":"https:\/\/secure.gravatar.com\/avatar\/b67e614b1b25b3e9c0c239efdd2fde5ab015b5affd6f1c3c85911ca4b384e790?s=96&d=mm&r=g","contentUrl":"https:\/\/secure.gravatar.com\/avatar\/b67e614b1b25b3e9c0c239efdd2fde5ab015b5affd6f1c3c85911ca4b384e790?s=96&d=mm&r=g","caption":"Author"},"sameAs":["http:\/\/vof-news.eu"],"url":"https:\/\/vof-news.eu\/es\/author\/zwt6qxnjulxbnyg\/"}]}},"yoast_meta":{"yoast_wpseo_title":"","yoast_wpseo_metadesc":"","yoast_wpseo_canonical":""},"_links":{"self":[{"href":"https:\/\/vof-news.eu\/es\/wp-json\/wp\/v2\/posts\/322752","targetHints":{"allow":["GET"]}}],"collection":[{"href":"https:\/\/vof-news.eu\/es\/wp-json\/wp\/v2\/posts"}],"about":[{"href":"https:\/\/vof-news.eu\/es\/wp-json\/wp\/v2\/types\/post"}],"author":[{"embeddable":true,"href":"https:\/\/vof-news.eu\/es\/wp-json\/wp\/v2\/users\/1"}],"replies":[{"embeddable":true,"href":"https:\/\/vof-news.eu\/es\/wp-json\/wp\/v2\/comments?post=322752"}],"version-history":[{"count":1,"href":"https:\/\/vof-news.eu\/es\/wp-json\/wp\/v2\/posts\/322752\/revisions"}],"predecessor-version":[{"id":322760,"href":"https:\/\/vof-news.eu\/es\/wp-json\/wp\/v2\/posts\/322752\/revisions\/322760"}],"wp:featuredmedia":[{"embeddable":true,"href":"https:\/\/vof-news.eu\/es\/wp-json\/wp\/v2\/media\/322753"}],"wp:attachment":[{"href":"https:\/\/vof-news.eu\/es\/wp-json\/wp\/v2\/media?parent=322752"}],"wp:term":[{"taxonomy":"category","embeddable":true,"href":"https:\/\/vof-news.eu\/es\/wp-json\/wp\/v2\/categories?post=322752"},{"taxonomy":"post_tag","embeddable":true,"href":"https:\/\/vof-news.eu\/es\/wp-json\/wp\/v2\/tags?post=322752"}],"curies":[{"name":"wp","href":"https:\/\/api.w.org\/{rel}","templated":true}]}}