{"id":322705,"date":"2026-02-02T17:21:17","date_gmt":"2026-02-02T14:21:17","guid":{"rendered":"https:\/\/vof-news.eu\/adif-pide-a-renfe-ouigo-e-iryo-suspender-los-ultimos-trenes-diarios-entre-madrid-y-barcelona-para-trabajar-en-la-via\/"},"modified":"2026-02-02T17:21:35","modified_gmt":"2026-02-02T14:21:35","slug":"adif-pide-a-renfe-ouigo-e-iryo-suspender-los-ultimos-trenes-diarios-entre-madrid-y-barcelona-para-trabajar-en-la-via","status":"publish","type":"post","link":"https:\/\/vof-news.eu\/es\/adif-pide-a-renfe-ouigo-e-iryo-suspender-los-ultimos-trenes-diarios-entre-madrid-y-barcelona-para-trabajar-en-la-via\/","title":{"rendered":"Adif pide a Renfe, Ouigo e Iryo suspender los \u00faltimos trenes diarios entre Madrid y Barcelona para trabajar en la v\u00eda"},"content":{"rendered":"<div>\n<p>\n        Adif ha reclamado a las <a href=\"https:\/\/www.eldiario.es\/economia\/accidente-adamuz-cese-operaciones-madrid-andalucia-ata-renfe-iryo-ouigo-numeros-rojos_1_12944221.html\" rel=\"nofollow\">operadoras, Renfe, Ouigo e Iryo<\/a>, eliminar las \u00faltimas frecuencias diarias de alta velocidad entre Madrid y Barcelona para realizar labores de mantenimiento en la v\u00eda.\n    <\/p>\n<p>\n        Fuentes del operador de infraestructuras ferroviarias explican que \u201ccon el objetivo de disponer de un periodo adecuado para la realizaci\u00f3n del mantenimiento de la infraestructura ferroviaria, en horario nocturno, ha solicitado a las operadoras que prestan servicio en el corredor de alta velocidad entre Madrid y Barcelona que supriman los \u00faltimos servicios de la jornada\u201d.\n    <\/p>\n<p>\n        El motivo, explican, que \u201cestos trenes estaban llegando dentro de la banda de mantenimiento que se utiliza a efectos de revisi\u00f3n y reparaci\u00f3n de la infraestructura\u201d.\n    <\/p>\n<p>\n        \u201cEsta medida, que se pone en marcha a partir de hoy [por el lunes] y \u00fanicamente en este corredor, permitir\u00e1 a los equipos de mantenimiento de Adif desarrollar las habituales tareas de conservaci\u00f3n de la infraestructura cuando no circulan servicios comerciales\u201d, a\u00f1aden.\n    <\/p>\n<p>\n        En las \u00faltimas semanas, despu\u00e9s del accidente de Adamuz (C\u00f3rdoba) se han sucedido las limitaciones temporales de velocidad en los diferentes corredores ferroviarios, especialmente entre Madrid y Barcelona, tras el aumento de las incidencias reportadas por parte de los maquinistas, que requieren labores de mantenimiento durante las horas en las que no hay servicio ferroviario.\n    <\/p>\n<h2>Los trenes AVE suspendidos<\/h2>\n<p>\n        En el caso de los AVE de Renfe, se suspenden los siguientes trenes: AVE Madrid Puerta de Atocha (20:27)-Barcelona Sants (23:48); AVE Madrid Puerta de Atocha (21:07)-Barcelona Sants (23:59) y AVE Barcelona Sants (21:05)- Madrid Puerta de Atocha (23:58).\n    <\/p>\n<p>\n        En concreto, Renfe explica que se han llevado a cabo reubicaciones autom\u00e1ticas para los viajeros afectados por las supresiones de servicios. \u201cLos trenes utilizados para estas reubicaciones circular\u00e1n en doble composici\u00f3n con el fin de asegurar la disponibilidad de plazas\u201d. Tambi\u00e9n que, la venta de los trenes suprimidos permanecer\u00e1 bloqueada de manera temporal.\n    <\/p>\n<p>\n        El operador \u201cest\u00e1 informando a los clientes de su nuevo tren, coche y plaza, derivado del proceso de reubicaci\u00f3n autom\u00e1tica. Asimismo, se les ofrecer\u00e1 la opci\u00f3n de realizar cambios o anulaciones sin coste si la alternativa propuesta no se ajusta a sus necesidades\u201d.\n    <\/p>\n<\/div>\n","protected":false},"excerpt":{"rendered":"<p>Adif ha reclamado a las operadoras, Renfe, Ouigo e Iryo, eliminar las \u00faltimas frecuencias diarias de alta velocidad entre Madrid y Barcelona para realizar labores de mantenimiento en la v\u00eda. Fuentes del operador de infraestructuras ferroviarias explican que \u201ccon el objetivo de disponer de un periodo adecuado para la realizaci\u00f3n del mantenimiento de la infraestructura<\/p>\n","protected":false},"author":1,"featured_media":322707,"comment_status":"open","ping_status":"open","sticky":false,"template":"","format":"standard","meta":{"footnotes":""},"categories":[61],"tags":[],"class_list":["post-322705","post","type-post","status-publish","format-standard","has-post-thumbnail","hentry","category-business-es"],"acf":[],"yoast_head":"<!-- This site is optimized with the Yoast SEO plugin v22.9 - https:\/\/yoast.com\/wordpress\/plugins\/seo\/ -->\n<title>Adif pide a Renfe, Ouigo e Iryo suspender los \u00faltimos trenes diarios entre Madrid y Barcelona para trabajar en la v\u00eda - vof-news.eu<\/title>\n<meta name=\"description\" content=\"Adif ha reclamado a las operadoras, Renfe, Ouigo e Iryo, eliminar las \u00faltimas frecuencias diarias de alta velocidad entre Madrid y Barcelona para realizar labores de mantenimiento en la v\u00eda.\" \/>\n<meta name=\"robots\" content=\"noindex, follow, max-snippet:-1, max-image-preview:large, max-video-preview:-1\" \/>\n<meta property=\"og:locale\" content=\"es_ES\" \/>\n<meta property=\"og:type\" content=\"article\" \/>\n<meta property=\"og:title\" content=\"Adif pide a Renfe, Ouigo e Iryo suspender los \u00faltimos trenes diarios entre Madrid y Barcelona para trabajar en la v\u00eda - vof-news.eu\" \/>\n<meta property=\"og:description\" content=\"Adif ha reclamado a las operadoras, Renfe, Ouigo e Iryo, eliminar las \u00faltimas frecuencias diarias de alta velocidad entre Madrid y Barcelona para realizar labores de mantenimiento en la v\u00eda.\" \/>\n<meta property=\"og:url\" content=\"https:\/\/vof-news.eu\/es\/adif-pide-a-renfe-ouigo-e-iryo-suspender-los-ultimos-trenes-diarios-entre-madrid-y-barcelona-para-trabajar-en-la-via\/\" \/>\n<meta property=\"og:site_name\" content=\"vof-news.eu\" \/>\n<meta property=\"article:published_time\" content=\"2026-02-02T14:21:17+00:00\" \/>\n<meta property=\"article:modified_time\" content=\"2026-02-02T14:21:35+00:00\" \/>\n<meta property=\"og:image\" content=\"https:\/\/vof-news.eu\/wp-content\/uploads\/2026\/02\/4427cb0c-33e4-4f52-b691-645e13e7db59_16-9-discover-aspect-ratio_default_0_x2665y1473.jpg\" \/>\n\t<meta property=\"og:image:width\" content=\"1200\" \/>\n\t<meta property=\"og:image:height\" content=\"675\" \/>\n\t<meta property=\"og:image:type\" content=\"image\/jpeg\" \/>\n<meta name=\"author\" content=\"Author\" \/>\n<meta name=\"twitter:card\" content=\"summary_large_image\" \/>\n<meta name=\"twitter:label1\" content=\"Escrito por\" \/>\n\t<meta name=\"twitter:data1\" content=\"Author\" \/>\n\t<meta name=\"twitter:label2\" content=\"Tiempo de lectura\" \/>\n\t<meta name=\"twitter:data2\" content=\"2 minutos\" \/>\n<script type=\"application\/ld+json\" class=\"yoast-schema-graph\">{\"@context\":\"https:\/\/schema.org\",\"@graph\":[{\"@type\":\"WebPage\",\"@id\":\"https:\/\/vof-news.eu\/es\/adif-pide-a-renfe-ouigo-e-iryo-suspender-los-ultimos-trenes-diarios-entre-madrid-y-barcelona-para-trabajar-en-la-via\/\",\"url\":\"https:\/\/vof-news.eu\/es\/adif-pide-a-renfe-ouigo-e-iryo-suspender-los-ultimos-trenes-diarios-entre-madrid-y-barcelona-para-trabajar-en-la-via\/\",\"name\":\"Adif pide a Renfe, Ouigo e Iryo suspender los \u00faltimos trenes diarios entre Madrid y Barcelona para trabajar en la v\u00eda - vof-news.eu\",\"isPartOf\":{\"@id\":\"https:\/\/vof-news.eu\/es\/#website\"},\"primaryImageOfPage\":{\"@id\":\"https:\/\/vof-news.eu\/es\/adif-pide-a-renfe-ouigo-e-iryo-suspender-los-ultimos-trenes-diarios-entre-madrid-y-barcelona-para-trabajar-en-la-via\/#primaryimage\"},\"image\":{\"@id\":\"https:\/\/vof-news.eu\/es\/adif-pide-a-renfe-ouigo-e-iryo-suspender-los-ultimos-trenes-diarios-entre-madrid-y-barcelona-para-trabajar-en-la-via\/#primaryimage\"},\"thumbnailUrl\":\"https:\/\/vof-news.eu\/wp-content\/uploads\/2026\/02\/4427cb0c-33e4-4f52-b691-645e13e7db59_16-9-discover-aspect-ratio_default_0_x2665y1473.jpg\",\"datePublished\":\"2026-02-02T14:21:17+00:00\",\"dateModified\":\"2026-02-02T14:21:35+00:00\",\"author\":{\"@id\":\"https:\/\/vof-news.eu\/es\/#\/schema\/person\/f6a2a4309f0561835797fd8c19b333ed\"},\"description\":\"Adif ha reclamado a las operadoras, Renfe, Ouigo e Iryo, eliminar las \u00faltimas frecuencias diarias de alta velocidad entre Madrid y Barcelona para realizar labores de mantenimiento en la v\u00eda.\",\"breadcrumb\":{\"@id\":\"https:\/\/vof-news.eu\/es\/adif-pide-a-renfe-ouigo-e-iryo-suspender-los-ultimos-trenes-diarios-entre-madrid-y-barcelona-para-trabajar-en-la-via\/#breadcrumb\"},\"inLanguage\":\"es\",\"potentialAction\":[{\"@type\":\"ReadAction\",\"target\":[\"https:\/\/vof-news.eu\/es\/adif-pide-a-renfe-ouigo-e-iryo-suspender-los-ultimos-trenes-diarios-entre-madrid-y-barcelona-para-trabajar-en-la-via\/\"]}]},{\"@type\":\"ImageObject\",\"inLanguage\":\"es\",\"@id\":\"https:\/\/vof-news.eu\/es\/adif-pide-a-renfe-ouigo-e-iryo-suspender-los-ultimos-trenes-diarios-entre-madrid-y-barcelona-para-trabajar-en-la-via\/#primaryimage\",\"url\":\"https:\/\/vof-news.eu\/wp-content\/uploads\/2026\/02\/4427cb0c-33e4-4f52-b691-645e13e7db59_16-9-discover-aspect-ratio_default_0_x2665y1473.jpg\",\"contentUrl\":\"https:\/\/vof-news.eu\/wp-content\/uploads\/2026\/02\/4427cb0c-33e4-4f52-b691-645e13e7db59_16-9-discover-aspect-ratio_default_0_x2665y1473.jpg\",\"width\":1200,\"height\":675},{\"@type\":\"BreadcrumbList\",\"@id\":\"https:\/\/vof-news.eu\/es\/adif-pide-a-renfe-ouigo-e-iryo-suspender-los-ultimos-trenes-diarios-entre-madrid-y-barcelona-para-trabajar-en-la-via\/#breadcrumb\",\"itemListElement\":[{\"@type\":\"ListItem\",\"position\":1,\"name\":\"Home\",\"item\":\"https:\/\/vof-news.eu\/es\/\"},{\"@type\":\"ListItem\",\"position\":2,\"name\":\"Adif pide a Renfe, Ouigo e Iryo suspender los \u00faltimos trenes diarios entre Madrid y Barcelona para trabajar en la v\u00eda\"}]},{\"@type\":\"WebSite\",\"@id\":\"https:\/\/vof-news.eu\/es\/#website\",\"url\":\"https:\/\/vof-news.eu\/es\/\",\"name\":\"vof-news.eu\",\"description\":\"\",\"potentialAction\":[{\"@type\":\"SearchAction\",\"target\":{\"@type\":\"EntryPoint\",\"urlTemplate\":\"https:\/\/vof-news.eu\/es\/?s={search_term_string}\"},\"query-input\":\"required name=search_term_string\"}],\"inLanguage\":\"es\"},{\"@type\":\"Person\",\"@id\":\"https:\/\/vof-news.eu\/es\/#\/schema\/person\/f6a2a4309f0561835797fd8c19b333ed\",\"name\":\"Author\",\"image\":{\"@type\":\"ImageObject\",\"inLanguage\":\"es\",\"@id\":\"https:\/\/vof-news.eu\/es\/#\/schema\/person\/image\/\",\"url\":\"https:\/\/secure.gravatar.com\/avatar\/b67e614b1b25b3e9c0c239efdd2fde5ab015b5affd6f1c3c85911ca4b384e790?s=96&d=mm&r=g\",\"contentUrl\":\"https:\/\/secure.gravatar.com\/avatar\/b67e614b1b25b3e9c0c239efdd2fde5ab015b5affd6f1c3c85911ca4b384e790?s=96&d=mm&r=g\",\"caption\":\"Author\"},\"sameAs\":[\"http:\/\/vof-news.eu\"],\"url\":\"https:\/\/vof-news.eu\/es\/author\/zwt6qxnjulxbnyg\/\"}]}<\/script>\n<!-- \/ Yoast SEO plugin. -->","yoast_head_json":{"title":"Adif pide a Renfe, Ouigo e Iryo suspender los \u00faltimos trenes diarios entre Madrid y Barcelona para trabajar en la v\u00eda - vof-news.eu","description":"Adif ha reclamado a las operadoras, Renfe, Ouigo e Iryo, eliminar las \u00faltimas frecuencias diarias de alta velocidad entre Madrid y Barcelona para realizar labores de mantenimiento en la v\u00eda.","robots":{"index":"noindex","follow":"follow","max-snippet":"max-snippet:-1","max-image-preview":"max-image-preview:large","max-video-preview":"max-video-preview:-1"},"og_locale":"es_ES","og_type":"article","og_title":"Adif pide a Renfe, Ouigo e Iryo suspender los \u00faltimos trenes diarios entre Madrid y Barcelona para trabajar en la v\u00eda - vof-news.eu","og_description":"Adif ha reclamado a las operadoras, Renfe, Ouigo e Iryo, eliminar las \u00faltimas frecuencias diarias de alta velocidad entre Madrid y Barcelona para realizar labores de mantenimiento en la v\u00eda.","og_url":"https:\/\/vof-news.eu\/es\/adif-pide-a-renfe-ouigo-e-iryo-suspender-los-ultimos-trenes-diarios-entre-madrid-y-barcelona-para-trabajar-en-la-via\/","og_site_name":"vof-news.eu","article_published_time":"2026-02-02T14:21:17+00:00","article_modified_time":"2026-02-02T14:21:35+00:00","og_image":[{"width":1200,"height":675,"url":"https:\/\/vof-news.eu\/wp-content\/uploads\/2026\/02\/4427cb0c-33e4-4f52-b691-645e13e7db59_16-9-discover-aspect-ratio_default_0_x2665y1473.jpg","type":"image\/jpeg"}],"author":"Author","twitter_card":"summary_large_image","twitter_misc":{"Escrito por":"Author","Tiempo de lectura":"2 minutos"},"schema":{"@context":"https:\/\/schema.org","@graph":[{"@type":"WebPage","@id":"https:\/\/vof-news.eu\/es\/adif-pide-a-renfe-ouigo-e-iryo-suspender-los-ultimos-trenes-diarios-entre-madrid-y-barcelona-para-trabajar-en-la-via\/","url":"https:\/\/vof-news.eu\/es\/adif-pide-a-renfe-ouigo-e-iryo-suspender-los-ultimos-trenes-diarios-entre-madrid-y-barcelona-para-trabajar-en-la-via\/","name":"Adif pide a Renfe, Ouigo e Iryo suspender los \u00faltimos trenes diarios entre Madrid y Barcelona para trabajar en la v\u00eda - vof-news.eu","isPartOf":{"@id":"https:\/\/vof-news.eu\/es\/#website"},"primaryImageOfPage":{"@id":"https:\/\/vof-news.eu\/es\/adif-pide-a-renfe-ouigo-e-iryo-suspender-los-ultimos-trenes-diarios-entre-madrid-y-barcelona-para-trabajar-en-la-via\/#primaryimage"},"image":{"@id":"https:\/\/vof-news.eu\/es\/adif-pide-a-renfe-ouigo-e-iryo-suspender-los-ultimos-trenes-diarios-entre-madrid-y-barcelona-para-trabajar-en-la-via\/#primaryimage"},"thumbnailUrl":"https:\/\/vof-news.eu\/wp-content\/uploads\/2026\/02\/4427cb0c-33e4-4f52-b691-645e13e7db59_16-9-discover-aspect-ratio_default_0_x2665y1473.jpg","datePublished":"2026-02-02T14:21:17+00:00","dateModified":"2026-02-02T14:21:35+00:00","author":{"@id":"https:\/\/vof-news.eu\/es\/#\/schema\/person\/f6a2a4309f0561835797fd8c19b333ed"},"description":"Adif ha reclamado a las operadoras, Renfe, Ouigo e Iryo, eliminar las \u00faltimas frecuencias diarias de alta velocidad entre Madrid y Barcelona para realizar labores de mantenimiento en la v\u00eda.","breadcrumb":{"@id":"https:\/\/vof-news.eu\/es\/adif-pide-a-renfe-ouigo-e-iryo-suspender-los-ultimos-trenes-diarios-entre-madrid-y-barcelona-para-trabajar-en-la-via\/#breadcrumb"},"inLanguage":"es","potentialAction":[{"@type":"ReadAction","target":["https:\/\/vof-news.eu\/es\/adif-pide-a-renfe-ouigo-e-iryo-suspender-los-ultimos-trenes-diarios-entre-madrid-y-barcelona-para-trabajar-en-la-via\/"]}]},{"@type":"ImageObject","inLanguage":"es","@id":"https:\/\/vof-news.eu\/es\/adif-pide-a-renfe-ouigo-e-iryo-suspender-los-ultimos-trenes-diarios-entre-madrid-y-barcelona-para-trabajar-en-la-via\/#primaryimage","url":"https:\/\/vof-news.eu\/wp-content\/uploads\/2026\/02\/4427cb0c-33e4-4f52-b691-645e13e7db59_16-9-discover-aspect-ratio_default_0_x2665y1473.jpg","contentUrl":"https:\/\/vof-news.eu\/wp-content\/uploads\/2026\/02\/4427cb0c-33e4-4f52-b691-645e13e7db59_16-9-discover-aspect-ratio_default_0_x2665y1473.jpg","width":1200,"height":675},{"@type":"BreadcrumbList","@id":"https:\/\/vof-news.eu\/es\/adif-pide-a-renfe-ouigo-e-iryo-suspender-los-ultimos-trenes-diarios-entre-madrid-y-barcelona-para-trabajar-en-la-via\/#breadcrumb","itemListElement":[{"@type":"ListItem","position":1,"name":"Home","item":"https:\/\/vof-news.eu\/es\/"},{"@type":"ListItem","position":2,"name":"Adif pide a Renfe, Ouigo e Iryo suspender los \u00faltimos trenes diarios entre Madrid y Barcelona para trabajar en la v\u00eda"}]},{"@type":"WebSite","@id":"https:\/\/vof-news.eu\/es\/#website","url":"https:\/\/vof-news.eu\/es\/","name":"vof-news.eu","description":"","potentialAction":[{"@type":"SearchAction","target":{"@type":"EntryPoint","urlTemplate":"https:\/\/vof-news.eu\/es\/?s={search_term_string}"},"query-input":"required name=search_term_string"}],"inLanguage":"es"},{"@type":"Person","@id":"https:\/\/vof-news.eu\/es\/#\/schema\/person\/f6a2a4309f0561835797fd8c19b333ed","name":"Author","image":{"@type":"ImageObject","inLanguage":"es","@id":"https:\/\/vof-news.eu\/es\/#\/schema\/person\/image\/","url":"https:\/\/secure.gravatar.com\/avatar\/b67e614b1b25b3e9c0c239efdd2fde5ab015b5affd6f1c3c85911ca4b384e790?s=96&d=mm&r=g","contentUrl":"https:\/\/secure.gravatar.com\/avatar\/b67e614b1b25b3e9c0c239efdd2fde5ab015b5affd6f1c3c85911ca4b384e790?s=96&d=mm&r=g","caption":"Author"},"sameAs":["http:\/\/vof-news.eu"],"url":"https:\/\/vof-news.eu\/es\/author\/zwt6qxnjulxbnyg\/"}]}},"yoast_meta":{"yoast_wpseo_title":"","yoast_wpseo_metadesc":"","yoast_wpseo_canonical":""},"_links":{"self":[{"href":"https:\/\/vof-news.eu\/es\/wp-json\/wp\/v2\/posts\/322705","targetHints":{"allow":["GET"]}}],"collection":[{"href":"https:\/\/vof-news.eu\/es\/wp-json\/wp\/v2\/posts"}],"about":[{"href":"https:\/\/vof-news.eu\/es\/wp-json\/wp\/v2\/types\/post"}],"author":[{"embeddable":true,"href":"https:\/\/vof-news.eu\/es\/wp-json\/wp\/v2\/users\/1"}],"replies":[{"embeddable":true,"href":"https:\/\/vof-news.eu\/es\/wp-json\/wp\/v2\/comments?post=322705"}],"version-history":[{"count":1,"href":"https:\/\/vof-news.eu\/es\/wp-json\/wp\/v2\/posts\/322705\/revisions"}],"predecessor-version":[{"id":322719,"href":"https:\/\/vof-news.eu\/es\/wp-json\/wp\/v2\/posts\/322705\/revisions\/322719"}],"wp:featuredmedia":[{"embeddable":true,"href":"https:\/\/vof-news.eu\/es\/wp-json\/wp\/v2\/media\/322707"}],"wp:attachment":[{"href":"https:\/\/vof-news.eu\/es\/wp-json\/wp\/v2\/media?parent=322705"}],"wp:term":[{"taxonomy":"category","embeddable":true,"href":"https:\/\/vof-news.eu\/es\/wp-json\/wp\/v2\/categories?post=322705"},{"taxonomy":"post_tag","embeddable":true,"href":"https:\/\/vof-news.eu\/es\/wp-json\/wp\/v2\/tags?post=322705"}],"curies":[{"name":"wp","href":"https:\/\/api.w.org\/{rel}","templated":true}]}}