{"id":322663,"date":"2026-02-02T15:22:05","date_gmt":"2026-02-02T12:22:05","guid":{"rendered":"https:\/\/vof-news.eu\/cuando-se-cobra-el-imv-en-febrero-de-2026-fecha-de-abono-del-ingreso-minimo-vital\/"},"modified":"2026-02-02T15:22:51","modified_gmt":"2026-02-02T12:22:51","slug":"cuando-se-cobra-el-imv-en-febrero-de-2026-fecha-de-abono-del-ingreso-minimo-vital","status":"publish","type":"post","link":"https:\/\/vof-news.eu\/es\/cuando-se-cobra-el-imv-en-febrero-de-2026-fecha-de-abono-del-ingreso-minimo-vital\/","title":{"rendered":"Cu\u00e1ndo se cobra el IMV en febrero de 2026: fecha de abono del Ingreso M\u00ednimo Vital"},"content":{"rendered":"<div>\n<p>\n        El <a href=\"https:\/\/www.eldiario.es\/temas\/ingreso-minimo-vital\/\" rel=\"nofollow\">Ingreso M\u00ednimo Vital<\/a> (IMV) sigue siendo un apoyo fundamental para miles de familias y personas en Espa\u00f1a que atraviesan dificultades econ\u00f3micas. Cada mes, los beneficiarios esperan la llegada de <a href=\"https:\/\/www.eldiario.es\/economia\/tu-economia\/son-ayudas-puedes-solicitar-seguridad-social-2026_1_12938743.html\" rel=\"nofollow\">esta ayuda<\/a>, que garantiza un nivel m\u00ednimo de ingresos para cubrir necesidades b\u00e1sicas y mantener la estabilidad del hogar. Conocer la fecha exacta de abono resulta clave para organizar gastos y planificar la econom\u00eda familiar.\n    <\/p>\n<p>\n        En febrero de 2026, el calendario de pagos del IMV depender\u00e1 de la entidad bancaria en la que est\u00e9 domiciliada la prestaci\u00f3n. Aunque la Seguridad Social establece pautas generales, cada banco fija su propio d\u00eda de transferencia, lo que puede generar peque\u00f1as diferencias en la disponibilidad de los fondos. Este detalle es especialmente importante para quienes acceden al IMV por primera vez, ya que el primer abono puede variar respecto al calendario habitual.\n    <\/p>\n<h2>Qu\u00e9 es el Ingreso M\u00ednimo Vital y qui\u00e9n puede recibirlo<\/h2>\n<p>\n        El Ingreso M\u00ednimo Vital (IMV) es una ayuda econ\u00f3mica que el Estado otorga para garantizar un nivel b\u00e1sico de ingresos a personas y familias que enfrentan dificultades financieras. Su prop\u00f3sito es permitir que los beneficiarios puedan cubrir gastos esenciales, como la alimentaci\u00f3n, la vivienda y los servicios b\u00e1sicos, asegurando una protecci\u00f3n m\u00ednima frente a situaciones de precariedad.\n    <\/p>\n<p>\n        Esta prestaci\u00f3n se centra en quienes presentan mayor vulnerabilidad econ\u00f3mica, con la intenci\u00f3n de reducir la pobreza y limitar la exclusi\u00f3n social. Pueden solicitarla tanto ciudadanos espa\u00f1oles como residentes legales en Espa\u00f1a que cumplan con los criterios establecidos por la ley, que incluyen l\u00edmites de ingresos, patrimonio y la composici\u00f3n del hogar. Adem\u00e1s, la cuant\u00eda se ajusta a la situaci\u00f3n concreta de cada unidad familiar, adapt\u00e1ndose a sus necesidades espec\u00edficas para ofrecer un respaldo proporcional.\n    <\/p>\n<h2>Fechas de pago del IMV seg\u00fan entidades bancarias<\/h2>\n<p>\n        En febrero de 2026, las fechas en las que los beneficiarios del Ingreso M\u00ednimo Vital recibir\u00e1n la prestaci\u00f3n dependen de la entidad bancaria en la que tengan domiciliada la ayuda, ya que cada instituci\u00f3n establece su propio calendario de abono. Esto genera diferencias en el d\u00eda exacto en que los fondos se reflejan en las cuentas de los beneficiarios.\n    <\/p>\n<p>\n        Por ejemplo, en\u00a0Unicaja\u00a0el pago se realiza habitualmente el \u00faltimo d\u00eda h\u00e1bil del mes, lo que en febrero corresponde al d\u00eda 27. En\u00a0BBVA, el ingreso coincide con el pago de las pensiones, situ\u00e1ndose este mes el abono el d\u00eda 25, adelantando la transferencia respecto a la fecha est\u00e1ndar de la Seguridad Social. Para\u00a0Bankinter, el abono mensual est\u00e1 previsto tambi\u00e9n para el d\u00eda 27, mientras que\u00a0Banco Santander\u00a0inicia la disponibilidad de los fondos entre la madrugada del 20 y el 21 de febrero, registr\u00e1ndose la fecha de operaci\u00f3n oficial y valor el lunes 23. Por \u00faltimo,\u00a0CaixaBank\u00a0tiene programado el pago para el 24 de febrero.\n    <\/p>\n<h2>C\u00f3mo se realiza el primer abono del IMV<\/h2>\n<p>\n        Las personas que acceden al Ingreso M\u00ednimo Vital por primera vez pueden recibir su primer pago en una fecha distinta al calendario mensual habitual. Cuando la resoluci\u00f3n de concesi\u00f3n se produce durante el transcurso de un mes, la transferencia inicial normalmente se efect\u00faa en el mes siguiente, incluyendo todas las mensualidades pendientes desde el momento en que se reconoce el derecho a la prestaci\u00f3n.\n    <\/p>\n<p>\n        Si la aprobaci\u00f3n llega hacia finales del mes, el primer abono puede demorarse hasta el mes siguiente, pero esto no implica que se pierda ninguna cuant\u00eda. La Seguridad Social se encarga de que se transfieran todos los importes acumulados correspondientes al periodo ya reconocido. De esta forma, aunque los procesos administrativos puedan retrasar la llegada del dinero, los nuevos beneficiarios reciben el importe total al que tienen derecho.\n    <\/p>\n<\/div>\n","protected":false},"excerpt":{"rendered":"<p>El Ingreso M\u00ednimo Vital (IMV) sigue siendo un apoyo fundamental para miles de familias y personas en Espa\u00f1a que atraviesan dificultades econ\u00f3micas. Cada mes, los beneficiarios esperan la llegada de esta ayuda, que garantiza un nivel m\u00ednimo de ingresos para cubrir necesidades b\u00e1sicas y mantener la estabilidad del hogar. Conocer la fecha exacta de abono<\/p>\n","protected":false},"author":1,"featured_media":322664,"comment_status":"open","ping_status":"open","sticky":false,"template":"","format":"standard","meta":{"footnotes":""},"categories":[61],"tags":[],"class_list":["post-322663","post","type-post","status-publish","format-standard","has-post-thumbnail","hentry","category-business-es"],"acf":[],"yoast_head":"<!-- This site is optimized with the Yoast SEO plugin v22.9 - https:\/\/yoast.com\/wordpress\/plugins\/seo\/ -->\n<title>Cu\u00e1ndo se cobra el IMV en febrero de 2026: fecha de abono del Ingreso M\u00ednimo Vital - vof-news.eu<\/title>\n<meta name=\"description\" content=\"El Ingreso M\u00ednimo Vital (IMV) sigue siendo un apoyo fundamental para miles de familias y personas en Espa\u00f1a que atraviesan dificultades econ\u00f3micas. Cada mes, los beneficiarios esperan la llegada de esta ayuda, que garantiza un nivel m\u00ednimo de ingresos para cubrir necesidades b\u00e1sicas y mantener la estabilidad del hogar. Conocer la fecha exacta de abono resulta clave para organizar gastos y planificar la econom\u00eda familiar.\" \/>\n<meta name=\"robots\" content=\"noindex, follow, max-snippet:-1, max-image-preview:large, max-video-preview:-1\" \/>\n<meta property=\"og:locale\" content=\"es_ES\" \/>\n<meta property=\"og:type\" content=\"article\" \/>\n<meta property=\"og:title\" content=\"Cu\u00e1ndo se cobra el IMV en febrero de 2026: fecha de abono del Ingreso M\u00ednimo Vital - vof-news.eu\" \/>\n<meta property=\"og:description\" content=\"El Ingreso M\u00ednimo Vital (IMV) sigue siendo un apoyo fundamental para miles de familias y personas en Espa\u00f1a que atraviesan dificultades econ\u00f3micas. Cada mes, los beneficiarios esperan la llegada de esta ayuda, que garantiza un nivel m\u00ednimo de ingresos para cubrir necesidades b\u00e1sicas y mantener la estabilidad del hogar. Conocer la fecha exacta de abono resulta clave para organizar gastos y planificar la econom\u00eda familiar.\" \/>\n<meta property=\"og:url\" content=\"https:\/\/vof-news.eu\/es\/cuando-se-cobra-el-imv-en-febrero-de-2026-fecha-de-abono-del-ingreso-minimo-vital\/\" \/>\n<meta property=\"og:site_name\" content=\"vof-news.eu\" \/>\n<meta property=\"article:published_time\" content=\"2026-02-02T12:22:05+00:00\" \/>\n<meta property=\"article:modified_time\" content=\"2026-02-02T12:22:51+00:00\" \/>\n<meta property=\"og:image\" content=\"https:\/\/vof-news.eu\/wp-content\/uploads\/2026\/02\/cef815ca-5cdb-41cf-b2a5-c25b0617ca42_16-9-discover-aspect-ratio_default_0.jpg\" \/>\n\t<meta property=\"og:image:width\" content=\"1200\" \/>\n\t<meta property=\"og:image:height\" content=\"675\" \/>\n\t<meta property=\"og:image:type\" content=\"image\/jpeg\" \/>\n<meta name=\"author\" content=\"Author\" \/>\n<meta name=\"twitter:card\" content=\"summary_large_image\" \/>\n<meta name=\"twitter:label1\" content=\"Escrito por\" \/>\n\t<meta name=\"twitter:data1\" content=\"Author\" \/>\n\t<meta name=\"twitter:label2\" content=\"Tiempo de lectura\" \/>\n\t<meta name=\"twitter:data2\" content=\"3 minutos\" \/>\n<script type=\"application\/ld+json\" class=\"yoast-schema-graph\">{\"@context\":\"https:\/\/schema.org\",\"@graph\":[{\"@type\":\"WebPage\",\"@id\":\"https:\/\/vof-news.eu\/es\/cuando-se-cobra-el-imv-en-febrero-de-2026-fecha-de-abono-del-ingreso-minimo-vital\/\",\"url\":\"https:\/\/vof-news.eu\/es\/cuando-se-cobra-el-imv-en-febrero-de-2026-fecha-de-abono-del-ingreso-minimo-vital\/\",\"name\":\"Cu\u00e1ndo se cobra el IMV en febrero de 2026: fecha de abono del Ingreso M\u00ednimo Vital - vof-news.eu\",\"isPartOf\":{\"@id\":\"https:\/\/vof-news.eu\/es\/#website\"},\"primaryImageOfPage\":{\"@id\":\"https:\/\/vof-news.eu\/es\/cuando-se-cobra-el-imv-en-febrero-de-2026-fecha-de-abono-del-ingreso-minimo-vital\/#primaryimage\"},\"image\":{\"@id\":\"https:\/\/vof-news.eu\/es\/cuando-se-cobra-el-imv-en-febrero-de-2026-fecha-de-abono-del-ingreso-minimo-vital\/#primaryimage\"},\"thumbnailUrl\":\"https:\/\/vof-news.eu\/wp-content\/uploads\/2026\/02\/cef815ca-5cdb-41cf-b2a5-c25b0617ca42_16-9-discover-aspect-ratio_default_0.jpg\",\"datePublished\":\"2026-02-02T12:22:05+00:00\",\"dateModified\":\"2026-02-02T12:22:51+00:00\",\"author\":{\"@id\":\"https:\/\/vof-news.eu\/es\/#\/schema\/person\/f6a2a4309f0561835797fd8c19b333ed\"},\"description\":\"El Ingreso M\u00ednimo Vital (IMV) sigue siendo un apoyo fundamental para miles de familias y personas en Espa\u00f1a que atraviesan dificultades econ\u00f3micas. Cada mes, los beneficiarios esperan la llegada de esta ayuda, que garantiza un nivel m\u00ednimo de ingresos para cubrir necesidades b\u00e1sicas y mantener la estabilidad del hogar. Conocer la fecha exacta de abono resulta clave para organizar gastos y planificar la econom\u00eda familiar.\",\"breadcrumb\":{\"@id\":\"https:\/\/vof-news.eu\/es\/cuando-se-cobra-el-imv-en-febrero-de-2026-fecha-de-abono-del-ingreso-minimo-vital\/#breadcrumb\"},\"inLanguage\":\"es\",\"potentialAction\":[{\"@type\":\"ReadAction\",\"target\":[\"https:\/\/vof-news.eu\/es\/cuando-se-cobra-el-imv-en-febrero-de-2026-fecha-de-abono-del-ingreso-minimo-vital\/\"]}]},{\"@type\":\"ImageObject\",\"inLanguage\":\"es\",\"@id\":\"https:\/\/vof-news.eu\/es\/cuando-se-cobra-el-imv-en-febrero-de-2026-fecha-de-abono-del-ingreso-minimo-vital\/#primaryimage\",\"url\":\"https:\/\/vof-news.eu\/wp-content\/uploads\/2026\/02\/cef815ca-5cdb-41cf-b2a5-c25b0617ca42_16-9-discover-aspect-ratio_default_0.jpg\",\"contentUrl\":\"https:\/\/vof-news.eu\/wp-content\/uploads\/2026\/02\/cef815ca-5cdb-41cf-b2a5-c25b0617ca42_16-9-discover-aspect-ratio_default_0.jpg\",\"width\":1200,\"height\":675},{\"@type\":\"BreadcrumbList\",\"@id\":\"https:\/\/vof-news.eu\/es\/cuando-se-cobra-el-imv-en-febrero-de-2026-fecha-de-abono-del-ingreso-minimo-vital\/#breadcrumb\",\"itemListElement\":[{\"@type\":\"ListItem\",\"position\":1,\"name\":\"Home\",\"item\":\"https:\/\/vof-news.eu\/es\/\"},{\"@type\":\"ListItem\",\"position\":2,\"name\":\"Cu\u00e1ndo se cobra el IMV en febrero de 2026: fecha de abono del Ingreso M\u00ednimo Vital\"}]},{\"@type\":\"WebSite\",\"@id\":\"https:\/\/vof-news.eu\/es\/#website\",\"url\":\"https:\/\/vof-news.eu\/es\/\",\"name\":\"vof-news.eu\",\"description\":\"\",\"potentialAction\":[{\"@type\":\"SearchAction\",\"target\":{\"@type\":\"EntryPoint\",\"urlTemplate\":\"https:\/\/vof-news.eu\/es\/?s={search_term_string}\"},\"query-input\":\"required name=search_term_string\"}],\"inLanguage\":\"es\"},{\"@type\":\"Person\",\"@id\":\"https:\/\/vof-news.eu\/es\/#\/schema\/person\/f6a2a4309f0561835797fd8c19b333ed\",\"name\":\"Author\",\"image\":{\"@type\":\"ImageObject\",\"inLanguage\":\"es\",\"@id\":\"https:\/\/vof-news.eu\/es\/#\/schema\/person\/image\/\",\"url\":\"https:\/\/secure.gravatar.com\/avatar\/b67e614b1b25b3e9c0c239efdd2fde5ab015b5affd6f1c3c85911ca4b384e790?s=96&d=mm&r=g\",\"contentUrl\":\"https:\/\/secure.gravatar.com\/avatar\/b67e614b1b25b3e9c0c239efdd2fde5ab015b5affd6f1c3c85911ca4b384e790?s=96&d=mm&r=g\",\"caption\":\"Author\"},\"sameAs\":[\"http:\/\/vof-news.eu\"],\"url\":\"https:\/\/vof-news.eu\/es\/author\/zwt6qxnjulxbnyg\/\"}]}<\/script>\n<!-- \/ Yoast SEO plugin. -->","yoast_head_json":{"title":"Cu\u00e1ndo se cobra el IMV en febrero de 2026: fecha de abono del Ingreso M\u00ednimo Vital - vof-news.eu","description":"El Ingreso M\u00ednimo Vital (IMV) sigue siendo un apoyo fundamental para miles de familias y personas en Espa\u00f1a que atraviesan dificultades econ\u00f3micas. Cada mes, los beneficiarios esperan la llegada de esta ayuda, que garantiza un nivel m\u00ednimo de ingresos para cubrir necesidades b\u00e1sicas y mantener la estabilidad del hogar. Conocer la fecha exacta de abono resulta clave para organizar gastos y planificar la econom\u00eda familiar.","robots":{"index":"noindex","follow":"follow","max-snippet":"max-snippet:-1","max-image-preview":"max-image-preview:large","max-video-preview":"max-video-preview:-1"},"og_locale":"es_ES","og_type":"article","og_title":"Cu\u00e1ndo se cobra el IMV en febrero de 2026: fecha de abono del Ingreso M\u00ednimo Vital - vof-news.eu","og_description":"El Ingreso M\u00ednimo Vital (IMV) sigue siendo un apoyo fundamental para miles de familias y personas en Espa\u00f1a que atraviesan dificultades econ\u00f3micas. Cada mes, los beneficiarios esperan la llegada de esta ayuda, que garantiza un nivel m\u00ednimo de ingresos para cubrir necesidades b\u00e1sicas y mantener la estabilidad del hogar. Conocer la fecha exacta de abono resulta clave para organizar gastos y planificar la econom\u00eda familiar.","og_url":"https:\/\/vof-news.eu\/es\/cuando-se-cobra-el-imv-en-febrero-de-2026-fecha-de-abono-del-ingreso-minimo-vital\/","og_site_name":"vof-news.eu","article_published_time":"2026-02-02T12:22:05+00:00","article_modified_time":"2026-02-02T12:22:51+00:00","og_image":[{"width":1200,"height":675,"url":"https:\/\/vof-news.eu\/wp-content\/uploads\/2026\/02\/cef815ca-5cdb-41cf-b2a5-c25b0617ca42_16-9-discover-aspect-ratio_default_0.jpg","type":"image\/jpeg"}],"author":"Author","twitter_card":"summary_large_image","twitter_misc":{"Escrito por":"Author","Tiempo de lectura":"3 minutos"},"schema":{"@context":"https:\/\/schema.org","@graph":[{"@type":"WebPage","@id":"https:\/\/vof-news.eu\/es\/cuando-se-cobra-el-imv-en-febrero-de-2026-fecha-de-abono-del-ingreso-minimo-vital\/","url":"https:\/\/vof-news.eu\/es\/cuando-se-cobra-el-imv-en-febrero-de-2026-fecha-de-abono-del-ingreso-minimo-vital\/","name":"Cu\u00e1ndo se cobra el IMV en febrero de 2026: fecha de abono del Ingreso M\u00ednimo Vital - vof-news.eu","isPartOf":{"@id":"https:\/\/vof-news.eu\/es\/#website"},"primaryImageOfPage":{"@id":"https:\/\/vof-news.eu\/es\/cuando-se-cobra-el-imv-en-febrero-de-2026-fecha-de-abono-del-ingreso-minimo-vital\/#primaryimage"},"image":{"@id":"https:\/\/vof-news.eu\/es\/cuando-se-cobra-el-imv-en-febrero-de-2026-fecha-de-abono-del-ingreso-minimo-vital\/#primaryimage"},"thumbnailUrl":"https:\/\/vof-news.eu\/wp-content\/uploads\/2026\/02\/cef815ca-5cdb-41cf-b2a5-c25b0617ca42_16-9-discover-aspect-ratio_default_0.jpg","datePublished":"2026-02-02T12:22:05+00:00","dateModified":"2026-02-02T12:22:51+00:00","author":{"@id":"https:\/\/vof-news.eu\/es\/#\/schema\/person\/f6a2a4309f0561835797fd8c19b333ed"},"description":"El Ingreso M\u00ednimo Vital (IMV) sigue siendo un apoyo fundamental para miles de familias y personas en Espa\u00f1a que atraviesan dificultades econ\u00f3micas. Cada mes, los beneficiarios esperan la llegada de esta ayuda, que garantiza un nivel m\u00ednimo de ingresos para cubrir necesidades b\u00e1sicas y mantener la estabilidad del hogar. Conocer la fecha exacta de abono resulta clave para organizar gastos y planificar la econom\u00eda familiar.","breadcrumb":{"@id":"https:\/\/vof-news.eu\/es\/cuando-se-cobra-el-imv-en-febrero-de-2026-fecha-de-abono-del-ingreso-minimo-vital\/#breadcrumb"},"inLanguage":"es","potentialAction":[{"@type":"ReadAction","target":["https:\/\/vof-news.eu\/es\/cuando-se-cobra-el-imv-en-febrero-de-2026-fecha-de-abono-del-ingreso-minimo-vital\/"]}]},{"@type":"ImageObject","inLanguage":"es","@id":"https:\/\/vof-news.eu\/es\/cuando-se-cobra-el-imv-en-febrero-de-2026-fecha-de-abono-del-ingreso-minimo-vital\/#primaryimage","url":"https:\/\/vof-news.eu\/wp-content\/uploads\/2026\/02\/cef815ca-5cdb-41cf-b2a5-c25b0617ca42_16-9-discover-aspect-ratio_default_0.jpg","contentUrl":"https:\/\/vof-news.eu\/wp-content\/uploads\/2026\/02\/cef815ca-5cdb-41cf-b2a5-c25b0617ca42_16-9-discover-aspect-ratio_default_0.jpg","width":1200,"height":675},{"@type":"BreadcrumbList","@id":"https:\/\/vof-news.eu\/es\/cuando-se-cobra-el-imv-en-febrero-de-2026-fecha-de-abono-del-ingreso-minimo-vital\/#breadcrumb","itemListElement":[{"@type":"ListItem","position":1,"name":"Home","item":"https:\/\/vof-news.eu\/es\/"},{"@type":"ListItem","position":2,"name":"Cu\u00e1ndo se cobra el IMV en febrero de 2026: fecha de abono del Ingreso M\u00ednimo Vital"}]},{"@type":"WebSite","@id":"https:\/\/vof-news.eu\/es\/#website","url":"https:\/\/vof-news.eu\/es\/","name":"vof-news.eu","description":"","potentialAction":[{"@type":"SearchAction","target":{"@type":"EntryPoint","urlTemplate":"https:\/\/vof-news.eu\/es\/?s={search_term_string}"},"query-input":"required name=search_term_string"}],"inLanguage":"es"},{"@type":"Person","@id":"https:\/\/vof-news.eu\/es\/#\/schema\/person\/f6a2a4309f0561835797fd8c19b333ed","name":"Author","image":{"@type":"ImageObject","inLanguage":"es","@id":"https:\/\/vof-news.eu\/es\/#\/schema\/person\/image\/","url":"https:\/\/secure.gravatar.com\/avatar\/b67e614b1b25b3e9c0c239efdd2fde5ab015b5affd6f1c3c85911ca4b384e790?s=96&d=mm&r=g","contentUrl":"https:\/\/secure.gravatar.com\/avatar\/b67e614b1b25b3e9c0c239efdd2fde5ab015b5affd6f1c3c85911ca4b384e790?s=96&d=mm&r=g","caption":"Author"},"sameAs":["http:\/\/vof-news.eu"],"url":"https:\/\/vof-news.eu\/es\/author\/zwt6qxnjulxbnyg\/"}]}},"yoast_meta":{"yoast_wpseo_title":"","yoast_wpseo_metadesc":"","yoast_wpseo_canonical":""},"_links":{"self":[{"href":"https:\/\/vof-news.eu\/es\/wp-json\/wp\/v2\/posts\/322663","targetHints":{"allow":["GET"]}}],"collection":[{"href":"https:\/\/vof-news.eu\/es\/wp-json\/wp\/v2\/posts"}],"about":[{"href":"https:\/\/vof-news.eu\/es\/wp-json\/wp\/v2\/types\/post"}],"author":[{"embeddable":true,"href":"https:\/\/vof-news.eu\/es\/wp-json\/wp\/v2\/users\/1"}],"replies":[{"embeddable":true,"href":"https:\/\/vof-news.eu\/es\/wp-json\/wp\/v2\/comments?post=322663"}],"version-history":[{"count":1,"href":"https:\/\/vof-news.eu\/es\/wp-json\/wp\/v2\/posts\/322663\/revisions"}],"predecessor-version":[{"id":322670,"href":"https:\/\/vof-news.eu\/es\/wp-json\/wp\/v2\/posts\/322663\/revisions\/322670"}],"wp:featuredmedia":[{"embeddable":true,"href":"https:\/\/vof-news.eu\/es\/wp-json\/wp\/v2\/media\/322664"}],"wp:attachment":[{"href":"https:\/\/vof-news.eu\/es\/wp-json\/wp\/v2\/media?parent=322663"}],"wp:term":[{"taxonomy":"category","embeddable":true,"href":"https:\/\/vof-news.eu\/es\/wp-json\/wp\/v2\/categories?post=322663"},{"taxonomy":"post_tag","embeddable":true,"href":"https:\/\/vof-news.eu\/es\/wp-json\/wp\/v2\/tags?post=322663"}],"curies":[{"name":"wp","href":"https:\/\/api.w.org\/{rel}","templated":true}]}}