{"id":322460,"date":"2026-02-01T19:19:26","date_gmt":"2026-02-01T16:19:26","guid":{"rendered":"https:\/\/vof-news.eu\/indra-autoriza-a-su-consejero-delegado-a-negociar-la-estructura-de-una-operacion-con-escribano\/"},"modified":"2026-02-01T19:20:38","modified_gmt":"2026-02-01T16:20:38","slug":"indra-autoriza-a-su-consejero-delegado-a-negociar-la-estructura-de-una-operacion-con-escribano","status":"publish","type":"post","link":"https:\/\/vof-news.eu\/es\/indra-autoriza-a-su-consejero-delegado-a-negociar-la-estructura-de-una-operacion-con-escribano\/","title":{"rendered":"Indra autoriza a su consejero delegado a negociar la estructura de una operaci\u00f3n con Escribano"},"content":{"rendered":"<div>\n<p>\n        El consejo de administraci\u00f3n de <a href=\"https:\/\/www.eldiario.es\/temas\/indra\/\" rel=\"nofollow\">Indra<\/a>, en la reuni\u00f3n del pasado jueves, le dio el visto bueno al consejero delegado de la compa\u00f1\u00eda, <a href=\"https:\/\/www.eldiario.es\/economia\/mozos-indra-destaca-papel-angel-escribano-transformando-empresa_1_12951342.html\" rel=\"nofollow\">Jos\u00e9 Vicente de los Mozos<\/a>, para que negocie con Escribano Mechanical &amp; Engineering (EM&amp;E) la estructura de una operaci\u00f3n que, en principio, apuntaba a ejecutarse como una fusi\u00f3n por absorci\u00f3n, aunque ahora se plantean alternativas como, por ejemplo, la adquisici\u00f3n de una participaci\u00f3n mayoritaria de EM&amp;E en efectivo, seg\u00fan ha adelantado el diario &#8216;Expansi\u00f3n&#8217; y han confirmado a Europa Press fuentes conocedoras de la situaci\u00f3n.\n    <\/p>\n<p>\n        Cabe recordar que la operaci\u00f3n presenta diversos conflictos de inter\u00e9s debido a que los propietarios de EM&amp;E son el presidente de Indra, \u00c1ngel Escribano, y su hermano y presidente de EM&amp;E, Javier Escribano, que tambi\u00e9n es consejero dominical de Indra debido a que EM&amp;E posee el 14,3% del capital de Indra.\n    <\/p>\n<p>\n        De hecho, EM&amp;E es el segundo mayor accionista de Indra despu\u00e9s del Gobierno, que posee un 28% de la compa\u00f1\u00eda a trav\u00e9s de la Sociedad Estatal de Participaciones Industriales (SEPI).\n    <\/p>\n<p>\n        De este modo, se prev\u00e9 que De los Mozos se reunir\u00e1 en los pr\u00f3ximos d\u00edas con Javier Escribano para empezar a estructurar la operaci\u00f3n.\n    <\/p>\n<p>\n        En este contexto, uno de los principales aspectos que determinar\u00e1 el modo en el que se ejecute finalmente la operaci\u00f3n tiene que ver con la valoraci\u00f3n final de EM&amp;E, dado que, entre otras cuestiones, determinar\u00eda el tipo de canje de acciones que se efectuar\u00eda en una potencial fusi\u00f3n por absorci\u00f3n y, por tanto, el peso que tendr\u00eda la empresa familiar de los Escribano en el capital de Indra.\n    <\/p>\n<p>\n        Si bien el Gobierno era el principal valedor e impulsor de la operaci\u00f3n, al Ejecutivo le han entrado dudas acerca de la idoneidad del movimiento tal y como estaba planteado desde un principio y, m\u00e1s all\u00e1 de los conflictos de inter\u00e9s presentes desde el inicio del proceso, lo que quiere evitar es perder el control de la principal empresa nacional de defensa, sobre todo en un contexto geopol\u00edtico como el actual.\n    <\/p>\n<p>\n        Es por esto que la valoraci\u00f3n de EM&amp;E, la cual se prev\u00e9 que se conocer\u00e1 cuando se auditen las cuentas correspondientes a 2025 de ambas empresas, tiene tanta importancia, dado que en una potencial fusi\u00f3n por absoci\u00f3n la participaci\u00f3n de los otros accionistas se diluir\u00e1 m\u00e1s o menos en funci\u00f3n de ese factor, que determinar\u00e1 la ecuaci\u00f3n de canje.\n    <\/p>\n<p>\n        Sin embargo, m\u00e1s all\u00e1 de esa opci\u00f3n tambi\u00e9n est\u00e1 la alternativa de que, en lugar de absorber el 100% de EM&amp;E, Indra tome una participaci\u00f3n de control \u2014a partir del 50,01%\u2014 en efectivo o en acciones.\n    <\/p>\n<p>\n        En caso de una toma del control en acciones (en lugar del 100%) la mencionada diluci\u00f3n de los otros accionistas ser\u00eda menor, algo que encajar\u00eda, por ejemplo, en el objetivo del Gobierno de no perder el control de la principal compa\u00f1\u00eda nacional de defensa.\n    <\/p>\n<p>\n        En este contexto, otra posibilidad con la que se especula tiene que ver con que \u00c1ngel Escribano d\u00e9 un paso un lado para despejar las dudas en torno a los conflictos de inter\u00e9s que conlleva la operaci\u00f3n.\n    <\/p>\n<p>\n        Sin embargo, esta misma semana De los Mozos destac\u00f3 el conocimiento que tiene Escribano de la industria de la defensa y puso en valor el t\u00e1ndem que forman al resaltar que, entre ambos, est\u00e1n \u201ctransformando\u201d la empresa.\n    <\/p>\n<p>\n        \u201cCon la entrada de \u00c1ngel Escribano, juntos, estamos transformando esta empresa. Con su &#8216;know-how&#8217;, conoce la industria, y eso nos ha permitido, con los diferentes proyectos (&#8230;) tomar decisiones arriesgadas como &#8216;El Taller\u00f3n&#8217; (la f\u00e1brica adquirida a Duro Felguera en Gij\u00f3n para producir blindados en ella) y la f\u00e1brica de radares en C\u00f3rdoba\u201d, afirm\u00f3 De los Mozos durante su intervenci\u00f3n ante la secretaria de Estado de Defensa, Amparo Valcarce, en un desayuno de trabajo celebrado en Madrid.\n    <\/p>\n<\/div>\n","protected":false},"excerpt":{"rendered":"<p>El consejo de administraci\u00f3n de Indra, en la reuni\u00f3n del pasado jueves, le dio el visto bueno al consejero delegado de la compa\u00f1\u00eda, Jos\u00e9 Vicente de los Mozos, para que negocie con Escribano Mechanical &amp; Engineering (EM&amp;E) la estructura de una operaci\u00f3n que, en principio, apuntaba a ejecutarse como una fusi\u00f3n por absorci\u00f3n, aunque ahora<\/p>\n","protected":false},"author":1,"featured_media":322461,"comment_status":"open","ping_status":"open","sticky":false,"template":"","format":"standard","meta":{"footnotes":""},"categories":[61],"tags":[],"class_list":["post-322460","post","type-post","status-publish","format-standard","has-post-thumbnail","hentry","category-business-es"],"acf":[],"yoast_head":"<!-- This site is optimized with the Yoast SEO plugin v22.9 - https:\/\/yoast.com\/wordpress\/plugins\/seo\/ -->\n<title>Indra autoriza a su consejero delegado a negociar la estructura de una operaci\u00f3n con Escribano - vof-news.eu<\/title>\n<meta name=\"description\" content=\"El consejo de administraci\u00f3n de Indra, en la reuni\u00f3n del pasado jueves, le dio el visto bueno al consejero delegado de la compa\u00f1\u00eda, Jos\u00e9 Vicente de los Mozos, para que negocie con Escribano Mechanical &amp; Engineering (EM&amp;E) la estructura de una operaci\u00f3n que, en principio, apuntaba a ejecutarse como una fusi\u00f3n por absorci\u00f3n, aunque ahora se plantean alternativas como, por ejemplo, la adquisici\u00f3n de una participaci\u00f3n mayoritaria de EM&amp;E en efectivo, seg\u00fan ha adelantado el diario &#039;Expansi\u00f3n&#039; y han confirmado a Europa Press fuentes conocedoras de la situaci\u00f3n.\" \/>\n<meta name=\"robots\" content=\"noindex, follow, max-snippet:-1, max-image-preview:large, max-video-preview:-1\" \/>\n<meta property=\"og:locale\" content=\"es_ES\" \/>\n<meta property=\"og:type\" content=\"article\" \/>\n<meta property=\"og:title\" content=\"Indra autoriza a su consejero delegado a negociar la estructura de una operaci\u00f3n con Escribano - vof-news.eu\" \/>\n<meta property=\"og:description\" content=\"El consejo de administraci\u00f3n de Indra, en la reuni\u00f3n del pasado jueves, le dio el visto bueno al consejero delegado de la compa\u00f1\u00eda, Jos\u00e9 Vicente de los Mozos, para que negocie con Escribano Mechanical &amp; Engineering (EM&amp;E) la estructura de una operaci\u00f3n que, en principio, apuntaba a ejecutarse como una fusi\u00f3n por absorci\u00f3n, aunque ahora se plantean alternativas como, por ejemplo, la adquisici\u00f3n de una participaci\u00f3n mayoritaria de EM&amp;E en efectivo, seg\u00fan ha adelantado el diario &#039;Expansi\u00f3n&#039; y han confirmado a Europa Press fuentes conocedoras de la situaci\u00f3n.\" \/>\n<meta property=\"og:url\" content=\"https:\/\/vof-news.eu\/es\/indra-autoriza-a-su-consejero-delegado-a-negociar-la-estructura-de-una-operacion-con-escribano\/\" \/>\n<meta property=\"og:site_name\" content=\"vof-news.eu\" \/>\n<meta property=\"article:published_time\" content=\"2026-02-01T16:19:26+00:00\" \/>\n<meta property=\"article:modified_time\" content=\"2026-02-01T16:20:38+00:00\" \/>\n<meta property=\"og:image\" content=\"https:\/\/vof-news.eu\/wp-content\/uploads\/2026\/02\/bd48b610-34f8-4887-ab6f-abfa34794c9f_16-9-discover-aspect-ratio_default_0.jpg\" \/>\n\t<meta property=\"og:image:width\" content=\"1200\" \/>\n\t<meta property=\"og:image:height\" content=\"675\" \/>\n\t<meta property=\"og:image:type\" content=\"image\/jpeg\" \/>\n<meta name=\"author\" content=\"Author\" \/>\n<meta name=\"twitter:card\" content=\"summary_large_image\" \/>\n<meta name=\"twitter:label1\" content=\"Escrito por\" \/>\n\t<meta name=\"twitter:data1\" content=\"Author\" \/>\n\t<meta name=\"twitter:label2\" content=\"Tiempo de lectura\" \/>\n\t<meta name=\"twitter:data2\" content=\"3 minutos\" \/>\n<script type=\"application\/ld+json\" class=\"yoast-schema-graph\">{\"@context\":\"https:\/\/schema.org\",\"@graph\":[{\"@type\":\"WebPage\",\"@id\":\"https:\/\/vof-news.eu\/es\/indra-autoriza-a-su-consejero-delegado-a-negociar-la-estructura-de-una-operacion-con-escribano\/\",\"url\":\"https:\/\/vof-news.eu\/es\/indra-autoriza-a-su-consejero-delegado-a-negociar-la-estructura-de-una-operacion-con-escribano\/\",\"name\":\"Indra autoriza a su consejero delegado a negociar la estructura de una operaci\u00f3n con Escribano - vof-news.eu\",\"isPartOf\":{\"@id\":\"https:\/\/vof-news.eu\/es\/#website\"},\"primaryImageOfPage\":{\"@id\":\"https:\/\/vof-news.eu\/es\/indra-autoriza-a-su-consejero-delegado-a-negociar-la-estructura-de-una-operacion-con-escribano\/#primaryimage\"},\"image\":{\"@id\":\"https:\/\/vof-news.eu\/es\/indra-autoriza-a-su-consejero-delegado-a-negociar-la-estructura-de-una-operacion-con-escribano\/#primaryimage\"},\"thumbnailUrl\":\"https:\/\/vof-news.eu\/wp-content\/uploads\/2026\/02\/bd48b610-34f8-4887-ab6f-abfa34794c9f_16-9-discover-aspect-ratio_default_0.jpg\",\"datePublished\":\"2026-02-01T16:19:26+00:00\",\"dateModified\":\"2026-02-01T16:20:38+00:00\",\"author\":{\"@id\":\"https:\/\/vof-news.eu\/es\/#\/schema\/person\/f6a2a4309f0561835797fd8c19b333ed\"},\"description\":\"El consejo de administraci\u00f3n de Indra, en la reuni\u00f3n del pasado jueves, le dio el visto bueno al consejero delegado de la compa\u00f1\u00eda, Jos\u00e9 Vicente de los Mozos, para que negocie con Escribano Mechanical &amp; Engineering (EM&amp;E) la estructura de una operaci\u00f3n que, en principio, apuntaba a ejecutarse como una fusi\u00f3n por absorci\u00f3n, aunque ahora se plantean alternativas como, por ejemplo, la adquisici\u00f3n de una participaci\u00f3n mayoritaria de EM&amp;E en efectivo, seg\u00fan ha adelantado el diario 'Expansi\u00f3n' y han confirmado a Europa Press fuentes conocedoras de la situaci\u00f3n.\",\"breadcrumb\":{\"@id\":\"https:\/\/vof-news.eu\/es\/indra-autoriza-a-su-consejero-delegado-a-negociar-la-estructura-de-una-operacion-con-escribano\/#breadcrumb\"},\"inLanguage\":\"es\",\"potentialAction\":[{\"@type\":\"ReadAction\",\"target\":[\"https:\/\/vof-news.eu\/es\/indra-autoriza-a-su-consejero-delegado-a-negociar-la-estructura-de-una-operacion-con-escribano\/\"]}]},{\"@type\":\"ImageObject\",\"inLanguage\":\"es\",\"@id\":\"https:\/\/vof-news.eu\/es\/indra-autoriza-a-su-consejero-delegado-a-negociar-la-estructura-de-una-operacion-con-escribano\/#primaryimage\",\"url\":\"https:\/\/vof-news.eu\/wp-content\/uploads\/2026\/02\/bd48b610-34f8-4887-ab6f-abfa34794c9f_16-9-discover-aspect-ratio_default_0.jpg\",\"contentUrl\":\"https:\/\/vof-news.eu\/wp-content\/uploads\/2026\/02\/bd48b610-34f8-4887-ab6f-abfa34794c9f_16-9-discover-aspect-ratio_default_0.jpg\",\"width\":1200,\"height\":675},{\"@type\":\"BreadcrumbList\",\"@id\":\"https:\/\/vof-news.eu\/es\/indra-autoriza-a-su-consejero-delegado-a-negociar-la-estructura-de-una-operacion-con-escribano\/#breadcrumb\",\"itemListElement\":[{\"@type\":\"ListItem\",\"position\":1,\"name\":\"Home\",\"item\":\"https:\/\/vof-news.eu\/es\/\"},{\"@type\":\"ListItem\",\"position\":2,\"name\":\"Indra autoriza a su consejero delegado a negociar la estructura de una operaci\u00f3n con Escribano\"}]},{\"@type\":\"WebSite\",\"@id\":\"https:\/\/vof-news.eu\/es\/#website\",\"url\":\"https:\/\/vof-news.eu\/es\/\",\"name\":\"vof-news.eu\",\"description\":\"\",\"potentialAction\":[{\"@type\":\"SearchAction\",\"target\":{\"@type\":\"EntryPoint\",\"urlTemplate\":\"https:\/\/vof-news.eu\/es\/?s={search_term_string}\"},\"query-input\":\"required name=search_term_string\"}],\"inLanguage\":\"es\"},{\"@type\":\"Person\",\"@id\":\"https:\/\/vof-news.eu\/es\/#\/schema\/person\/f6a2a4309f0561835797fd8c19b333ed\",\"name\":\"Author\",\"image\":{\"@type\":\"ImageObject\",\"inLanguage\":\"es\",\"@id\":\"https:\/\/vof-news.eu\/es\/#\/schema\/person\/image\/\",\"url\":\"https:\/\/secure.gravatar.com\/avatar\/b67e614b1b25b3e9c0c239efdd2fde5ab015b5affd6f1c3c85911ca4b384e790?s=96&d=mm&r=g\",\"contentUrl\":\"https:\/\/secure.gravatar.com\/avatar\/b67e614b1b25b3e9c0c239efdd2fde5ab015b5affd6f1c3c85911ca4b384e790?s=96&d=mm&r=g\",\"caption\":\"Author\"},\"sameAs\":[\"http:\/\/vof-news.eu\"],\"url\":\"https:\/\/vof-news.eu\/es\/author\/zwt6qxnjulxbnyg\/\"}]}<\/script>\n<!-- \/ Yoast SEO plugin. -->","yoast_head_json":{"title":"Indra autoriza a su consejero delegado a negociar la estructura de una operaci\u00f3n con Escribano - vof-news.eu","description":"El consejo de administraci\u00f3n de Indra, en la reuni\u00f3n del pasado jueves, le dio el visto bueno al consejero delegado de la compa\u00f1\u00eda, Jos\u00e9 Vicente de los Mozos, para que negocie con Escribano Mechanical &amp; Engineering (EM&amp;E) la estructura de una operaci\u00f3n que, en principio, apuntaba a ejecutarse como una fusi\u00f3n por absorci\u00f3n, aunque ahora se plantean alternativas como, por ejemplo, la adquisici\u00f3n de una participaci\u00f3n mayoritaria de EM&amp;E en efectivo, seg\u00fan ha adelantado el diario 'Expansi\u00f3n' y han confirmado a Europa Press fuentes conocedoras de la situaci\u00f3n.","robots":{"index":"noindex","follow":"follow","max-snippet":"max-snippet:-1","max-image-preview":"max-image-preview:large","max-video-preview":"max-video-preview:-1"},"og_locale":"es_ES","og_type":"article","og_title":"Indra autoriza a su consejero delegado a negociar la estructura de una operaci\u00f3n con Escribano - vof-news.eu","og_description":"El consejo de administraci\u00f3n de Indra, en la reuni\u00f3n del pasado jueves, le dio el visto bueno al consejero delegado de la compa\u00f1\u00eda, Jos\u00e9 Vicente de los Mozos, para que negocie con Escribano Mechanical &amp; Engineering (EM&amp;E) la estructura de una operaci\u00f3n que, en principio, apuntaba a ejecutarse como una fusi\u00f3n por absorci\u00f3n, aunque ahora se plantean alternativas como, por ejemplo, la adquisici\u00f3n de una participaci\u00f3n mayoritaria de EM&amp;E en efectivo, seg\u00fan ha adelantado el diario 'Expansi\u00f3n' y han confirmado a Europa Press fuentes conocedoras de la situaci\u00f3n.","og_url":"https:\/\/vof-news.eu\/es\/indra-autoriza-a-su-consejero-delegado-a-negociar-la-estructura-de-una-operacion-con-escribano\/","og_site_name":"vof-news.eu","article_published_time":"2026-02-01T16:19:26+00:00","article_modified_time":"2026-02-01T16:20:38+00:00","og_image":[{"width":1200,"height":675,"url":"https:\/\/vof-news.eu\/wp-content\/uploads\/2026\/02\/bd48b610-34f8-4887-ab6f-abfa34794c9f_16-9-discover-aspect-ratio_default_0.jpg","type":"image\/jpeg"}],"author":"Author","twitter_card":"summary_large_image","twitter_misc":{"Escrito por":"Author","Tiempo de lectura":"3 minutos"},"schema":{"@context":"https:\/\/schema.org","@graph":[{"@type":"WebPage","@id":"https:\/\/vof-news.eu\/es\/indra-autoriza-a-su-consejero-delegado-a-negociar-la-estructura-de-una-operacion-con-escribano\/","url":"https:\/\/vof-news.eu\/es\/indra-autoriza-a-su-consejero-delegado-a-negociar-la-estructura-de-una-operacion-con-escribano\/","name":"Indra autoriza a su consejero delegado a negociar la estructura de una operaci\u00f3n con Escribano - vof-news.eu","isPartOf":{"@id":"https:\/\/vof-news.eu\/es\/#website"},"primaryImageOfPage":{"@id":"https:\/\/vof-news.eu\/es\/indra-autoriza-a-su-consejero-delegado-a-negociar-la-estructura-de-una-operacion-con-escribano\/#primaryimage"},"image":{"@id":"https:\/\/vof-news.eu\/es\/indra-autoriza-a-su-consejero-delegado-a-negociar-la-estructura-de-una-operacion-con-escribano\/#primaryimage"},"thumbnailUrl":"https:\/\/vof-news.eu\/wp-content\/uploads\/2026\/02\/bd48b610-34f8-4887-ab6f-abfa34794c9f_16-9-discover-aspect-ratio_default_0.jpg","datePublished":"2026-02-01T16:19:26+00:00","dateModified":"2026-02-01T16:20:38+00:00","author":{"@id":"https:\/\/vof-news.eu\/es\/#\/schema\/person\/f6a2a4309f0561835797fd8c19b333ed"},"description":"El consejo de administraci\u00f3n de Indra, en la reuni\u00f3n del pasado jueves, le dio el visto bueno al consejero delegado de la compa\u00f1\u00eda, Jos\u00e9 Vicente de los Mozos, para que negocie con Escribano Mechanical &amp; Engineering (EM&amp;E) la estructura de una operaci\u00f3n que, en principio, apuntaba a ejecutarse como una fusi\u00f3n por absorci\u00f3n, aunque ahora se plantean alternativas como, por ejemplo, la adquisici\u00f3n de una participaci\u00f3n mayoritaria de EM&amp;E en efectivo, seg\u00fan ha adelantado el diario 'Expansi\u00f3n' y han confirmado a Europa Press fuentes conocedoras de la situaci\u00f3n.","breadcrumb":{"@id":"https:\/\/vof-news.eu\/es\/indra-autoriza-a-su-consejero-delegado-a-negociar-la-estructura-de-una-operacion-con-escribano\/#breadcrumb"},"inLanguage":"es","potentialAction":[{"@type":"ReadAction","target":["https:\/\/vof-news.eu\/es\/indra-autoriza-a-su-consejero-delegado-a-negociar-la-estructura-de-una-operacion-con-escribano\/"]}]},{"@type":"ImageObject","inLanguage":"es","@id":"https:\/\/vof-news.eu\/es\/indra-autoriza-a-su-consejero-delegado-a-negociar-la-estructura-de-una-operacion-con-escribano\/#primaryimage","url":"https:\/\/vof-news.eu\/wp-content\/uploads\/2026\/02\/bd48b610-34f8-4887-ab6f-abfa34794c9f_16-9-discover-aspect-ratio_default_0.jpg","contentUrl":"https:\/\/vof-news.eu\/wp-content\/uploads\/2026\/02\/bd48b610-34f8-4887-ab6f-abfa34794c9f_16-9-discover-aspect-ratio_default_0.jpg","width":1200,"height":675},{"@type":"BreadcrumbList","@id":"https:\/\/vof-news.eu\/es\/indra-autoriza-a-su-consejero-delegado-a-negociar-la-estructura-de-una-operacion-con-escribano\/#breadcrumb","itemListElement":[{"@type":"ListItem","position":1,"name":"Home","item":"https:\/\/vof-news.eu\/es\/"},{"@type":"ListItem","position":2,"name":"Indra autoriza a su consejero delegado a negociar la estructura de una operaci\u00f3n con Escribano"}]},{"@type":"WebSite","@id":"https:\/\/vof-news.eu\/es\/#website","url":"https:\/\/vof-news.eu\/es\/","name":"vof-news.eu","description":"","potentialAction":[{"@type":"SearchAction","target":{"@type":"EntryPoint","urlTemplate":"https:\/\/vof-news.eu\/es\/?s={search_term_string}"},"query-input":"required name=search_term_string"}],"inLanguage":"es"},{"@type":"Person","@id":"https:\/\/vof-news.eu\/es\/#\/schema\/person\/f6a2a4309f0561835797fd8c19b333ed","name":"Author","image":{"@type":"ImageObject","inLanguage":"es","@id":"https:\/\/vof-news.eu\/es\/#\/schema\/person\/image\/","url":"https:\/\/secure.gravatar.com\/avatar\/b67e614b1b25b3e9c0c239efdd2fde5ab015b5affd6f1c3c85911ca4b384e790?s=96&d=mm&r=g","contentUrl":"https:\/\/secure.gravatar.com\/avatar\/b67e614b1b25b3e9c0c239efdd2fde5ab015b5affd6f1c3c85911ca4b384e790?s=96&d=mm&r=g","caption":"Author"},"sameAs":["http:\/\/vof-news.eu"],"url":"https:\/\/vof-news.eu\/es\/author\/zwt6qxnjulxbnyg\/"}]}},"yoast_meta":{"yoast_wpseo_title":"","yoast_wpseo_metadesc":"","yoast_wpseo_canonical":""},"_links":{"self":[{"href":"https:\/\/vof-news.eu\/es\/wp-json\/wp\/v2\/posts\/322460","targetHints":{"allow":["GET"]}}],"collection":[{"href":"https:\/\/vof-news.eu\/es\/wp-json\/wp\/v2\/posts"}],"about":[{"href":"https:\/\/vof-news.eu\/es\/wp-json\/wp\/v2\/types\/post"}],"author":[{"embeddable":true,"href":"https:\/\/vof-news.eu\/es\/wp-json\/wp\/v2\/users\/1"}],"replies":[{"embeddable":true,"href":"https:\/\/vof-news.eu\/es\/wp-json\/wp\/v2\/comments?post=322460"}],"version-history":[{"count":1,"href":"https:\/\/vof-news.eu\/es\/wp-json\/wp\/v2\/posts\/322460\/revisions"}],"predecessor-version":[{"id":322467,"href":"https:\/\/vof-news.eu\/es\/wp-json\/wp\/v2\/posts\/322460\/revisions\/322467"}],"wp:featuredmedia":[{"embeddable":true,"href":"https:\/\/vof-news.eu\/es\/wp-json\/wp\/v2\/media\/322461"}],"wp:attachment":[{"href":"https:\/\/vof-news.eu\/es\/wp-json\/wp\/v2\/media?parent=322460"}],"wp:term":[{"taxonomy":"category","embeddable":true,"href":"https:\/\/vof-news.eu\/es\/wp-json\/wp\/v2\/categories?post=322460"},{"taxonomy":"post_tag","embeddable":true,"href":"https:\/\/vof-news.eu\/es\/wp-json\/wp\/v2\/tags?post=322460"}],"curies":[{"name":"wp","href":"https:\/\/api.w.org\/{rel}","templated":true}]}}