{"id":322406,"date":"2026-02-01T15:19:12","date_gmt":"2026-02-01T12:19:12","guid":{"rendered":"https:\/\/vof-news.eu\/muere-el-actor-y-humorista-fernando-esteso-a-los-80-anos\/"},"modified":"2026-02-01T15:19:52","modified_gmt":"2026-02-01T12:19:52","slug":"muere-el-actor-y-humorista-fernando-esteso-a-los-80-anos","status":"publish","type":"post","link":"https:\/\/vof-news.eu\/es\/muere-el-actor-y-humorista-fernando-esteso-a-los-80-anos\/","title":{"rendered":"Muere el actor y humorista Fernando Esteso a los 80 a\u00f1os"},"content":{"rendered":"<div>\n<p>El c\u00f3mico y actor<strong> Fernando Esteso <\/strong>ha muerto en <strong>Valencia <\/strong>a los 80 a\u00f1os, seg\u00fan avanza el peri\u00f3dico Levante EMV y ha confirmado la Consejera de Sanidad de la Comunidad Valenciana y m\u00e1s tarde la Academia de Cine. La muerte del m\u00edtico actor se ha producido durante esta madrugada.<\/p>\n<p>Se desconocen las causas de su fallecimiento pero hace a\u00f1os el actor ya estuvo ingresado en el mismo hospital por problemas respiratorios.<\/p>\n<p>Nacido en 1945 en <strong>Zaragoza<\/strong>, con apenas seis a\u00f1os comenz\u00f3 su carrera art\u00edstica en el mundo de las jotas y el teatro de variedades, pero su popularidad la alcanz\u00f3 en los 70 y 80 gracias al mundo de la comedia y el cine del destape. En su filmograf\u00eda figuran grandes \u00e9xitos, muchos de ellos junto a Andr\u00e9s Pajares, como Los BIngueros (1979), Yo hice a Rocky III (1980) o La Lola nos lleva al huerto (1984).<\/p>\n<p>Hace menos de un a\u00f1o cumpl\u00eda 80, el pasado mes de febrero, y cont\u00f3 en una <a href=\"https:\/\/www.elmundo.es\/loc\/famosos\/2025\/02\/15\/67af31b8e9cf4a8c158b459b.html\" rel=\"nofollow\">entrevista con EL MUNDO<\/a> que viv\u00eda en Valencia con sus dos hijos y su perro y so\u00f1aba con escribir un libro de recuerdos. No se hab\u00eda retirado, aunque se dedicaba a otros menesteres: hab\u00eda lanzado una colecci\u00f3n de vinos de Ribera del Duero de la a\u00f1ada 2012.<\/p>\n<hr\/>\n<\/div>\n","protected":false},"excerpt":{"rendered":"<p>El c\u00f3mico y actor Fernando Esteso ha muerto en Valencia a los 80 a\u00f1os, seg\u00fan avanza el peri\u00f3dico Levante EMV y ha confirmado la Consejera de Sanidad de la Comunidad Valenciana y m\u00e1s tarde la Academia de Cine. La muerte del m\u00edtico actor se ha producido durante esta madrugada. Se desconocen las causas de su<\/p>\n","protected":false},"author":1,"featured_media":0,"comment_status":"open","ping_status":"open","sticky":false,"template":"","format":"standard","meta":{"footnotes":""},"categories":[66],"tags":[],"class_list":["post-322406","post","type-post","status-publish","format-standard","hentry","category-culture-es"],"acf":[],"yoast_head":"<!-- This site is optimized with the Yoast SEO plugin v22.9 - https:\/\/yoast.com\/wordpress\/plugins\/seo\/ -->\n<title>Muere el actor y humorista Fernando Esteso a los 80 a\u00f1os - vof-news.eu<\/title>\n<meta name=\"description\" content=\"El c\u00f3mico y actor Fernando Esteso ha muerto en Valencia a los 80 a\u00f1os, seg\u00fan avanza el peri\u00f3dico Levante EMV y ha confirmado la Consejera de Sanidad de la Comunidad Valenciana y m\u00e1s tarde la Academia de Cine. La muerte del m\u00edtico actor se ha producido durante esta madrugada.Se desconocen las causas de su fallecimiento pero hace a\u00f1os el actor ya estuvo ingresado en el mismo hospital por problemas respiratorios.Nacido en 1945 en Zaragoza, con apenas seis a\u00f1os comenz\u00f3 su carrera art\u00edstica en el mundo de las jotas y el teatro de variedades, pero su popularidad la alcanz\u00f3 en los 70 y 80 gracias al mundo de la comedia y el cine del destape. En su filmograf\u00eda figuran grandes \u00e9xitos, muchos de ellos junto a Andr\u00e9s Pajares, como Los BIngueros (1979), Yo hice a Rocky III (1980) o La Lola nos lleva al huerto (1984).Hace menos de un a\u00f1o cumpl\u00eda 80, el pasado mes de febrero, y cont\u00f3 en una entrevista con EL MUNDO que viv\u00eda en Valencia con sus dos hijos y su perro y so\u00f1aba con escribir un libro de recuerdos. No se hab\u00eda retirado, aunque se dedicaba a otros menesteres: hab\u00eda lanzado una colecci\u00f3n de vinos de Ribera del Duero de la a\u00f1ada 2012.\" \/>\n<meta name=\"robots\" content=\"noindex, follow, max-snippet:-1, max-image-preview:large, max-video-preview:-1\" \/>\n<meta property=\"og:locale\" content=\"es_ES\" \/>\n<meta property=\"og:type\" content=\"article\" \/>\n<meta property=\"og:title\" content=\"Muere el actor y humorista Fernando Esteso a los 80 a\u00f1os - vof-news.eu\" \/>\n<meta property=\"og:description\" content=\"El c\u00f3mico y actor Fernando Esteso ha muerto en Valencia a los 80 a\u00f1os, seg\u00fan avanza el peri\u00f3dico Levante EMV y ha confirmado la Consejera de Sanidad de la Comunidad Valenciana y m\u00e1s tarde la Academia de Cine. La muerte del m\u00edtico actor se ha producido durante esta madrugada.Se desconocen las causas de su fallecimiento pero hace a\u00f1os el actor ya estuvo ingresado en el mismo hospital por problemas respiratorios.Nacido en 1945 en Zaragoza, con apenas seis a\u00f1os comenz\u00f3 su carrera art\u00edstica en el mundo de las jotas y el teatro de variedades, pero su popularidad la alcanz\u00f3 en los 70 y 80 gracias al mundo de la comedia y el cine del destape. En su filmograf\u00eda figuran grandes \u00e9xitos, muchos de ellos junto a Andr\u00e9s Pajares, como Los BIngueros (1979), Yo hice a Rocky III (1980) o La Lola nos lleva al huerto (1984).Hace menos de un a\u00f1o cumpl\u00eda 80, el pasado mes de febrero, y cont\u00f3 en una entrevista con EL MUNDO que viv\u00eda en Valencia con sus dos hijos y su perro y so\u00f1aba con escribir un libro de recuerdos. No se hab\u00eda retirado, aunque se dedicaba a otros menesteres: hab\u00eda lanzado una colecci\u00f3n de vinos de Ribera del Duero de la a\u00f1ada 2012.\" \/>\n<meta property=\"og:url\" content=\"https:\/\/vof-news.eu\/es\/muere-el-actor-y-humorista-fernando-esteso-a-los-80-anos\/\" \/>\n<meta property=\"og:site_name\" content=\"vof-news.eu\" \/>\n<meta property=\"article:published_time\" content=\"2026-02-01T12:19:12+00:00\" \/>\n<meta property=\"article:modified_time\" content=\"2026-02-01T12:19:52+00:00\" \/>\n<meta name=\"author\" content=\"Author\" \/>\n<meta name=\"twitter:card\" content=\"summary_large_image\" \/>\n<meta name=\"twitter:label1\" content=\"Escrito por\" \/>\n\t<meta name=\"twitter:data1\" content=\"Author\" \/>\n\t<meta name=\"twitter:label2\" content=\"Tiempo de lectura\" \/>\n\t<meta name=\"twitter:data2\" content=\"1 minuto\" \/>\n<script type=\"application\/ld+json\" class=\"yoast-schema-graph\">{\"@context\":\"https:\/\/schema.org\",\"@graph\":[{\"@type\":\"WebPage\",\"@id\":\"https:\/\/vof-news.eu\/es\/muere-el-actor-y-humorista-fernando-esteso-a-los-80-anos\/\",\"url\":\"https:\/\/vof-news.eu\/es\/muere-el-actor-y-humorista-fernando-esteso-a-los-80-anos\/\",\"name\":\"Muere el actor y humorista Fernando Esteso a los 80 a\u00f1os - vof-news.eu\",\"isPartOf\":{\"@id\":\"https:\/\/vof-news.eu\/es\/#website\"},\"datePublished\":\"2026-02-01T12:19:12+00:00\",\"dateModified\":\"2026-02-01T12:19:52+00:00\",\"author\":{\"@id\":\"https:\/\/vof-news.eu\/es\/#\/schema\/person\/f6a2a4309f0561835797fd8c19b333ed\"},\"description\":\"El c\u00f3mico y actor Fernando Esteso ha muerto en Valencia a los 80 a\u00f1os, seg\u00fan avanza el peri\u00f3dico Levante EMV y ha confirmado la Consejera de Sanidad de la Comunidad Valenciana y m\u00e1s tarde la Academia de Cine. La muerte del m\u00edtico actor se ha producido durante esta madrugada.Se desconocen las causas de su fallecimiento pero hace a\u00f1os el actor ya estuvo ingresado en el mismo hospital por problemas respiratorios.Nacido en 1945 en Zaragoza, con apenas seis a\u00f1os comenz\u00f3 su carrera art\u00edstica en el mundo de las jotas y el teatro de variedades, pero su popularidad la alcanz\u00f3 en los 70 y 80 gracias al mundo de la comedia y el cine del destape. En su filmograf\u00eda figuran grandes \u00e9xitos, muchos de ellos junto a Andr\u00e9s Pajares, como Los BIngueros (1979), Yo hice a Rocky III (1980) o La Lola nos lleva al huerto (1984).Hace menos de un a\u00f1o cumpl\u00eda 80, el pasado mes de febrero, y cont\u00f3 en una entrevista con EL MUNDO que viv\u00eda en Valencia con sus dos hijos y su perro y so\u00f1aba con escribir un libro de recuerdos. No se hab\u00eda retirado, aunque se dedicaba a otros menesteres: hab\u00eda lanzado una colecci\u00f3n de vinos de Ribera del Duero de la a\u00f1ada 2012.\",\"breadcrumb\":{\"@id\":\"https:\/\/vof-news.eu\/es\/muere-el-actor-y-humorista-fernando-esteso-a-los-80-anos\/#breadcrumb\"},\"inLanguage\":\"es\",\"potentialAction\":[{\"@type\":\"ReadAction\",\"target\":[\"https:\/\/vof-news.eu\/es\/muere-el-actor-y-humorista-fernando-esteso-a-los-80-anos\/\"]}]},{\"@type\":\"BreadcrumbList\",\"@id\":\"https:\/\/vof-news.eu\/es\/muere-el-actor-y-humorista-fernando-esteso-a-los-80-anos\/#breadcrumb\",\"itemListElement\":[{\"@type\":\"ListItem\",\"position\":1,\"name\":\"Home\",\"item\":\"https:\/\/vof-news.eu\/es\/\"},{\"@type\":\"ListItem\",\"position\":2,\"name\":\"Muere el actor y humorista Fernando Esteso a los 80 a\u00f1os\"}]},{\"@type\":\"WebSite\",\"@id\":\"https:\/\/vof-news.eu\/es\/#website\",\"url\":\"https:\/\/vof-news.eu\/es\/\",\"name\":\"vof-news.eu\",\"description\":\"\",\"potentialAction\":[{\"@type\":\"SearchAction\",\"target\":{\"@type\":\"EntryPoint\",\"urlTemplate\":\"https:\/\/vof-news.eu\/es\/?s={search_term_string}\"},\"query-input\":\"required name=search_term_string\"}],\"inLanguage\":\"es\"},{\"@type\":\"Person\",\"@id\":\"https:\/\/vof-news.eu\/es\/#\/schema\/person\/f6a2a4309f0561835797fd8c19b333ed\",\"name\":\"Author\",\"image\":{\"@type\":\"ImageObject\",\"inLanguage\":\"es\",\"@id\":\"https:\/\/vof-news.eu\/es\/#\/schema\/person\/image\/\",\"url\":\"https:\/\/secure.gravatar.com\/avatar\/b67e614b1b25b3e9c0c239efdd2fde5ab015b5affd6f1c3c85911ca4b384e790?s=96&d=mm&r=g\",\"contentUrl\":\"https:\/\/secure.gravatar.com\/avatar\/b67e614b1b25b3e9c0c239efdd2fde5ab015b5affd6f1c3c85911ca4b384e790?s=96&d=mm&r=g\",\"caption\":\"Author\"},\"sameAs\":[\"http:\/\/vof-news.eu\"],\"url\":\"https:\/\/vof-news.eu\/es\/author\/zwt6qxnjulxbnyg\/\"}]}<\/script>\n<!-- \/ Yoast SEO plugin. -->","yoast_head_json":{"title":"Muere el actor y humorista Fernando Esteso a los 80 a\u00f1os - vof-news.eu","description":"El c\u00f3mico y actor Fernando Esteso ha muerto en Valencia a los 80 a\u00f1os, seg\u00fan avanza el peri\u00f3dico Levante EMV y ha confirmado la Consejera de Sanidad de la Comunidad Valenciana y m\u00e1s tarde la Academia de Cine. La muerte del m\u00edtico actor se ha producido durante esta madrugada.Se desconocen las causas de su fallecimiento pero hace a\u00f1os el actor ya estuvo ingresado en el mismo hospital por problemas respiratorios.Nacido en 1945 en Zaragoza, con apenas seis a\u00f1os comenz\u00f3 su carrera art\u00edstica en el mundo de las jotas y el teatro de variedades, pero su popularidad la alcanz\u00f3 en los 70 y 80 gracias al mundo de la comedia y el cine del destape. En su filmograf\u00eda figuran grandes \u00e9xitos, muchos de ellos junto a Andr\u00e9s Pajares, como Los BIngueros (1979), Yo hice a Rocky III (1980) o La Lola nos lleva al huerto (1984).Hace menos de un a\u00f1o cumpl\u00eda 80, el pasado mes de febrero, y cont\u00f3 en una entrevista con EL MUNDO que viv\u00eda en Valencia con sus dos hijos y su perro y so\u00f1aba con escribir un libro de recuerdos. No se hab\u00eda retirado, aunque se dedicaba a otros menesteres: hab\u00eda lanzado una colecci\u00f3n de vinos de Ribera del Duero de la a\u00f1ada 2012.","robots":{"index":"noindex","follow":"follow","max-snippet":"max-snippet:-1","max-image-preview":"max-image-preview:large","max-video-preview":"max-video-preview:-1"},"og_locale":"es_ES","og_type":"article","og_title":"Muere el actor y humorista Fernando Esteso a los 80 a\u00f1os - vof-news.eu","og_description":"El c\u00f3mico y actor Fernando Esteso ha muerto en Valencia a los 80 a\u00f1os, seg\u00fan avanza el peri\u00f3dico Levante EMV y ha confirmado la Consejera de Sanidad de la Comunidad Valenciana y m\u00e1s tarde la Academia de Cine. La muerte del m\u00edtico actor se ha producido durante esta madrugada.Se desconocen las causas de su fallecimiento pero hace a\u00f1os el actor ya estuvo ingresado en el mismo hospital por problemas respiratorios.Nacido en 1945 en Zaragoza, con apenas seis a\u00f1os comenz\u00f3 su carrera art\u00edstica en el mundo de las jotas y el teatro de variedades, pero su popularidad la alcanz\u00f3 en los 70 y 80 gracias al mundo de la comedia y el cine del destape. En su filmograf\u00eda figuran grandes \u00e9xitos, muchos de ellos junto a Andr\u00e9s Pajares, como Los BIngueros (1979), Yo hice a Rocky III (1980) o La Lola nos lleva al huerto (1984).Hace menos de un a\u00f1o cumpl\u00eda 80, el pasado mes de febrero, y cont\u00f3 en una entrevista con EL MUNDO que viv\u00eda en Valencia con sus dos hijos y su perro y so\u00f1aba con escribir un libro de recuerdos. No se hab\u00eda retirado, aunque se dedicaba a otros menesteres: hab\u00eda lanzado una colecci\u00f3n de vinos de Ribera del Duero de la a\u00f1ada 2012.","og_url":"https:\/\/vof-news.eu\/es\/muere-el-actor-y-humorista-fernando-esteso-a-los-80-anos\/","og_site_name":"vof-news.eu","article_published_time":"2026-02-01T12:19:12+00:00","article_modified_time":"2026-02-01T12:19:52+00:00","author":"Author","twitter_card":"summary_large_image","twitter_misc":{"Escrito por":"Author","Tiempo de lectura":"1 minuto"},"schema":{"@context":"https:\/\/schema.org","@graph":[{"@type":"WebPage","@id":"https:\/\/vof-news.eu\/es\/muere-el-actor-y-humorista-fernando-esteso-a-los-80-anos\/","url":"https:\/\/vof-news.eu\/es\/muere-el-actor-y-humorista-fernando-esteso-a-los-80-anos\/","name":"Muere el actor y humorista Fernando Esteso a los 80 a\u00f1os - vof-news.eu","isPartOf":{"@id":"https:\/\/vof-news.eu\/es\/#website"},"datePublished":"2026-02-01T12:19:12+00:00","dateModified":"2026-02-01T12:19:52+00:00","author":{"@id":"https:\/\/vof-news.eu\/es\/#\/schema\/person\/f6a2a4309f0561835797fd8c19b333ed"},"description":"El c\u00f3mico y actor Fernando Esteso ha muerto en Valencia a los 80 a\u00f1os, seg\u00fan avanza el peri\u00f3dico Levante EMV y ha confirmado la Consejera de Sanidad de la Comunidad Valenciana y m\u00e1s tarde la Academia de Cine. La muerte del m\u00edtico actor se ha producido durante esta madrugada.Se desconocen las causas de su fallecimiento pero hace a\u00f1os el actor ya estuvo ingresado en el mismo hospital por problemas respiratorios.Nacido en 1945 en Zaragoza, con apenas seis a\u00f1os comenz\u00f3 su carrera art\u00edstica en el mundo de las jotas y el teatro de variedades, pero su popularidad la alcanz\u00f3 en los 70 y 80 gracias al mundo de la comedia y el cine del destape. En su filmograf\u00eda figuran grandes \u00e9xitos, muchos de ellos junto a Andr\u00e9s Pajares, como Los BIngueros (1979), Yo hice a Rocky III (1980) o La Lola nos lleva al huerto (1984).Hace menos de un a\u00f1o cumpl\u00eda 80, el pasado mes de febrero, y cont\u00f3 en una entrevista con EL MUNDO que viv\u00eda en Valencia con sus dos hijos y su perro y so\u00f1aba con escribir un libro de recuerdos. No se hab\u00eda retirado, aunque se dedicaba a otros menesteres: hab\u00eda lanzado una colecci\u00f3n de vinos de Ribera del Duero de la a\u00f1ada 2012.","breadcrumb":{"@id":"https:\/\/vof-news.eu\/es\/muere-el-actor-y-humorista-fernando-esteso-a-los-80-anos\/#breadcrumb"},"inLanguage":"es","potentialAction":[{"@type":"ReadAction","target":["https:\/\/vof-news.eu\/es\/muere-el-actor-y-humorista-fernando-esteso-a-los-80-anos\/"]}]},{"@type":"BreadcrumbList","@id":"https:\/\/vof-news.eu\/es\/muere-el-actor-y-humorista-fernando-esteso-a-los-80-anos\/#breadcrumb","itemListElement":[{"@type":"ListItem","position":1,"name":"Home","item":"https:\/\/vof-news.eu\/es\/"},{"@type":"ListItem","position":2,"name":"Muere el actor y humorista Fernando Esteso a los 80 a\u00f1os"}]},{"@type":"WebSite","@id":"https:\/\/vof-news.eu\/es\/#website","url":"https:\/\/vof-news.eu\/es\/","name":"vof-news.eu","description":"","potentialAction":[{"@type":"SearchAction","target":{"@type":"EntryPoint","urlTemplate":"https:\/\/vof-news.eu\/es\/?s={search_term_string}"},"query-input":"required name=search_term_string"}],"inLanguage":"es"},{"@type":"Person","@id":"https:\/\/vof-news.eu\/es\/#\/schema\/person\/f6a2a4309f0561835797fd8c19b333ed","name":"Author","image":{"@type":"ImageObject","inLanguage":"es","@id":"https:\/\/vof-news.eu\/es\/#\/schema\/person\/image\/","url":"https:\/\/secure.gravatar.com\/avatar\/b67e614b1b25b3e9c0c239efdd2fde5ab015b5affd6f1c3c85911ca4b384e790?s=96&d=mm&r=g","contentUrl":"https:\/\/secure.gravatar.com\/avatar\/b67e614b1b25b3e9c0c239efdd2fde5ab015b5affd6f1c3c85911ca4b384e790?s=96&d=mm&r=g","caption":"Author"},"sameAs":["http:\/\/vof-news.eu"],"url":"https:\/\/vof-news.eu\/es\/author\/zwt6qxnjulxbnyg\/"}]}},"yoast_meta":{"yoast_wpseo_title":"","yoast_wpseo_metadesc":"","yoast_wpseo_canonical":""},"_links":{"self":[{"href":"https:\/\/vof-news.eu\/es\/wp-json\/wp\/v2\/posts\/322406","targetHints":{"allow":["GET"]}}],"collection":[{"href":"https:\/\/vof-news.eu\/es\/wp-json\/wp\/v2\/posts"}],"about":[{"href":"https:\/\/vof-news.eu\/es\/wp-json\/wp\/v2\/types\/post"}],"author":[{"embeddable":true,"href":"https:\/\/vof-news.eu\/es\/wp-json\/wp\/v2\/users\/1"}],"replies":[{"embeddable":true,"href":"https:\/\/vof-news.eu\/es\/wp-json\/wp\/v2\/comments?post=322406"}],"version-history":[{"count":1,"href":"https:\/\/vof-news.eu\/es\/wp-json\/wp\/v2\/posts\/322406\/revisions"}],"predecessor-version":[{"id":322407,"href":"https:\/\/vof-news.eu\/es\/wp-json\/wp\/v2\/posts\/322406\/revisions\/322407"}],"wp:attachment":[{"href":"https:\/\/vof-news.eu\/es\/wp-json\/wp\/v2\/media?parent=322406"}],"wp:term":[{"taxonomy":"category","embeddable":true,"href":"https:\/\/vof-news.eu\/es\/wp-json\/wp\/v2\/categories?post=322406"},{"taxonomy":"post_tag","embeddable":true,"href":"https:\/\/vof-news.eu\/es\/wp-json\/wp\/v2\/tags?post=322406"}],"curies":[{"name":"wp","href":"https:\/\/api.w.org\/{rel}","templated":true}]}}