{"id":322115,"date":"2026-01-31T01:19:20","date_gmt":"2026-01-30T22:19:20","guid":{"rendered":"https:\/\/vof-news.eu\/nacho-vegas-la-izquierda-no-ha-sabido-atajar-al-fascismo-lo-hemos-normalizado\/"},"modified":"2026-01-31T01:19:49","modified_gmt":"2026-01-30T22:19:49","slug":"nacho-vegas-la-izquierda-no-ha-sabido-atajar-al-fascismo-lo-hemos-normalizado","status":"publish","type":"post","link":"https:\/\/vof-news.eu\/es\/nacho-vegas-la-izquierda-no-ha-sabido-atajar-al-fascismo-lo-hemos-normalizado\/","title":{"rendered":"Nacho Vegas: \u00abLa izquierda no ha sabido atajar al fascismo: lo hemos normalizado\u00bb"},"content":{"rendered":"<div>\n<p><strong>Nacho Vegas cumple un cuarto de siglo de carrera en solitario<\/strong>. Media vida. Y lo hace con <i><strong>Vidas semipreciosas<\/strong><\/i> (Oso Polita), su mejor disco en 15 a\u00f1os. Es un \u00e1lbum activista, pero sin caer en el panfleto. Con punter\u00eda. Mantiene cierto desencanto \u00e1crata marca de la casa, pero tambi\u00e9n busca el entusiasmo y la jovialidad desde una nueva \u00e9pica del asombro y la ternura. Suena muy a Nacho Vegas y suena, sobre todo, muy inspirado, con canciones memorables como <i>Alivio<\/i>, <i>Llueven moscas<\/i>, <i>Piedras semipreciosas<\/i> o <i>Mi peque\u00f1a bestia<\/i>. Encima, la portada remite a los Smiths, y eso siempre eleva el conjunto.<\/p>\n<h2><\/h2>\n<dl>\n<dt><i>Vidas semipreciosas<\/i> es un disco heterog\u00e9neo. Da la sensaci\u00f3n de que ahora te dejas llevar m\u00e1s por las canciones. \u00bfEs as\u00ed?<\/dt>\n<dd>S\u00ed. Resulta dif\u00edcil encontrar qu\u00e9 es lo que hace que tenga sentido que las canciones est\u00e9n en un \u00e1lbum. Al final, te lo van diciendo ellas. Va tomando forma como una unidad, a pesar de que sea heterog\u00e9neo. Yo siempre he querido hacer un disco conceptual, pero nunca me sale. Nunca fui capaz.<\/dd>\n<dt>La pieza central del disco es <i>Mi peque\u00f1a bestia<\/i>, precisamente, una canci\u00f3n sobre componer canciones y sobre c\u00f3mo ellas hacen lo que les viene en gana. Y con un sonido muy San Remo y con ecos franceses.<\/dt>\n<dd>S\u00ed, s\u00ed. Precisamente, fue la \u00faltima canci\u00f3n que escrib\u00ed para el disco. Cuando la escrib\u00eda ten\u00eda ese aire que a m\u00ed me recordaba un poco a George Moustaki o Gainsbourg, pero tuvimos la idea de hacerla un poco m\u00e1s intimista o llev\u00e1rnosla a San Remo. Tiene este rollo de metacanci\u00f3n, pero tambi\u00e9n habla de c\u00f3mo dejas que tus propios demonios campen a sus anchas para luego encontrar algo de luz en ellos. Es jugar a ese contraste de claroscuros.<\/dd>\n<dt>Ahora parece que te esfuerzas por desmarcarte del clich\u00e9 del cantautor atormentado. \u00bfEs un esfuerzo consciente?<\/dt>\n<dd>Al final la vida te va llevando por donde te lleva. Al escuchar algunas canciones de hace a\u00f1os digo: \u00abJoder, vaya intensito que era\u00bb.<\/dd>\n<dt>Justo se cumplen 25 a\u00f1os de tu primer disco, Actos inexplicables. \u00bfC\u00f3mo te llevas con tu yo de entonces?<\/dt>\n<dd>Las canciones que m\u00e1s me urg\u00eda escribir part\u00edan de sentimientos complejos que a veces ten\u00edan que ver con el dolor, pero precisamente para exorcizarlo, para confrontarlo, no para regocijarme en \u00e9l, que es algo de lo que siempre intent\u00e9 huir. Esas canciones antiguas las puedo resignificar, si hace falta. Pero hay alguna que me costar\u00eda m\u00e1s rescatar.<\/dd>\n<\/dl>\n<h2><\/h2>\n<dl>\n<dt>\u00bfPor ejemplo?<\/dt>\n<dd>En <i>En lugar del amor<\/i> digo algunas cosas que no me gustan, sobre todo a la hora de hablar de relaciones. Ahora no me expresar\u00eda as\u00ed. Pero no tendr\u00eda ning\u00fan problema en reescribir algunos versos. As\u00ed es como siempre se mantuvo viva la m\u00fasica tradicional, a trav\u00e9s de la oralidad. Reescribiendo. Es una cosa que me parece muy chula y que se perdi\u00f3 en gran medida con la llegada de la m\u00fasica grabada. Ah\u00ed lleg\u00f3 este celo por la autor\u00eda. A m\u00ed jam\u00e1s se me ocurrir\u00eda acusar a nadie de plagio. Si alguien copiara una canci\u00f3n m\u00eda letra por letra, me sentir\u00eda halagado.<\/dd>\n<dt>Ahora abres rendijas m\u00e1s claras que antes al optimismo. Reivindicas la \u00absemipreciosura\u00bb.<\/dt>\n<dd>La semipreciosura es lo contrario al individualismo con el que nos bombardean. La imperfecci\u00f3n es m\u00e1s hermosa que la preciosura, que ser\u00eda como una especie de postureo elitista y y pijo. Debemos cultivar el asombro ante lo imperfecto: en algunas ocasiones maravillarnos, y en otras ocasiones horrorizarnos. Eso es lo que, al final, nutre las canciones.<\/dd>\n<dt>Leonard Cohen dec\u00eda que hay una grieta en todo y as\u00ed es como entra la luz.<\/dt>\n<dd>Este disco est\u00e1 escrito mirando esa grieta. El otro d\u00eda me ense\u00f1aba Fee Rega un poema todav\u00eda in\u00e9dito en el que habla, precisamente, de una grieta y de c\u00f3mo dos amantes est\u00e1n mirando esa grieta, pero al mismo tiempo ella se pone en el lugar de la grieta y la grieta est\u00e1 mirando a los amantes. Y la grieta se asombra. Siempre es necesario que haya una grieta por la que entra la luz, claro.<\/dd>\n<\/dl>\n<blockquote>\n<p>\u00abJam\u00e1s se me ocurrir\u00eda acusar a alguien de plagio. Si alguien me plagiara letra por letra, me sentir\u00eda halagado\u00bb<\/p>\n<p><span><\/span><\/p><\/blockquote>\n<h2><\/h2>\n<dl>\n<dt>\u00bfYa s\u00f3lo encuentras consuelo en el hedonismo y en la belleza?<\/dt>\n<dd>Tambi\u00e9n en la lucha. Desde la trinchera de la dignidad se puede encontrar belleza tambi\u00e9n.<\/dd>\n<dt><i>Fiu <\/i>-una versi\u00f3n de Pablus Gallinazo- es un homenaje a tu madre en agradecimiento por inculcarte el izquierdismo. \u00bfSe lo deb\u00edas?<\/dt>\n<dd>No lo ten\u00eda planificado, pero cuando se me pas\u00f3 por la cabeza me pareci\u00f3 bien mencionarla con nombre y apellido, y hablar de mi vida a trav\u00e9s de lo que ella tuvo que vivir y que aguantar.<\/dd>\n<dt>Es como si formase un d\u00edptico con <i>El \u00e1ngel Sim\u00f3n<\/i>, dedicada a tu padre. Es como un contrapunto.<\/dt>\n<dd>S\u00ed, ah\u00ed es inevitable trazar un arco. Una est\u00e1 escrita desde el duelo por la muerte prematura de mi padre, al que hago un reproche, pero tambi\u00e9n con humor y admiraci\u00f3n. 25 a\u00f1os despu\u00e9s, le canto a mi madre desde otro punto de vista m\u00e1s de admiraci\u00f3n, sin ponerle ning\u00fan pero.<\/dd>\n<dt>Defiendes que antes que artista eres antifascista. El fascismo est\u00e1 cada vez m\u00e1s presente en el d\u00eda a d\u00eda del mundo. \u00bfQu\u00e9 est\u00e1 pasando?<\/dt>\n<dd>Est\u00e1 pasando que hemos permitido que el fascismo tomara posiciones de poder, que fuera ganando la batalla cultural y que se colara en las instituciones. Lo hemos normalizado, incluso como una opci\u00f3n pol\u00edtica igual de respetable que las dem\u00e1s. Es lo que piensa mucha gente, y a m\u00ed eso me espanta. Pero tambi\u00e9n creo que hay un problema en la izquierda, que no ha sabido atajar al fascismo. Tenemos que plantear por qu\u00e9 el discurso de la izquierda no ha llegado a las clases populares a las que ten\u00eda que apelar.<\/dd>\n<\/dl>\n<blockquote>\n<p>\u00abSi el fascismo de Vox llega al Gobierno, habr\u00eda que organizarse y multiplicar las trincheras desde las que combatirlo\u00bb<\/p>\n<p><span><\/span><\/p><\/blockquote>\n<h2><\/h2>\n<dl>\n<dt>Un error de la izquierda ha sido desatender la mejora de las condiciones materiales de esas clases trabajadoras. Anteponer las batallas identitarias a lo contante y sonante.<\/dt>\n<dd>S\u00ed. La izquierda ha olvidado el igualitarismo y se ha centrado mucho el discurso en la igualdad de oportunidades, cuando no todo el mundo parte de las mismas condiciones materiales, precisamente. Creo que ese ha sido uno de los grandes errores, s\u00ed. Adem\u00e1s, la izquierda que ha tomado posiciones de poder ha mirado mucho a la clase media, un invento del neoliberalismo para desactivar a gran parte de la clase trabajadora, y se ha olvidado de la gente m\u00e1s desfavorecida. Y, claro est\u00e1, cuando no tienen a nadie que les d\u00e9 ninguna respuesta, pues si llega la ultraderecha y les dice que su problema est\u00e1 en la inmigraci\u00f3n, pues igual se aferran a esa respuesta, porque no tienen otra.<\/dd>\n<dt>\u00bfTe ha decepcionado mucho Podemos?<\/dt>\n<dd>No&#8230; a ver&#8230; no s\u00e9. Hubo momentos muy ilusionantes en los que cre\u00edamos que se pod\u00edan cambiar las cosas, incluso desde espacios de poder. Ahora creo que aquello fue m\u00e1s bien una anomal\u00eda del sistema, m\u00e1s que un cambio. Es cierto que en materia de feminismo se ha avanzado mucho. No me gustar\u00eda hablar de decepci\u00f3n. Estuvimos muy ilusionados y luego la realidad nos dio un bofet\u00f3n.<\/dd>\n<dt>\u00bfQu\u00e9 pasar\u00eda en Espa\u00f1a si Vox llegase al Gobierno?<\/dt>\n<dd>Desde luego, tendr\u00edamos que organizarnos. Ser\u00eda un toque de atenci\u00f3n para que m\u00e1s gente se animara a autoorganizarse. Ese discurso de odio, de exclusi\u00f3n racista, antifeminista, xen\u00f3fobo, antiLGTBi&#8230; no lo podemos permitir ni normalizar. Si el fascismo de Vox llegase al Gobierno, habr\u00eda que multiplicar las trincheras desde las que combatirlo.<\/dd>\n<dt>\u00bfTodo tipo de trincheras?<\/dt>\n<dd>S\u00ed, todo tipo de trincheras. Una de ellas es la trinchera cultural. Lo que estamos viendo en EEUU, con esta ola de redadas racistas del ICE, es algo que puede llegar a suceder aqu\u00ed si gobernara el fascismo. Ah\u00ed necesitar\u00edamos que el poder popular fuera el que se armara. Con \u00abse armara\u00bb quiero decir organizarse.<\/dd>\n<\/dl>\n<hr\/>\n<\/div>\n","protected":false},"excerpt":{"rendered":"<p>Nacho Vegas cumple un cuarto de siglo de carrera en solitario. Media vida. Y lo hace con Vidas semipreciosas (Oso Polita), su mejor disco en 15 a\u00f1os. Es un \u00e1lbum activista, pero sin caer en el panfleto. Con punter\u00eda. Mantiene cierto desencanto \u00e1crata marca de la casa, pero tambi\u00e9n busca el entusiasmo y la jovialidad<\/p>\n","protected":false},"author":1,"featured_media":322116,"comment_status":"open","ping_status":"open","sticky":false,"template":"","format":"standard","meta":{"footnotes":""},"categories":[66],"tags":[],"class_list":["post-322115","post","type-post","status-publish","format-standard","has-post-thumbnail","hentry","category-culture-es"],"acf":[],"yoast_head":"<!-- This site is optimized with the Yoast SEO plugin v22.9 - https:\/\/yoast.com\/wordpress\/plugins\/seo\/ -->\n<title>Nacho Vegas: &quot;La izquierda no ha sabido atajar al fascismo: lo hemos normalizado&quot; - vof-news.eu<\/title>\n<meta name=\"description\" content=\"Nacho Vegas cumple un cuarto de siglo de carrera en solitario. Media vida. Y lo hace con Vidas semipreciosas (Oso Polita), su mejor disco en 15 a\u00f1os. Es un \u00e1lbum activista, pero sin caer en el panfleto. Con punter\u00eda. Mantiene cierto desencanto \u00e1crata marca de la casa, pero tambi\u00e9n busca el entusiasmo y la jovialidad desde una nueva \u00e9pica del asombro y la ternura. Suena muy a Nacho Vegas y suena, sobre todo, muy inspirado, con canciones memorables como Alivio, Llueven moscas, Piedras semipreciosas o Mi peque\u00f1a bestia. Encima, la portada remite a los Smiths, y eso siempre eleva el conjunto.Vidas semipreciosas es un disco heterog\u00e9neo. Da la sensaci\u00f3n de que ahora te dejas llevar m\u00e1s por las canciones. \u00bfEs as\u00ed?S\u00ed. Resulta dif\u00edcil encontrar qu\u00e9 es lo que hace que tenga sentido que las canciones est\u00e9n en un \u00e1lbum. Al final, te lo van diciendo ellas. Va tomando forma como una unidad, a pesar de que sea heterog\u00e9neo. Yo siempre he querido hacer un disco conceptual, pero nunca me sale. Nunca fui capaz.La pieza central del disco es Mi peque\u00f1a bestia, precisamente, una canci\u00f3n sobre componer canciones y sobre c\u00f3mo ellas hacen lo que les viene en gana. Y con un sonido muy San Remo y con ecos franceses.S\u00ed, s\u00ed. Precisamente, fue la \u00faltima canci\u00f3n que escrib\u00ed para el disco. Cuando la escrib\u00eda ten\u00eda ese aire que a m\u00ed me recordaba un poco a George Moustaki o Gainsbourg, pero tuvimos la idea de hacerla un poco m\u00e1s intimista o llev\u00e1rnosla a San Remo. Tiene este rollo de metacanci\u00f3n, pero tambi\u00e9n habla de c\u00f3mo dejas que tus propios demonios campen a sus anchas para luego encontrar algo de luz en ellos. Es jugar a ese contraste de claroscuros.Ahora parece que te esfuerzas por desmarcarte del clich\u00e9 del cantautor atormentado. \u00bfEs un esfuerzo consciente?Al final la vida te va llevando por donde te lleva. Al escuchar algunas canciones de hace a\u00f1os digo: \u00abJoder, vaya intensito que era\u00bb.Justo se cumplen 25 a\u00f1os de tu primer disco, Actos inexplicables. \u00bfC\u00f3mo te llevas con tu yo de entonces?Las canciones que m\u00e1s me urg\u00eda escribir part\u00edan de sentimientos complejos que a veces ten\u00edan que ver con el dolor, pero precisamente para exorcizarlo, para confrontarlo, no para regocijarme en \u00e9l, que es algo de lo que siempre intent\u00e9 huir. Esas canciones antiguas las puedo resignificar, si hace falta. Pero hay alguna que me costar\u00eda m\u00e1s rescatar.\u00bfPor ejemplo?En En lugar del amor digo algunas cosas que no me gustan, sobre todo a la hora de hablar de relaciones. Ahora no me expresar\u00eda as\u00ed. Pero no tendr\u00eda ning\u00fan problema en reescribir algunos versos. As\u00ed es como siempre se mantuvo viva la m\u00fasica tradicional, a trav\u00e9s de la oralidad. Reescribiendo. Es una cosa que me parece muy chula y que se perdi\u00f3 en gran medida con la llegada de la m\u00fasica grabada. Ah\u00ed lleg\u00f3 este celo por la autor\u00eda. A m\u00ed jam\u00e1s se me ocurrir\u00eda acusar a nadie de plagio. Si alguien copiara una canci\u00f3n m\u00eda letra por letra, me sentir\u00eda halagado.Ahora abres rendijas m\u00e1s claras que antes al optimismo. Reivindicas la \u00absemipreciosura\u00bb.La semipreciosura es lo contrario al individualismo con el que nos bombardean. La imperfecci\u00f3n es m\u00e1s hermosa que la preciosura, que ser\u00eda como una especie de postureo elitista y y pijo. Debemos cultivar el asombro ante lo imperfecto: en algunas ocasiones maravillarnos, y en otras ocasiones horrorizarnos. Eso es lo que, al final, nutre las canciones.Leonard Cohen dec\u00eda que hay una grieta en todo y as\u00ed es como entra la luz.Este disco est\u00e1 escrito mirando esa grieta. El otro d\u00eda me ense\u00f1aba Fee Rega un poema todav\u00eda in\u00e9dito en el que habla, precisamente, de una grieta y de c\u00f3mo dos amantes est\u00e1n mirando esa grieta, pero al mismo tiempo ella se pone en el lugar de la grieta y la grieta est\u00e1 mirando a los amantes. Y la grieta se asombra. Siempre es necesario que haya una grieta por la que entra la luz, claro.&quot;Jam\u00e1s se me ocurrir\u00eda acusar a alguien de plagio. Si alguien me plagiara letra por letra, me sentir\u00eda halagado&quot;\u00bfYa s\u00f3lo encuentras consuelo en el hedonismo y en la belleza?Tambi\u00e9n en la lucha. Desde la trinchera de la dignidad se puede encontrar belleza tambi\u00e9n.Fiu -una versi\u00f3n de Pablus Gallinazo- es un homenaje a tu madre en agradecimiento por inculcarte el izquierdismo. \u00bfSe lo deb\u00edas?No lo ten\u00eda planificado, pero cuando se me pas\u00f3 por la cabeza me pareci\u00f3 bien mencionarla con nombre y apellido, y hablar de mi vida a trav\u00e9s de lo que ella tuvo que vivir y que aguantar.Es como si formase un d\u00edptico con El \u00e1ngel Sim\u00f3n, dedicada a tu padre. Es como un contrapunto.S\u00ed, ah\u00ed es inevitable trazar un arco. Una est\u00e1 escrita desde el duelo por la muerte prematura de mi padre, al que hago un reproche, pero tambi\u00e9n con humor y admiraci\u00f3n. 25 a\u00f1os despu\u00e9s, le canto a mi madre desde otro punto de vista m\u00e1s de admiraci\u00f3n, sin ponerle ning\u00fan pero.Defiendes que antes que artista eres antifascista. El fascismo est\u00e1 cada vez m\u00e1s presente en el d\u00eda a d\u00eda del mundo. \u00bfQu\u00e9 est\u00e1 pasando?Est\u00e1 pasando que hemos permitido que el fascismo tomara posiciones de poder, que fuera ganando la batalla cultural y que se colara en las instituciones. Lo hemos normalizado, incluso como una opci\u00f3n pol\u00edtica igual de respetable que las dem\u00e1s. Es lo que piensa mucha gente, y a m\u00ed eso me espanta. Pero tambi\u00e9n creo que hay un problema en la izquierda, que no ha sabido atajar al fascismo. Tenemos que plantear por qu\u00e9 el discurso de la izquierda no ha llegado a las clases populares a las que ten\u00eda que apelar.&quot;Si el fascismo de Vox llega al Gobierno, habr\u00eda que organizarse y multiplicar las trincheras desde las que combatirlo&quot;Un error de la izquierda ha sido desatender la mejora de las condiciones materiales de esas clases trabajadoras. Anteponer las batallas identitarias a lo contante y sonante.S\u00ed. La izquierda ha olvidado el igualitarismo y se ha centrado mucho el discurso en la igualdad de oportunidades, cuando no todo el mundo parte de las mismas condiciones materiales, precisamente. Creo que ese ha sido uno de los grandes errores, s\u00ed. Adem\u00e1s, la izquierda que ha tomado posiciones de poder ha mirado mucho a la clase media, un invento del neoliberalismo para desactivar a gran parte de la clase trabajadora, y se ha olvidado de la gente m\u00e1s desfavorecida. Y, claro est\u00e1, cuando no tienen a nadie que les d\u00e9 ninguna respuesta, pues si llega la ultraderecha y les dice que su problema est\u00e1 en la inmigraci\u00f3n, pues igual se aferran a esa respuesta, porque no tienen otra.\u00bfTe ha decepcionado mucho Podemos?No... a ver... no s\u00e9. Hubo momentos muy ilusionantes en los que cre\u00edamos que se pod\u00edan cambiar las cosas, incluso desde espacios de poder. Ahora creo que aquello fue m\u00e1s bien una anomal\u00eda del sistema, m\u00e1s que un cambio. Es cierto que en materia de feminismo se ha avanzado mucho. No me gustar\u00eda hablar de decepci\u00f3n. Estuvimos muy ilusionados y luego la realidad nos dio un bofet\u00f3n.\u00bfQu\u00e9 pasar\u00eda en Espa\u00f1a si Vox llegase al Gobierno?Desde luego, tendr\u00edamos que organizarnos. Ser\u00eda un toque de atenci\u00f3n para que m\u00e1s gente se animara a autoorganizarse. Ese discurso de odio, de exclusi\u00f3n racista, antifeminista, xen\u00f3fobo, antiLGTBi... no lo podemos permitir ni normalizar. Si el fascismo de Vox llegase al Gobierno, habr\u00eda que multiplicar las trincheras desde las que combatirlo.\u00bfTodo tipo de trincheras?S\u00ed, todo tipo de trincheras. Una de ellas es la trinchera cultural. Lo que estamos viendo en EEUU, con esta ola de redadas racistas del ICE, es algo que puede llegar a suceder aqu\u00ed si gobernara el fascismo. Ah\u00ed necesitar\u00edamos que el poder popular fuera el que se armara. Con \u00abse armara\u00bb quiero decir organizarse.\" \/>\n<meta name=\"robots\" content=\"noindex, follow, max-snippet:-1, max-image-preview:large, max-video-preview:-1\" \/>\n<meta property=\"og:locale\" content=\"es_ES\" \/>\n<meta property=\"og:type\" content=\"article\" \/>\n<meta property=\"og:title\" content=\"Nacho Vegas: &quot;La izquierda no ha sabido atajar al fascismo: lo hemos normalizado&quot; - vof-news.eu\" \/>\n<meta property=\"og:description\" content=\"Nacho Vegas cumple un cuarto de siglo de carrera en solitario. Media vida. Y lo hace con Vidas semipreciosas (Oso Polita), su mejor disco en 15 a\u00f1os. Es un \u00e1lbum activista, pero sin caer en el panfleto. Con punter\u00eda. Mantiene cierto desencanto \u00e1crata marca de la casa, pero tambi\u00e9n busca el entusiasmo y la jovialidad desde una nueva \u00e9pica del asombro y la ternura. Suena muy a Nacho Vegas y suena, sobre todo, muy inspirado, con canciones memorables como Alivio, Llueven moscas, Piedras semipreciosas o Mi peque\u00f1a bestia. Encima, la portada remite a los Smiths, y eso siempre eleva el conjunto.Vidas semipreciosas es un disco heterog\u00e9neo. Da la sensaci\u00f3n de que ahora te dejas llevar m\u00e1s por las canciones. \u00bfEs as\u00ed?S\u00ed. Resulta dif\u00edcil encontrar qu\u00e9 es lo que hace que tenga sentido que las canciones est\u00e9n en un \u00e1lbum. Al final, te lo van diciendo ellas. Va tomando forma como una unidad, a pesar de que sea heterog\u00e9neo. Yo siempre he querido hacer un disco conceptual, pero nunca me sale. Nunca fui capaz.La pieza central del disco es Mi peque\u00f1a bestia, precisamente, una canci\u00f3n sobre componer canciones y sobre c\u00f3mo ellas hacen lo que les viene en gana. Y con un sonido muy San Remo y con ecos franceses.S\u00ed, s\u00ed. Precisamente, fue la \u00faltima canci\u00f3n que escrib\u00ed para el disco. Cuando la escrib\u00eda ten\u00eda ese aire que a m\u00ed me recordaba un poco a George Moustaki o Gainsbourg, pero tuvimos la idea de hacerla un poco m\u00e1s intimista o llev\u00e1rnosla a San Remo. Tiene este rollo de metacanci\u00f3n, pero tambi\u00e9n habla de c\u00f3mo dejas que tus propios demonios campen a sus anchas para luego encontrar algo de luz en ellos. Es jugar a ese contraste de claroscuros.Ahora parece que te esfuerzas por desmarcarte del clich\u00e9 del cantautor atormentado. \u00bfEs un esfuerzo consciente?Al final la vida te va llevando por donde te lleva. Al escuchar algunas canciones de hace a\u00f1os digo: \u00abJoder, vaya intensito que era\u00bb.Justo se cumplen 25 a\u00f1os de tu primer disco, Actos inexplicables. \u00bfC\u00f3mo te llevas con tu yo de entonces?Las canciones que m\u00e1s me urg\u00eda escribir part\u00edan de sentimientos complejos que a veces ten\u00edan que ver con el dolor, pero precisamente para exorcizarlo, para confrontarlo, no para regocijarme en \u00e9l, que es algo de lo que siempre intent\u00e9 huir. Esas canciones antiguas las puedo resignificar, si hace falta. Pero hay alguna que me costar\u00eda m\u00e1s rescatar.\u00bfPor ejemplo?En En lugar del amor digo algunas cosas que no me gustan, sobre todo a la hora de hablar de relaciones. Ahora no me expresar\u00eda as\u00ed. Pero no tendr\u00eda ning\u00fan problema en reescribir algunos versos. As\u00ed es como siempre se mantuvo viva la m\u00fasica tradicional, a trav\u00e9s de la oralidad. Reescribiendo. Es una cosa que me parece muy chula y que se perdi\u00f3 en gran medida con la llegada de la m\u00fasica grabada. Ah\u00ed lleg\u00f3 este celo por la autor\u00eda. A m\u00ed jam\u00e1s se me ocurrir\u00eda acusar a nadie de plagio. Si alguien copiara una canci\u00f3n m\u00eda letra por letra, me sentir\u00eda halagado.Ahora abres rendijas m\u00e1s claras que antes al optimismo. Reivindicas la \u00absemipreciosura\u00bb.La semipreciosura es lo contrario al individualismo con el que nos bombardean. La imperfecci\u00f3n es m\u00e1s hermosa que la preciosura, que ser\u00eda como una especie de postureo elitista y y pijo. Debemos cultivar el asombro ante lo imperfecto: en algunas ocasiones maravillarnos, y en otras ocasiones horrorizarnos. Eso es lo que, al final, nutre las canciones.Leonard Cohen dec\u00eda que hay una grieta en todo y as\u00ed es como entra la luz.Este disco est\u00e1 escrito mirando esa grieta. El otro d\u00eda me ense\u00f1aba Fee Rega un poema todav\u00eda in\u00e9dito en el que habla, precisamente, de una grieta y de c\u00f3mo dos amantes est\u00e1n mirando esa grieta, pero al mismo tiempo ella se pone en el lugar de la grieta y la grieta est\u00e1 mirando a los amantes. Y la grieta se asombra. Siempre es necesario que haya una grieta por la que entra la luz, claro.&quot;Jam\u00e1s se me ocurrir\u00eda acusar a alguien de plagio. Si alguien me plagiara letra por letra, me sentir\u00eda halagado&quot;\u00bfYa s\u00f3lo encuentras consuelo en el hedonismo y en la belleza?Tambi\u00e9n en la lucha. Desde la trinchera de la dignidad se puede encontrar belleza tambi\u00e9n.Fiu -una versi\u00f3n de Pablus Gallinazo- es un homenaje a tu madre en agradecimiento por inculcarte el izquierdismo. \u00bfSe lo deb\u00edas?No lo ten\u00eda planificado, pero cuando se me pas\u00f3 por la cabeza me pareci\u00f3 bien mencionarla con nombre y apellido, y hablar de mi vida a trav\u00e9s de lo que ella tuvo que vivir y que aguantar.Es como si formase un d\u00edptico con El \u00e1ngel Sim\u00f3n, dedicada a tu padre. Es como un contrapunto.S\u00ed, ah\u00ed es inevitable trazar un arco. Una est\u00e1 escrita desde el duelo por la muerte prematura de mi padre, al que hago un reproche, pero tambi\u00e9n con humor y admiraci\u00f3n. 25 a\u00f1os despu\u00e9s, le canto a mi madre desde otro punto de vista m\u00e1s de admiraci\u00f3n, sin ponerle ning\u00fan pero.Defiendes que antes que artista eres antifascista. El fascismo est\u00e1 cada vez m\u00e1s presente en el d\u00eda a d\u00eda del mundo. \u00bfQu\u00e9 est\u00e1 pasando?Est\u00e1 pasando que hemos permitido que el fascismo tomara posiciones de poder, que fuera ganando la batalla cultural y que se colara en las instituciones. Lo hemos normalizado, incluso como una opci\u00f3n pol\u00edtica igual de respetable que las dem\u00e1s. Es lo que piensa mucha gente, y a m\u00ed eso me espanta. Pero tambi\u00e9n creo que hay un problema en la izquierda, que no ha sabido atajar al fascismo. Tenemos que plantear por qu\u00e9 el discurso de la izquierda no ha llegado a las clases populares a las que ten\u00eda que apelar.&quot;Si el fascismo de Vox llega al Gobierno, habr\u00eda que organizarse y multiplicar las trincheras desde las que combatirlo&quot;Un error de la izquierda ha sido desatender la mejora de las condiciones materiales de esas clases trabajadoras. Anteponer las batallas identitarias a lo contante y sonante.S\u00ed. La izquierda ha olvidado el igualitarismo y se ha centrado mucho el discurso en la igualdad de oportunidades, cuando no todo el mundo parte de las mismas condiciones materiales, precisamente. Creo que ese ha sido uno de los grandes errores, s\u00ed. Adem\u00e1s, la izquierda que ha tomado posiciones de poder ha mirado mucho a la clase media, un invento del neoliberalismo para desactivar a gran parte de la clase trabajadora, y se ha olvidado de la gente m\u00e1s desfavorecida. Y, claro est\u00e1, cuando no tienen a nadie que les d\u00e9 ninguna respuesta, pues si llega la ultraderecha y les dice que su problema est\u00e1 en la inmigraci\u00f3n, pues igual se aferran a esa respuesta, porque no tienen otra.\u00bfTe ha decepcionado mucho Podemos?No... a ver... no s\u00e9. Hubo momentos muy ilusionantes en los que cre\u00edamos que se pod\u00edan cambiar las cosas, incluso desde espacios de poder. Ahora creo que aquello fue m\u00e1s bien una anomal\u00eda del sistema, m\u00e1s que un cambio. Es cierto que en materia de feminismo se ha avanzado mucho. No me gustar\u00eda hablar de decepci\u00f3n. Estuvimos muy ilusionados y luego la realidad nos dio un bofet\u00f3n.\u00bfQu\u00e9 pasar\u00eda en Espa\u00f1a si Vox llegase al Gobierno?Desde luego, tendr\u00edamos que organizarnos. Ser\u00eda un toque de atenci\u00f3n para que m\u00e1s gente se animara a autoorganizarse. Ese discurso de odio, de exclusi\u00f3n racista, antifeminista, xen\u00f3fobo, antiLGTBi... no lo podemos permitir ni normalizar. Si el fascismo de Vox llegase al Gobierno, habr\u00eda que multiplicar las trincheras desde las que combatirlo.\u00bfTodo tipo de trincheras?S\u00ed, todo tipo de trincheras. Una de ellas es la trinchera cultural. Lo que estamos viendo en EEUU, con esta ola de redadas racistas del ICE, es algo que puede llegar a suceder aqu\u00ed si gobernara el fascismo. Ah\u00ed necesitar\u00edamos que el poder popular fuera el que se armara. Con \u00abse armara\u00bb quiero decir organizarse.\" \/>\n<meta property=\"og:url\" content=\"https:\/\/vof-news.eu\/es\/nacho-vegas-la-izquierda-no-ha-sabido-atajar-al-fascismo-lo-hemos-normalizado\/\" \/>\n<meta property=\"og:site_name\" content=\"vof-news.eu\" \/>\n<meta property=\"article:published_time\" content=\"2026-01-30T22:19:20+00:00\" \/>\n<meta property=\"article:modified_time\" content=\"2026-01-30T22:19:49+00:00\" \/>\n<meta property=\"og:image\" content=\"https:\/\/vof-news.eu\/wp-content\/uploads\/2026\/01\/17697809277977.jpg\" \/>\n\t<meta property=\"og:image:width\" content=\"1366\" \/>\n\t<meta property=\"og:image:height\" content=\"1537\" \/>\n\t<meta property=\"og:image:type\" content=\"image\/jpeg\" \/>\n<meta name=\"author\" content=\"Author\" \/>\n<meta name=\"twitter:card\" content=\"summary_large_image\" \/>\n<meta name=\"twitter:label1\" content=\"Escrito por\" \/>\n\t<meta name=\"twitter:data1\" content=\"Author\" \/>\n\t<meta name=\"twitter:label2\" content=\"Tiempo de lectura\" \/>\n\t<meta name=\"twitter:data2\" content=\"7 minutos\" \/>\n<script type=\"application\/ld+json\" class=\"yoast-schema-graph\">{\"@context\":\"https:\/\/schema.org\",\"@graph\":[{\"@type\":\"WebPage\",\"@id\":\"https:\/\/vof-news.eu\/es\/nacho-vegas-la-izquierda-no-ha-sabido-atajar-al-fascismo-lo-hemos-normalizado\/\",\"url\":\"https:\/\/vof-news.eu\/es\/nacho-vegas-la-izquierda-no-ha-sabido-atajar-al-fascismo-lo-hemos-normalizado\/\",\"name\":\"Nacho Vegas: \\\"La izquierda no ha sabido atajar al fascismo: lo hemos normalizado\\\" - vof-news.eu\",\"isPartOf\":{\"@id\":\"https:\/\/vof-news.eu\/es\/#website\"},\"primaryImageOfPage\":{\"@id\":\"https:\/\/vof-news.eu\/es\/nacho-vegas-la-izquierda-no-ha-sabido-atajar-al-fascismo-lo-hemos-normalizado\/#primaryimage\"},\"image\":{\"@id\":\"https:\/\/vof-news.eu\/es\/nacho-vegas-la-izquierda-no-ha-sabido-atajar-al-fascismo-lo-hemos-normalizado\/#primaryimage\"},\"thumbnailUrl\":\"https:\/\/vof-news.eu\/wp-content\/uploads\/2026\/01\/17697809277977.jpg\",\"datePublished\":\"2026-01-30T22:19:20+00:00\",\"dateModified\":\"2026-01-30T22:19:49+00:00\",\"author\":{\"@id\":\"https:\/\/vof-news.eu\/es\/#\/schema\/person\/f6a2a4309f0561835797fd8c19b333ed\"},\"description\":\"Nacho Vegas cumple un cuarto de siglo de carrera en solitario. Media vida. Y lo hace con Vidas semipreciosas (Oso Polita), su mejor disco en 15 a\u00f1os. Es un \u00e1lbum activista, pero sin caer en el panfleto. Con punter\u00eda. Mantiene cierto desencanto \u00e1crata marca de la casa, pero tambi\u00e9n busca el entusiasmo y la jovialidad desde una nueva \u00e9pica del asombro y la ternura. Suena muy a Nacho Vegas y suena, sobre todo, muy inspirado, con canciones memorables como Alivio, Llueven moscas, Piedras semipreciosas o Mi peque\u00f1a bestia. Encima, la portada remite a los Smiths, y eso siempre eleva el conjunto.Vidas semipreciosas es un disco heterog\u00e9neo. Da la sensaci\u00f3n de que ahora te dejas llevar m\u00e1s por las canciones. \u00bfEs as\u00ed?S\u00ed. Resulta dif\u00edcil encontrar qu\u00e9 es lo que hace que tenga sentido que las canciones est\u00e9n en un \u00e1lbum. Al final, te lo van diciendo ellas. Va tomando forma como una unidad, a pesar de que sea heterog\u00e9neo. Yo siempre he querido hacer un disco conceptual, pero nunca me sale. Nunca fui capaz.La pieza central del disco es Mi peque\u00f1a bestia, precisamente, una canci\u00f3n sobre componer canciones y sobre c\u00f3mo ellas hacen lo que les viene en gana. Y con un sonido muy San Remo y con ecos franceses.S\u00ed, s\u00ed. Precisamente, fue la \u00faltima canci\u00f3n que escrib\u00ed para el disco. Cuando la escrib\u00eda ten\u00eda ese aire que a m\u00ed me recordaba un poco a George Moustaki o Gainsbourg, pero tuvimos la idea de hacerla un poco m\u00e1s intimista o llev\u00e1rnosla a San Remo. Tiene este rollo de metacanci\u00f3n, pero tambi\u00e9n habla de c\u00f3mo dejas que tus propios demonios campen a sus anchas para luego encontrar algo de luz en ellos. Es jugar a ese contraste de claroscuros.Ahora parece que te esfuerzas por desmarcarte del clich\u00e9 del cantautor atormentado. \u00bfEs un esfuerzo consciente?Al final la vida te va llevando por donde te lleva. Al escuchar algunas canciones de hace a\u00f1os digo: \u00abJoder, vaya intensito que era\u00bb.Justo se cumplen 25 a\u00f1os de tu primer disco, Actos inexplicables. \u00bfC\u00f3mo te llevas con tu yo de entonces?Las canciones que m\u00e1s me urg\u00eda escribir part\u00edan de sentimientos complejos que a veces ten\u00edan que ver con el dolor, pero precisamente para exorcizarlo, para confrontarlo, no para regocijarme en \u00e9l, que es algo de lo que siempre intent\u00e9 huir. Esas canciones antiguas las puedo resignificar, si hace falta. Pero hay alguna que me costar\u00eda m\u00e1s rescatar.\u00bfPor ejemplo?En En lugar del amor digo algunas cosas que no me gustan, sobre todo a la hora de hablar de relaciones. Ahora no me expresar\u00eda as\u00ed. Pero no tendr\u00eda ning\u00fan problema en reescribir algunos versos. As\u00ed es como siempre se mantuvo viva la m\u00fasica tradicional, a trav\u00e9s de la oralidad. Reescribiendo. Es una cosa que me parece muy chula y que se perdi\u00f3 en gran medida con la llegada de la m\u00fasica grabada. Ah\u00ed lleg\u00f3 este celo por la autor\u00eda. A m\u00ed jam\u00e1s se me ocurrir\u00eda acusar a nadie de plagio. Si alguien copiara una canci\u00f3n m\u00eda letra por letra, me sentir\u00eda halagado.Ahora abres rendijas m\u00e1s claras que antes al optimismo. Reivindicas la \u00absemipreciosura\u00bb.La semipreciosura es lo contrario al individualismo con el que nos bombardean. La imperfecci\u00f3n es m\u00e1s hermosa que la preciosura, que ser\u00eda como una especie de postureo elitista y y pijo. Debemos cultivar el asombro ante lo imperfecto: en algunas ocasiones maravillarnos, y en otras ocasiones horrorizarnos. Eso es lo que, al final, nutre las canciones.Leonard Cohen dec\u00eda que hay una grieta en todo y as\u00ed es como entra la luz.Este disco est\u00e1 escrito mirando esa grieta. El otro d\u00eda me ense\u00f1aba Fee Rega un poema todav\u00eda in\u00e9dito en el que habla, precisamente, de una grieta y de c\u00f3mo dos amantes est\u00e1n mirando esa grieta, pero al mismo tiempo ella se pone en el lugar de la grieta y la grieta est\u00e1 mirando a los amantes. Y la grieta se asombra. Siempre es necesario que haya una grieta por la que entra la luz, claro.\\\"Jam\u00e1s se me ocurrir\u00eda acusar a alguien de plagio. Si alguien me plagiara letra por letra, me sentir\u00eda halagado\\\"\u00bfYa s\u00f3lo encuentras consuelo en el hedonismo y en la belleza?Tambi\u00e9n en la lucha. Desde la trinchera de la dignidad se puede encontrar belleza tambi\u00e9n.Fiu -una versi\u00f3n de Pablus Gallinazo- es un homenaje a tu madre en agradecimiento por inculcarte el izquierdismo. \u00bfSe lo deb\u00edas?No lo ten\u00eda planificado, pero cuando se me pas\u00f3 por la cabeza me pareci\u00f3 bien mencionarla con nombre y apellido, y hablar de mi vida a trav\u00e9s de lo que ella tuvo que vivir y que aguantar.Es como si formase un d\u00edptico con El \u00e1ngel Sim\u00f3n, dedicada a tu padre. Es como un contrapunto.S\u00ed, ah\u00ed es inevitable trazar un arco. Una est\u00e1 escrita desde el duelo por la muerte prematura de mi padre, al que hago un reproche, pero tambi\u00e9n con humor y admiraci\u00f3n. 25 a\u00f1os despu\u00e9s, le canto a mi madre desde otro punto de vista m\u00e1s de admiraci\u00f3n, sin ponerle ning\u00fan pero.Defiendes que antes que artista eres antifascista. El fascismo est\u00e1 cada vez m\u00e1s presente en el d\u00eda a d\u00eda del mundo. \u00bfQu\u00e9 est\u00e1 pasando?Est\u00e1 pasando que hemos permitido que el fascismo tomara posiciones de poder, que fuera ganando la batalla cultural y que se colara en las instituciones. Lo hemos normalizado, incluso como una opci\u00f3n pol\u00edtica igual de respetable que las dem\u00e1s. Es lo que piensa mucha gente, y a m\u00ed eso me espanta. Pero tambi\u00e9n creo que hay un problema en la izquierda, que no ha sabido atajar al fascismo. Tenemos que plantear por qu\u00e9 el discurso de la izquierda no ha llegado a las clases populares a las que ten\u00eda que apelar.\\\"Si el fascismo de Vox llega al Gobierno, habr\u00eda que organizarse y multiplicar las trincheras desde las que combatirlo\\\"Un error de la izquierda ha sido desatender la mejora de las condiciones materiales de esas clases trabajadoras. Anteponer las batallas identitarias a lo contante y sonante.S\u00ed. La izquierda ha olvidado el igualitarismo y se ha centrado mucho el discurso en la igualdad de oportunidades, cuando no todo el mundo parte de las mismas condiciones materiales, precisamente. Creo que ese ha sido uno de los grandes errores, s\u00ed. Adem\u00e1s, la izquierda que ha tomado posiciones de poder ha mirado mucho a la clase media, un invento del neoliberalismo para desactivar a gran parte de la clase trabajadora, y se ha olvidado de la gente m\u00e1s desfavorecida. Y, claro est\u00e1, cuando no tienen a nadie que les d\u00e9 ninguna respuesta, pues si llega la ultraderecha y les dice que su problema est\u00e1 en la inmigraci\u00f3n, pues igual se aferran a esa respuesta, porque no tienen otra.\u00bfTe ha decepcionado mucho Podemos?No... a ver... no s\u00e9. Hubo momentos muy ilusionantes en los que cre\u00edamos que se pod\u00edan cambiar las cosas, incluso desde espacios de poder. Ahora creo que aquello fue m\u00e1s bien una anomal\u00eda del sistema, m\u00e1s que un cambio. Es cierto que en materia de feminismo se ha avanzado mucho. No me gustar\u00eda hablar de decepci\u00f3n. Estuvimos muy ilusionados y luego la realidad nos dio un bofet\u00f3n.\u00bfQu\u00e9 pasar\u00eda en Espa\u00f1a si Vox llegase al Gobierno?Desde luego, tendr\u00edamos que organizarnos. Ser\u00eda un toque de atenci\u00f3n para que m\u00e1s gente se animara a autoorganizarse. Ese discurso de odio, de exclusi\u00f3n racista, antifeminista, xen\u00f3fobo, antiLGTBi... no lo podemos permitir ni normalizar. Si el fascismo de Vox llegase al Gobierno, habr\u00eda que multiplicar las trincheras desde las que combatirlo.\u00bfTodo tipo de trincheras?S\u00ed, todo tipo de trincheras. Una de ellas es la trinchera cultural. Lo que estamos viendo en EEUU, con esta ola de redadas racistas del ICE, es algo que puede llegar a suceder aqu\u00ed si gobernara el fascismo. Ah\u00ed necesitar\u00edamos que el poder popular fuera el que se armara. Con \u00abse armara\u00bb quiero decir organizarse.\",\"breadcrumb\":{\"@id\":\"https:\/\/vof-news.eu\/es\/nacho-vegas-la-izquierda-no-ha-sabido-atajar-al-fascismo-lo-hemos-normalizado\/#breadcrumb\"},\"inLanguage\":\"es\",\"potentialAction\":[{\"@type\":\"ReadAction\",\"target\":[\"https:\/\/vof-news.eu\/es\/nacho-vegas-la-izquierda-no-ha-sabido-atajar-al-fascismo-lo-hemos-normalizado\/\"]}]},{\"@type\":\"ImageObject\",\"inLanguage\":\"es\",\"@id\":\"https:\/\/vof-news.eu\/es\/nacho-vegas-la-izquierda-no-ha-sabido-atajar-al-fascismo-lo-hemos-normalizado\/#primaryimage\",\"url\":\"https:\/\/vof-news.eu\/wp-content\/uploads\/2026\/01\/17697809277977.jpg\",\"contentUrl\":\"https:\/\/vof-news.eu\/wp-content\/uploads\/2026\/01\/17697809277977.jpg\",\"width\":1366,\"height\":1537},{\"@type\":\"BreadcrumbList\",\"@id\":\"https:\/\/vof-news.eu\/es\/nacho-vegas-la-izquierda-no-ha-sabido-atajar-al-fascismo-lo-hemos-normalizado\/#breadcrumb\",\"itemListElement\":[{\"@type\":\"ListItem\",\"position\":1,\"name\":\"Home\",\"item\":\"https:\/\/vof-news.eu\/es\/\"},{\"@type\":\"ListItem\",\"position\":2,\"name\":\"Nacho Vegas: &#8220;La izquierda no ha sabido atajar al fascismo: lo hemos normalizado&#8221;\"}]},{\"@type\":\"WebSite\",\"@id\":\"https:\/\/vof-news.eu\/es\/#website\",\"url\":\"https:\/\/vof-news.eu\/es\/\",\"name\":\"vof-news.eu\",\"description\":\"\",\"potentialAction\":[{\"@type\":\"SearchAction\",\"target\":{\"@type\":\"EntryPoint\",\"urlTemplate\":\"https:\/\/vof-news.eu\/es\/?s={search_term_string}\"},\"query-input\":\"required name=search_term_string\"}],\"inLanguage\":\"es\"},{\"@type\":\"Person\",\"@id\":\"https:\/\/vof-news.eu\/es\/#\/schema\/person\/f6a2a4309f0561835797fd8c19b333ed\",\"name\":\"Author\",\"image\":{\"@type\":\"ImageObject\",\"inLanguage\":\"es\",\"@id\":\"https:\/\/vof-news.eu\/es\/#\/schema\/person\/image\/\",\"url\":\"https:\/\/secure.gravatar.com\/avatar\/b67e614b1b25b3e9c0c239efdd2fde5ab015b5affd6f1c3c85911ca4b384e790?s=96&d=mm&r=g\",\"contentUrl\":\"https:\/\/secure.gravatar.com\/avatar\/b67e614b1b25b3e9c0c239efdd2fde5ab015b5affd6f1c3c85911ca4b384e790?s=96&d=mm&r=g\",\"caption\":\"Author\"},\"sameAs\":[\"http:\/\/vof-news.eu\"],\"url\":\"https:\/\/vof-news.eu\/es\/author\/zwt6qxnjulxbnyg\/\"}]}<\/script>\n<!-- \/ Yoast SEO plugin. -->","yoast_head_json":{"title":"Nacho Vegas: \"La izquierda no ha sabido atajar al fascismo: lo hemos normalizado\" - vof-news.eu","description":"Nacho Vegas cumple un cuarto de siglo de carrera en solitario. Media vida. Y lo hace con Vidas semipreciosas (Oso Polita), su mejor disco en 15 a\u00f1os. Es un \u00e1lbum activista, pero sin caer en el panfleto. Con punter\u00eda. Mantiene cierto desencanto \u00e1crata marca de la casa, pero tambi\u00e9n busca el entusiasmo y la jovialidad desde una nueva \u00e9pica del asombro y la ternura. Suena muy a Nacho Vegas y suena, sobre todo, muy inspirado, con canciones memorables como Alivio, Llueven moscas, Piedras semipreciosas o Mi peque\u00f1a bestia. Encima, la portada remite a los Smiths, y eso siempre eleva el conjunto.Vidas semipreciosas es un disco heterog\u00e9neo. Da la sensaci\u00f3n de que ahora te dejas llevar m\u00e1s por las canciones. \u00bfEs as\u00ed?S\u00ed. Resulta dif\u00edcil encontrar qu\u00e9 es lo que hace que tenga sentido que las canciones est\u00e9n en un \u00e1lbum. Al final, te lo van diciendo ellas. Va tomando forma como una unidad, a pesar de que sea heterog\u00e9neo. Yo siempre he querido hacer un disco conceptual, pero nunca me sale. Nunca fui capaz.La pieza central del disco es Mi peque\u00f1a bestia, precisamente, una canci\u00f3n sobre componer canciones y sobre c\u00f3mo ellas hacen lo que les viene en gana. Y con un sonido muy San Remo y con ecos franceses.S\u00ed, s\u00ed. Precisamente, fue la \u00faltima canci\u00f3n que escrib\u00ed para el disco. Cuando la escrib\u00eda ten\u00eda ese aire que a m\u00ed me recordaba un poco a George Moustaki o Gainsbourg, pero tuvimos la idea de hacerla un poco m\u00e1s intimista o llev\u00e1rnosla a San Remo. Tiene este rollo de metacanci\u00f3n, pero tambi\u00e9n habla de c\u00f3mo dejas que tus propios demonios campen a sus anchas para luego encontrar algo de luz en ellos. Es jugar a ese contraste de claroscuros.Ahora parece que te esfuerzas por desmarcarte del clich\u00e9 del cantautor atormentado. \u00bfEs un esfuerzo consciente?Al final la vida te va llevando por donde te lleva. Al escuchar algunas canciones de hace a\u00f1os digo: \u00abJoder, vaya intensito que era\u00bb.Justo se cumplen 25 a\u00f1os de tu primer disco, Actos inexplicables. \u00bfC\u00f3mo te llevas con tu yo de entonces?Las canciones que m\u00e1s me urg\u00eda escribir part\u00edan de sentimientos complejos que a veces ten\u00edan que ver con el dolor, pero precisamente para exorcizarlo, para confrontarlo, no para regocijarme en \u00e9l, que es algo de lo que siempre intent\u00e9 huir. Esas canciones antiguas las puedo resignificar, si hace falta. Pero hay alguna que me costar\u00eda m\u00e1s rescatar.\u00bfPor ejemplo?En En lugar del amor digo algunas cosas que no me gustan, sobre todo a la hora de hablar de relaciones. Ahora no me expresar\u00eda as\u00ed. Pero no tendr\u00eda ning\u00fan problema en reescribir algunos versos. As\u00ed es como siempre se mantuvo viva la m\u00fasica tradicional, a trav\u00e9s de la oralidad. Reescribiendo. Es una cosa que me parece muy chula y que se perdi\u00f3 en gran medida con la llegada de la m\u00fasica grabada. Ah\u00ed lleg\u00f3 este celo por la autor\u00eda. A m\u00ed jam\u00e1s se me ocurrir\u00eda acusar a nadie de plagio. Si alguien copiara una canci\u00f3n m\u00eda letra por letra, me sentir\u00eda halagado.Ahora abres rendijas m\u00e1s claras que antes al optimismo. Reivindicas la \u00absemipreciosura\u00bb.La semipreciosura es lo contrario al individualismo con el que nos bombardean. La imperfecci\u00f3n es m\u00e1s hermosa que la preciosura, que ser\u00eda como una especie de postureo elitista y y pijo. Debemos cultivar el asombro ante lo imperfecto: en algunas ocasiones maravillarnos, y en otras ocasiones horrorizarnos. Eso es lo que, al final, nutre las canciones.Leonard Cohen dec\u00eda que hay una grieta en todo y as\u00ed es como entra la luz.Este disco est\u00e1 escrito mirando esa grieta. El otro d\u00eda me ense\u00f1aba Fee Rega un poema todav\u00eda in\u00e9dito en el que habla, precisamente, de una grieta y de c\u00f3mo dos amantes est\u00e1n mirando esa grieta, pero al mismo tiempo ella se pone en el lugar de la grieta y la grieta est\u00e1 mirando a los amantes. Y la grieta se asombra. Siempre es necesario que haya una grieta por la que entra la luz, claro.\"Jam\u00e1s se me ocurrir\u00eda acusar a alguien de plagio. Si alguien me plagiara letra por letra, me sentir\u00eda halagado\"\u00bfYa s\u00f3lo encuentras consuelo en el hedonismo y en la belleza?Tambi\u00e9n en la lucha. Desde la trinchera de la dignidad se puede encontrar belleza tambi\u00e9n.Fiu -una versi\u00f3n de Pablus Gallinazo- es un homenaje a tu madre en agradecimiento por inculcarte el izquierdismo. \u00bfSe lo deb\u00edas?No lo ten\u00eda planificado, pero cuando se me pas\u00f3 por la cabeza me pareci\u00f3 bien mencionarla con nombre y apellido, y hablar de mi vida a trav\u00e9s de lo que ella tuvo que vivir y que aguantar.Es como si formase un d\u00edptico con El \u00e1ngel Sim\u00f3n, dedicada a tu padre. Es como un contrapunto.S\u00ed, ah\u00ed es inevitable trazar un arco. Una est\u00e1 escrita desde el duelo por la muerte prematura de mi padre, al que hago un reproche, pero tambi\u00e9n con humor y admiraci\u00f3n. 25 a\u00f1os despu\u00e9s, le canto a mi madre desde otro punto de vista m\u00e1s de admiraci\u00f3n, sin ponerle ning\u00fan pero.Defiendes que antes que artista eres antifascista. El fascismo est\u00e1 cada vez m\u00e1s presente en el d\u00eda a d\u00eda del mundo. \u00bfQu\u00e9 est\u00e1 pasando?Est\u00e1 pasando que hemos permitido que el fascismo tomara posiciones de poder, que fuera ganando la batalla cultural y que se colara en las instituciones. Lo hemos normalizado, incluso como una opci\u00f3n pol\u00edtica igual de respetable que las dem\u00e1s. Es lo que piensa mucha gente, y a m\u00ed eso me espanta. Pero tambi\u00e9n creo que hay un problema en la izquierda, que no ha sabido atajar al fascismo. Tenemos que plantear por qu\u00e9 el discurso de la izquierda no ha llegado a las clases populares a las que ten\u00eda que apelar.\"Si el fascismo de Vox llega al Gobierno, habr\u00eda que organizarse y multiplicar las trincheras desde las que combatirlo\"Un error de la izquierda ha sido desatender la mejora de las condiciones materiales de esas clases trabajadoras. Anteponer las batallas identitarias a lo contante y sonante.S\u00ed. La izquierda ha olvidado el igualitarismo y se ha centrado mucho el discurso en la igualdad de oportunidades, cuando no todo el mundo parte de las mismas condiciones materiales, precisamente. Creo que ese ha sido uno de los grandes errores, s\u00ed. Adem\u00e1s, la izquierda que ha tomado posiciones de poder ha mirado mucho a la clase media, un invento del neoliberalismo para desactivar a gran parte de la clase trabajadora, y se ha olvidado de la gente m\u00e1s desfavorecida. Y, claro est\u00e1, cuando no tienen a nadie que les d\u00e9 ninguna respuesta, pues si llega la ultraderecha y les dice que su problema est\u00e1 en la inmigraci\u00f3n, pues igual se aferran a esa respuesta, porque no tienen otra.\u00bfTe ha decepcionado mucho Podemos?No... a ver... no s\u00e9. Hubo momentos muy ilusionantes en los que cre\u00edamos que se pod\u00edan cambiar las cosas, incluso desde espacios de poder. Ahora creo que aquello fue m\u00e1s bien una anomal\u00eda del sistema, m\u00e1s que un cambio. Es cierto que en materia de feminismo se ha avanzado mucho. No me gustar\u00eda hablar de decepci\u00f3n. Estuvimos muy ilusionados y luego la realidad nos dio un bofet\u00f3n.\u00bfQu\u00e9 pasar\u00eda en Espa\u00f1a si Vox llegase al Gobierno?Desde luego, tendr\u00edamos que organizarnos. Ser\u00eda un toque de atenci\u00f3n para que m\u00e1s gente se animara a autoorganizarse. Ese discurso de odio, de exclusi\u00f3n racista, antifeminista, xen\u00f3fobo, antiLGTBi... no lo podemos permitir ni normalizar. Si el fascismo de Vox llegase al Gobierno, habr\u00eda que multiplicar las trincheras desde las que combatirlo.\u00bfTodo tipo de trincheras?S\u00ed, todo tipo de trincheras. Una de ellas es la trinchera cultural. Lo que estamos viendo en EEUU, con esta ola de redadas racistas del ICE, es algo que puede llegar a suceder aqu\u00ed si gobernara el fascismo. Ah\u00ed necesitar\u00edamos que el poder popular fuera el que se armara. Con \u00abse armara\u00bb quiero decir organizarse.","robots":{"index":"noindex","follow":"follow","max-snippet":"max-snippet:-1","max-image-preview":"max-image-preview:large","max-video-preview":"max-video-preview:-1"},"og_locale":"es_ES","og_type":"article","og_title":"Nacho Vegas: \"La izquierda no ha sabido atajar al fascismo: lo hemos normalizado\" - vof-news.eu","og_description":"Nacho Vegas cumple un cuarto de siglo de carrera en solitario. Media vida. Y lo hace con Vidas semipreciosas (Oso Polita), su mejor disco en 15 a\u00f1os. Es un \u00e1lbum activista, pero sin caer en el panfleto. Con punter\u00eda. Mantiene cierto desencanto \u00e1crata marca de la casa, pero tambi\u00e9n busca el entusiasmo y la jovialidad desde una nueva \u00e9pica del asombro y la ternura. Suena muy a Nacho Vegas y suena, sobre todo, muy inspirado, con canciones memorables como Alivio, Llueven moscas, Piedras semipreciosas o Mi peque\u00f1a bestia. Encima, la portada remite a los Smiths, y eso siempre eleva el conjunto.Vidas semipreciosas es un disco heterog\u00e9neo. Da la sensaci\u00f3n de que ahora te dejas llevar m\u00e1s por las canciones. \u00bfEs as\u00ed?S\u00ed. Resulta dif\u00edcil encontrar qu\u00e9 es lo que hace que tenga sentido que las canciones est\u00e9n en un \u00e1lbum. Al final, te lo van diciendo ellas. Va tomando forma como una unidad, a pesar de que sea heterog\u00e9neo. Yo siempre he querido hacer un disco conceptual, pero nunca me sale. Nunca fui capaz.La pieza central del disco es Mi peque\u00f1a bestia, precisamente, una canci\u00f3n sobre componer canciones y sobre c\u00f3mo ellas hacen lo que les viene en gana. Y con un sonido muy San Remo y con ecos franceses.S\u00ed, s\u00ed. Precisamente, fue la \u00faltima canci\u00f3n que escrib\u00ed para el disco. Cuando la escrib\u00eda ten\u00eda ese aire que a m\u00ed me recordaba un poco a George Moustaki o Gainsbourg, pero tuvimos la idea de hacerla un poco m\u00e1s intimista o llev\u00e1rnosla a San Remo. Tiene este rollo de metacanci\u00f3n, pero tambi\u00e9n habla de c\u00f3mo dejas que tus propios demonios campen a sus anchas para luego encontrar algo de luz en ellos. Es jugar a ese contraste de claroscuros.Ahora parece que te esfuerzas por desmarcarte del clich\u00e9 del cantautor atormentado. \u00bfEs un esfuerzo consciente?Al final la vida te va llevando por donde te lleva. Al escuchar algunas canciones de hace a\u00f1os digo: \u00abJoder, vaya intensito que era\u00bb.Justo se cumplen 25 a\u00f1os de tu primer disco, Actos inexplicables. \u00bfC\u00f3mo te llevas con tu yo de entonces?Las canciones que m\u00e1s me urg\u00eda escribir part\u00edan de sentimientos complejos que a veces ten\u00edan que ver con el dolor, pero precisamente para exorcizarlo, para confrontarlo, no para regocijarme en \u00e9l, que es algo de lo que siempre intent\u00e9 huir. Esas canciones antiguas las puedo resignificar, si hace falta. Pero hay alguna que me costar\u00eda m\u00e1s rescatar.\u00bfPor ejemplo?En En lugar del amor digo algunas cosas que no me gustan, sobre todo a la hora de hablar de relaciones. Ahora no me expresar\u00eda as\u00ed. Pero no tendr\u00eda ning\u00fan problema en reescribir algunos versos. As\u00ed es como siempre se mantuvo viva la m\u00fasica tradicional, a trav\u00e9s de la oralidad. Reescribiendo. Es una cosa que me parece muy chula y que se perdi\u00f3 en gran medida con la llegada de la m\u00fasica grabada. Ah\u00ed lleg\u00f3 este celo por la autor\u00eda. A m\u00ed jam\u00e1s se me ocurrir\u00eda acusar a nadie de plagio. Si alguien copiara una canci\u00f3n m\u00eda letra por letra, me sentir\u00eda halagado.Ahora abres rendijas m\u00e1s claras que antes al optimismo. Reivindicas la \u00absemipreciosura\u00bb.La semipreciosura es lo contrario al individualismo con el que nos bombardean. La imperfecci\u00f3n es m\u00e1s hermosa que la preciosura, que ser\u00eda como una especie de postureo elitista y y pijo. Debemos cultivar el asombro ante lo imperfecto: en algunas ocasiones maravillarnos, y en otras ocasiones horrorizarnos. Eso es lo que, al final, nutre las canciones.Leonard Cohen dec\u00eda que hay una grieta en todo y as\u00ed es como entra la luz.Este disco est\u00e1 escrito mirando esa grieta. El otro d\u00eda me ense\u00f1aba Fee Rega un poema todav\u00eda in\u00e9dito en el que habla, precisamente, de una grieta y de c\u00f3mo dos amantes est\u00e1n mirando esa grieta, pero al mismo tiempo ella se pone en el lugar de la grieta y la grieta est\u00e1 mirando a los amantes. Y la grieta se asombra. Siempre es necesario que haya una grieta por la que entra la luz, claro.\"Jam\u00e1s se me ocurrir\u00eda acusar a alguien de plagio. Si alguien me plagiara letra por letra, me sentir\u00eda halagado\"\u00bfYa s\u00f3lo encuentras consuelo en el hedonismo y en la belleza?Tambi\u00e9n en la lucha. Desde la trinchera de la dignidad se puede encontrar belleza tambi\u00e9n.Fiu -una versi\u00f3n de Pablus Gallinazo- es un homenaje a tu madre en agradecimiento por inculcarte el izquierdismo. \u00bfSe lo deb\u00edas?No lo ten\u00eda planificado, pero cuando se me pas\u00f3 por la cabeza me pareci\u00f3 bien mencionarla con nombre y apellido, y hablar de mi vida a trav\u00e9s de lo que ella tuvo que vivir y que aguantar.Es como si formase un d\u00edptico con El \u00e1ngel Sim\u00f3n, dedicada a tu padre. Es como un contrapunto.S\u00ed, ah\u00ed es inevitable trazar un arco. Una est\u00e1 escrita desde el duelo por la muerte prematura de mi padre, al que hago un reproche, pero tambi\u00e9n con humor y admiraci\u00f3n. 25 a\u00f1os despu\u00e9s, le canto a mi madre desde otro punto de vista m\u00e1s de admiraci\u00f3n, sin ponerle ning\u00fan pero.Defiendes que antes que artista eres antifascista. El fascismo est\u00e1 cada vez m\u00e1s presente en el d\u00eda a d\u00eda del mundo. \u00bfQu\u00e9 est\u00e1 pasando?Est\u00e1 pasando que hemos permitido que el fascismo tomara posiciones de poder, que fuera ganando la batalla cultural y que se colara en las instituciones. Lo hemos normalizado, incluso como una opci\u00f3n pol\u00edtica igual de respetable que las dem\u00e1s. Es lo que piensa mucha gente, y a m\u00ed eso me espanta. Pero tambi\u00e9n creo que hay un problema en la izquierda, que no ha sabido atajar al fascismo. Tenemos que plantear por qu\u00e9 el discurso de la izquierda no ha llegado a las clases populares a las que ten\u00eda que apelar.\"Si el fascismo de Vox llega al Gobierno, habr\u00eda que organizarse y multiplicar las trincheras desde las que combatirlo\"Un error de la izquierda ha sido desatender la mejora de las condiciones materiales de esas clases trabajadoras. Anteponer las batallas identitarias a lo contante y sonante.S\u00ed. La izquierda ha olvidado el igualitarismo y se ha centrado mucho el discurso en la igualdad de oportunidades, cuando no todo el mundo parte de las mismas condiciones materiales, precisamente. Creo que ese ha sido uno de los grandes errores, s\u00ed. Adem\u00e1s, la izquierda que ha tomado posiciones de poder ha mirado mucho a la clase media, un invento del neoliberalismo para desactivar a gran parte de la clase trabajadora, y se ha olvidado de la gente m\u00e1s desfavorecida. Y, claro est\u00e1, cuando no tienen a nadie que les d\u00e9 ninguna respuesta, pues si llega la ultraderecha y les dice que su problema est\u00e1 en la inmigraci\u00f3n, pues igual se aferran a esa respuesta, porque no tienen otra.\u00bfTe ha decepcionado mucho Podemos?No... a ver... no s\u00e9. Hubo momentos muy ilusionantes en los que cre\u00edamos que se pod\u00edan cambiar las cosas, incluso desde espacios de poder. Ahora creo que aquello fue m\u00e1s bien una anomal\u00eda del sistema, m\u00e1s que un cambio. Es cierto que en materia de feminismo se ha avanzado mucho. No me gustar\u00eda hablar de decepci\u00f3n. Estuvimos muy ilusionados y luego la realidad nos dio un bofet\u00f3n.\u00bfQu\u00e9 pasar\u00eda en Espa\u00f1a si Vox llegase al Gobierno?Desde luego, tendr\u00edamos que organizarnos. Ser\u00eda un toque de atenci\u00f3n para que m\u00e1s gente se animara a autoorganizarse. Ese discurso de odio, de exclusi\u00f3n racista, antifeminista, xen\u00f3fobo, antiLGTBi... no lo podemos permitir ni normalizar. Si el fascismo de Vox llegase al Gobierno, habr\u00eda que multiplicar las trincheras desde las que combatirlo.\u00bfTodo tipo de trincheras?S\u00ed, todo tipo de trincheras. Una de ellas es la trinchera cultural. Lo que estamos viendo en EEUU, con esta ola de redadas racistas del ICE, es algo que puede llegar a suceder aqu\u00ed si gobernara el fascismo. Ah\u00ed necesitar\u00edamos que el poder popular fuera el que se armara. Con \u00abse armara\u00bb quiero decir organizarse.","og_url":"https:\/\/vof-news.eu\/es\/nacho-vegas-la-izquierda-no-ha-sabido-atajar-al-fascismo-lo-hemos-normalizado\/","og_site_name":"vof-news.eu","article_published_time":"2026-01-30T22:19:20+00:00","article_modified_time":"2026-01-30T22:19:49+00:00","og_image":[{"width":1366,"height":1537,"url":"https:\/\/vof-news.eu\/wp-content\/uploads\/2026\/01\/17697809277977.jpg","type":"image\/jpeg"}],"author":"Author","twitter_card":"summary_large_image","twitter_misc":{"Escrito por":"Author","Tiempo de lectura":"7 minutos"},"schema":{"@context":"https:\/\/schema.org","@graph":[{"@type":"WebPage","@id":"https:\/\/vof-news.eu\/es\/nacho-vegas-la-izquierda-no-ha-sabido-atajar-al-fascismo-lo-hemos-normalizado\/","url":"https:\/\/vof-news.eu\/es\/nacho-vegas-la-izquierda-no-ha-sabido-atajar-al-fascismo-lo-hemos-normalizado\/","name":"Nacho Vegas: \"La izquierda no ha sabido atajar al fascismo: lo hemos normalizado\" - vof-news.eu","isPartOf":{"@id":"https:\/\/vof-news.eu\/es\/#website"},"primaryImageOfPage":{"@id":"https:\/\/vof-news.eu\/es\/nacho-vegas-la-izquierda-no-ha-sabido-atajar-al-fascismo-lo-hemos-normalizado\/#primaryimage"},"image":{"@id":"https:\/\/vof-news.eu\/es\/nacho-vegas-la-izquierda-no-ha-sabido-atajar-al-fascismo-lo-hemos-normalizado\/#primaryimage"},"thumbnailUrl":"https:\/\/vof-news.eu\/wp-content\/uploads\/2026\/01\/17697809277977.jpg","datePublished":"2026-01-30T22:19:20+00:00","dateModified":"2026-01-30T22:19:49+00:00","author":{"@id":"https:\/\/vof-news.eu\/es\/#\/schema\/person\/f6a2a4309f0561835797fd8c19b333ed"},"description":"Nacho Vegas cumple un cuarto de siglo de carrera en solitario. Media vida. Y lo hace con Vidas semipreciosas (Oso Polita), su mejor disco en 15 a\u00f1os. Es un \u00e1lbum activista, pero sin caer en el panfleto. Con punter\u00eda. Mantiene cierto desencanto \u00e1crata marca de la casa, pero tambi\u00e9n busca el entusiasmo y la jovialidad desde una nueva \u00e9pica del asombro y la ternura. Suena muy a Nacho Vegas y suena, sobre todo, muy inspirado, con canciones memorables como Alivio, Llueven moscas, Piedras semipreciosas o Mi peque\u00f1a bestia. Encima, la portada remite a los Smiths, y eso siempre eleva el conjunto.Vidas semipreciosas es un disco heterog\u00e9neo. Da la sensaci\u00f3n de que ahora te dejas llevar m\u00e1s por las canciones. \u00bfEs as\u00ed?S\u00ed. Resulta dif\u00edcil encontrar qu\u00e9 es lo que hace que tenga sentido que las canciones est\u00e9n en un \u00e1lbum. Al final, te lo van diciendo ellas. Va tomando forma como una unidad, a pesar de que sea heterog\u00e9neo. Yo siempre he querido hacer un disco conceptual, pero nunca me sale. Nunca fui capaz.La pieza central del disco es Mi peque\u00f1a bestia, precisamente, una canci\u00f3n sobre componer canciones y sobre c\u00f3mo ellas hacen lo que les viene en gana. Y con un sonido muy San Remo y con ecos franceses.S\u00ed, s\u00ed. Precisamente, fue la \u00faltima canci\u00f3n que escrib\u00ed para el disco. Cuando la escrib\u00eda ten\u00eda ese aire que a m\u00ed me recordaba un poco a George Moustaki o Gainsbourg, pero tuvimos la idea de hacerla un poco m\u00e1s intimista o llev\u00e1rnosla a San Remo. Tiene este rollo de metacanci\u00f3n, pero tambi\u00e9n habla de c\u00f3mo dejas que tus propios demonios campen a sus anchas para luego encontrar algo de luz en ellos. Es jugar a ese contraste de claroscuros.Ahora parece que te esfuerzas por desmarcarte del clich\u00e9 del cantautor atormentado. \u00bfEs un esfuerzo consciente?Al final la vida te va llevando por donde te lleva. Al escuchar algunas canciones de hace a\u00f1os digo: \u00abJoder, vaya intensito que era\u00bb.Justo se cumplen 25 a\u00f1os de tu primer disco, Actos inexplicables. \u00bfC\u00f3mo te llevas con tu yo de entonces?Las canciones que m\u00e1s me urg\u00eda escribir part\u00edan de sentimientos complejos que a veces ten\u00edan que ver con el dolor, pero precisamente para exorcizarlo, para confrontarlo, no para regocijarme en \u00e9l, que es algo de lo que siempre intent\u00e9 huir. Esas canciones antiguas las puedo resignificar, si hace falta. Pero hay alguna que me costar\u00eda m\u00e1s rescatar.\u00bfPor ejemplo?En En lugar del amor digo algunas cosas que no me gustan, sobre todo a la hora de hablar de relaciones. Ahora no me expresar\u00eda as\u00ed. Pero no tendr\u00eda ning\u00fan problema en reescribir algunos versos. As\u00ed es como siempre se mantuvo viva la m\u00fasica tradicional, a trav\u00e9s de la oralidad. Reescribiendo. Es una cosa que me parece muy chula y que se perdi\u00f3 en gran medida con la llegada de la m\u00fasica grabada. Ah\u00ed lleg\u00f3 este celo por la autor\u00eda. A m\u00ed jam\u00e1s se me ocurrir\u00eda acusar a nadie de plagio. Si alguien copiara una canci\u00f3n m\u00eda letra por letra, me sentir\u00eda halagado.Ahora abres rendijas m\u00e1s claras que antes al optimismo. Reivindicas la \u00absemipreciosura\u00bb.La semipreciosura es lo contrario al individualismo con el que nos bombardean. La imperfecci\u00f3n es m\u00e1s hermosa que la preciosura, que ser\u00eda como una especie de postureo elitista y y pijo. Debemos cultivar el asombro ante lo imperfecto: en algunas ocasiones maravillarnos, y en otras ocasiones horrorizarnos. Eso es lo que, al final, nutre las canciones.Leonard Cohen dec\u00eda que hay una grieta en todo y as\u00ed es como entra la luz.Este disco est\u00e1 escrito mirando esa grieta. El otro d\u00eda me ense\u00f1aba Fee Rega un poema todav\u00eda in\u00e9dito en el que habla, precisamente, de una grieta y de c\u00f3mo dos amantes est\u00e1n mirando esa grieta, pero al mismo tiempo ella se pone en el lugar de la grieta y la grieta est\u00e1 mirando a los amantes. Y la grieta se asombra. Siempre es necesario que haya una grieta por la que entra la luz, claro.\"Jam\u00e1s se me ocurrir\u00eda acusar a alguien de plagio. Si alguien me plagiara letra por letra, me sentir\u00eda halagado\"\u00bfYa s\u00f3lo encuentras consuelo en el hedonismo y en la belleza?Tambi\u00e9n en la lucha. Desde la trinchera de la dignidad se puede encontrar belleza tambi\u00e9n.Fiu -una versi\u00f3n de Pablus Gallinazo- es un homenaje a tu madre en agradecimiento por inculcarte el izquierdismo. \u00bfSe lo deb\u00edas?No lo ten\u00eda planificado, pero cuando se me pas\u00f3 por la cabeza me pareci\u00f3 bien mencionarla con nombre y apellido, y hablar de mi vida a trav\u00e9s de lo que ella tuvo que vivir y que aguantar.Es como si formase un d\u00edptico con El \u00e1ngel Sim\u00f3n, dedicada a tu padre. Es como un contrapunto.S\u00ed, ah\u00ed es inevitable trazar un arco. Una est\u00e1 escrita desde el duelo por la muerte prematura de mi padre, al que hago un reproche, pero tambi\u00e9n con humor y admiraci\u00f3n. 25 a\u00f1os despu\u00e9s, le canto a mi madre desde otro punto de vista m\u00e1s de admiraci\u00f3n, sin ponerle ning\u00fan pero.Defiendes que antes que artista eres antifascista. El fascismo est\u00e1 cada vez m\u00e1s presente en el d\u00eda a d\u00eda del mundo. \u00bfQu\u00e9 est\u00e1 pasando?Est\u00e1 pasando que hemos permitido que el fascismo tomara posiciones de poder, que fuera ganando la batalla cultural y que se colara en las instituciones. Lo hemos normalizado, incluso como una opci\u00f3n pol\u00edtica igual de respetable que las dem\u00e1s. Es lo que piensa mucha gente, y a m\u00ed eso me espanta. Pero tambi\u00e9n creo que hay un problema en la izquierda, que no ha sabido atajar al fascismo. Tenemos que plantear por qu\u00e9 el discurso de la izquierda no ha llegado a las clases populares a las que ten\u00eda que apelar.\"Si el fascismo de Vox llega al Gobierno, habr\u00eda que organizarse y multiplicar las trincheras desde las que combatirlo\"Un error de la izquierda ha sido desatender la mejora de las condiciones materiales de esas clases trabajadoras. Anteponer las batallas identitarias a lo contante y sonante.S\u00ed. La izquierda ha olvidado el igualitarismo y se ha centrado mucho el discurso en la igualdad de oportunidades, cuando no todo el mundo parte de las mismas condiciones materiales, precisamente. Creo que ese ha sido uno de los grandes errores, s\u00ed. Adem\u00e1s, la izquierda que ha tomado posiciones de poder ha mirado mucho a la clase media, un invento del neoliberalismo para desactivar a gran parte de la clase trabajadora, y se ha olvidado de la gente m\u00e1s desfavorecida. Y, claro est\u00e1, cuando no tienen a nadie que les d\u00e9 ninguna respuesta, pues si llega la ultraderecha y les dice que su problema est\u00e1 en la inmigraci\u00f3n, pues igual se aferran a esa respuesta, porque no tienen otra.\u00bfTe ha decepcionado mucho Podemos?No... a ver... no s\u00e9. Hubo momentos muy ilusionantes en los que cre\u00edamos que se pod\u00edan cambiar las cosas, incluso desde espacios de poder. Ahora creo que aquello fue m\u00e1s bien una anomal\u00eda del sistema, m\u00e1s que un cambio. Es cierto que en materia de feminismo se ha avanzado mucho. No me gustar\u00eda hablar de decepci\u00f3n. Estuvimos muy ilusionados y luego la realidad nos dio un bofet\u00f3n.\u00bfQu\u00e9 pasar\u00eda en Espa\u00f1a si Vox llegase al Gobierno?Desde luego, tendr\u00edamos que organizarnos. Ser\u00eda un toque de atenci\u00f3n para que m\u00e1s gente se animara a autoorganizarse. Ese discurso de odio, de exclusi\u00f3n racista, antifeminista, xen\u00f3fobo, antiLGTBi... no lo podemos permitir ni normalizar. Si el fascismo de Vox llegase al Gobierno, habr\u00eda que multiplicar las trincheras desde las que combatirlo.\u00bfTodo tipo de trincheras?S\u00ed, todo tipo de trincheras. Una de ellas es la trinchera cultural. Lo que estamos viendo en EEUU, con esta ola de redadas racistas del ICE, es algo que puede llegar a suceder aqu\u00ed si gobernara el fascismo. Ah\u00ed necesitar\u00edamos que el poder popular fuera el que se armara. Con \u00abse armara\u00bb quiero decir organizarse.","breadcrumb":{"@id":"https:\/\/vof-news.eu\/es\/nacho-vegas-la-izquierda-no-ha-sabido-atajar-al-fascismo-lo-hemos-normalizado\/#breadcrumb"},"inLanguage":"es","potentialAction":[{"@type":"ReadAction","target":["https:\/\/vof-news.eu\/es\/nacho-vegas-la-izquierda-no-ha-sabido-atajar-al-fascismo-lo-hemos-normalizado\/"]}]},{"@type":"ImageObject","inLanguage":"es","@id":"https:\/\/vof-news.eu\/es\/nacho-vegas-la-izquierda-no-ha-sabido-atajar-al-fascismo-lo-hemos-normalizado\/#primaryimage","url":"https:\/\/vof-news.eu\/wp-content\/uploads\/2026\/01\/17697809277977.jpg","contentUrl":"https:\/\/vof-news.eu\/wp-content\/uploads\/2026\/01\/17697809277977.jpg","width":1366,"height":1537},{"@type":"BreadcrumbList","@id":"https:\/\/vof-news.eu\/es\/nacho-vegas-la-izquierda-no-ha-sabido-atajar-al-fascismo-lo-hemos-normalizado\/#breadcrumb","itemListElement":[{"@type":"ListItem","position":1,"name":"Home","item":"https:\/\/vof-news.eu\/es\/"},{"@type":"ListItem","position":2,"name":"Nacho Vegas: &#8220;La izquierda no ha sabido atajar al fascismo: lo hemos normalizado&#8221;"}]},{"@type":"WebSite","@id":"https:\/\/vof-news.eu\/es\/#website","url":"https:\/\/vof-news.eu\/es\/","name":"vof-news.eu","description":"","potentialAction":[{"@type":"SearchAction","target":{"@type":"EntryPoint","urlTemplate":"https:\/\/vof-news.eu\/es\/?s={search_term_string}"},"query-input":"required name=search_term_string"}],"inLanguage":"es"},{"@type":"Person","@id":"https:\/\/vof-news.eu\/es\/#\/schema\/person\/f6a2a4309f0561835797fd8c19b333ed","name":"Author","image":{"@type":"ImageObject","inLanguage":"es","@id":"https:\/\/vof-news.eu\/es\/#\/schema\/person\/image\/","url":"https:\/\/secure.gravatar.com\/avatar\/b67e614b1b25b3e9c0c239efdd2fde5ab015b5affd6f1c3c85911ca4b384e790?s=96&d=mm&r=g","contentUrl":"https:\/\/secure.gravatar.com\/avatar\/b67e614b1b25b3e9c0c239efdd2fde5ab015b5affd6f1c3c85911ca4b384e790?s=96&d=mm&r=g","caption":"Author"},"sameAs":["http:\/\/vof-news.eu"],"url":"https:\/\/vof-news.eu\/es\/author\/zwt6qxnjulxbnyg\/"}]}},"yoast_meta":{"yoast_wpseo_title":"","yoast_wpseo_metadesc":"","yoast_wpseo_canonical":""},"_links":{"self":[{"href":"https:\/\/vof-news.eu\/es\/wp-json\/wp\/v2\/posts\/322115","targetHints":{"allow":["GET"]}}],"collection":[{"href":"https:\/\/vof-news.eu\/es\/wp-json\/wp\/v2\/posts"}],"about":[{"href":"https:\/\/vof-news.eu\/es\/wp-json\/wp\/v2\/types\/post"}],"author":[{"embeddable":true,"href":"https:\/\/vof-news.eu\/es\/wp-json\/wp\/v2\/users\/1"}],"replies":[{"embeddable":true,"href":"https:\/\/vof-news.eu\/es\/wp-json\/wp\/v2\/comments?post=322115"}],"version-history":[{"count":1,"href":"https:\/\/vof-news.eu\/es\/wp-json\/wp\/v2\/posts\/322115\/revisions"}],"predecessor-version":[{"id":322122,"href":"https:\/\/vof-news.eu\/es\/wp-json\/wp\/v2\/posts\/322115\/revisions\/322122"}],"wp:featuredmedia":[{"embeddable":true,"href":"https:\/\/vof-news.eu\/es\/wp-json\/wp\/v2\/media\/322116"}],"wp:attachment":[{"href":"https:\/\/vof-news.eu\/es\/wp-json\/wp\/v2\/media?parent=322115"}],"wp:term":[{"taxonomy":"category","embeddable":true,"href":"https:\/\/vof-news.eu\/es\/wp-json\/wp\/v2\/categories?post=322115"},{"taxonomy":"post_tag","embeddable":true,"href":"https:\/\/vof-news.eu\/es\/wp-json\/wp\/v2\/tags?post=322115"}],"curies":[{"name":"wp","href":"https:\/\/api.w.org\/{rel}","templated":true}]}}