{"id":321986,"date":"2026-01-30T17:21:56","date_gmt":"2026-01-30T14:21:56","guid":{"rendered":"https:\/\/vof-news.eu\/jubilados-protestan-ante-la-sede-del-pp-por-tumbar-el-escudo-social-y-la-subida-de-las-pensiones-es-terrorismo-social\/"},"modified":"2026-01-30T17:23:17","modified_gmt":"2026-01-30T14:23:17","slug":"jubilados-protestan-ante-la-sede-del-pp-por-tumbar-el-escudo-social-y-la-subida-de-las-pensiones-es-terrorismo-social","status":"publish","type":"post","link":"https:\/\/vof-news.eu\/es\/jubilados-protestan-ante-la-sede-del-pp-por-tumbar-el-escudo-social-y-la-subida-de-las-pensiones-es-terrorismo-social\/","title":{"rendered":"Jubilados protestan ante la sede del PP por tumbar el &#8216;escudo social&#8217; y la subida de las pensiones: \u201cEs terrorismo social\u201d"},"content":{"rendered":"<div>\n<p>\n        Varias organizaciones de pensionistas se han concentrado este viernes frente a la sede del Partido Popular, en la calle G\u00e9nova de Madrid, para protestar contra el voto en contra de la formaci\u00f3n al decreto \u00f3mnibus, que inclu\u00eda, <a href=\"https:\/\/www.eldiario.es\/economia\/desahucios-salario-minimo-cuotas-autonomos-son-medidas-decaen-rechazo-congreso_1_12937277.html\" rel=\"nofollow\">entre otras medidas<\/a>, la <a href=\"https:\/\/www.eldiario.es\/politica\/pp-vox-junts-tumban-subida-pensiones-prorroga-escudo-social_1_12938910.html\" rel=\"nofollow\">revalorizaci\u00f3n de las pensiones<\/a> p\u00fablicas. Esta subida, as\u00ed como el conocido como &#8216;escudo social&#8217;, decay\u00f3 este martes en el Congreso, por el &#8216;no&#8217; de PP, Vox y Junts.\n    <\/p>\n<p>\n        La convocatoria ha sido impulsada por la Coordinadora Estatal por la Defensa del Sistema P\u00fablico de Pensiones (COESPE), la Coordinadora General de Pensionistas de Madrid y la Plataforma de Pensionistas de M\u00f3stoles, que consideran que la ca\u00edda del decreto, que afecta a m\u00e1s de diez millones de pensionistas, supone un ataque directo al llamado \u201cescudo social\u201d.\n    <\/p>\n<p>\n        \u201cLos pensionistas estamos hoy aqu\u00ed ante la sede del Partido Popular porque est\u00e1 practicando terrorismo social al congelar la subida de las pensiones de m\u00e1s de diez millones de personas\u201d, ha afirmado Leopoldo Pelayo, portavoz de la Coordinadora General de Pensionistas de Madrid. Pelayo ha recordado las pol\u00edticas aplicadas durante anteriores gobiernos del PP, denunciando la revalorizaci\u00f3n del 0,25%, la aplicaci\u00f3n del factor de sostenibilidad y el uso del fondo de reserva de la Seguridad Social. \u201cUn partido con estas caracter\u00edsticas no puede gobernar el pa\u00eds\u201d, ha sostenido.\n    <\/p>\n<h2>Sin reuni\u00f3n con el PP y consignas contra el bloqueo<\/h2>\n<p>\n        Desde las organizaciones convocantes acusan al principal partido de la oposici\u00f3n de actuar por motivos electorales. \u201cQueremos manifestarnos delante del mayor partido de la oposici\u00f3n, que con su voto en contra ha tumbado la subida de las pensiones p\u00fablicas y medidas sociales que afectan a millones de personas\u201d, ha explicado Dami\u00e1n Rodr\u00edguez, portavoz estatal de COESPE. Seg\u00fan Rodr\u00edguez, la decisi\u00f3n responde \u201ca la presi\u00f3n de la ultraderecha y a una deriva antisocial que afecta a la mayor\u00eda de la ciudadan\u00eda\u201d.\n    <\/p>\n<p>\n        Durante la concentraci\u00f3n, las personas asistentes corearon consignas como \u201cQueremos el \u00f3mnibus completo\u201d y han reclamado una reuni\u00f3n con el l\u00edder del PP, Alberto N\u00fa\u00f1ez Feij\u00f3o, o con alg\u00fan responsable de la formaci\u00f3n. Tres representantes de las organizaciones intentaron acceder a la sede, pero finalmente no fueron recibidos por ning\u00fan dirigente del partido, seg\u00fan han denunciado los convocantes.\n    <\/p>\n<h2>Manifestaci\u00f3n estatal el 23 de febrero<\/h2>\n<p>\n        La protesta de este viernes es la primera de una serie de movilizaciones previstas para el mes de febrero. Las organizaciones de pensionistas han anunciado una jornada de movilizaci\u00f3n general en todo el Estado el pr\u00f3ximo 23 de febrero, si antes del d\u00eda 20 no se desbloquea la situaci\u00f3n parlamentaria. \u201cSi el bloqueo contin\u00faa, saldremos a la calle en todo el pa\u00eds\u201d, ha advertido Pelayo.\n    <\/p>\n<p>\n        El PP hab\u00eda garantizado al Gobierno su apoyo al incremento de las pensiones si el Ejecutivo dejaba al margen otras medidas del &#8216;escudo social&#8217;, como la pr\u00f3rroga de los descuentos en la factura el\u00e9ctrica para consumidores vulnerables, la prohibici\u00f3n de cortes de suministro o la moratoria antidesahucios que, seg\u00fan las entidades de vivienda hab\u00eda salvado a entre 60.000 y <a href=\"https:\/\/www.eldiario.es\/economia\/70-000-familias-vulnerables-proteccion-desahucio-vuelve-miedo-crudo_1_12940968.html\" rel=\"nofollow\">70.000 familias<\/a> de un lanzamiento.\n    <\/p>\n<p>\n        Desde la Plataforma de Pensionistas de M\u00f3stoles, Carmen, una de sus representantes, ha subrayado que la reivindicaci\u00f3n no se limita \u00fanicamente a las pensiones. \u201cDefendemos el conjunto de medidas del decreto \u00f3mnibus: ayudas al transporte, al gas, a la luz y a las personas en situaci\u00f3n de precariedad. Luchamos por pensiones dignas, pero tambi\u00e9n por una vida digna y por una redistribuci\u00f3n justa de la riqueza\u201d, ha se\u00f1alado.\n    <\/p>\n<p>\n        Las organizaciones han insistido en que la movilizaci\u00f3n social ser\u00e1 \u201cla \u00fanica v\u00eda\u201d para revertir el bloqueo y garantizar la revalorizaci\u00f3n de las pensiones y el mantenimiento del escudo social. \u201cHay que seguir en la calle\u201d, han concluido. Este mi\u00e9rcoles, colectivos por la vivienda ya hab\u00edan protestado ante la <a href=\"https:\/\/www.eldiario.es\/catalunya\/colectivos-vivienda-protestan-sede-junts-barcelona-rechazo-moratoria-desahucios_1_12944667.html\" rel=\"nofollow\">sede de Junts<\/a> en Barcelona, por su rechazo a la moratoria antidesahucios y tambi\u00e9n ante el Congreso, donde reclamaron una pr\u00f3rroga obligatoria de los alquileres.\n    <\/p>\n<\/div>\n","protected":false},"excerpt":{"rendered":"<p>Varias organizaciones de pensionistas se han concentrado este viernes frente a la sede del Partido Popular, en la calle G\u00e9nova de Madrid, para protestar contra el voto en contra de la formaci\u00f3n al decreto \u00f3mnibus, que inclu\u00eda, entre otras medidas, la revalorizaci\u00f3n de las pensiones p\u00fablicas. Esta subida, as\u00ed como el conocido como &#8216;escudo social&#8217;,<\/p>\n","protected":false},"author":1,"featured_media":321987,"comment_status":"open","ping_status":"open","sticky":false,"template":"","format":"standard","meta":{"footnotes":""},"categories":[61],"tags":[],"class_list":["post-321986","post","type-post","status-publish","format-standard","has-post-thumbnail","hentry","category-business-es"],"acf":[],"yoast_head":"<!-- This site is optimized with the Yoast SEO plugin v22.9 - https:\/\/yoast.com\/wordpress\/plugins\/seo\/ -->\n<title>Jubilados protestan ante la sede del PP por tumbar el &#039;escudo social&#039; y la subida de las pensiones: \u201cEs terrorismo social\u201d - vof-news.eu<\/title>\n<meta name=\"description\" content=\"Varias organizaciones de pensionistas se han concentrado este viernes frente a la sede del Partido Popular, en la calle G\u00e9nova de Madrid, para protestar contra el voto en contra de la formaci\u00f3n al decreto \u00f3mnibus, que inclu\u00eda, entre otras medidas, la revalorizaci\u00f3n de las pensiones p\u00fablicas. Esta subida, as\u00ed como el conocido como &#039;escudo social&#039;, decay\u00f3 este martes en el Congreso, por el &#039;no&#039; de PP, Vox y Junts.\" \/>\n<meta name=\"robots\" content=\"noindex, follow, max-snippet:-1, max-image-preview:large, max-video-preview:-1\" \/>\n<meta property=\"og:locale\" content=\"es_ES\" \/>\n<meta property=\"og:type\" content=\"article\" \/>\n<meta property=\"og:title\" content=\"Jubilados protestan ante la sede del PP por tumbar el &#039;escudo social&#039; y la subida de las pensiones: \u201cEs terrorismo social\u201d - vof-news.eu\" \/>\n<meta property=\"og:description\" content=\"Varias organizaciones de pensionistas se han concentrado este viernes frente a la sede del Partido Popular, en la calle G\u00e9nova de Madrid, para protestar contra el voto en contra de la formaci\u00f3n al decreto \u00f3mnibus, que inclu\u00eda, entre otras medidas, la revalorizaci\u00f3n de las pensiones p\u00fablicas. Esta subida, as\u00ed como el conocido como &#039;escudo social&#039;, decay\u00f3 este martes en el Congreso, por el &#039;no&#039; de PP, Vox y Junts.\" \/>\n<meta property=\"og:url\" content=\"https:\/\/vof-news.eu\/es\/jubilados-protestan-ante-la-sede-del-pp-por-tumbar-el-escudo-social-y-la-subida-de-las-pensiones-es-terrorismo-social\/\" \/>\n<meta property=\"og:site_name\" content=\"vof-news.eu\" \/>\n<meta property=\"article:published_time\" content=\"2026-01-30T14:21:56+00:00\" \/>\n<meta property=\"article:modified_time\" content=\"2026-01-30T14:23:17+00:00\" \/>\n<meta property=\"og:image\" content=\"https:\/\/vof-news.eu\/wp-content\/uploads\/2026\/01\/7beb8f6d-d801-41e8-9dae-b40df5e39d93_16-9-discover-aspect-ratio_default_1135428.jpg\" \/>\n\t<meta property=\"og:image:width\" content=\"1200\" \/>\n\t<meta property=\"og:image:height\" content=\"675\" \/>\n\t<meta property=\"og:image:type\" content=\"image\/jpeg\" \/>\n<meta name=\"author\" content=\"Author\" \/>\n<meta name=\"twitter:card\" content=\"summary_large_image\" \/>\n<meta name=\"twitter:label1\" content=\"Escrito por\" \/>\n\t<meta name=\"twitter:data1\" content=\"Author\" \/>\n\t<meta name=\"twitter:label2\" content=\"Tiempo de lectura\" \/>\n\t<meta name=\"twitter:data2\" content=\"3 minutos\" \/>\n<script type=\"application\/ld+json\" class=\"yoast-schema-graph\">{\"@context\":\"https:\/\/schema.org\",\"@graph\":[{\"@type\":\"WebPage\",\"@id\":\"https:\/\/vof-news.eu\/es\/jubilados-protestan-ante-la-sede-del-pp-por-tumbar-el-escudo-social-y-la-subida-de-las-pensiones-es-terrorismo-social\/\",\"url\":\"https:\/\/vof-news.eu\/es\/jubilados-protestan-ante-la-sede-del-pp-por-tumbar-el-escudo-social-y-la-subida-de-las-pensiones-es-terrorismo-social\/\",\"name\":\"Jubilados protestan ante la sede del PP por tumbar el 'escudo social' y la subida de las pensiones: \u201cEs terrorismo social\u201d - vof-news.eu\",\"isPartOf\":{\"@id\":\"https:\/\/vof-news.eu\/es\/#website\"},\"primaryImageOfPage\":{\"@id\":\"https:\/\/vof-news.eu\/es\/jubilados-protestan-ante-la-sede-del-pp-por-tumbar-el-escudo-social-y-la-subida-de-las-pensiones-es-terrorismo-social\/#primaryimage\"},\"image\":{\"@id\":\"https:\/\/vof-news.eu\/es\/jubilados-protestan-ante-la-sede-del-pp-por-tumbar-el-escudo-social-y-la-subida-de-las-pensiones-es-terrorismo-social\/#primaryimage\"},\"thumbnailUrl\":\"https:\/\/vof-news.eu\/wp-content\/uploads\/2026\/01\/7beb8f6d-d801-41e8-9dae-b40df5e39d93_16-9-discover-aspect-ratio_default_1135428.jpg\",\"datePublished\":\"2026-01-30T14:21:56+00:00\",\"dateModified\":\"2026-01-30T14:23:17+00:00\",\"author\":{\"@id\":\"https:\/\/vof-news.eu\/es\/#\/schema\/person\/f6a2a4309f0561835797fd8c19b333ed\"},\"description\":\"Varias organizaciones de pensionistas se han concentrado este viernes frente a la sede del Partido Popular, en la calle G\u00e9nova de Madrid, para protestar contra el voto en contra de la formaci\u00f3n al decreto \u00f3mnibus, que inclu\u00eda, entre otras medidas, la revalorizaci\u00f3n de las pensiones p\u00fablicas. Esta subida, as\u00ed como el conocido como 'escudo social', decay\u00f3 este martes en el Congreso, por el 'no' de PP, Vox y Junts.\",\"breadcrumb\":{\"@id\":\"https:\/\/vof-news.eu\/es\/jubilados-protestan-ante-la-sede-del-pp-por-tumbar-el-escudo-social-y-la-subida-de-las-pensiones-es-terrorismo-social\/#breadcrumb\"},\"inLanguage\":\"es\",\"potentialAction\":[{\"@type\":\"ReadAction\",\"target\":[\"https:\/\/vof-news.eu\/es\/jubilados-protestan-ante-la-sede-del-pp-por-tumbar-el-escudo-social-y-la-subida-de-las-pensiones-es-terrorismo-social\/\"]}]},{\"@type\":\"ImageObject\",\"inLanguage\":\"es\",\"@id\":\"https:\/\/vof-news.eu\/es\/jubilados-protestan-ante-la-sede-del-pp-por-tumbar-el-escudo-social-y-la-subida-de-las-pensiones-es-terrorismo-social\/#primaryimage\",\"url\":\"https:\/\/vof-news.eu\/wp-content\/uploads\/2026\/01\/7beb8f6d-d801-41e8-9dae-b40df5e39d93_16-9-discover-aspect-ratio_default_1135428.jpg\",\"contentUrl\":\"https:\/\/vof-news.eu\/wp-content\/uploads\/2026\/01\/7beb8f6d-d801-41e8-9dae-b40df5e39d93_16-9-discover-aspect-ratio_default_1135428.jpg\",\"width\":1200,\"height\":675},{\"@type\":\"BreadcrumbList\",\"@id\":\"https:\/\/vof-news.eu\/es\/jubilados-protestan-ante-la-sede-del-pp-por-tumbar-el-escudo-social-y-la-subida-de-las-pensiones-es-terrorismo-social\/#breadcrumb\",\"itemListElement\":[{\"@type\":\"ListItem\",\"position\":1,\"name\":\"Home\",\"item\":\"https:\/\/vof-news.eu\/es\/\"},{\"@type\":\"ListItem\",\"position\":2,\"name\":\"Jubilados protestan ante la sede del PP por tumbar el &#8216;escudo social&#8217; y la subida de las pensiones: \u201cEs terrorismo social\u201d\"}]},{\"@type\":\"WebSite\",\"@id\":\"https:\/\/vof-news.eu\/es\/#website\",\"url\":\"https:\/\/vof-news.eu\/es\/\",\"name\":\"vof-news.eu\",\"description\":\"\",\"potentialAction\":[{\"@type\":\"SearchAction\",\"target\":{\"@type\":\"EntryPoint\",\"urlTemplate\":\"https:\/\/vof-news.eu\/es\/?s={search_term_string}\"},\"query-input\":\"required name=search_term_string\"}],\"inLanguage\":\"es\"},{\"@type\":\"Person\",\"@id\":\"https:\/\/vof-news.eu\/es\/#\/schema\/person\/f6a2a4309f0561835797fd8c19b333ed\",\"name\":\"Author\",\"image\":{\"@type\":\"ImageObject\",\"inLanguage\":\"es\",\"@id\":\"https:\/\/vof-news.eu\/es\/#\/schema\/person\/image\/\",\"url\":\"https:\/\/secure.gravatar.com\/avatar\/b67e614b1b25b3e9c0c239efdd2fde5ab015b5affd6f1c3c85911ca4b384e790?s=96&d=mm&r=g\",\"contentUrl\":\"https:\/\/secure.gravatar.com\/avatar\/b67e614b1b25b3e9c0c239efdd2fde5ab015b5affd6f1c3c85911ca4b384e790?s=96&d=mm&r=g\",\"caption\":\"Author\"},\"sameAs\":[\"http:\/\/vof-news.eu\"],\"url\":\"https:\/\/vof-news.eu\/es\/author\/zwt6qxnjulxbnyg\/\"}]}<\/script>\n<!-- \/ Yoast SEO plugin. -->","yoast_head_json":{"title":"Jubilados protestan ante la sede del PP por tumbar el 'escudo social' y la subida de las pensiones: \u201cEs terrorismo social\u201d - vof-news.eu","description":"Varias organizaciones de pensionistas se han concentrado este viernes frente a la sede del Partido Popular, en la calle G\u00e9nova de Madrid, para protestar contra el voto en contra de la formaci\u00f3n al decreto \u00f3mnibus, que inclu\u00eda, entre otras medidas, la revalorizaci\u00f3n de las pensiones p\u00fablicas. Esta subida, as\u00ed como el conocido como 'escudo social', decay\u00f3 este martes en el Congreso, por el 'no' de PP, Vox y Junts.","robots":{"index":"noindex","follow":"follow","max-snippet":"max-snippet:-1","max-image-preview":"max-image-preview:large","max-video-preview":"max-video-preview:-1"},"og_locale":"es_ES","og_type":"article","og_title":"Jubilados protestan ante la sede del PP por tumbar el 'escudo social' y la subida de las pensiones: \u201cEs terrorismo social\u201d - vof-news.eu","og_description":"Varias organizaciones de pensionistas se han concentrado este viernes frente a la sede del Partido Popular, en la calle G\u00e9nova de Madrid, para protestar contra el voto en contra de la formaci\u00f3n al decreto \u00f3mnibus, que inclu\u00eda, entre otras medidas, la revalorizaci\u00f3n de las pensiones p\u00fablicas. Esta subida, as\u00ed como el conocido como 'escudo social', decay\u00f3 este martes en el Congreso, por el 'no' de PP, Vox y Junts.","og_url":"https:\/\/vof-news.eu\/es\/jubilados-protestan-ante-la-sede-del-pp-por-tumbar-el-escudo-social-y-la-subida-de-las-pensiones-es-terrorismo-social\/","og_site_name":"vof-news.eu","article_published_time":"2026-01-30T14:21:56+00:00","article_modified_time":"2026-01-30T14:23:17+00:00","og_image":[{"width":1200,"height":675,"url":"https:\/\/vof-news.eu\/wp-content\/uploads\/2026\/01\/7beb8f6d-d801-41e8-9dae-b40df5e39d93_16-9-discover-aspect-ratio_default_1135428.jpg","type":"image\/jpeg"}],"author":"Author","twitter_card":"summary_large_image","twitter_misc":{"Escrito por":"Author","Tiempo de lectura":"3 minutos"},"schema":{"@context":"https:\/\/schema.org","@graph":[{"@type":"WebPage","@id":"https:\/\/vof-news.eu\/es\/jubilados-protestan-ante-la-sede-del-pp-por-tumbar-el-escudo-social-y-la-subida-de-las-pensiones-es-terrorismo-social\/","url":"https:\/\/vof-news.eu\/es\/jubilados-protestan-ante-la-sede-del-pp-por-tumbar-el-escudo-social-y-la-subida-de-las-pensiones-es-terrorismo-social\/","name":"Jubilados protestan ante la sede del PP por tumbar el 'escudo social' y la subida de las pensiones: \u201cEs terrorismo social\u201d - vof-news.eu","isPartOf":{"@id":"https:\/\/vof-news.eu\/es\/#website"},"primaryImageOfPage":{"@id":"https:\/\/vof-news.eu\/es\/jubilados-protestan-ante-la-sede-del-pp-por-tumbar-el-escudo-social-y-la-subida-de-las-pensiones-es-terrorismo-social\/#primaryimage"},"image":{"@id":"https:\/\/vof-news.eu\/es\/jubilados-protestan-ante-la-sede-del-pp-por-tumbar-el-escudo-social-y-la-subida-de-las-pensiones-es-terrorismo-social\/#primaryimage"},"thumbnailUrl":"https:\/\/vof-news.eu\/wp-content\/uploads\/2026\/01\/7beb8f6d-d801-41e8-9dae-b40df5e39d93_16-9-discover-aspect-ratio_default_1135428.jpg","datePublished":"2026-01-30T14:21:56+00:00","dateModified":"2026-01-30T14:23:17+00:00","author":{"@id":"https:\/\/vof-news.eu\/es\/#\/schema\/person\/f6a2a4309f0561835797fd8c19b333ed"},"description":"Varias organizaciones de pensionistas se han concentrado este viernes frente a la sede del Partido Popular, en la calle G\u00e9nova de Madrid, para protestar contra el voto en contra de la formaci\u00f3n al decreto \u00f3mnibus, que inclu\u00eda, entre otras medidas, la revalorizaci\u00f3n de las pensiones p\u00fablicas. Esta subida, as\u00ed como el conocido como 'escudo social', decay\u00f3 este martes en el Congreso, por el 'no' de PP, Vox y Junts.","breadcrumb":{"@id":"https:\/\/vof-news.eu\/es\/jubilados-protestan-ante-la-sede-del-pp-por-tumbar-el-escudo-social-y-la-subida-de-las-pensiones-es-terrorismo-social\/#breadcrumb"},"inLanguage":"es","potentialAction":[{"@type":"ReadAction","target":["https:\/\/vof-news.eu\/es\/jubilados-protestan-ante-la-sede-del-pp-por-tumbar-el-escudo-social-y-la-subida-de-las-pensiones-es-terrorismo-social\/"]}]},{"@type":"ImageObject","inLanguage":"es","@id":"https:\/\/vof-news.eu\/es\/jubilados-protestan-ante-la-sede-del-pp-por-tumbar-el-escudo-social-y-la-subida-de-las-pensiones-es-terrorismo-social\/#primaryimage","url":"https:\/\/vof-news.eu\/wp-content\/uploads\/2026\/01\/7beb8f6d-d801-41e8-9dae-b40df5e39d93_16-9-discover-aspect-ratio_default_1135428.jpg","contentUrl":"https:\/\/vof-news.eu\/wp-content\/uploads\/2026\/01\/7beb8f6d-d801-41e8-9dae-b40df5e39d93_16-9-discover-aspect-ratio_default_1135428.jpg","width":1200,"height":675},{"@type":"BreadcrumbList","@id":"https:\/\/vof-news.eu\/es\/jubilados-protestan-ante-la-sede-del-pp-por-tumbar-el-escudo-social-y-la-subida-de-las-pensiones-es-terrorismo-social\/#breadcrumb","itemListElement":[{"@type":"ListItem","position":1,"name":"Home","item":"https:\/\/vof-news.eu\/es\/"},{"@type":"ListItem","position":2,"name":"Jubilados protestan ante la sede del PP por tumbar el &#8216;escudo social&#8217; y la subida de las pensiones: \u201cEs terrorismo social\u201d"}]},{"@type":"WebSite","@id":"https:\/\/vof-news.eu\/es\/#website","url":"https:\/\/vof-news.eu\/es\/","name":"vof-news.eu","description":"","potentialAction":[{"@type":"SearchAction","target":{"@type":"EntryPoint","urlTemplate":"https:\/\/vof-news.eu\/es\/?s={search_term_string}"},"query-input":"required name=search_term_string"}],"inLanguage":"es"},{"@type":"Person","@id":"https:\/\/vof-news.eu\/es\/#\/schema\/person\/f6a2a4309f0561835797fd8c19b333ed","name":"Author","image":{"@type":"ImageObject","inLanguage":"es","@id":"https:\/\/vof-news.eu\/es\/#\/schema\/person\/image\/","url":"https:\/\/secure.gravatar.com\/avatar\/b67e614b1b25b3e9c0c239efdd2fde5ab015b5affd6f1c3c85911ca4b384e790?s=96&d=mm&r=g","contentUrl":"https:\/\/secure.gravatar.com\/avatar\/b67e614b1b25b3e9c0c239efdd2fde5ab015b5affd6f1c3c85911ca4b384e790?s=96&d=mm&r=g","caption":"Author"},"sameAs":["http:\/\/vof-news.eu"],"url":"https:\/\/vof-news.eu\/es\/author\/zwt6qxnjulxbnyg\/"}]}},"yoast_meta":{"yoast_wpseo_title":"","yoast_wpseo_metadesc":"","yoast_wpseo_canonical":""},"_links":{"self":[{"href":"https:\/\/vof-news.eu\/es\/wp-json\/wp\/v2\/posts\/321986","targetHints":{"allow":["GET"]}}],"collection":[{"href":"https:\/\/vof-news.eu\/es\/wp-json\/wp\/v2\/posts"}],"about":[{"href":"https:\/\/vof-news.eu\/es\/wp-json\/wp\/v2\/types\/post"}],"author":[{"embeddable":true,"href":"https:\/\/vof-news.eu\/es\/wp-json\/wp\/v2\/users\/1"}],"replies":[{"embeddable":true,"href":"https:\/\/vof-news.eu\/es\/wp-json\/wp\/v2\/comments?post=321986"}],"version-history":[{"count":1,"href":"https:\/\/vof-news.eu\/es\/wp-json\/wp\/v2\/posts\/321986\/revisions"}],"predecessor-version":[{"id":321994,"href":"https:\/\/vof-news.eu\/es\/wp-json\/wp\/v2\/posts\/321986\/revisions\/321994"}],"wp:featuredmedia":[{"embeddable":true,"href":"https:\/\/vof-news.eu\/es\/wp-json\/wp\/v2\/media\/321987"}],"wp:attachment":[{"href":"https:\/\/vof-news.eu\/es\/wp-json\/wp\/v2\/media?parent=321986"}],"wp:term":[{"taxonomy":"category","embeddable":true,"href":"https:\/\/vof-news.eu\/es\/wp-json\/wp\/v2\/categories?post=321986"},{"taxonomy":"post_tag","embeddable":true,"href":"https:\/\/vof-news.eu\/es\/wp-json\/wp\/v2\/tags?post=321986"}],"curies":[{"name":"wp","href":"https:\/\/api.w.org\/{rel}","templated":true}]}}