{"id":321970,"date":"2026-01-30T17:19:52","date_gmt":"2026-01-30T14:19:52","guid":{"rendered":"https:\/\/vof-news.eu\/renfe-e-iryo-anuncian-que-dejaran-de-indemnizar-por-los-retrasos-si-estos-se-deben-a-las-limitaciones-de-velocidad\/"},"modified":"2026-01-30T17:21:01","modified_gmt":"2026-01-30T14:21:01","slug":"renfe-e-iryo-anuncian-que-dejaran-de-indemnizar-por-los-retrasos-si-estos-se-deben-a-las-limitaciones-de-velocidad","status":"publish","type":"post","link":"https:\/\/vof-news.eu\/es\/renfe-e-iryo-anuncian-que-dejaran-de-indemnizar-por-los-retrasos-si-estos-se-deben-a-las-limitaciones-de-velocidad\/","title":{"rendered":"Renfe e Iryo anuncian que dejar\u00e1n de indemnizar por los retrasos si estos se deben a las limitaciones de velocidad"},"content":{"rendered":"<div>\n<p>\n        Tanto Renfe como Iryo han adelantado que dejar\u00e1n de indemnizar a los pasajeros que hayan sufrido retrasos en sus viajes de tren si estos se han producido como consecuencia de las limitaciones de velocidad que est\u00e1 aplicando Adif en diferentes tramos por motivos de seguridad.\n    <\/p>\n<p>\n        Tras el accidente de Adamuz, <a href=\"https:\/\/www.eldiario.es\/economia\/adif-levanta-restriccion-temporal-velocidad-tramo-madrid-barcelona-mantiene-cuatro-puntos-230-km-h_1_12923212.html\" rel=\"nofollow\">Adif ha activado diferentes limitaciones de velocidad<\/a> despu\u00e9s de recibir diferentes quejas de los maquinistas en diferentes tramos. El 21 de enero, volvi\u00f3 a establecer una limitaci\u00f3n a 150 kil\u00f3metros por hora en un tramo entre Madrid y Zaragoza de la l\u00ednea que conecta la capital con Barcelona. Tambi\u00e9n se ha reducido la velocidad m\u00e1xima en tres puntos de la l\u00ednea entre Madrid y Valencia.\n    <\/p>\n<p>\n        Esto ha conllevado retrasos que hasta ahora las operadoras indemnizaban seg\u00fan sus pol\u00edticas. En <a href=\"https:\/\/iryo.eu\/es\/viaja\/preguntas-frecuentes\/reclamaciones\" rel=\"nofollow\">el caso de Iryo,<\/a> ya han adelantado a trav\u00e9s de un aviso en su p\u00e1gina web que \u201clos trayectos entre Madrid y Barcelona y Madrid y Valencia\u201d pueden \u201csufrir retrasos ajenos a la responsabilidad del operador\u201d. Y que por ese mismo motivo, los billetes que se adquieran despu\u00e9s del 28 de enero, \u201cno se podr\u00e1n considerar aplicables las pol\u00edticas habituales de compensaciones por retraso\u201d.\n    <\/p>\n<p>\n<a href=\"https:\/\/www.eldiario.es\/economia\/renfe-estudia-mantener-actuales-indemnizaciones-retrasos-despues-congreso-apruebe-elevarlas_1_12765607.html\" rel=\"nofollow\">El 1 de julio de 2025 se modificaron<\/a> los criterios de indemnizaci\u00f3n de impuntualidad de Renfe. Desde entonces, devuelve el importe \u00edntegro del billete de AVE, Avlo, Alvia, Euromed e Intercity cuando el retraso supera los 90 minutos (frente a los 30 minutos hasta entonces), y el 50% con demoras de m\u00e1s de 60 minutos (antes 15 minutos). Esas indemnizaciones de la compa\u00f1\u00eda p\u00fablica situaron el compromiso de puntualidad al mismo nivel que el resto de los competidores de alta velocidad (Ouigo e Iryo).\n    <\/p>\n<p>\n<a href=\"https:\/\/www.renfe.com\/es\/es\/ayuda\/compromiso-puntualidad\" rel=\"nofollow\">Ahora, Renfe indica que<\/a> \u201calgunos servicios pueden experimentar retrasos ajenos\u201d a la compa\u00f1\u00eda. En su caso, han anunciado que los billetes comprados a partir del 31 de enero no tendr\u00e1n derecho a estas indemnizaciones \u201ccuando el retraso se deba a estas limitaciones\u201d.\n    <\/p>\n<p>\n        Sin embargo, <a href=\"https:\/\/facua.org\/noticias\/limitacion-en-la-alta-velocidad-las-companias-de-tren-no-pueden-negarse-a-entregar-las-indemnizaciones-que-exige-la-normativa-europea\/?srsltid=AfmBOorK5oBQwG0rP9_4G-KTCIKrpKCktlzXGN6Vn7sN-dItS7HLOc0D\" rel=\"nofollow\">Facua indica que las compa\u00f1\u00edas<\/a> deben pagar las compensaciones. \u201cFacua recuerda que estas pol\u00edticas que ha suspendido Iryo son las propias que la compa\u00f1\u00eda suscribe con sus clientes y que, en caso de un retraso de m\u00e1s de 60 minutos implican el abono del 50% del billete y si es superior a 90 minutos del 100%\u201d, se\u00f1alan en su web. La organizaci\u00f3n considera que estas limitaciones tras el accidente de Adamuz \u201cno se pueden considerar dentro de las excepciones que contempla la normativa europea y que exomir\u00edan a las compa\u00f1\u00edas de entregar estas indemnizaciones\u201d.\n    <\/p>\n<\/div>\n","protected":false},"excerpt":{"rendered":"<p>Tanto Renfe como Iryo han adelantado que dejar\u00e1n de indemnizar a los pasajeros que hayan sufrido retrasos en sus viajes de tren si estos se han producido como consecuencia de las limitaciones de velocidad que est\u00e1 aplicando Adif en diferentes tramos por motivos de seguridad. Tras el accidente de Adamuz, Adif ha activado diferentes limitaciones<\/p>\n","protected":false},"author":1,"featured_media":321972,"comment_status":"open","ping_status":"open","sticky":false,"template":"","format":"standard","meta":{"footnotes":""},"categories":[61],"tags":[],"class_list":["post-321970","post","type-post","status-publish","format-standard","has-post-thumbnail","hentry","category-business-es"],"acf":[],"yoast_head":"<!-- This site is optimized with the Yoast SEO plugin v22.9 - https:\/\/yoast.com\/wordpress\/plugins\/seo\/ -->\n<title>Renfe e Iryo anuncian que dejar\u00e1n de indemnizar por los retrasos si estos se deben a las limitaciones de velocidad - vof-news.eu<\/title>\n<meta name=\"description\" content=\"Tanto Renfe como Iryo han adelantado que dejar\u00e1n de indemnizar a los pasajeros que hayan sufrido retrasos en sus viajes de tren si estos se han producido como consecuencia de las limitaciones de velocidad que est\u00e1 aplicando Adif en diferentes tramos por motivos de seguridad.\" \/>\n<meta name=\"robots\" content=\"noindex, follow, max-snippet:-1, max-image-preview:large, max-video-preview:-1\" \/>\n<meta property=\"og:locale\" content=\"es_ES\" \/>\n<meta property=\"og:type\" content=\"article\" \/>\n<meta property=\"og:title\" content=\"Renfe e Iryo anuncian que dejar\u00e1n de indemnizar por los retrasos si estos se deben a las limitaciones de velocidad - vof-news.eu\" \/>\n<meta property=\"og:description\" content=\"Tanto Renfe como Iryo han adelantado que dejar\u00e1n de indemnizar a los pasajeros que hayan sufrido retrasos en sus viajes de tren si estos se han producido como consecuencia de las limitaciones de velocidad que est\u00e1 aplicando Adif en diferentes tramos por motivos de seguridad.\" \/>\n<meta property=\"og:url\" content=\"https:\/\/vof-news.eu\/es\/renfe-e-iryo-anuncian-que-dejaran-de-indemnizar-por-los-retrasos-si-estos-se-deben-a-las-limitaciones-de-velocidad\/\" \/>\n<meta property=\"og:site_name\" content=\"vof-news.eu\" \/>\n<meta property=\"article:published_time\" content=\"2026-01-30T14:19:52+00:00\" \/>\n<meta property=\"article:modified_time\" content=\"2026-01-30T14:21:01+00:00\" \/>\n<meta property=\"og:image\" content=\"https:\/\/vof-news.eu\/wp-content\/uploads\/2026\/01\/4f2eb0bb-c021-4712-a11a-6bc34ca8ba18_16-9-discover-aspect-ratio_default_1134769-1.jpg\" \/>\n\t<meta property=\"og:image:width\" content=\"1200\" \/>\n\t<meta property=\"og:image:height\" content=\"675\" \/>\n\t<meta property=\"og:image:type\" content=\"image\/jpeg\" \/>\n<meta name=\"author\" content=\"Author\" \/>\n<meta name=\"twitter:card\" content=\"summary_large_image\" \/>\n<meta name=\"twitter:label1\" content=\"Escrito por\" \/>\n\t<meta name=\"twitter:data1\" content=\"Author\" \/>\n\t<meta name=\"twitter:label2\" content=\"Tiempo de lectura\" \/>\n\t<meta name=\"twitter:data2\" content=\"2 minutos\" \/>\n<script type=\"application\/ld+json\" class=\"yoast-schema-graph\">{\"@context\":\"https:\/\/schema.org\",\"@graph\":[{\"@type\":\"WebPage\",\"@id\":\"https:\/\/vof-news.eu\/es\/renfe-e-iryo-anuncian-que-dejaran-de-indemnizar-por-los-retrasos-si-estos-se-deben-a-las-limitaciones-de-velocidad\/\",\"url\":\"https:\/\/vof-news.eu\/es\/renfe-e-iryo-anuncian-que-dejaran-de-indemnizar-por-los-retrasos-si-estos-se-deben-a-las-limitaciones-de-velocidad\/\",\"name\":\"Renfe e Iryo anuncian que dejar\u00e1n de indemnizar por los retrasos si estos se deben a las limitaciones de velocidad - vof-news.eu\",\"isPartOf\":{\"@id\":\"https:\/\/vof-news.eu\/es\/#website\"},\"primaryImageOfPage\":{\"@id\":\"https:\/\/vof-news.eu\/es\/renfe-e-iryo-anuncian-que-dejaran-de-indemnizar-por-los-retrasos-si-estos-se-deben-a-las-limitaciones-de-velocidad\/#primaryimage\"},\"image\":{\"@id\":\"https:\/\/vof-news.eu\/es\/renfe-e-iryo-anuncian-que-dejaran-de-indemnizar-por-los-retrasos-si-estos-se-deben-a-las-limitaciones-de-velocidad\/#primaryimage\"},\"thumbnailUrl\":\"https:\/\/vof-news.eu\/wp-content\/uploads\/2026\/01\/4f2eb0bb-c021-4712-a11a-6bc34ca8ba18_16-9-discover-aspect-ratio_default_1134769-1.jpg\",\"datePublished\":\"2026-01-30T14:19:52+00:00\",\"dateModified\":\"2026-01-30T14:21:01+00:00\",\"author\":{\"@id\":\"https:\/\/vof-news.eu\/es\/#\/schema\/person\/f6a2a4309f0561835797fd8c19b333ed\"},\"description\":\"Tanto Renfe como Iryo han adelantado que dejar\u00e1n de indemnizar a los pasajeros que hayan sufrido retrasos en sus viajes de tren si estos se han producido como consecuencia de las limitaciones de velocidad que est\u00e1 aplicando Adif en diferentes tramos por motivos de seguridad.\",\"breadcrumb\":{\"@id\":\"https:\/\/vof-news.eu\/es\/renfe-e-iryo-anuncian-que-dejaran-de-indemnizar-por-los-retrasos-si-estos-se-deben-a-las-limitaciones-de-velocidad\/#breadcrumb\"},\"inLanguage\":\"es\",\"potentialAction\":[{\"@type\":\"ReadAction\",\"target\":[\"https:\/\/vof-news.eu\/es\/renfe-e-iryo-anuncian-que-dejaran-de-indemnizar-por-los-retrasos-si-estos-se-deben-a-las-limitaciones-de-velocidad\/\"]}]},{\"@type\":\"ImageObject\",\"inLanguage\":\"es\",\"@id\":\"https:\/\/vof-news.eu\/es\/renfe-e-iryo-anuncian-que-dejaran-de-indemnizar-por-los-retrasos-si-estos-se-deben-a-las-limitaciones-de-velocidad\/#primaryimage\",\"url\":\"https:\/\/vof-news.eu\/wp-content\/uploads\/2026\/01\/4f2eb0bb-c021-4712-a11a-6bc34ca8ba18_16-9-discover-aspect-ratio_default_1134769-1.jpg\",\"contentUrl\":\"https:\/\/vof-news.eu\/wp-content\/uploads\/2026\/01\/4f2eb0bb-c021-4712-a11a-6bc34ca8ba18_16-9-discover-aspect-ratio_default_1134769-1.jpg\",\"width\":1200,\"height\":675},{\"@type\":\"BreadcrumbList\",\"@id\":\"https:\/\/vof-news.eu\/es\/renfe-e-iryo-anuncian-que-dejaran-de-indemnizar-por-los-retrasos-si-estos-se-deben-a-las-limitaciones-de-velocidad\/#breadcrumb\",\"itemListElement\":[{\"@type\":\"ListItem\",\"position\":1,\"name\":\"Home\",\"item\":\"https:\/\/vof-news.eu\/es\/\"},{\"@type\":\"ListItem\",\"position\":2,\"name\":\"Renfe e Iryo anuncian que dejar\u00e1n de indemnizar por los retrasos si estos se deben a las limitaciones de velocidad\"}]},{\"@type\":\"WebSite\",\"@id\":\"https:\/\/vof-news.eu\/es\/#website\",\"url\":\"https:\/\/vof-news.eu\/es\/\",\"name\":\"vof-news.eu\",\"description\":\"\",\"potentialAction\":[{\"@type\":\"SearchAction\",\"target\":{\"@type\":\"EntryPoint\",\"urlTemplate\":\"https:\/\/vof-news.eu\/es\/?s={search_term_string}\"},\"query-input\":\"required name=search_term_string\"}],\"inLanguage\":\"es\"},{\"@type\":\"Person\",\"@id\":\"https:\/\/vof-news.eu\/es\/#\/schema\/person\/f6a2a4309f0561835797fd8c19b333ed\",\"name\":\"Author\",\"image\":{\"@type\":\"ImageObject\",\"inLanguage\":\"es\",\"@id\":\"https:\/\/vof-news.eu\/es\/#\/schema\/person\/image\/\",\"url\":\"https:\/\/secure.gravatar.com\/avatar\/b67e614b1b25b3e9c0c239efdd2fde5ab015b5affd6f1c3c85911ca4b384e790?s=96&d=mm&r=g\",\"contentUrl\":\"https:\/\/secure.gravatar.com\/avatar\/b67e614b1b25b3e9c0c239efdd2fde5ab015b5affd6f1c3c85911ca4b384e790?s=96&d=mm&r=g\",\"caption\":\"Author\"},\"sameAs\":[\"http:\/\/vof-news.eu\"],\"url\":\"https:\/\/vof-news.eu\/es\/author\/zwt6qxnjulxbnyg\/\"}]}<\/script>\n<!-- \/ Yoast SEO plugin. -->","yoast_head_json":{"title":"Renfe e Iryo anuncian que dejar\u00e1n de indemnizar por los retrasos si estos se deben a las limitaciones de velocidad - vof-news.eu","description":"Tanto Renfe como Iryo han adelantado que dejar\u00e1n de indemnizar a los pasajeros que hayan sufrido retrasos en sus viajes de tren si estos se han producido como consecuencia de las limitaciones de velocidad que est\u00e1 aplicando Adif en diferentes tramos por motivos de seguridad.","robots":{"index":"noindex","follow":"follow","max-snippet":"max-snippet:-1","max-image-preview":"max-image-preview:large","max-video-preview":"max-video-preview:-1"},"og_locale":"es_ES","og_type":"article","og_title":"Renfe e Iryo anuncian que dejar\u00e1n de indemnizar por los retrasos si estos se deben a las limitaciones de velocidad - vof-news.eu","og_description":"Tanto Renfe como Iryo han adelantado que dejar\u00e1n de indemnizar a los pasajeros que hayan sufrido retrasos en sus viajes de tren si estos se han producido como consecuencia de las limitaciones de velocidad que est\u00e1 aplicando Adif en diferentes tramos por motivos de seguridad.","og_url":"https:\/\/vof-news.eu\/es\/renfe-e-iryo-anuncian-que-dejaran-de-indemnizar-por-los-retrasos-si-estos-se-deben-a-las-limitaciones-de-velocidad\/","og_site_name":"vof-news.eu","article_published_time":"2026-01-30T14:19:52+00:00","article_modified_time":"2026-01-30T14:21:01+00:00","og_image":[{"width":1200,"height":675,"url":"https:\/\/vof-news.eu\/wp-content\/uploads\/2026\/01\/4f2eb0bb-c021-4712-a11a-6bc34ca8ba18_16-9-discover-aspect-ratio_default_1134769-1.jpg","type":"image\/jpeg"}],"author":"Author","twitter_card":"summary_large_image","twitter_misc":{"Escrito por":"Author","Tiempo de lectura":"2 minutos"},"schema":{"@context":"https:\/\/schema.org","@graph":[{"@type":"WebPage","@id":"https:\/\/vof-news.eu\/es\/renfe-e-iryo-anuncian-que-dejaran-de-indemnizar-por-los-retrasos-si-estos-se-deben-a-las-limitaciones-de-velocidad\/","url":"https:\/\/vof-news.eu\/es\/renfe-e-iryo-anuncian-que-dejaran-de-indemnizar-por-los-retrasos-si-estos-se-deben-a-las-limitaciones-de-velocidad\/","name":"Renfe e Iryo anuncian que dejar\u00e1n de indemnizar por los retrasos si estos se deben a las limitaciones de velocidad - vof-news.eu","isPartOf":{"@id":"https:\/\/vof-news.eu\/es\/#website"},"primaryImageOfPage":{"@id":"https:\/\/vof-news.eu\/es\/renfe-e-iryo-anuncian-que-dejaran-de-indemnizar-por-los-retrasos-si-estos-se-deben-a-las-limitaciones-de-velocidad\/#primaryimage"},"image":{"@id":"https:\/\/vof-news.eu\/es\/renfe-e-iryo-anuncian-que-dejaran-de-indemnizar-por-los-retrasos-si-estos-se-deben-a-las-limitaciones-de-velocidad\/#primaryimage"},"thumbnailUrl":"https:\/\/vof-news.eu\/wp-content\/uploads\/2026\/01\/4f2eb0bb-c021-4712-a11a-6bc34ca8ba18_16-9-discover-aspect-ratio_default_1134769-1.jpg","datePublished":"2026-01-30T14:19:52+00:00","dateModified":"2026-01-30T14:21:01+00:00","author":{"@id":"https:\/\/vof-news.eu\/es\/#\/schema\/person\/f6a2a4309f0561835797fd8c19b333ed"},"description":"Tanto Renfe como Iryo han adelantado que dejar\u00e1n de indemnizar a los pasajeros que hayan sufrido retrasos en sus viajes de tren si estos se han producido como consecuencia de las limitaciones de velocidad que est\u00e1 aplicando Adif en diferentes tramos por motivos de seguridad.","breadcrumb":{"@id":"https:\/\/vof-news.eu\/es\/renfe-e-iryo-anuncian-que-dejaran-de-indemnizar-por-los-retrasos-si-estos-se-deben-a-las-limitaciones-de-velocidad\/#breadcrumb"},"inLanguage":"es","potentialAction":[{"@type":"ReadAction","target":["https:\/\/vof-news.eu\/es\/renfe-e-iryo-anuncian-que-dejaran-de-indemnizar-por-los-retrasos-si-estos-se-deben-a-las-limitaciones-de-velocidad\/"]}]},{"@type":"ImageObject","inLanguage":"es","@id":"https:\/\/vof-news.eu\/es\/renfe-e-iryo-anuncian-que-dejaran-de-indemnizar-por-los-retrasos-si-estos-se-deben-a-las-limitaciones-de-velocidad\/#primaryimage","url":"https:\/\/vof-news.eu\/wp-content\/uploads\/2026\/01\/4f2eb0bb-c021-4712-a11a-6bc34ca8ba18_16-9-discover-aspect-ratio_default_1134769-1.jpg","contentUrl":"https:\/\/vof-news.eu\/wp-content\/uploads\/2026\/01\/4f2eb0bb-c021-4712-a11a-6bc34ca8ba18_16-9-discover-aspect-ratio_default_1134769-1.jpg","width":1200,"height":675},{"@type":"BreadcrumbList","@id":"https:\/\/vof-news.eu\/es\/renfe-e-iryo-anuncian-que-dejaran-de-indemnizar-por-los-retrasos-si-estos-se-deben-a-las-limitaciones-de-velocidad\/#breadcrumb","itemListElement":[{"@type":"ListItem","position":1,"name":"Home","item":"https:\/\/vof-news.eu\/es\/"},{"@type":"ListItem","position":2,"name":"Renfe e Iryo anuncian que dejar\u00e1n de indemnizar por los retrasos si estos se deben a las limitaciones de velocidad"}]},{"@type":"WebSite","@id":"https:\/\/vof-news.eu\/es\/#website","url":"https:\/\/vof-news.eu\/es\/","name":"vof-news.eu","description":"","potentialAction":[{"@type":"SearchAction","target":{"@type":"EntryPoint","urlTemplate":"https:\/\/vof-news.eu\/es\/?s={search_term_string}"},"query-input":"required name=search_term_string"}],"inLanguage":"es"},{"@type":"Person","@id":"https:\/\/vof-news.eu\/es\/#\/schema\/person\/f6a2a4309f0561835797fd8c19b333ed","name":"Author","image":{"@type":"ImageObject","inLanguage":"es","@id":"https:\/\/vof-news.eu\/es\/#\/schema\/person\/image\/","url":"https:\/\/secure.gravatar.com\/avatar\/b67e614b1b25b3e9c0c239efdd2fde5ab015b5affd6f1c3c85911ca4b384e790?s=96&d=mm&r=g","contentUrl":"https:\/\/secure.gravatar.com\/avatar\/b67e614b1b25b3e9c0c239efdd2fde5ab015b5affd6f1c3c85911ca4b384e790?s=96&d=mm&r=g","caption":"Author"},"sameAs":["http:\/\/vof-news.eu"],"url":"https:\/\/vof-news.eu\/es\/author\/zwt6qxnjulxbnyg\/"}]}},"yoast_meta":{"yoast_wpseo_title":"","yoast_wpseo_metadesc":"","yoast_wpseo_canonical":""},"_links":{"self":[{"href":"https:\/\/vof-news.eu\/es\/wp-json\/wp\/v2\/posts\/321970","targetHints":{"allow":["GET"]}}],"collection":[{"href":"https:\/\/vof-news.eu\/es\/wp-json\/wp\/v2\/posts"}],"about":[{"href":"https:\/\/vof-news.eu\/es\/wp-json\/wp\/v2\/types\/post"}],"author":[{"embeddable":true,"href":"https:\/\/vof-news.eu\/es\/wp-json\/wp\/v2\/users\/1"}],"replies":[{"embeddable":true,"href":"https:\/\/vof-news.eu\/es\/wp-json\/wp\/v2\/comments?post=321970"}],"version-history":[{"count":1,"href":"https:\/\/vof-news.eu\/es\/wp-json\/wp\/v2\/posts\/321970\/revisions"}],"predecessor-version":[{"id":321979,"href":"https:\/\/vof-news.eu\/es\/wp-json\/wp\/v2\/posts\/321970\/revisions\/321979"}],"wp:featuredmedia":[{"embeddable":true,"href":"https:\/\/vof-news.eu\/es\/wp-json\/wp\/v2\/media\/321972"}],"wp:attachment":[{"href":"https:\/\/vof-news.eu\/es\/wp-json\/wp\/v2\/media?parent=321970"}],"wp:term":[{"taxonomy":"category","embeddable":true,"href":"https:\/\/vof-news.eu\/es\/wp-json\/wp\/v2\/categories?post=321970"},{"taxonomy":"post_tag","embeddable":true,"href":"https:\/\/vof-news.eu\/es\/wp-json\/wp\/v2\/tags?post=321970"}],"curies":[{"name":"wp","href":"https:\/\/api.w.org\/{rel}","templated":true}]}}