{"id":321955,"date":"2026-01-30T17:18:08","date_gmt":"2026-01-30T14:18:08","guid":{"rendered":"https:\/\/vof-news.eu\/pedro-sanchez-promete-apoyar-a-las-victimas-de-adamuz-el-tiempo-que-haga-falta-el-estado-no-va-a-mirar-a-otro-lado\/"},"modified":"2026-01-30T17:18:58","modified_gmt":"2026-01-30T14:18:58","slug":"pedro-sanchez-promete-apoyar-a-las-victimas-de-adamuz-el-tiempo-que-haga-falta-el-estado-no-va-a-mirar-a-otro-lado","status":"publish","type":"post","link":"https:\/\/vof-news.eu\/es\/pedro-sanchez-promete-apoyar-a-las-victimas-de-adamuz-el-tiempo-que-haga-falta-el-estado-no-va-a-mirar-a-otro-lado\/","title":{"rendered":"Pedro S\u00e1nchez promete apoyar a las v\u00edctimas de Adamuz \u201cel tiempo que haga falta\u201d: \u201cEl Estado no va a mirar a otro lado\u201d"},"content":{"rendered":"<div>\n<p>\n        \u201cCuando el dolor es tan grande, las palabras no son suficientes. S\u00f3lo nos queda el compromiso y la acci\u00f3n\u201d. Han sido las primeras palabras de Pedro S\u00e1nchez en un acto una vez que ha retomado la agenda p\u00fablica tras las tragedias de Adamuz y Gelida. El presidente del Gobierno es consciente del malestar de las v\u00edctimas, que obligaron a posponer el homenaje de Estado planeado por Moncloa para este s\u00e1bado y que estuvieron mayoritariamente presentes en la misa oficiada en Huelva, a la que asistieron los reyes, varios ministros, encabezados por Mar\u00eda Jes\u00fas Montero, y el presidente andaluz, Juan Manuel Moreno Bonilla.\n    <\/p>\n<p>\n        \u201cEl Estado en su conjunto, no solo el Gobierno, no va a mirar a otro lado; va a seguir trabajando, con respuestas a las preguntas, llegando hasta el final, con mejoras en todo lo que tengamos que mejorar y con el acompa\u00f1amiento continuado a quienes han perdido a un ser querido\u201d, ha aseverado el presidente nada m\u00e1s comenzar su intervenci\u00f3n en el foro &#8216;Mujeres liderando la ONU del siglo XXI&#8217;\n    <\/p>\n<p>\n        \u201cLas instituciones no van a dejar solas a las v\u00edctimas, tampoco a las familias, no vamos a olvidarlas, vamos a estar a su lado hoy ma\u00f1ana y el tiempo que haga falta\u201d, ha prometido S\u00e1nchez.\n    <\/p>\n<p>\n        Fuentes gubernamentales asumen la distancia de las v\u00edctimas con el Gobierno y reconocen que gana peso el relato de la derecha, que se\u00f1ala al Ejecutivo como responsable \u00faltimo del accidente, aunque no hay conclusiones a\u00fan de la investigaci\u00f3n independiente. \u201cDamos las explicaciones y trabajamos con datos para convencerles de que no es as\u00ed\u201d, explican esas fuentes que muestran, en todo caso, el respeto hacia las v\u00edctimas. Por el momento no hay fecha para la celebraci\u00f3n del homenaje. \u201cDepender\u00e1 de ellas\u201d, afirman.\n    <\/p>\n<p>\n        El PP ha azuzado, adem\u00e1s, a las v\u00edctimas contra el Gobierno en v\u00edsperas de la misa celebrada en Huelva. \u201cUn Gobierno que ha suspendido el acto de Estado, que estaba programado para este s\u00e1bado, por miedo a enfrentarse a las v\u00edctimas tampoco puede estar presente en la misa funeral del jueves. Ser\u00eda cruel. Su permanencia es un insulto a las v\u00edctimas, pero verle en Huelva ser\u00eda una provocaci\u00f3n\u201d, expres\u00f3 el lunes el vicesecretario de Hacienda del PP, Juan Bravo, el lunes. Fue un asunto que  tambi\u00e9n airearon en <a href=\"https:\/\/www.eldiario.es\/politica\/pp-sentencia-puente-senado-esperar-investigacion-accidente-adamuz-socios-lanzan-avisos-gobierno_1_12946529.html\" rel=\"nofollow\">la comparecencia del ministro, \u00d3scar Puente, en el Senado<\/a>.\n    <\/p>\n<p>\n        \u201cYo no me he escondido en el reservado de un restaurante, no tengo nada que ocultar\u201d, respondi\u00f3 Puente haciendo un paralelismo con la gesti\u00f3n de la dana por parte del popular Carlos Maz\u00f3n. El ministro asegur\u00f3 que tiene \u201cla conciencia limpia\u201d y que asistir\u00e1 \u201ccuando se produzca el homenaje de Estado a las v\u00edctimas de Adamuz\u201d ante la exigencia del PP de que no asistiera a la misa de Huelva ni a la que contraprogram\u00f3 Isabel D\u00edaz Ayuso en Madrid. \u201cEstar\u00e9 all\u00ed y les mirar\u00e9 a la cara\u201d, asever\u00f3 sobre el funeral de Estado a\u00fan pendiente.\n    <\/p>\n<\/div>\n","protected":false},"excerpt":{"rendered":"<p>\u201cCuando el dolor es tan grande, las palabras no son suficientes. S\u00f3lo nos queda el compromiso y la acci\u00f3n\u201d. Han sido las primeras palabras de Pedro S\u00e1nchez en un acto una vez que ha retomado la agenda p\u00fablica tras las tragedias de Adamuz y Gelida. El presidente del Gobierno es consciente del malestar de las<\/p>\n","protected":false},"author":1,"featured_media":321956,"comment_status":"open","ping_status":"open","sticky":false,"template":"","format":"standard","meta":{"footnotes":""},"categories":[71],"tags":[],"class_list":["post-321955","post","type-post","status-publish","format-standard","has-post-thumbnail","hentry","category-politics-es"],"acf":[],"yoast_head":"<!-- This site is optimized with the Yoast SEO plugin v22.9 - https:\/\/yoast.com\/wordpress\/plugins\/seo\/ -->\n<title>Pedro S\u00e1nchez promete apoyar a las v\u00edctimas de Adamuz \u201cel tiempo que haga falta\u201d: \u201cEl Estado no va a mirar a otro lado\u201d - vof-news.eu<\/title>\n<meta name=\"description\" content=\"\u201cCuando el dolor es tan grande, las palabras no son suficientes. S\u00f3lo nos queda el compromiso y la acci\u00f3n\u201d. Han sido las primeras palabras de Pedro S\u00e1nchez en un acto una vez que ha retomado la agenda p\u00fablica tras las tragedias de Adamuz y Gelida. El presidente del Gobierno es consciente del malestar de las v\u00edctimas, que obligaron a posponer el homenaje de Estado planeado por Moncloa para este s\u00e1bado y que estuvieron mayoritariamente presentes en la misa oficiada en Huelva, a la que asistieron los reyes, varios ministros, encabezados por Mar\u00eda Jes\u00fas Montero, y el presidente andaluz, Juan Manuel Moreno Bonilla.\" \/>\n<meta name=\"robots\" content=\"noindex, follow, max-snippet:-1, max-image-preview:large, max-video-preview:-1\" \/>\n<meta property=\"og:locale\" content=\"es_ES\" \/>\n<meta property=\"og:type\" content=\"article\" \/>\n<meta property=\"og:title\" content=\"Pedro S\u00e1nchez promete apoyar a las v\u00edctimas de Adamuz \u201cel tiempo que haga falta\u201d: \u201cEl Estado no va a mirar a otro lado\u201d - vof-news.eu\" \/>\n<meta property=\"og:description\" content=\"\u201cCuando el dolor es tan grande, las palabras no son suficientes. S\u00f3lo nos queda el compromiso y la acci\u00f3n\u201d. Han sido las primeras palabras de Pedro S\u00e1nchez en un acto una vez que ha retomado la agenda p\u00fablica tras las tragedias de Adamuz y Gelida. El presidente del Gobierno es consciente del malestar de las v\u00edctimas, que obligaron a posponer el homenaje de Estado planeado por Moncloa para este s\u00e1bado y que estuvieron mayoritariamente presentes en la misa oficiada en Huelva, a la que asistieron los reyes, varios ministros, encabezados por Mar\u00eda Jes\u00fas Montero, y el presidente andaluz, Juan Manuel Moreno Bonilla.\" \/>\n<meta property=\"og:url\" content=\"https:\/\/vof-news.eu\/es\/pedro-sanchez-promete-apoyar-a-las-victimas-de-adamuz-el-tiempo-que-haga-falta-el-estado-no-va-a-mirar-a-otro-lado\/\" \/>\n<meta property=\"og:site_name\" content=\"vof-news.eu\" \/>\n<meta property=\"article:published_time\" content=\"2026-01-30T14:18:08+00:00\" \/>\n<meta property=\"article:modified_time\" content=\"2026-01-30T14:18:58+00:00\" \/>\n<meta property=\"og:image\" content=\"https:\/\/vof-news.eu\/wp-content\/uploads\/2026\/01\/38375c7e-5b55-41c4-9ce5-dfb0ffd8c32d_16-9-discover-aspect-ratio_default_0.jpg\" \/>\n\t<meta property=\"og:image:width\" content=\"1200\" \/>\n\t<meta property=\"og:image:height\" content=\"675\" \/>\n\t<meta property=\"og:image:type\" content=\"image\/jpeg\" \/>\n<meta name=\"author\" content=\"Author\" \/>\n<meta name=\"twitter:card\" content=\"summary_large_image\" \/>\n<meta name=\"twitter:label1\" content=\"Escrito por\" \/>\n\t<meta name=\"twitter:data1\" content=\"Author\" \/>\n\t<meta name=\"twitter:label2\" content=\"Tiempo de lectura\" \/>\n\t<meta name=\"twitter:data2\" content=\"3 minutos\" \/>\n<script type=\"application\/ld+json\" class=\"yoast-schema-graph\">{\"@context\":\"https:\/\/schema.org\",\"@graph\":[{\"@type\":\"WebPage\",\"@id\":\"https:\/\/vof-news.eu\/es\/pedro-sanchez-promete-apoyar-a-las-victimas-de-adamuz-el-tiempo-que-haga-falta-el-estado-no-va-a-mirar-a-otro-lado\/\",\"url\":\"https:\/\/vof-news.eu\/es\/pedro-sanchez-promete-apoyar-a-las-victimas-de-adamuz-el-tiempo-que-haga-falta-el-estado-no-va-a-mirar-a-otro-lado\/\",\"name\":\"Pedro S\u00e1nchez promete apoyar a las v\u00edctimas de Adamuz \u201cel tiempo que haga falta\u201d: \u201cEl Estado no va a mirar a otro lado\u201d - vof-news.eu\",\"isPartOf\":{\"@id\":\"https:\/\/vof-news.eu\/es\/#website\"},\"primaryImageOfPage\":{\"@id\":\"https:\/\/vof-news.eu\/es\/pedro-sanchez-promete-apoyar-a-las-victimas-de-adamuz-el-tiempo-que-haga-falta-el-estado-no-va-a-mirar-a-otro-lado\/#primaryimage\"},\"image\":{\"@id\":\"https:\/\/vof-news.eu\/es\/pedro-sanchez-promete-apoyar-a-las-victimas-de-adamuz-el-tiempo-que-haga-falta-el-estado-no-va-a-mirar-a-otro-lado\/#primaryimage\"},\"thumbnailUrl\":\"https:\/\/vof-news.eu\/wp-content\/uploads\/2026\/01\/38375c7e-5b55-41c4-9ce5-dfb0ffd8c32d_16-9-discover-aspect-ratio_default_0.jpg\",\"datePublished\":\"2026-01-30T14:18:08+00:00\",\"dateModified\":\"2026-01-30T14:18:58+00:00\",\"author\":{\"@id\":\"https:\/\/vof-news.eu\/es\/#\/schema\/person\/f6a2a4309f0561835797fd8c19b333ed\"},\"description\":\"\u201cCuando el dolor es tan grande, las palabras no son suficientes. S\u00f3lo nos queda el compromiso y la acci\u00f3n\u201d. Han sido las primeras palabras de Pedro S\u00e1nchez en un acto una vez que ha retomado la agenda p\u00fablica tras las tragedias de Adamuz y Gelida. El presidente del Gobierno es consciente del malestar de las v\u00edctimas, que obligaron a posponer el homenaje de Estado planeado por Moncloa para este s\u00e1bado y que estuvieron mayoritariamente presentes en la misa oficiada en Huelva, a la que asistieron los reyes, varios ministros, encabezados por Mar\u00eda Jes\u00fas Montero, y el presidente andaluz, Juan Manuel Moreno Bonilla.\",\"breadcrumb\":{\"@id\":\"https:\/\/vof-news.eu\/es\/pedro-sanchez-promete-apoyar-a-las-victimas-de-adamuz-el-tiempo-que-haga-falta-el-estado-no-va-a-mirar-a-otro-lado\/#breadcrumb\"},\"inLanguage\":\"es\",\"potentialAction\":[{\"@type\":\"ReadAction\",\"target\":[\"https:\/\/vof-news.eu\/es\/pedro-sanchez-promete-apoyar-a-las-victimas-de-adamuz-el-tiempo-que-haga-falta-el-estado-no-va-a-mirar-a-otro-lado\/\"]}]},{\"@type\":\"ImageObject\",\"inLanguage\":\"es\",\"@id\":\"https:\/\/vof-news.eu\/es\/pedro-sanchez-promete-apoyar-a-las-victimas-de-adamuz-el-tiempo-que-haga-falta-el-estado-no-va-a-mirar-a-otro-lado\/#primaryimage\",\"url\":\"https:\/\/vof-news.eu\/wp-content\/uploads\/2026\/01\/38375c7e-5b55-41c4-9ce5-dfb0ffd8c32d_16-9-discover-aspect-ratio_default_0.jpg\",\"contentUrl\":\"https:\/\/vof-news.eu\/wp-content\/uploads\/2026\/01\/38375c7e-5b55-41c4-9ce5-dfb0ffd8c32d_16-9-discover-aspect-ratio_default_0.jpg\",\"width\":1200,\"height\":675},{\"@type\":\"BreadcrumbList\",\"@id\":\"https:\/\/vof-news.eu\/es\/pedro-sanchez-promete-apoyar-a-las-victimas-de-adamuz-el-tiempo-que-haga-falta-el-estado-no-va-a-mirar-a-otro-lado\/#breadcrumb\",\"itemListElement\":[{\"@type\":\"ListItem\",\"position\":1,\"name\":\"Home\",\"item\":\"https:\/\/vof-news.eu\/es\/\"},{\"@type\":\"ListItem\",\"position\":2,\"name\":\"Pedro S\u00e1nchez promete apoyar a las v\u00edctimas de Adamuz \u201cel tiempo que haga falta\u201d: \u201cEl Estado no va a mirar a otro lado\u201d\"}]},{\"@type\":\"WebSite\",\"@id\":\"https:\/\/vof-news.eu\/es\/#website\",\"url\":\"https:\/\/vof-news.eu\/es\/\",\"name\":\"vof-news.eu\",\"description\":\"\",\"potentialAction\":[{\"@type\":\"SearchAction\",\"target\":{\"@type\":\"EntryPoint\",\"urlTemplate\":\"https:\/\/vof-news.eu\/es\/?s={search_term_string}\"},\"query-input\":\"required name=search_term_string\"}],\"inLanguage\":\"es\"},{\"@type\":\"Person\",\"@id\":\"https:\/\/vof-news.eu\/es\/#\/schema\/person\/f6a2a4309f0561835797fd8c19b333ed\",\"name\":\"Author\",\"image\":{\"@type\":\"ImageObject\",\"inLanguage\":\"es\",\"@id\":\"https:\/\/vof-news.eu\/es\/#\/schema\/person\/image\/\",\"url\":\"https:\/\/secure.gravatar.com\/avatar\/b67e614b1b25b3e9c0c239efdd2fde5ab015b5affd6f1c3c85911ca4b384e790?s=96&d=mm&r=g\",\"contentUrl\":\"https:\/\/secure.gravatar.com\/avatar\/b67e614b1b25b3e9c0c239efdd2fde5ab015b5affd6f1c3c85911ca4b384e790?s=96&d=mm&r=g\",\"caption\":\"Author\"},\"sameAs\":[\"http:\/\/vof-news.eu\"],\"url\":\"https:\/\/vof-news.eu\/es\/author\/zwt6qxnjulxbnyg\/\"}]}<\/script>\n<!-- \/ Yoast SEO plugin. -->","yoast_head_json":{"title":"Pedro S\u00e1nchez promete apoyar a las v\u00edctimas de Adamuz \u201cel tiempo que haga falta\u201d: \u201cEl Estado no va a mirar a otro lado\u201d - vof-news.eu","description":"\u201cCuando el dolor es tan grande, las palabras no son suficientes. S\u00f3lo nos queda el compromiso y la acci\u00f3n\u201d. Han sido las primeras palabras de Pedro S\u00e1nchez en un acto una vez que ha retomado la agenda p\u00fablica tras las tragedias de Adamuz y Gelida. El presidente del Gobierno es consciente del malestar de las v\u00edctimas, que obligaron a posponer el homenaje de Estado planeado por Moncloa para este s\u00e1bado y que estuvieron mayoritariamente presentes en la misa oficiada en Huelva, a la que asistieron los reyes, varios ministros, encabezados por Mar\u00eda Jes\u00fas Montero, y el presidente andaluz, Juan Manuel Moreno Bonilla.","robots":{"index":"noindex","follow":"follow","max-snippet":"max-snippet:-1","max-image-preview":"max-image-preview:large","max-video-preview":"max-video-preview:-1"},"og_locale":"es_ES","og_type":"article","og_title":"Pedro S\u00e1nchez promete apoyar a las v\u00edctimas de Adamuz \u201cel tiempo que haga falta\u201d: \u201cEl Estado no va a mirar a otro lado\u201d - vof-news.eu","og_description":"\u201cCuando el dolor es tan grande, las palabras no son suficientes. S\u00f3lo nos queda el compromiso y la acci\u00f3n\u201d. Han sido las primeras palabras de Pedro S\u00e1nchez en un acto una vez que ha retomado la agenda p\u00fablica tras las tragedias de Adamuz y Gelida. El presidente del Gobierno es consciente del malestar de las v\u00edctimas, que obligaron a posponer el homenaje de Estado planeado por Moncloa para este s\u00e1bado y que estuvieron mayoritariamente presentes en la misa oficiada en Huelva, a la que asistieron los reyes, varios ministros, encabezados por Mar\u00eda Jes\u00fas Montero, y el presidente andaluz, Juan Manuel Moreno Bonilla.","og_url":"https:\/\/vof-news.eu\/es\/pedro-sanchez-promete-apoyar-a-las-victimas-de-adamuz-el-tiempo-que-haga-falta-el-estado-no-va-a-mirar-a-otro-lado\/","og_site_name":"vof-news.eu","article_published_time":"2026-01-30T14:18:08+00:00","article_modified_time":"2026-01-30T14:18:58+00:00","og_image":[{"width":1200,"height":675,"url":"https:\/\/vof-news.eu\/wp-content\/uploads\/2026\/01\/38375c7e-5b55-41c4-9ce5-dfb0ffd8c32d_16-9-discover-aspect-ratio_default_0.jpg","type":"image\/jpeg"}],"author":"Author","twitter_card":"summary_large_image","twitter_misc":{"Escrito por":"Author","Tiempo de lectura":"3 minutos"},"schema":{"@context":"https:\/\/schema.org","@graph":[{"@type":"WebPage","@id":"https:\/\/vof-news.eu\/es\/pedro-sanchez-promete-apoyar-a-las-victimas-de-adamuz-el-tiempo-que-haga-falta-el-estado-no-va-a-mirar-a-otro-lado\/","url":"https:\/\/vof-news.eu\/es\/pedro-sanchez-promete-apoyar-a-las-victimas-de-adamuz-el-tiempo-que-haga-falta-el-estado-no-va-a-mirar-a-otro-lado\/","name":"Pedro S\u00e1nchez promete apoyar a las v\u00edctimas de Adamuz \u201cel tiempo que haga falta\u201d: \u201cEl Estado no va a mirar a otro lado\u201d - vof-news.eu","isPartOf":{"@id":"https:\/\/vof-news.eu\/es\/#website"},"primaryImageOfPage":{"@id":"https:\/\/vof-news.eu\/es\/pedro-sanchez-promete-apoyar-a-las-victimas-de-adamuz-el-tiempo-que-haga-falta-el-estado-no-va-a-mirar-a-otro-lado\/#primaryimage"},"image":{"@id":"https:\/\/vof-news.eu\/es\/pedro-sanchez-promete-apoyar-a-las-victimas-de-adamuz-el-tiempo-que-haga-falta-el-estado-no-va-a-mirar-a-otro-lado\/#primaryimage"},"thumbnailUrl":"https:\/\/vof-news.eu\/wp-content\/uploads\/2026\/01\/38375c7e-5b55-41c4-9ce5-dfb0ffd8c32d_16-9-discover-aspect-ratio_default_0.jpg","datePublished":"2026-01-30T14:18:08+00:00","dateModified":"2026-01-30T14:18:58+00:00","author":{"@id":"https:\/\/vof-news.eu\/es\/#\/schema\/person\/f6a2a4309f0561835797fd8c19b333ed"},"description":"\u201cCuando el dolor es tan grande, las palabras no son suficientes. S\u00f3lo nos queda el compromiso y la acci\u00f3n\u201d. Han sido las primeras palabras de Pedro S\u00e1nchez en un acto una vez que ha retomado la agenda p\u00fablica tras las tragedias de Adamuz y Gelida. El presidente del Gobierno es consciente del malestar de las v\u00edctimas, que obligaron a posponer el homenaje de Estado planeado por Moncloa para este s\u00e1bado y que estuvieron mayoritariamente presentes en la misa oficiada en Huelva, a la que asistieron los reyes, varios ministros, encabezados por Mar\u00eda Jes\u00fas Montero, y el presidente andaluz, Juan Manuel Moreno Bonilla.","breadcrumb":{"@id":"https:\/\/vof-news.eu\/es\/pedro-sanchez-promete-apoyar-a-las-victimas-de-adamuz-el-tiempo-que-haga-falta-el-estado-no-va-a-mirar-a-otro-lado\/#breadcrumb"},"inLanguage":"es","potentialAction":[{"@type":"ReadAction","target":["https:\/\/vof-news.eu\/es\/pedro-sanchez-promete-apoyar-a-las-victimas-de-adamuz-el-tiempo-que-haga-falta-el-estado-no-va-a-mirar-a-otro-lado\/"]}]},{"@type":"ImageObject","inLanguage":"es","@id":"https:\/\/vof-news.eu\/es\/pedro-sanchez-promete-apoyar-a-las-victimas-de-adamuz-el-tiempo-que-haga-falta-el-estado-no-va-a-mirar-a-otro-lado\/#primaryimage","url":"https:\/\/vof-news.eu\/wp-content\/uploads\/2026\/01\/38375c7e-5b55-41c4-9ce5-dfb0ffd8c32d_16-9-discover-aspect-ratio_default_0.jpg","contentUrl":"https:\/\/vof-news.eu\/wp-content\/uploads\/2026\/01\/38375c7e-5b55-41c4-9ce5-dfb0ffd8c32d_16-9-discover-aspect-ratio_default_0.jpg","width":1200,"height":675},{"@type":"BreadcrumbList","@id":"https:\/\/vof-news.eu\/es\/pedro-sanchez-promete-apoyar-a-las-victimas-de-adamuz-el-tiempo-que-haga-falta-el-estado-no-va-a-mirar-a-otro-lado\/#breadcrumb","itemListElement":[{"@type":"ListItem","position":1,"name":"Home","item":"https:\/\/vof-news.eu\/es\/"},{"@type":"ListItem","position":2,"name":"Pedro S\u00e1nchez promete apoyar a las v\u00edctimas de Adamuz \u201cel tiempo que haga falta\u201d: \u201cEl Estado no va a mirar a otro lado\u201d"}]},{"@type":"WebSite","@id":"https:\/\/vof-news.eu\/es\/#website","url":"https:\/\/vof-news.eu\/es\/","name":"vof-news.eu","description":"","potentialAction":[{"@type":"SearchAction","target":{"@type":"EntryPoint","urlTemplate":"https:\/\/vof-news.eu\/es\/?s={search_term_string}"},"query-input":"required name=search_term_string"}],"inLanguage":"es"},{"@type":"Person","@id":"https:\/\/vof-news.eu\/es\/#\/schema\/person\/f6a2a4309f0561835797fd8c19b333ed","name":"Author","image":{"@type":"ImageObject","inLanguage":"es","@id":"https:\/\/vof-news.eu\/es\/#\/schema\/person\/image\/","url":"https:\/\/secure.gravatar.com\/avatar\/b67e614b1b25b3e9c0c239efdd2fde5ab015b5affd6f1c3c85911ca4b384e790?s=96&d=mm&r=g","contentUrl":"https:\/\/secure.gravatar.com\/avatar\/b67e614b1b25b3e9c0c239efdd2fde5ab015b5affd6f1c3c85911ca4b384e790?s=96&d=mm&r=g","caption":"Author"},"sameAs":["http:\/\/vof-news.eu"],"url":"https:\/\/vof-news.eu\/es\/author\/zwt6qxnjulxbnyg\/"}]}},"yoast_meta":{"yoast_wpseo_title":"","yoast_wpseo_metadesc":"","yoast_wpseo_canonical":""},"_links":{"self":[{"href":"https:\/\/vof-news.eu\/es\/wp-json\/wp\/v2\/posts\/321955","targetHints":{"allow":["GET"]}}],"collection":[{"href":"https:\/\/vof-news.eu\/es\/wp-json\/wp\/v2\/posts"}],"about":[{"href":"https:\/\/vof-news.eu\/es\/wp-json\/wp\/v2\/types\/post"}],"author":[{"embeddable":true,"href":"https:\/\/vof-news.eu\/es\/wp-json\/wp\/v2\/users\/1"}],"replies":[{"embeddable":true,"href":"https:\/\/vof-news.eu\/es\/wp-json\/wp\/v2\/comments?post=321955"}],"version-history":[{"count":1,"href":"https:\/\/vof-news.eu\/es\/wp-json\/wp\/v2\/posts\/321955\/revisions"}],"predecessor-version":[{"id":321963,"href":"https:\/\/vof-news.eu\/es\/wp-json\/wp\/v2\/posts\/321955\/revisions\/321963"}],"wp:featuredmedia":[{"embeddable":true,"href":"https:\/\/vof-news.eu\/es\/wp-json\/wp\/v2\/media\/321956"}],"wp:attachment":[{"href":"https:\/\/vof-news.eu\/es\/wp-json\/wp\/v2\/media?parent=321955"}],"wp:term":[{"taxonomy":"category","embeddable":true,"href":"https:\/\/vof-news.eu\/es\/wp-json\/wp\/v2\/categories?post=321955"},{"taxonomy":"post_tag","embeddable":true,"href":"https:\/\/vof-news.eu\/es\/wp-json\/wp\/v2\/tags?post=321955"}],"curies":[{"name":"wp","href":"https:\/\/api.w.org\/{rel}","templated":true}]}}