{"id":321953,"date":"2026-01-30T17:17:16","date_gmt":"2026-01-30T14:17:16","guid":{"rendered":"https:\/\/vof-news.eu\/ayuso-es-inquietante-que-los-movimientos-totalitarios-sigan-trabajando-para-el-odio-a-israel-y-al-pueblo-judio\/"},"modified":"2026-01-30T17:17:44","modified_gmt":"2026-01-30T14:17:44","slug":"ayuso-es-inquietante-que-los-movimientos-totalitarios-sigan-trabajando-para-el-odio-a-israel-y-al-pueblo-judio","status":"publish","type":"post","link":"https:\/\/vof-news.eu\/es\/ayuso-es-inquietante-que-los-movimientos-totalitarios-sigan-trabajando-para-el-odio-a-israel-y-al-pueblo-judio\/","title":{"rendered":"Ayuso: \u201cEs inquietante que los movimientos totalitarios sigan trabajando para el odio a Israel y al pueblo jud\u00edo\u201d"},"content":{"rendered":"<div>\n<p>\n        Isabel D\u00edaz Ayuso, presidenta de la Comunidad de Madrid, ha vuelto a ignorar este viernes el genocidio del gobierno israel\u00ed en Gaza en el acto de recuerdo con motivo del D\u00eda Internacional en Memoria de las V\u00edctimas del Holocausto y la Prevenci\u00f3n de los Cr\u00edmenes Contra la Humanidad que organizan la Asamblea regional y la Comunidad Jud\u00eda madrile\u00f1a.\n    <\/p>\n<p>\n        Adem\u00e1s de ensalzar al estado de Israel y su \u201cdefensa ante el terror, miedo y, peor a\u00fan,\u00a0ese terrorismo que cuenta con las mejores campa\u00f1as de blanqueamiento posible\u201d, la presidenta madrile\u00f1a ha advertido sobre lo \u201cinquietante\u201d de que \u201clos movimientos totalitarios sigan trabajando hoy para instalar el odio a Israel y al pueblo jud\u00edo con otros disfraces. Utilizando universidades, ciclos culturales, boicoteando espect\u00e1culos\u00a0deportivos, los medios de comunicaci\u00f3n, plataformas audiovisuales y empresas colonizadas. Todo con el mismo fin, un negocio pol\u00edtico o econ\u00f3mico\u201d.\u00a0\n    <\/p>\n<p>\n        Desde el comienzo de su comparecencia, se ha dirigido, entre otros, a los supervivientes del Holocausto y sus familiares, representantes de la comunidad jud\u00eda de Madrid y a Dana Erlich, encargada de negocios de la embajada de Israel en Espa\u00f1a. Durante su discurso, Ayuso ha lamentado que, seg\u00fan ella, se est\u00e9n utilizando fondos p\u00fablicos para adoctrinar a menores en el antisemitismo. \u201cQue nadie utilice a los ni\u00f1os y j\u00f3venes\u00a0como m\u00e9todo para sembrar sociedades totalitarias en el futuro. Es inconcebible que esto pase y que encima se financie con dinero p\u00fablico\u201d. Y ha a\u00f1adido que \u201ctampoco es concebible que tengamos que tener al pueblo jud\u00edo o al de Israel en un tren o un barrac\u00f3n para entender su leg\u00edtimo derecho a existir\u201d.\n    <\/p>\n<p>\n        La presidenta ha reivindicado que desde la Comunidad de Madrid, no se va a \u201ccontribuir\u201d al \u201csuicidio de nuestra civilizaci\u00f3n y del proyecto europeo\u201d, pero s\u00ed a \u201crecordar que cada vida es sagrada\u201d. Asimismo, ha llamado a \u201cno educar en el odio\u201d y ha subrayado que \u201colvidar es el camino a estar perdido\u201d\n    <\/p>\n<p>\n        \u201cEl pueblo de Israel vive\u201d, ha celebrado la madrile\u00f1a antes de alabar el papel de \u201clas aportaciones culturales, sociales, cient\u00edficas, pol\u00edticas y religiosas jud\u00edas\u201d sin las que Espa\u00f1a \u201cno se puede entender\u201d. \u201cSomos parte de la misma historia\u201d, ha a\u00f1adido.\n    <\/p>\n<\/div>\n","protected":false},"excerpt":{"rendered":"<p>Isabel D\u00edaz Ayuso, presidenta de la Comunidad de Madrid, ha vuelto a ignorar este viernes el genocidio del gobierno israel\u00ed en Gaza en el acto de recuerdo con motivo del D\u00eda Internacional en Memoria de las V\u00edctimas del Holocausto y la Prevenci\u00f3n de los Cr\u00edmenes Contra la Humanidad que organizan la Asamblea regional y la<\/p>\n","protected":false},"author":1,"featured_media":0,"comment_status":"open","ping_status":"open","sticky":false,"template":"","format":"standard","meta":{"footnotes":""},"categories":[71],"tags":[],"class_list":["post-321953","post","type-post","status-publish","format-standard","hentry","category-politics-es"],"acf":[],"yoast_head":"<!-- This site is optimized with the Yoast SEO plugin v22.9 - https:\/\/yoast.com\/wordpress\/plugins\/seo\/ -->\n<title>Ayuso: \u201cEs inquietante que los movimientos totalitarios sigan trabajando para el odio a Israel y al pueblo jud\u00edo\u201d - vof-news.eu<\/title>\n<meta name=\"description\" content=\"Isabel D\u00edaz Ayuso, presidenta de la Comunidad de Madrid, ha vuelto a ignorar este viernes el genocidio del gobierno israel\u00ed en Gaza en el acto de recuerdo con motivo del D\u00eda Internacional en Memoria de las V\u00edctimas del Holocausto y la Prevenci\u00f3n de los Cr\u00edmenes Contra la Humanidad que organizan la Asamblea regional y la Comunidad Jud\u00eda madrile\u00f1a.\" \/>\n<meta name=\"robots\" content=\"noindex, follow, max-snippet:-1, max-image-preview:large, max-video-preview:-1\" \/>\n<meta property=\"og:locale\" content=\"es_ES\" \/>\n<meta property=\"og:type\" content=\"article\" \/>\n<meta property=\"og:title\" content=\"Ayuso: \u201cEs inquietante que los movimientos totalitarios sigan trabajando para el odio a Israel y al pueblo jud\u00edo\u201d - vof-news.eu\" \/>\n<meta property=\"og:description\" content=\"Isabel D\u00edaz Ayuso, presidenta de la Comunidad de Madrid, ha vuelto a ignorar este viernes el genocidio del gobierno israel\u00ed en Gaza en el acto de recuerdo con motivo del D\u00eda Internacional en Memoria de las V\u00edctimas del Holocausto y la Prevenci\u00f3n de los Cr\u00edmenes Contra la Humanidad que organizan la Asamblea regional y la Comunidad Jud\u00eda madrile\u00f1a.\" \/>\n<meta property=\"og:url\" content=\"https:\/\/vof-news.eu\/es\/ayuso-es-inquietante-que-los-movimientos-totalitarios-sigan-trabajando-para-el-odio-a-israel-y-al-pueblo-judio\/\" \/>\n<meta property=\"og:site_name\" content=\"vof-news.eu\" \/>\n<meta property=\"article:published_time\" content=\"2026-01-30T14:17:16+00:00\" \/>\n<meta property=\"article:modified_time\" content=\"2026-01-30T14:17:44+00:00\" \/>\n<meta name=\"author\" content=\"Author\" \/>\n<meta name=\"twitter:card\" content=\"summary_large_image\" \/>\n<meta name=\"twitter:label1\" content=\"Escrito por\" \/>\n\t<meta name=\"twitter:data1\" content=\"Author\" \/>\n\t<meta name=\"twitter:label2\" content=\"Tiempo de lectura\" \/>\n\t<meta name=\"twitter:data2\" content=\"2 minutos\" \/>\n<script type=\"application\/ld+json\" class=\"yoast-schema-graph\">{\"@context\":\"https:\/\/schema.org\",\"@graph\":[{\"@type\":\"WebPage\",\"@id\":\"https:\/\/vof-news.eu\/es\/ayuso-es-inquietante-que-los-movimientos-totalitarios-sigan-trabajando-para-el-odio-a-israel-y-al-pueblo-judio\/\",\"url\":\"https:\/\/vof-news.eu\/es\/ayuso-es-inquietante-que-los-movimientos-totalitarios-sigan-trabajando-para-el-odio-a-israel-y-al-pueblo-judio\/\",\"name\":\"Ayuso: \u201cEs inquietante que los movimientos totalitarios sigan trabajando para el odio a Israel y al pueblo jud\u00edo\u201d - vof-news.eu\",\"isPartOf\":{\"@id\":\"https:\/\/vof-news.eu\/es\/#website\"},\"datePublished\":\"2026-01-30T14:17:16+00:00\",\"dateModified\":\"2026-01-30T14:17:44+00:00\",\"author\":{\"@id\":\"https:\/\/vof-news.eu\/es\/#\/schema\/person\/f6a2a4309f0561835797fd8c19b333ed\"},\"description\":\"Isabel D\u00edaz Ayuso, presidenta de la Comunidad de Madrid, ha vuelto a ignorar este viernes el genocidio del gobierno israel\u00ed en Gaza en el acto de recuerdo con motivo del D\u00eda Internacional en Memoria de las V\u00edctimas del Holocausto y la Prevenci\u00f3n de los Cr\u00edmenes Contra la Humanidad que organizan la Asamblea regional y la Comunidad Jud\u00eda madrile\u00f1a.\",\"breadcrumb\":{\"@id\":\"https:\/\/vof-news.eu\/es\/ayuso-es-inquietante-que-los-movimientos-totalitarios-sigan-trabajando-para-el-odio-a-israel-y-al-pueblo-judio\/#breadcrumb\"},\"inLanguage\":\"es\",\"potentialAction\":[{\"@type\":\"ReadAction\",\"target\":[\"https:\/\/vof-news.eu\/es\/ayuso-es-inquietante-que-los-movimientos-totalitarios-sigan-trabajando-para-el-odio-a-israel-y-al-pueblo-judio\/\"]}]},{\"@type\":\"BreadcrumbList\",\"@id\":\"https:\/\/vof-news.eu\/es\/ayuso-es-inquietante-que-los-movimientos-totalitarios-sigan-trabajando-para-el-odio-a-israel-y-al-pueblo-judio\/#breadcrumb\",\"itemListElement\":[{\"@type\":\"ListItem\",\"position\":1,\"name\":\"Home\",\"item\":\"https:\/\/vof-news.eu\/es\/\"},{\"@type\":\"ListItem\",\"position\":2,\"name\":\"Ayuso: \u201cEs inquietante que los movimientos totalitarios sigan trabajando para el odio a Israel y al pueblo jud\u00edo\u201d\"}]},{\"@type\":\"WebSite\",\"@id\":\"https:\/\/vof-news.eu\/es\/#website\",\"url\":\"https:\/\/vof-news.eu\/es\/\",\"name\":\"vof-news.eu\",\"description\":\"\",\"potentialAction\":[{\"@type\":\"SearchAction\",\"target\":{\"@type\":\"EntryPoint\",\"urlTemplate\":\"https:\/\/vof-news.eu\/es\/?s={search_term_string}\"},\"query-input\":\"required name=search_term_string\"}],\"inLanguage\":\"es\"},{\"@type\":\"Person\",\"@id\":\"https:\/\/vof-news.eu\/es\/#\/schema\/person\/f6a2a4309f0561835797fd8c19b333ed\",\"name\":\"Author\",\"image\":{\"@type\":\"ImageObject\",\"inLanguage\":\"es\",\"@id\":\"https:\/\/vof-news.eu\/es\/#\/schema\/person\/image\/\",\"url\":\"https:\/\/secure.gravatar.com\/avatar\/b67e614b1b25b3e9c0c239efdd2fde5ab015b5affd6f1c3c85911ca4b384e790?s=96&d=mm&r=g\",\"contentUrl\":\"https:\/\/secure.gravatar.com\/avatar\/b67e614b1b25b3e9c0c239efdd2fde5ab015b5affd6f1c3c85911ca4b384e790?s=96&d=mm&r=g\",\"caption\":\"Author\"},\"sameAs\":[\"http:\/\/vof-news.eu\"],\"url\":\"https:\/\/vof-news.eu\/es\/author\/zwt6qxnjulxbnyg\/\"}]}<\/script>\n<!-- \/ Yoast SEO plugin. -->","yoast_head_json":{"title":"Ayuso: \u201cEs inquietante que los movimientos totalitarios sigan trabajando para el odio a Israel y al pueblo jud\u00edo\u201d - vof-news.eu","description":"Isabel D\u00edaz Ayuso, presidenta de la Comunidad de Madrid, ha vuelto a ignorar este viernes el genocidio del gobierno israel\u00ed en Gaza en el acto de recuerdo con motivo del D\u00eda Internacional en Memoria de las V\u00edctimas del Holocausto y la Prevenci\u00f3n de los Cr\u00edmenes Contra la Humanidad que organizan la Asamblea regional y la Comunidad Jud\u00eda madrile\u00f1a.","robots":{"index":"noindex","follow":"follow","max-snippet":"max-snippet:-1","max-image-preview":"max-image-preview:large","max-video-preview":"max-video-preview:-1"},"og_locale":"es_ES","og_type":"article","og_title":"Ayuso: \u201cEs inquietante que los movimientos totalitarios sigan trabajando para el odio a Israel y al pueblo jud\u00edo\u201d - vof-news.eu","og_description":"Isabel D\u00edaz Ayuso, presidenta de la Comunidad de Madrid, ha vuelto a ignorar este viernes el genocidio del gobierno israel\u00ed en Gaza en el acto de recuerdo con motivo del D\u00eda Internacional en Memoria de las V\u00edctimas del Holocausto y la Prevenci\u00f3n de los Cr\u00edmenes Contra la Humanidad que organizan la Asamblea regional y la Comunidad Jud\u00eda madrile\u00f1a.","og_url":"https:\/\/vof-news.eu\/es\/ayuso-es-inquietante-que-los-movimientos-totalitarios-sigan-trabajando-para-el-odio-a-israel-y-al-pueblo-judio\/","og_site_name":"vof-news.eu","article_published_time":"2026-01-30T14:17:16+00:00","article_modified_time":"2026-01-30T14:17:44+00:00","author":"Author","twitter_card":"summary_large_image","twitter_misc":{"Escrito por":"Author","Tiempo de lectura":"2 minutos"},"schema":{"@context":"https:\/\/schema.org","@graph":[{"@type":"WebPage","@id":"https:\/\/vof-news.eu\/es\/ayuso-es-inquietante-que-los-movimientos-totalitarios-sigan-trabajando-para-el-odio-a-israel-y-al-pueblo-judio\/","url":"https:\/\/vof-news.eu\/es\/ayuso-es-inquietante-que-los-movimientos-totalitarios-sigan-trabajando-para-el-odio-a-israel-y-al-pueblo-judio\/","name":"Ayuso: \u201cEs inquietante que los movimientos totalitarios sigan trabajando para el odio a Israel y al pueblo jud\u00edo\u201d - vof-news.eu","isPartOf":{"@id":"https:\/\/vof-news.eu\/es\/#website"},"datePublished":"2026-01-30T14:17:16+00:00","dateModified":"2026-01-30T14:17:44+00:00","author":{"@id":"https:\/\/vof-news.eu\/es\/#\/schema\/person\/f6a2a4309f0561835797fd8c19b333ed"},"description":"Isabel D\u00edaz Ayuso, presidenta de la Comunidad de Madrid, ha vuelto a ignorar este viernes el genocidio del gobierno israel\u00ed en Gaza en el acto de recuerdo con motivo del D\u00eda Internacional en Memoria de las V\u00edctimas del Holocausto y la Prevenci\u00f3n de los Cr\u00edmenes Contra la Humanidad que organizan la Asamblea regional y la Comunidad Jud\u00eda madrile\u00f1a.","breadcrumb":{"@id":"https:\/\/vof-news.eu\/es\/ayuso-es-inquietante-que-los-movimientos-totalitarios-sigan-trabajando-para-el-odio-a-israel-y-al-pueblo-judio\/#breadcrumb"},"inLanguage":"es","potentialAction":[{"@type":"ReadAction","target":["https:\/\/vof-news.eu\/es\/ayuso-es-inquietante-que-los-movimientos-totalitarios-sigan-trabajando-para-el-odio-a-israel-y-al-pueblo-judio\/"]}]},{"@type":"BreadcrumbList","@id":"https:\/\/vof-news.eu\/es\/ayuso-es-inquietante-que-los-movimientos-totalitarios-sigan-trabajando-para-el-odio-a-israel-y-al-pueblo-judio\/#breadcrumb","itemListElement":[{"@type":"ListItem","position":1,"name":"Home","item":"https:\/\/vof-news.eu\/es\/"},{"@type":"ListItem","position":2,"name":"Ayuso: \u201cEs inquietante que los movimientos totalitarios sigan trabajando para el odio a Israel y al pueblo jud\u00edo\u201d"}]},{"@type":"WebSite","@id":"https:\/\/vof-news.eu\/es\/#website","url":"https:\/\/vof-news.eu\/es\/","name":"vof-news.eu","description":"","potentialAction":[{"@type":"SearchAction","target":{"@type":"EntryPoint","urlTemplate":"https:\/\/vof-news.eu\/es\/?s={search_term_string}"},"query-input":"required name=search_term_string"}],"inLanguage":"es"},{"@type":"Person","@id":"https:\/\/vof-news.eu\/es\/#\/schema\/person\/f6a2a4309f0561835797fd8c19b333ed","name":"Author","image":{"@type":"ImageObject","inLanguage":"es","@id":"https:\/\/vof-news.eu\/es\/#\/schema\/person\/image\/","url":"https:\/\/secure.gravatar.com\/avatar\/b67e614b1b25b3e9c0c239efdd2fde5ab015b5affd6f1c3c85911ca4b384e790?s=96&d=mm&r=g","contentUrl":"https:\/\/secure.gravatar.com\/avatar\/b67e614b1b25b3e9c0c239efdd2fde5ab015b5affd6f1c3c85911ca4b384e790?s=96&d=mm&r=g","caption":"Author"},"sameAs":["http:\/\/vof-news.eu"],"url":"https:\/\/vof-news.eu\/es\/author\/zwt6qxnjulxbnyg\/"}]}},"yoast_meta":{"yoast_wpseo_title":"","yoast_wpseo_metadesc":"","yoast_wpseo_canonical":""},"_links":{"self":[{"href":"https:\/\/vof-news.eu\/es\/wp-json\/wp\/v2\/posts\/321953","targetHints":{"allow":["GET"]}}],"collection":[{"href":"https:\/\/vof-news.eu\/es\/wp-json\/wp\/v2\/posts"}],"about":[{"href":"https:\/\/vof-news.eu\/es\/wp-json\/wp\/v2\/types\/post"}],"author":[{"embeddable":true,"href":"https:\/\/vof-news.eu\/es\/wp-json\/wp\/v2\/users\/1"}],"replies":[{"embeddable":true,"href":"https:\/\/vof-news.eu\/es\/wp-json\/wp\/v2\/comments?post=321953"}],"version-history":[{"count":1,"href":"https:\/\/vof-news.eu\/es\/wp-json\/wp\/v2\/posts\/321953\/revisions"}],"predecessor-version":[{"id":321954,"href":"https:\/\/vof-news.eu\/es\/wp-json\/wp\/v2\/posts\/321953\/revisions\/321954"}],"wp:attachment":[{"href":"https:\/\/vof-news.eu\/es\/wp-json\/wp\/v2\/media?parent=321953"}],"wp:term":[{"taxonomy":"category","embeddable":true,"href":"https:\/\/vof-news.eu\/es\/wp-json\/wp\/v2\/categories?post=321953"},{"taxonomy":"post_tag","embeddable":true,"href":"https:\/\/vof-news.eu\/es\/wp-json\/wp\/v2\/tags?post=321953"}],"curies":[{"name":"wp","href":"https:\/\/api.w.org\/{rel}","templated":true}]}}