{"id":321901,"date":"2026-01-30T15:18:22","date_gmt":"2026-01-30T12:18:22","guid":{"rendered":"https:\/\/vof-news.eu\/el-pp-reconoce-ahora-que-la-regularizacion-no-engordara-el-censo-electoral-de-las-proximas-municipales-ni-generales\/"},"modified":"2026-01-30T15:19:24","modified_gmt":"2026-01-30T12:19:24","slug":"el-pp-reconoce-ahora-que-la-regularizacion-no-engordara-el-censo-electoral-de-las-proximas-municipales-ni-generales","status":"publish","type":"post","link":"https:\/\/vof-news.eu\/es\/el-pp-reconoce-ahora-que-la-regularizacion-no-engordara-el-censo-electoral-de-las-proximas-municipales-ni-generales\/","title":{"rendered":"El PP reconoce ahora que la regularizaci\u00f3n no \u201cengordar\u00e1\u201d el censo electoral de las pr\u00f3ximas municipales ni generales"},"content":{"rendered":"<div>\n<p>\n        El PP de Alberto N\u00fa\u00f1ez Feij\u00f3o ha vuelto a acusar al Gobierno de querer manipular las elecciones. Lo hizo antes de <a href=\"https:\/\/www.eldiario.es\/politica\/eta-compra-votos-secuestro-campana-elecciones-ajustadas_1_10241007.html\" rel=\"nofollow\">las generales de 2023 <\/a>o, m\u00e1s recientemente, <a href=\"https:\/\/www.eldiario.es\/politica\/pp-agita-124-fantasma-pucherazo-extremadura-robo-votos_1_12855969.html\" rel=\"nofollow\">durante las extreme\u00f1as<\/a> del pasado mes de diciembre. El propio Feij\u00f3o se\u00f1al\u00f3 a Pedro S\u00e1nchez por, supuestamente, usar el INE, Indra y Correos para cambiar votos. Y lo ha reiterado a cuenta de la regularizaci\u00f3n de migrantes sin papeles que ya viven y trabajan en Espa\u00f1a. La oposici\u00f3n ha sostenido que uno de los motivos de la medida es \u201cengordar\u201d el censo para modificar los pr\u00f3ximos comicios. Una afirmaci\u00f3n falsa que ahora han asumido como falsa.\n    <\/p>\n<p>\n        Lo ha hecho la vicesecretaria de Coordinaci\u00f3n Sectorial, <a href=\"https:\/\/www.eldiario.es\/politica\/alma-ezcurra-liberal-criada-pp-madrid-elegida-feijoo-reformular-ideologia-partido_1_12551678.html\" rel=\"nofollow\">Alma Ezcurra<\/a>, durante una entrevista en RNE. Aunque no a la primera. La tambi\u00e9n eurodiputada, que ha sido madre recientemente, ha sostenido que \u201cesa regularizaci\u00f3n masiva y sin control, una vez que las personas adquieren residencia legal, si su pa\u00eds tiene un convenio [con Espa\u00f1a] pueden participar en las elecciones municipales\u201d. Ezcurra ha a\u00f1adido: \u201cPero es que le digo m\u00e1s, si pertenecen a Iberoam\u00e9rica, Filipinas o Guinea Ecuatorial, van a poder solicitar la nacionalidad en solo dos a\u00f1os, lo que le va a permitir participar en todas las elecciones\u201d.\n    <\/p>\n<p>\n        \u201cNo es opinable\u201d, ha aseverado Ezcurra. \u201cCon la ley en la mano, y si uno sabe leer y contar, sabe que esto puede ser as\u00ed\u201d, ha planteado, para asegurar que, en su opini\u00f3n, el Gobierno ha aprobado el procedimiento por \u201cclientelismo pol\u00edtico\u201d.\n    <\/p>\n<p>\n        El periodista ha preguntado: \u201c\u00bfUstedes han calculado el porcentaje de personas que pueden votar en [las elecciones del] 27 para justificar ese <a href=\"https:\/\/www.eldiario.es\/politica\/feijoo-exige-gobierno-decreto-incluya-subida-pensiones-afirma-sanchez-le-preocupan-son-okupas_1_12943121.html\" rel=\"nofollow\">engordar el censo con intenci\u00f3n de arrancar votos<\/a>?\u201d.\n    <\/p>\n<p>\n        Ha sido entonces cuando Ezcurra ha reconocido que <a href=\"https:\/\/www.eldiario.es\/desalambre\/claves-regularizacion-dara-papeles-cerca-medio-millon-personas-empieza-son-requisitos_1_12938479.html\" rel=\"nofollow\">la regularizaci\u00f3n no afectar\u00e1 en ning\u00fan caso al actual ciclo electoral<\/a>. \u201cMe parece que es importante precisar los tiempos\u201d, ha arrancado. \u201cHemos dicho en el medio plazo. En el corto plazo, no\u201d, ha asumido.\n    <\/p>\n<p>\n        Ezcurra ha proseguido con su tono habitual. \u201cSi uno sabe leer y contar, los convenios en funci\u00f3n del pa\u00eds establecen un criterio de entre tres y cinco a\u00f1os\u201d para poder votar en el pa\u00eds de residencia, ha expuesto. \u201cPor lo tanto, en las pr\u00f3ximas municipales ese censo no va a engordar. Engordar\u00e1 en las siguientes, cuando se produzcan\u201d, ha reconocido.\n    <\/p>\n<p>\n        Es decir, que la te\u00f3rica modificaci\u00f3n del censo para las elecciones municipales no tendr\u00eda validez hasta 2031.\n    <\/p>\n<p>\n        \u00bfY para las generales? Ezcurra lo ha explicado as\u00ed en RNE. \u201cEn cuanto a la nacionalizaci\u00f3n, transcurrir\u00edan dos a\u00f1os\u201d hasta que se logra. Y eso, en el caso m\u00e1s sencillo, el de aquellos pa\u00edses con un pasado de relaci\u00f3n con Espa\u00f1a.\n    <\/p>\n<p>\n        Porque, adem\u00e1s, tener la residencia no es el \u00fanico requisito para lograr la nacionalidad. Hay muchos m\u00e1s. Y no para todos los solicitantes el plazo m\u00ednimo es de dos a\u00f1os. A este requisito temporal habr\u00eda que a\u00f1adir adem\u00e1s la tardanza de la administraci\u00f3n para resolver el expediente. Y, en todo caso, que muchos migrantes con residencia no piden la nacionalidad espa\u00f1ola porque, en la mayor\u00eda de las ocasiones, implica renunciar a la de origen.\n    <\/p>\n<p>\n        Ezcurra ha ironizado con que a S\u00e1nchez no le dar\u00e1 tiempo a usar ese supuesto engorde del censo. \u201cS\u00e1nchez quiere agotar la legislatura, no s\u00e9 si ser\u00e1 capaz de irse m\u00e1s all\u00e1 de lo que le corresponde legalmente\u201d, ha dicho.\n    <\/p>\n<\/div>\n","protected":false},"excerpt":{"rendered":"<p>El PP de Alberto N\u00fa\u00f1ez Feij\u00f3o ha vuelto a acusar al Gobierno de querer manipular las elecciones. Lo hizo antes de las generales de 2023 o, m\u00e1s recientemente, durante las extreme\u00f1as del pasado mes de diciembre. El propio Feij\u00f3o se\u00f1al\u00f3 a Pedro S\u00e1nchez por, supuestamente, usar el INE, Indra y Correos para cambiar votos. Y<\/p>\n","protected":false},"author":1,"featured_media":321902,"comment_status":"open","ping_status":"open","sticky":false,"template":"","format":"standard","meta":{"footnotes":""},"categories":[71],"tags":[],"class_list":["post-321901","post","type-post","status-publish","format-standard","has-post-thumbnail","hentry","category-politics-es"],"acf":[],"yoast_head":"<!-- This site is optimized with the Yoast SEO plugin v22.9 - https:\/\/yoast.com\/wordpress\/plugins\/seo\/ -->\n<title>El PP reconoce ahora que la regularizaci\u00f3n no \u201cengordar\u00e1\u201d el censo electoral de las pr\u00f3ximas municipales ni generales - vof-news.eu<\/title>\n<meta name=\"description\" content=\"El PP de Alberto N\u00fa\u00f1ez Feij\u00f3o ha vuelto a acusar al Gobierno de querer manipular las elecciones. Lo hizo antes de las generales de 2023 o, m\u00e1s recientemente, durante las extreme\u00f1as del pasado mes de diciembre. El propio Feij\u00f3o se\u00f1al\u00f3 a Pedro S\u00e1nchez por, supuestamente, usar el INE, Indra y Correos para cambiar votos. Y lo ha reiterado a cuenta de la regularizaci\u00f3n de migrantes sin papeles que ya viven y trabajan en Espa\u00f1a. La oposici\u00f3n ha sostenido que uno de los motivos de la medida es \u201cengordar\u201d el censo para modificar los pr\u00f3ximos comicios. Una afirmaci\u00f3n falsa que ahora han asumido como falsa.\" \/>\n<meta name=\"robots\" content=\"noindex, follow, max-snippet:-1, max-image-preview:large, max-video-preview:-1\" \/>\n<meta property=\"og:locale\" content=\"es_ES\" \/>\n<meta property=\"og:type\" content=\"article\" \/>\n<meta property=\"og:title\" content=\"El PP reconoce ahora que la regularizaci\u00f3n no \u201cengordar\u00e1\u201d el censo electoral de las pr\u00f3ximas municipales ni generales - vof-news.eu\" \/>\n<meta property=\"og:description\" content=\"El PP de Alberto N\u00fa\u00f1ez Feij\u00f3o ha vuelto a acusar al Gobierno de querer manipular las elecciones. Lo hizo antes de las generales de 2023 o, m\u00e1s recientemente, durante las extreme\u00f1as del pasado mes de diciembre. El propio Feij\u00f3o se\u00f1al\u00f3 a Pedro S\u00e1nchez por, supuestamente, usar el INE, Indra y Correos para cambiar votos. Y lo ha reiterado a cuenta de la regularizaci\u00f3n de migrantes sin papeles que ya viven y trabajan en Espa\u00f1a. La oposici\u00f3n ha sostenido que uno de los motivos de la medida es \u201cengordar\u201d el censo para modificar los pr\u00f3ximos comicios. Una afirmaci\u00f3n falsa que ahora han asumido como falsa.\" \/>\n<meta property=\"og:url\" content=\"https:\/\/vof-news.eu\/es\/el-pp-reconoce-ahora-que-la-regularizacion-no-engordara-el-censo-electoral-de-las-proximas-municipales-ni-generales\/\" \/>\n<meta property=\"og:site_name\" content=\"vof-news.eu\" \/>\n<meta property=\"article:published_time\" content=\"2026-01-30T12:18:22+00:00\" \/>\n<meta property=\"article:modified_time\" content=\"2026-01-30T12:19:24+00:00\" \/>\n<meta property=\"og:image\" content=\"https:\/\/vof-news.eu\/wp-content\/uploads\/2026\/01\/648eecfd-95d2-4b15-b927-755b094d2f88_16-9-discover-aspect-ratio_default_1135402.jpg\" \/>\n\t<meta property=\"og:image:width\" content=\"1200\" \/>\n\t<meta property=\"og:image:height\" content=\"675\" \/>\n\t<meta property=\"og:image:type\" content=\"image\/jpeg\" \/>\n<meta name=\"author\" content=\"Author\" \/>\n<meta name=\"twitter:card\" content=\"summary_large_image\" \/>\n<meta name=\"twitter:label1\" content=\"Escrito por\" \/>\n\t<meta name=\"twitter:data1\" content=\"Author\" \/>\n\t<meta name=\"twitter:label2\" content=\"Tiempo de lectura\" \/>\n\t<meta name=\"twitter:data2\" content=\"3 minutos\" \/>\n<script type=\"application\/ld+json\" class=\"yoast-schema-graph\">{\"@context\":\"https:\/\/schema.org\",\"@graph\":[{\"@type\":\"WebPage\",\"@id\":\"https:\/\/vof-news.eu\/es\/el-pp-reconoce-ahora-que-la-regularizacion-no-engordara-el-censo-electoral-de-las-proximas-municipales-ni-generales\/\",\"url\":\"https:\/\/vof-news.eu\/es\/el-pp-reconoce-ahora-que-la-regularizacion-no-engordara-el-censo-electoral-de-las-proximas-municipales-ni-generales\/\",\"name\":\"El PP reconoce ahora que la regularizaci\u00f3n no \u201cengordar\u00e1\u201d el censo electoral de las pr\u00f3ximas municipales ni generales - vof-news.eu\",\"isPartOf\":{\"@id\":\"https:\/\/vof-news.eu\/es\/#website\"},\"primaryImageOfPage\":{\"@id\":\"https:\/\/vof-news.eu\/es\/el-pp-reconoce-ahora-que-la-regularizacion-no-engordara-el-censo-electoral-de-las-proximas-municipales-ni-generales\/#primaryimage\"},\"image\":{\"@id\":\"https:\/\/vof-news.eu\/es\/el-pp-reconoce-ahora-que-la-regularizacion-no-engordara-el-censo-electoral-de-las-proximas-municipales-ni-generales\/#primaryimage\"},\"thumbnailUrl\":\"https:\/\/vof-news.eu\/wp-content\/uploads\/2026\/01\/648eecfd-95d2-4b15-b927-755b094d2f88_16-9-discover-aspect-ratio_default_1135402.jpg\",\"datePublished\":\"2026-01-30T12:18:22+00:00\",\"dateModified\":\"2026-01-30T12:19:24+00:00\",\"author\":{\"@id\":\"https:\/\/vof-news.eu\/es\/#\/schema\/person\/f6a2a4309f0561835797fd8c19b333ed\"},\"description\":\"El PP de Alberto N\u00fa\u00f1ez Feij\u00f3o ha vuelto a acusar al Gobierno de querer manipular las elecciones. Lo hizo antes de las generales de 2023 o, m\u00e1s recientemente, durante las extreme\u00f1as del pasado mes de diciembre. El propio Feij\u00f3o se\u00f1al\u00f3 a Pedro S\u00e1nchez por, supuestamente, usar el INE, Indra y Correos para cambiar votos. Y lo ha reiterado a cuenta de la regularizaci\u00f3n de migrantes sin papeles que ya viven y trabajan en Espa\u00f1a. La oposici\u00f3n ha sostenido que uno de los motivos de la medida es \u201cengordar\u201d el censo para modificar los pr\u00f3ximos comicios. Una afirmaci\u00f3n falsa que ahora han asumido como falsa.\",\"breadcrumb\":{\"@id\":\"https:\/\/vof-news.eu\/es\/el-pp-reconoce-ahora-que-la-regularizacion-no-engordara-el-censo-electoral-de-las-proximas-municipales-ni-generales\/#breadcrumb\"},\"inLanguage\":\"es\",\"potentialAction\":[{\"@type\":\"ReadAction\",\"target\":[\"https:\/\/vof-news.eu\/es\/el-pp-reconoce-ahora-que-la-regularizacion-no-engordara-el-censo-electoral-de-las-proximas-municipales-ni-generales\/\"]}]},{\"@type\":\"ImageObject\",\"inLanguage\":\"es\",\"@id\":\"https:\/\/vof-news.eu\/es\/el-pp-reconoce-ahora-que-la-regularizacion-no-engordara-el-censo-electoral-de-las-proximas-municipales-ni-generales\/#primaryimage\",\"url\":\"https:\/\/vof-news.eu\/wp-content\/uploads\/2026\/01\/648eecfd-95d2-4b15-b927-755b094d2f88_16-9-discover-aspect-ratio_default_1135402.jpg\",\"contentUrl\":\"https:\/\/vof-news.eu\/wp-content\/uploads\/2026\/01\/648eecfd-95d2-4b15-b927-755b094d2f88_16-9-discover-aspect-ratio_default_1135402.jpg\",\"width\":1200,\"height\":675},{\"@type\":\"BreadcrumbList\",\"@id\":\"https:\/\/vof-news.eu\/es\/el-pp-reconoce-ahora-que-la-regularizacion-no-engordara-el-censo-electoral-de-las-proximas-municipales-ni-generales\/#breadcrumb\",\"itemListElement\":[{\"@type\":\"ListItem\",\"position\":1,\"name\":\"Home\",\"item\":\"https:\/\/vof-news.eu\/es\/\"},{\"@type\":\"ListItem\",\"position\":2,\"name\":\"El PP reconoce ahora que la regularizaci\u00f3n no \u201cengordar\u00e1\u201d el censo electoral de las pr\u00f3ximas municipales ni generales\"}]},{\"@type\":\"WebSite\",\"@id\":\"https:\/\/vof-news.eu\/es\/#website\",\"url\":\"https:\/\/vof-news.eu\/es\/\",\"name\":\"vof-news.eu\",\"description\":\"\",\"potentialAction\":[{\"@type\":\"SearchAction\",\"target\":{\"@type\":\"EntryPoint\",\"urlTemplate\":\"https:\/\/vof-news.eu\/es\/?s={search_term_string}\"},\"query-input\":\"required name=search_term_string\"}],\"inLanguage\":\"es\"},{\"@type\":\"Person\",\"@id\":\"https:\/\/vof-news.eu\/es\/#\/schema\/person\/f6a2a4309f0561835797fd8c19b333ed\",\"name\":\"Author\",\"image\":{\"@type\":\"ImageObject\",\"inLanguage\":\"es\",\"@id\":\"https:\/\/vof-news.eu\/es\/#\/schema\/person\/image\/\",\"url\":\"https:\/\/secure.gravatar.com\/avatar\/b67e614b1b25b3e9c0c239efdd2fde5ab015b5affd6f1c3c85911ca4b384e790?s=96&d=mm&r=g\",\"contentUrl\":\"https:\/\/secure.gravatar.com\/avatar\/b67e614b1b25b3e9c0c239efdd2fde5ab015b5affd6f1c3c85911ca4b384e790?s=96&d=mm&r=g\",\"caption\":\"Author\"},\"sameAs\":[\"http:\/\/vof-news.eu\"],\"url\":\"https:\/\/vof-news.eu\/es\/author\/zwt6qxnjulxbnyg\/\"}]}<\/script>\n<!-- \/ Yoast SEO plugin. -->","yoast_head_json":{"title":"El PP reconoce ahora que la regularizaci\u00f3n no \u201cengordar\u00e1\u201d el censo electoral de las pr\u00f3ximas municipales ni generales - vof-news.eu","description":"El PP de Alberto N\u00fa\u00f1ez Feij\u00f3o ha vuelto a acusar al Gobierno de querer manipular las elecciones. Lo hizo antes de las generales de 2023 o, m\u00e1s recientemente, durante las extreme\u00f1as del pasado mes de diciembre. El propio Feij\u00f3o se\u00f1al\u00f3 a Pedro S\u00e1nchez por, supuestamente, usar el INE, Indra y Correos para cambiar votos. Y lo ha reiterado a cuenta de la regularizaci\u00f3n de migrantes sin papeles que ya viven y trabajan en Espa\u00f1a. La oposici\u00f3n ha sostenido que uno de los motivos de la medida es \u201cengordar\u201d el censo para modificar los pr\u00f3ximos comicios. Una afirmaci\u00f3n falsa que ahora han asumido como falsa.","robots":{"index":"noindex","follow":"follow","max-snippet":"max-snippet:-1","max-image-preview":"max-image-preview:large","max-video-preview":"max-video-preview:-1"},"og_locale":"es_ES","og_type":"article","og_title":"El PP reconoce ahora que la regularizaci\u00f3n no \u201cengordar\u00e1\u201d el censo electoral de las pr\u00f3ximas municipales ni generales - vof-news.eu","og_description":"El PP de Alberto N\u00fa\u00f1ez Feij\u00f3o ha vuelto a acusar al Gobierno de querer manipular las elecciones. Lo hizo antes de las generales de 2023 o, m\u00e1s recientemente, durante las extreme\u00f1as del pasado mes de diciembre. El propio Feij\u00f3o se\u00f1al\u00f3 a Pedro S\u00e1nchez por, supuestamente, usar el INE, Indra y Correos para cambiar votos. Y lo ha reiterado a cuenta de la regularizaci\u00f3n de migrantes sin papeles que ya viven y trabajan en Espa\u00f1a. La oposici\u00f3n ha sostenido que uno de los motivos de la medida es \u201cengordar\u201d el censo para modificar los pr\u00f3ximos comicios. Una afirmaci\u00f3n falsa que ahora han asumido como falsa.","og_url":"https:\/\/vof-news.eu\/es\/el-pp-reconoce-ahora-que-la-regularizacion-no-engordara-el-censo-electoral-de-las-proximas-municipales-ni-generales\/","og_site_name":"vof-news.eu","article_published_time":"2026-01-30T12:18:22+00:00","article_modified_time":"2026-01-30T12:19:24+00:00","og_image":[{"width":1200,"height":675,"url":"https:\/\/vof-news.eu\/wp-content\/uploads\/2026\/01\/648eecfd-95d2-4b15-b927-755b094d2f88_16-9-discover-aspect-ratio_default_1135402.jpg","type":"image\/jpeg"}],"author":"Author","twitter_card":"summary_large_image","twitter_misc":{"Escrito por":"Author","Tiempo de lectura":"3 minutos"},"schema":{"@context":"https:\/\/schema.org","@graph":[{"@type":"WebPage","@id":"https:\/\/vof-news.eu\/es\/el-pp-reconoce-ahora-que-la-regularizacion-no-engordara-el-censo-electoral-de-las-proximas-municipales-ni-generales\/","url":"https:\/\/vof-news.eu\/es\/el-pp-reconoce-ahora-que-la-regularizacion-no-engordara-el-censo-electoral-de-las-proximas-municipales-ni-generales\/","name":"El PP reconoce ahora que la regularizaci\u00f3n no \u201cengordar\u00e1\u201d el censo electoral de las pr\u00f3ximas municipales ni generales - vof-news.eu","isPartOf":{"@id":"https:\/\/vof-news.eu\/es\/#website"},"primaryImageOfPage":{"@id":"https:\/\/vof-news.eu\/es\/el-pp-reconoce-ahora-que-la-regularizacion-no-engordara-el-censo-electoral-de-las-proximas-municipales-ni-generales\/#primaryimage"},"image":{"@id":"https:\/\/vof-news.eu\/es\/el-pp-reconoce-ahora-que-la-regularizacion-no-engordara-el-censo-electoral-de-las-proximas-municipales-ni-generales\/#primaryimage"},"thumbnailUrl":"https:\/\/vof-news.eu\/wp-content\/uploads\/2026\/01\/648eecfd-95d2-4b15-b927-755b094d2f88_16-9-discover-aspect-ratio_default_1135402.jpg","datePublished":"2026-01-30T12:18:22+00:00","dateModified":"2026-01-30T12:19:24+00:00","author":{"@id":"https:\/\/vof-news.eu\/es\/#\/schema\/person\/f6a2a4309f0561835797fd8c19b333ed"},"description":"El PP de Alberto N\u00fa\u00f1ez Feij\u00f3o ha vuelto a acusar al Gobierno de querer manipular las elecciones. Lo hizo antes de las generales de 2023 o, m\u00e1s recientemente, durante las extreme\u00f1as del pasado mes de diciembre. El propio Feij\u00f3o se\u00f1al\u00f3 a Pedro S\u00e1nchez por, supuestamente, usar el INE, Indra y Correos para cambiar votos. Y lo ha reiterado a cuenta de la regularizaci\u00f3n de migrantes sin papeles que ya viven y trabajan en Espa\u00f1a. La oposici\u00f3n ha sostenido que uno de los motivos de la medida es \u201cengordar\u201d el censo para modificar los pr\u00f3ximos comicios. Una afirmaci\u00f3n falsa que ahora han asumido como falsa.","breadcrumb":{"@id":"https:\/\/vof-news.eu\/es\/el-pp-reconoce-ahora-que-la-regularizacion-no-engordara-el-censo-electoral-de-las-proximas-municipales-ni-generales\/#breadcrumb"},"inLanguage":"es","potentialAction":[{"@type":"ReadAction","target":["https:\/\/vof-news.eu\/es\/el-pp-reconoce-ahora-que-la-regularizacion-no-engordara-el-censo-electoral-de-las-proximas-municipales-ni-generales\/"]}]},{"@type":"ImageObject","inLanguage":"es","@id":"https:\/\/vof-news.eu\/es\/el-pp-reconoce-ahora-que-la-regularizacion-no-engordara-el-censo-electoral-de-las-proximas-municipales-ni-generales\/#primaryimage","url":"https:\/\/vof-news.eu\/wp-content\/uploads\/2026\/01\/648eecfd-95d2-4b15-b927-755b094d2f88_16-9-discover-aspect-ratio_default_1135402.jpg","contentUrl":"https:\/\/vof-news.eu\/wp-content\/uploads\/2026\/01\/648eecfd-95d2-4b15-b927-755b094d2f88_16-9-discover-aspect-ratio_default_1135402.jpg","width":1200,"height":675},{"@type":"BreadcrumbList","@id":"https:\/\/vof-news.eu\/es\/el-pp-reconoce-ahora-que-la-regularizacion-no-engordara-el-censo-electoral-de-las-proximas-municipales-ni-generales\/#breadcrumb","itemListElement":[{"@type":"ListItem","position":1,"name":"Home","item":"https:\/\/vof-news.eu\/es\/"},{"@type":"ListItem","position":2,"name":"El PP reconoce ahora que la regularizaci\u00f3n no \u201cengordar\u00e1\u201d el censo electoral de las pr\u00f3ximas municipales ni generales"}]},{"@type":"WebSite","@id":"https:\/\/vof-news.eu\/es\/#website","url":"https:\/\/vof-news.eu\/es\/","name":"vof-news.eu","description":"","potentialAction":[{"@type":"SearchAction","target":{"@type":"EntryPoint","urlTemplate":"https:\/\/vof-news.eu\/es\/?s={search_term_string}"},"query-input":"required name=search_term_string"}],"inLanguage":"es"},{"@type":"Person","@id":"https:\/\/vof-news.eu\/es\/#\/schema\/person\/f6a2a4309f0561835797fd8c19b333ed","name":"Author","image":{"@type":"ImageObject","inLanguage":"es","@id":"https:\/\/vof-news.eu\/es\/#\/schema\/person\/image\/","url":"https:\/\/secure.gravatar.com\/avatar\/b67e614b1b25b3e9c0c239efdd2fde5ab015b5affd6f1c3c85911ca4b384e790?s=96&d=mm&r=g","contentUrl":"https:\/\/secure.gravatar.com\/avatar\/b67e614b1b25b3e9c0c239efdd2fde5ab015b5affd6f1c3c85911ca4b384e790?s=96&d=mm&r=g","caption":"Author"},"sameAs":["http:\/\/vof-news.eu"],"url":"https:\/\/vof-news.eu\/es\/author\/zwt6qxnjulxbnyg\/"}]}},"yoast_meta":{"yoast_wpseo_title":"","yoast_wpseo_metadesc":"","yoast_wpseo_canonical":""},"_links":{"self":[{"href":"https:\/\/vof-news.eu\/es\/wp-json\/wp\/v2\/posts\/321901","targetHints":{"allow":["GET"]}}],"collection":[{"href":"https:\/\/vof-news.eu\/es\/wp-json\/wp\/v2\/posts"}],"about":[{"href":"https:\/\/vof-news.eu\/es\/wp-json\/wp\/v2\/types\/post"}],"author":[{"embeddable":true,"href":"https:\/\/vof-news.eu\/es\/wp-json\/wp\/v2\/users\/1"}],"replies":[{"embeddable":true,"href":"https:\/\/vof-news.eu\/es\/wp-json\/wp\/v2\/comments?post=321901"}],"version-history":[{"count":1,"href":"https:\/\/vof-news.eu\/es\/wp-json\/wp\/v2\/posts\/321901\/revisions"}],"predecessor-version":[{"id":321915,"href":"https:\/\/vof-news.eu\/es\/wp-json\/wp\/v2\/posts\/321901\/revisions\/321915"}],"wp:featuredmedia":[{"embeddable":true,"href":"https:\/\/vof-news.eu\/es\/wp-json\/wp\/v2\/media\/321902"}],"wp:attachment":[{"href":"https:\/\/vof-news.eu\/es\/wp-json\/wp\/v2\/media?parent=321901"}],"wp:term":[{"taxonomy":"category","embeddable":true,"href":"https:\/\/vof-news.eu\/es\/wp-json\/wp\/v2\/categories?post=321901"},{"taxonomy":"post_tag","embeddable":true,"href":"https:\/\/vof-news.eu\/es\/wp-json\/wp\/v2\/tags?post=321901"}],"curies":[{"name":"wp","href":"https:\/\/api.w.org\/{rel}","templated":true}]}}