{"id":321808,"date":"2026-01-30T11:18:35","date_gmt":"2026-01-30T08:18:35","guid":{"rendered":"https:\/\/vof-news.eu\/la-economia-espanola-acelero-a-final-de-ano-y-cerro-2025-con-un-crecimiento-del-28\/"},"modified":"2026-01-30T11:19:17","modified_gmt":"2026-01-30T08:19:17","slug":"la-economia-espanola-acelero-a-final-de-ano-y-cerro-2025-con-un-crecimiento-del-28","status":"publish","type":"post","link":"https:\/\/vof-news.eu\/es\/la-economia-espanola-acelero-a-final-de-ano-y-cerro-2025-con-un-crecimiento-del-28\/","title":{"rendered":"La econom\u00eda espa\u00f1ola aceler\u00f3 a final de a\u00f1o y cerr\u00f3 2025 con un crecimiento del 2,8%"},"content":{"rendered":"<div>\n<p>\n        La econom\u00eda espa\u00f1ola dio un importante aceler\u00f3n a finales de 2025. El <a href=\"https:\/\/www.eldiario.es\/temas\/pib\/\" rel=\"nofollow\">producto interior bruto (PIB)<\/a> creci\u00f3 un 0,8% entre octubre y diciembre en t\u00e9rminos intertrimestrales, la mayor tasa de todo el a\u00f1o, con lo que Espa\u00f1a cerr\u00f3 el ejercicio con un avance del 2,8% y deja un importante &#8216;efecto arrastre&#8217; para el arranque de 2026.\n    <\/p>\n<p>\n        El motor del crecimiento en este a\u00f1o de incertidumbre internacional fue la demanda interna de la econom\u00eda y, sobre todo, el consumo de los hogares, espoleado por la fortaleza del mercado laboral, de acuerdo con los \u00faltimos datos de la Contabilidad Nacional Trimestral que ha publicado este viernes el INE. La <a href=\"https:\/\/www.eldiario.es\/economia\/espana-logra-rebajar-tasa-paro-debajo-10-primera-vez-18-anos_1_12938230.html\" rel=\"nofollow\">creaci\u00f3n r\u00e9cord de empleo<\/a> y las ganancias de poder adquisitivo, con una inflaci\u00f3n a la baja (<a href=\"https:\/\/www.eldiario.es\/economia\/inflacion-modera-inicio-2026-2-4-energia_1_12948767.html\" rel=\"nofollow\">el INE ha publicado tambi\u00e9n el primer dato de inflaci\u00f3n de enero<\/a>), hicieron que el gasto de las familias acelerase un 3,4% durante el ejercicio.\n    <\/p>\n<p>\n        Tras varios a\u00f1os de aton\u00eda, la inversi\u00f3n tambi\u00e9n despunt\u00f3 en 2025 y se dispar\u00f3 un 6,3%, alimentada por el crecimiento en la construcci\u00f3n (5,2%) y en los bienes de equipo (9%). Incluso la productividad, medida por hora trabajada, aument\u00f3 un 0,7%, rompiendo con las tendencias previas en las que un a\u00f1o de creaci\u00f3n r\u00e9cord de empleo supon\u00eda p\u00e9rdidas en la eficiencia del trabajo.\n    <\/p>\n<p>\n        En una valoraci\u00f3n remitida a los medios de comunicaci\u00f3n, el ministro de Econom\u00eda, Carlos Cuerpo, ha celebrado el crecimiento \u201cs\u00f3lido\u201d, basado en el consumo y la inversi\u00f3n, que experiment\u00f3 la econom\u00eda en 2025. \u201cCerramos el a\u00f1o en un 2,8%, liderando entre las econom\u00edas avanzadas y, adem\u00e1s, teniendo un crecimiento en torno al doble del conjunto de la zona euro\u201d, ha subrayado.\n    <\/p>\n<p>\n        El crecimiento de la segunda mitad del a\u00f1o es menos determinante para el avance del PIB total del ejercicio. Es por eso que, a pesar del aceler\u00f3n, <a href=\"https:\/\/www.eldiario.es\/economia\/espana-busca-batir-previsiones-crecimiento-2026-liderar-grandes-economias-tercer-ano_1_12879125.html\" rel=\"nofollow\">Espa\u00f1a se ha quedado ligeramente corta<\/a>, ya que hab\u00eda un consenso generalizado entre los analistas que la econom\u00eda avanzar\u00eda un 2,9%. Sin embargo, s\u00ed genera un \u201cefecto arrastre\u201d positivo para el arranque de 2026. \u201cEste fuerte crecimiento de la actividad econ\u00f3mica en 2025 genera una inercia que afianza unas buenas perspectivas tambi\u00e9n para este a\u00f1o, con un punto de partida de avance del PIB del 1,1%. En 2026, nuestro pa\u00eds volver\u00e1 a liderar a los principales socios europeos, seg\u00fan las \u00faltimas previsiones del FMI, de hace apenas un par de semanas\u201d, se\u00f1alan fuentes del Ministerio de Econom\u00eda.\n    <\/p>\n<p>\n        (Estamos ampliando esta informaci\u00f3n)\n    <\/p>\n<\/div>\n","protected":false},"excerpt":{"rendered":"<p>La econom\u00eda espa\u00f1ola dio un importante aceler\u00f3n a finales de 2025. El producto interior bruto (PIB) creci\u00f3 un 0,8% entre octubre y diciembre en t\u00e9rminos intertrimestrales, la mayor tasa de todo el a\u00f1o, con lo que Espa\u00f1a cerr\u00f3 el ejercicio con un avance del 2,8% y deja un importante &#8216;efecto arrastre&#8217; para el arranque de<\/p>\n","protected":false},"author":1,"featured_media":321809,"comment_status":"open","ping_status":"open","sticky":false,"template":"","format":"standard","meta":{"footnotes":""},"categories":[61],"tags":[],"class_list":["post-321808","post","type-post","status-publish","format-standard","has-post-thumbnail","hentry","category-business-es"],"acf":[],"yoast_head":"<!-- This site is optimized with the Yoast SEO plugin v22.9 - https:\/\/yoast.com\/wordpress\/plugins\/seo\/ -->\n<title>La econom\u00eda espa\u00f1ola aceler\u00f3 a final de a\u00f1o y cerr\u00f3 2025 con un crecimiento del 2,8% - vof-news.eu<\/title>\n<meta name=\"description\" content=\"La econom\u00eda espa\u00f1ola dio un importante aceler\u00f3n a finales de 2025. El producto interior bruto (PIB) creci\u00f3 un 0,8% entre octubre y diciembre en t\u00e9rminos intertrimestrales, la mayor tasa de todo el a\u00f1o, con lo que Espa\u00f1a cerr\u00f3 el ejercicio con un avance del 2,8% y deja un importante &#039;efecto arrastre&#039; para el arranque de 2026.\" \/>\n<meta name=\"robots\" content=\"noindex, follow, max-snippet:-1, max-image-preview:large, max-video-preview:-1\" \/>\n<meta property=\"og:locale\" content=\"es_ES\" \/>\n<meta property=\"og:type\" content=\"article\" \/>\n<meta property=\"og:title\" content=\"La econom\u00eda espa\u00f1ola aceler\u00f3 a final de a\u00f1o y cerr\u00f3 2025 con un crecimiento del 2,8% - vof-news.eu\" \/>\n<meta property=\"og:description\" content=\"La econom\u00eda espa\u00f1ola dio un importante aceler\u00f3n a finales de 2025. El producto interior bruto (PIB) creci\u00f3 un 0,8% entre octubre y diciembre en t\u00e9rminos intertrimestrales, la mayor tasa de todo el a\u00f1o, con lo que Espa\u00f1a cerr\u00f3 el ejercicio con un avance del 2,8% y deja un importante &#039;efecto arrastre&#039; para el arranque de 2026.\" \/>\n<meta property=\"og:url\" content=\"https:\/\/vof-news.eu\/es\/la-economia-espanola-acelero-a-final-de-ano-y-cerro-2025-con-un-crecimiento-del-28\/\" \/>\n<meta property=\"og:site_name\" content=\"vof-news.eu\" \/>\n<meta property=\"article:published_time\" content=\"2026-01-30T08:18:35+00:00\" \/>\n<meta property=\"article:modified_time\" content=\"2026-01-30T08:19:17+00:00\" \/>\n<meta property=\"og:image\" content=\"https:\/\/vof-news.eu\/wp-content\/uploads\/2026\/01\/5edea85b-358a-46cb-a510-6894fc7aa060_16-9-discover-aspect-ratio_default_0.jpg\" \/>\n\t<meta property=\"og:image:width\" content=\"1200\" \/>\n\t<meta property=\"og:image:height\" content=\"675\" \/>\n\t<meta property=\"og:image:type\" content=\"image\/jpeg\" \/>\n<meta name=\"author\" content=\"Author\" \/>\n<meta name=\"twitter:card\" content=\"summary_large_image\" \/>\n<meta name=\"twitter:label1\" content=\"Escrito por\" \/>\n\t<meta name=\"twitter:data1\" content=\"Author\" \/>\n\t<meta name=\"twitter:label2\" content=\"Tiempo de lectura\" \/>\n\t<meta name=\"twitter:data2\" content=\"2 minutos\" \/>\n<script type=\"application\/ld+json\" class=\"yoast-schema-graph\">{\"@context\":\"https:\/\/schema.org\",\"@graph\":[{\"@type\":\"WebPage\",\"@id\":\"https:\/\/vof-news.eu\/es\/la-economia-espanola-acelero-a-final-de-ano-y-cerro-2025-con-un-crecimiento-del-28\/\",\"url\":\"https:\/\/vof-news.eu\/es\/la-economia-espanola-acelero-a-final-de-ano-y-cerro-2025-con-un-crecimiento-del-28\/\",\"name\":\"La econom\u00eda espa\u00f1ola aceler\u00f3 a final de a\u00f1o y cerr\u00f3 2025 con un crecimiento del 2,8% - vof-news.eu\",\"isPartOf\":{\"@id\":\"https:\/\/vof-news.eu\/es\/#website\"},\"primaryImageOfPage\":{\"@id\":\"https:\/\/vof-news.eu\/es\/la-economia-espanola-acelero-a-final-de-ano-y-cerro-2025-con-un-crecimiento-del-28\/#primaryimage\"},\"image\":{\"@id\":\"https:\/\/vof-news.eu\/es\/la-economia-espanola-acelero-a-final-de-ano-y-cerro-2025-con-un-crecimiento-del-28\/#primaryimage\"},\"thumbnailUrl\":\"https:\/\/vof-news.eu\/wp-content\/uploads\/2026\/01\/5edea85b-358a-46cb-a510-6894fc7aa060_16-9-discover-aspect-ratio_default_0.jpg\",\"datePublished\":\"2026-01-30T08:18:35+00:00\",\"dateModified\":\"2026-01-30T08:19:17+00:00\",\"author\":{\"@id\":\"https:\/\/vof-news.eu\/es\/#\/schema\/person\/f6a2a4309f0561835797fd8c19b333ed\"},\"description\":\"La econom\u00eda espa\u00f1ola dio un importante aceler\u00f3n a finales de 2025. El producto interior bruto (PIB) creci\u00f3 un 0,8% entre octubre y diciembre en t\u00e9rminos intertrimestrales, la mayor tasa de todo el a\u00f1o, con lo que Espa\u00f1a cerr\u00f3 el ejercicio con un avance del 2,8% y deja un importante 'efecto arrastre' para el arranque de 2026.\",\"breadcrumb\":{\"@id\":\"https:\/\/vof-news.eu\/es\/la-economia-espanola-acelero-a-final-de-ano-y-cerro-2025-con-un-crecimiento-del-28\/#breadcrumb\"},\"inLanguage\":\"es\",\"potentialAction\":[{\"@type\":\"ReadAction\",\"target\":[\"https:\/\/vof-news.eu\/es\/la-economia-espanola-acelero-a-final-de-ano-y-cerro-2025-con-un-crecimiento-del-28\/\"]}]},{\"@type\":\"ImageObject\",\"inLanguage\":\"es\",\"@id\":\"https:\/\/vof-news.eu\/es\/la-economia-espanola-acelero-a-final-de-ano-y-cerro-2025-con-un-crecimiento-del-28\/#primaryimage\",\"url\":\"https:\/\/vof-news.eu\/wp-content\/uploads\/2026\/01\/5edea85b-358a-46cb-a510-6894fc7aa060_16-9-discover-aspect-ratio_default_0.jpg\",\"contentUrl\":\"https:\/\/vof-news.eu\/wp-content\/uploads\/2026\/01\/5edea85b-358a-46cb-a510-6894fc7aa060_16-9-discover-aspect-ratio_default_0.jpg\",\"width\":1200,\"height\":675},{\"@type\":\"BreadcrumbList\",\"@id\":\"https:\/\/vof-news.eu\/es\/la-economia-espanola-acelero-a-final-de-ano-y-cerro-2025-con-un-crecimiento-del-28\/#breadcrumb\",\"itemListElement\":[{\"@type\":\"ListItem\",\"position\":1,\"name\":\"Home\",\"item\":\"https:\/\/vof-news.eu\/es\/\"},{\"@type\":\"ListItem\",\"position\":2,\"name\":\"La econom\u00eda espa\u00f1ola aceler\u00f3 a final de a\u00f1o y cerr\u00f3 2025 con un crecimiento del 2,8%\"}]},{\"@type\":\"WebSite\",\"@id\":\"https:\/\/vof-news.eu\/es\/#website\",\"url\":\"https:\/\/vof-news.eu\/es\/\",\"name\":\"vof-news.eu\",\"description\":\"\",\"potentialAction\":[{\"@type\":\"SearchAction\",\"target\":{\"@type\":\"EntryPoint\",\"urlTemplate\":\"https:\/\/vof-news.eu\/es\/?s={search_term_string}\"},\"query-input\":\"required name=search_term_string\"}],\"inLanguage\":\"es\"},{\"@type\":\"Person\",\"@id\":\"https:\/\/vof-news.eu\/es\/#\/schema\/person\/f6a2a4309f0561835797fd8c19b333ed\",\"name\":\"Author\",\"image\":{\"@type\":\"ImageObject\",\"inLanguage\":\"es\",\"@id\":\"https:\/\/vof-news.eu\/es\/#\/schema\/person\/image\/\",\"url\":\"https:\/\/secure.gravatar.com\/avatar\/b67e614b1b25b3e9c0c239efdd2fde5ab015b5affd6f1c3c85911ca4b384e790?s=96&d=mm&r=g\",\"contentUrl\":\"https:\/\/secure.gravatar.com\/avatar\/b67e614b1b25b3e9c0c239efdd2fde5ab015b5affd6f1c3c85911ca4b384e790?s=96&d=mm&r=g\",\"caption\":\"Author\"},\"sameAs\":[\"http:\/\/vof-news.eu\"],\"url\":\"https:\/\/vof-news.eu\/es\/author\/zwt6qxnjulxbnyg\/\"}]}<\/script>\n<!-- \/ Yoast SEO plugin. -->","yoast_head_json":{"title":"La econom\u00eda espa\u00f1ola aceler\u00f3 a final de a\u00f1o y cerr\u00f3 2025 con un crecimiento del 2,8% - vof-news.eu","description":"La econom\u00eda espa\u00f1ola dio un importante aceler\u00f3n a finales de 2025. El producto interior bruto (PIB) creci\u00f3 un 0,8% entre octubre y diciembre en t\u00e9rminos intertrimestrales, la mayor tasa de todo el a\u00f1o, con lo que Espa\u00f1a cerr\u00f3 el ejercicio con un avance del 2,8% y deja un importante 'efecto arrastre' para el arranque de 2026.","robots":{"index":"noindex","follow":"follow","max-snippet":"max-snippet:-1","max-image-preview":"max-image-preview:large","max-video-preview":"max-video-preview:-1"},"og_locale":"es_ES","og_type":"article","og_title":"La econom\u00eda espa\u00f1ola aceler\u00f3 a final de a\u00f1o y cerr\u00f3 2025 con un crecimiento del 2,8% - vof-news.eu","og_description":"La econom\u00eda espa\u00f1ola dio un importante aceler\u00f3n a finales de 2025. El producto interior bruto (PIB) creci\u00f3 un 0,8% entre octubre y diciembre en t\u00e9rminos intertrimestrales, la mayor tasa de todo el a\u00f1o, con lo que Espa\u00f1a cerr\u00f3 el ejercicio con un avance del 2,8% y deja un importante 'efecto arrastre' para el arranque de 2026.","og_url":"https:\/\/vof-news.eu\/es\/la-economia-espanola-acelero-a-final-de-ano-y-cerro-2025-con-un-crecimiento-del-28\/","og_site_name":"vof-news.eu","article_published_time":"2026-01-30T08:18:35+00:00","article_modified_time":"2026-01-30T08:19:17+00:00","og_image":[{"width":1200,"height":675,"url":"https:\/\/vof-news.eu\/wp-content\/uploads\/2026\/01\/5edea85b-358a-46cb-a510-6894fc7aa060_16-9-discover-aspect-ratio_default_0.jpg","type":"image\/jpeg"}],"author":"Author","twitter_card":"summary_large_image","twitter_misc":{"Escrito por":"Author","Tiempo de lectura":"2 minutos"},"schema":{"@context":"https:\/\/schema.org","@graph":[{"@type":"WebPage","@id":"https:\/\/vof-news.eu\/es\/la-economia-espanola-acelero-a-final-de-ano-y-cerro-2025-con-un-crecimiento-del-28\/","url":"https:\/\/vof-news.eu\/es\/la-economia-espanola-acelero-a-final-de-ano-y-cerro-2025-con-un-crecimiento-del-28\/","name":"La econom\u00eda espa\u00f1ola aceler\u00f3 a final de a\u00f1o y cerr\u00f3 2025 con un crecimiento del 2,8% - vof-news.eu","isPartOf":{"@id":"https:\/\/vof-news.eu\/es\/#website"},"primaryImageOfPage":{"@id":"https:\/\/vof-news.eu\/es\/la-economia-espanola-acelero-a-final-de-ano-y-cerro-2025-con-un-crecimiento-del-28\/#primaryimage"},"image":{"@id":"https:\/\/vof-news.eu\/es\/la-economia-espanola-acelero-a-final-de-ano-y-cerro-2025-con-un-crecimiento-del-28\/#primaryimage"},"thumbnailUrl":"https:\/\/vof-news.eu\/wp-content\/uploads\/2026\/01\/5edea85b-358a-46cb-a510-6894fc7aa060_16-9-discover-aspect-ratio_default_0.jpg","datePublished":"2026-01-30T08:18:35+00:00","dateModified":"2026-01-30T08:19:17+00:00","author":{"@id":"https:\/\/vof-news.eu\/es\/#\/schema\/person\/f6a2a4309f0561835797fd8c19b333ed"},"description":"La econom\u00eda espa\u00f1ola dio un importante aceler\u00f3n a finales de 2025. El producto interior bruto (PIB) creci\u00f3 un 0,8% entre octubre y diciembre en t\u00e9rminos intertrimestrales, la mayor tasa de todo el a\u00f1o, con lo que Espa\u00f1a cerr\u00f3 el ejercicio con un avance del 2,8% y deja un importante 'efecto arrastre' para el arranque de 2026.","breadcrumb":{"@id":"https:\/\/vof-news.eu\/es\/la-economia-espanola-acelero-a-final-de-ano-y-cerro-2025-con-un-crecimiento-del-28\/#breadcrumb"},"inLanguage":"es","potentialAction":[{"@type":"ReadAction","target":["https:\/\/vof-news.eu\/es\/la-economia-espanola-acelero-a-final-de-ano-y-cerro-2025-con-un-crecimiento-del-28\/"]}]},{"@type":"ImageObject","inLanguage":"es","@id":"https:\/\/vof-news.eu\/es\/la-economia-espanola-acelero-a-final-de-ano-y-cerro-2025-con-un-crecimiento-del-28\/#primaryimage","url":"https:\/\/vof-news.eu\/wp-content\/uploads\/2026\/01\/5edea85b-358a-46cb-a510-6894fc7aa060_16-9-discover-aspect-ratio_default_0.jpg","contentUrl":"https:\/\/vof-news.eu\/wp-content\/uploads\/2026\/01\/5edea85b-358a-46cb-a510-6894fc7aa060_16-9-discover-aspect-ratio_default_0.jpg","width":1200,"height":675},{"@type":"BreadcrumbList","@id":"https:\/\/vof-news.eu\/es\/la-economia-espanola-acelero-a-final-de-ano-y-cerro-2025-con-un-crecimiento-del-28\/#breadcrumb","itemListElement":[{"@type":"ListItem","position":1,"name":"Home","item":"https:\/\/vof-news.eu\/es\/"},{"@type":"ListItem","position":2,"name":"La econom\u00eda espa\u00f1ola aceler\u00f3 a final de a\u00f1o y cerr\u00f3 2025 con un crecimiento del 2,8%"}]},{"@type":"WebSite","@id":"https:\/\/vof-news.eu\/es\/#website","url":"https:\/\/vof-news.eu\/es\/","name":"vof-news.eu","description":"","potentialAction":[{"@type":"SearchAction","target":{"@type":"EntryPoint","urlTemplate":"https:\/\/vof-news.eu\/es\/?s={search_term_string}"},"query-input":"required name=search_term_string"}],"inLanguage":"es"},{"@type":"Person","@id":"https:\/\/vof-news.eu\/es\/#\/schema\/person\/f6a2a4309f0561835797fd8c19b333ed","name":"Author","image":{"@type":"ImageObject","inLanguage":"es","@id":"https:\/\/vof-news.eu\/es\/#\/schema\/person\/image\/","url":"https:\/\/secure.gravatar.com\/avatar\/b67e614b1b25b3e9c0c239efdd2fde5ab015b5affd6f1c3c85911ca4b384e790?s=96&d=mm&r=g","contentUrl":"https:\/\/secure.gravatar.com\/avatar\/b67e614b1b25b3e9c0c239efdd2fde5ab015b5affd6f1c3c85911ca4b384e790?s=96&d=mm&r=g","caption":"Author"},"sameAs":["http:\/\/vof-news.eu"],"url":"https:\/\/vof-news.eu\/es\/author\/zwt6qxnjulxbnyg\/"}]}},"yoast_meta":{"yoast_wpseo_title":"","yoast_wpseo_metadesc":"","yoast_wpseo_canonical":""},"_links":{"self":[{"href":"https:\/\/vof-news.eu\/es\/wp-json\/wp\/v2\/posts\/321808","targetHints":{"allow":["GET"]}}],"collection":[{"href":"https:\/\/vof-news.eu\/es\/wp-json\/wp\/v2\/posts"}],"about":[{"href":"https:\/\/vof-news.eu\/es\/wp-json\/wp\/v2\/types\/post"}],"author":[{"embeddable":true,"href":"https:\/\/vof-news.eu\/es\/wp-json\/wp\/v2\/users\/1"}],"replies":[{"embeddable":true,"href":"https:\/\/vof-news.eu\/es\/wp-json\/wp\/v2\/comments?post=321808"}],"version-history":[{"count":1,"href":"https:\/\/vof-news.eu\/es\/wp-json\/wp\/v2\/posts\/321808\/revisions"}],"predecessor-version":[{"id":321816,"href":"https:\/\/vof-news.eu\/es\/wp-json\/wp\/v2\/posts\/321808\/revisions\/321816"}],"wp:featuredmedia":[{"embeddable":true,"href":"https:\/\/vof-news.eu\/es\/wp-json\/wp\/v2\/media\/321809"}],"wp:attachment":[{"href":"https:\/\/vof-news.eu\/es\/wp-json\/wp\/v2\/media?parent=321808"}],"wp:term":[{"taxonomy":"category","embeddable":true,"href":"https:\/\/vof-news.eu\/es\/wp-json\/wp\/v2\/categories?post=321808"},{"taxonomy":"post_tag","embeddable":true,"href":"https:\/\/vof-news.eu\/es\/wp-json\/wp\/v2\/tags?post=321808"}],"curies":[{"name":"wp","href":"https:\/\/api.w.org\/{rel}","templated":true}]}}