{"id":321800,"date":"2026-01-30T11:17:21","date_gmt":"2026-01-30T08:17:21","guid":{"rendered":"https:\/\/vof-news.eu\/la-inflacion-se-modera-en-el-inicio-de-2026-al-24-por-la-energia\/"},"modified":"2026-01-30T11:17:57","modified_gmt":"2026-01-30T08:17:57","slug":"la-inflacion-se-modera-en-el-inicio-de-2026-al-24-por-la-energia","status":"publish","type":"post","link":"https:\/\/vof-news.eu\/es\/la-inflacion-se-modera-en-el-inicio-de-2026-al-24-por-la-energia\/","title":{"rendered":"La inflaci\u00f3n se modera en el inicio de 2026 al 2,4% por la energ\u00eda"},"content":{"rendered":"<div>\n<p>\n        2026 comienza con una importante moderaci\u00f3n de la inflaci\u00f3n. El avance de los precios se situ\u00f3 en enero en el 2,4%, respecto al mismo mes de hace un a\u00f1o,\u00a0seg\u00fan el dato del \u00cdndice de Precios de Consumo (IPC) adelantado que ha publicado este viernes el Instituto Nacional de Estad\u00edstica (INE). Se trata de <a href=\"https:\/\/www.eldiario.es\/economia\/ipc-cerro-2-9-diciembre-precio-alimentos-acelero-mayor-ritmo-verano-2024_1_12908608.html\" rel=\"nofollow\">cinco d\u00e9cimas por debajo del mes de diciembre (2,9%)<\/a>, el mayor descenso desde marzo del a\u00f1o pasado, debido a la energ\u00eda.\n    <\/p>\n<p>\n        As\u00ed, el IPC interanual se sit\u00faa en su menor nivel desde el pasado mes de junio, debido a la bajada de los precios de los carburantes para veh\u00edculos personales y a la evoluci\u00f3n de los precios de la electricidad, seg\u00fan la informaci\u00f3n avanzada por Estad\u00edstica.\n    <\/p>\n<p>\n        \u201cLa inflaci\u00f3n sigue moder\u00e1ndose en l\u00ednea con el objetivo del BCE de que se mantenga estable cerca del 2% y permite a las familias seguir ganando poder adquisitivo\u201d, ha destacado el Ministerio de Econom\u00eda, que lidera Carlos Cuerpo.\n    <\/p>\n<p>\n        Este viernes, Estad\u00edstica tambi\u00e9n ha publicado el dato del crecimiento del Producto Interior Bruto (PIB) de cierre de 2025. <a href=\"https:\/\/www.eldiario.es\/economia\/economia-espanola-acelero-final-ano-cerro-2025-crecimiento-2-8_1_12948765.html\" rel=\"nofollow\">La econom\u00eda espa\u00f1ola aceler\u00f3 a finales de a\u00f1o y cerr\u00f3 con un crecimiento del 2,8%<\/a>.\n    <\/p>\n<h2>La inflaci\u00f3n subyancente se mantiene en el 2,6%<\/h2>\n<p>\n        La inflaci\u00f3n subyacente, que excluye de su c\u00e1lculo la energ\u00eda y los alimentos no elaborados, permanece plana en enero, en el 2,6%, por tercer mes consecutivo.\n    <\/p>\n<p>\n        La publicaci\u00f3n del INE de este viernes solo recoge los datos adelantados m\u00e1s generales del \u00cdndice de Precios de Consumo (IPC). Todos los detalles de evoluci\u00f3n por componentes y la cifra definitiva de inflaci\u00f3n se publicar\u00e1 el pr\u00f3ximo 13 de febrero.\n    <\/p>\n<p>\n        __\n    <\/p>\n<p>\n        Informaci\u00f3n en ampliaci\u00f3n.\n    <\/p>\n<\/div>\n","protected":false},"excerpt":{"rendered":"<p>2026 comienza con una importante moderaci\u00f3n de la inflaci\u00f3n. El avance de los precios se situ\u00f3 en enero en el 2,4%, respecto al mismo mes de hace un a\u00f1o,\u00a0seg\u00fan el dato del \u00cdndice de Precios de Consumo (IPC) adelantado que ha publicado este viernes el Instituto Nacional de Estad\u00edstica (INE). Se trata de cinco d\u00e9cimas<\/p>\n","protected":false},"author":1,"featured_media":321801,"comment_status":"open","ping_status":"open","sticky":false,"template":"","format":"standard","meta":{"footnotes":""},"categories":[61],"tags":[],"class_list":["post-321800","post","type-post","status-publish","format-standard","has-post-thumbnail","hentry","category-business-es"],"acf":[],"yoast_head":"<!-- This site is optimized with the Yoast SEO plugin v22.9 - https:\/\/yoast.com\/wordpress\/plugins\/seo\/ -->\n<title>La inflaci\u00f3n se modera en el inicio de 2026 al 2,4% por la energ\u00eda - vof-news.eu<\/title>\n<meta name=\"description\" content=\"2026 comienza con una importante moderaci\u00f3n de la inflaci\u00f3n. El avance de los precios se situ\u00f3 en enero en el 2,4%, respecto al mismo mes de hace un a\u00f1o,\u00a0seg\u00fan el dato del \u00cdndice de Precios de Consumo (IPC) adelantado que ha publicado este viernes el Instituto Nacional de Estad\u00edstica (INE). Se trata de cinco d\u00e9cimas por debajo del mes de diciembre (2,9%), el mayor descenso desde marzo del a\u00f1o pasado, debido a la energ\u00eda.\" \/>\n<meta name=\"robots\" content=\"noindex, follow, max-snippet:-1, max-image-preview:large, max-video-preview:-1\" \/>\n<meta property=\"og:locale\" content=\"es_ES\" \/>\n<meta property=\"og:type\" content=\"article\" \/>\n<meta property=\"og:title\" content=\"La inflaci\u00f3n se modera en el inicio de 2026 al 2,4% por la energ\u00eda - vof-news.eu\" \/>\n<meta property=\"og:description\" content=\"2026 comienza con una importante moderaci\u00f3n de la inflaci\u00f3n. El avance de los precios se situ\u00f3 en enero en el 2,4%, respecto al mismo mes de hace un a\u00f1o,\u00a0seg\u00fan el dato del \u00cdndice de Precios de Consumo (IPC) adelantado que ha publicado este viernes el Instituto Nacional de Estad\u00edstica (INE). Se trata de cinco d\u00e9cimas por debajo del mes de diciembre (2,9%), el mayor descenso desde marzo del a\u00f1o pasado, debido a la energ\u00eda.\" \/>\n<meta property=\"og:url\" content=\"https:\/\/vof-news.eu\/es\/la-inflacion-se-modera-en-el-inicio-de-2026-al-24-por-la-energia\/\" \/>\n<meta property=\"og:site_name\" content=\"vof-news.eu\" \/>\n<meta property=\"article:published_time\" content=\"2026-01-30T08:17:21+00:00\" \/>\n<meta property=\"article:modified_time\" content=\"2026-01-30T08:17:57+00:00\" \/>\n<meta property=\"og:image\" content=\"https:\/\/vof-news.eu\/wp-content\/uploads\/2026\/01\/38e35e2e-1308-4fbe-b937-7b9d821534a8_16-9-discover-aspect-ratio_default_0.jpg\" \/>\n\t<meta property=\"og:image:width\" content=\"1200\" \/>\n\t<meta property=\"og:image:height\" content=\"675\" \/>\n\t<meta property=\"og:image:type\" content=\"image\/jpeg\" \/>\n<meta name=\"author\" content=\"Author\" \/>\n<meta name=\"twitter:card\" content=\"summary_large_image\" \/>\n<meta name=\"twitter:label1\" content=\"Escrito por\" \/>\n\t<meta name=\"twitter:data1\" content=\"Author\" \/>\n\t<meta name=\"twitter:label2\" content=\"Tiempo de lectura\" \/>\n\t<meta name=\"twitter:data2\" content=\"1 minuto\" \/>\n<script type=\"application\/ld+json\" class=\"yoast-schema-graph\">{\"@context\":\"https:\/\/schema.org\",\"@graph\":[{\"@type\":\"WebPage\",\"@id\":\"https:\/\/vof-news.eu\/es\/la-inflacion-se-modera-en-el-inicio-de-2026-al-24-por-la-energia\/\",\"url\":\"https:\/\/vof-news.eu\/es\/la-inflacion-se-modera-en-el-inicio-de-2026-al-24-por-la-energia\/\",\"name\":\"La inflaci\u00f3n se modera en el inicio de 2026 al 2,4% por la energ\u00eda - vof-news.eu\",\"isPartOf\":{\"@id\":\"https:\/\/vof-news.eu\/es\/#website\"},\"primaryImageOfPage\":{\"@id\":\"https:\/\/vof-news.eu\/es\/la-inflacion-se-modera-en-el-inicio-de-2026-al-24-por-la-energia\/#primaryimage\"},\"image\":{\"@id\":\"https:\/\/vof-news.eu\/es\/la-inflacion-se-modera-en-el-inicio-de-2026-al-24-por-la-energia\/#primaryimage\"},\"thumbnailUrl\":\"https:\/\/vof-news.eu\/wp-content\/uploads\/2026\/01\/38e35e2e-1308-4fbe-b937-7b9d821534a8_16-9-discover-aspect-ratio_default_0.jpg\",\"datePublished\":\"2026-01-30T08:17:21+00:00\",\"dateModified\":\"2026-01-30T08:17:57+00:00\",\"author\":{\"@id\":\"https:\/\/vof-news.eu\/es\/#\/schema\/person\/f6a2a4309f0561835797fd8c19b333ed\"},\"description\":\"2026 comienza con una importante moderaci\u00f3n de la inflaci\u00f3n. El avance de los precios se situ\u00f3 en enero en el 2,4%, respecto al mismo mes de hace un a\u00f1o,\u00a0seg\u00fan el dato del \u00cdndice de Precios de Consumo (IPC) adelantado que ha publicado este viernes el Instituto Nacional de Estad\u00edstica (INE). Se trata de cinco d\u00e9cimas por debajo del mes de diciembre (2,9%), el mayor descenso desde marzo del a\u00f1o pasado, debido a la energ\u00eda.\",\"breadcrumb\":{\"@id\":\"https:\/\/vof-news.eu\/es\/la-inflacion-se-modera-en-el-inicio-de-2026-al-24-por-la-energia\/#breadcrumb\"},\"inLanguage\":\"es\",\"potentialAction\":[{\"@type\":\"ReadAction\",\"target\":[\"https:\/\/vof-news.eu\/es\/la-inflacion-se-modera-en-el-inicio-de-2026-al-24-por-la-energia\/\"]}]},{\"@type\":\"ImageObject\",\"inLanguage\":\"es\",\"@id\":\"https:\/\/vof-news.eu\/es\/la-inflacion-se-modera-en-el-inicio-de-2026-al-24-por-la-energia\/#primaryimage\",\"url\":\"https:\/\/vof-news.eu\/wp-content\/uploads\/2026\/01\/38e35e2e-1308-4fbe-b937-7b9d821534a8_16-9-discover-aspect-ratio_default_0.jpg\",\"contentUrl\":\"https:\/\/vof-news.eu\/wp-content\/uploads\/2026\/01\/38e35e2e-1308-4fbe-b937-7b9d821534a8_16-9-discover-aspect-ratio_default_0.jpg\",\"width\":1200,\"height\":675},{\"@type\":\"BreadcrumbList\",\"@id\":\"https:\/\/vof-news.eu\/es\/la-inflacion-se-modera-en-el-inicio-de-2026-al-24-por-la-energia\/#breadcrumb\",\"itemListElement\":[{\"@type\":\"ListItem\",\"position\":1,\"name\":\"Home\",\"item\":\"https:\/\/vof-news.eu\/es\/\"},{\"@type\":\"ListItem\",\"position\":2,\"name\":\"La inflaci\u00f3n se modera en el inicio de 2026 al 2,4% por la energ\u00eda\"}]},{\"@type\":\"WebSite\",\"@id\":\"https:\/\/vof-news.eu\/es\/#website\",\"url\":\"https:\/\/vof-news.eu\/es\/\",\"name\":\"vof-news.eu\",\"description\":\"\",\"potentialAction\":[{\"@type\":\"SearchAction\",\"target\":{\"@type\":\"EntryPoint\",\"urlTemplate\":\"https:\/\/vof-news.eu\/es\/?s={search_term_string}\"},\"query-input\":\"required name=search_term_string\"}],\"inLanguage\":\"es\"},{\"@type\":\"Person\",\"@id\":\"https:\/\/vof-news.eu\/es\/#\/schema\/person\/f6a2a4309f0561835797fd8c19b333ed\",\"name\":\"Author\",\"image\":{\"@type\":\"ImageObject\",\"inLanguage\":\"es\",\"@id\":\"https:\/\/vof-news.eu\/es\/#\/schema\/person\/image\/\",\"url\":\"https:\/\/secure.gravatar.com\/avatar\/b67e614b1b25b3e9c0c239efdd2fde5ab015b5affd6f1c3c85911ca4b384e790?s=96&d=mm&r=g\",\"contentUrl\":\"https:\/\/secure.gravatar.com\/avatar\/b67e614b1b25b3e9c0c239efdd2fde5ab015b5affd6f1c3c85911ca4b384e790?s=96&d=mm&r=g\",\"caption\":\"Author\"},\"sameAs\":[\"http:\/\/vof-news.eu\"],\"url\":\"https:\/\/vof-news.eu\/es\/author\/zwt6qxnjulxbnyg\/\"}]}<\/script>\n<!-- \/ Yoast SEO plugin. -->","yoast_head_json":{"title":"La inflaci\u00f3n se modera en el inicio de 2026 al 2,4% por la energ\u00eda - vof-news.eu","description":"2026 comienza con una importante moderaci\u00f3n de la inflaci\u00f3n. El avance de los precios se situ\u00f3 en enero en el 2,4%, respecto al mismo mes de hace un a\u00f1o,\u00a0seg\u00fan el dato del \u00cdndice de Precios de Consumo (IPC) adelantado que ha publicado este viernes el Instituto Nacional de Estad\u00edstica (INE). Se trata de cinco d\u00e9cimas por debajo del mes de diciembre (2,9%), el mayor descenso desde marzo del a\u00f1o pasado, debido a la energ\u00eda.","robots":{"index":"noindex","follow":"follow","max-snippet":"max-snippet:-1","max-image-preview":"max-image-preview:large","max-video-preview":"max-video-preview:-1"},"og_locale":"es_ES","og_type":"article","og_title":"La inflaci\u00f3n se modera en el inicio de 2026 al 2,4% por la energ\u00eda - vof-news.eu","og_description":"2026 comienza con una importante moderaci\u00f3n de la inflaci\u00f3n. El avance de los precios se situ\u00f3 en enero en el 2,4%, respecto al mismo mes de hace un a\u00f1o,\u00a0seg\u00fan el dato del \u00cdndice de Precios de Consumo (IPC) adelantado que ha publicado este viernes el Instituto Nacional de Estad\u00edstica (INE). Se trata de cinco d\u00e9cimas por debajo del mes de diciembre (2,9%), el mayor descenso desde marzo del a\u00f1o pasado, debido a la energ\u00eda.","og_url":"https:\/\/vof-news.eu\/es\/la-inflacion-se-modera-en-el-inicio-de-2026-al-24-por-la-energia\/","og_site_name":"vof-news.eu","article_published_time":"2026-01-30T08:17:21+00:00","article_modified_time":"2026-01-30T08:17:57+00:00","og_image":[{"width":1200,"height":675,"url":"https:\/\/vof-news.eu\/wp-content\/uploads\/2026\/01\/38e35e2e-1308-4fbe-b937-7b9d821534a8_16-9-discover-aspect-ratio_default_0.jpg","type":"image\/jpeg"}],"author":"Author","twitter_card":"summary_large_image","twitter_misc":{"Escrito por":"Author","Tiempo de lectura":"1 minuto"},"schema":{"@context":"https:\/\/schema.org","@graph":[{"@type":"WebPage","@id":"https:\/\/vof-news.eu\/es\/la-inflacion-se-modera-en-el-inicio-de-2026-al-24-por-la-energia\/","url":"https:\/\/vof-news.eu\/es\/la-inflacion-se-modera-en-el-inicio-de-2026-al-24-por-la-energia\/","name":"La inflaci\u00f3n se modera en el inicio de 2026 al 2,4% por la energ\u00eda - vof-news.eu","isPartOf":{"@id":"https:\/\/vof-news.eu\/es\/#website"},"primaryImageOfPage":{"@id":"https:\/\/vof-news.eu\/es\/la-inflacion-se-modera-en-el-inicio-de-2026-al-24-por-la-energia\/#primaryimage"},"image":{"@id":"https:\/\/vof-news.eu\/es\/la-inflacion-se-modera-en-el-inicio-de-2026-al-24-por-la-energia\/#primaryimage"},"thumbnailUrl":"https:\/\/vof-news.eu\/wp-content\/uploads\/2026\/01\/38e35e2e-1308-4fbe-b937-7b9d821534a8_16-9-discover-aspect-ratio_default_0.jpg","datePublished":"2026-01-30T08:17:21+00:00","dateModified":"2026-01-30T08:17:57+00:00","author":{"@id":"https:\/\/vof-news.eu\/es\/#\/schema\/person\/f6a2a4309f0561835797fd8c19b333ed"},"description":"2026 comienza con una importante moderaci\u00f3n de la inflaci\u00f3n. El avance de los precios se situ\u00f3 en enero en el 2,4%, respecto al mismo mes de hace un a\u00f1o,\u00a0seg\u00fan el dato del \u00cdndice de Precios de Consumo (IPC) adelantado que ha publicado este viernes el Instituto Nacional de Estad\u00edstica (INE). Se trata de cinco d\u00e9cimas por debajo del mes de diciembre (2,9%), el mayor descenso desde marzo del a\u00f1o pasado, debido a la energ\u00eda.","breadcrumb":{"@id":"https:\/\/vof-news.eu\/es\/la-inflacion-se-modera-en-el-inicio-de-2026-al-24-por-la-energia\/#breadcrumb"},"inLanguage":"es","potentialAction":[{"@type":"ReadAction","target":["https:\/\/vof-news.eu\/es\/la-inflacion-se-modera-en-el-inicio-de-2026-al-24-por-la-energia\/"]}]},{"@type":"ImageObject","inLanguage":"es","@id":"https:\/\/vof-news.eu\/es\/la-inflacion-se-modera-en-el-inicio-de-2026-al-24-por-la-energia\/#primaryimage","url":"https:\/\/vof-news.eu\/wp-content\/uploads\/2026\/01\/38e35e2e-1308-4fbe-b937-7b9d821534a8_16-9-discover-aspect-ratio_default_0.jpg","contentUrl":"https:\/\/vof-news.eu\/wp-content\/uploads\/2026\/01\/38e35e2e-1308-4fbe-b937-7b9d821534a8_16-9-discover-aspect-ratio_default_0.jpg","width":1200,"height":675},{"@type":"BreadcrumbList","@id":"https:\/\/vof-news.eu\/es\/la-inflacion-se-modera-en-el-inicio-de-2026-al-24-por-la-energia\/#breadcrumb","itemListElement":[{"@type":"ListItem","position":1,"name":"Home","item":"https:\/\/vof-news.eu\/es\/"},{"@type":"ListItem","position":2,"name":"La inflaci\u00f3n se modera en el inicio de 2026 al 2,4% por la energ\u00eda"}]},{"@type":"WebSite","@id":"https:\/\/vof-news.eu\/es\/#website","url":"https:\/\/vof-news.eu\/es\/","name":"vof-news.eu","description":"","potentialAction":[{"@type":"SearchAction","target":{"@type":"EntryPoint","urlTemplate":"https:\/\/vof-news.eu\/es\/?s={search_term_string}"},"query-input":"required name=search_term_string"}],"inLanguage":"es"},{"@type":"Person","@id":"https:\/\/vof-news.eu\/es\/#\/schema\/person\/f6a2a4309f0561835797fd8c19b333ed","name":"Author","image":{"@type":"ImageObject","inLanguage":"es","@id":"https:\/\/vof-news.eu\/es\/#\/schema\/person\/image\/","url":"https:\/\/secure.gravatar.com\/avatar\/b67e614b1b25b3e9c0c239efdd2fde5ab015b5affd6f1c3c85911ca4b384e790?s=96&d=mm&r=g","contentUrl":"https:\/\/secure.gravatar.com\/avatar\/b67e614b1b25b3e9c0c239efdd2fde5ab015b5affd6f1c3c85911ca4b384e790?s=96&d=mm&r=g","caption":"Author"},"sameAs":["http:\/\/vof-news.eu"],"url":"https:\/\/vof-news.eu\/es\/author\/zwt6qxnjulxbnyg\/"}]}},"yoast_meta":{"yoast_wpseo_title":"","yoast_wpseo_metadesc":"","yoast_wpseo_canonical":""},"_links":{"self":[{"href":"https:\/\/vof-news.eu\/es\/wp-json\/wp\/v2\/posts\/321800","targetHints":{"allow":["GET"]}}],"collection":[{"href":"https:\/\/vof-news.eu\/es\/wp-json\/wp\/v2\/posts"}],"about":[{"href":"https:\/\/vof-news.eu\/es\/wp-json\/wp\/v2\/types\/post"}],"author":[{"embeddable":true,"href":"https:\/\/vof-news.eu\/es\/wp-json\/wp\/v2\/users\/1"}],"replies":[{"embeddable":true,"href":"https:\/\/vof-news.eu\/es\/wp-json\/wp\/v2\/comments?post=321800"}],"version-history":[{"count":1,"href":"https:\/\/vof-news.eu\/es\/wp-json\/wp\/v2\/posts\/321800\/revisions"}],"predecessor-version":[{"id":321807,"href":"https:\/\/vof-news.eu\/es\/wp-json\/wp\/v2\/posts\/321800\/revisions\/321807"}],"wp:featuredmedia":[{"embeddable":true,"href":"https:\/\/vof-news.eu\/es\/wp-json\/wp\/v2\/media\/321801"}],"wp:attachment":[{"href":"https:\/\/vof-news.eu\/es\/wp-json\/wp\/v2\/media?parent=321800"}],"wp:term":[{"taxonomy":"category","embeddable":true,"href":"https:\/\/vof-news.eu\/es\/wp-json\/wp\/v2\/categories?post=321800"},{"taxonomy":"post_tag","embeddable":true,"href":"https:\/\/vof-news.eu\/es\/wp-json\/wp\/v2\/tags?post=321800"}],"curies":[{"name":"wp","href":"https:\/\/api.w.org\/{rel}","templated":true}]}}