{"id":321775,"date":"2026-01-30T09:23:04","date_gmt":"2026-01-30T06:23:04","guid":{"rendered":"https:\/\/vof-news.eu\/kevin-warsh-ex-miembro-de-la-junta-de-gobernadores-de-la-fed-se-perfila-como-el-elegido-por-trump-para-relevar-a-powell\/"},"modified":"2026-01-30T09:24:03","modified_gmt":"2026-01-30T06:24:03","slug":"kevin-warsh-ex-miembro-de-la-junta-de-gobernadores-de-la-fed-se-perfila-como-el-elegido-por-trump-para-relevar-a-powell","status":"publish","type":"post","link":"https:\/\/vof-news.eu\/es\/kevin-warsh-ex-miembro-de-la-junta-de-gobernadores-de-la-fed-se-perfila-como-el-elegido-por-trump-para-relevar-a-powell\/","title":{"rendered":"Kevin Warsh, ex miembro de la junta de gobernadores de la Fed, se perfila como el elegido por Trump para relevar a Powell"},"content":{"rendered":"<div>\n<p>\n        Donald Trump ya tiene sustituto para Jerome Powell como presidente de la Reserva Federal. Y ese nombre se anunciar\u00e1 oficialmente este viernes, seg\u00fan adelant\u00f3 el jueves por la noche el presidente de EEUU.\n    <\/p>\n<p>\n        As\u00ed, el nombre que suena m\u00e1s fuerte para ocupar el puesto, seg\u00fan adelanta Bloomberg, es Kevin Warsh, , exmiembro de la junta de gobernadores de la Reserva Federal y uno de los cuatro finalistas en la lista de candidatos de Trump para dirigir el banco central. Y, seg\u00fan diversas fuentes, visit\u00f3 la Casa Blanca este jueves.\n    <\/p>\n<p>\n        Otros candidatos en la lista inclu\u00edan a Kevin Hassett, director del Consejo Econ\u00f3mico Nacional; Christopher Waller, , miembro de la junta de gobernadores de la Reserva Federal; y Rick Rieder, ejecutivo de BlackRock.\n    <\/p>\n<p>\n        El presidente de EEUU insinu\u00f3 su inminente anuncio el jueves por la noche sin revelar el nombre, afirmando que la elecci\u00f3n no ser\u00eda demasiado sorprendente y que se tratar\u00eda de alguien conocido por \u201ctodos\u201d en el mundo financiero: \u201cMucha gente piensa que es alguien que podr\u00eda haber estado en ese puesto hace unos a\u00f1os\u201d.\n    <\/p>\n<p>\n        Warsh form\u00f3 parte de la Junta de Gobernadores del banco central estadounidense entre 2006 y 2011, y ha asesorado a Trump en materia de pol\u00edtica econ\u00f3mica. De ser nominado y confirmado, suceder\u00eda a Jerome Powell, cuyo mandato al frente de la instituci\u00f3n finaliza en mayo. Warsh, de 55 a\u00f1os, fue descartado por Trump para el puesto en 2017, cuando eligi\u00f3 a Powell, recuerda Bloomberg.\n    <\/p>\n<p>\n        En los \u00faltimos meses, Warsh se ha alineado con Trump al defender p\u00fablicamente la reducci\u00f3n de los tipos de inter\u00e9s, lo que contrasta con su reputaci\u00f3n de ser un defensor de la lucha contra la inflaci\u00f3n.\n    <\/p>\n<p>\n        A principios de esta semana, la Reserva Federal mantuvo los tipos sin cambios tras haberlos reducido tres veces a finales de 2025.\n    <\/p>\n<\/div>\n","protected":false},"excerpt":{"rendered":"<p>Donald Trump ya tiene sustituto para Jerome Powell como presidente de la Reserva Federal. Y ese nombre se anunciar\u00e1 oficialmente este viernes, seg\u00fan adelant\u00f3 el jueves por la noche el presidente de EEUU. As\u00ed, el nombre que suena m\u00e1s fuerte para ocupar el puesto, seg\u00fan adelanta Bloomberg, es Kevin Warsh, , exmiembro de la junta<\/p>\n","protected":false},"author":1,"featured_media":321776,"comment_status":"open","ping_status":"open","sticky":false,"template":"","format":"standard","meta":{"footnotes":""},"categories":[61],"tags":[],"class_list":["post-321775","post","type-post","status-publish","format-standard","has-post-thumbnail","hentry","category-business-es"],"acf":[],"yoast_head":"<!-- This site is optimized with the Yoast SEO plugin v22.9 - https:\/\/yoast.com\/wordpress\/plugins\/seo\/ -->\n<title>Kevin Warsh, ex miembro de la junta de gobernadores de la Fed, se perfila como el elegido por Trump para relevar a Powell - vof-news.eu<\/title>\n<meta name=\"description\" content=\"Donald Trump ya tiene sustituto para Jerome Powell como presidente de la Reserva Federal. Y ese nombre se anunciar\u00e1 oficialmente este viernes, seg\u00fan adelant\u00f3 el jueves por la noche el presidente de EEUU.\" \/>\n<meta name=\"robots\" content=\"noindex, follow, max-snippet:-1, max-image-preview:large, max-video-preview:-1\" \/>\n<meta property=\"og:locale\" content=\"es_ES\" \/>\n<meta property=\"og:type\" content=\"article\" \/>\n<meta property=\"og:title\" content=\"Kevin Warsh, ex miembro de la junta de gobernadores de la Fed, se perfila como el elegido por Trump para relevar a Powell - vof-news.eu\" \/>\n<meta property=\"og:description\" content=\"Donald Trump ya tiene sustituto para Jerome Powell como presidente de la Reserva Federal. Y ese nombre se anunciar\u00e1 oficialmente este viernes, seg\u00fan adelant\u00f3 el jueves por la noche el presidente de EEUU.\" \/>\n<meta property=\"og:url\" content=\"https:\/\/vof-news.eu\/es\/kevin-warsh-ex-miembro-de-la-junta-de-gobernadores-de-la-fed-se-perfila-como-el-elegido-por-trump-para-relevar-a-powell\/\" \/>\n<meta property=\"og:site_name\" content=\"vof-news.eu\" \/>\n<meta property=\"article:published_time\" content=\"2026-01-30T06:23:04+00:00\" \/>\n<meta property=\"article:modified_time\" content=\"2026-01-30T06:24:03+00:00\" \/>\n<meta property=\"og:image\" content=\"https:\/\/vof-news.eu\/wp-content\/uploads\/2026\/01\/ecfa3f1b-77d0-4bfc-ad20-00487d7c0764_16-9-discover-aspect-ratio_default_1135380.jpg\" \/>\n\t<meta property=\"og:image:width\" content=\"1200\" \/>\n\t<meta property=\"og:image:height\" content=\"675\" \/>\n\t<meta property=\"og:image:type\" content=\"image\/jpeg\" \/>\n<meta name=\"author\" content=\"Author\" \/>\n<meta name=\"twitter:card\" content=\"summary_large_image\" \/>\n<meta name=\"twitter:label1\" content=\"Escrito por\" \/>\n\t<meta name=\"twitter:data1\" content=\"Author\" \/>\n\t<meta name=\"twitter:label2\" content=\"Tiempo de lectura\" \/>\n\t<meta name=\"twitter:data2\" content=\"2 minutos\" \/>\n<script type=\"application\/ld+json\" class=\"yoast-schema-graph\">{\"@context\":\"https:\/\/schema.org\",\"@graph\":[{\"@type\":\"WebPage\",\"@id\":\"https:\/\/vof-news.eu\/es\/kevin-warsh-ex-miembro-de-la-junta-de-gobernadores-de-la-fed-se-perfila-como-el-elegido-por-trump-para-relevar-a-powell\/\",\"url\":\"https:\/\/vof-news.eu\/es\/kevin-warsh-ex-miembro-de-la-junta-de-gobernadores-de-la-fed-se-perfila-como-el-elegido-por-trump-para-relevar-a-powell\/\",\"name\":\"Kevin Warsh, ex miembro de la junta de gobernadores de la Fed, se perfila como el elegido por Trump para relevar a Powell - vof-news.eu\",\"isPartOf\":{\"@id\":\"https:\/\/vof-news.eu\/es\/#website\"},\"primaryImageOfPage\":{\"@id\":\"https:\/\/vof-news.eu\/es\/kevin-warsh-ex-miembro-de-la-junta-de-gobernadores-de-la-fed-se-perfila-como-el-elegido-por-trump-para-relevar-a-powell\/#primaryimage\"},\"image\":{\"@id\":\"https:\/\/vof-news.eu\/es\/kevin-warsh-ex-miembro-de-la-junta-de-gobernadores-de-la-fed-se-perfila-como-el-elegido-por-trump-para-relevar-a-powell\/#primaryimage\"},\"thumbnailUrl\":\"https:\/\/vof-news.eu\/wp-content\/uploads\/2026\/01\/ecfa3f1b-77d0-4bfc-ad20-00487d7c0764_16-9-discover-aspect-ratio_default_1135380.jpg\",\"datePublished\":\"2026-01-30T06:23:04+00:00\",\"dateModified\":\"2026-01-30T06:24:03+00:00\",\"author\":{\"@id\":\"https:\/\/vof-news.eu\/es\/#\/schema\/person\/f6a2a4309f0561835797fd8c19b333ed\"},\"description\":\"Donald Trump ya tiene sustituto para Jerome Powell como presidente de la Reserva Federal. Y ese nombre se anunciar\u00e1 oficialmente este viernes, seg\u00fan adelant\u00f3 el jueves por la noche el presidente de EEUU.\",\"breadcrumb\":{\"@id\":\"https:\/\/vof-news.eu\/es\/kevin-warsh-ex-miembro-de-la-junta-de-gobernadores-de-la-fed-se-perfila-como-el-elegido-por-trump-para-relevar-a-powell\/#breadcrumb\"},\"inLanguage\":\"es\",\"potentialAction\":[{\"@type\":\"ReadAction\",\"target\":[\"https:\/\/vof-news.eu\/es\/kevin-warsh-ex-miembro-de-la-junta-de-gobernadores-de-la-fed-se-perfila-como-el-elegido-por-trump-para-relevar-a-powell\/\"]}]},{\"@type\":\"ImageObject\",\"inLanguage\":\"es\",\"@id\":\"https:\/\/vof-news.eu\/es\/kevin-warsh-ex-miembro-de-la-junta-de-gobernadores-de-la-fed-se-perfila-como-el-elegido-por-trump-para-relevar-a-powell\/#primaryimage\",\"url\":\"https:\/\/vof-news.eu\/wp-content\/uploads\/2026\/01\/ecfa3f1b-77d0-4bfc-ad20-00487d7c0764_16-9-discover-aspect-ratio_default_1135380.jpg\",\"contentUrl\":\"https:\/\/vof-news.eu\/wp-content\/uploads\/2026\/01\/ecfa3f1b-77d0-4bfc-ad20-00487d7c0764_16-9-discover-aspect-ratio_default_1135380.jpg\",\"width\":1200,\"height\":675},{\"@type\":\"BreadcrumbList\",\"@id\":\"https:\/\/vof-news.eu\/es\/kevin-warsh-ex-miembro-de-la-junta-de-gobernadores-de-la-fed-se-perfila-como-el-elegido-por-trump-para-relevar-a-powell\/#breadcrumb\",\"itemListElement\":[{\"@type\":\"ListItem\",\"position\":1,\"name\":\"Home\",\"item\":\"https:\/\/vof-news.eu\/es\/\"},{\"@type\":\"ListItem\",\"position\":2,\"name\":\"Kevin Warsh, ex miembro de la junta de gobernadores de la Fed, se perfila como el elegido por Trump para relevar a Powell\"}]},{\"@type\":\"WebSite\",\"@id\":\"https:\/\/vof-news.eu\/es\/#website\",\"url\":\"https:\/\/vof-news.eu\/es\/\",\"name\":\"vof-news.eu\",\"description\":\"\",\"potentialAction\":[{\"@type\":\"SearchAction\",\"target\":{\"@type\":\"EntryPoint\",\"urlTemplate\":\"https:\/\/vof-news.eu\/es\/?s={search_term_string}\"},\"query-input\":\"required name=search_term_string\"}],\"inLanguage\":\"es\"},{\"@type\":\"Person\",\"@id\":\"https:\/\/vof-news.eu\/es\/#\/schema\/person\/f6a2a4309f0561835797fd8c19b333ed\",\"name\":\"Author\",\"image\":{\"@type\":\"ImageObject\",\"inLanguage\":\"es\",\"@id\":\"https:\/\/vof-news.eu\/es\/#\/schema\/person\/image\/\",\"url\":\"https:\/\/secure.gravatar.com\/avatar\/b67e614b1b25b3e9c0c239efdd2fde5ab015b5affd6f1c3c85911ca4b384e790?s=96&d=mm&r=g\",\"contentUrl\":\"https:\/\/secure.gravatar.com\/avatar\/b67e614b1b25b3e9c0c239efdd2fde5ab015b5affd6f1c3c85911ca4b384e790?s=96&d=mm&r=g\",\"caption\":\"Author\"},\"sameAs\":[\"http:\/\/vof-news.eu\"],\"url\":\"https:\/\/vof-news.eu\/es\/author\/zwt6qxnjulxbnyg\/\"}]}<\/script>\n<!-- \/ Yoast SEO plugin. -->","yoast_head_json":{"title":"Kevin Warsh, ex miembro de la junta de gobernadores de la Fed, se perfila como el elegido por Trump para relevar a Powell - vof-news.eu","description":"Donald Trump ya tiene sustituto para Jerome Powell como presidente de la Reserva Federal. Y ese nombre se anunciar\u00e1 oficialmente este viernes, seg\u00fan adelant\u00f3 el jueves por la noche el presidente de EEUU.","robots":{"index":"noindex","follow":"follow","max-snippet":"max-snippet:-1","max-image-preview":"max-image-preview:large","max-video-preview":"max-video-preview:-1"},"og_locale":"es_ES","og_type":"article","og_title":"Kevin Warsh, ex miembro de la junta de gobernadores de la Fed, se perfila como el elegido por Trump para relevar a Powell - vof-news.eu","og_description":"Donald Trump ya tiene sustituto para Jerome Powell como presidente de la Reserva Federal. Y ese nombre se anunciar\u00e1 oficialmente este viernes, seg\u00fan adelant\u00f3 el jueves por la noche el presidente de EEUU.","og_url":"https:\/\/vof-news.eu\/es\/kevin-warsh-ex-miembro-de-la-junta-de-gobernadores-de-la-fed-se-perfila-como-el-elegido-por-trump-para-relevar-a-powell\/","og_site_name":"vof-news.eu","article_published_time":"2026-01-30T06:23:04+00:00","article_modified_time":"2026-01-30T06:24:03+00:00","og_image":[{"width":1200,"height":675,"url":"https:\/\/vof-news.eu\/wp-content\/uploads\/2026\/01\/ecfa3f1b-77d0-4bfc-ad20-00487d7c0764_16-9-discover-aspect-ratio_default_1135380.jpg","type":"image\/jpeg"}],"author":"Author","twitter_card":"summary_large_image","twitter_misc":{"Escrito por":"Author","Tiempo de lectura":"2 minutos"},"schema":{"@context":"https:\/\/schema.org","@graph":[{"@type":"WebPage","@id":"https:\/\/vof-news.eu\/es\/kevin-warsh-ex-miembro-de-la-junta-de-gobernadores-de-la-fed-se-perfila-como-el-elegido-por-trump-para-relevar-a-powell\/","url":"https:\/\/vof-news.eu\/es\/kevin-warsh-ex-miembro-de-la-junta-de-gobernadores-de-la-fed-se-perfila-como-el-elegido-por-trump-para-relevar-a-powell\/","name":"Kevin Warsh, ex miembro de la junta de gobernadores de la Fed, se perfila como el elegido por Trump para relevar a Powell - vof-news.eu","isPartOf":{"@id":"https:\/\/vof-news.eu\/es\/#website"},"primaryImageOfPage":{"@id":"https:\/\/vof-news.eu\/es\/kevin-warsh-ex-miembro-de-la-junta-de-gobernadores-de-la-fed-se-perfila-como-el-elegido-por-trump-para-relevar-a-powell\/#primaryimage"},"image":{"@id":"https:\/\/vof-news.eu\/es\/kevin-warsh-ex-miembro-de-la-junta-de-gobernadores-de-la-fed-se-perfila-como-el-elegido-por-trump-para-relevar-a-powell\/#primaryimage"},"thumbnailUrl":"https:\/\/vof-news.eu\/wp-content\/uploads\/2026\/01\/ecfa3f1b-77d0-4bfc-ad20-00487d7c0764_16-9-discover-aspect-ratio_default_1135380.jpg","datePublished":"2026-01-30T06:23:04+00:00","dateModified":"2026-01-30T06:24:03+00:00","author":{"@id":"https:\/\/vof-news.eu\/es\/#\/schema\/person\/f6a2a4309f0561835797fd8c19b333ed"},"description":"Donald Trump ya tiene sustituto para Jerome Powell como presidente de la Reserva Federal. Y ese nombre se anunciar\u00e1 oficialmente este viernes, seg\u00fan adelant\u00f3 el jueves por la noche el presidente de EEUU.","breadcrumb":{"@id":"https:\/\/vof-news.eu\/es\/kevin-warsh-ex-miembro-de-la-junta-de-gobernadores-de-la-fed-se-perfila-como-el-elegido-por-trump-para-relevar-a-powell\/#breadcrumb"},"inLanguage":"es","potentialAction":[{"@type":"ReadAction","target":["https:\/\/vof-news.eu\/es\/kevin-warsh-ex-miembro-de-la-junta-de-gobernadores-de-la-fed-se-perfila-como-el-elegido-por-trump-para-relevar-a-powell\/"]}]},{"@type":"ImageObject","inLanguage":"es","@id":"https:\/\/vof-news.eu\/es\/kevin-warsh-ex-miembro-de-la-junta-de-gobernadores-de-la-fed-se-perfila-como-el-elegido-por-trump-para-relevar-a-powell\/#primaryimage","url":"https:\/\/vof-news.eu\/wp-content\/uploads\/2026\/01\/ecfa3f1b-77d0-4bfc-ad20-00487d7c0764_16-9-discover-aspect-ratio_default_1135380.jpg","contentUrl":"https:\/\/vof-news.eu\/wp-content\/uploads\/2026\/01\/ecfa3f1b-77d0-4bfc-ad20-00487d7c0764_16-9-discover-aspect-ratio_default_1135380.jpg","width":1200,"height":675},{"@type":"BreadcrumbList","@id":"https:\/\/vof-news.eu\/es\/kevin-warsh-ex-miembro-de-la-junta-de-gobernadores-de-la-fed-se-perfila-como-el-elegido-por-trump-para-relevar-a-powell\/#breadcrumb","itemListElement":[{"@type":"ListItem","position":1,"name":"Home","item":"https:\/\/vof-news.eu\/es\/"},{"@type":"ListItem","position":2,"name":"Kevin Warsh, ex miembro de la junta de gobernadores de la Fed, se perfila como el elegido por Trump para relevar a Powell"}]},{"@type":"WebSite","@id":"https:\/\/vof-news.eu\/es\/#website","url":"https:\/\/vof-news.eu\/es\/","name":"vof-news.eu","description":"","potentialAction":[{"@type":"SearchAction","target":{"@type":"EntryPoint","urlTemplate":"https:\/\/vof-news.eu\/es\/?s={search_term_string}"},"query-input":"required name=search_term_string"}],"inLanguage":"es"},{"@type":"Person","@id":"https:\/\/vof-news.eu\/es\/#\/schema\/person\/f6a2a4309f0561835797fd8c19b333ed","name":"Author","image":{"@type":"ImageObject","inLanguage":"es","@id":"https:\/\/vof-news.eu\/es\/#\/schema\/person\/image\/","url":"https:\/\/secure.gravatar.com\/avatar\/b67e614b1b25b3e9c0c239efdd2fde5ab015b5affd6f1c3c85911ca4b384e790?s=96&d=mm&r=g","contentUrl":"https:\/\/secure.gravatar.com\/avatar\/b67e614b1b25b3e9c0c239efdd2fde5ab015b5affd6f1c3c85911ca4b384e790?s=96&d=mm&r=g","caption":"Author"},"sameAs":["http:\/\/vof-news.eu"],"url":"https:\/\/vof-news.eu\/es\/author\/zwt6qxnjulxbnyg\/"}]}},"yoast_meta":{"yoast_wpseo_title":"","yoast_wpseo_metadesc":"","yoast_wpseo_canonical":""},"_links":{"self":[{"href":"https:\/\/vof-news.eu\/es\/wp-json\/wp\/v2\/posts\/321775","targetHints":{"allow":["GET"]}}],"collection":[{"href":"https:\/\/vof-news.eu\/es\/wp-json\/wp\/v2\/posts"}],"about":[{"href":"https:\/\/vof-news.eu\/es\/wp-json\/wp\/v2\/types\/post"}],"author":[{"embeddable":true,"href":"https:\/\/vof-news.eu\/es\/wp-json\/wp\/v2\/users\/1"}],"replies":[{"embeddable":true,"href":"https:\/\/vof-news.eu\/es\/wp-json\/wp\/v2\/comments?post=321775"}],"version-history":[{"count":1,"href":"https:\/\/vof-news.eu\/es\/wp-json\/wp\/v2\/posts\/321775\/revisions"}],"predecessor-version":[{"id":321788,"href":"https:\/\/vof-news.eu\/es\/wp-json\/wp\/v2\/posts\/321775\/revisions\/321788"}],"wp:featuredmedia":[{"embeddable":true,"href":"https:\/\/vof-news.eu\/es\/wp-json\/wp\/v2\/media\/321776"}],"wp:attachment":[{"href":"https:\/\/vof-news.eu\/es\/wp-json\/wp\/v2\/media?parent=321775"}],"wp:term":[{"taxonomy":"category","embeddable":true,"href":"https:\/\/vof-news.eu\/es\/wp-json\/wp\/v2\/categories?post=321775"},{"taxonomy":"post_tag","embeddable":true,"href":"https:\/\/vof-news.eu\/es\/wp-json\/wp\/v2\/tags?post=321775"}],"curies":[{"name":"wp","href":"https:\/\/api.w.org\/{rel}","templated":true}]}}