{"id":321774,"date":"2026-01-30T09:22:45","date_gmt":"2026-01-30T06:22:45","guid":{"rendered":"https:\/\/vof-news.eu\/la-ue-acuerda-designar-a-la-guardia-revolucionaria-de-iran-como-grupo-terrorista-que-supone\/"},"modified":"2026-01-30T09:24:23","modified_gmt":"2026-01-30T06:24:23","slug":"la-ue-acuerda-designar-a-la-guardia-revolucionaria-de-iran-como-grupo-terrorista-que-supone","status":"publish","type":"post","link":"https:\/\/vof-news.eu\/es\/la-ue-acuerda-designar-a-la-guardia-revolucionaria-de-iran-como-grupo-terrorista-que-supone\/","title":{"rendered":"La UE acuerda designar a la Guardia Revolucionaria de Ir\u00e1n como grupo terrorista: \u00bfqu\u00e9 supone?"},"content":{"rendered":"<div>\n<p>Los ministros de Exteriores de la Uni\u00f3n Europea dieron este jueves el primer paso para incluir a la <a href=\"https:\/\/www.huffingtonpost.es\/global\/que-guardia-revolucionaria-espadaan-descabezada-israel.html\" rel=\"nofollow\">Guardia Revolucionaria de Ir\u00e1n (CGRI) <\/a>en la lista de organizaciones terroristas de la UE, una decisi\u00f3n en gran medida simb\u00f3lica puesto que ya est\u00e1 sujeta a una amplia gama de sanciones europeas, incluidas algunas destinadas a prevenir la proliferaci\u00f3n nuclear.<\/p>\n<p>Lo hace cuando las presiones se acrecientan contra el r\u00e9gimen de los ayatol\u00e1s por su represi\u00f3n contra los manifestantes que, desde hace m\u00e1s de un mes, <a href=\"https:\/\/www.huffingtonpost.es\/global\/puede-caer-realmente-regimen-irani.html\" rel=\"nofollow\">reclaman salidas a la crisis econ\u00f3mica<\/a> que afronta el pa\u00eds. Las ONG calculan que se ha asesinado ya a m\u00e1s de 6.000 personas.\u00a0<\/p>\n<p>Ello ha llevado a Estados Unidos a amenazar Teher\u00e1n: si no se detiene, si no frena sus proyectos armament\u00edsticos y si no se aviene a un acuerdo sobre sus investigaciones nucleares, <a href=\"https:\/\/www.huffingtonpost.es\/global\/trump-considera-ataquesan-inspirar-nuevas-protestas-f202601.html\" rel=\"nofollow\">habr\u00e1 ataque<\/a>. Para apuntalar sus palabras, el presidente norteamericano, <a href=\"https:\/\/www.huffingtonpost.es\/global\/todo-debes-donald-trump-aspirante-republicano-casa-blanca.html\" rel=\"nofollow\">Donald Trump<\/a>, ha ordenado un importante despliegue militar en Oriente Medio.\u00a0<\/p>\n<h3>Qu\u00e9 es la lista<\/h3>\n<p>La UE adopt\u00f3 por primera vez medidas restrictivas contra personas y entidades implicadas en actos de terrorismo en diciembre de 2001, a ra\u00edz de los atentados terroristas del 11 de septiembre de ese a\u00f1o.<\/p>\n<p>La lista de la UE se estableci\u00f3 para aplicar la <a href=\"https:\/\/www.unodc.org\/pdf\/crime\/terrorism\/res_1373_spanish.pdf\" rel=\"nofollow\">Resoluci\u00f3n 1373 (2001) del Consejo de Seguridad de Naciones Unidas<\/a> e incluye a organizaciones como Al Qaeda o el Estado Isl\u00e1mico.<\/p>\n<p>Todas las personas, grupos y entidades incluidos est\u00e1n sujetos a medidas relacionadas con la inmovilizaci\u00f3n de fondos y activos financieros y con la cooperaci\u00f3n policial y judicial en materia penal.<\/p>\n<h3>Los motivos<\/h3>\n<p>La decisi\u00f3n de incluir a la CGRI se produce tras la represi\u00f3n de las masivas protestas contra el r\u00e9gimen iran\u00ed este mes, en las que murieron 3.117 personas, seg\u00fan la versi\u00f3n oficial iran\u00ed, una cifra que organizaciones de derechos humanos opositoras como <a href=\"https:\/\/www.en-hrana.org\/day-33-of-protests-eu-designates-irgc-as-a-terrorist-organization-as-repression-persists\/\" rel=\"nofollow\">HRANA<\/a>, con sede en EEUU, sit\u00faan en 6.373, con miles de denuncias de homicidios a\u00fan no confirmados y m\u00e1s de 40.000 arrestos.<\/p>\n<p>\u00abLa represi\u00f3n no puede quedar sin respuesta\u00bb, indic\u00f3 ayer la alta representante de la Uni\u00f3n para Asuntos Exteriores y Seguridad, <a href=\"https:\/\/www.cidob.org\/lider-politico\/kaja-kallas\" rel=\"nofollow\">Kaja Kallas<\/a>, mientras que la presidenta de la Comisi\u00f3n Europea, <a href=\"https:\/\/www.huffingtonpost.es\/global\/von-der-leyen-rostro-europa.html\" rel=\"nofollow\">Ursula von der Leyen<\/a>, afirm\u00f3 que \u00ab&#8216;terrorista&#8217; es, en efecto, como se denomina a un r\u00e9gimen que aplasta con sangre las protestas de su propio pueblo\u00bb.<\/p>\n<h3>Los efectos<\/h3>\n<p>Fuentes diplom\u00e1ticas hab\u00edan apuntado la v\u00edspera que la CGRI ya figura en la lista de reg\u00edmenes de sanciones contra Ir\u00e1n -tanto como entidad como muchos de sus miembros- y que, en lo que respecta a la congelaci\u00f3n de activos y la prohibici\u00f3n de transferencias, ya se ve afectada, por lo que \u00aben la pr\u00e1ctica el valor a\u00f1adido de incluirla como organizaci\u00f3n terrorista es muy limitado\u00bb.<\/p>\n<p>De hecho, la UE introdujo en 2011 un r\u00e9gimen compuesto por medidas restrictivas dirigidas espec\u00edficamente contra las <a href=\"https:\/\/www.huffingtonpost.es\" rel=\"nofollow\">violaciones y abusos de los derechos humanos en Ir\u00e1n<\/a>, que se han renovado anualmente desde entonces.<\/p>\n<p>Desde 2022, la UE ha aumentado dr\u00e1sticamente las medidas restrictivas, adoptando m\u00faltiples paquetes de sanciones en el contexto de la creciente preocupaci\u00f3n por la situaci\u00f3n de los derechos humanos en Ir\u00e1n.<\/p>\n<p>Adem\u00e1s, el 20 de julio de 2023, el Consejo estableci\u00f3 un marco espec\u00edfico para las sanciones en vista del apoyo militar de Ir\u00e1n a la guerra de Rusia contra Ucrania y, en mayo de 2024, su alcance se ampli\u00f3 en vista del apoyo militar de Ir\u00e1n a grupos armados en <a href=\"https:\/\/www.huffingtonpost.es\" rel=\"nofollow\">Oriente Medio<\/a> y la regi\u00f3n del mar Rojo y de los ataques con drones y misiles que Ir\u00e1n llev\u00f3 a cabo contra Israel en abril de ese a\u00f1o.<\/p>\n<h3>A\u00f1os de debates&#8230;<\/h3>\n<p>La posibilidad de situar a la CGRI en la lista comunitaria de organizaciones terroristas llevaba a\u00f1os en la mesa del Consejo. Volvi\u00f3 a tomar fuerza a ra\u00edz del asesinato de la joven iran\u00ed <a href=\"https:\/\/www.huffingtonpost.es\" rel=\"nofollow\">Mahsa Amini <\/a>en custodia policial en septiembre de 2022 tras haber sido arrestada por llevar supuestamente mal colocado el velo isl\u00e1mico.<\/p>\n<p>Esa muerte provoc\u00f3 manifestaciones que fueron duramente reprimidas por las autoridades iran\u00edes con cerca de 500 fallecidos, unos 20.000 detenidos y las posteriores ejecuciones de una veintena de personas.<\/p>\n<h3>&#8230; y reticencias<\/h3>\n<p>La decisi\u00f3n, que requer\u00eda la unanimidad de los Veintisiete, ha sido posible porque algunos de los pa\u00edses m\u00e1s reticentes, como Espa\u00f1a y Francia, que hab\u00edan pedido calibrar bien las posibles consecuencias de la medida, se sumaron a la mayor\u00eda.<\/p>\n<p>Algunos Estados miembros hab\u00edan hecho hincapi\u00e9 en el impacto de la seguridad para sus propios ciudadanos, teniendo en cuenta la pr\u00e1ctica habitual de detenci\u00f3n sin aparente justificaci\u00f3n de europeos en prisiones iran\u00edes.<\/p>\n<h3>Repercusiones diplom\u00e1ticas<\/h3>\n<p>Kallas asegur\u00f3 que \u00abse han calculado los riesgos\u00bb y precis\u00f3 que \u00abla parte diplom\u00e1tica queda fuera\u00bb de la Guardia Revolucionaria: \u00abLas interacciones con el ministro de Asuntos Exteriores (iran\u00ed) no est\u00e1n sujetas a esto. Por lo tanto, la estimaci\u00f3n es que los canales diplom\u00e1ticos seguir\u00e1n abiertos\u00bb, agreg\u00f3.<\/p>\n<p>Por su parte, Ir\u00e1n calific\u00f3 este jueves de \u00abotro error estrat\u00e9gico\u00bb la designaci\u00f3n de la CGRI como terrorista y acus\u00f3 a la UE de hipocres\u00eda por su postura en Gaza y de perjudicar sus propios intereses.<\/p>\n<h3>Pr\u00f3ximos pasos<\/h3>\n<p>Tras el acuerdo informal alcanzado ayer, la UE deber\u00e1 aprobar la decisi\u00f3n formalmente, mediante la adopci\u00f3n por unanimidad en el Consejo de las actas legales.<\/p>\n<h3>\u00bfAtacar\u00e1 Trump?<\/h3>\n<p>Ahora mismo, la mayor duda de fondo es si atacar\u00e1 EEUU, como ha amenazado Trump, Y, de hacerlo, <a href=\"https:\/\/www.huffingtonpost.es\/global\/y-eeuu-atacaan-escenarios-turbulentos-desencadenar-orden-trump-f202601.html\" rel=\"nofollow\">cu\u00e1les ser\u00edan las consecuencias<\/a>. Esta madrugada, <i><a href=\"https:\/\/www.nytimes.com\/2026\/01\/29\/us\/trump-military-options-against-iran.html\" rel=\"nofollow\">The New York Times<\/a><\/i> constata la inclinaci\u00f3n a dar el golpe que tiene el Gobierno norteamericano, tras las reticencias de semanas pasadas. \u00abEn los \u00faltimos d\u00edas, el presidente Trump ha recibido una lista ampliada de posibles opciones militares contra Ir\u00e1n, con el objetivo de causar m\u00e1s da\u00f1os a las instalaciones nucleares y de misiles del pa\u00eds o debilitar al l\u00edder supremo iran\u00ed, seg\u00fan varios funcionarios estadounidenses\u00bb, expone el diario.<\/p>\n<p>Las opciones van m\u00e1s all\u00e1 de las propuestas que Trump estaba considerando hace dos semanas para cumplir su promesa de detener la matanza de manifestantes a manos de las fuerzas de seguridad del gobierno iran\u00ed y las milicias afiliadas, seg\u00fan informaron los funcionarios al diario. \u00abEl conjunto actual de opciones incluye incluso la posibilidad de que las fuerzas estadounidenses realicen redadas en emplazamientos dentro de Ir\u00e1n, y se presenta en un contexto diferente, ahora que las protestas han sido brutalmente reprimidas, al menos por el momento\u00bb, insiste.<\/p>\n<p>Trump ha estado exigiendo que Ir\u00e1n tome medidas adicionales para poner fin a su intento de construir un arma nuclear y detenga su apoyo a agentes que desde hace tiempo han atacado a Israel y han desestabilizado Oriente Medio. \u00c9l y sus principales asesores est\u00e1n considerando si cumplir sus amenazas de acci\u00f3n militar para lograr esos objetivos y posiblemente provocar un cambio de gobierno.<\/p>\n<p>Trump a\u00fan no ha autorizado una acci\u00f3n militar ni ha elegido entre las opciones presentadas por el Pent\u00e1gono, dice el diario. \u00abEl presidente se mantiene abierto a encontrar una soluci\u00f3n diplom\u00e1tica y algunos funcionarios reconocieron que anunciar las amenazas de acci\u00f3n militar pretend\u00eda incitar a los iran\u00edes a negociar. En los \u00faltimos d\u00edas, ha reflexionado sobre si un cambio de r\u00e9gimen ser\u00eda una opci\u00f3n viable\u00bb, expone.<\/p>\n<p>En el caso de Ir\u00e1n, los funcionarios se muestran esc\u00e9pticos de que Teher\u00e1n acepte las condiciones planteadas por Estados Unidos. Estas incluyen el cese permanente del enriquecimiento de uranio y la renuncia a todas sus reservas nucleares actuales, empezando por las m\u00e1s de 440 kilos de uranio enriquecidos a niveles casi aptos para bombas. Sin embargo, la mayor parte de ese material permanece enterrado bajo los escombros de los ataques de junio.<\/p>\n<\/div>\n","protected":false},"excerpt":{"rendered":"<p>Los ministros de Exteriores de la Uni\u00f3n Europea dieron este jueves el primer paso para incluir a la Guardia Revolucionaria de Ir\u00e1n (CGRI) en la lista de organizaciones terroristas de la UE, una decisi\u00f3n en gran medida simb\u00f3lica puesto que ya est\u00e1 sujeta a una amplia gama de sanciones europeas, incluidas algunas destinadas a prevenir<\/p>\n","protected":false},"author":1,"featured_media":321782,"comment_status":"open","ping_status":"open","sticky":false,"template":"","format":"standard","meta":{"footnotes":""},"categories":[56],"tags":[],"class_list":["post-321774","post","type-post","status-publish","format-standard","has-post-thumbnail","hentry","category-main-news-es"],"acf":[],"yoast_head":"<!-- This site is optimized with the Yoast SEO plugin v22.9 - https:\/\/yoast.com\/wordpress\/plugins\/seo\/ -->\n<title>La UE acuerda designar a la Guardia Revolucionaria de Ir\u00e1n como grupo terrorista: \u00bfqu\u00e9 supone? - vof-news.eu<\/title>\n<meta name=\"description\" content=\"Los ministros de Exteriores de la Uni\u00f3n Europea dieron este jueves el primer paso para incluir a la Guardia Revolucionaria de Ir\u00e1n (CGRI) en la lista de organizaciones terroristas de la UE, una decisi\u00f3n en gran medida simb\u00f3lica puesto que ya est\u00e1 sujeta a una amplia gama de sanciones europeas, incluidas algunas destinadas a prevenir la proliferaci\u00f3n nuclear.Lo hace cuando las presiones se acrecientan contra el r\u00e9gimen de los ayatol\u00e1s por su represi\u00f3n contra los manifestantes que, desde hace m\u00e1s de un mes, reclaman salidas a la crisis econ\u00f3mica que afronta el pa\u00eds. Las ONG calculan que se ha asesinado ya a m\u00e1s de 6.000 personas.\u00a0Ello ha llevado a Estados Unidos a amenazar Teher\u00e1n: si no se detiene, si no frena sus proyectos armament\u00edsticos y si no se aviene a un acuerdo sobre sus investigaciones nucleares, habr\u00e1 ataque. Para apuntalar sus palabras, el presidente norteamericano, Donald Trump, ha ordenado un importante despliegue militar en Oriente Medio.\u00a0Qu\u00e9 es la listaLa UE adopt\u00f3 por primera vez medidas restrictivas contra personas y entidades implicadas en actos de terrorismo en diciembre de 2001, a ra\u00edz de los atentados terroristas del 11 de septiembre de ese a\u00f1o.La lista de la UE se estableci\u00f3 para aplicar la Resoluci\u00f3n 1373 (2001) del Consejo de Seguridad de Naciones Unidas e incluye a organizaciones como Al Qaeda o el Estado Isl\u00e1mico.Todas las personas, grupos y entidades incluidos est\u00e1n sujetos a medidas relacionadas con la inmovilizaci\u00f3n de fondos y activos financieros y con la cooperaci\u00f3n policial y judicial en materia penal.Los motivosLa decisi\u00f3n de incluir a la CGRI se produce tras la represi\u00f3n de las masivas protestas contra el r\u00e9gimen iran\u00ed este mes, en las que murieron 3.117 personas, seg\u00fan la versi\u00f3n oficial iran\u00ed, una cifra que organizaciones de derechos humanos opositoras como HRANA, con sede en EEUU, sit\u00faan en 6.373, con miles de denuncias de homicidios a\u00fan no confirmados y m\u00e1s de 40.000 arrestos.&quot;La represi\u00f3n no puede quedar sin respuesta&quot;, indic\u00f3 ayer la alta representante de la Uni\u00f3n para Asuntos Exteriores y Seguridad, Kaja Kallas, mientras que la presidenta de la Comisi\u00f3n Europea, Ursula von der Leyen, afirm\u00f3 que &quot;&#039;terrorista&#039; es, en efecto, como se denomina a un r\u00e9gimen que aplasta con sangre las protestas de su propio pueblo&quot;.Los efectosFuentes diplom\u00e1ticas hab\u00edan apuntado la v\u00edspera que la CGRI ya figura en la lista de reg\u00edmenes de sanciones contra Ir\u00e1n -tanto como entidad como muchos de sus miembros- y que, en lo que respecta a la congelaci\u00f3n de activos y la prohibici\u00f3n de transferencias, ya se ve afectada, por lo que &quot;en la pr\u00e1ctica el valor a\u00f1adido de incluirla como organizaci\u00f3n terrorista es muy limitado&quot;.De hecho, la UE introdujo en 2011 un r\u00e9gimen compuesto por medidas restrictivas dirigidas espec\u00edficamente contra las violaciones y abusos de los derechos humanos en Ir\u00e1n, que se han renovado anualmente desde entonces.Desde 2022, la UE ha aumentado dr\u00e1sticamente las medidas restrictivas, adoptando m\u00faltiples paquetes de sanciones en el contexto de la creciente preocupaci\u00f3n por la situaci\u00f3n de los derechos humanos en Ir\u00e1n.Adem\u00e1s, el 20 de julio de 2023, el Consejo estableci\u00f3 un marco espec\u00edfico para las sanciones en vista del apoyo militar de Ir\u00e1n a la guerra de Rusia contra Ucrania y, en mayo de 2024, su alcance se ampli\u00f3 en vista del apoyo militar de Ir\u00e1n a grupos armados en Oriente Medio y la regi\u00f3n del mar Rojo y de los ataques con drones y misiles que Ir\u00e1n llev\u00f3 a cabo contra Israel en abril de ese a\u00f1o.\" \/>\n<meta name=\"robots\" content=\"noindex, follow, max-snippet:-1, max-image-preview:large, max-video-preview:-1\" \/>\n<meta property=\"og:locale\" content=\"es_ES\" \/>\n<meta property=\"og:type\" content=\"article\" \/>\n<meta property=\"og:title\" content=\"La UE acuerda designar a la Guardia Revolucionaria de Ir\u00e1n como grupo terrorista: \u00bfqu\u00e9 supone? - vof-news.eu\" \/>\n<meta property=\"og:description\" content=\"Los ministros de Exteriores de la Uni\u00f3n Europea dieron este jueves el primer paso para incluir a la Guardia Revolucionaria de Ir\u00e1n (CGRI) en la lista de organizaciones terroristas de la UE, una decisi\u00f3n en gran medida simb\u00f3lica puesto que ya est\u00e1 sujeta a una amplia gama de sanciones europeas, incluidas algunas destinadas a prevenir la proliferaci\u00f3n nuclear.Lo hace cuando las presiones se acrecientan contra el r\u00e9gimen de los ayatol\u00e1s por su represi\u00f3n contra los manifestantes que, desde hace m\u00e1s de un mes, reclaman salidas a la crisis econ\u00f3mica que afronta el pa\u00eds. Las ONG calculan que se ha asesinado ya a m\u00e1s de 6.000 personas.\u00a0Ello ha llevado a Estados Unidos a amenazar Teher\u00e1n: si no se detiene, si no frena sus proyectos armament\u00edsticos y si no se aviene a un acuerdo sobre sus investigaciones nucleares, habr\u00e1 ataque. Para apuntalar sus palabras, el presidente norteamericano, Donald Trump, ha ordenado un importante despliegue militar en Oriente Medio.\u00a0Qu\u00e9 es la listaLa UE adopt\u00f3 por primera vez medidas restrictivas contra personas y entidades implicadas en actos de terrorismo en diciembre de 2001, a ra\u00edz de los atentados terroristas del 11 de septiembre de ese a\u00f1o.La lista de la UE se estableci\u00f3 para aplicar la Resoluci\u00f3n 1373 (2001) del Consejo de Seguridad de Naciones Unidas e incluye a organizaciones como Al Qaeda o el Estado Isl\u00e1mico.Todas las personas, grupos y entidades incluidos est\u00e1n sujetos a medidas relacionadas con la inmovilizaci\u00f3n de fondos y activos financieros y con la cooperaci\u00f3n policial y judicial en materia penal.Los motivosLa decisi\u00f3n de incluir a la CGRI se produce tras la represi\u00f3n de las masivas protestas contra el r\u00e9gimen iran\u00ed este mes, en las que murieron 3.117 personas, seg\u00fan la versi\u00f3n oficial iran\u00ed, una cifra que organizaciones de derechos humanos opositoras como HRANA, con sede en EEUU, sit\u00faan en 6.373, con miles de denuncias de homicidios a\u00fan no confirmados y m\u00e1s de 40.000 arrestos.&quot;La represi\u00f3n no puede quedar sin respuesta&quot;, indic\u00f3 ayer la alta representante de la Uni\u00f3n para Asuntos Exteriores y Seguridad, Kaja Kallas, mientras que la presidenta de la Comisi\u00f3n Europea, Ursula von der Leyen, afirm\u00f3 que &quot;&#039;terrorista&#039; es, en efecto, como se denomina a un r\u00e9gimen que aplasta con sangre las protestas de su propio pueblo&quot;.Los efectosFuentes diplom\u00e1ticas hab\u00edan apuntado la v\u00edspera que la CGRI ya figura en la lista de reg\u00edmenes de sanciones contra Ir\u00e1n -tanto como entidad como muchos de sus miembros- y que, en lo que respecta a la congelaci\u00f3n de activos y la prohibici\u00f3n de transferencias, ya se ve afectada, por lo que &quot;en la pr\u00e1ctica el valor a\u00f1adido de incluirla como organizaci\u00f3n terrorista es muy limitado&quot;.De hecho, la UE introdujo en 2011 un r\u00e9gimen compuesto por medidas restrictivas dirigidas espec\u00edficamente contra las violaciones y abusos de los derechos humanos en Ir\u00e1n, que se han renovado anualmente desde entonces.Desde 2022, la UE ha aumentado dr\u00e1sticamente las medidas restrictivas, adoptando m\u00faltiples paquetes de sanciones en el contexto de la creciente preocupaci\u00f3n por la situaci\u00f3n de los derechos humanos en Ir\u00e1n.Adem\u00e1s, el 20 de julio de 2023, el Consejo estableci\u00f3 un marco espec\u00edfico para las sanciones en vista del apoyo militar de Ir\u00e1n a la guerra de Rusia contra Ucrania y, en mayo de 2024, su alcance se ampli\u00f3 en vista del apoyo militar de Ir\u00e1n a grupos armados en Oriente Medio y la regi\u00f3n del mar Rojo y de los ataques con drones y misiles que Ir\u00e1n llev\u00f3 a cabo contra Israel en abril de ese a\u00f1o.\" \/>\n<meta property=\"og:url\" content=\"https:\/\/vof-news.eu\/es\/la-ue-acuerda-designar-a-la-guardia-revolucionaria-de-iran-como-grupo-terrorista-que-supone\/\" \/>\n<meta property=\"og:site_name\" content=\"vof-news.eu\" \/>\n<meta property=\"article:published_time\" content=\"2026-01-30T06:22:45+00:00\" \/>\n<meta property=\"article:modified_time\" content=\"2026-01-30T06:24:23+00:00\" \/>\n<meta property=\"og:image\" content=\"https:\/\/vof-news.eu\/wp-content\/uploads\/2026\/01\/la-alta-representante-de-la-ue-para-asuntos-exteriores-y-politica-de-seguridad-kaja-kallas-el-20-de-enero-de-2026-en-la-sede-de-estrasburgo-del-parlamento-europeo.jpeg\" \/>\n\t<meta property=\"og:image:width\" content=\"1200\" \/>\n\t<meta property=\"og:image:height\" content=\"800\" \/>\n\t<meta property=\"og:image:type\" content=\"image\/jpeg\" \/>\n<meta name=\"author\" content=\"Author\" \/>\n<meta name=\"twitter:card\" content=\"summary_large_image\" \/>\n<meta name=\"twitter:label1\" content=\"Escrito por\" \/>\n\t<meta name=\"twitter:data1\" content=\"Author\" \/>\n\t<meta name=\"twitter:label2\" content=\"Tiempo de lectura\" \/>\n\t<meta name=\"twitter:data2\" content=\"7 minutos\" \/>\n<script type=\"application\/ld+json\" class=\"yoast-schema-graph\">{\"@context\":\"https:\/\/schema.org\",\"@graph\":[{\"@type\":\"WebPage\",\"@id\":\"https:\/\/vof-news.eu\/es\/la-ue-acuerda-designar-a-la-guardia-revolucionaria-de-iran-como-grupo-terrorista-que-supone\/\",\"url\":\"https:\/\/vof-news.eu\/es\/la-ue-acuerda-designar-a-la-guardia-revolucionaria-de-iran-como-grupo-terrorista-que-supone\/\",\"name\":\"La UE acuerda designar a la Guardia Revolucionaria de Ir\u00e1n como grupo terrorista: \u00bfqu\u00e9 supone? - vof-news.eu\",\"isPartOf\":{\"@id\":\"https:\/\/vof-news.eu\/es\/#website\"},\"primaryImageOfPage\":{\"@id\":\"https:\/\/vof-news.eu\/es\/la-ue-acuerda-designar-a-la-guardia-revolucionaria-de-iran-como-grupo-terrorista-que-supone\/#primaryimage\"},\"image\":{\"@id\":\"https:\/\/vof-news.eu\/es\/la-ue-acuerda-designar-a-la-guardia-revolucionaria-de-iran-como-grupo-terrorista-que-supone\/#primaryimage\"},\"thumbnailUrl\":\"https:\/\/vof-news.eu\/wp-content\/uploads\/2026\/01\/la-alta-representante-de-la-ue-para-asuntos-exteriores-y-politica-de-seguridad-kaja-kallas-el-20-de-enero-de-2026-en-la-sede-de-estrasburgo-del-parlamento-europeo.jpeg\",\"datePublished\":\"2026-01-30T06:22:45+00:00\",\"dateModified\":\"2026-01-30T06:24:23+00:00\",\"author\":{\"@id\":\"https:\/\/vof-news.eu\/es\/#\/schema\/person\/f6a2a4309f0561835797fd8c19b333ed\"},\"description\":\"Los ministros de Exteriores de la Uni\u00f3n Europea dieron este jueves el primer paso para incluir a la Guardia Revolucionaria de Ir\u00e1n (CGRI) en la lista de organizaciones terroristas de la UE, una decisi\u00f3n en gran medida simb\u00f3lica puesto que ya est\u00e1 sujeta a una amplia gama de sanciones europeas, incluidas algunas destinadas a prevenir la proliferaci\u00f3n nuclear.Lo hace cuando las presiones se acrecientan contra el r\u00e9gimen de los ayatol\u00e1s por su represi\u00f3n contra los manifestantes que, desde hace m\u00e1s de un mes, reclaman salidas a la crisis econ\u00f3mica que afronta el pa\u00eds. Las ONG calculan que se ha asesinado ya a m\u00e1s de 6.000 personas.\u00a0Ello ha llevado a Estados Unidos a amenazar Teher\u00e1n: si no se detiene, si no frena sus proyectos armament\u00edsticos y si no se aviene a un acuerdo sobre sus investigaciones nucleares, habr\u00e1 ataque. Para apuntalar sus palabras, el presidente norteamericano, Donald Trump, ha ordenado un importante despliegue militar en Oriente Medio.\u00a0Qu\u00e9 es la listaLa UE adopt\u00f3 por primera vez medidas restrictivas contra personas y entidades implicadas en actos de terrorismo en diciembre de 2001, a ra\u00edz de los atentados terroristas del 11 de septiembre de ese a\u00f1o.La lista de la UE se estableci\u00f3 para aplicar la Resoluci\u00f3n 1373 (2001) del Consejo de Seguridad de Naciones Unidas e incluye a organizaciones como Al Qaeda o el Estado Isl\u00e1mico.Todas las personas, grupos y entidades incluidos est\u00e1n sujetos a medidas relacionadas con la inmovilizaci\u00f3n de fondos y activos financieros y con la cooperaci\u00f3n policial y judicial en materia penal.Los motivosLa decisi\u00f3n de incluir a la CGRI se produce tras la represi\u00f3n de las masivas protestas contra el r\u00e9gimen iran\u00ed este mes, en las que murieron 3.117 personas, seg\u00fan la versi\u00f3n oficial iran\u00ed, una cifra que organizaciones de derechos humanos opositoras como HRANA, con sede en EEUU, sit\u00faan en 6.373, con miles de denuncias de homicidios a\u00fan no confirmados y m\u00e1s de 40.000 arrestos.\\\"La represi\u00f3n no puede quedar sin respuesta\\\", indic\u00f3 ayer la alta representante de la Uni\u00f3n para Asuntos Exteriores y Seguridad, Kaja Kallas, mientras que la presidenta de la Comisi\u00f3n Europea, Ursula von der Leyen, afirm\u00f3 que \\\"'terrorista' es, en efecto, como se denomina a un r\u00e9gimen que aplasta con sangre las protestas de su propio pueblo\\\".Los efectosFuentes diplom\u00e1ticas hab\u00edan apuntado la v\u00edspera que la CGRI ya figura en la lista de reg\u00edmenes de sanciones contra Ir\u00e1n -tanto como entidad como muchos de sus miembros- y que, en lo que respecta a la congelaci\u00f3n de activos y la prohibici\u00f3n de transferencias, ya se ve afectada, por lo que \\\"en la pr\u00e1ctica el valor a\u00f1adido de incluirla como organizaci\u00f3n terrorista es muy limitado\\\".De hecho, la UE introdujo en 2011 un r\u00e9gimen compuesto por medidas restrictivas dirigidas espec\u00edficamente contra las violaciones y abusos de los derechos humanos en Ir\u00e1n, que se han renovado anualmente desde entonces.Desde 2022, la UE ha aumentado dr\u00e1sticamente las medidas restrictivas, adoptando m\u00faltiples paquetes de sanciones en el contexto de la creciente preocupaci\u00f3n por la situaci\u00f3n de los derechos humanos en Ir\u00e1n.Adem\u00e1s, el 20 de julio de 2023, el Consejo estableci\u00f3 un marco espec\u00edfico para las sanciones en vista del apoyo militar de Ir\u00e1n a la guerra de Rusia contra Ucrania y, en mayo de 2024, su alcance se ampli\u00f3 en vista del apoyo militar de Ir\u00e1n a grupos armados en Oriente Medio y la regi\u00f3n del mar Rojo y de los ataques con drones y misiles que Ir\u00e1n llev\u00f3 a cabo contra Israel en abril de ese a\u00f1o.\",\"breadcrumb\":{\"@id\":\"https:\/\/vof-news.eu\/es\/la-ue-acuerda-designar-a-la-guardia-revolucionaria-de-iran-como-grupo-terrorista-que-supone\/#breadcrumb\"},\"inLanguage\":\"es\",\"potentialAction\":[{\"@type\":\"ReadAction\",\"target\":[\"https:\/\/vof-news.eu\/es\/la-ue-acuerda-designar-a-la-guardia-revolucionaria-de-iran-como-grupo-terrorista-que-supone\/\"]}]},{\"@type\":\"ImageObject\",\"inLanguage\":\"es\",\"@id\":\"https:\/\/vof-news.eu\/es\/la-ue-acuerda-designar-a-la-guardia-revolucionaria-de-iran-como-grupo-terrorista-que-supone\/#primaryimage\",\"url\":\"https:\/\/vof-news.eu\/wp-content\/uploads\/2026\/01\/la-alta-representante-de-la-ue-para-asuntos-exteriores-y-politica-de-seguridad-kaja-kallas-el-20-de-enero-de-2026-en-la-sede-de-estrasburgo-del-parlamento-europeo.jpeg\",\"contentUrl\":\"https:\/\/vof-news.eu\/wp-content\/uploads\/2026\/01\/la-alta-representante-de-la-ue-para-asuntos-exteriores-y-politica-de-seguridad-kaja-kallas-el-20-de-enero-de-2026-en-la-sede-de-estrasburgo-del-parlamento-europeo.jpeg\",\"width\":1200,\"height\":800},{\"@type\":\"BreadcrumbList\",\"@id\":\"https:\/\/vof-news.eu\/es\/la-ue-acuerda-designar-a-la-guardia-revolucionaria-de-iran-como-grupo-terrorista-que-supone\/#breadcrumb\",\"itemListElement\":[{\"@type\":\"ListItem\",\"position\":1,\"name\":\"Home\",\"item\":\"https:\/\/vof-news.eu\/es\/\"},{\"@type\":\"ListItem\",\"position\":2,\"name\":\"La UE acuerda designar a la Guardia Revolucionaria de Ir\u00e1n como grupo terrorista: \u00bfqu\u00e9 supone?\"}]},{\"@type\":\"WebSite\",\"@id\":\"https:\/\/vof-news.eu\/es\/#website\",\"url\":\"https:\/\/vof-news.eu\/es\/\",\"name\":\"vof-news.eu\",\"description\":\"\",\"potentialAction\":[{\"@type\":\"SearchAction\",\"target\":{\"@type\":\"EntryPoint\",\"urlTemplate\":\"https:\/\/vof-news.eu\/es\/?s={search_term_string}\"},\"query-input\":\"required name=search_term_string\"}],\"inLanguage\":\"es\"},{\"@type\":\"Person\",\"@id\":\"https:\/\/vof-news.eu\/es\/#\/schema\/person\/f6a2a4309f0561835797fd8c19b333ed\",\"name\":\"Author\",\"image\":{\"@type\":\"ImageObject\",\"inLanguage\":\"es\",\"@id\":\"https:\/\/vof-news.eu\/es\/#\/schema\/person\/image\/\",\"url\":\"https:\/\/secure.gravatar.com\/avatar\/b67e614b1b25b3e9c0c239efdd2fde5ab015b5affd6f1c3c85911ca4b384e790?s=96&d=mm&r=g\",\"contentUrl\":\"https:\/\/secure.gravatar.com\/avatar\/b67e614b1b25b3e9c0c239efdd2fde5ab015b5affd6f1c3c85911ca4b384e790?s=96&d=mm&r=g\",\"caption\":\"Author\"},\"sameAs\":[\"http:\/\/vof-news.eu\"],\"url\":\"https:\/\/vof-news.eu\/es\/author\/zwt6qxnjulxbnyg\/\"}]}<\/script>\n<!-- \/ Yoast SEO plugin. -->","yoast_head_json":{"title":"La UE acuerda designar a la Guardia Revolucionaria de Ir\u00e1n como grupo terrorista: \u00bfqu\u00e9 supone? - vof-news.eu","description":"Los ministros de Exteriores de la Uni\u00f3n Europea dieron este jueves el primer paso para incluir a la Guardia Revolucionaria de Ir\u00e1n (CGRI) en la lista de organizaciones terroristas de la UE, una decisi\u00f3n en gran medida simb\u00f3lica puesto que ya est\u00e1 sujeta a una amplia gama de sanciones europeas, incluidas algunas destinadas a prevenir la proliferaci\u00f3n nuclear.Lo hace cuando las presiones se acrecientan contra el r\u00e9gimen de los ayatol\u00e1s por su represi\u00f3n contra los manifestantes que, desde hace m\u00e1s de un mes, reclaman salidas a la crisis econ\u00f3mica que afronta el pa\u00eds. Las ONG calculan que se ha asesinado ya a m\u00e1s de 6.000 personas.\u00a0Ello ha llevado a Estados Unidos a amenazar Teher\u00e1n: si no se detiene, si no frena sus proyectos armament\u00edsticos y si no se aviene a un acuerdo sobre sus investigaciones nucleares, habr\u00e1 ataque. Para apuntalar sus palabras, el presidente norteamericano, Donald Trump, ha ordenado un importante despliegue militar en Oriente Medio.\u00a0Qu\u00e9 es la listaLa UE adopt\u00f3 por primera vez medidas restrictivas contra personas y entidades implicadas en actos de terrorismo en diciembre de 2001, a ra\u00edz de los atentados terroristas del 11 de septiembre de ese a\u00f1o.La lista de la UE se estableci\u00f3 para aplicar la Resoluci\u00f3n 1373 (2001) del Consejo de Seguridad de Naciones Unidas e incluye a organizaciones como Al Qaeda o el Estado Isl\u00e1mico.Todas las personas, grupos y entidades incluidos est\u00e1n sujetos a medidas relacionadas con la inmovilizaci\u00f3n de fondos y activos financieros y con la cooperaci\u00f3n policial y judicial en materia penal.Los motivosLa decisi\u00f3n de incluir a la CGRI se produce tras la represi\u00f3n de las masivas protestas contra el r\u00e9gimen iran\u00ed este mes, en las que murieron 3.117 personas, seg\u00fan la versi\u00f3n oficial iran\u00ed, una cifra que organizaciones de derechos humanos opositoras como HRANA, con sede en EEUU, sit\u00faan en 6.373, con miles de denuncias de homicidios a\u00fan no confirmados y m\u00e1s de 40.000 arrestos.\"La represi\u00f3n no puede quedar sin respuesta\", indic\u00f3 ayer la alta representante de la Uni\u00f3n para Asuntos Exteriores y Seguridad, Kaja Kallas, mientras que la presidenta de la Comisi\u00f3n Europea, Ursula von der Leyen, afirm\u00f3 que \"'terrorista' es, en efecto, como se denomina a un r\u00e9gimen que aplasta con sangre las protestas de su propio pueblo\".Los efectosFuentes diplom\u00e1ticas hab\u00edan apuntado la v\u00edspera que la CGRI ya figura en la lista de reg\u00edmenes de sanciones contra Ir\u00e1n -tanto como entidad como muchos de sus miembros- y que, en lo que respecta a la congelaci\u00f3n de activos y la prohibici\u00f3n de transferencias, ya se ve afectada, por lo que \"en la pr\u00e1ctica el valor a\u00f1adido de incluirla como organizaci\u00f3n terrorista es muy limitado\".De hecho, la UE introdujo en 2011 un r\u00e9gimen compuesto por medidas restrictivas dirigidas espec\u00edficamente contra las violaciones y abusos de los derechos humanos en Ir\u00e1n, que se han renovado anualmente desde entonces.Desde 2022, la UE ha aumentado dr\u00e1sticamente las medidas restrictivas, adoptando m\u00faltiples paquetes de sanciones en el contexto de la creciente preocupaci\u00f3n por la situaci\u00f3n de los derechos humanos en Ir\u00e1n.Adem\u00e1s, el 20 de julio de 2023, el Consejo estableci\u00f3 un marco espec\u00edfico para las sanciones en vista del apoyo militar de Ir\u00e1n a la guerra de Rusia contra Ucrania y, en mayo de 2024, su alcance se ampli\u00f3 en vista del apoyo militar de Ir\u00e1n a grupos armados en Oriente Medio y la regi\u00f3n del mar Rojo y de los ataques con drones y misiles que Ir\u00e1n llev\u00f3 a cabo contra Israel en abril de ese a\u00f1o.","robots":{"index":"noindex","follow":"follow","max-snippet":"max-snippet:-1","max-image-preview":"max-image-preview:large","max-video-preview":"max-video-preview:-1"},"og_locale":"es_ES","og_type":"article","og_title":"La UE acuerda designar a la Guardia Revolucionaria de Ir\u00e1n como grupo terrorista: \u00bfqu\u00e9 supone? - vof-news.eu","og_description":"Los ministros de Exteriores de la Uni\u00f3n Europea dieron este jueves el primer paso para incluir a la Guardia Revolucionaria de Ir\u00e1n (CGRI) en la lista de organizaciones terroristas de la UE, una decisi\u00f3n en gran medida simb\u00f3lica puesto que ya est\u00e1 sujeta a una amplia gama de sanciones europeas, incluidas algunas destinadas a prevenir la proliferaci\u00f3n nuclear.Lo hace cuando las presiones se acrecientan contra el r\u00e9gimen de los ayatol\u00e1s por su represi\u00f3n contra los manifestantes que, desde hace m\u00e1s de un mes, reclaman salidas a la crisis econ\u00f3mica que afronta el pa\u00eds. Las ONG calculan que se ha asesinado ya a m\u00e1s de 6.000 personas.\u00a0Ello ha llevado a Estados Unidos a amenazar Teher\u00e1n: si no se detiene, si no frena sus proyectos armament\u00edsticos y si no se aviene a un acuerdo sobre sus investigaciones nucleares, habr\u00e1 ataque. Para apuntalar sus palabras, el presidente norteamericano, Donald Trump, ha ordenado un importante despliegue militar en Oriente Medio.\u00a0Qu\u00e9 es la listaLa UE adopt\u00f3 por primera vez medidas restrictivas contra personas y entidades implicadas en actos de terrorismo en diciembre de 2001, a ra\u00edz de los atentados terroristas del 11 de septiembre de ese a\u00f1o.La lista de la UE se estableci\u00f3 para aplicar la Resoluci\u00f3n 1373 (2001) del Consejo de Seguridad de Naciones Unidas e incluye a organizaciones como Al Qaeda o el Estado Isl\u00e1mico.Todas las personas, grupos y entidades incluidos est\u00e1n sujetos a medidas relacionadas con la inmovilizaci\u00f3n de fondos y activos financieros y con la cooperaci\u00f3n policial y judicial en materia penal.Los motivosLa decisi\u00f3n de incluir a la CGRI se produce tras la represi\u00f3n de las masivas protestas contra el r\u00e9gimen iran\u00ed este mes, en las que murieron 3.117 personas, seg\u00fan la versi\u00f3n oficial iran\u00ed, una cifra que organizaciones de derechos humanos opositoras como HRANA, con sede en EEUU, sit\u00faan en 6.373, con miles de denuncias de homicidios a\u00fan no confirmados y m\u00e1s de 40.000 arrestos.\"La represi\u00f3n no puede quedar sin respuesta\", indic\u00f3 ayer la alta representante de la Uni\u00f3n para Asuntos Exteriores y Seguridad, Kaja Kallas, mientras que la presidenta de la Comisi\u00f3n Europea, Ursula von der Leyen, afirm\u00f3 que \"'terrorista' es, en efecto, como se denomina a un r\u00e9gimen que aplasta con sangre las protestas de su propio pueblo\".Los efectosFuentes diplom\u00e1ticas hab\u00edan apuntado la v\u00edspera que la CGRI ya figura en la lista de reg\u00edmenes de sanciones contra Ir\u00e1n -tanto como entidad como muchos de sus miembros- y que, en lo que respecta a la congelaci\u00f3n de activos y la prohibici\u00f3n de transferencias, ya se ve afectada, por lo que \"en la pr\u00e1ctica el valor a\u00f1adido de incluirla como organizaci\u00f3n terrorista es muy limitado\".De hecho, la UE introdujo en 2011 un r\u00e9gimen compuesto por medidas restrictivas dirigidas espec\u00edficamente contra las violaciones y abusos de los derechos humanos en Ir\u00e1n, que se han renovado anualmente desde entonces.Desde 2022, la UE ha aumentado dr\u00e1sticamente las medidas restrictivas, adoptando m\u00faltiples paquetes de sanciones en el contexto de la creciente preocupaci\u00f3n por la situaci\u00f3n de los derechos humanos en Ir\u00e1n.Adem\u00e1s, el 20 de julio de 2023, el Consejo estableci\u00f3 un marco espec\u00edfico para las sanciones en vista del apoyo militar de Ir\u00e1n a la guerra de Rusia contra Ucrania y, en mayo de 2024, su alcance se ampli\u00f3 en vista del apoyo militar de Ir\u00e1n a grupos armados en Oriente Medio y la regi\u00f3n del mar Rojo y de los ataques con drones y misiles que Ir\u00e1n llev\u00f3 a cabo contra Israel en abril de ese a\u00f1o.","og_url":"https:\/\/vof-news.eu\/es\/la-ue-acuerda-designar-a-la-guardia-revolucionaria-de-iran-como-grupo-terrorista-que-supone\/","og_site_name":"vof-news.eu","article_published_time":"2026-01-30T06:22:45+00:00","article_modified_time":"2026-01-30T06:24:23+00:00","og_image":[{"width":1200,"height":800,"url":"https:\/\/vof-news.eu\/wp-content\/uploads\/2026\/01\/la-alta-representante-de-la-ue-para-asuntos-exteriores-y-politica-de-seguridad-kaja-kallas-el-20-de-enero-de-2026-en-la-sede-de-estrasburgo-del-parlamento-europeo.jpeg","type":"image\/jpeg"}],"author":"Author","twitter_card":"summary_large_image","twitter_misc":{"Escrito por":"Author","Tiempo de lectura":"7 minutos"},"schema":{"@context":"https:\/\/schema.org","@graph":[{"@type":"WebPage","@id":"https:\/\/vof-news.eu\/es\/la-ue-acuerda-designar-a-la-guardia-revolucionaria-de-iran-como-grupo-terrorista-que-supone\/","url":"https:\/\/vof-news.eu\/es\/la-ue-acuerda-designar-a-la-guardia-revolucionaria-de-iran-como-grupo-terrorista-que-supone\/","name":"La UE acuerda designar a la Guardia Revolucionaria de Ir\u00e1n como grupo terrorista: \u00bfqu\u00e9 supone? - vof-news.eu","isPartOf":{"@id":"https:\/\/vof-news.eu\/es\/#website"},"primaryImageOfPage":{"@id":"https:\/\/vof-news.eu\/es\/la-ue-acuerda-designar-a-la-guardia-revolucionaria-de-iran-como-grupo-terrorista-que-supone\/#primaryimage"},"image":{"@id":"https:\/\/vof-news.eu\/es\/la-ue-acuerda-designar-a-la-guardia-revolucionaria-de-iran-como-grupo-terrorista-que-supone\/#primaryimage"},"thumbnailUrl":"https:\/\/vof-news.eu\/wp-content\/uploads\/2026\/01\/la-alta-representante-de-la-ue-para-asuntos-exteriores-y-politica-de-seguridad-kaja-kallas-el-20-de-enero-de-2026-en-la-sede-de-estrasburgo-del-parlamento-europeo.jpeg","datePublished":"2026-01-30T06:22:45+00:00","dateModified":"2026-01-30T06:24:23+00:00","author":{"@id":"https:\/\/vof-news.eu\/es\/#\/schema\/person\/f6a2a4309f0561835797fd8c19b333ed"},"description":"Los ministros de Exteriores de la Uni\u00f3n Europea dieron este jueves el primer paso para incluir a la Guardia Revolucionaria de Ir\u00e1n (CGRI) en la lista de organizaciones terroristas de la UE, una decisi\u00f3n en gran medida simb\u00f3lica puesto que ya est\u00e1 sujeta a una amplia gama de sanciones europeas, incluidas algunas destinadas a prevenir la proliferaci\u00f3n nuclear.Lo hace cuando las presiones se acrecientan contra el r\u00e9gimen de los ayatol\u00e1s por su represi\u00f3n contra los manifestantes que, desde hace m\u00e1s de un mes, reclaman salidas a la crisis econ\u00f3mica que afronta el pa\u00eds. Las ONG calculan que se ha asesinado ya a m\u00e1s de 6.000 personas.\u00a0Ello ha llevado a Estados Unidos a amenazar Teher\u00e1n: si no se detiene, si no frena sus proyectos armament\u00edsticos y si no se aviene a un acuerdo sobre sus investigaciones nucleares, habr\u00e1 ataque. Para apuntalar sus palabras, el presidente norteamericano, Donald Trump, ha ordenado un importante despliegue militar en Oriente Medio.\u00a0Qu\u00e9 es la listaLa UE adopt\u00f3 por primera vez medidas restrictivas contra personas y entidades implicadas en actos de terrorismo en diciembre de 2001, a ra\u00edz de los atentados terroristas del 11 de septiembre de ese a\u00f1o.La lista de la UE se estableci\u00f3 para aplicar la Resoluci\u00f3n 1373 (2001) del Consejo de Seguridad de Naciones Unidas e incluye a organizaciones como Al Qaeda o el Estado Isl\u00e1mico.Todas las personas, grupos y entidades incluidos est\u00e1n sujetos a medidas relacionadas con la inmovilizaci\u00f3n de fondos y activos financieros y con la cooperaci\u00f3n policial y judicial en materia penal.Los motivosLa decisi\u00f3n de incluir a la CGRI se produce tras la represi\u00f3n de las masivas protestas contra el r\u00e9gimen iran\u00ed este mes, en las que murieron 3.117 personas, seg\u00fan la versi\u00f3n oficial iran\u00ed, una cifra que organizaciones de derechos humanos opositoras como HRANA, con sede en EEUU, sit\u00faan en 6.373, con miles de denuncias de homicidios a\u00fan no confirmados y m\u00e1s de 40.000 arrestos.\"La represi\u00f3n no puede quedar sin respuesta\", indic\u00f3 ayer la alta representante de la Uni\u00f3n para Asuntos Exteriores y Seguridad, Kaja Kallas, mientras que la presidenta de la Comisi\u00f3n Europea, Ursula von der Leyen, afirm\u00f3 que \"'terrorista' es, en efecto, como se denomina a un r\u00e9gimen que aplasta con sangre las protestas de su propio pueblo\".Los efectosFuentes diplom\u00e1ticas hab\u00edan apuntado la v\u00edspera que la CGRI ya figura en la lista de reg\u00edmenes de sanciones contra Ir\u00e1n -tanto como entidad como muchos de sus miembros- y que, en lo que respecta a la congelaci\u00f3n de activos y la prohibici\u00f3n de transferencias, ya se ve afectada, por lo que \"en la pr\u00e1ctica el valor a\u00f1adido de incluirla como organizaci\u00f3n terrorista es muy limitado\".De hecho, la UE introdujo en 2011 un r\u00e9gimen compuesto por medidas restrictivas dirigidas espec\u00edficamente contra las violaciones y abusos de los derechos humanos en Ir\u00e1n, que se han renovado anualmente desde entonces.Desde 2022, la UE ha aumentado dr\u00e1sticamente las medidas restrictivas, adoptando m\u00faltiples paquetes de sanciones en el contexto de la creciente preocupaci\u00f3n por la situaci\u00f3n de los derechos humanos en Ir\u00e1n.Adem\u00e1s, el 20 de julio de 2023, el Consejo estableci\u00f3 un marco espec\u00edfico para las sanciones en vista del apoyo militar de Ir\u00e1n a la guerra de Rusia contra Ucrania y, en mayo de 2024, su alcance se ampli\u00f3 en vista del apoyo militar de Ir\u00e1n a grupos armados en Oriente Medio y la regi\u00f3n del mar Rojo y de los ataques con drones y misiles que Ir\u00e1n llev\u00f3 a cabo contra Israel en abril de ese a\u00f1o.","breadcrumb":{"@id":"https:\/\/vof-news.eu\/es\/la-ue-acuerda-designar-a-la-guardia-revolucionaria-de-iran-como-grupo-terrorista-que-supone\/#breadcrumb"},"inLanguage":"es","potentialAction":[{"@type":"ReadAction","target":["https:\/\/vof-news.eu\/es\/la-ue-acuerda-designar-a-la-guardia-revolucionaria-de-iran-como-grupo-terrorista-que-supone\/"]}]},{"@type":"ImageObject","inLanguage":"es","@id":"https:\/\/vof-news.eu\/es\/la-ue-acuerda-designar-a-la-guardia-revolucionaria-de-iran-como-grupo-terrorista-que-supone\/#primaryimage","url":"https:\/\/vof-news.eu\/wp-content\/uploads\/2026\/01\/la-alta-representante-de-la-ue-para-asuntos-exteriores-y-politica-de-seguridad-kaja-kallas-el-20-de-enero-de-2026-en-la-sede-de-estrasburgo-del-parlamento-europeo.jpeg","contentUrl":"https:\/\/vof-news.eu\/wp-content\/uploads\/2026\/01\/la-alta-representante-de-la-ue-para-asuntos-exteriores-y-politica-de-seguridad-kaja-kallas-el-20-de-enero-de-2026-en-la-sede-de-estrasburgo-del-parlamento-europeo.jpeg","width":1200,"height":800},{"@type":"BreadcrumbList","@id":"https:\/\/vof-news.eu\/es\/la-ue-acuerda-designar-a-la-guardia-revolucionaria-de-iran-como-grupo-terrorista-que-supone\/#breadcrumb","itemListElement":[{"@type":"ListItem","position":1,"name":"Home","item":"https:\/\/vof-news.eu\/es\/"},{"@type":"ListItem","position":2,"name":"La UE acuerda designar a la Guardia Revolucionaria de Ir\u00e1n como grupo terrorista: \u00bfqu\u00e9 supone?"}]},{"@type":"WebSite","@id":"https:\/\/vof-news.eu\/es\/#website","url":"https:\/\/vof-news.eu\/es\/","name":"vof-news.eu","description":"","potentialAction":[{"@type":"SearchAction","target":{"@type":"EntryPoint","urlTemplate":"https:\/\/vof-news.eu\/es\/?s={search_term_string}"},"query-input":"required name=search_term_string"}],"inLanguage":"es"},{"@type":"Person","@id":"https:\/\/vof-news.eu\/es\/#\/schema\/person\/f6a2a4309f0561835797fd8c19b333ed","name":"Author","image":{"@type":"ImageObject","inLanguage":"es","@id":"https:\/\/vof-news.eu\/es\/#\/schema\/person\/image\/","url":"https:\/\/secure.gravatar.com\/avatar\/b67e614b1b25b3e9c0c239efdd2fde5ab015b5affd6f1c3c85911ca4b384e790?s=96&d=mm&r=g","contentUrl":"https:\/\/secure.gravatar.com\/avatar\/b67e614b1b25b3e9c0c239efdd2fde5ab015b5affd6f1c3c85911ca4b384e790?s=96&d=mm&r=g","caption":"Author"},"sameAs":["http:\/\/vof-news.eu"],"url":"https:\/\/vof-news.eu\/es\/author\/zwt6qxnjulxbnyg\/"}]}},"yoast_meta":{"yoast_wpseo_title":"","yoast_wpseo_metadesc":"","yoast_wpseo_canonical":""},"_links":{"self":[{"href":"https:\/\/vof-news.eu\/es\/wp-json\/wp\/v2\/posts\/321774","targetHints":{"allow":["GET"]}}],"collection":[{"href":"https:\/\/vof-news.eu\/es\/wp-json\/wp\/v2\/posts"}],"about":[{"href":"https:\/\/vof-news.eu\/es\/wp-json\/wp\/v2\/types\/post"}],"author":[{"embeddable":true,"href":"https:\/\/vof-news.eu\/es\/wp-json\/wp\/v2\/users\/1"}],"replies":[{"embeddable":true,"href":"https:\/\/vof-news.eu\/es\/wp-json\/wp\/v2\/comments?post=321774"}],"version-history":[{"count":1,"href":"https:\/\/vof-news.eu\/es\/wp-json\/wp\/v2\/posts\/321774\/revisions"}],"predecessor-version":[{"id":321790,"href":"https:\/\/vof-news.eu\/es\/wp-json\/wp\/v2\/posts\/321774\/revisions\/321790"}],"wp:featuredmedia":[{"embeddable":true,"href":"https:\/\/vof-news.eu\/es\/wp-json\/wp\/v2\/media\/321782"}],"wp:attachment":[{"href":"https:\/\/vof-news.eu\/es\/wp-json\/wp\/v2\/media?parent=321774"}],"wp:term":[{"taxonomy":"category","embeddable":true,"href":"https:\/\/vof-news.eu\/es\/wp-json\/wp\/v2\/categories?post=321774"},{"taxonomy":"post_tag","embeddable":true,"href":"https:\/\/vof-news.eu\/es\/wp-json\/wp\/v2\/tags?post=321774"}],"curies":[{"name":"wp","href":"https:\/\/api.w.org\/{rel}","templated":true}]}}