{"id":321766,"date":"2026-01-30T09:19:30","date_gmt":"2026-01-30T06:19:30","guid":{"rendered":"https:\/\/vof-news.eu\/la-propuesta-de-feijoo-para-expulsar-a-extranjeros-sin-condena-choca-con-el-supremo-y-el-constitucional\/"},"modified":"2026-01-30T09:20:47","modified_gmt":"2026-01-30T06:20:47","slug":"la-propuesta-de-feijoo-para-expulsar-a-extranjeros-sin-condena-choca-con-el-supremo-y-el-constitucional","status":"publish","type":"post","link":"https:\/\/vof-news.eu\/es\/la-propuesta-de-feijoo-para-expulsar-a-extranjeros-sin-condena-choca-con-el-supremo-y-el-constitucional\/","title":{"rendered":"La propuesta de Feij\u00f3o para expulsar a extranjeros sin condena choca con el Supremo y el Constitucional"},"content":{"rendered":"<div>\n<p>\n        El <a href=\"https:\/\/www.eldiario.es\/temas\/pp\/\" rel=\"nofollow\">Partido Popular<\/a> ha subido el list\u00f3n de su discurso antiinmigraci\u00f3n con la \u00faltima propuesta de su l\u00edder <a href=\"https:\/\/www.eldiario.es\/temas\/alberto-nunez-feijoo\/\" rel=\"nofollow\">Alberto N\u00fa\u00f1ez Feij\u00f3o<\/a>: negar la residencia en Espa\u00f1a a un extranjero aunque, tras ser detenido por la Polic\u00eda, no haya sido ni siquiera juzgado o condenado. La idea del presidente del partido va m\u00e1s all\u00e1 de <a href=\"https:\/\/www.eldiario.es\/desalambre\/feijoo-necesita-leer-codigo-penal-mayoria-propuestas-expulsiones-inmigrantes-ley_1_12649414.html\" rel=\"nofollow\">sus \u00faltimas iniciativas de octubre<\/a> y choca frontalmente con la ley de Extranjer\u00eda, el C\u00f3digo Penal y varias sentencias que tanto el Tribunal Supremo como el Tribunal Constitucional han dictado en la \u00faltima d\u00e9cada. Los jueces han establecido que una condena debe ser firme y superior a un a\u00f1o de c\u00e1rcel para poder acarrear como consecuencia la expulsi\u00f3n del pa\u00eds.\n    <\/p>\n<p>\n        El l\u00edder de la oposici\u00f3n hizo el anuncio este jueves en una entrevista en <a href=\"https:\/\/www.antena3.com\/programas\/espejo-publico\/noticias\/alberto-nunez-feijoo-accidente-tren-nos-han-mentido-oscar-puente-intento-decir-primer-momento-que-via-era-problema_20260129697b2b7a2f00a04688ec1cfc.html\" rel=\"nofollow\">Antena 3<\/a>. Su propuesta es una \u201cregularizaci\u00f3n individual condicionada\u201d, entre otras cosas, a que una persona no tenga \u201cning\u00fan tipo de antecedente\u201d. Pero \u201cno solo de antecedentes penales, que requiere una sentencia\u201d, especific\u00f3 Feij\u00f3o, sino tambi\u00e9n \u201cantecedentes policiales\u201d. \u201cHay casos en los que un inmigrante ha robado varias veces. Son delitos que est\u00e1n en su ficha policial. No est\u00e1n todav\u00eda bajo sentencia porque no hay juicio\u201d, explic\u00f3, para mostrar su oposici\u00f3n <a href=\"https:\/\/www.eldiario.es\/politica\/gobierno-inicia-tramites-regularizacion-extraordinaria-migrantes-reforzamos-modelo-basado-derechos-humanos_1_12939043.html\" rel=\"nofollow\">al anuncio del Gobierno<\/a> de regularizar a miles de migrantes de forma extraordinaria.\n    <\/p>\n<p>\n        La iniciativa del PP supone dar un paso m\u00e1s en la escalada de propuestas para restringir la migraci\u00f3n. Ya el pasado mes de julio abri\u00f3 la puerta a aumentar los delitos que pueden acarrear la expulsi\u00f3n de un extranjero aunque tenga residencia legal en Espa\u00f1a. Y en octubre present\u00f3 su programa sobre la materia con medidas que, esencialmente, <a href=\"https:\/\/www.eldiario.es\/desalambre\/feijoo-necesita-leer-codigo-penal-mayoria-propuestas-expulsiones-inmigrantes-ley_1_12649414.html\" rel=\"nofollow\">ya est\u00e1n en la normativa espa\u00f1ola<\/a>: la expulsi\u00f3n cuando hay una condena por delitos graves como asesinato, agresi\u00f3n sexual, terrorismo o trata de seres humanos. En plena pugna con Vox para abanderar y controlar el discurso sobre la \u201c<a href=\"https:\/\/www.pp.es\/storage\/2025\/10\/Plan-Nacional-de-Inmigracion-del-Partido-Popular.pdf\" rel=\"nofollow\">inmigraci\u00f3n ordenada y mutuamente beneficiosa<\/a>\u201d, el PP ha propuesto medidas que chocan frontalmente con lo establecido por los tribunales espa\u00f1oles.\n    <\/p>\n<p>\n        Las leyes recogen varios caminos por los que una persona extranjera puede ser expulsada de Espa\u00f1a. Un juez de lo penal tiene en su mano, por ejemplo, sustituir parte de una condena de c\u00e1rcel por la expulsi\u00f3n. Las delegaciones y subdelegaciones de Gobierno pueden firmar la expulsi\u00f3n de una persona si consideran que sus antecedentes, falta de arraigo y situaci\u00f3n irregular. Pero en todos los casos un proceso de expulsi\u00f3n puede llevar a\u00f1os y la \u00faltima palabra, a trav\u00e9s de los recursos, siempre la tiene un juez. Y en la \u00faltima d\u00e9cada los tribunales han dejado claro que ni la administraci\u00f3n ni la Justicia tienen carta blanca para enviar fuera del pa\u00eds a cualquier persona extranjera en cualquier circunstancia.\n    <\/p>\n<p>\n        Dos salas distintas del Tribunal Supremo, por ejemplo, han establecido que no cualquier condena de prisi\u00f3n puede acarrear una expulsi\u00f3n del territorio nacional. La Sala de lo Contencioso-administrativo <a href=\"https:\/\/www.poderjudicial.es\/cgpj\/es\/Poder-Judicial\/Noticias-Judiciales\/El-Tribunal-Supremo-establece-que-solo-cabe-expulsar-a-los-extranjeros-condenados-por-delitos-cuya-pena-minima-supere-el-ano-de-prision\" rel=\"nofollow\">explic\u00f3 ya en 2018<\/a> que una persona extranjera solo puede ser expulsada por delitos cuya condena m\u00ednima establecida en el C\u00f3digo Penal supere el a\u00f1o de prisi\u00f3n. Lo dijo al estudiar el caso de un hombre acusado de agredir a agentes de la autoridad en Sevilla y que hab\u00eda sido expulsado durante siete a\u00f1os del pa\u00eds. Ese filtro fue completado en 2020 por la Sala de lo Penal cuando, haci\u00e9ndose eco de esa primera sentencia de la sala vecina, prohibi\u00f3 que los jueces sustituyeran por expulsi\u00f3n condenas de c\u00e1rcel de <a href=\"https:\/\/www.poderjudicial.es\/cgpj\/es\/Poder-Judicial\/Noticias-Judiciales\/El-Tribunal-Supremo-establece-que-no-se-puede-sustituir-una-pena-de-prision-inferior-a-un-ano-impuesta-a-un-ciudadano-extranjero-por-una-de-expulsion\" rel=\"nofollow\">menos de un a\u00f1o de presidio<\/a>.\n    <\/p>\n<p>\n        Esas decisiones interpretaron dos art\u00edculos legales que condicionan las promesas que ha hecho Alberto N\u00fa\u00f1ez Feij\u00f3o en materia migratoria. Por un lado, el art\u00edculo 57 de la norma de Extranjer\u00eda y, por otro, el 89 del C\u00f3digo Penal. No seguir ese criterio, dijo el Tribunal Supremo, \u201cvulnerar\u00eda el principio de legalidad de las penas proclamado en el art\u00edculo 25 de la Constituci\u00f3n\u201d. Los hurtos, los quebrantamientos de condena, las lesiones o los atentados contra la autoridad tienen una pena m\u00ednima de un a\u00f1o de presidio. M\u00e1s de la mitad de las condenas impuestas por delitos sexuales en Espa\u00f1a, seg\u00fan los \u00faltimos datos del Poder Judicial relativos al a\u00f1o 2024, son inferiores a los dos a\u00f1os de prisi\u00f3n.\n    <\/p>\n<h2>Negar la residencia sin condena<\/h2>\n<p>\n        En l\u00edneas generales tanto el Constitucional como el Supremo han restringido la capacidad de la administraci\u00f3n para expulsar a gente despu\u00e9s de una condena o de constatarse que se encontraban en situaci\u00f3n administrativa irregular. El a\u00f1o pasado la sala tercera del Supremo, por ejemplo, fren\u00f3 la expulsi\u00f3n <a href=\"https:\/\/www.poderjudicial.es\/search\/AN\/openDocument\/1520d05373203543a0a8778d75e36f0d\/20250227\" rel=\"nofollow\">de un ciudadano de Paraguay<\/a> durante cinco a\u00f1os dictada por la Delegaci\u00f3n del Gobierno en Madrid porque hab\u00eda cometido una infracci\u00f3n grave: no ten\u00eda ning\u00fan documento que acreditara su residencia legal en Espa\u00f1a y le constaba una detenci\u00f3n por malos tratos. Un \u201ccomportamiento antisocial\u201d que seg\u00fan la Delegaci\u00f3n del Gobierno no pod\u00eda zanjarse con una multa.\n    <\/p>\n<p>\n        Los jueces del Supremo cuestionaron la idea que ahora ha expuesto Alberto N\u00fa\u00f1ez Feij\u00f3o: \u201cLa mera menci\u00f3n de un antecedente policial sobre una detenci\u00f3n cuando no se concreta cu\u00e1l haya sido el resultado de aquella detenci\u00f3n\u201d. El Constitucional <a href=\"https:\/\/www.boe.es\/diario_boe\/txt.php?id=BOE-A-2023-18743\" rel=\"nofollow\">hab\u00eda dicho algo similar dos a\u00f1os<\/a> antes al dar la raz\u00f3n a una mujer dominicana que se enfrent\u00f3 a la expulsi\u00f3n por no tener los papeles en regla y haber sido detenida por pegarse con su pareja y en una segunda ocasi\u00f3n por atentado contra la autoridad sin explicar c\u00f3mo acabaron esos procesos y si fue juzgada y condenada. \u201cSe ignora cu\u00e1l ha podido ser el recorrido judicial de los hechos ni desde luego consta que haya sido condenada penalmente\u201d, destac\u00f3 el Constitucional.\n    <\/p>\n<p>\n        La conclusi\u00f3n que sac\u00f3 entonces el tribunal de garant\u00edas por unanimidad de conservadores y progresistas contradice frontalmente la \u00faltima propuesta de facilitar la expulsi\u00f3n de alguien por tener antecedentes policiales: \u201cMal puede la simple noticia de esas detenciones (con valor equivalente a una denuncia) erigirse en causa proporcional de su expulsi\u00f3n de Espa\u00f1a\u201d. Por norma general, adem\u00e1s, los tribunales esperan a que una condena sea firme para empezar su ejecuci\u00f3n o poner en marcha las consecuencias administrativas, como puede ser la expulsi\u00f3n. Muy lejos de justificar consecuencias negativas para alguien por tener una o varias detenciones policiales en su expediente.\n    <\/p>\n<p>\n        Cambiar las leyes para facilitar esto implicar\u00eda modificar a fondo el C\u00f3digo Penal y la ley de Extranjer\u00eda, adem\u00e1s de enfrentarse a la interpretaci\u00f3n que los tribunales espa\u00f1oles han hecho de la normativa comunitaria sobre el retorno de personas en \u201c<a href=\"https:\/\/www.boe.es\/doue\/2008\/348\/L00098-00107.pdf\" rel=\"nofollow\">situaci\u00f3n irregular<\/a>\u201d. La reincidencia penal ya es un elemento tenido en cuenta a la hora de decretar una expulsi\u00f3n, tanto administrativa como penal, por parte de los jueces o las delegaciones y subdelegaciones del Gobierno. Lo que nunca sucede es que una parte de una condena penal o sus consecuencias se ejecute antes incluso de que exista la condena en s\u00ed misma y sea firme como ha propuesto ahora Alberto N\u00fa\u00f1ez Feij\u00f3o.\n    <\/p>\n<\/div>\n","protected":false},"excerpt":{"rendered":"<p>El Partido Popular ha subido el list\u00f3n de su discurso antiinmigraci\u00f3n con la \u00faltima propuesta de su l\u00edder Alberto N\u00fa\u00f1ez Feij\u00f3o: negar la residencia en Espa\u00f1a a un extranjero aunque, tras ser detenido por la Polic\u00eda, no haya sido ni siquiera juzgado o condenado. La idea del presidente del partido va m\u00e1s all\u00e1 de sus<\/p>\n","protected":false},"author":1,"featured_media":321767,"comment_status":"open","ping_status":"open","sticky":false,"template":"","format":"standard","meta":{"footnotes":""},"categories":[71],"tags":[],"class_list":["post-321766","post","type-post","status-publish","format-standard","has-post-thumbnail","hentry","category-politics-es"],"acf":[],"yoast_head":"<!-- This site is optimized with the Yoast SEO plugin v22.9 - https:\/\/yoast.com\/wordpress\/plugins\/seo\/ -->\n<title>La propuesta de Feij\u00f3o para expulsar a extranjeros sin condena choca con el Supremo y el Constitucional - vof-news.eu<\/title>\n<meta name=\"description\" content=\"El Partido Popular ha subido el list\u00f3n de su discurso antiinmigraci\u00f3n con la \u00faltima propuesta de su l\u00edder Alberto N\u00fa\u00f1ez Feij\u00f3o: negar la residencia en Espa\u00f1a a un extranjero aunque, tras ser detenido por la Polic\u00eda, no haya sido ni siquiera juzgado o condenado. La idea del presidente del partido va m\u00e1s all\u00e1 de sus \u00faltimas iniciativas de octubre y choca frontalmente con la ley de Extranjer\u00eda, el C\u00f3digo Penal y varias sentencias que tanto el Tribunal Supremo como el Tribunal Constitucional han dictado en la \u00faltima d\u00e9cada. Los jueces han establecido que una condena debe ser firme y superior a un a\u00f1o de c\u00e1rcel para poder acarrear como consecuencia la expulsi\u00f3n del pa\u00eds.\" \/>\n<meta name=\"robots\" content=\"noindex, follow, max-snippet:-1, max-image-preview:large, max-video-preview:-1\" \/>\n<meta property=\"og:locale\" content=\"es_ES\" \/>\n<meta property=\"og:type\" content=\"article\" \/>\n<meta property=\"og:title\" content=\"La propuesta de Feij\u00f3o para expulsar a extranjeros sin condena choca con el Supremo y el Constitucional - vof-news.eu\" \/>\n<meta property=\"og:description\" content=\"El Partido Popular ha subido el list\u00f3n de su discurso antiinmigraci\u00f3n con la \u00faltima propuesta de su l\u00edder Alberto N\u00fa\u00f1ez Feij\u00f3o: negar la residencia en Espa\u00f1a a un extranjero aunque, tras ser detenido por la Polic\u00eda, no haya sido ni siquiera juzgado o condenado. La idea del presidente del partido va m\u00e1s all\u00e1 de sus \u00faltimas iniciativas de octubre y choca frontalmente con la ley de Extranjer\u00eda, el C\u00f3digo Penal y varias sentencias que tanto el Tribunal Supremo como el Tribunal Constitucional han dictado en la \u00faltima d\u00e9cada. Los jueces han establecido que una condena debe ser firme y superior a un a\u00f1o de c\u00e1rcel para poder acarrear como consecuencia la expulsi\u00f3n del pa\u00eds.\" \/>\n<meta property=\"og:url\" content=\"https:\/\/vof-news.eu\/es\/la-propuesta-de-feijoo-para-expulsar-a-extranjeros-sin-condena-choca-con-el-supremo-y-el-constitucional\/\" \/>\n<meta property=\"og:site_name\" content=\"vof-news.eu\" \/>\n<meta property=\"article:published_time\" content=\"2026-01-30T06:19:30+00:00\" \/>\n<meta property=\"article:modified_time\" content=\"2026-01-30T06:20:47+00:00\" \/>\n<meta property=\"og:image\" content=\"https:\/\/vof-news.eu\/wp-content\/uploads\/2026\/01\/8c2539aa-b7dd-4277-ba19-d3b3bfe08f40_16-9-discover-aspect-ratio_default_0.jpg\" \/>\n\t<meta property=\"og:image:width\" content=\"1200\" \/>\n\t<meta property=\"og:image:height\" content=\"675\" \/>\n\t<meta property=\"og:image:type\" content=\"image\/jpeg\" \/>\n<meta name=\"author\" content=\"Author\" \/>\n<meta name=\"twitter:card\" content=\"summary_large_image\" \/>\n<meta name=\"twitter:label1\" content=\"Escrito por\" \/>\n\t<meta name=\"twitter:data1\" content=\"Author\" \/>\n\t<meta name=\"twitter:label2\" content=\"Tiempo de lectura\" \/>\n\t<meta name=\"twitter:data2\" content=\"6 minutos\" \/>\n<script type=\"application\/ld+json\" class=\"yoast-schema-graph\">{\"@context\":\"https:\/\/schema.org\",\"@graph\":[{\"@type\":\"WebPage\",\"@id\":\"https:\/\/vof-news.eu\/es\/la-propuesta-de-feijoo-para-expulsar-a-extranjeros-sin-condena-choca-con-el-supremo-y-el-constitucional\/\",\"url\":\"https:\/\/vof-news.eu\/es\/la-propuesta-de-feijoo-para-expulsar-a-extranjeros-sin-condena-choca-con-el-supremo-y-el-constitucional\/\",\"name\":\"La propuesta de Feij\u00f3o para expulsar a extranjeros sin condena choca con el Supremo y el Constitucional - vof-news.eu\",\"isPartOf\":{\"@id\":\"https:\/\/vof-news.eu\/es\/#website\"},\"primaryImageOfPage\":{\"@id\":\"https:\/\/vof-news.eu\/es\/la-propuesta-de-feijoo-para-expulsar-a-extranjeros-sin-condena-choca-con-el-supremo-y-el-constitucional\/#primaryimage\"},\"image\":{\"@id\":\"https:\/\/vof-news.eu\/es\/la-propuesta-de-feijoo-para-expulsar-a-extranjeros-sin-condena-choca-con-el-supremo-y-el-constitucional\/#primaryimage\"},\"thumbnailUrl\":\"https:\/\/vof-news.eu\/wp-content\/uploads\/2026\/01\/8c2539aa-b7dd-4277-ba19-d3b3bfe08f40_16-9-discover-aspect-ratio_default_0.jpg\",\"datePublished\":\"2026-01-30T06:19:30+00:00\",\"dateModified\":\"2026-01-30T06:20:47+00:00\",\"author\":{\"@id\":\"https:\/\/vof-news.eu\/es\/#\/schema\/person\/f6a2a4309f0561835797fd8c19b333ed\"},\"description\":\"El Partido Popular ha subido el list\u00f3n de su discurso antiinmigraci\u00f3n con la \u00faltima propuesta de su l\u00edder Alberto N\u00fa\u00f1ez Feij\u00f3o: negar la residencia en Espa\u00f1a a un extranjero aunque, tras ser detenido por la Polic\u00eda, no haya sido ni siquiera juzgado o condenado. La idea del presidente del partido va m\u00e1s all\u00e1 de sus \u00faltimas iniciativas de octubre y choca frontalmente con la ley de Extranjer\u00eda, el C\u00f3digo Penal y varias sentencias que tanto el Tribunal Supremo como el Tribunal Constitucional han dictado en la \u00faltima d\u00e9cada. Los jueces han establecido que una condena debe ser firme y superior a un a\u00f1o de c\u00e1rcel para poder acarrear como consecuencia la expulsi\u00f3n del pa\u00eds.\",\"breadcrumb\":{\"@id\":\"https:\/\/vof-news.eu\/es\/la-propuesta-de-feijoo-para-expulsar-a-extranjeros-sin-condena-choca-con-el-supremo-y-el-constitucional\/#breadcrumb\"},\"inLanguage\":\"es\",\"potentialAction\":[{\"@type\":\"ReadAction\",\"target\":[\"https:\/\/vof-news.eu\/es\/la-propuesta-de-feijoo-para-expulsar-a-extranjeros-sin-condena-choca-con-el-supremo-y-el-constitucional\/\"]}]},{\"@type\":\"ImageObject\",\"inLanguage\":\"es\",\"@id\":\"https:\/\/vof-news.eu\/es\/la-propuesta-de-feijoo-para-expulsar-a-extranjeros-sin-condena-choca-con-el-supremo-y-el-constitucional\/#primaryimage\",\"url\":\"https:\/\/vof-news.eu\/wp-content\/uploads\/2026\/01\/8c2539aa-b7dd-4277-ba19-d3b3bfe08f40_16-9-discover-aspect-ratio_default_0.jpg\",\"contentUrl\":\"https:\/\/vof-news.eu\/wp-content\/uploads\/2026\/01\/8c2539aa-b7dd-4277-ba19-d3b3bfe08f40_16-9-discover-aspect-ratio_default_0.jpg\",\"width\":1200,\"height\":675},{\"@type\":\"BreadcrumbList\",\"@id\":\"https:\/\/vof-news.eu\/es\/la-propuesta-de-feijoo-para-expulsar-a-extranjeros-sin-condena-choca-con-el-supremo-y-el-constitucional\/#breadcrumb\",\"itemListElement\":[{\"@type\":\"ListItem\",\"position\":1,\"name\":\"Home\",\"item\":\"https:\/\/vof-news.eu\/es\/\"},{\"@type\":\"ListItem\",\"position\":2,\"name\":\"La propuesta de Feij\u00f3o para expulsar a extranjeros sin condena choca con el Supremo y el Constitucional\"}]},{\"@type\":\"WebSite\",\"@id\":\"https:\/\/vof-news.eu\/es\/#website\",\"url\":\"https:\/\/vof-news.eu\/es\/\",\"name\":\"vof-news.eu\",\"description\":\"\",\"potentialAction\":[{\"@type\":\"SearchAction\",\"target\":{\"@type\":\"EntryPoint\",\"urlTemplate\":\"https:\/\/vof-news.eu\/es\/?s={search_term_string}\"},\"query-input\":\"required name=search_term_string\"}],\"inLanguage\":\"es\"},{\"@type\":\"Person\",\"@id\":\"https:\/\/vof-news.eu\/es\/#\/schema\/person\/f6a2a4309f0561835797fd8c19b333ed\",\"name\":\"Author\",\"image\":{\"@type\":\"ImageObject\",\"inLanguage\":\"es\",\"@id\":\"https:\/\/vof-news.eu\/es\/#\/schema\/person\/image\/\",\"url\":\"https:\/\/secure.gravatar.com\/avatar\/b67e614b1b25b3e9c0c239efdd2fde5ab015b5affd6f1c3c85911ca4b384e790?s=96&d=mm&r=g\",\"contentUrl\":\"https:\/\/secure.gravatar.com\/avatar\/b67e614b1b25b3e9c0c239efdd2fde5ab015b5affd6f1c3c85911ca4b384e790?s=96&d=mm&r=g\",\"caption\":\"Author\"},\"sameAs\":[\"http:\/\/vof-news.eu\"],\"url\":\"https:\/\/vof-news.eu\/es\/author\/zwt6qxnjulxbnyg\/\"}]}<\/script>\n<!-- \/ Yoast SEO plugin. -->","yoast_head_json":{"title":"La propuesta de Feij\u00f3o para expulsar a extranjeros sin condena choca con el Supremo y el Constitucional - vof-news.eu","description":"El Partido Popular ha subido el list\u00f3n de su discurso antiinmigraci\u00f3n con la \u00faltima propuesta de su l\u00edder Alberto N\u00fa\u00f1ez Feij\u00f3o: negar la residencia en Espa\u00f1a a un extranjero aunque, tras ser detenido por la Polic\u00eda, no haya sido ni siquiera juzgado o condenado. La idea del presidente del partido va m\u00e1s all\u00e1 de sus \u00faltimas iniciativas de octubre y choca frontalmente con la ley de Extranjer\u00eda, el C\u00f3digo Penal y varias sentencias que tanto el Tribunal Supremo como el Tribunal Constitucional han dictado en la \u00faltima d\u00e9cada. Los jueces han establecido que una condena debe ser firme y superior a un a\u00f1o de c\u00e1rcel para poder acarrear como consecuencia la expulsi\u00f3n del pa\u00eds.","robots":{"index":"noindex","follow":"follow","max-snippet":"max-snippet:-1","max-image-preview":"max-image-preview:large","max-video-preview":"max-video-preview:-1"},"og_locale":"es_ES","og_type":"article","og_title":"La propuesta de Feij\u00f3o para expulsar a extranjeros sin condena choca con el Supremo y el Constitucional - vof-news.eu","og_description":"El Partido Popular ha subido el list\u00f3n de su discurso antiinmigraci\u00f3n con la \u00faltima propuesta de su l\u00edder Alberto N\u00fa\u00f1ez Feij\u00f3o: negar la residencia en Espa\u00f1a a un extranjero aunque, tras ser detenido por la Polic\u00eda, no haya sido ni siquiera juzgado o condenado. La idea del presidente del partido va m\u00e1s all\u00e1 de sus \u00faltimas iniciativas de octubre y choca frontalmente con la ley de Extranjer\u00eda, el C\u00f3digo Penal y varias sentencias que tanto el Tribunal Supremo como el Tribunal Constitucional han dictado en la \u00faltima d\u00e9cada. Los jueces han establecido que una condena debe ser firme y superior a un a\u00f1o de c\u00e1rcel para poder acarrear como consecuencia la expulsi\u00f3n del pa\u00eds.","og_url":"https:\/\/vof-news.eu\/es\/la-propuesta-de-feijoo-para-expulsar-a-extranjeros-sin-condena-choca-con-el-supremo-y-el-constitucional\/","og_site_name":"vof-news.eu","article_published_time":"2026-01-30T06:19:30+00:00","article_modified_time":"2026-01-30T06:20:47+00:00","og_image":[{"width":1200,"height":675,"url":"https:\/\/vof-news.eu\/wp-content\/uploads\/2026\/01\/8c2539aa-b7dd-4277-ba19-d3b3bfe08f40_16-9-discover-aspect-ratio_default_0.jpg","type":"image\/jpeg"}],"author":"Author","twitter_card":"summary_large_image","twitter_misc":{"Escrito por":"Author","Tiempo de lectura":"6 minutos"},"schema":{"@context":"https:\/\/schema.org","@graph":[{"@type":"WebPage","@id":"https:\/\/vof-news.eu\/es\/la-propuesta-de-feijoo-para-expulsar-a-extranjeros-sin-condena-choca-con-el-supremo-y-el-constitucional\/","url":"https:\/\/vof-news.eu\/es\/la-propuesta-de-feijoo-para-expulsar-a-extranjeros-sin-condena-choca-con-el-supremo-y-el-constitucional\/","name":"La propuesta de Feij\u00f3o para expulsar a extranjeros sin condena choca con el Supremo y el Constitucional - vof-news.eu","isPartOf":{"@id":"https:\/\/vof-news.eu\/es\/#website"},"primaryImageOfPage":{"@id":"https:\/\/vof-news.eu\/es\/la-propuesta-de-feijoo-para-expulsar-a-extranjeros-sin-condena-choca-con-el-supremo-y-el-constitucional\/#primaryimage"},"image":{"@id":"https:\/\/vof-news.eu\/es\/la-propuesta-de-feijoo-para-expulsar-a-extranjeros-sin-condena-choca-con-el-supremo-y-el-constitucional\/#primaryimage"},"thumbnailUrl":"https:\/\/vof-news.eu\/wp-content\/uploads\/2026\/01\/8c2539aa-b7dd-4277-ba19-d3b3bfe08f40_16-9-discover-aspect-ratio_default_0.jpg","datePublished":"2026-01-30T06:19:30+00:00","dateModified":"2026-01-30T06:20:47+00:00","author":{"@id":"https:\/\/vof-news.eu\/es\/#\/schema\/person\/f6a2a4309f0561835797fd8c19b333ed"},"description":"El Partido Popular ha subido el list\u00f3n de su discurso antiinmigraci\u00f3n con la \u00faltima propuesta de su l\u00edder Alberto N\u00fa\u00f1ez Feij\u00f3o: negar la residencia en Espa\u00f1a a un extranjero aunque, tras ser detenido por la Polic\u00eda, no haya sido ni siquiera juzgado o condenado. La idea del presidente del partido va m\u00e1s all\u00e1 de sus \u00faltimas iniciativas de octubre y choca frontalmente con la ley de Extranjer\u00eda, el C\u00f3digo Penal y varias sentencias que tanto el Tribunal Supremo como el Tribunal Constitucional han dictado en la \u00faltima d\u00e9cada. Los jueces han establecido que una condena debe ser firme y superior a un a\u00f1o de c\u00e1rcel para poder acarrear como consecuencia la expulsi\u00f3n del pa\u00eds.","breadcrumb":{"@id":"https:\/\/vof-news.eu\/es\/la-propuesta-de-feijoo-para-expulsar-a-extranjeros-sin-condena-choca-con-el-supremo-y-el-constitucional\/#breadcrumb"},"inLanguage":"es","potentialAction":[{"@type":"ReadAction","target":["https:\/\/vof-news.eu\/es\/la-propuesta-de-feijoo-para-expulsar-a-extranjeros-sin-condena-choca-con-el-supremo-y-el-constitucional\/"]}]},{"@type":"ImageObject","inLanguage":"es","@id":"https:\/\/vof-news.eu\/es\/la-propuesta-de-feijoo-para-expulsar-a-extranjeros-sin-condena-choca-con-el-supremo-y-el-constitucional\/#primaryimage","url":"https:\/\/vof-news.eu\/wp-content\/uploads\/2026\/01\/8c2539aa-b7dd-4277-ba19-d3b3bfe08f40_16-9-discover-aspect-ratio_default_0.jpg","contentUrl":"https:\/\/vof-news.eu\/wp-content\/uploads\/2026\/01\/8c2539aa-b7dd-4277-ba19-d3b3bfe08f40_16-9-discover-aspect-ratio_default_0.jpg","width":1200,"height":675},{"@type":"BreadcrumbList","@id":"https:\/\/vof-news.eu\/es\/la-propuesta-de-feijoo-para-expulsar-a-extranjeros-sin-condena-choca-con-el-supremo-y-el-constitucional\/#breadcrumb","itemListElement":[{"@type":"ListItem","position":1,"name":"Home","item":"https:\/\/vof-news.eu\/es\/"},{"@type":"ListItem","position":2,"name":"La propuesta de Feij\u00f3o para expulsar a extranjeros sin condena choca con el Supremo y el Constitucional"}]},{"@type":"WebSite","@id":"https:\/\/vof-news.eu\/es\/#website","url":"https:\/\/vof-news.eu\/es\/","name":"vof-news.eu","description":"","potentialAction":[{"@type":"SearchAction","target":{"@type":"EntryPoint","urlTemplate":"https:\/\/vof-news.eu\/es\/?s={search_term_string}"},"query-input":"required name=search_term_string"}],"inLanguage":"es"},{"@type":"Person","@id":"https:\/\/vof-news.eu\/es\/#\/schema\/person\/f6a2a4309f0561835797fd8c19b333ed","name":"Author","image":{"@type":"ImageObject","inLanguage":"es","@id":"https:\/\/vof-news.eu\/es\/#\/schema\/person\/image\/","url":"https:\/\/secure.gravatar.com\/avatar\/b67e614b1b25b3e9c0c239efdd2fde5ab015b5affd6f1c3c85911ca4b384e790?s=96&d=mm&r=g","contentUrl":"https:\/\/secure.gravatar.com\/avatar\/b67e614b1b25b3e9c0c239efdd2fde5ab015b5affd6f1c3c85911ca4b384e790?s=96&d=mm&r=g","caption":"Author"},"sameAs":["http:\/\/vof-news.eu"],"url":"https:\/\/vof-news.eu\/es\/author\/zwt6qxnjulxbnyg\/"}]}},"yoast_meta":{"yoast_wpseo_title":"","yoast_wpseo_metadesc":"","yoast_wpseo_canonical":""},"_links":{"self":[{"href":"https:\/\/vof-news.eu\/es\/wp-json\/wp\/v2\/posts\/321766","targetHints":{"allow":["GET"]}}],"collection":[{"href":"https:\/\/vof-news.eu\/es\/wp-json\/wp\/v2\/posts"}],"about":[{"href":"https:\/\/vof-news.eu\/es\/wp-json\/wp\/v2\/types\/post"}],"author":[{"embeddable":true,"href":"https:\/\/vof-news.eu\/es\/wp-json\/wp\/v2\/users\/1"}],"replies":[{"embeddable":true,"href":"https:\/\/vof-news.eu\/es\/wp-json\/wp\/v2\/comments?post=321766"}],"version-history":[{"count":1,"href":"https:\/\/vof-news.eu\/es\/wp-json\/wp\/v2\/posts\/321766\/revisions"}],"predecessor-version":[{"id":321773,"href":"https:\/\/vof-news.eu\/es\/wp-json\/wp\/v2\/posts\/321766\/revisions\/321773"}],"wp:featuredmedia":[{"embeddable":true,"href":"https:\/\/vof-news.eu\/es\/wp-json\/wp\/v2\/media\/321767"}],"wp:attachment":[{"href":"https:\/\/vof-news.eu\/es\/wp-json\/wp\/v2\/media?parent=321766"}],"wp:term":[{"taxonomy":"category","embeddable":true,"href":"https:\/\/vof-news.eu\/es\/wp-json\/wp\/v2\/categories?post=321766"},{"taxonomy":"post_tag","embeddable":true,"href":"https:\/\/vof-news.eu\/es\/wp-json\/wp\/v2\/tags?post=321766"}],"curies":[{"name":"wp","href":"https:\/\/api.w.org\/{rel}","templated":true}]}}