{"id":321758,"date":"2026-01-30T09:17:27","date_gmt":"2026-01-30T06:17:27","guid":{"rendered":"https:\/\/vof-news.eu\/podemos-pide-a-pedraz-que-impute-a-los-comisarios-villarejo-y-olivera-por-el-montaje-de-la-cocaina-a-miguel-urban\/"},"modified":"2026-01-30T09:18:25","modified_gmt":"2026-01-30T06:18:25","slug":"podemos-pide-a-pedraz-que-impute-a-los-comisarios-villarejo-y-olivera-por-el-montaje-de-la-cocaina-a-miguel-urban","status":"publish","type":"post","link":"https:\/\/vof-news.eu\/es\/podemos-pide-a-pedraz-que-impute-a-los-comisarios-villarejo-y-olivera-por-el-montaje-de-la-cocaina-a-miguel-urban\/","title":{"rendered":"Podemos pide a Pedraz que impute a los comisarios Villarejo y Olivera por el montaje de la coca\u00edna a Miguel Urb\u00e1n"},"content":{"rendered":"<div>\n<p>\n        La acusaci\u00f3n particular que ejerce Podemos ha solicitado al juez Santiago Pedraz que impute a Jos\u00e9 Manuel Villarejo en la causa que se sigue por las maniobras policiales contra el partido pol\u00edtico durante la primera legislatura de Mariano Rajoy. La formaci\u00f3n relaciona al comisario con el intento por atribuirle falsamente una financiaci\u00f3n ilegal a trav\u00e9s del invento del tr\u00e1fico de coca\u00edna de uno de sus fundadores, Miguel Urb\u00e1n. Podemos tambi\u00e9n pide que sean citados como investigados el principal art\u00edfice del montaje, el comisario Jos\u00e9 Luis Olivera, dos de sus subordinados entonces y el que era jefe de la UDEF,\u00a0Jos\u00e9 Manuel Garc\u00eda Catal\u00e1n.\u00a0\n    <\/p>\n<p>\n        Pedraz acept\u00f3 investigar la guerra sucia al partido a partir de las evidencias recogidas en los mensajes incautados al ex n\u00famero dos de Interior con el Partido Popular Francisco Mart\u00ednez, aportados en una querella presentada por Podemos en la Audiencia Nacional. Con posterioridad, en mayo de 2025, elDiario.es revel\u00f3 uno de los mayores secretos de la brigada pol\u00edtica, la falsa acusaci\u00f3n contra Urb\u00e1n de <a href=\"https:\/\/www.eldiario.es\/politica\/invento-secreto-policia-miguel-urban-40-kilos-coca-pub-nueva-vision-malasana_1_12304862.html\" rel=\"nofollow\">la venta de 40 kilos de coca\u00edna para financiar a Podemos<\/a>. Las acusaciones enmarcaron la maniobra en la guerra sucia al partido y pidieron investigarla en el marco de la causa abierta en el juzgado de Pedraz.\n    <\/p>\n<p>\n        La Polic\u00eda utiliz\u00f3 una nota an\u00f3nima para vincular la falsa venta de droga con la financiaci\u00f3n de Podemos. El partido considera que el autor de ese informe es Villarejo. En uno de los dispositivos incautados en su domicilio en 2017 figura un pantallazo con las transferencias bancarias de Miguel Urb\u00e1n que supuestamente probaban la pr\u00e1ctica del \u201cpitufeo\u201d (blanqueo de capitales en peque\u00f1as cantidades) y que hab\u00edan sido incluidas en una \u201cnota de inteligencia\u201d an\u00f3nima incorporada al montaje.\n    <\/p>\n<p>\n        El documento con los pantallazos fue creado el 16 de febrero de 2016, un d\u00eda antes de que el comisario Jos\u00e9 Luis Olivera remitiera un oficio a la Fiscal\u00eda Antidroga que inclu\u00eda la \u201cnota de pitufeo\u201d. Una semana antes, el 9 de febrero, Villarejo hab\u00eda escrito en su agenda personal: \u201cOli [comisario Olivera] propone dar datos de POD [Podemos] a los Cesis, poco a poco. Dice que mi nota de pitufeo contiene errores\u201d.\u00a0\n    <\/p>\n<p>\n        La pasada semana, Santiago <a href=\"https:\/\/www.eldiario.es\/politica\/juez-pedraz-niega-invento-cocaina-urban-fuera-montaje-policial_1_12941191.html\" rel=\"nofollow\">Pedraz volvi\u00f3 a negar la personaci\u00f3n como perjudicado de Urb\u00e1n<\/a> en la causa de la guerra sucia contra Podemos. El juez da por buena la tesis que expuso el comisario Olivera como testigo, seg\u00fan la cual estaba obligado a informar a la Fiscal\u00eda Antidroga del testimonio de un confidente acerca de la supuesta venta de la droga por el europarlamentario de Podemos, pese a lo disparatado de la narraci\u00f3n.\u00a0Pedraz concluye que esta circunstancia descarta que se tratara de \u201cun montaje policial\u201d.\n    <\/p>\n<p>\n        Podemos pide en la ampliaci\u00f3n de su querella que Olivera pase de testigo a investigado, una condici\u00f3n que ya reclam\u00f3 la acusaci\u00f3n popular, ejercida por el PSOE, antes de la comparecencia del polic\u00eda jubilado. Pedraz rechaz\u00f3 entonces imputarle porque no hab\u00eda sido informado de la solicitud de los socialistas, seg\u00fan inform\u00f3 de viva voz el magistrado en la misma sala de declaraciones. Olivera y Villarejo se sentar\u00e1n en el banquillo de los acusados en el juicio por otra de las grandes maniobras de la brigada pol\u00edtica, el espionaje a Luis B\u00e1rcenas con fondos reservados.\u00a0\n    <\/p>\n<p>\n        Olivera firma las notas informativas que abrieron y acrecentaron la investigaci\u00f3n contra Urb\u00e1n a partir del disparatado testimonio de un confidente. El relato que utiliz\u00f3 el entonces director del Centro de Inteligencia contra el Terrorismo y el Crimen Organizado (CITCO) inclu\u00eda c\u00f3mo Urb\u00e1n llev\u00f3, no se sabe si arrastrando, una bolsa con 40 kilos de coca\u00edna a un bar de Malasa\u00f1a, subi\u00f3 al piso de arriba, se lo vendi\u00f3 a un miembro de los \u00c1ngeles del Infierno y baj\u00f3 al local a celebrarlo a gritos, volcando una bolsa de coca\u00edna en la barra e invitando a esnifar a todos los presentes.\u00a0\n    <\/p>\n<p>\n        Ahora, Podemos alega: \u201cA pesar de la evidente ausencia de credibilidad intr\u00ednseca de la historia, am\u00e9n de la ausencia de indicios, el querellado se\u00f1or Olivera, omitiendo cualquier tipo de comprobaci\u00f3n a trav\u00e9s de unidades operativas del Cuerpo Nacional de Polic\u00eda, opta por remitir ala misma a la Fiscal\u00eda Antidroga, quien en fecha de 25 de enero de 2016, incoar\u00e1 diligencias de investigaci\u00f3n, encomendando las pesquisas a la Udyco (unidad antidroga)\u201d. Despu\u00e9s, contin\u00faa la ampliaci\u00f3n de querella, Olivera \u201cmonopoliza\u201d las pesquisas enviando un segundo escrito con la nota informativa que presuntamente escribi\u00f3 su amigo Villarejo.\u00a0\n    <\/p>\n<h2>Garc\u00eda Catal\u00e1n, guerra sucia en Nueva York y Malasa\u00f1a<\/h2>\n<p>\n        El comisario reci\u00e9n jubilado Jos\u00e9 Manuel Garc\u00eda Catal\u00e1n era en esa \u00e9poca jefe de la Unidad contra la Delincuencia Econ\u00f3mica y Fiscal, la UDEF que utiliz\u00f3 la brigada pol\u00edtica para blanquear sus trabajos. Garc\u00eda Catal\u00e1n declar\u00f3 en la causa por la guerra sucia a Podemos como testigo por haber participado en el <a href=\"https:\/\/www.eldiario.es\/politica\/nuevo-testimonio-audiencia-nacional-enfrenta-mandos-policiales-confirma-guerra-sucia_1_11914895.html\" rel=\"nofollow\">viaje a Nueva York<\/a> para obtener informaci\u00f3n contra dirigentes de Podemos de un ex ministro de Hugo Ch\u00e1vez. Ahora, el partido pide su imputaci\u00f3n por su participaci\u00f3n en la maniobra contra Urb\u00e1n. Garc\u00eda Catal\u00e1n firma los informes de la UDEF incorporados a las pesquisas contra el pol\u00edtico.\n    <\/p>\n<p>\n        La lista de solicitudes de imputaci\u00f3n se completa con el comisario y el inspector jefe del CITCO, a las \u00f3rdenes de Olivera, que ofrecieron <a href=\"https:\/\/www.eldiario.es\/politica\/mando-implicado-montaje-coca-urban-juez-hable-confidente-auriculares_1_12938639.html\" rel=\"nofollow\">un confuso testimonio<\/a> esta misma semana en la Audiencia Nacional despu\u00e9s de que su antiguo jefe les se\u00f1alara. La imputaci\u00f3n de los cinco polic\u00edas evitar\u00eda que se cumpla el plazo de prescripci\u00f3n de unos hechos ocurridos hace casi diez a\u00f1os.\u00a0\n    <\/p>\n<p>\n        En la causa por la guerra sucia a Podemos est\u00e1 imputado el ex secretario de Estado de Seguridad Francisco Mart\u00ednez, el entonces director operativo de la Polic\u00eda, Eugenio Pino, y varios mandos integrantes de la brigada pol\u00edtica. Tambi\u00e9n figura como investigado un polic\u00eda que rastre\u00f3 a Pablo Iglesias en bases de datos restringidas con la excusa de que formaba parte del c\u00edrculo personal de Miguel Urb\u00e1n, encartado por narcotr\u00e1fico. Pedraz intent\u00f3 exculparle, pero la Sala de lo Penal le orden\u00f3 que volviera a imputarlo.\n    <\/p>\n<\/div>\n","protected":false},"excerpt":{"rendered":"<p>La acusaci\u00f3n particular que ejerce Podemos ha solicitado al juez Santiago Pedraz que impute a Jos\u00e9 Manuel Villarejo en la causa que se sigue por las maniobras policiales contra el partido pol\u00edtico durante la primera legislatura de Mariano Rajoy. La formaci\u00f3n relaciona al comisario con el intento por atribuirle falsamente una financiaci\u00f3n ilegal a trav\u00e9s<\/p>\n","protected":false},"author":1,"featured_media":321759,"comment_status":"open","ping_status":"open","sticky":false,"template":"","format":"standard","meta":{"footnotes":""},"categories":[71],"tags":[],"class_list":["post-321758","post","type-post","status-publish","format-standard","has-post-thumbnail","hentry","category-politics-es"],"acf":[],"yoast_head":"<!-- This site is optimized with the Yoast SEO plugin v22.9 - https:\/\/yoast.com\/wordpress\/plugins\/seo\/ -->\n<title>Podemos pide a Pedraz que impute a los comisarios Villarejo y Olivera por el montaje de la coca\u00edna a Miguel Urb\u00e1n - vof-news.eu<\/title>\n<meta name=\"description\" content=\"La acusaci\u00f3n particular que ejerce Podemos ha solicitado al juez Santiago Pedraz que impute a Jos\u00e9 Manuel Villarejo en la causa que se sigue por las maniobras policiales contra el partido pol\u00edtico durante la primera legislatura de Mariano Rajoy. La formaci\u00f3n relaciona al comisario con el intento por atribuirle falsamente una financiaci\u00f3n ilegal a trav\u00e9s del invento del tr\u00e1fico de coca\u00edna de uno de sus fundadores, Miguel Urb\u00e1n. Podemos tambi\u00e9n pide que sean citados como investigados el principal art\u00edfice del montaje, el comisario Jos\u00e9 Luis Olivera, dos de sus subordinados entonces y el que era jefe de la UDEF,\u00a0Jos\u00e9 Manuel Garc\u00eda Catal\u00e1n.\u00a0\" \/>\n<meta name=\"robots\" content=\"noindex, follow, max-snippet:-1, max-image-preview:large, max-video-preview:-1\" \/>\n<meta property=\"og:locale\" content=\"es_ES\" \/>\n<meta property=\"og:type\" content=\"article\" \/>\n<meta property=\"og:title\" content=\"Podemos pide a Pedraz que impute a los comisarios Villarejo y Olivera por el montaje de la coca\u00edna a Miguel Urb\u00e1n - vof-news.eu\" \/>\n<meta property=\"og:description\" content=\"La acusaci\u00f3n particular que ejerce Podemos ha solicitado al juez Santiago Pedraz que impute a Jos\u00e9 Manuel Villarejo en la causa que se sigue por las maniobras policiales contra el partido pol\u00edtico durante la primera legislatura de Mariano Rajoy. La formaci\u00f3n relaciona al comisario con el intento por atribuirle falsamente una financiaci\u00f3n ilegal a trav\u00e9s del invento del tr\u00e1fico de coca\u00edna de uno de sus fundadores, Miguel Urb\u00e1n. Podemos tambi\u00e9n pide que sean citados como investigados el principal art\u00edfice del montaje, el comisario Jos\u00e9 Luis Olivera, dos de sus subordinados entonces y el que era jefe de la UDEF,\u00a0Jos\u00e9 Manuel Garc\u00eda Catal\u00e1n.\u00a0\" \/>\n<meta property=\"og:url\" content=\"https:\/\/vof-news.eu\/es\/podemos-pide-a-pedraz-que-impute-a-los-comisarios-villarejo-y-olivera-por-el-montaje-de-la-cocaina-a-miguel-urban\/\" \/>\n<meta property=\"og:site_name\" content=\"vof-news.eu\" \/>\n<meta property=\"article:published_time\" content=\"2026-01-30T06:17:27+00:00\" \/>\n<meta property=\"article:modified_time\" content=\"2026-01-30T06:18:25+00:00\" \/>\n<meta property=\"og:image\" content=\"https:\/\/vof-news.eu\/wp-content\/uploads\/2026\/01\/dcbee72b-3c54-48c4-8d2a-b18033678fe7_16-9-discover-aspect-ratio_default_0.jpg\" \/>\n\t<meta property=\"og:image:width\" content=\"1200\" \/>\n\t<meta property=\"og:image:height\" content=\"675\" \/>\n\t<meta property=\"og:image:type\" content=\"image\/jpeg\" \/>\n<meta name=\"author\" content=\"Author\" \/>\n<meta name=\"twitter:card\" content=\"summary_large_image\" \/>\n<meta name=\"twitter:label1\" content=\"Escrito por\" \/>\n\t<meta name=\"twitter:data1\" content=\"Author\" \/>\n\t<meta name=\"twitter:label2\" content=\"Tiempo de lectura\" \/>\n\t<meta name=\"twitter:data2\" content=\"5 minutos\" \/>\n<script type=\"application\/ld+json\" class=\"yoast-schema-graph\">{\"@context\":\"https:\/\/schema.org\",\"@graph\":[{\"@type\":\"WebPage\",\"@id\":\"https:\/\/vof-news.eu\/es\/podemos-pide-a-pedraz-que-impute-a-los-comisarios-villarejo-y-olivera-por-el-montaje-de-la-cocaina-a-miguel-urban\/\",\"url\":\"https:\/\/vof-news.eu\/es\/podemos-pide-a-pedraz-que-impute-a-los-comisarios-villarejo-y-olivera-por-el-montaje-de-la-cocaina-a-miguel-urban\/\",\"name\":\"Podemos pide a Pedraz que impute a los comisarios Villarejo y Olivera por el montaje de la coca\u00edna a Miguel Urb\u00e1n - vof-news.eu\",\"isPartOf\":{\"@id\":\"https:\/\/vof-news.eu\/es\/#website\"},\"primaryImageOfPage\":{\"@id\":\"https:\/\/vof-news.eu\/es\/podemos-pide-a-pedraz-que-impute-a-los-comisarios-villarejo-y-olivera-por-el-montaje-de-la-cocaina-a-miguel-urban\/#primaryimage\"},\"image\":{\"@id\":\"https:\/\/vof-news.eu\/es\/podemos-pide-a-pedraz-que-impute-a-los-comisarios-villarejo-y-olivera-por-el-montaje-de-la-cocaina-a-miguel-urban\/#primaryimage\"},\"thumbnailUrl\":\"https:\/\/vof-news.eu\/wp-content\/uploads\/2026\/01\/dcbee72b-3c54-48c4-8d2a-b18033678fe7_16-9-discover-aspect-ratio_default_0.jpg\",\"datePublished\":\"2026-01-30T06:17:27+00:00\",\"dateModified\":\"2026-01-30T06:18:25+00:00\",\"author\":{\"@id\":\"https:\/\/vof-news.eu\/es\/#\/schema\/person\/f6a2a4309f0561835797fd8c19b333ed\"},\"description\":\"La acusaci\u00f3n particular que ejerce Podemos ha solicitado al juez Santiago Pedraz que impute a Jos\u00e9 Manuel Villarejo en la causa que se sigue por las maniobras policiales contra el partido pol\u00edtico durante la primera legislatura de Mariano Rajoy. La formaci\u00f3n relaciona al comisario con el intento por atribuirle falsamente una financiaci\u00f3n ilegal a trav\u00e9s del invento del tr\u00e1fico de coca\u00edna de uno de sus fundadores, Miguel Urb\u00e1n. Podemos tambi\u00e9n pide que sean citados como investigados el principal art\u00edfice del montaje, el comisario Jos\u00e9 Luis Olivera, dos de sus subordinados entonces y el que era jefe de la UDEF,\u00a0Jos\u00e9 Manuel Garc\u00eda Catal\u00e1n.\u00a0\",\"breadcrumb\":{\"@id\":\"https:\/\/vof-news.eu\/es\/podemos-pide-a-pedraz-que-impute-a-los-comisarios-villarejo-y-olivera-por-el-montaje-de-la-cocaina-a-miguel-urban\/#breadcrumb\"},\"inLanguage\":\"es\",\"potentialAction\":[{\"@type\":\"ReadAction\",\"target\":[\"https:\/\/vof-news.eu\/es\/podemos-pide-a-pedraz-que-impute-a-los-comisarios-villarejo-y-olivera-por-el-montaje-de-la-cocaina-a-miguel-urban\/\"]}]},{\"@type\":\"ImageObject\",\"inLanguage\":\"es\",\"@id\":\"https:\/\/vof-news.eu\/es\/podemos-pide-a-pedraz-que-impute-a-los-comisarios-villarejo-y-olivera-por-el-montaje-de-la-cocaina-a-miguel-urban\/#primaryimage\",\"url\":\"https:\/\/vof-news.eu\/wp-content\/uploads\/2026\/01\/dcbee72b-3c54-48c4-8d2a-b18033678fe7_16-9-discover-aspect-ratio_default_0.jpg\",\"contentUrl\":\"https:\/\/vof-news.eu\/wp-content\/uploads\/2026\/01\/dcbee72b-3c54-48c4-8d2a-b18033678fe7_16-9-discover-aspect-ratio_default_0.jpg\",\"width\":1200,\"height\":675},{\"@type\":\"BreadcrumbList\",\"@id\":\"https:\/\/vof-news.eu\/es\/podemos-pide-a-pedraz-que-impute-a-los-comisarios-villarejo-y-olivera-por-el-montaje-de-la-cocaina-a-miguel-urban\/#breadcrumb\",\"itemListElement\":[{\"@type\":\"ListItem\",\"position\":1,\"name\":\"Home\",\"item\":\"https:\/\/vof-news.eu\/es\/\"},{\"@type\":\"ListItem\",\"position\":2,\"name\":\"Podemos pide a Pedraz que impute a los comisarios Villarejo y Olivera por el montaje de la coca\u00edna a Miguel Urb\u00e1n\"}]},{\"@type\":\"WebSite\",\"@id\":\"https:\/\/vof-news.eu\/es\/#website\",\"url\":\"https:\/\/vof-news.eu\/es\/\",\"name\":\"vof-news.eu\",\"description\":\"\",\"potentialAction\":[{\"@type\":\"SearchAction\",\"target\":{\"@type\":\"EntryPoint\",\"urlTemplate\":\"https:\/\/vof-news.eu\/es\/?s={search_term_string}\"},\"query-input\":\"required name=search_term_string\"}],\"inLanguage\":\"es\"},{\"@type\":\"Person\",\"@id\":\"https:\/\/vof-news.eu\/es\/#\/schema\/person\/f6a2a4309f0561835797fd8c19b333ed\",\"name\":\"Author\",\"image\":{\"@type\":\"ImageObject\",\"inLanguage\":\"es\",\"@id\":\"https:\/\/vof-news.eu\/es\/#\/schema\/person\/image\/\",\"url\":\"https:\/\/secure.gravatar.com\/avatar\/b67e614b1b25b3e9c0c239efdd2fde5ab015b5affd6f1c3c85911ca4b384e790?s=96&d=mm&r=g\",\"contentUrl\":\"https:\/\/secure.gravatar.com\/avatar\/b67e614b1b25b3e9c0c239efdd2fde5ab015b5affd6f1c3c85911ca4b384e790?s=96&d=mm&r=g\",\"caption\":\"Author\"},\"sameAs\":[\"http:\/\/vof-news.eu\"],\"url\":\"https:\/\/vof-news.eu\/es\/author\/zwt6qxnjulxbnyg\/\"}]}<\/script>\n<!-- \/ Yoast SEO plugin. -->","yoast_head_json":{"title":"Podemos pide a Pedraz que impute a los comisarios Villarejo y Olivera por el montaje de la coca\u00edna a Miguel Urb\u00e1n - vof-news.eu","description":"La acusaci\u00f3n particular que ejerce Podemos ha solicitado al juez Santiago Pedraz que impute a Jos\u00e9 Manuel Villarejo en la causa que se sigue por las maniobras policiales contra el partido pol\u00edtico durante la primera legislatura de Mariano Rajoy. La formaci\u00f3n relaciona al comisario con el intento por atribuirle falsamente una financiaci\u00f3n ilegal a trav\u00e9s del invento del tr\u00e1fico de coca\u00edna de uno de sus fundadores, Miguel Urb\u00e1n. Podemos tambi\u00e9n pide que sean citados como investigados el principal art\u00edfice del montaje, el comisario Jos\u00e9 Luis Olivera, dos de sus subordinados entonces y el que era jefe de la UDEF,\u00a0Jos\u00e9 Manuel Garc\u00eda Catal\u00e1n.\u00a0","robots":{"index":"noindex","follow":"follow","max-snippet":"max-snippet:-1","max-image-preview":"max-image-preview:large","max-video-preview":"max-video-preview:-1"},"og_locale":"es_ES","og_type":"article","og_title":"Podemos pide a Pedraz que impute a los comisarios Villarejo y Olivera por el montaje de la coca\u00edna a Miguel Urb\u00e1n - vof-news.eu","og_description":"La acusaci\u00f3n particular que ejerce Podemos ha solicitado al juez Santiago Pedraz que impute a Jos\u00e9 Manuel Villarejo en la causa que se sigue por las maniobras policiales contra el partido pol\u00edtico durante la primera legislatura de Mariano Rajoy. La formaci\u00f3n relaciona al comisario con el intento por atribuirle falsamente una financiaci\u00f3n ilegal a trav\u00e9s del invento del tr\u00e1fico de coca\u00edna de uno de sus fundadores, Miguel Urb\u00e1n. Podemos tambi\u00e9n pide que sean citados como investigados el principal art\u00edfice del montaje, el comisario Jos\u00e9 Luis Olivera, dos de sus subordinados entonces y el que era jefe de la UDEF,\u00a0Jos\u00e9 Manuel Garc\u00eda Catal\u00e1n.\u00a0","og_url":"https:\/\/vof-news.eu\/es\/podemos-pide-a-pedraz-que-impute-a-los-comisarios-villarejo-y-olivera-por-el-montaje-de-la-cocaina-a-miguel-urban\/","og_site_name":"vof-news.eu","article_published_time":"2026-01-30T06:17:27+00:00","article_modified_time":"2026-01-30T06:18:25+00:00","og_image":[{"width":1200,"height":675,"url":"https:\/\/vof-news.eu\/wp-content\/uploads\/2026\/01\/dcbee72b-3c54-48c4-8d2a-b18033678fe7_16-9-discover-aspect-ratio_default_0.jpg","type":"image\/jpeg"}],"author":"Author","twitter_card":"summary_large_image","twitter_misc":{"Escrito por":"Author","Tiempo de lectura":"5 minutos"},"schema":{"@context":"https:\/\/schema.org","@graph":[{"@type":"WebPage","@id":"https:\/\/vof-news.eu\/es\/podemos-pide-a-pedraz-que-impute-a-los-comisarios-villarejo-y-olivera-por-el-montaje-de-la-cocaina-a-miguel-urban\/","url":"https:\/\/vof-news.eu\/es\/podemos-pide-a-pedraz-que-impute-a-los-comisarios-villarejo-y-olivera-por-el-montaje-de-la-cocaina-a-miguel-urban\/","name":"Podemos pide a Pedraz que impute a los comisarios Villarejo y Olivera por el montaje de la coca\u00edna a Miguel Urb\u00e1n - vof-news.eu","isPartOf":{"@id":"https:\/\/vof-news.eu\/es\/#website"},"primaryImageOfPage":{"@id":"https:\/\/vof-news.eu\/es\/podemos-pide-a-pedraz-que-impute-a-los-comisarios-villarejo-y-olivera-por-el-montaje-de-la-cocaina-a-miguel-urban\/#primaryimage"},"image":{"@id":"https:\/\/vof-news.eu\/es\/podemos-pide-a-pedraz-que-impute-a-los-comisarios-villarejo-y-olivera-por-el-montaje-de-la-cocaina-a-miguel-urban\/#primaryimage"},"thumbnailUrl":"https:\/\/vof-news.eu\/wp-content\/uploads\/2026\/01\/dcbee72b-3c54-48c4-8d2a-b18033678fe7_16-9-discover-aspect-ratio_default_0.jpg","datePublished":"2026-01-30T06:17:27+00:00","dateModified":"2026-01-30T06:18:25+00:00","author":{"@id":"https:\/\/vof-news.eu\/es\/#\/schema\/person\/f6a2a4309f0561835797fd8c19b333ed"},"description":"La acusaci\u00f3n particular que ejerce Podemos ha solicitado al juez Santiago Pedraz que impute a Jos\u00e9 Manuel Villarejo en la causa que se sigue por las maniobras policiales contra el partido pol\u00edtico durante la primera legislatura de Mariano Rajoy. La formaci\u00f3n relaciona al comisario con el intento por atribuirle falsamente una financiaci\u00f3n ilegal a trav\u00e9s del invento del tr\u00e1fico de coca\u00edna de uno de sus fundadores, Miguel Urb\u00e1n. Podemos tambi\u00e9n pide que sean citados como investigados el principal art\u00edfice del montaje, el comisario Jos\u00e9 Luis Olivera, dos de sus subordinados entonces y el que era jefe de la UDEF,\u00a0Jos\u00e9 Manuel Garc\u00eda Catal\u00e1n.\u00a0","breadcrumb":{"@id":"https:\/\/vof-news.eu\/es\/podemos-pide-a-pedraz-que-impute-a-los-comisarios-villarejo-y-olivera-por-el-montaje-de-la-cocaina-a-miguel-urban\/#breadcrumb"},"inLanguage":"es","potentialAction":[{"@type":"ReadAction","target":["https:\/\/vof-news.eu\/es\/podemos-pide-a-pedraz-que-impute-a-los-comisarios-villarejo-y-olivera-por-el-montaje-de-la-cocaina-a-miguel-urban\/"]}]},{"@type":"ImageObject","inLanguage":"es","@id":"https:\/\/vof-news.eu\/es\/podemos-pide-a-pedraz-que-impute-a-los-comisarios-villarejo-y-olivera-por-el-montaje-de-la-cocaina-a-miguel-urban\/#primaryimage","url":"https:\/\/vof-news.eu\/wp-content\/uploads\/2026\/01\/dcbee72b-3c54-48c4-8d2a-b18033678fe7_16-9-discover-aspect-ratio_default_0.jpg","contentUrl":"https:\/\/vof-news.eu\/wp-content\/uploads\/2026\/01\/dcbee72b-3c54-48c4-8d2a-b18033678fe7_16-9-discover-aspect-ratio_default_0.jpg","width":1200,"height":675},{"@type":"BreadcrumbList","@id":"https:\/\/vof-news.eu\/es\/podemos-pide-a-pedraz-que-impute-a-los-comisarios-villarejo-y-olivera-por-el-montaje-de-la-cocaina-a-miguel-urban\/#breadcrumb","itemListElement":[{"@type":"ListItem","position":1,"name":"Home","item":"https:\/\/vof-news.eu\/es\/"},{"@type":"ListItem","position":2,"name":"Podemos pide a Pedraz que impute a los comisarios Villarejo y Olivera por el montaje de la coca\u00edna a Miguel Urb\u00e1n"}]},{"@type":"WebSite","@id":"https:\/\/vof-news.eu\/es\/#website","url":"https:\/\/vof-news.eu\/es\/","name":"vof-news.eu","description":"","potentialAction":[{"@type":"SearchAction","target":{"@type":"EntryPoint","urlTemplate":"https:\/\/vof-news.eu\/es\/?s={search_term_string}"},"query-input":"required name=search_term_string"}],"inLanguage":"es"},{"@type":"Person","@id":"https:\/\/vof-news.eu\/es\/#\/schema\/person\/f6a2a4309f0561835797fd8c19b333ed","name":"Author","image":{"@type":"ImageObject","inLanguage":"es","@id":"https:\/\/vof-news.eu\/es\/#\/schema\/person\/image\/","url":"https:\/\/secure.gravatar.com\/avatar\/b67e614b1b25b3e9c0c239efdd2fde5ab015b5affd6f1c3c85911ca4b384e790?s=96&d=mm&r=g","contentUrl":"https:\/\/secure.gravatar.com\/avatar\/b67e614b1b25b3e9c0c239efdd2fde5ab015b5affd6f1c3c85911ca4b384e790?s=96&d=mm&r=g","caption":"Author"},"sameAs":["http:\/\/vof-news.eu"],"url":"https:\/\/vof-news.eu\/es\/author\/zwt6qxnjulxbnyg\/"}]}},"yoast_meta":{"yoast_wpseo_title":"","yoast_wpseo_metadesc":"","yoast_wpseo_canonical":""},"_links":{"self":[{"href":"https:\/\/vof-news.eu\/es\/wp-json\/wp\/v2\/posts\/321758","targetHints":{"allow":["GET"]}}],"collection":[{"href":"https:\/\/vof-news.eu\/es\/wp-json\/wp\/v2\/posts"}],"about":[{"href":"https:\/\/vof-news.eu\/es\/wp-json\/wp\/v2\/types\/post"}],"author":[{"embeddable":true,"href":"https:\/\/vof-news.eu\/es\/wp-json\/wp\/v2\/users\/1"}],"replies":[{"embeddable":true,"href":"https:\/\/vof-news.eu\/es\/wp-json\/wp\/v2\/comments?post=321758"}],"version-history":[{"count":1,"href":"https:\/\/vof-news.eu\/es\/wp-json\/wp\/v2\/posts\/321758\/revisions"}],"predecessor-version":[{"id":321765,"href":"https:\/\/vof-news.eu\/es\/wp-json\/wp\/v2\/posts\/321758\/revisions\/321765"}],"wp:featuredmedia":[{"embeddable":true,"href":"https:\/\/vof-news.eu\/es\/wp-json\/wp\/v2\/media\/321759"}],"wp:attachment":[{"href":"https:\/\/vof-news.eu\/es\/wp-json\/wp\/v2\/media?parent=321758"}],"wp:term":[{"taxonomy":"category","embeddable":true,"href":"https:\/\/vof-news.eu\/es\/wp-json\/wp\/v2\/categories?post=321758"},{"taxonomy":"post_tag","embeddable":true,"href":"https:\/\/vof-news.eu\/es\/wp-json\/wp\/v2\/tags?post=321758"}],"curies":[{"name":"wp","href":"https:\/\/api.w.org\/{rel}","templated":true}]}}