{"id":321726,"date":"2026-01-30T03:19:10","date_gmt":"2026-01-30T00:19:10","guid":{"rendered":"https:\/\/vof-news.eu\/los-viejos-y-nuevos-problemas-del-madrid-los-enfados-en-el-vestuario-la-pretemporada-de-pintus-y-el-no-a-fichar-en-enero\/"},"modified":"2026-01-30T03:19:36","modified_gmt":"2026-01-30T00:19:36","slug":"los-viejos-y-nuevos-problemas-del-madrid-los-enfados-en-el-vestuario-la-pretemporada-de-pintus-y-el-no-a-fichar-en-enero","status":"publish","type":"post","link":"https:\/\/vof-news.eu\/es\/los-viejos-y-nuevos-problemas-del-madrid-los-enfados-en-el-vestuario-la-pretemporada-de-pintus-y-el-no-a-fichar-en-enero\/","title":{"rendered":"Los viejos y nuevos problemas del Madrid: los enfados en el vestuario, la pretemporada de Pintus y el \u00abno\u00bb a fichar en enero"},"content":{"rendered":"<div>\n<p>La de <strong>Lisboa <\/strong>fue la s\u00e9ptima derrota del <strong>Real Madrid<\/strong> esta temporada. Siete ocasiones en las que se qued\u00f3 lejos de su rival y de su propia historia. <strong>Atl\u00e9tico, Liverpool, Celta, City, Barcelona, Albacete y Benfica<\/strong> han podido con el conjunto blanco, dej\u00e1ndole sin <strong>Supercopa de Espa\u00f1a<\/strong>, sin <strong>Copa del Rey<\/strong>, sin liderato en <strong>Liga <\/strong>y ahora sin <i>top 8<\/i> en la <strong>Champions League<\/strong>, obligado a disputar el playoff ante <strong>Benfica o Bodo\/Glimt<\/strong> (el sorteo ser\u00e1 hoy) en las dos \u00faltimas semanas de febrero. Y todo, seg\u00fan las fuentes consultadas por este peri\u00f3dico, sin fichar en el mercado de invierno y mientras en el grupo se reabre las heridas y los problemas de hace unas semanas.<\/p>\n<p>Dec\u00eda <strong>Carlo Ancelotti <\/strong>que \u00abel empate es la antesala de la crisis en el Bernab\u00e9u\u00bb y con tantas noches negras en pocos meses es normal que el estadio prepare una nueva pitada a su equipo antes del duelo ante el <strong>Rayo Vallecano<\/strong>, este domingo a las dos de la tarde. \u00abDa un poco de verg\u00fcenza\u00bb, admit\u00eda <strong>Kylian Mbapp\u00e9 <\/strong>en la zona mixta del Estadio Da Luz. El franc\u00e9s, que marc\u00f3 dos goles, fue otra vez el portavoz de la plantilla, como en Atenas y antes del duelo contra el M\u00f3naco. Molesto por la actitud del grupo, el galo parece elevarse como nuevo l\u00edder del vestuario.<\/p>\n<p>\u00abUno s\u00ed y uno no&#8230; Eso no es de un equipo campe\u00f3n\u00bb, declar\u00f3 el delantero. Tener al Pichichi de la Champions (13 goles) y al segundo portero con m\u00e1s paradas no le ha servido al Madrid para ser uno de los ocho mejores. El belga, el otro l\u00edder sin brazalete, se enfad\u00f3 con sus compa\u00f1eros por no saludar a los aficionados despu\u00e9s del encuentro y s\u00f3lo sus gestos y gritos llamaron la atenci\u00f3n de algunos para acercarse a la grada madridista.<\/p>\n<h2>\u00abSiempre yo, siempre yo\u00bb<\/h2>\n<p>No fue el \u00fanico enfado de la noche, porque <strong>Arda G\u00fcler<\/strong> se fue repitiendo \u00absiempre yo, siempre yo\u00bb al ser sustituido en la segunda parte, generando un nuevo caso de rebeld\u00eda en el vestuario.<\/p>\n<p>En el \u00e1rea t\u00e9cnica, <strong>Antonio Pintus<\/strong>, de vuelta a la jefatura de la preparaci\u00f3n f\u00edsica del primer equipo tras la salida de <strong>Xabi Alonso<\/strong> y la llegada de <strong>\u00c1lvaro Arbeloa<\/strong>, analizaba ya los problemas del futuro a corto plazo. El italiano ve\u00eda en el mes de febrero el momento ideal para intentar una minipretemporada que empujara la condici\u00f3n de su plantilla. Sin Copa del Rey y con el <i>top 8<\/i> encarrilado antes de Lisboa, febrero aparec\u00eda sin partidos entre semana y s\u00f3lo con las jornadas de Liga como preocupaci\u00f3n. Al caer en Lisboa ya no ser\u00e1 as\u00ed, y el Madrid deber\u00e1 viajar en la semana del 16 al C\u00edrculo Polar \u00c1rtico o a la capital de Portugal, y siete d\u00edas despu\u00e9s se jugar\u00e1 su futuro continental en el Bernab\u00e9u.<\/p>\n<p>Eso se sabr\u00e1 en el sorteo de este mediod\u00eda, que tambi\u00e9n dibujar\u00e1 el camino hacia la final de Budapest. En caso de pasar la eliminatoria, al Madrid le tocar\u00e1 cruzarse con el <strong>Sporting de Portugal<\/strong> o el <strong>Manchester City<\/strong>.<\/p>\n<p>Una situaci\u00f3n que ahora queda muy lejana en Valdebebas, donde se piensa en el d\u00eda a d\u00eda y en ganar el partido del domingo al <strong>Rayo <\/strong>para seguir en la pelea por la Liga. Es la realidad de un vestuario con errores claros en su configuraci\u00f3n y de una organizaci\u00f3n que espera al verano para tomar decisiones importantes. El Madrid nunca ha sido amigo de recurrir al <strong>mercado de invierno<\/strong>, y a pesar de la crisis de resultados de esta temporada y de los s\u00edntomas que se llevan viendo en el d\u00eda a d\u00eda durante los \u00faltimos meses, este enero tampoco ser\u00e1 diferente.<\/p>\n<h2>Ofrecimientos y bajas<\/h2>\n<p>Al Bernab\u00e9u han llegado varios ofrecimientos, especialmente para la posici\u00f3n de mediocentro y la de central, pero la negativa del club ha sido constante. El \u00fanico movimiento previsto en el mercado es la cesi\u00f3n de <strong>Endrick <\/strong>al Olympique de Lyon, una operaci\u00f3n que surgi\u00f3 a petici\u00f3n del futbolista por su falta de minutos con Alonso y que el Madrid ha permitido a pesar de que prefer\u00eda que siguiera en plantilla. No habr\u00e1 m\u00e1s, salvo que lleguen ofertas de momento inesperadas por jugadores que no cuentan demasiado, como <strong>David Alaba<\/strong> o <strong>Dani Ceballos<\/strong>, dejando para verano la reflexi\u00f3n sobre el futuro de varios jugadores con m\u00e1s peso en el equipo.<\/p>\n<p>En la zona noble del Bernab\u00e9u se empiezan a deslizar nombres en la lista de bajas que hasta hace unos meses parec\u00edan intocables, escritos ahora en tinta roja despu\u00e9s de unos meses que han dinamitado parte del proyecto construido en los \u00faltimos a\u00f1os. Los constantes problemas de actitud y de f\u00fatbol del equipo tendr\u00e1n consecuencias, pero no en este mes de enero.<\/p>\n<hr\/>\n<\/div>\n","protected":false},"excerpt":{"rendered":"<p>La de Lisboa fue la s\u00e9ptima derrota del Real Madrid esta temporada. Siete ocasiones en las que se qued\u00f3 lejos de su rival y de su propia historia. Atl\u00e9tico, Liverpool, Celta, City, Barcelona, Albacete y Benfica han podido con el conjunto blanco, dej\u00e1ndole sin Supercopa de Espa\u00f1a, sin Copa del Rey, sin liderato en Liga<\/p>\n","protected":false},"author":1,"featured_media":321727,"comment_status":"open","ping_status":"open","sticky":false,"template":"","format":"standard","meta":{"footnotes":""},"categories":[76],"tags":[],"class_list":["post-321726","post","type-post","status-publish","format-standard","has-post-thumbnail","hentry","category-sport-es"],"acf":[],"yoast_head":"<!-- This site is optimized with the Yoast SEO plugin v22.9 - https:\/\/yoast.com\/wordpress\/plugins\/seo\/ -->\n<title>Los viejos y nuevos problemas del Madrid: los enfados en el vestuario, la pretemporada de Pintus y el &quot;no&quot; a fichar en enero - vof-news.eu<\/title>\n<meta name=\"description\" content=\"La de Lisboa fue la s\u00e9ptima derrota del Real Madrid esta temporada. Siete ocasiones en las que se qued\u00f3 lejos de su rival y de su propia historia. Atl\u00e9tico, Liverpool, Celta, City, Barcelona, Albacete y Benfica han podido con el conjunto blanco, dej\u00e1ndole sin Supercopa de Espa\u00f1a, sin Copa del Rey, sin liderato en Liga y ahora sin top 8 en la Champions League, obligado a disputar el playoff ante Benfica o Bodo\/Glimt (el sorteo ser\u00e1 hoy) en las dos \u00faltimas semanas de febrero. Y todo, seg\u00fan las fuentes consultadas por este peri\u00f3dico, sin fichar en el mercado de invierno y mientras en el grupo se reabre las heridas y los problemas de hace unas semanas.Dec\u00eda Carlo Ancelotti que \u00abel empate es la antesala de la crisis en el Bernab\u00e9u\u00bb y con tantas noches negras en pocos meses es normal que el estadio prepare una nueva pitada a su equipo antes del duelo ante el Rayo Vallecano, este domingo a las dos de la tarde. \u00abDa un poco de verg\u00fcenza\u00bb, admit\u00eda Kylian Mbapp\u00e9 en la zona mixta del Estadio Da Luz. El franc\u00e9s, que marc\u00f3 dos goles, fue otra vez el portavoz de la plantilla, como en Atenas y antes del duelo contra el M\u00f3naco. Molesto por la actitud del grupo, el galo parece elevarse como nuevo l\u00edder del vestuario.\u00abUno s\u00ed y uno no... Eso no es de un equipo campe\u00f3n\u00bb, declar\u00f3 el delantero. Tener al Pichichi de la Champions (13 goles) y al segundo portero con m\u00e1s paradas no le ha servido al Madrid para ser uno de los ocho mejores. El belga, el otro l\u00edder sin brazalete, se enfad\u00f3 con sus compa\u00f1eros por no saludar a los aficionados despu\u00e9s del encuentro y s\u00f3lo sus gestos y gritos llamaron la atenci\u00f3n de algunos para acercarse a la grada madridista.\u00abSiempre yo, siempre yo\u00bbNo fue el \u00fanico enfado de la noche, porque Arda G\u00fcler se fue repitiendo \u00absiempre yo, siempre yo\u00bb al ser sustituido en la segunda parte, generando un nuevo caso de rebeld\u00eda en el vestuario.En el \u00e1rea t\u00e9cnica, Antonio Pintus, de vuelta a la jefatura de la preparaci\u00f3n f\u00edsica del primer equipo tras la salida de Xabi Alonso y la llegada de \u00c1lvaro Arbeloa, analizaba ya los problemas del futuro a corto plazo. El italiano ve\u00eda en el mes de febrero el momento ideal para intentar una minipretemporada que empujara la condici\u00f3n de su plantilla. Sin Copa del Rey y con el top 8 encarrilado antes de Lisboa, febrero aparec\u00eda sin partidos entre semana y s\u00f3lo con las jornadas de Liga como preocupaci\u00f3n. Al caer en Lisboa ya no ser\u00e1 as\u00ed, y el Madrid deber\u00e1 viajar en la semana del 16 al C\u00edrculo Polar \u00c1rtico o a la capital de Portugal, y siete d\u00edas despu\u00e9s se jugar\u00e1 su futuro continental en el Bernab\u00e9u.Eso se sabr\u00e1 en el sorteo de este mediod\u00eda, que tambi\u00e9n dibujar\u00e1 el camino hacia la final de Budapest. En caso de pasar la eliminatoria, al Madrid le tocar\u00e1 cruzarse con el Sporting de Portugal o el Manchester City.Una situaci\u00f3n que ahora queda muy lejana en Valdebebas, donde se piensa en el d\u00eda a d\u00eda y en ganar el partido del domingo al Rayo para seguir en la pelea por la Liga. Es la realidad de un vestuario con errores claros en su configuraci\u00f3n y de una organizaci\u00f3n que espera al verano para tomar decisiones importantes. El Madrid nunca ha sido amigo de recurrir al mercado de invierno, y a pesar de la crisis de resultados de esta temporada y de los s\u00edntomas que se llevan viendo en el d\u00eda a d\u00eda durante los \u00faltimos meses, este enero tampoco ser\u00e1 diferente.Ofrecimientos y bajasAl Bernab\u00e9u han llegado varios ofrecimientos, especialmente para la posici\u00f3n de mediocentro y la de central, pero la negativa del club ha sido constante. El \u00fanico movimiento previsto en el mercado es la cesi\u00f3n de Endrick al Olympique de Lyon, una operaci\u00f3n que surgi\u00f3 a petici\u00f3n del futbolista por su falta de minutos con Alonso y que el Madrid ha permitido a pesar de que prefer\u00eda que siguiera en plantilla. No habr\u00e1 m\u00e1s, salvo que lleguen ofertas de momento inesperadas por jugadores que no cuentan demasiado, como David Alaba o Dani Ceballos, dejando para verano la reflexi\u00f3n sobre el futuro de varios jugadores con m\u00e1s peso en el equipo.En la zona noble del Bernab\u00e9u se empiezan a deslizar nombres en la lista de bajas que hasta hace unos meses parec\u00edan intocables, escritos ahora en tinta roja despu\u00e9s de unos meses que han dinamitado parte del proyecto construido en los \u00faltimos a\u00f1os. Los constantes problemas de actitud y de f\u00fatbol del equipo tendr\u00e1n consecuencias, pero no en este mes de enero.\" \/>\n<meta name=\"robots\" content=\"noindex, follow, max-snippet:-1, max-image-preview:large, max-video-preview:-1\" \/>\n<meta property=\"og:locale\" content=\"es_ES\" \/>\n<meta property=\"og:type\" content=\"article\" \/>\n<meta property=\"og:title\" content=\"Los viejos y nuevos problemas del Madrid: los enfados en el vestuario, la pretemporada de Pintus y el &quot;no&quot; a fichar en enero - vof-news.eu\" \/>\n<meta property=\"og:description\" content=\"La de Lisboa fue la s\u00e9ptima derrota del Real Madrid esta temporada. Siete ocasiones en las que se qued\u00f3 lejos de su rival y de su propia historia. Atl\u00e9tico, Liverpool, Celta, City, Barcelona, Albacete y Benfica han podido con el conjunto blanco, dej\u00e1ndole sin Supercopa de Espa\u00f1a, sin Copa del Rey, sin liderato en Liga y ahora sin top 8 en la Champions League, obligado a disputar el playoff ante Benfica o Bodo\/Glimt (el sorteo ser\u00e1 hoy) en las dos \u00faltimas semanas de febrero. Y todo, seg\u00fan las fuentes consultadas por este peri\u00f3dico, sin fichar en el mercado de invierno y mientras en el grupo se reabre las heridas y los problemas de hace unas semanas.Dec\u00eda Carlo Ancelotti que \u00abel empate es la antesala de la crisis en el Bernab\u00e9u\u00bb y con tantas noches negras en pocos meses es normal que el estadio prepare una nueva pitada a su equipo antes del duelo ante el Rayo Vallecano, este domingo a las dos de la tarde. \u00abDa un poco de verg\u00fcenza\u00bb, admit\u00eda Kylian Mbapp\u00e9 en la zona mixta del Estadio Da Luz. El franc\u00e9s, que marc\u00f3 dos goles, fue otra vez el portavoz de la plantilla, como en Atenas y antes del duelo contra el M\u00f3naco. Molesto por la actitud del grupo, el galo parece elevarse como nuevo l\u00edder del vestuario.\u00abUno s\u00ed y uno no... Eso no es de un equipo campe\u00f3n\u00bb, declar\u00f3 el delantero. Tener al Pichichi de la Champions (13 goles) y al segundo portero con m\u00e1s paradas no le ha servido al Madrid para ser uno de los ocho mejores. El belga, el otro l\u00edder sin brazalete, se enfad\u00f3 con sus compa\u00f1eros por no saludar a los aficionados despu\u00e9s del encuentro y s\u00f3lo sus gestos y gritos llamaron la atenci\u00f3n de algunos para acercarse a la grada madridista.\u00abSiempre yo, siempre yo\u00bbNo fue el \u00fanico enfado de la noche, porque Arda G\u00fcler se fue repitiendo \u00absiempre yo, siempre yo\u00bb al ser sustituido en la segunda parte, generando un nuevo caso de rebeld\u00eda en el vestuario.En el \u00e1rea t\u00e9cnica, Antonio Pintus, de vuelta a la jefatura de la preparaci\u00f3n f\u00edsica del primer equipo tras la salida de Xabi Alonso y la llegada de \u00c1lvaro Arbeloa, analizaba ya los problemas del futuro a corto plazo. El italiano ve\u00eda en el mes de febrero el momento ideal para intentar una minipretemporada que empujara la condici\u00f3n de su plantilla. Sin Copa del Rey y con el top 8 encarrilado antes de Lisboa, febrero aparec\u00eda sin partidos entre semana y s\u00f3lo con las jornadas de Liga como preocupaci\u00f3n. Al caer en Lisboa ya no ser\u00e1 as\u00ed, y el Madrid deber\u00e1 viajar en la semana del 16 al C\u00edrculo Polar \u00c1rtico o a la capital de Portugal, y siete d\u00edas despu\u00e9s se jugar\u00e1 su futuro continental en el Bernab\u00e9u.Eso se sabr\u00e1 en el sorteo de este mediod\u00eda, que tambi\u00e9n dibujar\u00e1 el camino hacia la final de Budapest. En caso de pasar la eliminatoria, al Madrid le tocar\u00e1 cruzarse con el Sporting de Portugal o el Manchester City.Una situaci\u00f3n que ahora queda muy lejana en Valdebebas, donde se piensa en el d\u00eda a d\u00eda y en ganar el partido del domingo al Rayo para seguir en la pelea por la Liga. Es la realidad de un vestuario con errores claros en su configuraci\u00f3n y de una organizaci\u00f3n que espera al verano para tomar decisiones importantes. El Madrid nunca ha sido amigo de recurrir al mercado de invierno, y a pesar de la crisis de resultados de esta temporada y de los s\u00edntomas que se llevan viendo en el d\u00eda a d\u00eda durante los \u00faltimos meses, este enero tampoco ser\u00e1 diferente.Ofrecimientos y bajasAl Bernab\u00e9u han llegado varios ofrecimientos, especialmente para la posici\u00f3n de mediocentro y la de central, pero la negativa del club ha sido constante. El \u00fanico movimiento previsto en el mercado es la cesi\u00f3n de Endrick al Olympique de Lyon, una operaci\u00f3n que surgi\u00f3 a petici\u00f3n del futbolista por su falta de minutos con Alonso y que el Madrid ha permitido a pesar de que prefer\u00eda que siguiera en plantilla. No habr\u00e1 m\u00e1s, salvo que lleguen ofertas de momento inesperadas por jugadores que no cuentan demasiado, como David Alaba o Dani Ceballos, dejando para verano la reflexi\u00f3n sobre el futuro de varios jugadores con m\u00e1s peso en el equipo.En la zona noble del Bernab\u00e9u se empiezan a deslizar nombres en la lista de bajas que hasta hace unos meses parec\u00edan intocables, escritos ahora en tinta roja despu\u00e9s de unos meses que han dinamitado parte del proyecto construido en los \u00faltimos a\u00f1os. Los constantes problemas de actitud y de f\u00fatbol del equipo tendr\u00e1n consecuencias, pero no en este mes de enero.\" \/>\n<meta property=\"og:url\" content=\"https:\/\/vof-news.eu\/es\/los-viejos-y-nuevos-problemas-del-madrid-los-enfados-en-el-vestuario-la-pretemporada-de-pintus-y-el-no-a-fichar-en-enero\/\" \/>\n<meta property=\"og:site_name\" content=\"vof-news.eu\" \/>\n<meta property=\"article:published_time\" content=\"2026-01-30T00:19:10+00:00\" \/>\n<meta property=\"article:modified_time\" content=\"2026-01-30T00:19:36+00:00\" \/>\n<meta property=\"og:image\" content=\"https:\/\/vof-news.eu\/wp-content\/uploads\/2026\/01\/17697043434083.jpg\" \/>\n\t<meta property=\"og:image:width\" content=\"1366\" \/>\n\t<meta property=\"og:image:height\" content=\"911\" \/>\n\t<meta property=\"og:image:type\" content=\"image\/jpeg\" \/>\n<meta name=\"author\" content=\"Author\" \/>\n<meta name=\"twitter:card\" content=\"summary_large_image\" \/>\n<meta name=\"twitter:label1\" content=\"Escrito por\" \/>\n\t<meta name=\"twitter:data1\" content=\"Author\" \/>\n\t<meta name=\"twitter:label2\" content=\"Tiempo de lectura\" \/>\n\t<meta name=\"twitter:data2\" content=\"4 minutos\" \/>\n<script type=\"application\/ld+json\" class=\"yoast-schema-graph\">{\"@context\":\"https:\/\/schema.org\",\"@graph\":[{\"@type\":\"WebPage\",\"@id\":\"https:\/\/vof-news.eu\/es\/los-viejos-y-nuevos-problemas-del-madrid-los-enfados-en-el-vestuario-la-pretemporada-de-pintus-y-el-no-a-fichar-en-enero\/\",\"url\":\"https:\/\/vof-news.eu\/es\/los-viejos-y-nuevos-problemas-del-madrid-los-enfados-en-el-vestuario-la-pretemporada-de-pintus-y-el-no-a-fichar-en-enero\/\",\"name\":\"Los viejos y nuevos problemas del Madrid: los enfados en el vestuario, la pretemporada de Pintus y el \\\"no\\\" a fichar en enero - vof-news.eu\",\"isPartOf\":{\"@id\":\"https:\/\/vof-news.eu\/es\/#website\"},\"primaryImageOfPage\":{\"@id\":\"https:\/\/vof-news.eu\/es\/los-viejos-y-nuevos-problemas-del-madrid-los-enfados-en-el-vestuario-la-pretemporada-de-pintus-y-el-no-a-fichar-en-enero\/#primaryimage\"},\"image\":{\"@id\":\"https:\/\/vof-news.eu\/es\/los-viejos-y-nuevos-problemas-del-madrid-los-enfados-en-el-vestuario-la-pretemporada-de-pintus-y-el-no-a-fichar-en-enero\/#primaryimage\"},\"thumbnailUrl\":\"https:\/\/vof-news.eu\/wp-content\/uploads\/2026\/01\/17697043434083.jpg\",\"datePublished\":\"2026-01-30T00:19:10+00:00\",\"dateModified\":\"2026-01-30T00:19:36+00:00\",\"author\":{\"@id\":\"https:\/\/vof-news.eu\/es\/#\/schema\/person\/f6a2a4309f0561835797fd8c19b333ed\"},\"description\":\"La de Lisboa fue la s\u00e9ptima derrota del Real Madrid esta temporada. Siete ocasiones en las que se qued\u00f3 lejos de su rival y de su propia historia. Atl\u00e9tico, Liverpool, Celta, City, Barcelona, Albacete y Benfica han podido con el conjunto blanco, dej\u00e1ndole sin Supercopa de Espa\u00f1a, sin Copa del Rey, sin liderato en Liga y ahora sin top 8 en la Champions League, obligado a disputar el playoff ante Benfica o Bodo\/Glimt (el sorteo ser\u00e1 hoy) en las dos \u00faltimas semanas de febrero. Y todo, seg\u00fan las fuentes consultadas por este peri\u00f3dico, sin fichar en el mercado de invierno y mientras en el grupo se reabre las heridas y los problemas de hace unas semanas.Dec\u00eda Carlo Ancelotti que \u00abel empate es la antesala de la crisis en el Bernab\u00e9u\u00bb y con tantas noches negras en pocos meses es normal que el estadio prepare una nueva pitada a su equipo antes del duelo ante el Rayo Vallecano, este domingo a las dos de la tarde. \u00abDa un poco de verg\u00fcenza\u00bb, admit\u00eda Kylian Mbapp\u00e9 en la zona mixta del Estadio Da Luz. El franc\u00e9s, que marc\u00f3 dos goles, fue otra vez el portavoz de la plantilla, como en Atenas y antes del duelo contra el M\u00f3naco. Molesto por la actitud del grupo, el galo parece elevarse como nuevo l\u00edder del vestuario.\u00abUno s\u00ed y uno no... Eso no es de un equipo campe\u00f3n\u00bb, declar\u00f3 el delantero. Tener al Pichichi de la Champions (13 goles) y al segundo portero con m\u00e1s paradas no le ha servido al Madrid para ser uno de los ocho mejores. El belga, el otro l\u00edder sin brazalete, se enfad\u00f3 con sus compa\u00f1eros por no saludar a los aficionados despu\u00e9s del encuentro y s\u00f3lo sus gestos y gritos llamaron la atenci\u00f3n de algunos para acercarse a la grada madridista.\u00abSiempre yo, siempre yo\u00bbNo fue el \u00fanico enfado de la noche, porque Arda G\u00fcler se fue repitiendo \u00absiempre yo, siempre yo\u00bb al ser sustituido en la segunda parte, generando un nuevo caso de rebeld\u00eda en el vestuario.En el \u00e1rea t\u00e9cnica, Antonio Pintus, de vuelta a la jefatura de la preparaci\u00f3n f\u00edsica del primer equipo tras la salida de Xabi Alonso y la llegada de \u00c1lvaro Arbeloa, analizaba ya los problemas del futuro a corto plazo. El italiano ve\u00eda en el mes de febrero el momento ideal para intentar una minipretemporada que empujara la condici\u00f3n de su plantilla. Sin Copa del Rey y con el top 8 encarrilado antes de Lisboa, febrero aparec\u00eda sin partidos entre semana y s\u00f3lo con las jornadas de Liga como preocupaci\u00f3n. Al caer en Lisboa ya no ser\u00e1 as\u00ed, y el Madrid deber\u00e1 viajar en la semana del 16 al C\u00edrculo Polar \u00c1rtico o a la capital de Portugal, y siete d\u00edas despu\u00e9s se jugar\u00e1 su futuro continental en el Bernab\u00e9u.Eso se sabr\u00e1 en el sorteo de este mediod\u00eda, que tambi\u00e9n dibujar\u00e1 el camino hacia la final de Budapest. En caso de pasar la eliminatoria, al Madrid le tocar\u00e1 cruzarse con el Sporting de Portugal o el Manchester City.Una situaci\u00f3n que ahora queda muy lejana en Valdebebas, donde se piensa en el d\u00eda a d\u00eda y en ganar el partido del domingo al Rayo para seguir en la pelea por la Liga. Es la realidad de un vestuario con errores claros en su configuraci\u00f3n y de una organizaci\u00f3n que espera al verano para tomar decisiones importantes. El Madrid nunca ha sido amigo de recurrir al mercado de invierno, y a pesar de la crisis de resultados de esta temporada y de los s\u00edntomas que se llevan viendo en el d\u00eda a d\u00eda durante los \u00faltimos meses, este enero tampoco ser\u00e1 diferente.Ofrecimientos y bajasAl Bernab\u00e9u han llegado varios ofrecimientos, especialmente para la posici\u00f3n de mediocentro y la de central, pero la negativa del club ha sido constante. El \u00fanico movimiento previsto en el mercado es la cesi\u00f3n de Endrick al Olympique de Lyon, una operaci\u00f3n que surgi\u00f3 a petici\u00f3n del futbolista por su falta de minutos con Alonso y que el Madrid ha permitido a pesar de que prefer\u00eda que siguiera en plantilla. No habr\u00e1 m\u00e1s, salvo que lleguen ofertas de momento inesperadas por jugadores que no cuentan demasiado, como David Alaba o Dani Ceballos, dejando para verano la reflexi\u00f3n sobre el futuro de varios jugadores con m\u00e1s peso en el equipo.En la zona noble del Bernab\u00e9u se empiezan a deslizar nombres en la lista de bajas que hasta hace unos meses parec\u00edan intocables, escritos ahora en tinta roja despu\u00e9s de unos meses que han dinamitado parte del proyecto construido en los \u00faltimos a\u00f1os. Los constantes problemas de actitud y de f\u00fatbol del equipo tendr\u00e1n consecuencias, pero no en este mes de enero.\",\"breadcrumb\":{\"@id\":\"https:\/\/vof-news.eu\/es\/los-viejos-y-nuevos-problemas-del-madrid-los-enfados-en-el-vestuario-la-pretemporada-de-pintus-y-el-no-a-fichar-en-enero\/#breadcrumb\"},\"inLanguage\":\"es\",\"potentialAction\":[{\"@type\":\"ReadAction\",\"target\":[\"https:\/\/vof-news.eu\/es\/los-viejos-y-nuevos-problemas-del-madrid-los-enfados-en-el-vestuario-la-pretemporada-de-pintus-y-el-no-a-fichar-en-enero\/\"]}]},{\"@type\":\"ImageObject\",\"inLanguage\":\"es\",\"@id\":\"https:\/\/vof-news.eu\/es\/los-viejos-y-nuevos-problemas-del-madrid-los-enfados-en-el-vestuario-la-pretemporada-de-pintus-y-el-no-a-fichar-en-enero\/#primaryimage\",\"url\":\"https:\/\/vof-news.eu\/wp-content\/uploads\/2026\/01\/17697043434083.jpg\",\"contentUrl\":\"https:\/\/vof-news.eu\/wp-content\/uploads\/2026\/01\/17697043434083.jpg\",\"width\":1366,\"height\":911},{\"@type\":\"BreadcrumbList\",\"@id\":\"https:\/\/vof-news.eu\/es\/los-viejos-y-nuevos-problemas-del-madrid-los-enfados-en-el-vestuario-la-pretemporada-de-pintus-y-el-no-a-fichar-en-enero\/#breadcrumb\",\"itemListElement\":[{\"@type\":\"ListItem\",\"position\":1,\"name\":\"Home\",\"item\":\"https:\/\/vof-news.eu\/es\/\"},{\"@type\":\"ListItem\",\"position\":2,\"name\":\"Los viejos y nuevos problemas del Madrid: los enfados en el vestuario, la pretemporada de Pintus y el &#8220;no&#8221; a fichar en enero\"}]},{\"@type\":\"WebSite\",\"@id\":\"https:\/\/vof-news.eu\/es\/#website\",\"url\":\"https:\/\/vof-news.eu\/es\/\",\"name\":\"vof-news.eu\",\"description\":\"\",\"potentialAction\":[{\"@type\":\"SearchAction\",\"target\":{\"@type\":\"EntryPoint\",\"urlTemplate\":\"https:\/\/vof-news.eu\/es\/?s={search_term_string}\"},\"query-input\":\"required name=search_term_string\"}],\"inLanguage\":\"es\"},{\"@type\":\"Person\",\"@id\":\"https:\/\/vof-news.eu\/es\/#\/schema\/person\/f6a2a4309f0561835797fd8c19b333ed\",\"name\":\"Author\",\"image\":{\"@type\":\"ImageObject\",\"inLanguage\":\"es\",\"@id\":\"https:\/\/vof-news.eu\/es\/#\/schema\/person\/image\/\",\"url\":\"https:\/\/secure.gravatar.com\/avatar\/b67e614b1b25b3e9c0c239efdd2fde5ab015b5affd6f1c3c85911ca4b384e790?s=96&d=mm&r=g\",\"contentUrl\":\"https:\/\/secure.gravatar.com\/avatar\/b67e614b1b25b3e9c0c239efdd2fde5ab015b5affd6f1c3c85911ca4b384e790?s=96&d=mm&r=g\",\"caption\":\"Author\"},\"sameAs\":[\"http:\/\/vof-news.eu\"],\"url\":\"https:\/\/vof-news.eu\/es\/author\/zwt6qxnjulxbnyg\/\"}]}<\/script>\n<!-- \/ Yoast SEO plugin. -->","yoast_head_json":{"title":"Los viejos y nuevos problemas del Madrid: los enfados en el vestuario, la pretemporada de Pintus y el \"no\" a fichar en enero - vof-news.eu","description":"La de Lisboa fue la s\u00e9ptima derrota del Real Madrid esta temporada. Siete ocasiones en las que se qued\u00f3 lejos de su rival y de su propia historia. Atl\u00e9tico, Liverpool, Celta, City, Barcelona, Albacete y Benfica han podido con el conjunto blanco, dej\u00e1ndole sin Supercopa de Espa\u00f1a, sin Copa del Rey, sin liderato en Liga y ahora sin top 8 en la Champions League, obligado a disputar el playoff ante Benfica o Bodo\/Glimt (el sorteo ser\u00e1 hoy) en las dos \u00faltimas semanas de febrero. Y todo, seg\u00fan las fuentes consultadas por este peri\u00f3dico, sin fichar en el mercado de invierno y mientras en el grupo se reabre las heridas y los problemas de hace unas semanas.Dec\u00eda Carlo Ancelotti que \u00abel empate es la antesala de la crisis en el Bernab\u00e9u\u00bb y con tantas noches negras en pocos meses es normal que el estadio prepare una nueva pitada a su equipo antes del duelo ante el Rayo Vallecano, este domingo a las dos de la tarde. \u00abDa un poco de verg\u00fcenza\u00bb, admit\u00eda Kylian Mbapp\u00e9 en la zona mixta del Estadio Da Luz. El franc\u00e9s, que marc\u00f3 dos goles, fue otra vez el portavoz de la plantilla, como en Atenas y antes del duelo contra el M\u00f3naco. Molesto por la actitud del grupo, el galo parece elevarse como nuevo l\u00edder del vestuario.\u00abUno s\u00ed y uno no... Eso no es de un equipo campe\u00f3n\u00bb, declar\u00f3 el delantero. Tener al Pichichi de la Champions (13 goles) y al segundo portero con m\u00e1s paradas no le ha servido al Madrid para ser uno de los ocho mejores. El belga, el otro l\u00edder sin brazalete, se enfad\u00f3 con sus compa\u00f1eros por no saludar a los aficionados despu\u00e9s del encuentro y s\u00f3lo sus gestos y gritos llamaron la atenci\u00f3n de algunos para acercarse a la grada madridista.\u00abSiempre yo, siempre yo\u00bbNo fue el \u00fanico enfado de la noche, porque Arda G\u00fcler se fue repitiendo \u00absiempre yo, siempre yo\u00bb al ser sustituido en la segunda parte, generando un nuevo caso de rebeld\u00eda en el vestuario.En el \u00e1rea t\u00e9cnica, Antonio Pintus, de vuelta a la jefatura de la preparaci\u00f3n f\u00edsica del primer equipo tras la salida de Xabi Alonso y la llegada de \u00c1lvaro Arbeloa, analizaba ya los problemas del futuro a corto plazo. El italiano ve\u00eda en el mes de febrero el momento ideal para intentar una minipretemporada que empujara la condici\u00f3n de su plantilla. Sin Copa del Rey y con el top 8 encarrilado antes de Lisboa, febrero aparec\u00eda sin partidos entre semana y s\u00f3lo con las jornadas de Liga como preocupaci\u00f3n. Al caer en Lisboa ya no ser\u00e1 as\u00ed, y el Madrid deber\u00e1 viajar en la semana del 16 al C\u00edrculo Polar \u00c1rtico o a la capital de Portugal, y siete d\u00edas despu\u00e9s se jugar\u00e1 su futuro continental en el Bernab\u00e9u.Eso se sabr\u00e1 en el sorteo de este mediod\u00eda, que tambi\u00e9n dibujar\u00e1 el camino hacia la final de Budapest. En caso de pasar la eliminatoria, al Madrid le tocar\u00e1 cruzarse con el Sporting de Portugal o el Manchester City.Una situaci\u00f3n que ahora queda muy lejana en Valdebebas, donde se piensa en el d\u00eda a d\u00eda y en ganar el partido del domingo al Rayo para seguir en la pelea por la Liga. Es la realidad de un vestuario con errores claros en su configuraci\u00f3n y de una organizaci\u00f3n que espera al verano para tomar decisiones importantes. El Madrid nunca ha sido amigo de recurrir al mercado de invierno, y a pesar de la crisis de resultados de esta temporada y de los s\u00edntomas que se llevan viendo en el d\u00eda a d\u00eda durante los \u00faltimos meses, este enero tampoco ser\u00e1 diferente.Ofrecimientos y bajasAl Bernab\u00e9u han llegado varios ofrecimientos, especialmente para la posici\u00f3n de mediocentro y la de central, pero la negativa del club ha sido constante. El \u00fanico movimiento previsto en el mercado es la cesi\u00f3n de Endrick al Olympique de Lyon, una operaci\u00f3n que surgi\u00f3 a petici\u00f3n del futbolista por su falta de minutos con Alonso y que el Madrid ha permitido a pesar de que prefer\u00eda que siguiera en plantilla. No habr\u00e1 m\u00e1s, salvo que lleguen ofertas de momento inesperadas por jugadores que no cuentan demasiado, como David Alaba o Dani Ceballos, dejando para verano la reflexi\u00f3n sobre el futuro de varios jugadores con m\u00e1s peso en el equipo.En la zona noble del Bernab\u00e9u se empiezan a deslizar nombres en la lista de bajas que hasta hace unos meses parec\u00edan intocables, escritos ahora en tinta roja despu\u00e9s de unos meses que han dinamitado parte del proyecto construido en los \u00faltimos a\u00f1os. Los constantes problemas de actitud y de f\u00fatbol del equipo tendr\u00e1n consecuencias, pero no en este mes de enero.","robots":{"index":"noindex","follow":"follow","max-snippet":"max-snippet:-1","max-image-preview":"max-image-preview:large","max-video-preview":"max-video-preview:-1"},"og_locale":"es_ES","og_type":"article","og_title":"Los viejos y nuevos problemas del Madrid: los enfados en el vestuario, la pretemporada de Pintus y el \"no\" a fichar en enero - vof-news.eu","og_description":"La de Lisboa fue la s\u00e9ptima derrota del Real Madrid esta temporada. Siete ocasiones en las que se qued\u00f3 lejos de su rival y de su propia historia. Atl\u00e9tico, Liverpool, Celta, City, Barcelona, Albacete y Benfica han podido con el conjunto blanco, dej\u00e1ndole sin Supercopa de Espa\u00f1a, sin Copa del Rey, sin liderato en Liga y ahora sin top 8 en la Champions League, obligado a disputar el playoff ante Benfica o Bodo\/Glimt (el sorteo ser\u00e1 hoy) en las dos \u00faltimas semanas de febrero. Y todo, seg\u00fan las fuentes consultadas por este peri\u00f3dico, sin fichar en el mercado de invierno y mientras en el grupo se reabre las heridas y los problemas de hace unas semanas.Dec\u00eda Carlo Ancelotti que \u00abel empate es la antesala de la crisis en el Bernab\u00e9u\u00bb y con tantas noches negras en pocos meses es normal que el estadio prepare una nueva pitada a su equipo antes del duelo ante el Rayo Vallecano, este domingo a las dos de la tarde. \u00abDa un poco de verg\u00fcenza\u00bb, admit\u00eda Kylian Mbapp\u00e9 en la zona mixta del Estadio Da Luz. El franc\u00e9s, que marc\u00f3 dos goles, fue otra vez el portavoz de la plantilla, como en Atenas y antes del duelo contra el M\u00f3naco. Molesto por la actitud del grupo, el galo parece elevarse como nuevo l\u00edder del vestuario.\u00abUno s\u00ed y uno no... Eso no es de un equipo campe\u00f3n\u00bb, declar\u00f3 el delantero. Tener al Pichichi de la Champions (13 goles) y al segundo portero con m\u00e1s paradas no le ha servido al Madrid para ser uno de los ocho mejores. El belga, el otro l\u00edder sin brazalete, se enfad\u00f3 con sus compa\u00f1eros por no saludar a los aficionados despu\u00e9s del encuentro y s\u00f3lo sus gestos y gritos llamaron la atenci\u00f3n de algunos para acercarse a la grada madridista.\u00abSiempre yo, siempre yo\u00bbNo fue el \u00fanico enfado de la noche, porque Arda G\u00fcler se fue repitiendo \u00absiempre yo, siempre yo\u00bb al ser sustituido en la segunda parte, generando un nuevo caso de rebeld\u00eda en el vestuario.En el \u00e1rea t\u00e9cnica, Antonio Pintus, de vuelta a la jefatura de la preparaci\u00f3n f\u00edsica del primer equipo tras la salida de Xabi Alonso y la llegada de \u00c1lvaro Arbeloa, analizaba ya los problemas del futuro a corto plazo. El italiano ve\u00eda en el mes de febrero el momento ideal para intentar una minipretemporada que empujara la condici\u00f3n de su plantilla. Sin Copa del Rey y con el top 8 encarrilado antes de Lisboa, febrero aparec\u00eda sin partidos entre semana y s\u00f3lo con las jornadas de Liga como preocupaci\u00f3n. Al caer en Lisboa ya no ser\u00e1 as\u00ed, y el Madrid deber\u00e1 viajar en la semana del 16 al C\u00edrculo Polar \u00c1rtico o a la capital de Portugal, y siete d\u00edas despu\u00e9s se jugar\u00e1 su futuro continental en el Bernab\u00e9u.Eso se sabr\u00e1 en el sorteo de este mediod\u00eda, que tambi\u00e9n dibujar\u00e1 el camino hacia la final de Budapest. En caso de pasar la eliminatoria, al Madrid le tocar\u00e1 cruzarse con el Sporting de Portugal o el Manchester City.Una situaci\u00f3n que ahora queda muy lejana en Valdebebas, donde se piensa en el d\u00eda a d\u00eda y en ganar el partido del domingo al Rayo para seguir en la pelea por la Liga. Es la realidad de un vestuario con errores claros en su configuraci\u00f3n y de una organizaci\u00f3n que espera al verano para tomar decisiones importantes. El Madrid nunca ha sido amigo de recurrir al mercado de invierno, y a pesar de la crisis de resultados de esta temporada y de los s\u00edntomas que se llevan viendo en el d\u00eda a d\u00eda durante los \u00faltimos meses, este enero tampoco ser\u00e1 diferente.Ofrecimientos y bajasAl Bernab\u00e9u han llegado varios ofrecimientos, especialmente para la posici\u00f3n de mediocentro y la de central, pero la negativa del club ha sido constante. El \u00fanico movimiento previsto en el mercado es la cesi\u00f3n de Endrick al Olympique de Lyon, una operaci\u00f3n que surgi\u00f3 a petici\u00f3n del futbolista por su falta de minutos con Alonso y que el Madrid ha permitido a pesar de que prefer\u00eda que siguiera en plantilla. No habr\u00e1 m\u00e1s, salvo que lleguen ofertas de momento inesperadas por jugadores que no cuentan demasiado, como David Alaba o Dani Ceballos, dejando para verano la reflexi\u00f3n sobre el futuro de varios jugadores con m\u00e1s peso en el equipo.En la zona noble del Bernab\u00e9u se empiezan a deslizar nombres en la lista de bajas que hasta hace unos meses parec\u00edan intocables, escritos ahora en tinta roja despu\u00e9s de unos meses que han dinamitado parte del proyecto construido en los \u00faltimos a\u00f1os. Los constantes problemas de actitud y de f\u00fatbol del equipo tendr\u00e1n consecuencias, pero no en este mes de enero.","og_url":"https:\/\/vof-news.eu\/es\/los-viejos-y-nuevos-problemas-del-madrid-los-enfados-en-el-vestuario-la-pretemporada-de-pintus-y-el-no-a-fichar-en-enero\/","og_site_name":"vof-news.eu","article_published_time":"2026-01-30T00:19:10+00:00","article_modified_time":"2026-01-30T00:19:36+00:00","og_image":[{"width":1366,"height":911,"url":"https:\/\/vof-news.eu\/wp-content\/uploads\/2026\/01\/17697043434083.jpg","type":"image\/jpeg"}],"author":"Author","twitter_card":"summary_large_image","twitter_misc":{"Escrito por":"Author","Tiempo de lectura":"4 minutos"},"schema":{"@context":"https:\/\/schema.org","@graph":[{"@type":"WebPage","@id":"https:\/\/vof-news.eu\/es\/los-viejos-y-nuevos-problemas-del-madrid-los-enfados-en-el-vestuario-la-pretemporada-de-pintus-y-el-no-a-fichar-en-enero\/","url":"https:\/\/vof-news.eu\/es\/los-viejos-y-nuevos-problemas-del-madrid-los-enfados-en-el-vestuario-la-pretemporada-de-pintus-y-el-no-a-fichar-en-enero\/","name":"Los viejos y nuevos problemas del Madrid: los enfados en el vestuario, la pretemporada de Pintus y el \"no\" a fichar en enero - vof-news.eu","isPartOf":{"@id":"https:\/\/vof-news.eu\/es\/#website"},"primaryImageOfPage":{"@id":"https:\/\/vof-news.eu\/es\/los-viejos-y-nuevos-problemas-del-madrid-los-enfados-en-el-vestuario-la-pretemporada-de-pintus-y-el-no-a-fichar-en-enero\/#primaryimage"},"image":{"@id":"https:\/\/vof-news.eu\/es\/los-viejos-y-nuevos-problemas-del-madrid-los-enfados-en-el-vestuario-la-pretemporada-de-pintus-y-el-no-a-fichar-en-enero\/#primaryimage"},"thumbnailUrl":"https:\/\/vof-news.eu\/wp-content\/uploads\/2026\/01\/17697043434083.jpg","datePublished":"2026-01-30T00:19:10+00:00","dateModified":"2026-01-30T00:19:36+00:00","author":{"@id":"https:\/\/vof-news.eu\/es\/#\/schema\/person\/f6a2a4309f0561835797fd8c19b333ed"},"description":"La de Lisboa fue la s\u00e9ptima derrota del Real Madrid esta temporada. Siete ocasiones en las que se qued\u00f3 lejos de su rival y de su propia historia. Atl\u00e9tico, Liverpool, Celta, City, Barcelona, Albacete y Benfica han podido con el conjunto blanco, dej\u00e1ndole sin Supercopa de Espa\u00f1a, sin Copa del Rey, sin liderato en Liga y ahora sin top 8 en la Champions League, obligado a disputar el playoff ante Benfica o Bodo\/Glimt (el sorteo ser\u00e1 hoy) en las dos \u00faltimas semanas de febrero. Y todo, seg\u00fan las fuentes consultadas por este peri\u00f3dico, sin fichar en el mercado de invierno y mientras en el grupo se reabre las heridas y los problemas de hace unas semanas.Dec\u00eda Carlo Ancelotti que \u00abel empate es la antesala de la crisis en el Bernab\u00e9u\u00bb y con tantas noches negras en pocos meses es normal que el estadio prepare una nueva pitada a su equipo antes del duelo ante el Rayo Vallecano, este domingo a las dos de la tarde. \u00abDa un poco de verg\u00fcenza\u00bb, admit\u00eda Kylian Mbapp\u00e9 en la zona mixta del Estadio Da Luz. El franc\u00e9s, que marc\u00f3 dos goles, fue otra vez el portavoz de la plantilla, como en Atenas y antes del duelo contra el M\u00f3naco. Molesto por la actitud del grupo, el galo parece elevarse como nuevo l\u00edder del vestuario.\u00abUno s\u00ed y uno no... Eso no es de un equipo campe\u00f3n\u00bb, declar\u00f3 el delantero. Tener al Pichichi de la Champions (13 goles) y al segundo portero con m\u00e1s paradas no le ha servido al Madrid para ser uno de los ocho mejores. El belga, el otro l\u00edder sin brazalete, se enfad\u00f3 con sus compa\u00f1eros por no saludar a los aficionados despu\u00e9s del encuentro y s\u00f3lo sus gestos y gritos llamaron la atenci\u00f3n de algunos para acercarse a la grada madridista.\u00abSiempre yo, siempre yo\u00bbNo fue el \u00fanico enfado de la noche, porque Arda G\u00fcler se fue repitiendo \u00absiempre yo, siempre yo\u00bb al ser sustituido en la segunda parte, generando un nuevo caso de rebeld\u00eda en el vestuario.En el \u00e1rea t\u00e9cnica, Antonio Pintus, de vuelta a la jefatura de la preparaci\u00f3n f\u00edsica del primer equipo tras la salida de Xabi Alonso y la llegada de \u00c1lvaro Arbeloa, analizaba ya los problemas del futuro a corto plazo. El italiano ve\u00eda en el mes de febrero el momento ideal para intentar una minipretemporada que empujara la condici\u00f3n de su plantilla. Sin Copa del Rey y con el top 8 encarrilado antes de Lisboa, febrero aparec\u00eda sin partidos entre semana y s\u00f3lo con las jornadas de Liga como preocupaci\u00f3n. Al caer en Lisboa ya no ser\u00e1 as\u00ed, y el Madrid deber\u00e1 viajar en la semana del 16 al C\u00edrculo Polar \u00c1rtico o a la capital de Portugal, y siete d\u00edas despu\u00e9s se jugar\u00e1 su futuro continental en el Bernab\u00e9u.Eso se sabr\u00e1 en el sorteo de este mediod\u00eda, que tambi\u00e9n dibujar\u00e1 el camino hacia la final de Budapest. En caso de pasar la eliminatoria, al Madrid le tocar\u00e1 cruzarse con el Sporting de Portugal o el Manchester City.Una situaci\u00f3n que ahora queda muy lejana en Valdebebas, donde se piensa en el d\u00eda a d\u00eda y en ganar el partido del domingo al Rayo para seguir en la pelea por la Liga. Es la realidad de un vestuario con errores claros en su configuraci\u00f3n y de una organizaci\u00f3n que espera al verano para tomar decisiones importantes. El Madrid nunca ha sido amigo de recurrir al mercado de invierno, y a pesar de la crisis de resultados de esta temporada y de los s\u00edntomas que se llevan viendo en el d\u00eda a d\u00eda durante los \u00faltimos meses, este enero tampoco ser\u00e1 diferente.Ofrecimientos y bajasAl Bernab\u00e9u han llegado varios ofrecimientos, especialmente para la posici\u00f3n de mediocentro y la de central, pero la negativa del club ha sido constante. El \u00fanico movimiento previsto en el mercado es la cesi\u00f3n de Endrick al Olympique de Lyon, una operaci\u00f3n que surgi\u00f3 a petici\u00f3n del futbolista por su falta de minutos con Alonso y que el Madrid ha permitido a pesar de que prefer\u00eda que siguiera en plantilla. No habr\u00e1 m\u00e1s, salvo que lleguen ofertas de momento inesperadas por jugadores que no cuentan demasiado, como David Alaba o Dani Ceballos, dejando para verano la reflexi\u00f3n sobre el futuro de varios jugadores con m\u00e1s peso en el equipo.En la zona noble del Bernab\u00e9u se empiezan a deslizar nombres en la lista de bajas que hasta hace unos meses parec\u00edan intocables, escritos ahora en tinta roja despu\u00e9s de unos meses que han dinamitado parte del proyecto construido en los \u00faltimos a\u00f1os. Los constantes problemas de actitud y de f\u00fatbol del equipo tendr\u00e1n consecuencias, pero no en este mes de enero.","breadcrumb":{"@id":"https:\/\/vof-news.eu\/es\/los-viejos-y-nuevos-problemas-del-madrid-los-enfados-en-el-vestuario-la-pretemporada-de-pintus-y-el-no-a-fichar-en-enero\/#breadcrumb"},"inLanguage":"es","potentialAction":[{"@type":"ReadAction","target":["https:\/\/vof-news.eu\/es\/los-viejos-y-nuevos-problemas-del-madrid-los-enfados-en-el-vestuario-la-pretemporada-de-pintus-y-el-no-a-fichar-en-enero\/"]}]},{"@type":"ImageObject","inLanguage":"es","@id":"https:\/\/vof-news.eu\/es\/los-viejos-y-nuevos-problemas-del-madrid-los-enfados-en-el-vestuario-la-pretemporada-de-pintus-y-el-no-a-fichar-en-enero\/#primaryimage","url":"https:\/\/vof-news.eu\/wp-content\/uploads\/2026\/01\/17697043434083.jpg","contentUrl":"https:\/\/vof-news.eu\/wp-content\/uploads\/2026\/01\/17697043434083.jpg","width":1366,"height":911},{"@type":"BreadcrumbList","@id":"https:\/\/vof-news.eu\/es\/los-viejos-y-nuevos-problemas-del-madrid-los-enfados-en-el-vestuario-la-pretemporada-de-pintus-y-el-no-a-fichar-en-enero\/#breadcrumb","itemListElement":[{"@type":"ListItem","position":1,"name":"Home","item":"https:\/\/vof-news.eu\/es\/"},{"@type":"ListItem","position":2,"name":"Los viejos y nuevos problemas del Madrid: los enfados en el vestuario, la pretemporada de Pintus y el &#8220;no&#8221; a fichar en enero"}]},{"@type":"WebSite","@id":"https:\/\/vof-news.eu\/es\/#website","url":"https:\/\/vof-news.eu\/es\/","name":"vof-news.eu","description":"","potentialAction":[{"@type":"SearchAction","target":{"@type":"EntryPoint","urlTemplate":"https:\/\/vof-news.eu\/es\/?s={search_term_string}"},"query-input":"required name=search_term_string"}],"inLanguage":"es"},{"@type":"Person","@id":"https:\/\/vof-news.eu\/es\/#\/schema\/person\/f6a2a4309f0561835797fd8c19b333ed","name":"Author","image":{"@type":"ImageObject","inLanguage":"es","@id":"https:\/\/vof-news.eu\/es\/#\/schema\/person\/image\/","url":"https:\/\/secure.gravatar.com\/avatar\/b67e614b1b25b3e9c0c239efdd2fde5ab015b5affd6f1c3c85911ca4b384e790?s=96&d=mm&r=g","contentUrl":"https:\/\/secure.gravatar.com\/avatar\/b67e614b1b25b3e9c0c239efdd2fde5ab015b5affd6f1c3c85911ca4b384e790?s=96&d=mm&r=g","caption":"Author"},"sameAs":["http:\/\/vof-news.eu"],"url":"https:\/\/vof-news.eu\/es\/author\/zwt6qxnjulxbnyg\/"}]}},"yoast_meta":{"yoast_wpseo_title":"","yoast_wpseo_metadesc":"","yoast_wpseo_canonical":""},"_links":{"self":[{"href":"https:\/\/vof-news.eu\/es\/wp-json\/wp\/v2\/posts\/321726","targetHints":{"allow":["GET"]}}],"collection":[{"href":"https:\/\/vof-news.eu\/es\/wp-json\/wp\/v2\/posts"}],"about":[{"href":"https:\/\/vof-news.eu\/es\/wp-json\/wp\/v2\/types\/post"}],"author":[{"embeddable":true,"href":"https:\/\/vof-news.eu\/es\/wp-json\/wp\/v2\/users\/1"}],"replies":[{"embeddable":true,"href":"https:\/\/vof-news.eu\/es\/wp-json\/wp\/v2\/comments?post=321726"}],"version-history":[{"count":1,"href":"https:\/\/vof-news.eu\/es\/wp-json\/wp\/v2\/posts\/321726\/revisions"}],"predecessor-version":[{"id":321733,"href":"https:\/\/vof-news.eu\/es\/wp-json\/wp\/v2\/posts\/321726\/revisions\/321733"}],"wp:featuredmedia":[{"embeddable":true,"href":"https:\/\/vof-news.eu\/es\/wp-json\/wp\/v2\/media\/321727"}],"wp:attachment":[{"href":"https:\/\/vof-news.eu\/es\/wp-json\/wp\/v2\/media?parent=321726"}],"wp:term":[{"taxonomy":"category","embeddable":true,"href":"https:\/\/vof-news.eu\/es\/wp-json\/wp\/v2\/categories?post=321726"},{"taxonomy":"post_tag","embeddable":true,"href":"https:\/\/vof-news.eu\/es\/wp-json\/wp\/v2\/tags?post=321726"}],"curies":[{"name":"wp","href":"https:\/\/api.w.org\/{rel}","templated":true}]}}