{"id":321700,"date":"2026-01-29T23:17:17","date_gmt":"2026-01-29T20:17:17","guid":{"rendered":"https:\/\/vof-news.eu\/mas-de-150-juristas-y-catedraticos-respaldan-al-ex-fiscal-general-tras-su-condena-es-una-decision-politica\/"},"modified":"2026-01-29T23:18:05","modified_gmt":"2026-01-29T20:18:05","slug":"mas-de-150-juristas-y-catedraticos-respaldan-al-ex-fiscal-general-tras-su-condena-es-una-decision-politica","status":"publish","type":"post","link":"https:\/\/vof-news.eu\/es\/mas-de-150-juristas-y-catedraticos-respaldan-al-ex-fiscal-general-tras-su-condena-es-una-decision-politica\/","title":{"rendered":"M\u00e1s de 150 juristas y catedr\u00e1ticos respaldan al ex fiscal general tras su condena: \u201cEs una decisi\u00f3n pol\u00edtica\u201d"},"content":{"rendered":"<div>\n<p>\n        El ex <a href=\"https:\/\/www.eldiario.es\/temas\/fiscal-general-del-estado\/\" rel=\"nofollow\">fiscal general del Estado \u00c1lvaro Garc\u00eda Ortiz<\/a> ha recibido este jueves el respaldo de parte de la judicatura \u201cindignada\u201d con <a href=\"https:\/\/www.eldiario.es\/politica\/sentencia-fiscal-general-diez-interpretaciones-contrarias-condena-voto-discrepante_1_12831862.html\" rel=\"nofollow\">la decisi\u00f3n del Tribunal Supremo<\/a> de condenarle por la filtraci\u00f3n de un correo de la pareja de Isabel D\u00edaz Ayuso. Ha sido durante la presentaci\u00f3n del manifiesto &#8216;Una sentencia inquietante. Condena a la presunci\u00f3n de inocencia&#8217;, firmado por m\u00e1s de 150 juristas, magistrados, abogados, fiscales y catedr\u00e1ticos, muchos de los cuales han arropado al ex fiscal general en este acto celebrado en el Ateneo de Madrid.\n    <\/p>\n<p>\n        El manifiesto recoge la indignaci\u00f3n de parte de la judicatura por una sentencia que creen basada en conjeturas e indicios al no haber ninguna prueba de cargo que incriminara a Garc\u00eda Ortiz, propia de \u201cjueces justicieros\u201d que parten de una convicci\u00f3n y buscan una v\u00eda para acreditarla, seg\u00fan ha denunciado el abogado y exdiputado en el Congreso y en la Asamblea de Madrid por el PSOE, Manuel de la Rocha. Para \u00e9la, la sentencia se ha saltado de manera \u201cirracional\u201d y \u201cexasperante\u201d el principio constitucional de presunci\u00f3n de inocencia. \u201cEs una decisi\u00f3n pol\u00edtica\u201d, ha advertido, tras lo que ha lamentado la divisi\u00f3n \u201cprofunda\u201d que existe entre conservadores y progresistas en la justicia y ha incidido en que la Sala 2\u00aa del Tribunal Supremo siempre se sit\u00faa a la derecha.\n    <\/p>\n<p>\n        La presidenta de la Uni\u00f3n Progresista de Fiscales, Pepa Berdugo, ha hablado de numerosas anomal\u00edas en el proceso y ha incidido en que todo el procedimiento contra Garc\u00eda Ortiz ha sido \u201cinquietante\u201d, desde la instrucci\u00f3n hasta la sentencia y el tiempo pasado hasta conocer los argumentos de la resoluci\u00f3n. \u201cM\u00e1s que inquietante, la sentencia es absolutamente decepcionante\u201d, ha matizado Joaqu\u00edn Gim\u00e9nez, exmagistrado de la Sala Segunda del Supremo, al considerar que desprestigia al sistema judicial, que es el \u201c\u00faltimo refugio\u201d y la \u201c\u00faltima esperanza\u201d de la ciudadan\u00eda.\n    <\/p>\n<h2>Sartorius: \u201cNunca he visto nada parecido\u201d<\/h2>\n<p>\n        Ella ha incidido en que la sentencia no surge de la nada, sino que se encuadra en el \u201ccerco\u201d que, seg\u00fan ha dicho, hay alrededor del Gobierno para hacerle caer. En su opini\u00f3n, se trata de \u201cun aut\u00e9ntico desaf\u00edo a la l\u00f3gica\u201d al haber sacado certeza de unas dudas, de tal modo que Garc\u00eda Ortiz \u201cno ha podido acreditar su inocencia\u201d, ha ironizado. Pero adem\u00e1s de haberse vulnerado su presunci\u00f3n de inocencia, con esta sentencia se han laminado tambi\u00e9n, seg\u00fan Gim\u00e9nez, el derecho a una informaci\u00f3n veraz y el derecho de los profesionales de los medios de comunicaci\u00f3n al secreto profesional, dos principios fundamentales en una sociedad democr\u00e1tica.\n    <\/p>\n<p>\n        El exparlamnetario Nicol\u00e1s Sartorius ha advertido, por su parte, de la politizaci\u00f3n de la justicia, de tal modo que los jueces de forma consciente o inconsciente introducen en el ejercicio de su actividad elementos que distorsionan al Ejecutivo, al Parlamento y al resto de instituciones democr\u00e1ticas. Seg\u00fan ha dicho, hay algunos grupos minoritarios de jueces, pero bien situados en determinas salas que creen que hay que salvar a la patria de los separatistas y acabar con el Gobierno.\n    <\/p>\n<p>\n        \u201cNunca he visto nada parecido a lo que est\u00e1 pasando ahora. Es verdaderamente preocupante\u201d, ha asegurado.\n    <\/p>\n<\/div>\n","protected":false},"excerpt":{"rendered":"<p>El ex fiscal general del Estado \u00c1lvaro Garc\u00eda Ortiz ha recibido este jueves el respaldo de parte de la judicatura \u201cindignada\u201d con la decisi\u00f3n del Tribunal Supremo de condenarle por la filtraci\u00f3n de un correo de la pareja de Isabel D\u00edaz Ayuso. Ha sido durante la presentaci\u00f3n del manifiesto &#8216;Una sentencia inquietante. Condena a la<\/p>\n","protected":false},"author":1,"featured_media":0,"comment_status":"open","ping_status":"open","sticky":false,"template":"","format":"standard","meta":{"footnotes":""},"categories":[71],"tags":[],"class_list":["post-321700","post","type-post","status-publish","format-standard","hentry","category-politics-es"],"acf":[],"yoast_head":"<!-- This site is optimized with the Yoast SEO plugin v22.9 - https:\/\/yoast.com\/wordpress\/plugins\/seo\/ -->\n<title>M\u00e1s de 150 juristas y catedr\u00e1ticos respaldan al ex fiscal general tras su condena: \u201cEs una decisi\u00f3n pol\u00edtica\u201d - vof-news.eu<\/title>\n<meta name=\"description\" content=\"El ex fiscal general del Estado \u00c1lvaro Garc\u00eda Ortiz ha recibido este jueves el respaldo de parte de la judicatura \u201cindignada\u201d con la decisi\u00f3n del Tribunal Supremo de condenarle por la filtraci\u00f3n de un correo de la pareja de Isabel D\u00edaz Ayuso. Ha sido durante la presentaci\u00f3n del manifiesto &#039;Una sentencia inquietante. Condena a la presunci\u00f3n de inocencia&#039;, firmado por m\u00e1s de 150 juristas, magistrados, abogados, fiscales y catedr\u00e1ticos, muchos de los cuales han arropado al ex fiscal general en este acto celebrado en el Ateneo de Madrid.\" \/>\n<meta name=\"robots\" content=\"noindex, follow, max-snippet:-1, max-image-preview:large, max-video-preview:-1\" \/>\n<meta property=\"og:locale\" content=\"es_ES\" \/>\n<meta property=\"og:type\" content=\"article\" \/>\n<meta property=\"og:title\" content=\"M\u00e1s de 150 juristas y catedr\u00e1ticos respaldan al ex fiscal general tras su condena: \u201cEs una decisi\u00f3n pol\u00edtica\u201d - vof-news.eu\" \/>\n<meta property=\"og:description\" content=\"El ex fiscal general del Estado \u00c1lvaro Garc\u00eda Ortiz ha recibido este jueves el respaldo de parte de la judicatura \u201cindignada\u201d con la decisi\u00f3n del Tribunal Supremo de condenarle por la filtraci\u00f3n de un correo de la pareja de Isabel D\u00edaz Ayuso. Ha sido durante la presentaci\u00f3n del manifiesto &#039;Una sentencia inquietante. Condena a la presunci\u00f3n de inocencia&#039;, firmado por m\u00e1s de 150 juristas, magistrados, abogados, fiscales y catedr\u00e1ticos, muchos de los cuales han arropado al ex fiscal general en este acto celebrado en el Ateneo de Madrid.\" \/>\n<meta property=\"og:url\" content=\"https:\/\/vof-news.eu\/es\/mas-de-150-juristas-y-catedraticos-respaldan-al-ex-fiscal-general-tras-su-condena-es-una-decision-politica\/\" \/>\n<meta property=\"og:site_name\" content=\"vof-news.eu\" \/>\n<meta property=\"article:published_time\" content=\"2026-01-29T20:17:17+00:00\" \/>\n<meta property=\"article:modified_time\" content=\"2026-01-29T20:18:05+00:00\" \/>\n<meta name=\"author\" content=\"Author\" \/>\n<meta name=\"twitter:card\" content=\"summary_large_image\" \/>\n<meta name=\"twitter:label1\" content=\"Escrito por\" \/>\n\t<meta name=\"twitter:data1\" content=\"Author\" \/>\n\t<meta name=\"twitter:label2\" content=\"Tiempo de lectura\" \/>\n\t<meta name=\"twitter:data2\" content=\"3 minutos\" \/>\n<script type=\"application\/ld+json\" class=\"yoast-schema-graph\">{\"@context\":\"https:\/\/schema.org\",\"@graph\":[{\"@type\":\"WebPage\",\"@id\":\"https:\/\/vof-news.eu\/es\/mas-de-150-juristas-y-catedraticos-respaldan-al-ex-fiscal-general-tras-su-condena-es-una-decision-politica\/\",\"url\":\"https:\/\/vof-news.eu\/es\/mas-de-150-juristas-y-catedraticos-respaldan-al-ex-fiscal-general-tras-su-condena-es-una-decision-politica\/\",\"name\":\"M\u00e1s de 150 juristas y catedr\u00e1ticos respaldan al ex fiscal general tras su condena: \u201cEs una decisi\u00f3n pol\u00edtica\u201d - vof-news.eu\",\"isPartOf\":{\"@id\":\"https:\/\/vof-news.eu\/es\/#website\"},\"datePublished\":\"2026-01-29T20:17:17+00:00\",\"dateModified\":\"2026-01-29T20:18:05+00:00\",\"author\":{\"@id\":\"https:\/\/vof-news.eu\/es\/#\/schema\/person\/f6a2a4309f0561835797fd8c19b333ed\"},\"description\":\"El ex fiscal general del Estado \u00c1lvaro Garc\u00eda Ortiz ha recibido este jueves el respaldo de parte de la judicatura \u201cindignada\u201d con la decisi\u00f3n del Tribunal Supremo de condenarle por la filtraci\u00f3n de un correo de la pareja de Isabel D\u00edaz Ayuso. Ha sido durante la presentaci\u00f3n del manifiesto 'Una sentencia inquietante. Condena a la presunci\u00f3n de inocencia', firmado por m\u00e1s de 150 juristas, magistrados, abogados, fiscales y catedr\u00e1ticos, muchos de los cuales han arropado al ex fiscal general en este acto celebrado en el Ateneo de Madrid.\",\"breadcrumb\":{\"@id\":\"https:\/\/vof-news.eu\/es\/mas-de-150-juristas-y-catedraticos-respaldan-al-ex-fiscal-general-tras-su-condena-es-una-decision-politica\/#breadcrumb\"},\"inLanguage\":\"es\",\"potentialAction\":[{\"@type\":\"ReadAction\",\"target\":[\"https:\/\/vof-news.eu\/es\/mas-de-150-juristas-y-catedraticos-respaldan-al-ex-fiscal-general-tras-su-condena-es-una-decision-politica\/\"]}]},{\"@type\":\"BreadcrumbList\",\"@id\":\"https:\/\/vof-news.eu\/es\/mas-de-150-juristas-y-catedraticos-respaldan-al-ex-fiscal-general-tras-su-condena-es-una-decision-politica\/#breadcrumb\",\"itemListElement\":[{\"@type\":\"ListItem\",\"position\":1,\"name\":\"Home\",\"item\":\"https:\/\/vof-news.eu\/es\/\"},{\"@type\":\"ListItem\",\"position\":2,\"name\":\"M\u00e1s de 150 juristas y catedr\u00e1ticos respaldan al ex fiscal general tras su condena: \u201cEs una decisi\u00f3n pol\u00edtica\u201d\"}]},{\"@type\":\"WebSite\",\"@id\":\"https:\/\/vof-news.eu\/es\/#website\",\"url\":\"https:\/\/vof-news.eu\/es\/\",\"name\":\"vof-news.eu\",\"description\":\"\",\"potentialAction\":[{\"@type\":\"SearchAction\",\"target\":{\"@type\":\"EntryPoint\",\"urlTemplate\":\"https:\/\/vof-news.eu\/es\/?s={search_term_string}\"},\"query-input\":\"required name=search_term_string\"}],\"inLanguage\":\"es\"},{\"@type\":\"Person\",\"@id\":\"https:\/\/vof-news.eu\/es\/#\/schema\/person\/f6a2a4309f0561835797fd8c19b333ed\",\"name\":\"Author\",\"image\":{\"@type\":\"ImageObject\",\"inLanguage\":\"es\",\"@id\":\"https:\/\/vof-news.eu\/es\/#\/schema\/person\/image\/\",\"url\":\"https:\/\/secure.gravatar.com\/avatar\/b67e614b1b25b3e9c0c239efdd2fde5ab015b5affd6f1c3c85911ca4b384e790?s=96&d=mm&r=g\",\"contentUrl\":\"https:\/\/secure.gravatar.com\/avatar\/b67e614b1b25b3e9c0c239efdd2fde5ab015b5affd6f1c3c85911ca4b384e790?s=96&d=mm&r=g\",\"caption\":\"Author\"},\"sameAs\":[\"http:\/\/vof-news.eu\"],\"url\":\"https:\/\/vof-news.eu\/es\/author\/zwt6qxnjulxbnyg\/\"}]}<\/script>\n<!-- \/ Yoast SEO plugin. -->","yoast_head_json":{"title":"M\u00e1s de 150 juristas y catedr\u00e1ticos respaldan al ex fiscal general tras su condena: \u201cEs una decisi\u00f3n pol\u00edtica\u201d - vof-news.eu","description":"El ex fiscal general del Estado \u00c1lvaro Garc\u00eda Ortiz ha recibido este jueves el respaldo de parte de la judicatura \u201cindignada\u201d con la decisi\u00f3n del Tribunal Supremo de condenarle por la filtraci\u00f3n de un correo de la pareja de Isabel D\u00edaz Ayuso. Ha sido durante la presentaci\u00f3n del manifiesto 'Una sentencia inquietante. Condena a la presunci\u00f3n de inocencia', firmado por m\u00e1s de 150 juristas, magistrados, abogados, fiscales y catedr\u00e1ticos, muchos de los cuales han arropado al ex fiscal general en este acto celebrado en el Ateneo de Madrid.","robots":{"index":"noindex","follow":"follow","max-snippet":"max-snippet:-1","max-image-preview":"max-image-preview:large","max-video-preview":"max-video-preview:-1"},"og_locale":"es_ES","og_type":"article","og_title":"M\u00e1s de 150 juristas y catedr\u00e1ticos respaldan al ex fiscal general tras su condena: \u201cEs una decisi\u00f3n pol\u00edtica\u201d - vof-news.eu","og_description":"El ex fiscal general del Estado \u00c1lvaro Garc\u00eda Ortiz ha recibido este jueves el respaldo de parte de la judicatura \u201cindignada\u201d con la decisi\u00f3n del Tribunal Supremo de condenarle por la filtraci\u00f3n de un correo de la pareja de Isabel D\u00edaz Ayuso. Ha sido durante la presentaci\u00f3n del manifiesto 'Una sentencia inquietante. Condena a la presunci\u00f3n de inocencia', firmado por m\u00e1s de 150 juristas, magistrados, abogados, fiscales y catedr\u00e1ticos, muchos de los cuales han arropado al ex fiscal general en este acto celebrado en el Ateneo de Madrid.","og_url":"https:\/\/vof-news.eu\/es\/mas-de-150-juristas-y-catedraticos-respaldan-al-ex-fiscal-general-tras-su-condena-es-una-decision-politica\/","og_site_name":"vof-news.eu","article_published_time":"2026-01-29T20:17:17+00:00","article_modified_time":"2026-01-29T20:18:05+00:00","author":"Author","twitter_card":"summary_large_image","twitter_misc":{"Escrito por":"Author","Tiempo de lectura":"3 minutos"},"schema":{"@context":"https:\/\/schema.org","@graph":[{"@type":"WebPage","@id":"https:\/\/vof-news.eu\/es\/mas-de-150-juristas-y-catedraticos-respaldan-al-ex-fiscal-general-tras-su-condena-es-una-decision-politica\/","url":"https:\/\/vof-news.eu\/es\/mas-de-150-juristas-y-catedraticos-respaldan-al-ex-fiscal-general-tras-su-condena-es-una-decision-politica\/","name":"M\u00e1s de 150 juristas y catedr\u00e1ticos respaldan al ex fiscal general tras su condena: \u201cEs una decisi\u00f3n pol\u00edtica\u201d - vof-news.eu","isPartOf":{"@id":"https:\/\/vof-news.eu\/es\/#website"},"datePublished":"2026-01-29T20:17:17+00:00","dateModified":"2026-01-29T20:18:05+00:00","author":{"@id":"https:\/\/vof-news.eu\/es\/#\/schema\/person\/f6a2a4309f0561835797fd8c19b333ed"},"description":"El ex fiscal general del Estado \u00c1lvaro Garc\u00eda Ortiz ha recibido este jueves el respaldo de parte de la judicatura \u201cindignada\u201d con la decisi\u00f3n del Tribunal Supremo de condenarle por la filtraci\u00f3n de un correo de la pareja de Isabel D\u00edaz Ayuso. Ha sido durante la presentaci\u00f3n del manifiesto 'Una sentencia inquietante. Condena a la presunci\u00f3n de inocencia', firmado por m\u00e1s de 150 juristas, magistrados, abogados, fiscales y catedr\u00e1ticos, muchos de los cuales han arropado al ex fiscal general en este acto celebrado en el Ateneo de Madrid.","breadcrumb":{"@id":"https:\/\/vof-news.eu\/es\/mas-de-150-juristas-y-catedraticos-respaldan-al-ex-fiscal-general-tras-su-condena-es-una-decision-politica\/#breadcrumb"},"inLanguage":"es","potentialAction":[{"@type":"ReadAction","target":["https:\/\/vof-news.eu\/es\/mas-de-150-juristas-y-catedraticos-respaldan-al-ex-fiscal-general-tras-su-condena-es-una-decision-politica\/"]}]},{"@type":"BreadcrumbList","@id":"https:\/\/vof-news.eu\/es\/mas-de-150-juristas-y-catedraticos-respaldan-al-ex-fiscal-general-tras-su-condena-es-una-decision-politica\/#breadcrumb","itemListElement":[{"@type":"ListItem","position":1,"name":"Home","item":"https:\/\/vof-news.eu\/es\/"},{"@type":"ListItem","position":2,"name":"M\u00e1s de 150 juristas y catedr\u00e1ticos respaldan al ex fiscal general tras su condena: \u201cEs una decisi\u00f3n pol\u00edtica\u201d"}]},{"@type":"WebSite","@id":"https:\/\/vof-news.eu\/es\/#website","url":"https:\/\/vof-news.eu\/es\/","name":"vof-news.eu","description":"","potentialAction":[{"@type":"SearchAction","target":{"@type":"EntryPoint","urlTemplate":"https:\/\/vof-news.eu\/es\/?s={search_term_string}"},"query-input":"required name=search_term_string"}],"inLanguage":"es"},{"@type":"Person","@id":"https:\/\/vof-news.eu\/es\/#\/schema\/person\/f6a2a4309f0561835797fd8c19b333ed","name":"Author","image":{"@type":"ImageObject","inLanguage":"es","@id":"https:\/\/vof-news.eu\/es\/#\/schema\/person\/image\/","url":"https:\/\/secure.gravatar.com\/avatar\/b67e614b1b25b3e9c0c239efdd2fde5ab015b5affd6f1c3c85911ca4b384e790?s=96&d=mm&r=g","contentUrl":"https:\/\/secure.gravatar.com\/avatar\/b67e614b1b25b3e9c0c239efdd2fde5ab015b5affd6f1c3c85911ca4b384e790?s=96&d=mm&r=g","caption":"Author"},"sameAs":["http:\/\/vof-news.eu"],"url":"https:\/\/vof-news.eu\/es\/author\/zwt6qxnjulxbnyg\/"}]}},"yoast_meta":{"yoast_wpseo_title":"","yoast_wpseo_metadesc":"","yoast_wpseo_canonical":""},"_links":{"self":[{"href":"https:\/\/vof-news.eu\/es\/wp-json\/wp\/v2\/posts\/321700","targetHints":{"allow":["GET"]}}],"collection":[{"href":"https:\/\/vof-news.eu\/es\/wp-json\/wp\/v2\/posts"}],"about":[{"href":"https:\/\/vof-news.eu\/es\/wp-json\/wp\/v2\/types\/post"}],"author":[{"embeddable":true,"href":"https:\/\/vof-news.eu\/es\/wp-json\/wp\/v2\/users\/1"}],"replies":[{"embeddable":true,"href":"https:\/\/vof-news.eu\/es\/wp-json\/wp\/v2\/comments?post=321700"}],"version-history":[{"count":1,"href":"https:\/\/vof-news.eu\/es\/wp-json\/wp\/v2\/posts\/321700\/revisions"}],"predecessor-version":[{"id":321701,"href":"https:\/\/vof-news.eu\/es\/wp-json\/wp\/v2\/posts\/321700\/revisions\/321701"}],"wp:attachment":[{"href":"https:\/\/vof-news.eu\/es\/wp-json\/wp\/v2\/media?parent=321700"}],"wp:term":[{"taxonomy":"category","embeddable":true,"href":"https:\/\/vof-news.eu\/es\/wp-json\/wp\/v2\/categories?post=321700"},{"taxonomy":"post_tag","embeddable":true,"href":"https:\/\/vof-news.eu\/es\/wp-json\/wp\/v2\/tags?post=321700"}],"curies":[{"name":"wp","href":"https:\/\/api.w.org\/{rel}","templated":true}]}}