{"id":321668,"date":"2026-01-29T21:21:40","date_gmt":"2026-01-29T18:21:40","guid":{"rendered":"https:\/\/vof-news.eu\/el-peor-madrid-desde-la-era-mou\/"},"modified":"2026-01-29T21:22:17","modified_gmt":"2026-01-29T18:22:17","slug":"el-peor-madrid-desde-la-era-mou","status":"publish","type":"post","link":"https:\/\/vof-news.eu\/es\/el-peor-madrid-desde-la-era-mou\/","title":{"rendered":"El peor Madrid desde la era Mou"},"content":{"rendered":"<div>\n<p>El peor ba\u00f1o que sufri\u00f3 el Madrid en Lisboa no fue de agua ni de f\u00fatbol. Fue de realidad. Despu\u00e9s de los brotes verdes ante M\u00f3naco y Villarreal, el equipo regres\u00f3 a Albacete, aunque con una lectura peor. Si en la Copa pudo sufrir falta de motivaci\u00f3n, en la Champions el problema fue m\u00e1s grave, al tratarse de falta de recursos, individuales y colectivos. <strong>Courtois<\/strong> y <strong>Mbapp\u00e9<\/strong> no bastan, y de <strong>Vinicius<\/strong> nunca se sabe si va a coger el tel\u00e9fono. El belga y el franc\u00e9s son el sur y norte del Madrid, hoy el \u00fanico modo de orientarse con seguridad para los aficionados y hasta para el entrenador. Entre ambos, un Madrid hipotenso, pero tambi\u00e9n lejos, muy lejos, de la calidad de sus mejores tiempos.<\/p>\n<p>El Benfica no es mejor que este Madrid, pero su nivel de agresividad, no juego sucio, concentraci\u00f3n y ambici\u00f3n desbordaron a un equipo con los nombres de siempre en el terreno de juego, aunque sin plan ni alternativa. La situaci\u00f3n no puede achacarse a <strong>Arbeloa<\/strong>, que acaba de llegar al banquillo, y coloca a los mismos jugadores, aunque un enfoque distinto al de <strong>Xabi Alonso<\/strong>. El resultado, sin embargo, es el mismo. No. Peor. El tolosarra fue destituido, de \u00abmutuo acuerdo\u00bb, con el Madrid en la Copa y el Top 8 de la Champions, y, hoy, est\u00e1 fuera de la competici\u00f3n dom\u00e9stica y de la &#8216;first class&#8217; europea. La realidad no para ponerse susceptible, como le ocurri\u00f3 a Arbeloa.<\/p>\n<p>Sin embargo, hay que profundizar en el calado de las causas, en el dise\u00f1o de una plantilla con carencias estructurales. En concreto, en la creaci\u00f3n de juego, adem\u00e1s de en posiciones sin el nivel de tiempos pasados, como la defensa, m\u00e1s all\u00e1 de las lesiones. De eso hay que pedir responsabilidades en otra ventanilla, en el piso de arriba.<\/p>\n<p><strong>Mourinho<\/strong> las detect\u00f3 bien y mand\u00f3 a sus jugadores a castigar las zonas m\u00e1s d\u00e9biles del Madrid, con continuas cargas del \u00e1rea. Lejos de la etiqueta defensiva del portugu\u00e9s, su Benfica fue tremendamente ofensivo, no s\u00f3lo por las necesidades de su equipo, tambi\u00e9n por las carencias ajenas. Una de las virtudes de Mou es hacer peor al contrario. Al Madrid lo llev\u00f3 a una de sus peores versiones europeas en mucho tiempo.<\/p>\n<p>Observar la mediocridad del Madrid y la intensidad de un Benfica plet\u00f3rico ha vuelto a activar la nostalgia que una buena parte del madridismo siente por el portugu\u00e9s. El tiempo blanco de Mou es pasado, como \u00e9l mismo ha dicho. Un tiempo controvertido y pol\u00e9mico, en lucha contra el mejor Bar\u00e7a de la historia, pero con un Madrid cuya calidad no ten\u00eda nada que ver con la del actual, con <strong>Casillas<\/strong> o no, <strong>Sergio Ramos, Pepe, Marcelo, Xabi Alonso, Modric, Benzema, Cristiano <\/strong>o <strong>Di Mar\u00eda<\/strong>, los futuros campeones de muchas Champions. El Madrid del presente es el peor Madrid desde entonces, con permiso de Courtois y Mbapp\u00e9.<\/p>\n<p>Mourinho, reventado por su propia autodestrucci\u00f3n, no sobrevivi\u00f3 para vivir en el banquillo blanco el cabezazo de Sergio Ramos en Da Luz, llave de la D\u00e9cima. Al menos, en el mismo lugar celebr\u00f3 el de Trubin para seguir en esta Champions. Sin una plantilla como la que tuvo en su etapa, el Madrid necesita un mensaje parecido al que recibi\u00f3 el Benfica antes del partido. Eso no quiere decir que necesite a Mou ni a un Mou de marca blanca.<\/p>\n<\/div>\n","protected":false},"excerpt":{"rendered":"<p>El peor ba\u00f1o que sufri\u00f3 el Madrid en Lisboa no fue de agua ni de f\u00fatbol. Fue de realidad. Despu\u00e9s de los brotes verdes ante M\u00f3naco y Villarreal, el equipo regres\u00f3 a Albacete, aunque con una lectura peor. Si en la Copa pudo sufrir falta de motivaci\u00f3n, en la Champions el problema fue m\u00e1s grave,<\/p>\n","protected":false},"author":1,"featured_media":321669,"comment_status":"open","ping_status":"open","sticky":false,"template":"","format":"standard","meta":{"footnotes":""},"categories":[76],"tags":[],"class_list":["post-321668","post","type-post","status-publish","format-standard","has-post-thumbnail","hentry","category-sport-es"],"acf":[],"yoast_head":"<!-- This site is optimized with the Yoast SEO plugin v22.9 - https:\/\/yoast.com\/wordpress\/plugins\/seo\/ -->\n<title>El peor Madrid desde la era Mou - vof-news.eu<\/title>\n<meta name=\"description\" content=\"El peor ba\u00f1o que sufri\u00f3 el Madrid en Lisboa no fue de agua ni de f\u00fatbol. Fue de realidad. Despu\u00e9s de los brotes verdes ante M\u00f3naco y Villarreal, el equipo regres\u00f3 a Albacete, aunque con una lectura peor. Si en la Copa pudo sufrir falta de motivaci\u00f3n, en la Champions el problema fue m\u00e1s grave, al tratarse de falta de recursos, individuales y colectivos. Courtois y Mbapp\u00e9 no bastan, y de Vinicius nunca se sabe si va a coger el tel\u00e9fono. El belga y el franc\u00e9s son el sur y norte del Madrid, hoy el \u00fanico modo de orientarse con seguridad para los aficionados y hasta para el entrenador. Entre ambos, un Madrid hipotenso, pero tambi\u00e9n lejos, muy lejos, de la calidad de sus mejores tiempos.El Benfica no es mejor que este Madrid, pero su nivel de agresividad, no juego sucio, concentraci\u00f3n y ambici\u00f3n desbordaron a un equipo con los nombres de siempre en el terreno de juego, aunque sin plan ni alternativa. La situaci\u00f3n no puede achacarse a Arbeloa, que acaba de llegar al banquillo, y coloca a los mismos jugadores, aunque un enfoque distinto al de Xabi Alonso. El resultado, sin embargo, es el mismo. No. Peor. El tolosarra fue destituido, de &quot;mutuo acuerdo&quot;, con el Madrid en la Copa y el Top 8 de la Champions, y, hoy, est\u00e1 fuera de la competici\u00f3n dom\u00e9stica y de la &#039;first class&#039; europea. La realidad no para ponerse susceptible, como le ocurri\u00f3 a Arbeloa.Sin embargo, hay que profundizar en el calado de las causas, en el dise\u00f1o de una plantilla con carencias estructurales. En concreto, en la creaci\u00f3n de juego, adem\u00e1s de en posiciones sin el nivel de tiempos pasados, como la defensa, m\u00e1s all\u00e1 de las lesiones. De eso hay que pedir responsabilidades en otra ventanilla, en el piso de arriba.Mourinho las detect\u00f3 bien y mand\u00f3 a sus jugadores a castigar las zonas m\u00e1s d\u00e9biles del Madrid, con continuas cargas del \u00e1rea. Lejos de la etiqueta defensiva del portugu\u00e9s, su Benfica fue tremendamente ofensivo, no s\u00f3lo por las necesidades de su equipo, tambi\u00e9n por las carencias ajenas. Una de las virtudes de Mou es hacer peor al contrario. Al Madrid lo llev\u00f3 a una de sus peores versiones europeas en mucho tiempo.Observar la mediocridad del Madrid y la intensidad de un Benfica plet\u00f3rico ha vuelto a activar la nostalgia que una buena parte del madridismo siente por el portugu\u00e9s. El tiempo blanco de Mou es pasado, como \u00e9l mismo ha dicho. Un tiempo controvertido y pol\u00e9mico, en lucha contra el mejor Bar\u00e7a de la historia, pero con un Madrid cuya calidad no ten\u00eda nada que ver con la del actual, con Casillas o no, Sergio Ramos, Pepe, Marcelo, Xabi Alonso, Modric, Benzema, Cristiano o Di Mar\u00eda, los futuros campeones de muchas Champions. El Madrid del presente es el peor Madrid desde entonces, con permiso de Courtois y Mbapp\u00e9.Mourinho, reventado por su propia autodestrucci\u00f3n, no sobrevivi\u00f3 para vivir en el banquillo blanco el cabezazo de Sergio Ramos en Da Luz, llave de la D\u00e9cima. Al menos, en el mismo lugar celebr\u00f3 el de Trubin para seguir en esta Champions. Sin una plantilla como la que tuvo en su etapa, el Madrid necesita un mensaje parecido al que recibi\u00f3 el Benfica antes del partido. Eso no quiere decir que necesite a Mou ni a un Mou de marca blanca.\" \/>\n<meta name=\"robots\" content=\"noindex, follow, max-snippet:-1, max-image-preview:large, max-video-preview:-1\" \/>\n<meta property=\"og:locale\" content=\"es_ES\" \/>\n<meta property=\"og:type\" content=\"article\" \/>\n<meta property=\"og:title\" content=\"El peor Madrid desde la era Mou - vof-news.eu\" \/>\n<meta property=\"og:description\" content=\"El peor ba\u00f1o que sufri\u00f3 el Madrid en Lisboa no fue de agua ni de f\u00fatbol. Fue de realidad. Despu\u00e9s de los brotes verdes ante M\u00f3naco y Villarreal, el equipo regres\u00f3 a Albacete, aunque con una lectura peor. Si en la Copa pudo sufrir falta de motivaci\u00f3n, en la Champions el problema fue m\u00e1s grave, al tratarse de falta de recursos, individuales y colectivos. Courtois y Mbapp\u00e9 no bastan, y de Vinicius nunca se sabe si va a coger el tel\u00e9fono. El belga y el franc\u00e9s son el sur y norte del Madrid, hoy el \u00fanico modo de orientarse con seguridad para los aficionados y hasta para el entrenador. Entre ambos, un Madrid hipotenso, pero tambi\u00e9n lejos, muy lejos, de la calidad de sus mejores tiempos.El Benfica no es mejor que este Madrid, pero su nivel de agresividad, no juego sucio, concentraci\u00f3n y ambici\u00f3n desbordaron a un equipo con los nombres de siempre en el terreno de juego, aunque sin plan ni alternativa. La situaci\u00f3n no puede achacarse a Arbeloa, que acaba de llegar al banquillo, y coloca a los mismos jugadores, aunque un enfoque distinto al de Xabi Alonso. El resultado, sin embargo, es el mismo. No. Peor. El tolosarra fue destituido, de &quot;mutuo acuerdo&quot;, con el Madrid en la Copa y el Top 8 de la Champions, y, hoy, est\u00e1 fuera de la competici\u00f3n dom\u00e9stica y de la &#039;first class&#039; europea. La realidad no para ponerse susceptible, como le ocurri\u00f3 a Arbeloa.Sin embargo, hay que profundizar en el calado de las causas, en el dise\u00f1o de una plantilla con carencias estructurales. En concreto, en la creaci\u00f3n de juego, adem\u00e1s de en posiciones sin el nivel de tiempos pasados, como la defensa, m\u00e1s all\u00e1 de las lesiones. De eso hay que pedir responsabilidades en otra ventanilla, en el piso de arriba.Mourinho las detect\u00f3 bien y mand\u00f3 a sus jugadores a castigar las zonas m\u00e1s d\u00e9biles del Madrid, con continuas cargas del \u00e1rea. Lejos de la etiqueta defensiva del portugu\u00e9s, su Benfica fue tremendamente ofensivo, no s\u00f3lo por las necesidades de su equipo, tambi\u00e9n por las carencias ajenas. Una de las virtudes de Mou es hacer peor al contrario. Al Madrid lo llev\u00f3 a una de sus peores versiones europeas en mucho tiempo.Observar la mediocridad del Madrid y la intensidad de un Benfica plet\u00f3rico ha vuelto a activar la nostalgia que una buena parte del madridismo siente por el portugu\u00e9s. El tiempo blanco de Mou es pasado, como \u00e9l mismo ha dicho. Un tiempo controvertido y pol\u00e9mico, en lucha contra el mejor Bar\u00e7a de la historia, pero con un Madrid cuya calidad no ten\u00eda nada que ver con la del actual, con Casillas o no, Sergio Ramos, Pepe, Marcelo, Xabi Alonso, Modric, Benzema, Cristiano o Di Mar\u00eda, los futuros campeones de muchas Champions. El Madrid del presente es el peor Madrid desde entonces, con permiso de Courtois y Mbapp\u00e9.Mourinho, reventado por su propia autodestrucci\u00f3n, no sobrevivi\u00f3 para vivir en el banquillo blanco el cabezazo de Sergio Ramos en Da Luz, llave de la D\u00e9cima. Al menos, en el mismo lugar celebr\u00f3 el de Trubin para seguir en esta Champions. Sin una plantilla como la que tuvo en su etapa, el Madrid necesita un mensaje parecido al que recibi\u00f3 el Benfica antes del partido. Eso no quiere decir que necesite a Mou ni a un Mou de marca blanca.\" \/>\n<meta property=\"og:url\" content=\"https:\/\/vof-news.eu\/es\/el-peor-madrid-desde-la-era-mou\/\" \/>\n<meta property=\"og:site_name\" content=\"vof-news.eu\" \/>\n<meta property=\"article:published_time\" content=\"2026-01-29T18:21:40+00:00\" \/>\n<meta property=\"article:modified_time\" content=\"2026-01-29T18:22:17+00:00\" \/>\n<meta property=\"og:image\" content=\"https:\/\/vof-news.eu\/wp-content\/uploads\/2026\/01\/17696912043814.jpg\" \/>\n\t<meta property=\"og:image:width\" content=\"1366\" \/>\n\t<meta property=\"og:image:height\" content=\"911\" \/>\n\t<meta property=\"og:image:type\" content=\"image\/jpeg\" \/>\n<meta name=\"author\" content=\"Author\" \/>\n<meta name=\"twitter:card\" content=\"summary_large_image\" \/>\n<meta name=\"twitter:label1\" content=\"Escrito por\" \/>\n\t<meta name=\"twitter:data1\" content=\"Author\" \/>\n\t<meta name=\"twitter:label2\" content=\"Tiempo de lectura\" \/>\n\t<meta name=\"twitter:data2\" content=\"3 minutos\" \/>\n<script type=\"application\/ld+json\" class=\"yoast-schema-graph\">{\"@context\":\"https:\/\/schema.org\",\"@graph\":[{\"@type\":\"WebPage\",\"@id\":\"https:\/\/vof-news.eu\/es\/el-peor-madrid-desde-la-era-mou\/\",\"url\":\"https:\/\/vof-news.eu\/es\/el-peor-madrid-desde-la-era-mou\/\",\"name\":\"El peor Madrid desde la era Mou - vof-news.eu\",\"isPartOf\":{\"@id\":\"https:\/\/vof-news.eu\/es\/#website\"},\"primaryImageOfPage\":{\"@id\":\"https:\/\/vof-news.eu\/es\/el-peor-madrid-desde-la-era-mou\/#primaryimage\"},\"image\":{\"@id\":\"https:\/\/vof-news.eu\/es\/el-peor-madrid-desde-la-era-mou\/#primaryimage\"},\"thumbnailUrl\":\"https:\/\/vof-news.eu\/wp-content\/uploads\/2026\/01\/17696912043814.jpg\",\"datePublished\":\"2026-01-29T18:21:40+00:00\",\"dateModified\":\"2026-01-29T18:22:17+00:00\",\"author\":{\"@id\":\"https:\/\/vof-news.eu\/es\/#\/schema\/person\/f6a2a4309f0561835797fd8c19b333ed\"},\"description\":\"El peor ba\u00f1o que sufri\u00f3 el Madrid en Lisboa no fue de agua ni de f\u00fatbol. Fue de realidad. Despu\u00e9s de los brotes verdes ante M\u00f3naco y Villarreal, el equipo regres\u00f3 a Albacete, aunque con una lectura peor. Si en la Copa pudo sufrir falta de motivaci\u00f3n, en la Champions el problema fue m\u00e1s grave, al tratarse de falta de recursos, individuales y colectivos. Courtois y Mbapp\u00e9 no bastan, y de Vinicius nunca se sabe si va a coger el tel\u00e9fono. El belga y el franc\u00e9s son el sur y norte del Madrid, hoy el \u00fanico modo de orientarse con seguridad para los aficionados y hasta para el entrenador. Entre ambos, un Madrid hipotenso, pero tambi\u00e9n lejos, muy lejos, de la calidad de sus mejores tiempos.El Benfica no es mejor que este Madrid, pero su nivel de agresividad, no juego sucio, concentraci\u00f3n y ambici\u00f3n desbordaron a un equipo con los nombres de siempre en el terreno de juego, aunque sin plan ni alternativa. La situaci\u00f3n no puede achacarse a Arbeloa, que acaba de llegar al banquillo, y coloca a los mismos jugadores, aunque un enfoque distinto al de Xabi Alonso. El resultado, sin embargo, es el mismo. No. Peor. El tolosarra fue destituido, de \\\"mutuo acuerdo\\\", con el Madrid en la Copa y el Top 8 de la Champions, y, hoy, est\u00e1 fuera de la competici\u00f3n dom\u00e9stica y de la 'first class' europea. La realidad no para ponerse susceptible, como le ocurri\u00f3 a Arbeloa.Sin embargo, hay que profundizar en el calado de las causas, en el dise\u00f1o de una plantilla con carencias estructurales. En concreto, en la creaci\u00f3n de juego, adem\u00e1s de en posiciones sin el nivel de tiempos pasados, como la defensa, m\u00e1s all\u00e1 de las lesiones. De eso hay que pedir responsabilidades en otra ventanilla, en el piso de arriba.Mourinho las detect\u00f3 bien y mand\u00f3 a sus jugadores a castigar las zonas m\u00e1s d\u00e9biles del Madrid, con continuas cargas del \u00e1rea. Lejos de la etiqueta defensiva del portugu\u00e9s, su Benfica fue tremendamente ofensivo, no s\u00f3lo por las necesidades de su equipo, tambi\u00e9n por las carencias ajenas. Una de las virtudes de Mou es hacer peor al contrario. Al Madrid lo llev\u00f3 a una de sus peores versiones europeas en mucho tiempo.Observar la mediocridad del Madrid y la intensidad de un Benfica plet\u00f3rico ha vuelto a activar la nostalgia que una buena parte del madridismo siente por el portugu\u00e9s. El tiempo blanco de Mou es pasado, como \u00e9l mismo ha dicho. Un tiempo controvertido y pol\u00e9mico, en lucha contra el mejor Bar\u00e7a de la historia, pero con un Madrid cuya calidad no ten\u00eda nada que ver con la del actual, con Casillas o no, Sergio Ramos, Pepe, Marcelo, Xabi Alonso, Modric, Benzema, Cristiano o Di Mar\u00eda, los futuros campeones de muchas Champions. El Madrid del presente es el peor Madrid desde entonces, con permiso de Courtois y Mbapp\u00e9.Mourinho, reventado por su propia autodestrucci\u00f3n, no sobrevivi\u00f3 para vivir en el banquillo blanco el cabezazo de Sergio Ramos en Da Luz, llave de la D\u00e9cima. Al menos, en el mismo lugar celebr\u00f3 el de Trubin para seguir en esta Champions. Sin una plantilla como la que tuvo en su etapa, el Madrid necesita un mensaje parecido al que recibi\u00f3 el Benfica antes del partido. Eso no quiere decir que necesite a Mou ni a un Mou de marca blanca.\",\"breadcrumb\":{\"@id\":\"https:\/\/vof-news.eu\/es\/el-peor-madrid-desde-la-era-mou\/#breadcrumb\"},\"inLanguage\":\"es\",\"potentialAction\":[{\"@type\":\"ReadAction\",\"target\":[\"https:\/\/vof-news.eu\/es\/el-peor-madrid-desde-la-era-mou\/\"]}]},{\"@type\":\"ImageObject\",\"inLanguage\":\"es\",\"@id\":\"https:\/\/vof-news.eu\/es\/el-peor-madrid-desde-la-era-mou\/#primaryimage\",\"url\":\"https:\/\/vof-news.eu\/wp-content\/uploads\/2026\/01\/17696912043814.jpg\",\"contentUrl\":\"https:\/\/vof-news.eu\/wp-content\/uploads\/2026\/01\/17696912043814.jpg\",\"width\":1366,\"height\":911},{\"@type\":\"BreadcrumbList\",\"@id\":\"https:\/\/vof-news.eu\/es\/el-peor-madrid-desde-la-era-mou\/#breadcrumb\",\"itemListElement\":[{\"@type\":\"ListItem\",\"position\":1,\"name\":\"Home\",\"item\":\"https:\/\/vof-news.eu\/es\/\"},{\"@type\":\"ListItem\",\"position\":2,\"name\":\"El peor Madrid desde la era Mou\"}]},{\"@type\":\"WebSite\",\"@id\":\"https:\/\/vof-news.eu\/es\/#website\",\"url\":\"https:\/\/vof-news.eu\/es\/\",\"name\":\"vof-news.eu\",\"description\":\"\",\"potentialAction\":[{\"@type\":\"SearchAction\",\"target\":{\"@type\":\"EntryPoint\",\"urlTemplate\":\"https:\/\/vof-news.eu\/es\/?s={search_term_string}\"},\"query-input\":\"required name=search_term_string\"}],\"inLanguage\":\"es\"},{\"@type\":\"Person\",\"@id\":\"https:\/\/vof-news.eu\/es\/#\/schema\/person\/f6a2a4309f0561835797fd8c19b333ed\",\"name\":\"Author\",\"image\":{\"@type\":\"ImageObject\",\"inLanguage\":\"es\",\"@id\":\"https:\/\/vof-news.eu\/es\/#\/schema\/person\/image\/\",\"url\":\"https:\/\/secure.gravatar.com\/avatar\/b67e614b1b25b3e9c0c239efdd2fde5ab015b5affd6f1c3c85911ca4b384e790?s=96&d=mm&r=g\",\"contentUrl\":\"https:\/\/secure.gravatar.com\/avatar\/b67e614b1b25b3e9c0c239efdd2fde5ab015b5affd6f1c3c85911ca4b384e790?s=96&d=mm&r=g\",\"caption\":\"Author\"},\"sameAs\":[\"http:\/\/vof-news.eu\"],\"url\":\"https:\/\/vof-news.eu\/es\/author\/zwt6qxnjulxbnyg\/\"}]}<\/script>\n<!-- \/ Yoast SEO plugin. -->","yoast_head_json":{"title":"El peor Madrid desde la era Mou - vof-news.eu","description":"El peor ba\u00f1o que sufri\u00f3 el Madrid en Lisboa no fue de agua ni de f\u00fatbol. Fue de realidad. Despu\u00e9s de los brotes verdes ante M\u00f3naco y Villarreal, el equipo regres\u00f3 a Albacete, aunque con una lectura peor. Si en la Copa pudo sufrir falta de motivaci\u00f3n, en la Champions el problema fue m\u00e1s grave, al tratarse de falta de recursos, individuales y colectivos. Courtois y Mbapp\u00e9 no bastan, y de Vinicius nunca se sabe si va a coger el tel\u00e9fono. El belga y el franc\u00e9s son el sur y norte del Madrid, hoy el \u00fanico modo de orientarse con seguridad para los aficionados y hasta para el entrenador. Entre ambos, un Madrid hipotenso, pero tambi\u00e9n lejos, muy lejos, de la calidad de sus mejores tiempos.El Benfica no es mejor que este Madrid, pero su nivel de agresividad, no juego sucio, concentraci\u00f3n y ambici\u00f3n desbordaron a un equipo con los nombres de siempre en el terreno de juego, aunque sin plan ni alternativa. La situaci\u00f3n no puede achacarse a Arbeloa, que acaba de llegar al banquillo, y coloca a los mismos jugadores, aunque un enfoque distinto al de Xabi Alonso. El resultado, sin embargo, es el mismo. No. Peor. El tolosarra fue destituido, de \"mutuo acuerdo\", con el Madrid en la Copa y el Top 8 de la Champions, y, hoy, est\u00e1 fuera de la competici\u00f3n dom\u00e9stica y de la 'first class' europea. La realidad no para ponerse susceptible, como le ocurri\u00f3 a Arbeloa.Sin embargo, hay que profundizar en el calado de las causas, en el dise\u00f1o de una plantilla con carencias estructurales. En concreto, en la creaci\u00f3n de juego, adem\u00e1s de en posiciones sin el nivel de tiempos pasados, como la defensa, m\u00e1s all\u00e1 de las lesiones. De eso hay que pedir responsabilidades en otra ventanilla, en el piso de arriba.Mourinho las detect\u00f3 bien y mand\u00f3 a sus jugadores a castigar las zonas m\u00e1s d\u00e9biles del Madrid, con continuas cargas del \u00e1rea. Lejos de la etiqueta defensiva del portugu\u00e9s, su Benfica fue tremendamente ofensivo, no s\u00f3lo por las necesidades de su equipo, tambi\u00e9n por las carencias ajenas. Una de las virtudes de Mou es hacer peor al contrario. Al Madrid lo llev\u00f3 a una de sus peores versiones europeas en mucho tiempo.Observar la mediocridad del Madrid y la intensidad de un Benfica plet\u00f3rico ha vuelto a activar la nostalgia que una buena parte del madridismo siente por el portugu\u00e9s. El tiempo blanco de Mou es pasado, como \u00e9l mismo ha dicho. Un tiempo controvertido y pol\u00e9mico, en lucha contra el mejor Bar\u00e7a de la historia, pero con un Madrid cuya calidad no ten\u00eda nada que ver con la del actual, con Casillas o no, Sergio Ramos, Pepe, Marcelo, Xabi Alonso, Modric, Benzema, Cristiano o Di Mar\u00eda, los futuros campeones de muchas Champions. El Madrid del presente es el peor Madrid desde entonces, con permiso de Courtois y Mbapp\u00e9.Mourinho, reventado por su propia autodestrucci\u00f3n, no sobrevivi\u00f3 para vivir en el banquillo blanco el cabezazo de Sergio Ramos en Da Luz, llave de la D\u00e9cima. Al menos, en el mismo lugar celebr\u00f3 el de Trubin para seguir en esta Champions. Sin una plantilla como la que tuvo en su etapa, el Madrid necesita un mensaje parecido al que recibi\u00f3 el Benfica antes del partido. Eso no quiere decir que necesite a Mou ni a un Mou de marca blanca.","robots":{"index":"noindex","follow":"follow","max-snippet":"max-snippet:-1","max-image-preview":"max-image-preview:large","max-video-preview":"max-video-preview:-1"},"og_locale":"es_ES","og_type":"article","og_title":"El peor Madrid desde la era Mou - vof-news.eu","og_description":"El peor ba\u00f1o que sufri\u00f3 el Madrid en Lisboa no fue de agua ni de f\u00fatbol. Fue de realidad. Despu\u00e9s de los brotes verdes ante M\u00f3naco y Villarreal, el equipo regres\u00f3 a Albacete, aunque con una lectura peor. Si en la Copa pudo sufrir falta de motivaci\u00f3n, en la Champions el problema fue m\u00e1s grave, al tratarse de falta de recursos, individuales y colectivos. Courtois y Mbapp\u00e9 no bastan, y de Vinicius nunca se sabe si va a coger el tel\u00e9fono. El belga y el franc\u00e9s son el sur y norte del Madrid, hoy el \u00fanico modo de orientarse con seguridad para los aficionados y hasta para el entrenador. Entre ambos, un Madrid hipotenso, pero tambi\u00e9n lejos, muy lejos, de la calidad de sus mejores tiempos.El Benfica no es mejor que este Madrid, pero su nivel de agresividad, no juego sucio, concentraci\u00f3n y ambici\u00f3n desbordaron a un equipo con los nombres de siempre en el terreno de juego, aunque sin plan ni alternativa. La situaci\u00f3n no puede achacarse a Arbeloa, que acaba de llegar al banquillo, y coloca a los mismos jugadores, aunque un enfoque distinto al de Xabi Alonso. El resultado, sin embargo, es el mismo. No. Peor. El tolosarra fue destituido, de \"mutuo acuerdo\", con el Madrid en la Copa y el Top 8 de la Champions, y, hoy, est\u00e1 fuera de la competici\u00f3n dom\u00e9stica y de la 'first class' europea. La realidad no para ponerse susceptible, como le ocurri\u00f3 a Arbeloa.Sin embargo, hay que profundizar en el calado de las causas, en el dise\u00f1o de una plantilla con carencias estructurales. En concreto, en la creaci\u00f3n de juego, adem\u00e1s de en posiciones sin el nivel de tiempos pasados, como la defensa, m\u00e1s all\u00e1 de las lesiones. De eso hay que pedir responsabilidades en otra ventanilla, en el piso de arriba.Mourinho las detect\u00f3 bien y mand\u00f3 a sus jugadores a castigar las zonas m\u00e1s d\u00e9biles del Madrid, con continuas cargas del \u00e1rea. Lejos de la etiqueta defensiva del portugu\u00e9s, su Benfica fue tremendamente ofensivo, no s\u00f3lo por las necesidades de su equipo, tambi\u00e9n por las carencias ajenas. Una de las virtudes de Mou es hacer peor al contrario. Al Madrid lo llev\u00f3 a una de sus peores versiones europeas en mucho tiempo.Observar la mediocridad del Madrid y la intensidad de un Benfica plet\u00f3rico ha vuelto a activar la nostalgia que una buena parte del madridismo siente por el portugu\u00e9s. El tiempo blanco de Mou es pasado, como \u00e9l mismo ha dicho. Un tiempo controvertido y pol\u00e9mico, en lucha contra el mejor Bar\u00e7a de la historia, pero con un Madrid cuya calidad no ten\u00eda nada que ver con la del actual, con Casillas o no, Sergio Ramos, Pepe, Marcelo, Xabi Alonso, Modric, Benzema, Cristiano o Di Mar\u00eda, los futuros campeones de muchas Champions. El Madrid del presente es el peor Madrid desde entonces, con permiso de Courtois y Mbapp\u00e9.Mourinho, reventado por su propia autodestrucci\u00f3n, no sobrevivi\u00f3 para vivir en el banquillo blanco el cabezazo de Sergio Ramos en Da Luz, llave de la D\u00e9cima. Al menos, en el mismo lugar celebr\u00f3 el de Trubin para seguir en esta Champions. Sin una plantilla como la que tuvo en su etapa, el Madrid necesita un mensaje parecido al que recibi\u00f3 el Benfica antes del partido. Eso no quiere decir que necesite a Mou ni a un Mou de marca blanca.","og_url":"https:\/\/vof-news.eu\/es\/el-peor-madrid-desde-la-era-mou\/","og_site_name":"vof-news.eu","article_published_time":"2026-01-29T18:21:40+00:00","article_modified_time":"2026-01-29T18:22:17+00:00","og_image":[{"width":1366,"height":911,"url":"https:\/\/vof-news.eu\/wp-content\/uploads\/2026\/01\/17696912043814.jpg","type":"image\/jpeg"}],"author":"Author","twitter_card":"summary_large_image","twitter_misc":{"Escrito por":"Author","Tiempo de lectura":"3 minutos"},"schema":{"@context":"https:\/\/schema.org","@graph":[{"@type":"WebPage","@id":"https:\/\/vof-news.eu\/es\/el-peor-madrid-desde-la-era-mou\/","url":"https:\/\/vof-news.eu\/es\/el-peor-madrid-desde-la-era-mou\/","name":"El peor Madrid desde la era Mou - vof-news.eu","isPartOf":{"@id":"https:\/\/vof-news.eu\/es\/#website"},"primaryImageOfPage":{"@id":"https:\/\/vof-news.eu\/es\/el-peor-madrid-desde-la-era-mou\/#primaryimage"},"image":{"@id":"https:\/\/vof-news.eu\/es\/el-peor-madrid-desde-la-era-mou\/#primaryimage"},"thumbnailUrl":"https:\/\/vof-news.eu\/wp-content\/uploads\/2026\/01\/17696912043814.jpg","datePublished":"2026-01-29T18:21:40+00:00","dateModified":"2026-01-29T18:22:17+00:00","author":{"@id":"https:\/\/vof-news.eu\/es\/#\/schema\/person\/f6a2a4309f0561835797fd8c19b333ed"},"description":"El peor ba\u00f1o que sufri\u00f3 el Madrid en Lisboa no fue de agua ni de f\u00fatbol. Fue de realidad. Despu\u00e9s de los brotes verdes ante M\u00f3naco y Villarreal, el equipo regres\u00f3 a Albacete, aunque con una lectura peor. Si en la Copa pudo sufrir falta de motivaci\u00f3n, en la Champions el problema fue m\u00e1s grave, al tratarse de falta de recursos, individuales y colectivos. Courtois y Mbapp\u00e9 no bastan, y de Vinicius nunca se sabe si va a coger el tel\u00e9fono. El belga y el franc\u00e9s son el sur y norte del Madrid, hoy el \u00fanico modo de orientarse con seguridad para los aficionados y hasta para el entrenador. Entre ambos, un Madrid hipotenso, pero tambi\u00e9n lejos, muy lejos, de la calidad de sus mejores tiempos.El Benfica no es mejor que este Madrid, pero su nivel de agresividad, no juego sucio, concentraci\u00f3n y ambici\u00f3n desbordaron a un equipo con los nombres de siempre en el terreno de juego, aunque sin plan ni alternativa. La situaci\u00f3n no puede achacarse a Arbeloa, que acaba de llegar al banquillo, y coloca a los mismos jugadores, aunque un enfoque distinto al de Xabi Alonso. El resultado, sin embargo, es el mismo. No. Peor. El tolosarra fue destituido, de \"mutuo acuerdo\", con el Madrid en la Copa y el Top 8 de la Champions, y, hoy, est\u00e1 fuera de la competici\u00f3n dom\u00e9stica y de la 'first class' europea. La realidad no para ponerse susceptible, como le ocurri\u00f3 a Arbeloa.Sin embargo, hay que profundizar en el calado de las causas, en el dise\u00f1o de una plantilla con carencias estructurales. En concreto, en la creaci\u00f3n de juego, adem\u00e1s de en posiciones sin el nivel de tiempos pasados, como la defensa, m\u00e1s all\u00e1 de las lesiones. De eso hay que pedir responsabilidades en otra ventanilla, en el piso de arriba.Mourinho las detect\u00f3 bien y mand\u00f3 a sus jugadores a castigar las zonas m\u00e1s d\u00e9biles del Madrid, con continuas cargas del \u00e1rea. Lejos de la etiqueta defensiva del portugu\u00e9s, su Benfica fue tremendamente ofensivo, no s\u00f3lo por las necesidades de su equipo, tambi\u00e9n por las carencias ajenas. Una de las virtudes de Mou es hacer peor al contrario. Al Madrid lo llev\u00f3 a una de sus peores versiones europeas en mucho tiempo.Observar la mediocridad del Madrid y la intensidad de un Benfica plet\u00f3rico ha vuelto a activar la nostalgia que una buena parte del madridismo siente por el portugu\u00e9s. El tiempo blanco de Mou es pasado, como \u00e9l mismo ha dicho. Un tiempo controvertido y pol\u00e9mico, en lucha contra el mejor Bar\u00e7a de la historia, pero con un Madrid cuya calidad no ten\u00eda nada que ver con la del actual, con Casillas o no, Sergio Ramos, Pepe, Marcelo, Xabi Alonso, Modric, Benzema, Cristiano o Di Mar\u00eda, los futuros campeones de muchas Champions. El Madrid del presente es el peor Madrid desde entonces, con permiso de Courtois y Mbapp\u00e9.Mourinho, reventado por su propia autodestrucci\u00f3n, no sobrevivi\u00f3 para vivir en el banquillo blanco el cabezazo de Sergio Ramos en Da Luz, llave de la D\u00e9cima. Al menos, en el mismo lugar celebr\u00f3 el de Trubin para seguir en esta Champions. Sin una plantilla como la que tuvo en su etapa, el Madrid necesita un mensaje parecido al que recibi\u00f3 el Benfica antes del partido. Eso no quiere decir que necesite a Mou ni a un Mou de marca blanca.","breadcrumb":{"@id":"https:\/\/vof-news.eu\/es\/el-peor-madrid-desde-la-era-mou\/#breadcrumb"},"inLanguage":"es","potentialAction":[{"@type":"ReadAction","target":["https:\/\/vof-news.eu\/es\/el-peor-madrid-desde-la-era-mou\/"]}]},{"@type":"ImageObject","inLanguage":"es","@id":"https:\/\/vof-news.eu\/es\/el-peor-madrid-desde-la-era-mou\/#primaryimage","url":"https:\/\/vof-news.eu\/wp-content\/uploads\/2026\/01\/17696912043814.jpg","contentUrl":"https:\/\/vof-news.eu\/wp-content\/uploads\/2026\/01\/17696912043814.jpg","width":1366,"height":911},{"@type":"BreadcrumbList","@id":"https:\/\/vof-news.eu\/es\/el-peor-madrid-desde-la-era-mou\/#breadcrumb","itemListElement":[{"@type":"ListItem","position":1,"name":"Home","item":"https:\/\/vof-news.eu\/es\/"},{"@type":"ListItem","position":2,"name":"El peor Madrid desde la era Mou"}]},{"@type":"WebSite","@id":"https:\/\/vof-news.eu\/es\/#website","url":"https:\/\/vof-news.eu\/es\/","name":"vof-news.eu","description":"","potentialAction":[{"@type":"SearchAction","target":{"@type":"EntryPoint","urlTemplate":"https:\/\/vof-news.eu\/es\/?s={search_term_string}"},"query-input":"required name=search_term_string"}],"inLanguage":"es"},{"@type":"Person","@id":"https:\/\/vof-news.eu\/es\/#\/schema\/person\/f6a2a4309f0561835797fd8c19b333ed","name":"Author","image":{"@type":"ImageObject","inLanguage":"es","@id":"https:\/\/vof-news.eu\/es\/#\/schema\/person\/image\/","url":"https:\/\/secure.gravatar.com\/avatar\/b67e614b1b25b3e9c0c239efdd2fde5ab015b5affd6f1c3c85911ca4b384e790?s=96&d=mm&r=g","contentUrl":"https:\/\/secure.gravatar.com\/avatar\/b67e614b1b25b3e9c0c239efdd2fde5ab015b5affd6f1c3c85911ca4b384e790?s=96&d=mm&r=g","caption":"Author"},"sameAs":["http:\/\/vof-news.eu"],"url":"https:\/\/vof-news.eu\/es\/author\/zwt6qxnjulxbnyg\/"}]}},"yoast_meta":{"yoast_wpseo_title":"","yoast_wpseo_metadesc":"","yoast_wpseo_canonical":""},"_links":{"self":[{"href":"https:\/\/vof-news.eu\/es\/wp-json\/wp\/v2\/posts\/321668","targetHints":{"allow":["GET"]}}],"collection":[{"href":"https:\/\/vof-news.eu\/es\/wp-json\/wp\/v2\/posts"}],"about":[{"href":"https:\/\/vof-news.eu\/es\/wp-json\/wp\/v2\/types\/post"}],"author":[{"embeddable":true,"href":"https:\/\/vof-news.eu\/es\/wp-json\/wp\/v2\/users\/1"}],"replies":[{"embeddable":true,"href":"https:\/\/vof-news.eu\/es\/wp-json\/wp\/v2\/comments?post=321668"}],"version-history":[{"count":1,"href":"https:\/\/vof-news.eu\/es\/wp-json\/wp\/v2\/posts\/321668\/revisions"}],"predecessor-version":[{"id":321681,"href":"https:\/\/vof-news.eu\/es\/wp-json\/wp\/v2\/posts\/321668\/revisions\/321681"}],"wp:featuredmedia":[{"embeddable":true,"href":"https:\/\/vof-news.eu\/es\/wp-json\/wp\/v2\/media\/321669"}],"wp:attachment":[{"href":"https:\/\/vof-news.eu\/es\/wp-json\/wp\/v2\/media?parent=321668"}],"wp:term":[{"taxonomy":"category","embeddable":true,"href":"https:\/\/vof-news.eu\/es\/wp-json\/wp\/v2\/categories?post=321668"},{"taxonomy":"post_tag","embeddable":true,"href":"https:\/\/vof-news.eu\/es\/wp-json\/wp\/v2\/tags?post=321668"}],"curies":[{"name":"wp","href":"https:\/\/api.w.org\/{rel}","templated":true}]}}