{"id":321667,"date":"2026-01-29T21:21:39","date_gmt":"2026-01-29T18:21:39","guid":{"rendered":"https:\/\/vof-news.eu\/juan-manuel-santos-pide-certidumbre-para-venezuela\/"},"modified":"2026-01-29T21:22:35","modified_gmt":"2026-01-29T18:22:35","slug":"juan-manuel-santos-pide-certidumbre-para-venezuela","status":"publish","type":"post","link":"https:\/\/vof-news.eu\/es\/juan-manuel-santos-pide-certidumbre-para-venezuela\/","title":{"rendered":"Juan Manuel Santos pide \u00abcertidumbre\u00bb para Venezuela"},"content":{"rendered":"<div>\n<p>El expresidente colombiano Juan Manuel Santos, miembro del consejo asesor del foro World in Progress (WIP), ha participado este jueves en la segunda jornada del <a href=\"https:\/\/www.huffingtonpost.es\/medios\/world-in-progress-wip-colabora-caf-foro-economico-internacional-america-latina-caribe-2026-f202601.html\" rel=\"nofollow\">Foro Econ\u00f3mico Internacional Am\u00e9rica Latina y el Caribe 2026<\/a>, organizado por CAF-banco de desarrollo de Am\u00e9rica Latina y el Caribe, con el apoyo del Grupo Prisa y que se celebra en Panam\u00e1.<\/p>\n<p>Santos ha alertado sobre el peligro de que Am\u00e9rica Latina se mantenga en la irrelevancia en el actual e impredecible orden internacional. \u00ab<b>Am\u00e9rica Latina tiene que encontrar su norte para poder ser relevante<\/b>, para ser un actor dentro de la discusi\u00f3n de c\u00f3mo se reorganiza el mundo\u00bb, ha se\u00f1alado, en declaraciones que recoge <i><a href=\"https:\/\/elpais.com\/america\/2026-01-29\/america-latina-y-el-caribe-reclaman-un-espacio-global-propio.html\" rel=\"nofollow\">El Pa\u00eds.<\/a><\/i><\/p>\n<p>\u00abHemos o\u00eddo en esta cumbre, de todos los presidentes, que nos dicen: &#8216;Tenemos que unirnos, tenemos que integrarnos\u00bb, ha subrayado antes de lamentar que lo viene escuchando desde tiempo atr\u00e1s pero falta que se traduzca en \u00abhechos concretos\u00bb.\u00a0<\/p>\n<p>Acerca de la situaci\u00f3n en Venezuela, Santos ha pedido \u00abcertidumbre\u00bb para el pa\u00eds.\u00a0<\/p>\n<p>\u00ab<b>Lo que hizo Estados Unidos fue ilegal, el precedente es muy peligroso<\/b>&#8230; Pero la mayor\u00eda de la gente se puso muy contenta de que hayan llevado a Maduro a una c\u00e1rcel, porque era el responsable ileg\u00edtimo de una cantidad de cr\u00edmenes de lesa humanidad y de guerra\u00bb, ha argumentado.\u00a0<\/p>\n<h3>Educaci\u00f3n de calidad e informaci\u00f3n independiente<\/h3>\n<p>En la jornada de este jueves, el presidente del Grupo Prisa, Joseph Oughourlian, ha defendido la educaci\u00f3n de calidad y la informaci\u00f3n independiente.<\/p>\n<p>Como ha explicado, son \u00abdos recursos que no se pueden robar ni expropiar\u00bb de Am\u00e9rica Latina y el Caribe: \u00abEstos son los cimientos imprescindibles para consolidar<b> estados fuertes e independientes<\/b>\u00ab.<\/p>\n<\/div>\n","protected":false},"excerpt":{"rendered":"<p>El expresidente colombiano Juan Manuel Santos, miembro del consejo asesor del foro World in Progress (WIP), ha participado este jueves en la segunda jornada del Foro Econ\u00f3mico Internacional Am\u00e9rica Latina y el Caribe 2026, organizado por CAF-banco de desarrollo de Am\u00e9rica Latina y el Caribe, con el apoyo del Grupo Prisa y que se celebra<\/p>\n","protected":false},"author":1,"featured_media":321675,"comment_status":"open","ping_status":"open","sticky":false,"template":"","format":"standard","meta":{"footnotes":""},"categories":[56],"tags":[],"class_list":["post-321667","post","type-post","status-publish","format-standard","has-post-thumbnail","hentry","category-main-news-es"],"acf":[],"yoast_head":"<!-- This site is optimized with the Yoast SEO plugin v22.9 - https:\/\/yoast.com\/wordpress\/plugins\/seo\/ -->\n<title>Juan Manuel Santos pide &quot;certidumbre&quot; para Venezuela - vof-news.eu<\/title>\n<meta name=\"description\" content=\"El expresidente colombiano Juan Manuel Santos, miembro del consejo asesor del foro World in Progress (WIP), ha participado este jueves en la segunda jornada del Foro Econ\u00f3mico Internacional Am\u00e9rica Latina y el Caribe 2026, organizado por CAF-banco de desarrollo de Am\u00e9rica Latina y el Caribe, con el apoyo del Grupo Prisa y que se celebra en Panam\u00e1.Santos ha alertado sobre el peligro de que Am\u00e9rica Latina se mantenga en la irrelevancia en el actual e impredecible orden internacional. &quot;Am\u00e9rica Latina tiene que encontrar su norte para poder ser relevante, para ser un actor dentro de la discusi\u00f3n de c\u00f3mo se reorganiza el mundo&quot;, ha se\u00f1alado, en declaraciones que recoge El Pa\u00eds.&quot;Hemos o\u00eddo en esta cumbre, de todos los presidentes, que nos dicen: &#039;Tenemos que unirnos, tenemos que integrarnos&quot;, ha subrayado antes de lamentar que lo viene escuchando desde tiempo atr\u00e1s pero falta que se traduzca en &quot;hechos concretos&quot;.\u00a0Acerca de la situaci\u00f3n en Venezuela, Santos ha pedido &quot;certidumbre&quot; para el pa\u00eds.\u00a0&quot;Lo que hizo Estados Unidos fue ilegal, el precedente es muy peligroso... Pero la mayor\u00eda de la gente se puso muy contenta de que hayan llevado a Maduro a una c\u00e1rcel, porque era el responsable ileg\u00edtimo de una cantidad de cr\u00edmenes de lesa humanidad y de guerra&quot;, ha argumentado.\u00a0Educaci\u00f3n de calidad e informaci\u00f3n independienteEn la jornada de este jueves, el presidente del Grupo Prisa, Joseph Oughourlian, ha defendido la educaci\u00f3n de calidad y la informaci\u00f3n independiente.\" \/>\n<meta name=\"robots\" content=\"noindex, follow, max-snippet:-1, max-image-preview:large, max-video-preview:-1\" \/>\n<meta property=\"og:locale\" content=\"es_ES\" \/>\n<meta property=\"og:type\" content=\"article\" \/>\n<meta property=\"og:title\" content=\"Juan Manuel Santos pide &quot;certidumbre&quot; para Venezuela - vof-news.eu\" \/>\n<meta property=\"og:description\" content=\"El expresidente colombiano Juan Manuel Santos, miembro del consejo asesor del foro World in Progress (WIP), ha participado este jueves en la segunda jornada del Foro Econ\u00f3mico Internacional Am\u00e9rica Latina y el Caribe 2026, organizado por CAF-banco de desarrollo de Am\u00e9rica Latina y el Caribe, con el apoyo del Grupo Prisa y que se celebra en Panam\u00e1.Santos ha alertado sobre el peligro de que Am\u00e9rica Latina se mantenga en la irrelevancia en el actual e impredecible orden internacional. &quot;Am\u00e9rica Latina tiene que encontrar su norte para poder ser relevante, para ser un actor dentro de la discusi\u00f3n de c\u00f3mo se reorganiza el mundo&quot;, ha se\u00f1alado, en declaraciones que recoge El Pa\u00eds.&quot;Hemos o\u00eddo en esta cumbre, de todos los presidentes, que nos dicen: &#039;Tenemos que unirnos, tenemos que integrarnos&quot;, ha subrayado antes de lamentar que lo viene escuchando desde tiempo atr\u00e1s pero falta que se traduzca en &quot;hechos concretos&quot;.\u00a0Acerca de la situaci\u00f3n en Venezuela, Santos ha pedido &quot;certidumbre&quot; para el pa\u00eds.\u00a0&quot;Lo que hizo Estados Unidos fue ilegal, el precedente es muy peligroso... Pero la mayor\u00eda de la gente se puso muy contenta de que hayan llevado a Maduro a una c\u00e1rcel, porque era el responsable ileg\u00edtimo de una cantidad de cr\u00edmenes de lesa humanidad y de guerra&quot;, ha argumentado.\u00a0Educaci\u00f3n de calidad e informaci\u00f3n independienteEn la jornada de este jueves, el presidente del Grupo Prisa, Joseph Oughourlian, ha defendido la educaci\u00f3n de calidad y la informaci\u00f3n independiente.\" \/>\n<meta property=\"og:url\" content=\"https:\/\/vof-news.eu\/es\/juan-manuel-santos-pide-certidumbre-para-venezuela\/\" \/>\n<meta property=\"og:site_name\" content=\"vof-news.eu\" \/>\n<meta property=\"article:published_time\" content=\"2026-01-29T18:21:39+00:00\" \/>\n<meta property=\"article:modified_time\" content=\"2026-01-29T18:22:35+00:00\" \/>\n<meta property=\"og:image\" content=\"https:\/\/vof-news.eu\/wp-content\/uploads\/2026\/01\/juan-manuel-santos-en-el-foro-economico-internacional-america-latina-y-el-caribe.jpeg\" \/>\n\t<meta property=\"og:image:width\" content=\"1200\" \/>\n\t<meta property=\"og:image:height\" content=\"800\" \/>\n\t<meta property=\"og:image:type\" content=\"image\/jpeg\" \/>\n<meta name=\"author\" content=\"Author\" \/>\n<meta name=\"twitter:card\" content=\"summary_large_image\" \/>\n<meta name=\"twitter:label1\" content=\"Escrito por\" \/>\n\t<meta name=\"twitter:data1\" content=\"Author\" \/>\n\t<meta name=\"twitter:label2\" content=\"Tiempo de lectura\" \/>\n\t<meta name=\"twitter:data2\" content=\"1 minuto\" \/>\n<script type=\"application\/ld+json\" class=\"yoast-schema-graph\">{\"@context\":\"https:\/\/schema.org\",\"@graph\":[{\"@type\":\"WebPage\",\"@id\":\"https:\/\/vof-news.eu\/es\/juan-manuel-santos-pide-certidumbre-para-venezuela\/\",\"url\":\"https:\/\/vof-news.eu\/es\/juan-manuel-santos-pide-certidumbre-para-venezuela\/\",\"name\":\"Juan Manuel Santos pide \\\"certidumbre\\\" para Venezuela - vof-news.eu\",\"isPartOf\":{\"@id\":\"https:\/\/vof-news.eu\/es\/#website\"},\"primaryImageOfPage\":{\"@id\":\"https:\/\/vof-news.eu\/es\/juan-manuel-santos-pide-certidumbre-para-venezuela\/#primaryimage\"},\"image\":{\"@id\":\"https:\/\/vof-news.eu\/es\/juan-manuel-santos-pide-certidumbre-para-venezuela\/#primaryimage\"},\"thumbnailUrl\":\"https:\/\/vof-news.eu\/wp-content\/uploads\/2026\/01\/juan-manuel-santos-en-el-foro-economico-internacional-america-latina-y-el-caribe.jpeg\",\"datePublished\":\"2026-01-29T18:21:39+00:00\",\"dateModified\":\"2026-01-29T18:22:35+00:00\",\"author\":{\"@id\":\"https:\/\/vof-news.eu\/es\/#\/schema\/person\/f6a2a4309f0561835797fd8c19b333ed\"},\"description\":\"El expresidente colombiano Juan Manuel Santos, miembro del consejo asesor del foro World in Progress (WIP), ha participado este jueves en la segunda jornada del Foro Econ\u00f3mico Internacional Am\u00e9rica Latina y el Caribe 2026, organizado por CAF-banco de desarrollo de Am\u00e9rica Latina y el Caribe, con el apoyo del Grupo Prisa y que se celebra en Panam\u00e1.Santos ha alertado sobre el peligro de que Am\u00e9rica Latina se mantenga en la irrelevancia en el actual e impredecible orden internacional. \\\"Am\u00e9rica Latina tiene que encontrar su norte para poder ser relevante, para ser un actor dentro de la discusi\u00f3n de c\u00f3mo se reorganiza el mundo\\\", ha se\u00f1alado, en declaraciones que recoge El Pa\u00eds.\\\"Hemos o\u00eddo en esta cumbre, de todos los presidentes, que nos dicen: 'Tenemos que unirnos, tenemos que integrarnos\\\", ha subrayado antes de lamentar que lo viene escuchando desde tiempo atr\u00e1s pero falta que se traduzca en \\\"hechos concretos\\\".\u00a0Acerca de la situaci\u00f3n en Venezuela, Santos ha pedido \\\"certidumbre\\\" para el pa\u00eds.\u00a0\\\"Lo que hizo Estados Unidos fue ilegal, el precedente es muy peligroso... Pero la mayor\u00eda de la gente se puso muy contenta de que hayan llevado a Maduro a una c\u00e1rcel, porque era el responsable ileg\u00edtimo de una cantidad de cr\u00edmenes de lesa humanidad y de guerra\\\", ha argumentado.\u00a0Educaci\u00f3n de calidad e informaci\u00f3n independienteEn la jornada de este jueves, el presidente del Grupo Prisa, Joseph Oughourlian, ha defendido la educaci\u00f3n de calidad y la informaci\u00f3n independiente.\",\"breadcrumb\":{\"@id\":\"https:\/\/vof-news.eu\/es\/juan-manuel-santos-pide-certidumbre-para-venezuela\/#breadcrumb\"},\"inLanguage\":\"es\",\"potentialAction\":[{\"@type\":\"ReadAction\",\"target\":[\"https:\/\/vof-news.eu\/es\/juan-manuel-santos-pide-certidumbre-para-venezuela\/\"]}]},{\"@type\":\"ImageObject\",\"inLanguage\":\"es\",\"@id\":\"https:\/\/vof-news.eu\/es\/juan-manuel-santos-pide-certidumbre-para-venezuela\/#primaryimage\",\"url\":\"https:\/\/vof-news.eu\/wp-content\/uploads\/2026\/01\/juan-manuel-santos-en-el-foro-economico-internacional-america-latina-y-el-caribe.jpeg\",\"contentUrl\":\"https:\/\/vof-news.eu\/wp-content\/uploads\/2026\/01\/juan-manuel-santos-en-el-foro-economico-internacional-america-latina-y-el-caribe.jpeg\",\"width\":1200,\"height\":800},{\"@type\":\"BreadcrumbList\",\"@id\":\"https:\/\/vof-news.eu\/es\/juan-manuel-santos-pide-certidumbre-para-venezuela\/#breadcrumb\",\"itemListElement\":[{\"@type\":\"ListItem\",\"position\":1,\"name\":\"Home\",\"item\":\"https:\/\/vof-news.eu\/es\/\"},{\"@type\":\"ListItem\",\"position\":2,\"name\":\"Juan Manuel Santos pide &#8220;certidumbre&#8221; para Venezuela\"}]},{\"@type\":\"WebSite\",\"@id\":\"https:\/\/vof-news.eu\/es\/#website\",\"url\":\"https:\/\/vof-news.eu\/es\/\",\"name\":\"vof-news.eu\",\"description\":\"\",\"potentialAction\":[{\"@type\":\"SearchAction\",\"target\":{\"@type\":\"EntryPoint\",\"urlTemplate\":\"https:\/\/vof-news.eu\/es\/?s={search_term_string}\"},\"query-input\":\"required name=search_term_string\"}],\"inLanguage\":\"es\"},{\"@type\":\"Person\",\"@id\":\"https:\/\/vof-news.eu\/es\/#\/schema\/person\/f6a2a4309f0561835797fd8c19b333ed\",\"name\":\"Author\",\"image\":{\"@type\":\"ImageObject\",\"inLanguage\":\"es\",\"@id\":\"https:\/\/vof-news.eu\/es\/#\/schema\/person\/image\/\",\"url\":\"https:\/\/secure.gravatar.com\/avatar\/b67e614b1b25b3e9c0c239efdd2fde5ab015b5affd6f1c3c85911ca4b384e790?s=96&d=mm&r=g\",\"contentUrl\":\"https:\/\/secure.gravatar.com\/avatar\/b67e614b1b25b3e9c0c239efdd2fde5ab015b5affd6f1c3c85911ca4b384e790?s=96&d=mm&r=g\",\"caption\":\"Author\"},\"sameAs\":[\"http:\/\/vof-news.eu\"],\"url\":\"https:\/\/vof-news.eu\/es\/author\/zwt6qxnjulxbnyg\/\"}]}<\/script>\n<!-- \/ Yoast SEO plugin. -->","yoast_head_json":{"title":"Juan Manuel Santos pide \"certidumbre\" para Venezuela - vof-news.eu","description":"El expresidente colombiano Juan Manuel Santos, miembro del consejo asesor del foro World in Progress (WIP), ha participado este jueves en la segunda jornada del Foro Econ\u00f3mico Internacional Am\u00e9rica Latina y el Caribe 2026, organizado por CAF-banco de desarrollo de Am\u00e9rica Latina y el Caribe, con el apoyo del Grupo Prisa y que se celebra en Panam\u00e1.Santos ha alertado sobre el peligro de que Am\u00e9rica Latina se mantenga en la irrelevancia en el actual e impredecible orden internacional. \"Am\u00e9rica Latina tiene que encontrar su norte para poder ser relevante, para ser un actor dentro de la discusi\u00f3n de c\u00f3mo se reorganiza el mundo\", ha se\u00f1alado, en declaraciones que recoge El Pa\u00eds.\"Hemos o\u00eddo en esta cumbre, de todos los presidentes, que nos dicen: 'Tenemos que unirnos, tenemos que integrarnos\", ha subrayado antes de lamentar que lo viene escuchando desde tiempo atr\u00e1s pero falta que se traduzca en \"hechos concretos\".\u00a0Acerca de la situaci\u00f3n en Venezuela, Santos ha pedido \"certidumbre\" para el pa\u00eds.\u00a0\"Lo que hizo Estados Unidos fue ilegal, el precedente es muy peligroso... Pero la mayor\u00eda de la gente se puso muy contenta de que hayan llevado a Maduro a una c\u00e1rcel, porque era el responsable ileg\u00edtimo de una cantidad de cr\u00edmenes de lesa humanidad y de guerra\", ha argumentado.\u00a0Educaci\u00f3n de calidad e informaci\u00f3n independienteEn la jornada de este jueves, el presidente del Grupo Prisa, Joseph Oughourlian, ha defendido la educaci\u00f3n de calidad y la informaci\u00f3n independiente.","robots":{"index":"noindex","follow":"follow","max-snippet":"max-snippet:-1","max-image-preview":"max-image-preview:large","max-video-preview":"max-video-preview:-1"},"og_locale":"es_ES","og_type":"article","og_title":"Juan Manuel Santos pide \"certidumbre\" para Venezuela - vof-news.eu","og_description":"El expresidente colombiano Juan Manuel Santos, miembro del consejo asesor del foro World in Progress (WIP), ha participado este jueves en la segunda jornada del Foro Econ\u00f3mico Internacional Am\u00e9rica Latina y el Caribe 2026, organizado por CAF-banco de desarrollo de Am\u00e9rica Latina y el Caribe, con el apoyo del Grupo Prisa y que se celebra en Panam\u00e1.Santos ha alertado sobre el peligro de que Am\u00e9rica Latina se mantenga en la irrelevancia en el actual e impredecible orden internacional. \"Am\u00e9rica Latina tiene que encontrar su norte para poder ser relevante, para ser un actor dentro de la discusi\u00f3n de c\u00f3mo se reorganiza el mundo\", ha se\u00f1alado, en declaraciones que recoge El Pa\u00eds.\"Hemos o\u00eddo en esta cumbre, de todos los presidentes, que nos dicen: 'Tenemos que unirnos, tenemos que integrarnos\", ha subrayado antes de lamentar que lo viene escuchando desde tiempo atr\u00e1s pero falta que se traduzca en \"hechos concretos\".\u00a0Acerca de la situaci\u00f3n en Venezuela, Santos ha pedido \"certidumbre\" para el pa\u00eds.\u00a0\"Lo que hizo Estados Unidos fue ilegal, el precedente es muy peligroso... Pero la mayor\u00eda de la gente se puso muy contenta de que hayan llevado a Maduro a una c\u00e1rcel, porque era el responsable ileg\u00edtimo de una cantidad de cr\u00edmenes de lesa humanidad y de guerra\", ha argumentado.\u00a0Educaci\u00f3n de calidad e informaci\u00f3n independienteEn la jornada de este jueves, el presidente del Grupo Prisa, Joseph Oughourlian, ha defendido la educaci\u00f3n de calidad y la informaci\u00f3n independiente.","og_url":"https:\/\/vof-news.eu\/es\/juan-manuel-santos-pide-certidumbre-para-venezuela\/","og_site_name":"vof-news.eu","article_published_time":"2026-01-29T18:21:39+00:00","article_modified_time":"2026-01-29T18:22:35+00:00","og_image":[{"width":1200,"height":800,"url":"https:\/\/vof-news.eu\/wp-content\/uploads\/2026\/01\/juan-manuel-santos-en-el-foro-economico-internacional-america-latina-y-el-caribe.jpeg","type":"image\/jpeg"}],"author":"Author","twitter_card":"summary_large_image","twitter_misc":{"Escrito por":"Author","Tiempo de lectura":"1 minuto"},"schema":{"@context":"https:\/\/schema.org","@graph":[{"@type":"WebPage","@id":"https:\/\/vof-news.eu\/es\/juan-manuel-santos-pide-certidumbre-para-venezuela\/","url":"https:\/\/vof-news.eu\/es\/juan-manuel-santos-pide-certidumbre-para-venezuela\/","name":"Juan Manuel Santos pide \"certidumbre\" para Venezuela - vof-news.eu","isPartOf":{"@id":"https:\/\/vof-news.eu\/es\/#website"},"primaryImageOfPage":{"@id":"https:\/\/vof-news.eu\/es\/juan-manuel-santos-pide-certidumbre-para-venezuela\/#primaryimage"},"image":{"@id":"https:\/\/vof-news.eu\/es\/juan-manuel-santos-pide-certidumbre-para-venezuela\/#primaryimage"},"thumbnailUrl":"https:\/\/vof-news.eu\/wp-content\/uploads\/2026\/01\/juan-manuel-santos-en-el-foro-economico-internacional-america-latina-y-el-caribe.jpeg","datePublished":"2026-01-29T18:21:39+00:00","dateModified":"2026-01-29T18:22:35+00:00","author":{"@id":"https:\/\/vof-news.eu\/es\/#\/schema\/person\/f6a2a4309f0561835797fd8c19b333ed"},"description":"El expresidente colombiano Juan Manuel Santos, miembro del consejo asesor del foro World in Progress (WIP), ha participado este jueves en la segunda jornada del Foro Econ\u00f3mico Internacional Am\u00e9rica Latina y el Caribe 2026, organizado por CAF-banco de desarrollo de Am\u00e9rica Latina y el Caribe, con el apoyo del Grupo Prisa y que se celebra en Panam\u00e1.Santos ha alertado sobre el peligro de que Am\u00e9rica Latina se mantenga en la irrelevancia en el actual e impredecible orden internacional. \"Am\u00e9rica Latina tiene que encontrar su norte para poder ser relevante, para ser un actor dentro de la discusi\u00f3n de c\u00f3mo se reorganiza el mundo\", ha se\u00f1alado, en declaraciones que recoge El Pa\u00eds.\"Hemos o\u00eddo en esta cumbre, de todos los presidentes, que nos dicen: 'Tenemos que unirnos, tenemos que integrarnos\", ha subrayado antes de lamentar que lo viene escuchando desde tiempo atr\u00e1s pero falta que se traduzca en \"hechos concretos\".\u00a0Acerca de la situaci\u00f3n en Venezuela, Santos ha pedido \"certidumbre\" para el pa\u00eds.\u00a0\"Lo que hizo Estados Unidos fue ilegal, el precedente es muy peligroso... Pero la mayor\u00eda de la gente se puso muy contenta de que hayan llevado a Maduro a una c\u00e1rcel, porque era el responsable ileg\u00edtimo de una cantidad de cr\u00edmenes de lesa humanidad y de guerra\", ha argumentado.\u00a0Educaci\u00f3n de calidad e informaci\u00f3n independienteEn la jornada de este jueves, el presidente del Grupo Prisa, Joseph Oughourlian, ha defendido la educaci\u00f3n de calidad y la informaci\u00f3n independiente.","breadcrumb":{"@id":"https:\/\/vof-news.eu\/es\/juan-manuel-santos-pide-certidumbre-para-venezuela\/#breadcrumb"},"inLanguage":"es","potentialAction":[{"@type":"ReadAction","target":["https:\/\/vof-news.eu\/es\/juan-manuel-santos-pide-certidumbre-para-venezuela\/"]}]},{"@type":"ImageObject","inLanguage":"es","@id":"https:\/\/vof-news.eu\/es\/juan-manuel-santos-pide-certidumbre-para-venezuela\/#primaryimage","url":"https:\/\/vof-news.eu\/wp-content\/uploads\/2026\/01\/juan-manuel-santos-en-el-foro-economico-internacional-america-latina-y-el-caribe.jpeg","contentUrl":"https:\/\/vof-news.eu\/wp-content\/uploads\/2026\/01\/juan-manuel-santos-en-el-foro-economico-internacional-america-latina-y-el-caribe.jpeg","width":1200,"height":800},{"@type":"BreadcrumbList","@id":"https:\/\/vof-news.eu\/es\/juan-manuel-santos-pide-certidumbre-para-venezuela\/#breadcrumb","itemListElement":[{"@type":"ListItem","position":1,"name":"Home","item":"https:\/\/vof-news.eu\/es\/"},{"@type":"ListItem","position":2,"name":"Juan Manuel Santos pide &#8220;certidumbre&#8221; para Venezuela"}]},{"@type":"WebSite","@id":"https:\/\/vof-news.eu\/es\/#website","url":"https:\/\/vof-news.eu\/es\/","name":"vof-news.eu","description":"","potentialAction":[{"@type":"SearchAction","target":{"@type":"EntryPoint","urlTemplate":"https:\/\/vof-news.eu\/es\/?s={search_term_string}"},"query-input":"required name=search_term_string"}],"inLanguage":"es"},{"@type":"Person","@id":"https:\/\/vof-news.eu\/es\/#\/schema\/person\/f6a2a4309f0561835797fd8c19b333ed","name":"Author","image":{"@type":"ImageObject","inLanguage":"es","@id":"https:\/\/vof-news.eu\/es\/#\/schema\/person\/image\/","url":"https:\/\/secure.gravatar.com\/avatar\/b67e614b1b25b3e9c0c239efdd2fde5ab015b5affd6f1c3c85911ca4b384e790?s=96&d=mm&r=g","contentUrl":"https:\/\/secure.gravatar.com\/avatar\/b67e614b1b25b3e9c0c239efdd2fde5ab015b5affd6f1c3c85911ca4b384e790?s=96&d=mm&r=g","caption":"Author"},"sameAs":["http:\/\/vof-news.eu"],"url":"https:\/\/vof-news.eu\/es\/author\/zwt6qxnjulxbnyg\/"}]}},"yoast_meta":{"yoast_wpseo_title":"","yoast_wpseo_metadesc":"","yoast_wpseo_canonical":""},"_links":{"self":[{"href":"https:\/\/vof-news.eu\/es\/wp-json\/wp\/v2\/posts\/321667","targetHints":{"allow":["GET"]}}],"collection":[{"href":"https:\/\/vof-news.eu\/es\/wp-json\/wp\/v2\/posts"}],"about":[{"href":"https:\/\/vof-news.eu\/es\/wp-json\/wp\/v2\/types\/post"}],"author":[{"embeddable":true,"href":"https:\/\/vof-news.eu\/es\/wp-json\/wp\/v2\/users\/1"}],"replies":[{"embeddable":true,"href":"https:\/\/vof-news.eu\/es\/wp-json\/wp\/v2\/comments?post=321667"}],"version-history":[{"count":1,"href":"https:\/\/vof-news.eu\/es\/wp-json\/wp\/v2\/posts\/321667\/revisions"}],"predecessor-version":[{"id":321682,"href":"https:\/\/vof-news.eu\/es\/wp-json\/wp\/v2\/posts\/321667\/revisions\/321682"}],"wp:featuredmedia":[{"embeddable":true,"href":"https:\/\/vof-news.eu\/es\/wp-json\/wp\/v2\/media\/321675"}],"wp:attachment":[{"href":"https:\/\/vof-news.eu\/es\/wp-json\/wp\/v2\/media?parent=321667"}],"wp:term":[{"taxonomy":"category","embeddable":true,"href":"https:\/\/vof-news.eu\/es\/wp-json\/wp\/v2\/categories?post=321667"},{"taxonomy":"post_tag","embeddable":true,"href":"https:\/\/vof-news.eu\/es\/wp-json\/wp\/v2\/tags?post=321667"}],"curies":[{"name":"wp","href":"https:\/\/api.w.org\/{rel}","templated":true}]}}