{"id":321651,"date":"2026-01-29T21:17:33","date_gmt":"2026-01-29T18:17:33","guid":{"rendered":"https:\/\/vof-news.eu\/trabajo-y-los-sindicatos-acuerdan-subir-el-salario-minimo-a-1-221-euros-sin-los-empresarios\/"},"modified":"2026-01-29T21:18:16","modified_gmt":"2026-01-29T18:18:16","slug":"trabajo-y-los-sindicatos-acuerdan-subir-el-salario-minimo-a-1-221-euros-sin-los-empresarios","status":"publish","type":"post","link":"https:\/\/vof-news.eu\/es\/trabajo-y-los-sindicatos-acuerdan-subir-el-salario-minimo-a-1-221-euros-sin-los-empresarios\/","title":{"rendered":"Trabajo y los sindicatos acuerdan subir el salario m\u00ednimo a 1.221 euros sin los empresarios"},"content":{"rendered":"<div>\n<p>\n        El Ministerio de Trabajo ha cerrado este jueves un acuerdo con los sindicatos y sin los empresarios\u00a0para subir el salario m\u00ednimo interprofesional (SMI) un 3,1% este a\u00f1o, <a href=\"https:\/\/www.eldiario.es\/economia\/trabajo-propone-subir-salario-minimo-1-221-euros-mes-no-pague-irpf_1_12889721.html\" rel=\"nofollow\">hasta situarlo en 1.221 euros brutos al mes en 14 pagas y que se mantenga sin pagar IRPF<\/a>. Pese al intento del Gobierno de <a href=\"https:\/\/www.eldiario.es\/economia\/gobierno-propone-ayuda-fiscal-creciente-empresas-suban-sueldos-smi-2026_1_12944576.html\" rel=\"nofollow\">atraer a la patronal a un pacto con una ayuda fiscal<\/a>, las organizaciones empresariales han rechazado la medida, <a href=\"https:\/\/www.eldiario.es\/economia\/patronal-tacha-formula-trilera-ayuda-fiscal-ofrecida-gobierno-ligada-subida-salario-minimo_1_12945866.html\" rel=\"nofollow\">entre duras cr\u00edticas<\/a>, y tambi\u00e9n el alza del SMI.\u00a0\n    <\/p>\n<p>\n        El salario m\u00ednimo interprofesional, ahora en 1.184 euros brutos al mes, aumentar\u00e1 por tanto 37 euros al mes en 2026. \u201c518 euros m\u00e1s al a\u00f1o\u201d, ha destacado el secretario Estado de Trabajo, Joaqu\u00edn P\u00e9rez Rey.\u00a0El departamento que dirige Yolanda Diaz estima que la mejora salarial alcanzar\u00e1 a alrededor de 2,5 millones de trabajadores y trabajadoras.\n    <\/p>\n<p>\n        Con este incremento, el Gobierno acumula subidas del salario m\u00ednimo de un total de casi el 66% desde 2018, cuando Pedro S\u00e1nchez lleg\u00f3 a la Moncloa.\u00a0\n    <\/p>\n<p>\n        El aumento del 3,1% planteado por el departamento de Yolanda D\u00edaz fue\u00a0<a href=\"https:\/\/www.eldiario.es\/economia\/expertos-trabajo-proponen-subir-salario-minimo-3-2-4-7-2026_1_12836175.html\" rel=\"nofollow\">el m\u00e1s bajo recomendado por el comit\u00e9 de expertos que asesora al Ministerio de Trabajo<\/a> para las subidas del SMI, dise\u00f1ado para el escenario en el que los trabajadores que lo cobran siguieran sin pagar IRPF, como al final ha decidido el Ministerio de Hacienda.\n    <\/p>\n<p>\n        El alza busca compensar el aumento de los precios (con el dato de inflaci\u00f3n del pasado octubre), para garantizar as\u00ed el poder adquisitivo de los trabajadores que cobran este m\u00ednimo legal. Seg\u00fan los expertos, el incremento de 2026 situar\u00e1 el salario m\u00ednimo algo por encima de la meta comprometida por el Gobierno (que el SMI alcance el 60% del salario medio)\n    <\/p>\n<p>\n        Los sindicatos\u00a0<a href=\"https:\/\/www.eldiario.es\/economia\/sindicatos-ccoo-ugt-piden-subir-salario-minimo-1-273-euros-mes-tribute-primera-vez_1_12794343.html\" rel=\"nofollow\">CCOO y UGT hab\u00edan reclamado un aumento del 7,5% y que se tributara por primera vez<\/a>, y\u00a0<a href=\"https:\/\/www.eldiario.es\/economia\/cuentas-patronal-sostienen-salario-minimo-5-alto-deberia_1_12834741.html\" rel=\"nofollow\">los empresarios, una subida del 1,5%<\/a>, como la de los funcionarios para este a\u00f1o.\n    <\/p>\n<h2>Pacto para que no se absorban los pluses<\/h2>\n<p>\n        El secretario de Estado de Trabajo, Joaqu\u00edn P\u00e9rez Rey, ha anunciado tambi\u00e9n que el acuerdo con los sindicatos incluye el compromiso del Ministerio de Yolanda D\u00edaz de \u201cllevar adelante\u201d una reforma para que <a href=\"https:\/\/www.eldiario.es\/economia\/salario-minimo-sube-trabajadores-no-notan-nomina-siguiente-batalla-sindicatos_1_10838130.html\" rel=\"nofollow\">las empresas no puedan absorber (reducir) los complementos salariales ante el aumento del salario m\u00ednimo<\/a>.\n    <\/p>\n<p>\n        Los sindicatos ped\u00edan esta condici\u00f3n para apoyar el aumento del SMI de este a\u00f1o, ya que denuncian que hay muchos trabajadores, con ganancias muy pr\u00f3ximas al salario m\u00ednimo, a los que no llegan las subidas porque los empleadores las compensan con la merma de facto de estos pluses, <a href=\"https:\/\/www.eldiario.es\/economia\/supremo-avala-empresas-amortiguen-subidas-smi-absorcion-pluses_1_8748610.html\" rel=\"nofollow\">una pr\u00e1ctica que ha respaldado el Tribunal Supremo<\/a>.\n    <\/p>\n<p>\n        El departamento de Yolanda D\u00edaz pretende aprobar la medida en un real decreto, el que va a transponer la directiva europea de salarios m\u00ednimos. Es decir, un reglamento, sin rango de ley, y que por tanto no tiene que pasar por el Parlamento. La patronal denuncia que no es posible adoptar esta reforma sin una legislaci\u00f3n, por lo que todo indica que llevar\u00e1 el decreto ante los tribunales en caso de aprobarse.\n    <\/p>\n<p>\n        __\n    <\/p>\n<p>\n        Informaci\u00f3n en ampliaci\u00f3n\n    <\/p>\n<\/div>\n","protected":false},"excerpt":{"rendered":"<p>El Ministerio de Trabajo ha cerrado este jueves un acuerdo con los sindicatos y sin los empresarios\u00a0para subir el salario m\u00ednimo interprofesional (SMI) un 3,1% este a\u00f1o, hasta situarlo en 1.221 euros brutos al mes en 14 pagas y que se mantenga sin pagar IRPF. Pese al intento del Gobierno de atraer a la patronal<\/p>\n","protected":false},"author":1,"featured_media":321652,"comment_status":"open","ping_status":"open","sticky":false,"template":"","format":"standard","meta":{"footnotes":""},"categories":[61],"tags":[],"class_list":["post-321651","post","type-post","status-publish","format-standard","has-post-thumbnail","hentry","category-business-es"],"acf":[],"yoast_head":"<!-- This site is optimized with the Yoast SEO plugin v22.9 - https:\/\/yoast.com\/wordpress\/plugins\/seo\/ -->\n<title>Trabajo y los sindicatos acuerdan subir el salario m\u00ednimo a 1.221 euros sin los empresarios - vof-news.eu<\/title>\n<meta name=\"description\" content=\"El Ministerio de Trabajo ha cerrado este jueves un acuerdo con los sindicatos y sin los empresarios\u00a0para subir el salario m\u00ednimo interprofesional (SMI) un 3,1% este a\u00f1o, hasta situarlo en 1.221 euros brutos al mes en 14 pagas y que se mantenga sin pagar IRPF. Pese al intento del Gobierno de atraer a la patronal a un pacto con una ayuda fiscal, las organizaciones empresariales han rechazado la medida, entre duras cr\u00edticas, y tambi\u00e9n el alza del SMI.\u00a0\" \/>\n<meta name=\"robots\" content=\"noindex, follow, max-snippet:-1, max-image-preview:large, max-video-preview:-1\" \/>\n<meta property=\"og:locale\" content=\"es_ES\" \/>\n<meta property=\"og:type\" content=\"article\" \/>\n<meta property=\"og:title\" content=\"Trabajo y los sindicatos acuerdan subir el salario m\u00ednimo a 1.221 euros sin los empresarios - vof-news.eu\" \/>\n<meta property=\"og:description\" content=\"El Ministerio de Trabajo ha cerrado este jueves un acuerdo con los sindicatos y sin los empresarios\u00a0para subir el salario m\u00ednimo interprofesional (SMI) un 3,1% este a\u00f1o, hasta situarlo en 1.221 euros brutos al mes en 14 pagas y que se mantenga sin pagar IRPF. Pese al intento del Gobierno de atraer a la patronal a un pacto con una ayuda fiscal, las organizaciones empresariales han rechazado la medida, entre duras cr\u00edticas, y tambi\u00e9n el alza del SMI.\u00a0\" \/>\n<meta property=\"og:url\" content=\"https:\/\/vof-news.eu\/es\/trabajo-y-los-sindicatos-acuerdan-subir-el-salario-minimo-a-1-221-euros-sin-los-empresarios\/\" \/>\n<meta property=\"og:site_name\" content=\"vof-news.eu\" \/>\n<meta property=\"article:published_time\" content=\"2026-01-29T18:17:33+00:00\" \/>\n<meta property=\"article:modified_time\" content=\"2026-01-29T18:18:16+00:00\" \/>\n<meta property=\"og:image\" content=\"https:\/\/vof-news.eu\/wp-content\/uploads\/2026\/01\/1891b874-458f-4f4e-bd6c-61d87caf92fc_16-9-discover-aspect-ratio_default_0.jpg\" \/>\n\t<meta property=\"og:image:width\" content=\"1200\" \/>\n\t<meta property=\"og:image:height\" content=\"675\" \/>\n\t<meta property=\"og:image:type\" content=\"image\/jpeg\" \/>\n<meta name=\"author\" content=\"Author\" \/>\n<meta name=\"twitter:card\" content=\"summary_large_image\" \/>\n<meta name=\"twitter:label1\" content=\"Escrito por\" \/>\n\t<meta name=\"twitter:data1\" content=\"Author\" \/>\n\t<meta name=\"twitter:label2\" content=\"Tiempo de lectura\" \/>\n\t<meta name=\"twitter:data2\" content=\"3 minutos\" \/>\n<script type=\"application\/ld+json\" class=\"yoast-schema-graph\">{\"@context\":\"https:\/\/schema.org\",\"@graph\":[{\"@type\":\"WebPage\",\"@id\":\"https:\/\/vof-news.eu\/es\/trabajo-y-los-sindicatos-acuerdan-subir-el-salario-minimo-a-1-221-euros-sin-los-empresarios\/\",\"url\":\"https:\/\/vof-news.eu\/es\/trabajo-y-los-sindicatos-acuerdan-subir-el-salario-minimo-a-1-221-euros-sin-los-empresarios\/\",\"name\":\"Trabajo y los sindicatos acuerdan subir el salario m\u00ednimo a 1.221 euros sin los empresarios - vof-news.eu\",\"isPartOf\":{\"@id\":\"https:\/\/vof-news.eu\/es\/#website\"},\"primaryImageOfPage\":{\"@id\":\"https:\/\/vof-news.eu\/es\/trabajo-y-los-sindicatos-acuerdan-subir-el-salario-minimo-a-1-221-euros-sin-los-empresarios\/#primaryimage\"},\"image\":{\"@id\":\"https:\/\/vof-news.eu\/es\/trabajo-y-los-sindicatos-acuerdan-subir-el-salario-minimo-a-1-221-euros-sin-los-empresarios\/#primaryimage\"},\"thumbnailUrl\":\"https:\/\/vof-news.eu\/wp-content\/uploads\/2026\/01\/1891b874-458f-4f4e-bd6c-61d87caf92fc_16-9-discover-aspect-ratio_default_0.jpg\",\"datePublished\":\"2026-01-29T18:17:33+00:00\",\"dateModified\":\"2026-01-29T18:18:16+00:00\",\"author\":{\"@id\":\"https:\/\/vof-news.eu\/es\/#\/schema\/person\/f6a2a4309f0561835797fd8c19b333ed\"},\"description\":\"El Ministerio de Trabajo ha cerrado este jueves un acuerdo con los sindicatos y sin los empresarios\u00a0para subir el salario m\u00ednimo interprofesional (SMI) un 3,1% este a\u00f1o, hasta situarlo en 1.221 euros brutos al mes en 14 pagas y que se mantenga sin pagar IRPF. Pese al intento del Gobierno de atraer a la patronal a un pacto con una ayuda fiscal, las organizaciones empresariales han rechazado la medida, entre duras cr\u00edticas, y tambi\u00e9n el alza del SMI.\u00a0\",\"breadcrumb\":{\"@id\":\"https:\/\/vof-news.eu\/es\/trabajo-y-los-sindicatos-acuerdan-subir-el-salario-minimo-a-1-221-euros-sin-los-empresarios\/#breadcrumb\"},\"inLanguage\":\"es\",\"potentialAction\":[{\"@type\":\"ReadAction\",\"target\":[\"https:\/\/vof-news.eu\/es\/trabajo-y-los-sindicatos-acuerdan-subir-el-salario-minimo-a-1-221-euros-sin-los-empresarios\/\"]}]},{\"@type\":\"ImageObject\",\"inLanguage\":\"es\",\"@id\":\"https:\/\/vof-news.eu\/es\/trabajo-y-los-sindicatos-acuerdan-subir-el-salario-minimo-a-1-221-euros-sin-los-empresarios\/#primaryimage\",\"url\":\"https:\/\/vof-news.eu\/wp-content\/uploads\/2026\/01\/1891b874-458f-4f4e-bd6c-61d87caf92fc_16-9-discover-aspect-ratio_default_0.jpg\",\"contentUrl\":\"https:\/\/vof-news.eu\/wp-content\/uploads\/2026\/01\/1891b874-458f-4f4e-bd6c-61d87caf92fc_16-9-discover-aspect-ratio_default_0.jpg\",\"width\":1200,\"height\":675},{\"@type\":\"BreadcrumbList\",\"@id\":\"https:\/\/vof-news.eu\/es\/trabajo-y-los-sindicatos-acuerdan-subir-el-salario-minimo-a-1-221-euros-sin-los-empresarios\/#breadcrumb\",\"itemListElement\":[{\"@type\":\"ListItem\",\"position\":1,\"name\":\"Home\",\"item\":\"https:\/\/vof-news.eu\/es\/\"},{\"@type\":\"ListItem\",\"position\":2,\"name\":\"Trabajo y los sindicatos acuerdan subir el salario m\u00ednimo a 1.221 euros sin los empresarios\"}]},{\"@type\":\"WebSite\",\"@id\":\"https:\/\/vof-news.eu\/es\/#website\",\"url\":\"https:\/\/vof-news.eu\/es\/\",\"name\":\"vof-news.eu\",\"description\":\"\",\"potentialAction\":[{\"@type\":\"SearchAction\",\"target\":{\"@type\":\"EntryPoint\",\"urlTemplate\":\"https:\/\/vof-news.eu\/es\/?s={search_term_string}\"},\"query-input\":\"required name=search_term_string\"}],\"inLanguage\":\"es\"},{\"@type\":\"Person\",\"@id\":\"https:\/\/vof-news.eu\/es\/#\/schema\/person\/f6a2a4309f0561835797fd8c19b333ed\",\"name\":\"Author\",\"image\":{\"@type\":\"ImageObject\",\"inLanguage\":\"es\",\"@id\":\"https:\/\/vof-news.eu\/es\/#\/schema\/person\/image\/\",\"url\":\"https:\/\/secure.gravatar.com\/avatar\/b67e614b1b25b3e9c0c239efdd2fde5ab015b5affd6f1c3c85911ca4b384e790?s=96&d=mm&r=g\",\"contentUrl\":\"https:\/\/secure.gravatar.com\/avatar\/b67e614b1b25b3e9c0c239efdd2fde5ab015b5affd6f1c3c85911ca4b384e790?s=96&d=mm&r=g\",\"caption\":\"Author\"},\"sameAs\":[\"http:\/\/vof-news.eu\"],\"url\":\"https:\/\/vof-news.eu\/es\/author\/zwt6qxnjulxbnyg\/\"}]}<\/script>\n<!-- \/ Yoast SEO plugin. -->","yoast_head_json":{"title":"Trabajo y los sindicatos acuerdan subir el salario m\u00ednimo a 1.221 euros sin los empresarios - vof-news.eu","description":"El Ministerio de Trabajo ha cerrado este jueves un acuerdo con los sindicatos y sin los empresarios\u00a0para subir el salario m\u00ednimo interprofesional (SMI) un 3,1% este a\u00f1o, hasta situarlo en 1.221 euros brutos al mes en 14 pagas y que se mantenga sin pagar IRPF. Pese al intento del Gobierno de atraer a la patronal a un pacto con una ayuda fiscal, las organizaciones empresariales han rechazado la medida, entre duras cr\u00edticas, y tambi\u00e9n el alza del SMI.\u00a0","robots":{"index":"noindex","follow":"follow","max-snippet":"max-snippet:-1","max-image-preview":"max-image-preview:large","max-video-preview":"max-video-preview:-1"},"og_locale":"es_ES","og_type":"article","og_title":"Trabajo y los sindicatos acuerdan subir el salario m\u00ednimo a 1.221 euros sin los empresarios - vof-news.eu","og_description":"El Ministerio de Trabajo ha cerrado este jueves un acuerdo con los sindicatos y sin los empresarios\u00a0para subir el salario m\u00ednimo interprofesional (SMI) un 3,1% este a\u00f1o, hasta situarlo en 1.221 euros brutos al mes en 14 pagas y que se mantenga sin pagar IRPF. Pese al intento del Gobierno de atraer a la patronal a un pacto con una ayuda fiscal, las organizaciones empresariales han rechazado la medida, entre duras cr\u00edticas, y tambi\u00e9n el alza del SMI.\u00a0","og_url":"https:\/\/vof-news.eu\/es\/trabajo-y-los-sindicatos-acuerdan-subir-el-salario-minimo-a-1-221-euros-sin-los-empresarios\/","og_site_name":"vof-news.eu","article_published_time":"2026-01-29T18:17:33+00:00","article_modified_time":"2026-01-29T18:18:16+00:00","og_image":[{"width":1200,"height":675,"url":"https:\/\/vof-news.eu\/wp-content\/uploads\/2026\/01\/1891b874-458f-4f4e-bd6c-61d87caf92fc_16-9-discover-aspect-ratio_default_0.jpg","type":"image\/jpeg"}],"author":"Author","twitter_card":"summary_large_image","twitter_misc":{"Escrito por":"Author","Tiempo de lectura":"3 minutos"},"schema":{"@context":"https:\/\/schema.org","@graph":[{"@type":"WebPage","@id":"https:\/\/vof-news.eu\/es\/trabajo-y-los-sindicatos-acuerdan-subir-el-salario-minimo-a-1-221-euros-sin-los-empresarios\/","url":"https:\/\/vof-news.eu\/es\/trabajo-y-los-sindicatos-acuerdan-subir-el-salario-minimo-a-1-221-euros-sin-los-empresarios\/","name":"Trabajo y los sindicatos acuerdan subir el salario m\u00ednimo a 1.221 euros sin los empresarios - vof-news.eu","isPartOf":{"@id":"https:\/\/vof-news.eu\/es\/#website"},"primaryImageOfPage":{"@id":"https:\/\/vof-news.eu\/es\/trabajo-y-los-sindicatos-acuerdan-subir-el-salario-minimo-a-1-221-euros-sin-los-empresarios\/#primaryimage"},"image":{"@id":"https:\/\/vof-news.eu\/es\/trabajo-y-los-sindicatos-acuerdan-subir-el-salario-minimo-a-1-221-euros-sin-los-empresarios\/#primaryimage"},"thumbnailUrl":"https:\/\/vof-news.eu\/wp-content\/uploads\/2026\/01\/1891b874-458f-4f4e-bd6c-61d87caf92fc_16-9-discover-aspect-ratio_default_0.jpg","datePublished":"2026-01-29T18:17:33+00:00","dateModified":"2026-01-29T18:18:16+00:00","author":{"@id":"https:\/\/vof-news.eu\/es\/#\/schema\/person\/f6a2a4309f0561835797fd8c19b333ed"},"description":"El Ministerio de Trabajo ha cerrado este jueves un acuerdo con los sindicatos y sin los empresarios\u00a0para subir el salario m\u00ednimo interprofesional (SMI) un 3,1% este a\u00f1o, hasta situarlo en 1.221 euros brutos al mes en 14 pagas y que se mantenga sin pagar IRPF. Pese al intento del Gobierno de atraer a la patronal a un pacto con una ayuda fiscal, las organizaciones empresariales han rechazado la medida, entre duras cr\u00edticas, y tambi\u00e9n el alza del SMI.\u00a0","breadcrumb":{"@id":"https:\/\/vof-news.eu\/es\/trabajo-y-los-sindicatos-acuerdan-subir-el-salario-minimo-a-1-221-euros-sin-los-empresarios\/#breadcrumb"},"inLanguage":"es","potentialAction":[{"@type":"ReadAction","target":["https:\/\/vof-news.eu\/es\/trabajo-y-los-sindicatos-acuerdan-subir-el-salario-minimo-a-1-221-euros-sin-los-empresarios\/"]}]},{"@type":"ImageObject","inLanguage":"es","@id":"https:\/\/vof-news.eu\/es\/trabajo-y-los-sindicatos-acuerdan-subir-el-salario-minimo-a-1-221-euros-sin-los-empresarios\/#primaryimage","url":"https:\/\/vof-news.eu\/wp-content\/uploads\/2026\/01\/1891b874-458f-4f4e-bd6c-61d87caf92fc_16-9-discover-aspect-ratio_default_0.jpg","contentUrl":"https:\/\/vof-news.eu\/wp-content\/uploads\/2026\/01\/1891b874-458f-4f4e-bd6c-61d87caf92fc_16-9-discover-aspect-ratio_default_0.jpg","width":1200,"height":675},{"@type":"BreadcrumbList","@id":"https:\/\/vof-news.eu\/es\/trabajo-y-los-sindicatos-acuerdan-subir-el-salario-minimo-a-1-221-euros-sin-los-empresarios\/#breadcrumb","itemListElement":[{"@type":"ListItem","position":1,"name":"Home","item":"https:\/\/vof-news.eu\/es\/"},{"@type":"ListItem","position":2,"name":"Trabajo y los sindicatos acuerdan subir el salario m\u00ednimo a 1.221 euros sin los empresarios"}]},{"@type":"WebSite","@id":"https:\/\/vof-news.eu\/es\/#website","url":"https:\/\/vof-news.eu\/es\/","name":"vof-news.eu","description":"","potentialAction":[{"@type":"SearchAction","target":{"@type":"EntryPoint","urlTemplate":"https:\/\/vof-news.eu\/es\/?s={search_term_string}"},"query-input":"required name=search_term_string"}],"inLanguage":"es"},{"@type":"Person","@id":"https:\/\/vof-news.eu\/es\/#\/schema\/person\/f6a2a4309f0561835797fd8c19b333ed","name":"Author","image":{"@type":"ImageObject","inLanguage":"es","@id":"https:\/\/vof-news.eu\/es\/#\/schema\/person\/image\/","url":"https:\/\/secure.gravatar.com\/avatar\/b67e614b1b25b3e9c0c239efdd2fde5ab015b5affd6f1c3c85911ca4b384e790?s=96&d=mm&r=g","contentUrl":"https:\/\/secure.gravatar.com\/avatar\/b67e614b1b25b3e9c0c239efdd2fde5ab015b5affd6f1c3c85911ca4b384e790?s=96&d=mm&r=g","caption":"Author"},"sameAs":["http:\/\/vof-news.eu"],"url":"https:\/\/vof-news.eu\/es\/author\/zwt6qxnjulxbnyg\/"}]}},"yoast_meta":{"yoast_wpseo_title":"","yoast_wpseo_metadesc":"","yoast_wpseo_canonical":""},"_links":{"self":[{"href":"https:\/\/vof-news.eu\/es\/wp-json\/wp\/v2\/posts\/321651","targetHints":{"allow":["GET"]}}],"collection":[{"href":"https:\/\/vof-news.eu\/es\/wp-json\/wp\/v2\/posts"}],"about":[{"href":"https:\/\/vof-news.eu\/es\/wp-json\/wp\/v2\/types\/post"}],"author":[{"embeddable":true,"href":"https:\/\/vof-news.eu\/es\/wp-json\/wp\/v2\/users\/1"}],"replies":[{"embeddable":true,"href":"https:\/\/vof-news.eu\/es\/wp-json\/wp\/v2\/comments?post=321651"}],"version-history":[{"count":1,"href":"https:\/\/vof-news.eu\/es\/wp-json\/wp\/v2\/posts\/321651\/revisions"}],"predecessor-version":[{"id":321658,"href":"https:\/\/vof-news.eu\/es\/wp-json\/wp\/v2\/posts\/321651\/revisions\/321658"}],"wp:featuredmedia":[{"embeddable":true,"href":"https:\/\/vof-news.eu\/es\/wp-json\/wp\/v2\/media\/321652"}],"wp:attachment":[{"href":"https:\/\/vof-news.eu\/es\/wp-json\/wp\/v2\/media?parent=321651"}],"wp:term":[{"taxonomy":"category","embeddable":true,"href":"https:\/\/vof-news.eu\/es\/wp-json\/wp\/v2\/categories?post=321651"},{"taxonomy":"post_tag","embeddable":true,"href":"https:\/\/vof-news.eu\/es\/wp-json\/wp\/v2\/tags?post=321651"}],"curies":[{"name":"wp","href":"https:\/\/api.w.org\/{rel}","templated":true}]}}