{"id":321620,"date":"2026-01-29T19:17:20","date_gmt":"2026-01-29T16:17:20","guid":{"rendered":"https:\/\/vof-news.eu\/los-sindicatos-se-plantan-contra-el-ere-de-castilian-que-afecta-a-125-trabajadores-vamos-a-la-huelga\/"},"modified":"2026-01-29T19:17:55","modified_gmt":"2026-01-29T16:17:55","slug":"los-sindicatos-se-plantan-contra-el-ere-de-castilian-que-afecta-a-125-trabajadores-vamos-a-la-huelga","status":"publish","type":"post","link":"https:\/\/vof-news.eu\/es\/los-sindicatos-se-plantan-contra-el-ere-de-castilian-que-afecta-a-125-trabajadores-vamos-a-la-huelga\/","title":{"rendered":"Los sindicatos se plantan contra el ERE de Castilian que afecta a 125 trabajadores: \u201cVamos a la huelga\u201d"},"content":{"rendered":"<div>\n<p>\n        Los sindicatos CCOO, UGT y CGT han anunciado movilizaciones y una jornada de huelga en el centro de trabajo de Elche contra el expediente de regulaci\u00f3n de empleo (ERE) planteado por Castilian, empresa del grupo Konecta, que prev\u00e9 el despido colectivo de 125 personas en todo el Estado, 104 de ellas en Elche, donde el recorte afectar\u00eda a en torno a dos tercios de la plantilla.\n    <\/p>\n<p>\n        La huelga est\u00e1 convocada para este jueves, un d\u00eda antes de que finalice el periodo de consultas del ERE, que concluye este viernes, fecha en la que empresa y sindicatos celebrar\u00e1n la \u00faltima reuni\u00f3n de la mesa negociadora. \u201cEste viernes o hay acuerdo o no lo hay. No existe pr\u00f3rroga posible\u201d, subraya Erik Carri\u00f3n, responsable estatal del sector de atenci\u00f3n al cliente en CCOO.\n    <\/p>\n<p>\n        Fuentes de Castilian confirman que el proceso de negociaci\u00f3n del despido colectivo sigue abierto y rechazan responder sobre sus condiciones. \u201cMientras las conversaciones contin\u00faan abiertas, no podemos aportar m\u00e1s detalles\u201d, responden en la empresa.\n    <\/p>\n<h2><strong>Un ERE por un \u201cfin de campa\u00f1a\u201d cuestionado por los sindicatos<\/strong><\/h2>\n<p>\n        La compa\u00f1\u00eda justifica el despido colectivo por la finalizaci\u00f3n del contrato de atenci\u00f3n al cliente de M\u00e1sM\u00f3vil, una campa\u00f1a que, seg\u00fan traslad\u00f3 Castilian a la representaci\u00f3n legal de los trabajadores, deja sin carga de trabajo a parte de la plantilla. Sin embargo, los sindicatos cuestionan que esa causa est\u00e9 suficientemente acreditada y, sobre todo, que no se haya explorado de forma real la recolocaci\u00f3n dentro del grupo Konecta, el mayor grupo de  del Estado.\n    <\/p>\n<p>\n        \u201cEstamos hablando de una empresa que pertenece al 100% al grupo Konecta, que presta servicio a m\u00faltiples clientes y que mueve personal de forma habitual entre campa\u00f1as y centros\u201d, explica a elDiario.es Pedro Aller, vicesecretario general de FeSMC-UGT. \u201cLo que venimos pidiendo desde el inicio es que la empresa demuestre, con documentaci\u00f3n, que esa recolocaci\u00f3n no es posible. Y eso no se ha acreditado\u201d.\n    <\/p>\n<p>\n        Seg\u00fan UGT y CCOO, la documentaci\u00f3n entregada por la empresa \u2014entre ella, un informe elaborado por una consultora externa\u2014 no prueba que no existan alternativas al despido. \u201cNos dicen verbalmente que el grupo no puede absorber a estas personas, pero en los propios informes se reconoce que el sector crece y que Konecta es una empresa puntera\u201d, se\u00f1ala Aller. \u201cEs contradictorio\u201d.\n    <\/p>\n<h2><strong>Elche concentra el golpe del despido colectivo<\/strong><\/h2>\n<p>\n        Aunque el ERE es de \u00e1mbito estatal y afecta tambi\u00e9n a centros de Madrid y C\u00f3rdoba, el impacto se concentra en Elche, donde est\u00e1n previstas 104 de las 125 extinciones. \u201cEs, con diferencia, el centro m\u00e1s afectado, alrededor del 80% del total\u201d, apunta Erik (CCOO). \u201cEn Elche hablamos de m\u00e1s del 65% de la plantilla, probablemente m\u00e1s cerca del 70%\u201d.\n    <\/p>\n<p>\n        Los sindicatos alertan adem\u00e1s de que el ajuste puede comprometer la viabilidad futura del centro ilicitano. \u201cMantener un centro con tan poca plantilla restante tiene unos costes fijos muy altos\u201d, advierte Aller. \u201cEs una preocupaci\u00f3n real que tenemos de cara al futuro, aunque la empresa no lo haya planteado expl\u00edcitamente\u201d.\n    <\/p>\n<h2><strong>Bajas m\u00e9dicas y colectivos vulnerables<\/strong><\/h2>\n<p>\n        Otro de los puntos m\u00e1s controvertidos del ERE es la inclusi\u00f3n de trabajadores de Madrid y C\u00f3rdoba que se encuentran en baja m\u00e9dica de larga duraci\u00f3n. Seg\u00fan CCOO, la empresa ha aceptado que estas personas solo salgan del ERE si lo hacen de manera voluntaria y que, en caso contrario, deber\u00e1n ser recolocadas cuando reciban el alta.\n    <\/p>\n<p>\n        En Elche, la empresa ha planteado la desafectaci\u00f3n de personas mayores de 50 a\u00f1os \u2014un total de 23\u2014 para evitar las penalizaciones que conlleva su despido, as\u00ed como la exclusi\u00f3n de cuatro personas pertenecientes a colectivos especialmente protegidos, como personas con reducci\u00f3n de jornada por cuidado de menores con enfermedad grave. \u201cAunque son movimientos m\u00ednimos\u201d, resume Aller. \u201cEl grueso del ERE sigue intacto\u201d.\n    <\/p>\n<h2><strong>Pocas cartas sobre la mesa<\/strong><\/h2>\n<p>\n        El desarrollo de la negociaci\u00f3n ha sido, seg\u00fan los sindicatos, frustrante. \u201cEsto parece un partido de tenis: nosotros decimos que s\u00ed se puede recolocar, la empresa dice que no, pero sin demostrarlo\u201d, ironiza Aller. \u201cY a veces tambi\u00e9n nos sentimos como detectives, porque vamos detectando contrataciones o movimientos de personal mientras nos dicen que no hay opciones\u201d.\n    <\/p>\n<p>\n        Desde CCOO insisten en que el objetivo sigue siendo reducir al m\u00e1ximo las salidas y priorizar f\u00f3rmulas no traum\u00e1ticas. \u201cSi se demuestra que no se puede recolocar a todo el mundo, queremos saber cu\u00e1l es el n\u00famero m\u00ednimo imprescindible y que, en todo caso, las salidas sean voluntarias\u201d, se\u00f1ala Erik.\n    <\/p>\n<p>\n        Al estar dentro del proceso de negociaci\u00f3n, fuentes de Castilian se limitan a destacan que tratan de alcanzar un pacto con la parte trabajadores. \u201c\u00danicamente podemos trasladar que la compa\u00f1\u00eda est\u00e1 trabajando de manera activa y constructiva para alcanzar un acuerdo que ofrezca las mejores garant\u00edas posibles para las personas afectadas\u201d, indican fuentes de la empresa.\n    <\/p>\n<p>\n        El periodo de consultas del ERE comenz\u00f3 el 2 de enero y se han celebrado cinco reuniones de la mesa negociadora. La sexta y definitiva tendr\u00e1 lugar este viernes a las 12.00 horas, con desplazamientos de representantes sindicales desde distintos puntos del Estado. Un d\u00eda antes, la plantilla de Elche est\u00e1 llamada a secundar una huelga y concentraci\u00f3n para visibilizar su rechazo al despido colectivo. \u201cNo es solo un problema de las personas afectadas directamente\u201d, subraya Aller. \u201cEs un golpe para el empleo y para la econom\u00eda local\u201d.\n    <\/p>\n<\/div>\n","protected":false},"excerpt":{"rendered":"<p>Los sindicatos CCOO, UGT y CGT han anunciado movilizaciones y una jornada de huelga en el centro de trabajo de Elche contra el expediente de regulaci\u00f3n de empleo (ERE) planteado por Castilian, empresa del grupo Konecta, que prev\u00e9 el despido colectivo de 125 personas en todo el Estado, 104 de ellas en Elche, donde el<\/p>\n","protected":false},"author":1,"featured_media":321621,"comment_status":"open","ping_status":"open","sticky":false,"template":"","format":"standard","meta":{"footnotes":""},"categories":[61],"tags":[],"class_list":["post-321620","post","type-post","status-publish","format-standard","has-post-thumbnail","hentry","category-business-es"],"acf":[],"yoast_head":"<!-- This site is optimized with the Yoast SEO plugin v22.9 - https:\/\/yoast.com\/wordpress\/plugins\/seo\/ -->\n<title>Los sindicatos se plantan contra el ERE de Castilian que afecta a 125 trabajadores: \u201cVamos a la huelga\u201d - vof-news.eu<\/title>\n<meta name=\"description\" content=\"Los sindicatos CCOO, UGT y CGT han anunciado movilizaciones y una jornada de huelga en el centro de trabajo de Elche contra el expediente de regulaci\u00f3n de empleo (ERE) planteado por Castilian, empresa del grupo Konecta, que prev\u00e9 el despido colectivo de 125 personas en todo el Estado, 104 de ellas en Elche, donde el recorte afectar\u00eda a en torno a dos tercios de la plantilla.\" \/>\n<meta name=\"robots\" content=\"noindex, follow, max-snippet:-1, max-image-preview:large, max-video-preview:-1\" \/>\n<meta property=\"og:locale\" content=\"es_ES\" \/>\n<meta property=\"og:type\" content=\"article\" \/>\n<meta property=\"og:title\" content=\"Los sindicatos se plantan contra el ERE de Castilian que afecta a 125 trabajadores: \u201cVamos a la huelga\u201d - vof-news.eu\" \/>\n<meta property=\"og:description\" content=\"Los sindicatos CCOO, UGT y CGT han anunciado movilizaciones y una jornada de huelga en el centro de trabajo de Elche contra el expediente de regulaci\u00f3n de empleo (ERE) planteado por Castilian, empresa del grupo Konecta, que prev\u00e9 el despido colectivo de 125 personas en todo el Estado, 104 de ellas en Elche, donde el recorte afectar\u00eda a en torno a dos tercios de la plantilla.\" \/>\n<meta property=\"og:url\" content=\"https:\/\/vof-news.eu\/es\/los-sindicatos-se-plantan-contra-el-ere-de-castilian-que-afecta-a-125-trabajadores-vamos-a-la-huelga\/\" \/>\n<meta property=\"og:site_name\" content=\"vof-news.eu\" \/>\n<meta property=\"article:published_time\" content=\"2026-01-29T16:17:20+00:00\" \/>\n<meta property=\"article:modified_time\" content=\"2026-01-29T16:17:55+00:00\" \/>\n<meta property=\"og:image\" content=\"https:\/\/vof-news.eu\/wp-content\/uploads\/2026\/01\/779414a8-8374-4c79-8870-dd52b95a3181_16-9-discover-aspect-ratio_default_0.jpg\" \/>\n\t<meta property=\"og:image:width\" content=\"1200\" \/>\n\t<meta property=\"og:image:height\" content=\"675\" \/>\n\t<meta property=\"og:image:type\" content=\"image\/jpeg\" \/>\n<meta name=\"author\" content=\"Author\" \/>\n<meta name=\"twitter:card\" content=\"summary_large_image\" \/>\n<meta name=\"twitter:label1\" content=\"Escrito por\" \/>\n\t<meta name=\"twitter:data1\" content=\"Author\" \/>\n\t<meta name=\"twitter:label2\" content=\"Tiempo de lectura\" \/>\n\t<meta name=\"twitter:data2\" content=\"5 minutos\" \/>\n<script type=\"application\/ld+json\" class=\"yoast-schema-graph\">{\"@context\":\"https:\/\/schema.org\",\"@graph\":[{\"@type\":\"WebPage\",\"@id\":\"https:\/\/vof-news.eu\/es\/los-sindicatos-se-plantan-contra-el-ere-de-castilian-que-afecta-a-125-trabajadores-vamos-a-la-huelga\/\",\"url\":\"https:\/\/vof-news.eu\/es\/los-sindicatos-se-plantan-contra-el-ere-de-castilian-que-afecta-a-125-trabajadores-vamos-a-la-huelga\/\",\"name\":\"Los sindicatos se plantan contra el ERE de Castilian que afecta a 125 trabajadores: \u201cVamos a la huelga\u201d - vof-news.eu\",\"isPartOf\":{\"@id\":\"https:\/\/vof-news.eu\/es\/#website\"},\"primaryImageOfPage\":{\"@id\":\"https:\/\/vof-news.eu\/es\/los-sindicatos-se-plantan-contra-el-ere-de-castilian-que-afecta-a-125-trabajadores-vamos-a-la-huelga\/#primaryimage\"},\"image\":{\"@id\":\"https:\/\/vof-news.eu\/es\/los-sindicatos-se-plantan-contra-el-ere-de-castilian-que-afecta-a-125-trabajadores-vamos-a-la-huelga\/#primaryimage\"},\"thumbnailUrl\":\"https:\/\/vof-news.eu\/wp-content\/uploads\/2026\/01\/779414a8-8374-4c79-8870-dd52b95a3181_16-9-discover-aspect-ratio_default_0.jpg\",\"datePublished\":\"2026-01-29T16:17:20+00:00\",\"dateModified\":\"2026-01-29T16:17:55+00:00\",\"author\":{\"@id\":\"https:\/\/vof-news.eu\/es\/#\/schema\/person\/f6a2a4309f0561835797fd8c19b333ed\"},\"description\":\"Los sindicatos CCOO, UGT y CGT han anunciado movilizaciones y una jornada de huelga en el centro de trabajo de Elche contra el expediente de regulaci\u00f3n de empleo (ERE) planteado por Castilian, empresa del grupo Konecta, que prev\u00e9 el despido colectivo de 125 personas en todo el Estado, 104 de ellas en Elche, donde el recorte afectar\u00eda a en torno a dos tercios de la plantilla.\",\"breadcrumb\":{\"@id\":\"https:\/\/vof-news.eu\/es\/los-sindicatos-se-plantan-contra-el-ere-de-castilian-que-afecta-a-125-trabajadores-vamos-a-la-huelga\/#breadcrumb\"},\"inLanguage\":\"es\",\"potentialAction\":[{\"@type\":\"ReadAction\",\"target\":[\"https:\/\/vof-news.eu\/es\/los-sindicatos-se-plantan-contra-el-ere-de-castilian-que-afecta-a-125-trabajadores-vamos-a-la-huelga\/\"]}]},{\"@type\":\"ImageObject\",\"inLanguage\":\"es\",\"@id\":\"https:\/\/vof-news.eu\/es\/los-sindicatos-se-plantan-contra-el-ere-de-castilian-que-afecta-a-125-trabajadores-vamos-a-la-huelga\/#primaryimage\",\"url\":\"https:\/\/vof-news.eu\/wp-content\/uploads\/2026\/01\/779414a8-8374-4c79-8870-dd52b95a3181_16-9-discover-aspect-ratio_default_0.jpg\",\"contentUrl\":\"https:\/\/vof-news.eu\/wp-content\/uploads\/2026\/01\/779414a8-8374-4c79-8870-dd52b95a3181_16-9-discover-aspect-ratio_default_0.jpg\",\"width\":1200,\"height\":675},{\"@type\":\"BreadcrumbList\",\"@id\":\"https:\/\/vof-news.eu\/es\/los-sindicatos-se-plantan-contra-el-ere-de-castilian-que-afecta-a-125-trabajadores-vamos-a-la-huelga\/#breadcrumb\",\"itemListElement\":[{\"@type\":\"ListItem\",\"position\":1,\"name\":\"Home\",\"item\":\"https:\/\/vof-news.eu\/es\/\"},{\"@type\":\"ListItem\",\"position\":2,\"name\":\"Los sindicatos se plantan contra el ERE de Castilian que afecta a 125 trabajadores: \u201cVamos a la huelga\u201d\"}]},{\"@type\":\"WebSite\",\"@id\":\"https:\/\/vof-news.eu\/es\/#website\",\"url\":\"https:\/\/vof-news.eu\/es\/\",\"name\":\"vof-news.eu\",\"description\":\"\",\"potentialAction\":[{\"@type\":\"SearchAction\",\"target\":{\"@type\":\"EntryPoint\",\"urlTemplate\":\"https:\/\/vof-news.eu\/es\/?s={search_term_string}\"},\"query-input\":\"required name=search_term_string\"}],\"inLanguage\":\"es\"},{\"@type\":\"Person\",\"@id\":\"https:\/\/vof-news.eu\/es\/#\/schema\/person\/f6a2a4309f0561835797fd8c19b333ed\",\"name\":\"Author\",\"image\":{\"@type\":\"ImageObject\",\"inLanguage\":\"es\",\"@id\":\"https:\/\/vof-news.eu\/es\/#\/schema\/person\/image\/\",\"url\":\"https:\/\/secure.gravatar.com\/avatar\/b67e614b1b25b3e9c0c239efdd2fde5ab015b5affd6f1c3c85911ca4b384e790?s=96&d=mm&r=g\",\"contentUrl\":\"https:\/\/secure.gravatar.com\/avatar\/b67e614b1b25b3e9c0c239efdd2fde5ab015b5affd6f1c3c85911ca4b384e790?s=96&d=mm&r=g\",\"caption\":\"Author\"},\"sameAs\":[\"http:\/\/vof-news.eu\"],\"url\":\"https:\/\/vof-news.eu\/es\/author\/zwt6qxnjulxbnyg\/\"}]}<\/script>\n<!-- \/ Yoast SEO plugin. -->","yoast_head_json":{"title":"Los sindicatos se plantan contra el ERE de Castilian que afecta a 125 trabajadores: \u201cVamos a la huelga\u201d - vof-news.eu","description":"Los sindicatos CCOO, UGT y CGT han anunciado movilizaciones y una jornada de huelga en el centro de trabajo de Elche contra el expediente de regulaci\u00f3n de empleo (ERE) planteado por Castilian, empresa del grupo Konecta, que prev\u00e9 el despido colectivo de 125 personas en todo el Estado, 104 de ellas en Elche, donde el recorte afectar\u00eda a en torno a dos tercios de la plantilla.","robots":{"index":"noindex","follow":"follow","max-snippet":"max-snippet:-1","max-image-preview":"max-image-preview:large","max-video-preview":"max-video-preview:-1"},"og_locale":"es_ES","og_type":"article","og_title":"Los sindicatos se plantan contra el ERE de Castilian que afecta a 125 trabajadores: \u201cVamos a la huelga\u201d - vof-news.eu","og_description":"Los sindicatos CCOO, UGT y CGT han anunciado movilizaciones y una jornada de huelga en el centro de trabajo de Elche contra el expediente de regulaci\u00f3n de empleo (ERE) planteado por Castilian, empresa del grupo Konecta, que prev\u00e9 el despido colectivo de 125 personas en todo el Estado, 104 de ellas en Elche, donde el recorte afectar\u00eda a en torno a dos tercios de la plantilla.","og_url":"https:\/\/vof-news.eu\/es\/los-sindicatos-se-plantan-contra-el-ere-de-castilian-que-afecta-a-125-trabajadores-vamos-a-la-huelga\/","og_site_name":"vof-news.eu","article_published_time":"2026-01-29T16:17:20+00:00","article_modified_time":"2026-01-29T16:17:55+00:00","og_image":[{"width":1200,"height":675,"url":"https:\/\/vof-news.eu\/wp-content\/uploads\/2026\/01\/779414a8-8374-4c79-8870-dd52b95a3181_16-9-discover-aspect-ratio_default_0.jpg","type":"image\/jpeg"}],"author":"Author","twitter_card":"summary_large_image","twitter_misc":{"Escrito por":"Author","Tiempo de lectura":"5 minutos"},"schema":{"@context":"https:\/\/schema.org","@graph":[{"@type":"WebPage","@id":"https:\/\/vof-news.eu\/es\/los-sindicatos-se-plantan-contra-el-ere-de-castilian-que-afecta-a-125-trabajadores-vamos-a-la-huelga\/","url":"https:\/\/vof-news.eu\/es\/los-sindicatos-se-plantan-contra-el-ere-de-castilian-que-afecta-a-125-trabajadores-vamos-a-la-huelga\/","name":"Los sindicatos se plantan contra el ERE de Castilian que afecta a 125 trabajadores: \u201cVamos a la huelga\u201d - vof-news.eu","isPartOf":{"@id":"https:\/\/vof-news.eu\/es\/#website"},"primaryImageOfPage":{"@id":"https:\/\/vof-news.eu\/es\/los-sindicatos-se-plantan-contra-el-ere-de-castilian-que-afecta-a-125-trabajadores-vamos-a-la-huelga\/#primaryimage"},"image":{"@id":"https:\/\/vof-news.eu\/es\/los-sindicatos-se-plantan-contra-el-ere-de-castilian-que-afecta-a-125-trabajadores-vamos-a-la-huelga\/#primaryimage"},"thumbnailUrl":"https:\/\/vof-news.eu\/wp-content\/uploads\/2026\/01\/779414a8-8374-4c79-8870-dd52b95a3181_16-9-discover-aspect-ratio_default_0.jpg","datePublished":"2026-01-29T16:17:20+00:00","dateModified":"2026-01-29T16:17:55+00:00","author":{"@id":"https:\/\/vof-news.eu\/es\/#\/schema\/person\/f6a2a4309f0561835797fd8c19b333ed"},"description":"Los sindicatos CCOO, UGT y CGT han anunciado movilizaciones y una jornada de huelga en el centro de trabajo de Elche contra el expediente de regulaci\u00f3n de empleo (ERE) planteado por Castilian, empresa del grupo Konecta, que prev\u00e9 el despido colectivo de 125 personas en todo el Estado, 104 de ellas en Elche, donde el recorte afectar\u00eda a en torno a dos tercios de la plantilla.","breadcrumb":{"@id":"https:\/\/vof-news.eu\/es\/los-sindicatos-se-plantan-contra-el-ere-de-castilian-que-afecta-a-125-trabajadores-vamos-a-la-huelga\/#breadcrumb"},"inLanguage":"es","potentialAction":[{"@type":"ReadAction","target":["https:\/\/vof-news.eu\/es\/los-sindicatos-se-plantan-contra-el-ere-de-castilian-que-afecta-a-125-trabajadores-vamos-a-la-huelga\/"]}]},{"@type":"ImageObject","inLanguage":"es","@id":"https:\/\/vof-news.eu\/es\/los-sindicatos-se-plantan-contra-el-ere-de-castilian-que-afecta-a-125-trabajadores-vamos-a-la-huelga\/#primaryimage","url":"https:\/\/vof-news.eu\/wp-content\/uploads\/2026\/01\/779414a8-8374-4c79-8870-dd52b95a3181_16-9-discover-aspect-ratio_default_0.jpg","contentUrl":"https:\/\/vof-news.eu\/wp-content\/uploads\/2026\/01\/779414a8-8374-4c79-8870-dd52b95a3181_16-9-discover-aspect-ratio_default_0.jpg","width":1200,"height":675},{"@type":"BreadcrumbList","@id":"https:\/\/vof-news.eu\/es\/los-sindicatos-se-plantan-contra-el-ere-de-castilian-que-afecta-a-125-trabajadores-vamos-a-la-huelga\/#breadcrumb","itemListElement":[{"@type":"ListItem","position":1,"name":"Home","item":"https:\/\/vof-news.eu\/es\/"},{"@type":"ListItem","position":2,"name":"Los sindicatos se plantan contra el ERE de Castilian que afecta a 125 trabajadores: \u201cVamos a la huelga\u201d"}]},{"@type":"WebSite","@id":"https:\/\/vof-news.eu\/es\/#website","url":"https:\/\/vof-news.eu\/es\/","name":"vof-news.eu","description":"","potentialAction":[{"@type":"SearchAction","target":{"@type":"EntryPoint","urlTemplate":"https:\/\/vof-news.eu\/es\/?s={search_term_string}"},"query-input":"required name=search_term_string"}],"inLanguage":"es"},{"@type":"Person","@id":"https:\/\/vof-news.eu\/es\/#\/schema\/person\/f6a2a4309f0561835797fd8c19b333ed","name":"Author","image":{"@type":"ImageObject","inLanguage":"es","@id":"https:\/\/vof-news.eu\/es\/#\/schema\/person\/image\/","url":"https:\/\/secure.gravatar.com\/avatar\/b67e614b1b25b3e9c0c239efdd2fde5ab015b5affd6f1c3c85911ca4b384e790?s=96&d=mm&r=g","contentUrl":"https:\/\/secure.gravatar.com\/avatar\/b67e614b1b25b3e9c0c239efdd2fde5ab015b5affd6f1c3c85911ca4b384e790?s=96&d=mm&r=g","caption":"Author"},"sameAs":["http:\/\/vof-news.eu"],"url":"https:\/\/vof-news.eu\/es\/author\/zwt6qxnjulxbnyg\/"}]}},"yoast_meta":{"yoast_wpseo_title":"","yoast_wpseo_metadesc":"","yoast_wpseo_canonical":""},"_links":{"self":[{"href":"https:\/\/vof-news.eu\/es\/wp-json\/wp\/v2\/posts\/321620","targetHints":{"allow":["GET"]}}],"collection":[{"href":"https:\/\/vof-news.eu\/es\/wp-json\/wp\/v2\/posts"}],"about":[{"href":"https:\/\/vof-news.eu\/es\/wp-json\/wp\/v2\/types\/post"}],"author":[{"embeddable":true,"href":"https:\/\/vof-news.eu\/es\/wp-json\/wp\/v2\/users\/1"}],"replies":[{"embeddable":true,"href":"https:\/\/vof-news.eu\/es\/wp-json\/wp\/v2\/comments?post=321620"}],"version-history":[{"count":1,"href":"https:\/\/vof-news.eu\/es\/wp-json\/wp\/v2\/posts\/321620\/revisions"}],"predecessor-version":[{"id":321627,"href":"https:\/\/vof-news.eu\/es\/wp-json\/wp\/v2\/posts\/321620\/revisions\/321627"}],"wp:featuredmedia":[{"embeddable":true,"href":"https:\/\/vof-news.eu\/es\/wp-json\/wp\/v2\/media\/321621"}],"wp:attachment":[{"href":"https:\/\/vof-news.eu\/es\/wp-json\/wp\/v2\/media?parent=321620"}],"wp:term":[{"taxonomy":"category","embeddable":true,"href":"https:\/\/vof-news.eu\/es\/wp-json\/wp\/v2\/categories?post=321620"},{"taxonomy":"post_tag","embeddable":true,"href":"https:\/\/vof-news.eu\/es\/wp-json\/wp\/v2\/tags?post=321620"}],"curies":[{"name":"wp","href":"https:\/\/api.w.org\/{rel}","templated":true}]}}