{"id":321605,"date":"2026-01-29T17:22:45","date_gmt":"2026-01-29T14:22:45","guid":{"rendered":"https:\/\/vof-news.eu\/este-es-el-modelo-que-pymes-y-autonomos-tienen-que-presentar-a-hacienda-el-proximo-mes-pero-que-tiene-los-dias-contados\/"},"modified":"2026-01-29T17:23:38","modified_gmt":"2026-01-29T14:23:38","slug":"este-es-el-modelo-que-pymes-y-autonomos-tienen-que-presentar-a-hacienda-el-proximo-mes-pero-que-tiene-los-dias-contados","status":"publish","type":"post","link":"https:\/\/vof-news.eu\/es\/este-es-el-modelo-que-pymes-y-autonomos-tienen-que-presentar-a-hacienda-el-proximo-mes-pero-que-tiene-los-dias-contados\/","title":{"rendered":"Este es el modelo que pymes y aut\u00f3nomos tienen que presentar a Hacienda el pr\u00f3ximo mes pero que tiene los d\u00edas contados"},"content":{"rendered":"<div>\n<p>\n        El inminente mes de febrero marca una cita ineludible para el tejido empresarial con la presentaci\u00f3n del <strong>modelo 347<\/strong> ante la <a href=\"https:\/\/www.eldiario.es\/temas\/agencia-tributaria\/\" rel=\"nofollow\">Agencia Tributaria<\/a>. Y es que este documento, que deben presentar durante el pr\u00f3ximo mes pymes y aut\u00f3nomos, supone una declaraci\u00f3n anual informativa que recopila las operaciones con terceras personas que superaron los <strong>3.005,06 euros<\/strong> durante el pasado ejercicio econ\u00f3mico. Para <strong>pymes y aut\u00f3nomos<\/strong>, este tr\u00e1mite supone un ejercicio de transparencia fundamental para el control del impuesto sobre el valor a\u00f1adido y sociedades. Aunque no implica un pago directo, su relevancia reside en el cruce masivo de informaci\u00f3n que realiza la administraci\u00f3n p\u00fablica.\u00a0\n    <\/p>\n<p>\n        En otras palabras, el <strong>modelo 347<\/strong> es un mecanismo dise\u00f1ado para detectar discrepancias entre lo que declara un proveedor y lo que comunica su cliente. Sin embargo, este cl\u00e1sico del calendario fiscal se encuentra en una etapa de transici\u00f3n hacia su desaparici\u00f3n definitiva. La digitalizaci\u00f3n de la hacienda p\u00fablica est\u00e1 transformando la manera en que se recogen los datos econ\u00f3micos. El objetivo final es alcanzar una visibilidad total de las transacciones comerciales en un tiempo pr\u00e1cticamente real.\n    <\/p>\n<p>\n        A trav\u00e9s de la campa\u00f1a informativa de <a href=\"https:\/\/www.eldiario.es\/temas\/hacienda\/\" rel=\"nofollow\">Hacienda<\/a> respecto al ejercicio de <strong>2025<\/strong>, cualquier pyme o aut\u00f3nomo puede conocer que se ha establecido que el plazo se extienda excepcionalmente hasta el lunes 2 de marzo. Esto se debe a que el \u00faltimo d\u00eda de febrero cae en s\u00e1bado, lo que obliga a desplazar el vencimiento. Pero son muchos los asesores que no dejan de recomendar que los contribuyentes no dejen para el \u00faltimo momento la generaci\u00f3n de este fichero telem\u00e1tico obligatorio. Cualquier fallo t\u00e9cnico en los d\u00edas finales podr\u00eda comprometer el cumplimiento de esta obligaci\u00f3n administrativa. La presentaci\u00f3n debe realizarse exclusivamente por v\u00eda electr\u00f3nica a trav\u00e9s de la sede de la <a href=\"https:\/\/www.eldiario.es\/temas\/agencia-tributaria\/\" rel=\"nofollow\">Agencia Tributaria<\/a>.\u00a0\n    <\/p>\n<p>\n        A la hora de ejecutar esta gesti\u00f3n, tanto aut\u00f3nomos como peque\u00f1as y medianas empresas deben asegurarse de tener sus certificados digitales vigentes y listos para operar. Una correcta planificaci\u00f3n en estas fechas evita las prisas y los errores comunes de \u00faltima hora. <strong>El umbral de los 3.005,06 euros<\/strong>, recuerda Hacienda, es la cifra que activa la obligaci\u00f3n de declarar. Este importe debe calcularse incluyendo siempre el impuesto sobre el valor a\u00f1adido para determinar si se alcanza el l\u00edmite. Se deben computar todas las entregas de bienes y prestaciones de servicios realizadas con una misma persona o entidad. Es importante recordar que el modelo exige ahora un desglose de la informaci\u00f3n con car\u00e1cter general de forma trimestral.\u00a0\n    <\/p>\n<p>\n        Existen excepciones para ciertas entidades como las comunidades de propietarios que informan sobre una base de c\u00f3mputo anual. El c\u00e1lculo correcto de estas cuant\u00edas es el primer paso para una declaraci\u00f3n exitosa y sin sobresaltos. Los anticipos de clientes y pagos a proveedores tambi\u00e9n deben integrarse en el momento en que se producen. La precisi\u00f3n en estas cifras es lo que permite que el sistema de cruce de datos que busca Hacienda funcione.\n    <\/p>\n<p>\n        A pesar de su larga trayectoria, el <strong>modelo 347<\/strong> ya ha comenzado a desaparecer para ciertos perfiles. Los sujetos pasivos inscritos en el registro de devoluci\u00f3n mensual o acogidos al suministro inmediato de informaci\u00f3n est\u00e1n exentos. Esto ocurre porque la administraci\u00f3n ya dispone de sus libros registro de facturas de manera casi instant\u00e1nea. Al recibir la informaci\u00f3n de forma diaria o semanal, el resumen anual de febrero resulta redundante para <a href=\"https:\/\/www.eldiario.es\/temas\/hacienda\/\" rel=\"nofollow\">Hacienda<\/a>. Esta es la primera se\u00f1al clara del camino que seguir\u00e1 el resto de los contribuyentes espa\u00f1oles pr\u00f3ximamente. La tendencia es que la declaraci\u00f3n informativa deje de existir a medida que el sistema absorba m\u00e1s perfiles. La eficiencia administrativa busca eliminar duplicidades que solo generan carga burocr\u00e1tica innecesaria para las peque\u00f1as y medianas empresas. Por ahora, quienes no est\u00e1n en estos sistemas especiales deben seguir cumpliendo con el tr\u00e1mite tradicional.\n    <\/p>\n<p>\n        La implementaci\u00f3n de la factura electr\u00f3nica obligatoria entre empresas y el reglamento de sistemas estables es el cambio definitivo. Con la llegada de herramientas como <strong>VeriFactu<\/strong>, la <a href=\"https:\/\/www.eldiario.es\/temas\/agencia-tributaria\/\" rel=\"nofollow\">Agencia Tributaria<\/a> tendr\u00e1 una visibilidad inmediata de cada operaci\u00f3n comercial. Esta normativa exige una coherencia total entre lo que se factura y lo que se declara en tiempo real. En este nuevo escenario digital, y seg\u00fan explican desde consultoras como Esofitec, obligadas a estar al d\u00eda de las actualizaciones normativas, \u201ccon el tiempo se espera que exista la obligatoriedad de pasar todos los registros de facturaci\u00f3n de forma inmediata a Hacienda, por tanto, los modelos informativos anuales perder\u00e1n su raz\u00f3n de ser como herramientas de control\u201d. Ser\u00e1 entonces cuando Hacienda ya no necesitar\u00e1 esperar a febrero para conocer el volumen de negocio con un tercero.\u00a0\n    <\/p>\n<p>\n        La contabilidad, por lo tanto, pasar\u00e1 a ser una gesti\u00f3n de datos en vivo que alimentar\u00e1 directamente las bases de datos oficiales. Esto supone un reto de adaptaci\u00f3n tecnol\u00f3gica enorme para muchos aut\u00f3nomos y empresas de peque\u00f1o tama\u00f1o. Sin embargo, la promesa es una <strong>simplificaci\u00f3n futura<\/strong> que eliminar\u00e1 declaraciones que hoy quitan mucho tiempo. Desde Esofitec, adem\u00e1s, aseguran que la digitalizaci\u00f3n del tejido empresarial viene marcada desde Europa, que ya prev\u00e9 la reforma del sistema com\u00fan europeo del IVA en un proyecto m\u00e1s amplio, que lleva por nombre \u201cViDA\u201d.\n    <\/p>\n<p>\n        La conciliaci\u00f3n previa de los datos con clientes y proveedores es la tarea m\u00e1s cr\u00edtica de estos d\u00edas. Por ejemplo, es habitual encontrar discrepancias temporales cuando una factura se emite a finales de un trimestre espec\u00edfico. El proveedor puede declararla en el primer trimestre, mientras que el cliente la registra en el segundo. Hacienda acepta estas diferencias siempre que el importe anual total coincida entre ambas partes de la transacci\u00f3n. Por ello, muchas empresas env\u00edan <strong>borradores o cartas de confirmaci\u00f3n de saldos<\/strong> antes de cerrar el modelo. El uso de programas de contabilidad actualizados facilita enormemente este proceso de comprobaci\u00f3n y validaci\u00f3n. Automatizar la identificaci\u00f3n de los terceros que superan el l\u00edmite legal reduce dr\u00e1sticamente el riesgo de olvidos. Una buena gesti\u00f3n contable diaria es la mejor defensa ante los requerimientos de informaci\u00f3n del fisco.\n    <\/p>\n<h2>Multas por errores u omisiones<\/h2>\n<p>\n        No todos los pagos y cobros forman parte de esta <strong>compleja declaraci\u00f3n informativa<\/strong>. Las cantidades percibidas en met\u00e1lico que superen los seis mil euros anuales tienen un tratamiento diferenciado. Tambi\u00e9n se deben segregar las operaciones relativas a transmisiones de inmuebles sujetos al impuesto sobre el valor a\u00f1adido. Las subvenciones y ayudas p\u00fablicas no reintegrables son otro elemento que a menudo se olvida declarar incorrectamente. Por el contrario, existen exclusiones como los suministros de energ\u00eda o agua para uso comunitario en propiedades horizontales. Tampoco deben incluirse operaciones que ya hayan sido informadas en otros modelos fiscales durante el a\u00f1o. Por ejemplo, los alquileres de locales con retenci\u00f3n o las operaciones intracomunitarias tienen sus propios canales.\u00a0\n    <\/p>\n<p>\n        El <strong>r\u00e9gimen sancionador<\/strong> por errores u omisiones en este modelo informativo es riguroso y puede ser costoso. La normativa establece multas de 20 euros por cada dato que sea incorrecto o est\u00e9 incompleto. Existe un m\u00ednimo de 300 euros que se aplica incluso si el error afecta a pocos registros. En los casos m\u00e1s graves de omisi\u00f3n masiva, las sanciones pueden escalar hasta los 20.000 euros. Incluso la presentaci\u00f3n fuera de plazo sin que haya un requerimiento previo conlleva una penalizaci\u00f3n econ\u00f3mica. Cada cliente o proveedor que no figure correctamente se considera un dato independiente a efectos de la sanci\u00f3n. Estos riesgos financieros justifican sobradamente la inversi\u00f3n en herramientas tecnol\u00f3gicas y asesoramiento profesional de calidad. En cualquier caso, la transici\u00f3n hacia una fiscalidad digital y conectada es un proceso imparable que ganar\u00e1 velocidad pronto, en detrimento de documentos como el mencionado <strong>modelo 347<\/strong>. Un cambio que pymes y aut\u00f3nomos deben ver como una oportunidad para profesionalizar su gesti\u00f3n y contabilidad.\u00a0\n    <\/p>\n<\/div>\n","protected":false},"excerpt":{"rendered":"<p>El inminente mes de febrero marca una cita ineludible para el tejido empresarial con la presentaci\u00f3n del modelo 347 ante la Agencia Tributaria. Y es que este documento, que deben presentar durante el pr\u00f3ximo mes pymes y aut\u00f3nomos, supone una declaraci\u00f3n anual informativa que recopila las operaciones con terceras personas que superaron los 3.005,06 euros<\/p>\n","protected":false},"author":1,"featured_media":321606,"comment_status":"open","ping_status":"open","sticky":false,"template":"","format":"standard","meta":{"footnotes":""},"categories":[61],"tags":[],"class_list":["post-321605","post","type-post","status-publish","format-standard","has-post-thumbnail","hentry","category-business-es"],"acf":[],"yoast_head":"<!-- This site is optimized with the Yoast SEO plugin v22.9 - https:\/\/yoast.com\/wordpress\/plugins\/seo\/ -->\n<title>Este es el modelo que pymes y aut\u00f3nomos tienen que presentar a Hacienda el pr\u00f3ximo mes pero que tiene los d\u00edas contados - vof-news.eu<\/title>\n<meta name=\"description\" content=\"El inminente mes de febrero marca una cita ineludible para el tejido empresarial con la presentaci\u00f3n del modelo 347 ante la Agencia Tributaria. Y es que este documento, que deben presentar durante el pr\u00f3ximo mes pymes y aut\u00f3nomos, supone una declaraci\u00f3n anual informativa que recopila las operaciones con terceras personas que superaron los 3.005,06 euros durante el pasado ejercicio econ\u00f3mico. Para pymes y aut\u00f3nomos, este tr\u00e1mite supone un ejercicio de transparencia fundamental para el control del impuesto sobre el valor a\u00f1adido y sociedades. Aunque no implica un pago directo, su relevancia reside en el cruce masivo de informaci\u00f3n que realiza la administraci\u00f3n p\u00fablica.\u00a0\" \/>\n<meta name=\"robots\" content=\"noindex, follow, max-snippet:-1, max-image-preview:large, max-video-preview:-1\" \/>\n<meta property=\"og:locale\" content=\"es_ES\" \/>\n<meta property=\"og:type\" content=\"article\" \/>\n<meta property=\"og:title\" content=\"Este es el modelo que pymes y aut\u00f3nomos tienen que presentar a Hacienda el pr\u00f3ximo mes pero que tiene los d\u00edas contados - vof-news.eu\" \/>\n<meta property=\"og:description\" content=\"El inminente mes de febrero marca una cita ineludible para el tejido empresarial con la presentaci\u00f3n del modelo 347 ante la Agencia Tributaria. Y es que este documento, que deben presentar durante el pr\u00f3ximo mes pymes y aut\u00f3nomos, supone una declaraci\u00f3n anual informativa que recopila las operaciones con terceras personas que superaron los 3.005,06 euros durante el pasado ejercicio econ\u00f3mico. Para pymes y aut\u00f3nomos, este tr\u00e1mite supone un ejercicio de transparencia fundamental para el control del impuesto sobre el valor a\u00f1adido y sociedades. Aunque no implica un pago directo, su relevancia reside en el cruce masivo de informaci\u00f3n que realiza la administraci\u00f3n p\u00fablica.\u00a0\" \/>\n<meta property=\"og:url\" content=\"https:\/\/vof-news.eu\/es\/este-es-el-modelo-que-pymes-y-autonomos-tienen-que-presentar-a-hacienda-el-proximo-mes-pero-que-tiene-los-dias-contados\/\" \/>\n<meta property=\"og:site_name\" content=\"vof-news.eu\" \/>\n<meta property=\"article:published_time\" content=\"2026-01-29T14:22:45+00:00\" \/>\n<meta property=\"article:modified_time\" content=\"2026-01-29T14:23:38+00:00\" \/>\n<meta property=\"og:image\" content=\"https:\/\/vof-news.eu\/wp-content\/uploads\/2026\/01\/5edd853f-86c6-42bb-83be-7167df24969f_16-9-discover-aspect-ratio_default_0.jpg\" \/>\n\t<meta property=\"og:image:width\" content=\"1200\" \/>\n\t<meta property=\"og:image:height\" content=\"675\" \/>\n\t<meta property=\"og:image:type\" content=\"image\/jpeg\" \/>\n<meta name=\"author\" content=\"Author\" \/>\n<meta name=\"twitter:card\" content=\"summary_large_image\" \/>\n<meta name=\"twitter:label1\" content=\"Escrito por\" \/>\n\t<meta name=\"twitter:data1\" content=\"Author\" \/>\n\t<meta name=\"twitter:label2\" content=\"Tiempo de lectura\" \/>\n\t<meta name=\"twitter:data2\" content=\"7 minutos\" \/>\n<script type=\"application\/ld+json\" class=\"yoast-schema-graph\">{\"@context\":\"https:\/\/schema.org\",\"@graph\":[{\"@type\":\"WebPage\",\"@id\":\"https:\/\/vof-news.eu\/es\/este-es-el-modelo-que-pymes-y-autonomos-tienen-que-presentar-a-hacienda-el-proximo-mes-pero-que-tiene-los-dias-contados\/\",\"url\":\"https:\/\/vof-news.eu\/es\/este-es-el-modelo-que-pymes-y-autonomos-tienen-que-presentar-a-hacienda-el-proximo-mes-pero-que-tiene-los-dias-contados\/\",\"name\":\"Este es el modelo que pymes y aut\u00f3nomos tienen que presentar a Hacienda el pr\u00f3ximo mes pero que tiene los d\u00edas contados - vof-news.eu\",\"isPartOf\":{\"@id\":\"https:\/\/vof-news.eu\/es\/#website\"},\"primaryImageOfPage\":{\"@id\":\"https:\/\/vof-news.eu\/es\/este-es-el-modelo-que-pymes-y-autonomos-tienen-que-presentar-a-hacienda-el-proximo-mes-pero-que-tiene-los-dias-contados\/#primaryimage\"},\"image\":{\"@id\":\"https:\/\/vof-news.eu\/es\/este-es-el-modelo-que-pymes-y-autonomos-tienen-que-presentar-a-hacienda-el-proximo-mes-pero-que-tiene-los-dias-contados\/#primaryimage\"},\"thumbnailUrl\":\"https:\/\/vof-news.eu\/wp-content\/uploads\/2026\/01\/5edd853f-86c6-42bb-83be-7167df24969f_16-9-discover-aspect-ratio_default_0.jpg\",\"datePublished\":\"2026-01-29T14:22:45+00:00\",\"dateModified\":\"2026-01-29T14:23:38+00:00\",\"author\":{\"@id\":\"https:\/\/vof-news.eu\/es\/#\/schema\/person\/f6a2a4309f0561835797fd8c19b333ed\"},\"description\":\"El inminente mes de febrero marca una cita ineludible para el tejido empresarial con la presentaci\u00f3n del modelo 347 ante la Agencia Tributaria. Y es que este documento, que deben presentar durante el pr\u00f3ximo mes pymes y aut\u00f3nomos, supone una declaraci\u00f3n anual informativa que recopila las operaciones con terceras personas que superaron los 3.005,06 euros durante el pasado ejercicio econ\u00f3mico. Para pymes y aut\u00f3nomos, este tr\u00e1mite supone un ejercicio de transparencia fundamental para el control del impuesto sobre el valor a\u00f1adido y sociedades. Aunque no implica un pago directo, su relevancia reside en el cruce masivo de informaci\u00f3n que realiza la administraci\u00f3n p\u00fablica.\u00a0\",\"breadcrumb\":{\"@id\":\"https:\/\/vof-news.eu\/es\/este-es-el-modelo-que-pymes-y-autonomos-tienen-que-presentar-a-hacienda-el-proximo-mes-pero-que-tiene-los-dias-contados\/#breadcrumb\"},\"inLanguage\":\"es\",\"potentialAction\":[{\"@type\":\"ReadAction\",\"target\":[\"https:\/\/vof-news.eu\/es\/este-es-el-modelo-que-pymes-y-autonomos-tienen-que-presentar-a-hacienda-el-proximo-mes-pero-que-tiene-los-dias-contados\/\"]}]},{\"@type\":\"ImageObject\",\"inLanguage\":\"es\",\"@id\":\"https:\/\/vof-news.eu\/es\/este-es-el-modelo-que-pymes-y-autonomos-tienen-que-presentar-a-hacienda-el-proximo-mes-pero-que-tiene-los-dias-contados\/#primaryimage\",\"url\":\"https:\/\/vof-news.eu\/wp-content\/uploads\/2026\/01\/5edd853f-86c6-42bb-83be-7167df24969f_16-9-discover-aspect-ratio_default_0.jpg\",\"contentUrl\":\"https:\/\/vof-news.eu\/wp-content\/uploads\/2026\/01\/5edd853f-86c6-42bb-83be-7167df24969f_16-9-discover-aspect-ratio_default_0.jpg\",\"width\":1200,\"height\":675},{\"@type\":\"BreadcrumbList\",\"@id\":\"https:\/\/vof-news.eu\/es\/este-es-el-modelo-que-pymes-y-autonomos-tienen-que-presentar-a-hacienda-el-proximo-mes-pero-que-tiene-los-dias-contados\/#breadcrumb\",\"itemListElement\":[{\"@type\":\"ListItem\",\"position\":1,\"name\":\"Home\",\"item\":\"https:\/\/vof-news.eu\/es\/\"},{\"@type\":\"ListItem\",\"position\":2,\"name\":\"Este es el modelo que pymes y aut\u00f3nomos tienen que presentar a Hacienda el pr\u00f3ximo mes pero que tiene los d\u00edas contados\"}]},{\"@type\":\"WebSite\",\"@id\":\"https:\/\/vof-news.eu\/es\/#website\",\"url\":\"https:\/\/vof-news.eu\/es\/\",\"name\":\"vof-news.eu\",\"description\":\"\",\"potentialAction\":[{\"@type\":\"SearchAction\",\"target\":{\"@type\":\"EntryPoint\",\"urlTemplate\":\"https:\/\/vof-news.eu\/es\/?s={search_term_string}\"},\"query-input\":\"required name=search_term_string\"}],\"inLanguage\":\"es\"},{\"@type\":\"Person\",\"@id\":\"https:\/\/vof-news.eu\/es\/#\/schema\/person\/f6a2a4309f0561835797fd8c19b333ed\",\"name\":\"Author\",\"image\":{\"@type\":\"ImageObject\",\"inLanguage\":\"es\",\"@id\":\"https:\/\/vof-news.eu\/es\/#\/schema\/person\/image\/\",\"url\":\"https:\/\/secure.gravatar.com\/avatar\/b67e614b1b25b3e9c0c239efdd2fde5ab015b5affd6f1c3c85911ca4b384e790?s=96&d=mm&r=g\",\"contentUrl\":\"https:\/\/secure.gravatar.com\/avatar\/b67e614b1b25b3e9c0c239efdd2fde5ab015b5affd6f1c3c85911ca4b384e790?s=96&d=mm&r=g\",\"caption\":\"Author\"},\"sameAs\":[\"http:\/\/vof-news.eu\"],\"url\":\"https:\/\/vof-news.eu\/es\/author\/zwt6qxnjulxbnyg\/\"}]}<\/script>\n<!-- \/ Yoast SEO plugin. -->","yoast_head_json":{"title":"Este es el modelo que pymes y aut\u00f3nomos tienen que presentar a Hacienda el pr\u00f3ximo mes pero que tiene los d\u00edas contados - vof-news.eu","description":"El inminente mes de febrero marca una cita ineludible para el tejido empresarial con la presentaci\u00f3n del modelo 347 ante la Agencia Tributaria. Y es que este documento, que deben presentar durante el pr\u00f3ximo mes pymes y aut\u00f3nomos, supone una declaraci\u00f3n anual informativa que recopila las operaciones con terceras personas que superaron los 3.005,06 euros durante el pasado ejercicio econ\u00f3mico. Para pymes y aut\u00f3nomos, este tr\u00e1mite supone un ejercicio de transparencia fundamental para el control del impuesto sobre el valor a\u00f1adido y sociedades. Aunque no implica un pago directo, su relevancia reside en el cruce masivo de informaci\u00f3n que realiza la administraci\u00f3n p\u00fablica.\u00a0","robots":{"index":"noindex","follow":"follow","max-snippet":"max-snippet:-1","max-image-preview":"max-image-preview:large","max-video-preview":"max-video-preview:-1"},"og_locale":"es_ES","og_type":"article","og_title":"Este es el modelo que pymes y aut\u00f3nomos tienen que presentar a Hacienda el pr\u00f3ximo mes pero que tiene los d\u00edas contados - vof-news.eu","og_description":"El inminente mes de febrero marca una cita ineludible para el tejido empresarial con la presentaci\u00f3n del modelo 347 ante la Agencia Tributaria. Y es que este documento, que deben presentar durante el pr\u00f3ximo mes pymes y aut\u00f3nomos, supone una declaraci\u00f3n anual informativa que recopila las operaciones con terceras personas que superaron los 3.005,06 euros durante el pasado ejercicio econ\u00f3mico. Para pymes y aut\u00f3nomos, este tr\u00e1mite supone un ejercicio de transparencia fundamental para el control del impuesto sobre el valor a\u00f1adido y sociedades. Aunque no implica un pago directo, su relevancia reside en el cruce masivo de informaci\u00f3n que realiza la administraci\u00f3n p\u00fablica.\u00a0","og_url":"https:\/\/vof-news.eu\/es\/este-es-el-modelo-que-pymes-y-autonomos-tienen-que-presentar-a-hacienda-el-proximo-mes-pero-que-tiene-los-dias-contados\/","og_site_name":"vof-news.eu","article_published_time":"2026-01-29T14:22:45+00:00","article_modified_time":"2026-01-29T14:23:38+00:00","og_image":[{"width":1200,"height":675,"url":"https:\/\/vof-news.eu\/wp-content\/uploads\/2026\/01\/5edd853f-86c6-42bb-83be-7167df24969f_16-9-discover-aspect-ratio_default_0.jpg","type":"image\/jpeg"}],"author":"Author","twitter_card":"summary_large_image","twitter_misc":{"Escrito por":"Author","Tiempo de lectura":"7 minutos"},"schema":{"@context":"https:\/\/schema.org","@graph":[{"@type":"WebPage","@id":"https:\/\/vof-news.eu\/es\/este-es-el-modelo-que-pymes-y-autonomos-tienen-que-presentar-a-hacienda-el-proximo-mes-pero-que-tiene-los-dias-contados\/","url":"https:\/\/vof-news.eu\/es\/este-es-el-modelo-que-pymes-y-autonomos-tienen-que-presentar-a-hacienda-el-proximo-mes-pero-que-tiene-los-dias-contados\/","name":"Este es el modelo que pymes y aut\u00f3nomos tienen que presentar a Hacienda el pr\u00f3ximo mes pero que tiene los d\u00edas contados - vof-news.eu","isPartOf":{"@id":"https:\/\/vof-news.eu\/es\/#website"},"primaryImageOfPage":{"@id":"https:\/\/vof-news.eu\/es\/este-es-el-modelo-que-pymes-y-autonomos-tienen-que-presentar-a-hacienda-el-proximo-mes-pero-que-tiene-los-dias-contados\/#primaryimage"},"image":{"@id":"https:\/\/vof-news.eu\/es\/este-es-el-modelo-que-pymes-y-autonomos-tienen-que-presentar-a-hacienda-el-proximo-mes-pero-que-tiene-los-dias-contados\/#primaryimage"},"thumbnailUrl":"https:\/\/vof-news.eu\/wp-content\/uploads\/2026\/01\/5edd853f-86c6-42bb-83be-7167df24969f_16-9-discover-aspect-ratio_default_0.jpg","datePublished":"2026-01-29T14:22:45+00:00","dateModified":"2026-01-29T14:23:38+00:00","author":{"@id":"https:\/\/vof-news.eu\/es\/#\/schema\/person\/f6a2a4309f0561835797fd8c19b333ed"},"description":"El inminente mes de febrero marca una cita ineludible para el tejido empresarial con la presentaci\u00f3n del modelo 347 ante la Agencia Tributaria. Y es que este documento, que deben presentar durante el pr\u00f3ximo mes pymes y aut\u00f3nomos, supone una declaraci\u00f3n anual informativa que recopila las operaciones con terceras personas que superaron los 3.005,06 euros durante el pasado ejercicio econ\u00f3mico. Para pymes y aut\u00f3nomos, este tr\u00e1mite supone un ejercicio de transparencia fundamental para el control del impuesto sobre el valor a\u00f1adido y sociedades. Aunque no implica un pago directo, su relevancia reside en el cruce masivo de informaci\u00f3n que realiza la administraci\u00f3n p\u00fablica.\u00a0","breadcrumb":{"@id":"https:\/\/vof-news.eu\/es\/este-es-el-modelo-que-pymes-y-autonomos-tienen-que-presentar-a-hacienda-el-proximo-mes-pero-que-tiene-los-dias-contados\/#breadcrumb"},"inLanguage":"es","potentialAction":[{"@type":"ReadAction","target":["https:\/\/vof-news.eu\/es\/este-es-el-modelo-que-pymes-y-autonomos-tienen-que-presentar-a-hacienda-el-proximo-mes-pero-que-tiene-los-dias-contados\/"]}]},{"@type":"ImageObject","inLanguage":"es","@id":"https:\/\/vof-news.eu\/es\/este-es-el-modelo-que-pymes-y-autonomos-tienen-que-presentar-a-hacienda-el-proximo-mes-pero-que-tiene-los-dias-contados\/#primaryimage","url":"https:\/\/vof-news.eu\/wp-content\/uploads\/2026\/01\/5edd853f-86c6-42bb-83be-7167df24969f_16-9-discover-aspect-ratio_default_0.jpg","contentUrl":"https:\/\/vof-news.eu\/wp-content\/uploads\/2026\/01\/5edd853f-86c6-42bb-83be-7167df24969f_16-9-discover-aspect-ratio_default_0.jpg","width":1200,"height":675},{"@type":"BreadcrumbList","@id":"https:\/\/vof-news.eu\/es\/este-es-el-modelo-que-pymes-y-autonomos-tienen-que-presentar-a-hacienda-el-proximo-mes-pero-que-tiene-los-dias-contados\/#breadcrumb","itemListElement":[{"@type":"ListItem","position":1,"name":"Home","item":"https:\/\/vof-news.eu\/es\/"},{"@type":"ListItem","position":2,"name":"Este es el modelo que pymes y aut\u00f3nomos tienen que presentar a Hacienda el pr\u00f3ximo mes pero que tiene los d\u00edas contados"}]},{"@type":"WebSite","@id":"https:\/\/vof-news.eu\/es\/#website","url":"https:\/\/vof-news.eu\/es\/","name":"vof-news.eu","description":"","potentialAction":[{"@type":"SearchAction","target":{"@type":"EntryPoint","urlTemplate":"https:\/\/vof-news.eu\/es\/?s={search_term_string}"},"query-input":"required name=search_term_string"}],"inLanguage":"es"},{"@type":"Person","@id":"https:\/\/vof-news.eu\/es\/#\/schema\/person\/f6a2a4309f0561835797fd8c19b333ed","name":"Author","image":{"@type":"ImageObject","inLanguage":"es","@id":"https:\/\/vof-news.eu\/es\/#\/schema\/person\/image\/","url":"https:\/\/secure.gravatar.com\/avatar\/b67e614b1b25b3e9c0c239efdd2fde5ab015b5affd6f1c3c85911ca4b384e790?s=96&d=mm&r=g","contentUrl":"https:\/\/secure.gravatar.com\/avatar\/b67e614b1b25b3e9c0c239efdd2fde5ab015b5affd6f1c3c85911ca4b384e790?s=96&d=mm&r=g","caption":"Author"},"sameAs":["http:\/\/vof-news.eu"],"url":"https:\/\/vof-news.eu\/es\/author\/zwt6qxnjulxbnyg\/"}]}},"yoast_meta":{"yoast_wpseo_title":"","yoast_wpseo_metadesc":"","yoast_wpseo_canonical":""},"_links":{"self":[{"href":"https:\/\/vof-news.eu\/es\/wp-json\/wp\/v2\/posts\/321605","targetHints":{"allow":["GET"]}}],"collection":[{"href":"https:\/\/vof-news.eu\/es\/wp-json\/wp\/v2\/posts"}],"about":[{"href":"https:\/\/vof-news.eu\/es\/wp-json\/wp\/v2\/types\/post"}],"author":[{"embeddable":true,"href":"https:\/\/vof-news.eu\/es\/wp-json\/wp\/v2\/users\/1"}],"replies":[{"embeddable":true,"href":"https:\/\/vof-news.eu\/es\/wp-json\/wp\/v2\/comments?post=321605"}],"version-history":[{"count":1,"href":"https:\/\/vof-news.eu\/es\/wp-json\/wp\/v2\/posts\/321605\/revisions"}],"predecessor-version":[{"id":321612,"href":"https:\/\/vof-news.eu\/es\/wp-json\/wp\/v2\/posts\/321605\/revisions\/321612"}],"wp:featuredmedia":[{"embeddable":true,"href":"https:\/\/vof-news.eu\/es\/wp-json\/wp\/v2\/media\/321606"}],"wp:attachment":[{"href":"https:\/\/vof-news.eu\/es\/wp-json\/wp\/v2\/media?parent=321605"}],"wp:term":[{"taxonomy":"category","embeddable":true,"href":"https:\/\/vof-news.eu\/es\/wp-json\/wp\/v2\/categories?post=321605"},{"taxonomy":"post_tag","embeddable":true,"href":"https:\/\/vof-news.eu\/es\/wp-json\/wp\/v2\/tags?post=321605"}],"curies":[{"name":"wp","href":"https:\/\/api.w.org\/{rel}","templated":true}]}}